{"id":69912,"date":"2021-02-03T16:06:22","date_gmt":"2021-02-03T22:06:22","guid":{"rendered":"https:\/\/www.yucatanencorto.com\/noticias\/?p=69912"},"modified":"2021-02-03T16:06:22","modified_gmt":"2021-02-03T22:06:22","slug":"fallas-en-plataforma-reflejan-entusiasmo-adultos-para-vacunarse-portal-para-el-registro-sigue-saturado","status":"publish","type":"post","link":"https:\/\/www.yucatanencorto.com\/noticias\/fallas-en-plataforma-reflejan-entusiasmo-adultos-para-vacunarse-portal-para-el-registro-sigue-saturado\/","title":{"rendered":"\u2018Fallas en plataforma reflejan entusiasmo adultos para vacunarse\u2019: Portal para el registro sigue saturado"},"content":{"rendered":"<p class=\"letter-capitular\"><img loading=\"lazy\" decoding=\"async\" class=\"alignnone size-full wp-image-69913\" src=\"https:\/\/www.yucatanencorto.com\/noticias\/wp-content\/uploads\/2021\/02\/WhatsApp_Image_2021_02_02_at_16_47_41-331737-scaled.jpeg\" alt=\"\" width=\"768\" height=\"512\" srcset=\"https:\/\/www.yucatanencorto.com\/noticias\/wp-content\/uploads\/2021\/02\/WhatsApp_Image_2021_02_02_at_16_47_41-331737-scaled.jpeg 768w, https:\/\/www.yucatanencorto.com\/noticias\/wp-content\/uploads\/2021\/02\/WhatsApp_Image_2021_02_02_at_16_47_41-331737-696x464.jpeg 696w, https:\/\/www.yucatanencorto.com\/noticias\/wp-content\/uploads\/2021\/02\/WhatsApp_Image_2021_02_02_at_16_47_41-331737-1068x712.jpeg 1068w, https:\/\/www.yucatanencorto.com\/noticias\/wp-content\/uploads\/2021\/02\/WhatsApp_Image_2021_02_02_at_16_47_41-331737-630x420.jpeg 630w\" sizes=\"auto, (max-width: 768px) 100vw, 768px\" \/>En torno a las fallas que ha tenido la plataforma para registrar a adultos mayores que desean recibir vacunas contra Covid-19, el subsecretario de Salud, Hugo L\u00f3pez-Gatell, afirm\u00f3 que esto se debe al entusiasmo de la sociedad para ser inmunizada.<\/p>\n<p>El funcionario explic\u00f3 que el gobierno ya trabaja para resolver este problema en la p\u00e1gina web\u00a0<a href=\"https:\/\/mivacuna.salud.gob.mx\/\" target=\"_blank\" rel=\"dofollow noopener noreferrer\">https:\/\/mivacuna.salud.gob.mx\/<\/a>, mismo para el que se pusieron a disposici\u00f3n m\u00e1s servidores, ya que se trata de una falla de redireccionamiento.<\/p>\n<p>\u201cNos da mucho gusto que los adultos mayores est\u00e9n interesados en vacunarse. El orden de registro no es el orden de vacunaci\u00f3n (\u2026), el cual tiene una prioridad de acuerdo con un orden cient\u00edfico. Todos van a ser vacunados y les va a tocar\u201d, dijo.<\/p>\n<p>L\u00f3pez-Gatell detall\u00f3 que el orden de registro no garantiza la priorizaci\u00f3n de vacunaci\u00f3n, por lo que no importa si el llenado de datos se hace hoy, ma\u00f1ana o en las pr\u00f3ximas semanas, pero aclar\u00f3 que la vacuna contra SARS-CoV-2 se aplicar\u00e1 a todos.<\/p>\n<p>En el caso de quienes no cuentan con su CURP para registrarse, el funcionario sugiri\u00f3 obtenerla y posteriormente registrarse en la plataforma oficial.<\/p>\n<p>En el caso de las personas de la tercera edad que no pueden asistir a centros de vacunaci\u00f3n, el funcionario destac\u00f3 que ser\u00e1n las Brigadas Correcaminos las que las auxilien incluso al ir directamente a sus hogares.<\/p>\n<p>Destac\u00f3 adem\u00e1s que con este Plan Nacional de Vacunaci\u00f3n se lograr\u00e1 inmunizar, de manera gratuita, a 3 millones de adultos mayores de zonas rurales en una semana.<\/p>\n<p>\u00abEs un operativo hist\u00f3rico, monumental y va a ser gratuito y universal\u00bb, destac\u00f3.<\/p>\n<p>&nbsp;<\/p>\n<p>excelsior<\/p>\n","protected":false},"excerpt":{"rendered":"<p>En torno a las fallas que ha tenido la plataforma para registrar a adultos mayores que desean recibir vacunas contra Covid-19, el subsecretario de Salud, Hugo L\u00f3pez-Gatell, afirm\u00f3 que esto se debe al entusiasmo de la sociedad para ser inmunizada. El funcionario explic\u00f3 que el gobierno ya trabaja para resolver este problema en la p\u00e1gina [&hellip;]<\/p>\n","protected":false},"author":2,"featured_media":69913,"comment_status":"closed","ping_status":"closed","sticky":false,"template":"","format":"standard","meta":{"footnotes":""},"categories":[4,3],"tags":[],"class_list":{"0":"post-69912","1":"post","2":"type-post","3":"status-publish","4":"format-standard","5":"has-post-thumbnail","7":"category-mexico","8":"category-yucatan"},"yoast_head":"<!-- This site is optimized with the Yoast SEO plugin v27.4 - https:\/\/yoast.com\/product\/yoast-seo-wordpress\/ -->\n<title>\u2018Fallas en plataforma reflejan entusiasmo adultos para vacunarse\u2019: Portal para el registro sigue saturado - Yucat\u00e1n en corto<\/title>\n<meta name=\"robots\" content=\"index, follow, max-snippet:-1, max-image-preview:large, max-video-preview:-1\" \/>\n<link rel=\"canonical\" href=\"https:\/\/www.yucatanencorto.com\/noticias\/fallas-en-plataforma-reflejan-entusiasmo-adultos-para-vacunarse-portal-para-el-registro-sigue-saturado\/\" \/>\n<meta property=\"og:locale\" content=\"es_ES\" \/>\n<meta property=\"og:type\" content=\"article\" \/>\n<meta property=\"og:title\" content=\"\u2018Fallas en plataforma reflejan entusiasmo adultos para vacunarse\u2019: Portal para el registro sigue saturado - Yucat\u00e1n en corto\" \/>\n<meta property=\"og:description\" content=\"En torno a las fallas que ha tenido la plataforma para registrar a adultos mayores que desean recibir vacunas contra Covid-19, el subsecretario de Salud, Hugo L\u00f3pez-Gatell, afirm\u00f3 que esto se debe al entusiasmo de la sociedad para ser inmunizada. El funcionario explic\u00f3 que el gobierno ya trabaja para resolver este problema en la p\u00e1gina [&hellip;]\" \/>\n<meta property=\"og:url\" content=\"https:\/\/www.yucatanencorto.com\/noticias\/fallas-en-plataforma-reflejan-entusiasmo-adultos-para-vacunarse-portal-para-el-registro-sigue-saturado\/\" \/>\n<meta property=\"og:site_name\" content=\"Yucat\u00e1n en corto\" \/>\n<meta property=\"article:publisher\" content=\"http:\/\/www.facebook.com\/yucatanencorto\" \/>\n<meta property=\"article:published_time\" content=\"2021-02-03T22:06:22+00:00\" \/>\n<meta property=\"og:image\" content=\"https:\/\/www.yucatanencorto.com\/noticias\/wp-content\/uploads\/2021\/02\/WhatsApp_Image_2021_02_02_at_16_47_41-331737-scaled.jpeg\" \/>\n\t<meta property=\"og:image:width\" content=\"768\" \/>\n\t<meta property=\"og:image:height\" content=\"512\" \/>\n\t<meta property=\"og:image:type\" content=\"image\/jpeg\" \/>\n<meta name=\"author\" content=\"Yucat\u00e1n en Corto FC\" \/>\n<meta name=\"twitter:card\" content=\"summary_large_image\" \/>\n<meta name=\"twitter:creator\" content=\"@yucatanencorto\" \/>\n<meta name=\"twitter:site\" content=\"@yucatanencorto\" \/>\n<meta name=\"twitter:label1\" content=\"Escrito por\" \/>\n\t<meta name=\"twitter:data1\" content=\"Yucat\u00e1n en Corto FC\" \/>\n\t<meta name=\"twitter:label2\" content=\"Tiempo de lectura\" \/>\n\t<meta name=\"twitter:data2\" content=\"2 minutos\" \/>\n<script type=\"application\/ld+json\" class=\"yoast-schema-graph\">{\"@context\":\"https:\\\/\\\/schema.org\",\"@graph\":[{\"@type\":\"Article\",\"@id\":\"https:\\\/\\\/www.yucatanencorto.com\\\/noticias\\\/fallas-en-plataforma-reflejan-entusiasmo-adultos-para-vacunarse-portal-para-el-registro-sigue-saturado\\\/#article\",\"isPartOf\":{\"@id\":\"https:\\\/\\\/www.yucatanencorto.com\\\/noticias\\\/fallas-en-plataforma-reflejan-entusiasmo-adultos-para-vacunarse-portal-para-el-registro-sigue-saturado\\\/\"},\"author\":{\"name\":\"Yucat\u00e1n en Corto FC\",\"@id\":\"https:\\\/\\\/www.yucatanencorto.com\\\/noticias\\\/#\\\/schema\\\/person\\\/14f82d355225a1f4075dd84a31f45a72\"},\"headline\":\"\u2018Fallas en plataforma reflejan entusiasmo adultos para vacunarse\u2019: Portal para el registro sigue saturado\",\"datePublished\":\"2021-02-03T22:06:22+00:00\",\"mainEntityOfPage\":{\"@id\":\"https:\\\/\\\/www.yucatanencorto.com\\\/noticias\\\/fallas-en-plataforma-reflejan-entusiasmo-adultos-para-vacunarse-portal-para-el-registro-sigue-saturado\\\/\"},\"wordCount\":299,\"image\":{\"@id\":\"https:\\\/\\\/www.yucatanencorto.com\\\/noticias\\\/fallas-en-plataforma-reflejan-entusiasmo-adultos-para-vacunarse-portal-para-el-registro-sigue-saturado\\\/#primaryimage\"},\"thumbnailUrl\":\"https:\\\/\\\/www.yucatanencorto.com\\\/noticias\\\/wp-content\\\/uploads\\\/2021\\\/02\\\/WhatsApp_Image_2021_02_02_at_16_47_41-331737-scaled.jpeg\",\"articleSection\":[\"M\u00e9xico\",\"Yucat\u00e1n\"],\"inLanguage\":\"es\"},{\"@type\":\"WebPage\",\"@id\":\"https:\\\/\\\/www.yucatanencorto.com\\\/noticias\\\/fallas-en-plataforma-reflejan-entusiasmo-adultos-para-vacunarse-portal-para-el-registro-sigue-saturado\\\/\",\"url\":\"https:\\\/\\\/www.yucatanencorto.com\\\/noticias\\\/fallas-en-plataforma-reflejan-entusiasmo-adultos-para-vacunarse-portal-para-el-registro-sigue-saturado\\\/\",\"name\":\"\u2018Fallas en plataforma reflejan entusiasmo adultos para vacunarse\u2019: Portal para el registro sigue saturado - Yucat\u00e1n en corto\",\"isPartOf\":{\"@id\":\"https:\\\/\\\/www.yucatanencorto.com\\\/noticias\\\/#website\"},\"primaryImageOfPage\":{\"@id\":\"https:\\\/\\\/www.yucatanencorto.com\\\/noticias\\\/fallas-en-plataforma-reflejan-entusiasmo-adultos-para-vacunarse-portal-para-el-registro-sigue-saturado\\\/#primaryimage\"},\"image\":{\"@id\":\"https:\\\/\\\/www.yucatanencorto.com\\\/noticias\\\/fallas-en-plataforma-reflejan-entusiasmo-adultos-para-vacunarse-portal-para-el-registro-sigue-saturado\\\/#primaryimage\"},\"thumbnailUrl\":\"https:\\\/\\\/www.yucatanencorto.com\\\/noticias\\\/wp-content\\\/uploads\\\/2021\\\/02\\\/WhatsApp_Image_2021_02_02_at_16_47_41-331737-scaled.jpeg\",\"datePublished\":\"2021-02-03T22:06:22+00:00\",\"author\":{\"@id\":\"https:\\\/\\\/www.yucatanencorto.com\\\/noticias\\\/#\\\/schema\\\/person\\\/14f82d355225a1f4075dd84a31f45a72\"},\"breadcrumb\":{\"@id\":\"https:\\\/\\\/www.yucatanencorto.com\\\/noticias\\\/fallas-en-plataforma-reflejan-entusiasmo-adultos-para-vacunarse-portal-para-el-registro-sigue-saturado\\\/#breadcrumb\"},\"inLanguage\":\"es\",\"potentialAction\":[{\"@type\":\"ReadAction\",\"target\":[\"https:\\\/\\\/www.yucatanencorto.com\\\/noticias\\\/fallas-en-plataforma-reflejan-entusiasmo-adultos-para-vacunarse-portal-para-el-registro-sigue-saturado\\\/\"]}]},{\"@type\":\"ImageObject\",\"inLanguage\":\"es\",\"@id\":\"https:\\\/\\\/www.yucatanencorto.com\\\/noticias\\\/fallas-en-plataforma-reflejan-entusiasmo-adultos-para-vacunarse-portal-para-el-registro-sigue-saturado\\\/#primaryimage\",\"url\":\"https:\\\/\\\/www.yucatanencorto.com\\\/noticias\\\/wp-content\\\/uploads\\\/2021\\\/02\\\/WhatsApp_Image_2021_02_02_at_16_47_41-331737-scaled.jpeg\",\"contentUrl\":\"https:\\\/\\\/www.yucatanencorto.com\\\/noticias\\\/wp-content\\\/uploads\\\/2021\\\/02\\\/WhatsApp_Image_2021_02_02_at_16_47_41-331737-scaled.jpeg\",\"width\":768,\"height\":512},{\"@type\":\"BreadcrumbList\",\"@id\":\"https:\\\/\\\/www.yucatanencorto.com\\\/noticias\\\/fallas-en-plataforma-reflejan-entusiasmo-adultos-para-vacunarse-portal-para-el-registro-sigue-saturado\\\/#breadcrumb\",\"itemListElement\":[{\"@type\":\"ListItem\",\"position\":1,\"name\":\"Portada\",\"item\":\"https:\\\/\\\/www.yucatanencorto.com\\\/noticias\\\/\"},{\"@type\":\"ListItem\",\"position\":2,\"name\":\"\u2018Fallas en plataforma reflejan entusiasmo adultos para vacunarse\u2019: Portal para el registro sigue saturado\"}]},{\"@type\":\"WebSite\",\"@id\":\"https:\\\/\\\/www.yucatanencorto.com\\\/noticias\\\/#website\",\"url\":\"https:\\\/\\\/www.yucatanencorto.com\\\/noticias\\\/\",\"name\":\"Yucat\u00e1n en corto\",\"description\":\"Noticias\",\"potentialAction\":[{\"@type\":\"SearchAction\",\"target\":{\"@type\":\"EntryPoint\",\"urlTemplate\":\"https:\\\/\\\/www.yucatanencorto.com\\\/noticias\\\/?s={search_term_string}\"},\"query-input\":{\"@type\":\"PropertyValueSpecification\",\"valueRequired\":true,\"valueName\":\"search_term_string\"}}],\"inLanguage\":\"es\"},{\"@type\":\"Person\",\"@id\":\"https:\\\/\\\/www.yucatanencorto.com\\\/noticias\\\/#\\\/schema\\\/person\\\/14f82d355225a1f4075dd84a31f45a72\",\"name\":\"Yucat\u00e1n en Corto FC\",\"image\":{\"@type\":\"ImageObject\",\"inLanguage\":\"es\",\"@id\":\"https:\\\/\\\/secure.gravatar.com\\\/avatar\\\/147d4b30cd728c53c29c49a3f7834dedca33707f4cd259761355846009a88250?s=96&d=mm&r=g\",\"url\":\"https:\\\/\\\/secure.gravatar.com\\\/avatar\\\/147d4b30cd728c53c29c49a3f7834dedca33707f4cd259761355846009a88250?s=96&d=mm&r=g\",\"contentUrl\":\"https:\\\/\\\/secure.gravatar.com\\\/avatar\\\/147d4b30cd728c53c29c49a3f7834dedca33707f4cd259761355846009a88250?s=96&d=mm&r=g\",\"caption\":\"Yucat\u00e1n en Corto FC\"},\"url\":\"https:\\\/\\\/www.yucatanencorto.com\\\/noticias\\\/author\\\/flor\\\/\"}]}<\/script>\n<!-- \/ Yoast SEO plugin. -->","yoast_head_json":{"title":"\u2018Fallas en plataforma reflejan entusiasmo adultos para vacunarse\u2019: Portal para el registro sigue saturado - Yucat\u00e1n en corto","robots":{"index":"index","follow":"follow","max-snippet":"max-snippet:-1","max-image-preview":"max-image-preview:large","max-video-preview":"max-video-preview:-1"},"canonical":"https:\/\/www.yucatanencorto.com\/noticias\/fallas-en-plataforma-reflejan-entusiasmo-adultos-para-vacunarse-portal-para-el-registro-sigue-saturado\/","og_locale":"es_ES","og_type":"article","og_title":"\u2018Fallas en plataforma reflejan entusiasmo adultos para vacunarse\u2019: Portal para el registro sigue saturado - Yucat\u00e1n en corto","og_description":"En torno a las fallas que ha tenido la plataforma para registrar a adultos mayores que desean recibir vacunas contra Covid-19, el subsecretario de Salud, Hugo L\u00f3pez-Gatell, afirm\u00f3 que esto se debe al entusiasmo de la sociedad para ser inmunizada. El funcionario explic\u00f3 que el gobierno ya trabaja para resolver este problema en la p\u00e1gina [&hellip;]","og_url":"https:\/\/www.yucatanencorto.com\/noticias\/fallas-en-plataforma-reflejan-entusiasmo-adultos-para-vacunarse-portal-para-el-registro-sigue-saturado\/","og_site_name":"Yucat\u00e1n en corto","article_publisher":"http:\/\/www.facebook.com\/yucatanencorto","article_published_time":"2021-02-03T22:06:22+00:00","og_image":[{"width":768,"height":512,"url":"https:\/\/www.yucatanencorto.com\/noticias\/wp-content\/uploads\/2021\/02\/WhatsApp_Image_2021_02_02_at_16_47_41-331737-scaled.jpeg","type":"image\/jpeg"}],"author":"Yucat\u00e1n en Corto FC","twitter_card":"summary_large_image","twitter_creator":"@yucatanencorto","twitter_site":"@yucatanencorto","twitter_misc":{"Escrito por":"Yucat\u00e1n en Corto FC","Tiempo de lectura":"2 minutos"},"schema":{"@context":"https:\/\/schema.org","@graph":[{"@type":"Article","@id":"https:\/\/www.yucatanencorto.com\/noticias\/fallas-en-plataforma-reflejan-entusiasmo-adultos-para-vacunarse-portal-para-el-registro-sigue-saturado\/#article","isPartOf":{"@id":"https:\/\/www.yucatanencorto.com\/noticias\/fallas-en-plataforma-reflejan-entusiasmo-adultos-para-vacunarse-portal-para-el-registro-sigue-saturado\/"},"author":{"name":"Yucat\u00e1n en Corto FC","@id":"https:\/\/www.yucatanencorto.com\/noticias\/#\/schema\/person\/14f82d355225a1f4075dd84a31f45a72"},"headline":"\u2018Fallas en plataforma reflejan entusiasmo adultos para vacunarse\u2019: Portal para el registro sigue saturado","datePublished":"2021-02-03T22:06:22+00:00","mainEntityOfPage":{"@id":"https:\/\/www.yucatanencorto.com\/noticias\/fallas-en-plataforma-reflejan-entusiasmo-adultos-para-vacunarse-portal-para-el-registro-sigue-saturado\/"},"wordCount":299,"image":{"@id":"https:\/\/www.yucatanencorto.com\/noticias\/fallas-en-plataforma-reflejan-entusiasmo-adultos-para-vacunarse-portal-para-el-registro-sigue-saturado\/#primaryimage"},"thumbnailUrl":"https:\/\/www.yucatanencorto.com\/noticias\/wp-content\/uploads\/2021\/02\/WhatsApp_Image_2021_02_02_at_16_47_41-331737-scaled.jpeg","articleSection":["M\u00e9xico","Yucat\u00e1n"],"inLanguage":"es"},{"@type":"WebPage","@id":"https:\/\/www.yucatanencorto.com\/noticias\/fallas-en-plataforma-reflejan-entusiasmo-adultos-para-vacunarse-portal-para-el-registro-sigue-saturado\/","url":"https:\/\/www.yucatanencorto.com\/noticias\/fallas-en-plataforma-reflejan-entusiasmo-adultos-para-vacunarse-portal-para-el-registro-sigue-saturado\/","name":"\u2018Fallas en plataforma reflejan entusiasmo adultos para vacunarse\u2019: Portal para el registro sigue saturado - Yucat\u00e1n en corto","isPartOf":{"@id":"https:\/\/www.yucatanencorto.com\/noticias\/#website"},"primaryImageOfPage":{"@id":"https:\/\/www.yucatanencorto.com\/noticias\/fallas-en-plataforma-reflejan-entusiasmo-adultos-para-vacunarse-portal-para-el-registro-sigue-saturado\/#primaryimage"},"image":{"@id":"https:\/\/www.yucatanencorto.com\/noticias\/fallas-en-plataforma-reflejan-entusiasmo-adultos-para-vacunarse-portal-para-el-registro-sigue-saturado\/#primaryimage"},"thumbnailUrl":"https:\/\/www.yucatanencorto.com\/noticias\/wp-content\/uploads\/2021\/02\/WhatsApp_Image_2021_02_02_at_16_47_41-331737-scaled.jpeg","datePublished":"2021-02-03T22:06:22+00:00","author":{"@id":"https:\/\/www.yucatanencorto.com\/noticias\/#\/schema\/person\/14f82d355225a1f4075dd84a31f45a72"},"breadcrumb":{"@id":"https:\/\/www.yucatanencorto.com\/noticias\/fallas-en-plataforma-reflejan-entusiasmo-adultos-para-vacunarse-portal-para-el-registro-sigue-saturado\/#breadcrumb"},"inLanguage":"es","potentialAction":[{"@type":"ReadAction","target":["https:\/\/www.yucatanencorto.com\/noticias\/fallas-en-plataforma-reflejan-entusiasmo-adultos-para-vacunarse-portal-para-el-registro-sigue-saturado\/"]}]},{"@type":"ImageObject","inLanguage":"es","@id":"https:\/\/www.yucatanencorto.com\/noticias\/fallas-en-plataforma-reflejan-entusiasmo-adultos-para-vacunarse-portal-para-el-registro-sigue-saturado\/#primaryimage","url":"https:\/\/www.yucatanencorto.com\/noticias\/wp-content\/uploads\/2021\/02\/WhatsApp_Image_2021_02_02_at_16_47_41-331737-scaled.jpeg","contentUrl":"https:\/\/www.yucatanencorto.com\/noticias\/wp-content\/uploads\/2021\/02\/WhatsApp_Image_2021_02_02_at_16_47_41-331737-scaled.jpeg","width":768,"height":512},{"@type":"BreadcrumbList","@id":"https:\/\/www.yucatanencorto.com\/noticias\/fallas-en-plataforma-reflejan-entusiasmo-adultos-para-vacunarse-portal-para-el-registro-sigue-saturado\/#breadcrumb","itemListElement":[{"@type":"ListItem","position":1,"name":"Portada","item":"https:\/\/www.yucatanencorto.com\/noticias\/"},{"@type":"ListItem","position":2,"name":"\u2018Fallas en plataforma reflejan entusiasmo adultos para vacunarse\u2019: Portal para el registro sigue saturado"}]},{"@type":"WebSite","@id":"https:\/\/www.yucatanencorto.com\/noticias\/#website","url":"https:\/\/www.yucatanencorto.com\/noticias\/","name":"Yucat\u00e1n en corto","description":"Noticias","potentialAction":[{"@type":"SearchAction","target":{"@type":"EntryPoint","urlTemplate":"https:\/\/www.yucatanencorto.com\/noticias\/?s={search_term_string}"},"query-input":{"@type":"PropertyValueSpecification","valueRequired":true,"valueName":"search_term_string"}}],"inLanguage":"es"},{"@type":"Person","@id":"https:\/\/www.yucatanencorto.com\/noticias\/#\/schema\/person\/14f82d355225a1f4075dd84a31f45a72","name":"Yucat\u00e1n en Corto FC","image":{"@type":"ImageObject","inLanguage":"es","@id":"https:\/\/secure.gravatar.com\/avatar\/147d4b30cd728c53c29c49a3f7834dedca33707f4cd259761355846009a88250?s=96&d=mm&r=g","url":"https:\/\/secure.gravatar.com\/avatar\/147d4b30cd728c53c29c49a3f7834dedca33707f4cd259761355846009a88250?s=96&d=mm&r=g","contentUrl":"https:\/\/secure.gravatar.com\/avatar\/147d4b30cd728c53c29c49a3f7834dedca33707f4cd259761355846009a88250?s=96&d=mm&r=g","caption":"Yucat\u00e1n en Corto FC"},"url":"https:\/\/www.yucatanencorto.com\/noticias\/author\/flor\/"}]}},"_links":{"self":[{"href":"https:\/\/www.yucatanencorto.com\/noticias\/wp-json\/wp\/v2\/posts\/69912","targetHints":{"allow":["GET"]}}],"collection":[{"href":"https:\/\/www.yucatanencorto.com\/noticias\/wp-json\/wp\/v2\/posts"}],"about":[{"href":"https:\/\/www.yucatanencorto.com\/noticias\/wp-json\/wp\/v2\/types\/post"}],"author":[{"embeddable":true,"href":"https:\/\/www.yucatanencorto.com\/noticias\/wp-json\/wp\/v2\/users\/2"}],"replies":[{"embeddable":true,"href":"https:\/\/www.yucatanencorto.com\/noticias\/wp-json\/wp\/v2\/comments?post=69912"}],"version-history":[{"count":0,"href":"https:\/\/www.yucatanencorto.com\/noticias\/wp-json\/wp\/v2\/posts\/69912\/revisions"}],"wp:featuredmedia":[{"embeddable":true,"href":"https:\/\/www.yucatanencorto.com\/noticias\/wp-json\/wp\/v2\/media\/69913"}],"wp:attachment":[{"href":"https:\/\/www.yucatanencorto.com\/noticias\/wp-json\/wp\/v2\/media?parent=69912"}],"wp:term":[{"taxonomy":"category","embeddable":true,"href":"https:\/\/www.yucatanencorto.com\/noticias\/wp-json\/wp\/v2\/categories?post=69912"},{"taxonomy":"post_tag","embeddable":true,"href":"https:\/\/www.yucatanencorto.com\/noticias\/wp-json\/wp\/v2\/tags?post=69912"}],"curies":[{"name":"wp","href":"https:\/\/api.w.org\/{rel}","templated":true}]}}