{"id":69915,"date":"2021-02-03T19:28:21","date_gmt":"2021-02-04T01:28:21","guid":{"rendered":"https:\/\/www.yucatanencorto.com\/noticias\/?p=69915"},"modified":"2021-02-03T19:28:21","modified_gmt":"2021-02-04T01:28:21","slug":"construyen-3-nuevos-preescolares-y-1-primaria-en-ciudad-caucel","status":"publish","type":"post","link":"https:\/\/www.yucatanencorto.com\/noticias\/construyen-3-nuevos-preescolares-y-1-primaria-en-ciudad-caucel\/","title":{"rendered":"Construyen 3 nuevos preescolares y 1 primaria en Ciudad Caucel"},"content":{"rendered":"<div dir=\"ltr\">\n<p><span data-removefontsize=\"true\" data-originalcomputedfontsize=\"16\"><img loading=\"lazy\" decoding=\"async\" class=\"alignnone size-full wp-image-69916\" src=\"https:\/\/www.yucatanencorto.com\/noticias\/wp-content\/uploads\/2021\/02\/8A54479C-7ED9-4D8F-9D20-D6A7E92E7249-scaled.jpeg\" alt=\"\" width=\"768\" height=\"501\" srcset=\"https:\/\/www.yucatanencorto.com\/noticias\/wp-content\/uploads\/2021\/02\/8A54479C-7ED9-4D8F-9D20-D6A7E92E7249-scaled.jpeg 768w, https:\/\/www.yucatanencorto.com\/noticias\/wp-content\/uploads\/2021\/02\/8A54479C-7ED9-4D8F-9D20-D6A7E92E7249-696x454.jpeg 696w, https:\/\/www.yucatanencorto.com\/noticias\/wp-content\/uploads\/2021\/02\/8A54479C-7ED9-4D8F-9D20-D6A7E92E7249-1068x697.jpeg 1068w, https:\/\/www.yucatanencorto.com\/noticias\/wp-content\/uploads\/2021\/02\/8A54479C-7ED9-4D8F-9D20-D6A7E92E7249-644x420.jpeg 644w\" sizes=\"auto, (max-width: 768px) 100vw, 768px\" \/>M\u00e9rida, Yucat\u00e1n, 3 de febrero de 2021.- Para atender las necesidades educativas de quienes viven en el complejo Ciudad Caucel y contribuir a la reactivaci\u00f3n econ\u00f3mica mediante la generaci\u00f3n de empleo, el Gobierno del Estado, en conjunto con el Ayuntamiento de M\u00e9rida, impulsa, con una inversi\u00f3n de 21.9 millones de pesos, la construcci\u00f3n de 3 nuevos preescolares y 1 primaria en este pol\u00edgono habitacional, uno de los que mayor crecimiento registra en la ciudad.<\/span><\/p>\n<p>&nbsp;<\/p>\n<p><span data-removefontsize=\"true\" data-originalcomputedfontsize=\"16\">El Gobernador Mauricio Vila Dosal y el acalde de M\u00e9rida, Ren\u00e1n Barrera Concha, acudieron a supervisar los trabajos de construcci\u00f3n de uno de los 4 colegios que est\u00e1n en edificaci\u00f3n en esa zona que, adem\u00e1s de incrementar la oferta educativa en beneficio de ni\u00f1os y padres de familia, tambi\u00e9n representan una oportunidad de empleo para los trabajadores de la construcci\u00f3n.<\/span><\/p>\n<p>&nbsp;<\/p>\n<p><span data-removefontsize=\"true\" data-originalcomputedfontsize=\"16\">Durante la visita de Vila Dosal y Barrera Concha, se record\u00f3 que los terrenos para la edificaci\u00f3n de los 4 colegios fueron donados por el Ayuntamiento meridano y la construcci\u00f3n de las instalaciones corre a cargo del Gobierno del Estado. De esas 4 escuelas, 3 ser\u00e1n de nivel preescolar y 1 primaria. En ellas se generan 160 empleos, entre directos e indirectos.<\/span><\/p>\n<p>&nbsp;<\/p>\n<p><span data-removefontsize=\"true\" data-originalcomputedfontsize=\"16\">En las instalaciones de lo que ser\u00e1 la primaria, en el fraccionamiento Los Almendros de este complejo habitacional, el Gobernador tambi\u00e9n anunci\u00f3 para este a\u00f1o la construcci\u00f3n de una primaria m\u00e1s en este pol\u00edgono, en terrenos tambi\u00e9n donados por el Ayuntamiento de M\u00e9rida, con lo que se cumple con el compromiso de edificar 5 planteles educativos en la zona.<\/span><\/p>\n<p><span data-removefontsize=\"true\" data-originalcomputedfontsize=\"16\">Por su parte, Barrera Concha destac\u00f3 que el trabajo coordinado entre gobierno estatal y Ayuntamiento rinde buenos frutos para beneficio de la poblaci\u00f3n y, en este caso espec\u00edfico, a favor de la educaci\u00f3n.<\/span><\/p>\n<p><span data-removefontsize=\"true\" data-originalcomputedfontsize=\"16\">Subray\u00f3 que la donaci\u00f3n de los terrenos fue aprobada de manera un\u00e1nime por el Cabildo meridano en junio pasado, lo que demuestra el compromiso de la actual administraci\u00f3n municipal por trabajar de la mano del gobierno del Estado con el fin de fortalecer la infraestructura educativa del municipio.<\/span><\/p>\n<p>&nbsp;<\/p>\n<p><span data-removefontsize=\"true\" data-originalcomputedfontsize=\"16\">Por lo que toca a las obras de la primaria visitada, el director del Instituto para el Desarrollo y Certificaci\u00f3n de la Infraestructura F\u00edsica Educativa y El\u00e9ctrica del estado (Idefeey), Luis Jorge Montalvo Duarte, detall\u00f3 que esta obra representa la primera escuela de educaci\u00f3n primaria que el Gobierno estatal actual construye en esta zona. En ella, puntualiz\u00f3, se invierten 7.8 millones de pesos y presenta un avance general del 90%.<\/span><\/p>\n<p>&nbsp;<\/p>\n<p><span data-removefontsize=\"true\" data-originalcomputedfontsize=\"16\">La escuela contar\u00e1 con ba\u00f1os, 7 salones de clases habilitados con tecnolog\u00eda de voz y datos, adem\u00e1s de closet y archivero, entre otras caracter\u00edsticas e, incluso, las nuevas instalaciones escolares tendr\u00e1n generadores de electricidad independientes para evitar afectaciones en los cortes de luz, precis\u00f3 el funcionario en presencia de la titular de la Secretar\u00eda de Educaci\u00f3n del estado (Segey), Loreto Villanueva Trujillo.<\/span><\/p>\n<p><img loading=\"lazy\" decoding=\"async\" class=\"alignnone size-full wp-image-69917\" src=\"https:\/\/www.yucatanencorto.com\/noticias\/wp-content\/uploads\/2021\/02\/1B316C09-890A-44D7-B497-C09C682E5157-scaled.jpeg\" alt=\"\" width=\"768\" height=\"512\" srcset=\"https:\/\/www.yucatanencorto.com\/noticias\/wp-content\/uploads\/2021\/02\/1B316C09-890A-44D7-B497-C09C682E5157-scaled.jpeg 768w, https:\/\/www.yucatanencorto.com\/noticias\/wp-content\/uploads\/2021\/02\/1B316C09-890A-44D7-B497-C09C682E5157-696x464.jpeg 696w, https:\/\/www.yucatanencorto.com\/noticias\/wp-content\/uploads\/2021\/02\/1B316C09-890A-44D7-B497-C09C682E5157-1068x712.jpeg 1068w, https:\/\/www.yucatanencorto.com\/noticias\/wp-content\/uploads\/2021\/02\/1B316C09-890A-44D7-B497-C09C682E5157-630x420.jpeg 630w\" sizes=\"auto, (max-width: 768px) 100vw, 768px\" \/><\/p>\n<p><span data-removefontsize=\"true\" data-originalcomputedfontsize=\"16\">En este sentido, el funcionario estatal a\u00f1adi\u00f3 que entre las innovaciones es que este plantel escolar tendr\u00e1 botones de alerta conectados directamente a la Direcci\u00f3n para atender cualquier emergencia que pudiera surgir entre los alumnos que asistir\u00e1n a este nuevo espacio educativo. <\/span><\/p>\n<p>&nbsp;<\/p>\n<p><span data-removefontsize=\"true\" data-originalcomputedfontsize=\"16\">El director del Idefeey explic\u00f3 que, producto de ahorros efectuados en esta obra, se logr\u00f3 construir un aula m\u00e1s, en el cual hab\u00eda planeado construir solo 6 salones, pero gracias a este remanente se pudo edificar hasta 7 de ellos, a fin de otorgar m\u00e1s lugares para los menores que requieran cursar este nivel escolar. <\/span><\/p>\n<p>&nbsp;<\/p>\n<p><span data-removefontsize=\"true\" data-originalcomputedfontsize=\"16\">Sobre estas obras, los docentes que laboran en escuelas de esa zona tambi\u00e9n se mostraron agradecidos por la oportunidad de contar con mejores instalaciones en las comunidades educativas del rumbo.<\/span><\/p>\n<p>&nbsp;<\/p>\n<p><span data-removefontsize=\"true\" data-originalcomputedfontsize=\"16\">Tal es el caso de la maestra Margarita Duarte Lizarraga, quien indic\u00f3 que esta inversi\u00f3n en infraestructura educativa permitir\u00e1 asegurar una educaci\u00f3n de calidad para ni\u00f1as, ni\u00f1os y j\u00f3venes.<\/span><\/p>\n<p>&nbsp;<\/p>\n<p><span data-removefontsize=\"true\" data-originalcomputedfontsize=\"16\">\u00abDesde hace siete a\u00f1os est\u00e1bamos esperando este tipo de acciones, nosotros hicimos nuestra parte al solicitarlo y ahora ver que es una realidad nos llena de alegr\u00eda. Siempre ha sido una constante el hecho de brindar un mejor servicio educativo y con nuevas aulas, espacios id\u00f3neos, estamos seguros de que vamos a trabajar mucho mejor \u00ab, se\u00f1al\u00f3.<\/span><\/p>\n<p>&nbsp;<\/p>\n<p><span data-removefontsize=\"true\" data-originalcomputedfontsize=\"16\">Por otro lado, uno de los tantos beneficiados con empleo en estas obras, es el alba\u00f1il Miguel \u00c1ngel Canul Cel, originario del municipio de Motul, quien asegur\u00f3 sentirse afortunado por contar con empleo seguro e ingresos fijos, gracias a los trabajos de edificaci\u00f3n de esta obra p\u00fablica.<\/span><\/p>\n<p>&nbsp;<\/p>\n<p><span data-removefontsize=\"true\" data-originalcomputedfontsize=\"16\">\u201cMe siento muy afortunado de tener este empleo, porque eso me ha ayudado a llevar el sustento al hogar. Lo agradezco, porque, desgraciadamente, hay otras personas que a\u00fan no tienen trabajo porque en muchos lados pararon labores y recortaron personal\u201d, coment\u00f3 el hombre.<\/span><\/p>\n<p>&nbsp;<\/p>\n<p><span data-removefontsize=\"true\" data-originalcomputedfontsize=\"16\">Para el tambi\u00e9n electricista y plomero de oficio, estas obras impulsadas por el Gobierno del Estado significan nuevas oportunidades para los trabajadores de la construcci\u00f3n, los cuales son sumamente necesarios debido a las afectaciones que ha causado la pandemia del Coronavirus.<\/span><\/p>\n<p>&nbsp;<\/p>\n<p><span data-removefontsize=\"true\" data-originalcomputedfontsize=\"16\">Durante esta visita de supervisi\u00f3n, Vila Dosal tambi\u00e9n estuvo acompa\u00f1ado de los regidores del Ayuntamiento de M\u00e9rida, Karem Achach Ram\u00edrez y Gonzalo Puerto Gonz\u00e1lez.<\/span><\/p>\n<\/div>\n","protected":false},"excerpt":{"rendered":"<p>M\u00e9rida, Yucat\u00e1n, 3 de febrero de 2021.- Para atender las necesidades educativas de quienes viven en el complejo Ciudad Caucel y contribuir a la reactivaci\u00f3n econ\u00f3mica mediante la generaci\u00f3n de empleo, el Gobierno del Estado, en conjunto con el Ayuntamiento de M\u00e9rida, impulsa, con una inversi\u00f3n de 21.9 millones de pesos, la construcci\u00f3n de 3 [&hellip;]<\/p>\n","protected":false},"author":2,"featured_media":69917,"comment_status":"closed","ping_status":"closed","sticky":false,"template":"","format":"standard","meta":{"footnotes":""},"categories":[2,3],"tags":[],"class_list":{"0":"post-69915","1":"post","2":"type-post","3":"status-publish","4":"format-standard","5":"has-post-thumbnail","7":"category-merida","8":"category-yucatan"},"yoast_head":"<!-- This site is optimized with the Yoast SEO plugin v27.4 - https:\/\/yoast.com\/product\/yoast-seo-wordpress\/ -->\n<title>Construyen 3 nuevos preescolares y 1 primaria en Ciudad Caucel - Yucat\u00e1n en corto<\/title>\n<meta name=\"robots\" content=\"index, follow, max-snippet:-1, max-image-preview:large, max-video-preview:-1\" \/>\n<link rel=\"canonical\" href=\"https:\/\/www.yucatanencorto.com\/noticias\/construyen-3-nuevos-preescolares-y-1-primaria-en-ciudad-caucel\/\" \/>\n<meta property=\"og:locale\" content=\"es_ES\" \/>\n<meta property=\"og:type\" content=\"article\" \/>\n<meta property=\"og:title\" content=\"Construyen 3 nuevos preescolares y 1 primaria en Ciudad Caucel - Yucat\u00e1n en corto\" \/>\n<meta property=\"og:description\" content=\"M\u00e9rida, Yucat\u00e1n, 3 de febrero de 2021.- Para atender las necesidades educativas de quienes viven en el complejo Ciudad Caucel y contribuir a la reactivaci\u00f3n econ\u00f3mica mediante la generaci\u00f3n de empleo, el Gobierno del Estado, en conjunto con el Ayuntamiento de M\u00e9rida, impulsa, con una inversi\u00f3n de 21.9 millones de pesos, la construcci\u00f3n de 3 [&hellip;]\" \/>\n<meta property=\"og:url\" content=\"https:\/\/www.yucatanencorto.com\/noticias\/construyen-3-nuevos-preescolares-y-1-primaria-en-ciudad-caucel\/\" \/>\n<meta property=\"og:site_name\" content=\"Yucat\u00e1n en corto\" \/>\n<meta property=\"article:publisher\" content=\"http:\/\/www.facebook.com\/yucatanencorto\" \/>\n<meta property=\"article:published_time\" content=\"2021-02-04T01:28:21+00:00\" \/>\n<meta property=\"og:image\" content=\"https:\/\/www.yucatanencorto.com\/noticias\/wp-content\/uploads\/2021\/02\/1B316C09-890A-44D7-B497-C09C682E5157-scaled.jpeg\" \/>\n\t<meta property=\"og:image:width\" content=\"768\" \/>\n\t<meta property=\"og:image:height\" content=\"512\" \/>\n\t<meta property=\"og:image:type\" content=\"image\/jpeg\" \/>\n<meta name=\"author\" content=\"Yucat\u00e1n en Corto FC\" \/>\n<meta name=\"twitter:card\" content=\"summary_large_image\" \/>\n<meta name=\"twitter:creator\" content=\"@yucatanencorto\" \/>\n<meta name=\"twitter:site\" content=\"@yucatanencorto\" \/>\n<meta name=\"twitter:label1\" content=\"Escrito por\" \/>\n\t<meta name=\"twitter:data1\" content=\"Yucat\u00e1n en Corto FC\" \/>\n\t<meta name=\"twitter:label2\" content=\"Tiempo de lectura\" \/>\n\t<meta name=\"twitter:data2\" content=\"5 minutos\" \/>\n<script type=\"application\/ld+json\" class=\"yoast-schema-graph\">{\"@context\":\"https:\\\/\\\/schema.org\",\"@graph\":[{\"@type\":\"Article\",\"@id\":\"https:\\\/\\\/www.yucatanencorto.com\\\/noticias\\\/construyen-3-nuevos-preescolares-y-1-primaria-en-ciudad-caucel\\\/#article\",\"isPartOf\":{\"@id\":\"https:\\\/\\\/www.yucatanencorto.com\\\/noticias\\\/construyen-3-nuevos-preescolares-y-1-primaria-en-ciudad-caucel\\\/\"},\"author\":{\"name\":\"Yucat\u00e1n en Corto FC\",\"@id\":\"https:\\\/\\\/www.yucatanencorto.com\\\/noticias\\\/#\\\/schema\\\/person\\\/14f82d355225a1f4075dd84a31f45a72\"},\"headline\":\"Construyen 3 nuevos preescolares y 1 primaria en Ciudad Caucel\",\"datePublished\":\"2021-02-04T01:28:21+00:00\",\"mainEntityOfPage\":{\"@id\":\"https:\\\/\\\/www.yucatanencorto.com\\\/noticias\\\/construyen-3-nuevos-preescolares-y-1-primaria-en-ciudad-caucel\\\/\"},\"wordCount\":914,\"image\":{\"@id\":\"https:\\\/\\\/www.yucatanencorto.com\\\/noticias\\\/construyen-3-nuevos-preescolares-y-1-primaria-en-ciudad-caucel\\\/#primaryimage\"},\"thumbnailUrl\":\"https:\\\/\\\/www.yucatanencorto.com\\\/noticias\\\/wp-content\\\/uploads\\\/2021\\\/02\\\/1B316C09-890A-44D7-B497-C09C682E5157-scaled.jpeg\",\"articleSection\":[\"M\u00e9rida\",\"Yucat\u00e1n\"],\"inLanguage\":\"es\"},{\"@type\":\"WebPage\",\"@id\":\"https:\\\/\\\/www.yucatanencorto.com\\\/noticias\\\/construyen-3-nuevos-preescolares-y-1-primaria-en-ciudad-caucel\\\/\",\"url\":\"https:\\\/\\\/www.yucatanencorto.com\\\/noticias\\\/construyen-3-nuevos-preescolares-y-1-primaria-en-ciudad-caucel\\\/\",\"name\":\"Construyen 3 nuevos preescolares y 1 primaria en Ciudad Caucel - Yucat\u00e1n en corto\",\"isPartOf\":{\"@id\":\"https:\\\/\\\/www.yucatanencorto.com\\\/noticias\\\/#website\"},\"primaryImageOfPage\":{\"@id\":\"https:\\\/\\\/www.yucatanencorto.com\\\/noticias\\\/construyen-3-nuevos-preescolares-y-1-primaria-en-ciudad-caucel\\\/#primaryimage\"},\"image\":{\"@id\":\"https:\\\/\\\/www.yucatanencorto.com\\\/noticias\\\/construyen-3-nuevos-preescolares-y-1-primaria-en-ciudad-caucel\\\/#primaryimage\"},\"thumbnailUrl\":\"https:\\\/\\\/www.yucatanencorto.com\\\/noticias\\\/wp-content\\\/uploads\\\/2021\\\/02\\\/1B316C09-890A-44D7-B497-C09C682E5157-scaled.jpeg\",\"datePublished\":\"2021-02-04T01:28:21+00:00\",\"author\":{\"@id\":\"https:\\\/\\\/www.yucatanencorto.com\\\/noticias\\\/#\\\/schema\\\/person\\\/14f82d355225a1f4075dd84a31f45a72\"},\"breadcrumb\":{\"@id\":\"https:\\\/\\\/www.yucatanencorto.com\\\/noticias\\\/construyen-3-nuevos-preescolares-y-1-primaria-en-ciudad-caucel\\\/#breadcrumb\"},\"inLanguage\":\"es\",\"potentialAction\":[{\"@type\":\"ReadAction\",\"target\":[\"https:\\\/\\\/www.yucatanencorto.com\\\/noticias\\\/construyen-3-nuevos-preescolares-y-1-primaria-en-ciudad-caucel\\\/\"]}]},{\"@type\":\"ImageObject\",\"inLanguage\":\"es\",\"@id\":\"https:\\\/\\\/www.yucatanencorto.com\\\/noticias\\\/construyen-3-nuevos-preescolares-y-1-primaria-en-ciudad-caucel\\\/#primaryimage\",\"url\":\"https:\\\/\\\/www.yucatanencorto.com\\\/noticias\\\/wp-content\\\/uploads\\\/2021\\\/02\\\/1B316C09-890A-44D7-B497-C09C682E5157-scaled.jpeg\",\"contentUrl\":\"https:\\\/\\\/www.yucatanencorto.com\\\/noticias\\\/wp-content\\\/uploads\\\/2021\\\/02\\\/1B316C09-890A-44D7-B497-C09C682E5157-scaled.jpeg\",\"width\":768,\"height\":512},{\"@type\":\"BreadcrumbList\",\"@id\":\"https:\\\/\\\/www.yucatanencorto.com\\\/noticias\\\/construyen-3-nuevos-preescolares-y-1-primaria-en-ciudad-caucel\\\/#breadcrumb\",\"itemListElement\":[{\"@type\":\"ListItem\",\"position\":1,\"name\":\"Portada\",\"item\":\"https:\\\/\\\/www.yucatanencorto.com\\\/noticias\\\/\"},{\"@type\":\"ListItem\",\"position\":2,\"name\":\"Construyen 3 nuevos preescolares y 1 primaria en Ciudad Caucel\"}]},{\"@type\":\"WebSite\",\"@id\":\"https:\\\/\\\/www.yucatanencorto.com\\\/noticias\\\/#website\",\"url\":\"https:\\\/\\\/www.yucatanencorto.com\\\/noticias\\\/\",\"name\":\"Yucat\u00e1n en corto\",\"description\":\"Noticias\",\"potentialAction\":[{\"@type\":\"SearchAction\",\"target\":{\"@type\":\"EntryPoint\",\"urlTemplate\":\"https:\\\/\\\/www.yucatanencorto.com\\\/noticias\\\/?s={search_term_string}\"},\"query-input\":{\"@type\":\"PropertyValueSpecification\",\"valueRequired\":true,\"valueName\":\"search_term_string\"}}],\"inLanguage\":\"es\"},{\"@type\":\"Person\",\"@id\":\"https:\\\/\\\/www.yucatanencorto.com\\\/noticias\\\/#\\\/schema\\\/person\\\/14f82d355225a1f4075dd84a31f45a72\",\"name\":\"Yucat\u00e1n en Corto FC\",\"image\":{\"@type\":\"ImageObject\",\"inLanguage\":\"es\",\"@id\":\"https:\\\/\\\/secure.gravatar.com\\\/avatar\\\/147d4b30cd728c53c29c49a3f7834dedca33707f4cd259761355846009a88250?s=96&d=mm&r=g\",\"url\":\"https:\\\/\\\/secure.gravatar.com\\\/avatar\\\/147d4b30cd728c53c29c49a3f7834dedca33707f4cd259761355846009a88250?s=96&d=mm&r=g\",\"contentUrl\":\"https:\\\/\\\/secure.gravatar.com\\\/avatar\\\/147d4b30cd728c53c29c49a3f7834dedca33707f4cd259761355846009a88250?s=96&d=mm&r=g\",\"caption\":\"Yucat\u00e1n en Corto FC\"},\"url\":\"https:\\\/\\\/www.yucatanencorto.com\\\/noticias\\\/author\\\/flor\\\/\"}]}<\/script>\n<!-- \/ Yoast SEO plugin. -->","yoast_head_json":{"title":"Construyen 3 nuevos preescolares y 1 primaria en Ciudad Caucel - Yucat\u00e1n en corto","robots":{"index":"index","follow":"follow","max-snippet":"max-snippet:-1","max-image-preview":"max-image-preview:large","max-video-preview":"max-video-preview:-1"},"canonical":"https:\/\/www.yucatanencorto.com\/noticias\/construyen-3-nuevos-preescolares-y-1-primaria-en-ciudad-caucel\/","og_locale":"es_ES","og_type":"article","og_title":"Construyen 3 nuevos preescolares y 1 primaria en Ciudad Caucel - Yucat\u00e1n en corto","og_description":"M\u00e9rida, Yucat\u00e1n, 3 de febrero de 2021.- Para atender las necesidades educativas de quienes viven en el complejo Ciudad Caucel y contribuir a la reactivaci\u00f3n econ\u00f3mica mediante la generaci\u00f3n de empleo, el Gobierno del Estado, en conjunto con el Ayuntamiento de M\u00e9rida, impulsa, con una inversi\u00f3n de 21.9 millones de pesos, la construcci\u00f3n de 3 [&hellip;]","og_url":"https:\/\/www.yucatanencorto.com\/noticias\/construyen-3-nuevos-preescolares-y-1-primaria-en-ciudad-caucel\/","og_site_name":"Yucat\u00e1n en corto","article_publisher":"http:\/\/www.facebook.com\/yucatanencorto","article_published_time":"2021-02-04T01:28:21+00:00","og_image":[{"width":768,"height":512,"url":"https:\/\/www.yucatanencorto.com\/noticias\/wp-content\/uploads\/2021\/02\/1B316C09-890A-44D7-B497-C09C682E5157-scaled.jpeg","type":"image\/jpeg"}],"author":"Yucat\u00e1n en Corto FC","twitter_card":"summary_large_image","twitter_creator":"@yucatanencorto","twitter_site":"@yucatanencorto","twitter_misc":{"Escrito por":"Yucat\u00e1n en Corto FC","Tiempo de lectura":"5 minutos"},"schema":{"@context":"https:\/\/schema.org","@graph":[{"@type":"Article","@id":"https:\/\/www.yucatanencorto.com\/noticias\/construyen-3-nuevos-preescolares-y-1-primaria-en-ciudad-caucel\/#article","isPartOf":{"@id":"https:\/\/www.yucatanencorto.com\/noticias\/construyen-3-nuevos-preescolares-y-1-primaria-en-ciudad-caucel\/"},"author":{"name":"Yucat\u00e1n en Corto FC","@id":"https:\/\/www.yucatanencorto.com\/noticias\/#\/schema\/person\/14f82d355225a1f4075dd84a31f45a72"},"headline":"Construyen 3 nuevos preescolares y 1 primaria en Ciudad Caucel","datePublished":"2021-02-04T01:28:21+00:00","mainEntityOfPage":{"@id":"https:\/\/www.yucatanencorto.com\/noticias\/construyen-3-nuevos-preescolares-y-1-primaria-en-ciudad-caucel\/"},"wordCount":914,"image":{"@id":"https:\/\/www.yucatanencorto.com\/noticias\/construyen-3-nuevos-preescolares-y-1-primaria-en-ciudad-caucel\/#primaryimage"},"thumbnailUrl":"https:\/\/www.yucatanencorto.com\/noticias\/wp-content\/uploads\/2021\/02\/1B316C09-890A-44D7-B497-C09C682E5157-scaled.jpeg","articleSection":["M\u00e9rida","Yucat\u00e1n"],"inLanguage":"es"},{"@type":"WebPage","@id":"https:\/\/www.yucatanencorto.com\/noticias\/construyen-3-nuevos-preescolares-y-1-primaria-en-ciudad-caucel\/","url":"https:\/\/www.yucatanencorto.com\/noticias\/construyen-3-nuevos-preescolares-y-1-primaria-en-ciudad-caucel\/","name":"Construyen 3 nuevos preescolares y 1 primaria en Ciudad Caucel - Yucat\u00e1n en corto","isPartOf":{"@id":"https:\/\/www.yucatanencorto.com\/noticias\/#website"},"primaryImageOfPage":{"@id":"https:\/\/www.yucatanencorto.com\/noticias\/construyen-3-nuevos-preescolares-y-1-primaria-en-ciudad-caucel\/#primaryimage"},"image":{"@id":"https:\/\/www.yucatanencorto.com\/noticias\/construyen-3-nuevos-preescolares-y-1-primaria-en-ciudad-caucel\/#primaryimage"},"thumbnailUrl":"https:\/\/www.yucatanencorto.com\/noticias\/wp-content\/uploads\/2021\/02\/1B316C09-890A-44D7-B497-C09C682E5157-scaled.jpeg","datePublished":"2021-02-04T01:28:21+00:00","author":{"@id":"https:\/\/www.yucatanencorto.com\/noticias\/#\/schema\/person\/14f82d355225a1f4075dd84a31f45a72"},"breadcrumb":{"@id":"https:\/\/www.yucatanencorto.com\/noticias\/construyen-3-nuevos-preescolares-y-1-primaria-en-ciudad-caucel\/#breadcrumb"},"inLanguage":"es","potentialAction":[{"@type":"ReadAction","target":["https:\/\/www.yucatanencorto.com\/noticias\/construyen-3-nuevos-preescolares-y-1-primaria-en-ciudad-caucel\/"]}]},{"@type":"ImageObject","inLanguage":"es","@id":"https:\/\/www.yucatanencorto.com\/noticias\/construyen-3-nuevos-preescolares-y-1-primaria-en-ciudad-caucel\/#primaryimage","url":"https:\/\/www.yucatanencorto.com\/noticias\/wp-content\/uploads\/2021\/02\/1B316C09-890A-44D7-B497-C09C682E5157-scaled.jpeg","contentUrl":"https:\/\/www.yucatanencorto.com\/noticias\/wp-content\/uploads\/2021\/02\/1B316C09-890A-44D7-B497-C09C682E5157-scaled.jpeg","width":768,"height":512},{"@type":"BreadcrumbList","@id":"https:\/\/www.yucatanencorto.com\/noticias\/construyen-3-nuevos-preescolares-y-1-primaria-en-ciudad-caucel\/#breadcrumb","itemListElement":[{"@type":"ListItem","position":1,"name":"Portada","item":"https:\/\/www.yucatanencorto.com\/noticias\/"},{"@type":"ListItem","position":2,"name":"Construyen 3 nuevos preescolares y 1 primaria en Ciudad Caucel"}]},{"@type":"WebSite","@id":"https:\/\/www.yucatanencorto.com\/noticias\/#website","url":"https:\/\/www.yucatanencorto.com\/noticias\/","name":"Yucat\u00e1n en corto","description":"Noticias","potentialAction":[{"@type":"SearchAction","target":{"@type":"EntryPoint","urlTemplate":"https:\/\/www.yucatanencorto.com\/noticias\/?s={search_term_string}"},"query-input":{"@type":"PropertyValueSpecification","valueRequired":true,"valueName":"search_term_string"}}],"inLanguage":"es"},{"@type":"Person","@id":"https:\/\/www.yucatanencorto.com\/noticias\/#\/schema\/person\/14f82d355225a1f4075dd84a31f45a72","name":"Yucat\u00e1n en Corto FC","image":{"@type":"ImageObject","inLanguage":"es","@id":"https:\/\/secure.gravatar.com\/avatar\/147d4b30cd728c53c29c49a3f7834dedca33707f4cd259761355846009a88250?s=96&d=mm&r=g","url":"https:\/\/secure.gravatar.com\/avatar\/147d4b30cd728c53c29c49a3f7834dedca33707f4cd259761355846009a88250?s=96&d=mm&r=g","contentUrl":"https:\/\/secure.gravatar.com\/avatar\/147d4b30cd728c53c29c49a3f7834dedca33707f4cd259761355846009a88250?s=96&d=mm&r=g","caption":"Yucat\u00e1n en Corto FC"},"url":"https:\/\/www.yucatanencorto.com\/noticias\/author\/flor\/"}]}},"_links":{"self":[{"href":"https:\/\/www.yucatanencorto.com\/noticias\/wp-json\/wp\/v2\/posts\/69915","targetHints":{"allow":["GET"]}}],"collection":[{"href":"https:\/\/www.yucatanencorto.com\/noticias\/wp-json\/wp\/v2\/posts"}],"about":[{"href":"https:\/\/www.yucatanencorto.com\/noticias\/wp-json\/wp\/v2\/types\/post"}],"author":[{"embeddable":true,"href":"https:\/\/www.yucatanencorto.com\/noticias\/wp-json\/wp\/v2\/users\/2"}],"replies":[{"embeddable":true,"href":"https:\/\/www.yucatanencorto.com\/noticias\/wp-json\/wp\/v2\/comments?post=69915"}],"version-history":[{"count":0,"href":"https:\/\/www.yucatanencorto.com\/noticias\/wp-json\/wp\/v2\/posts\/69915\/revisions"}],"wp:featuredmedia":[{"embeddable":true,"href":"https:\/\/www.yucatanencorto.com\/noticias\/wp-json\/wp\/v2\/media\/69917"}],"wp:attachment":[{"href":"https:\/\/www.yucatanencorto.com\/noticias\/wp-json\/wp\/v2\/media?parent=69915"}],"wp:term":[{"taxonomy":"category","embeddable":true,"href":"https:\/\/www.yucatanencorto.com\/noticias\/wp-json\/wp\/v2\/categories?post=69915"},{"taxonomy":"post_tag","embeddable":true,"href":"https:\/\/www.yucatanencorto.com\/noticias\/wp-json\/wp\/v2\/tags?post=69915"}],"curies":[{"name":"wp","href":"https:\/\/api.w.org\/{rel}","templated":true}]}}