{"id":69922,"date":"2021-02-04T18:43:10","date_gmt":"2021-02-05T00:43:10","guid":{"rendered":"https:\/\/www.yucatanencorto.com\/noticias\/?p=69922"},"modified":"2021-02-04T18:43:10","modified_gmt":"2021-02-05T00:43:10","slug":"se-extiende-vigencia-de-las-credenciales-citur-para-estudiantes-adultos-mayores-y-personas-con-discapacidad","status":"publish","type":"post","link":"https:\/\/www.yucatanencorto.com\/noticias\/se-extiende-vigencia-de-las-credenciales-citur-para-estudiantes-adultos-mayores-y-personas-con-discapacidad\/","title":{"rendered":"Se extiende vigencia de las credenciales citur para estudiantes, adultos mayores y personas con discapacidad"},"content":{"rendered":"<div dir=\"ltr\">\n<p><img loading=\"lazy\" decoding=\"async\" class=\"alignnone size-full wp-image-69923\" src=\"https:\/\/www.yucatanencorto.com\/noticias\/wp-content\/uploads\/2021\/02\/Captura-de-Pantalla-2021-02-04-a-las-13.10.33-600x378-1.jpg\" alt=\"\" width=\"600\" height=\"378\" \/><\/p>\n<p>M\u00e9rida, Yucat\u00e1n, 4 de febrero de 2021.- Estudiantes, personas adultas mayores y con discapacidad que cuenten con credenciales inteligentes de transporte urbano pueden seguir disfrutando de la tarifa social o de la exenci\u00f3n aplicable tras ampliarse la vigencia de los pl\u00e1sticos, como parte del compromiso del Gobernador Mauricio Vila Dosal de respaldar la econom\u00eda de las familias Yucatecas.<\/p>\n<p>En el Decreto 348\/2021 publicado en la edici\u00f3n de este 4 de febrero en el Diario Oficial, se inform\u00f3 que, por instrucciones de Vila Dosal, se extiende la vigencia de las credenciales inteligentes de transporte urbano para apoyar a los yucatecos ante la importante afectaci\u00f3n econ\u00f3mica que ha generado la pandemia del Coronavirus y, a su vez, prescindir de hacer el tr\u00e1mite y con ello, evitar aglomeraciones que ponen en riesgo la salud de las y los ciudadanos.<\/p>\n<p>Esta disposici\u00f3n determina el importe de la tarifa aplicable al servicio p\u00fablico de transporte de pasajeros en autobuses convencionales, minibuses y taxis de ruta en el municipio de M\u00e9rida y su zona conurbada, y que hayan vencido del 26 de marzo de 2020 a la entrada en vigor de este decreto, es decir este d\u00eda. Por otra parte, esta disposici\u00f3n estar\u00e1 vigente hasta el 15 de julio de 2021.<\/p>\n<p>As\u00ed, la tarifa social aplicable al servicio p\u00fablico beneficia a estudiantes regulares matriculados en alguna instituci\u00f3n educativa reconocida por la Secretar\u00eda de Educaci\u00f3n del Gobierno del Estado de Yucat\u00e1n, la Universidad Aut\u00f3noma de Yucat\u00e1n o el Instituto Tecnol\u00f3gico de M\u00e9rida y que cuenten con la credencial inteligente de transporte urbano.<\/p>\n<p>Tambi\u00e9n, la tarifa social incluye a los adultos mayores de sesenta a\u00f1os que cuenten con dicha credencial inteligente; y de ni\u00f1as y ni\u00f1os.<\/p>\n<p>Asimismo, las personas con discapacidad est\u00e1n exentas de pago alguno por la utilizaci\u00f3n del servicio de transporte p\u00fablico de pasajeros.<\/p>\n<\/div>\n","protected":false},"excerpt":{"rendered":"<p>M\u00e9rida, Yucat\u00e1n, 4 de febrero de 2021.- Estudiantes, personas adultas mayores y con discapacidad que cuenten con credenciales inteligentes de transporte urbano pueden seguir disfrutando de la tarifa social o de la exenci\u00f3n aplicable tras ampliarse la vigencia de los pl\u00e1sticos, como parte del compromiso del Gobernador Mauricio Vila Dosal de respaldar la econom\u00eda de [&hellip;]<\/p>\n","protected":false},"author":2,"featured_media":69923,"comment_status":"closed","ping_status":"closed","sticky":false,"template":"","format":"standard","meta":{"footnotes":""},"categories":[3],"tags":[],"class_list":{"0":"post-69922","1":"post","2":"type-post","3":"status-publish","4":"format-standard","5":"has-post-thumbnail","7":"category-yucatan"},"yoast_head":"<!-- This site is optimized with the Yoast SEO plugin v27.4 - https:\/\/yoast.com\/product\/yoast-seo-wordpress\/ -->\n<title>Se extiende vigencia de las credenciales citur para estudiantes, adultos mayores y personas con discapacidad - Yucat\u00e1n en corto<\/title>\n<meta name=\"robots\" content=\"index, follow, max-snippet:-1, max-image-preview:large, max-video-preview:-1\" \/>\n<link rel=\"canonical\" href=\"https:\/\/www.yucatanencorto.com\/noticias\/se-extiende-vigencia-de-las-credenciales-citur-para-estudiantes-adultos-mayores-y-personas-con-discapacidad\/\" \/>\n<meta property=\"og:locale\" content=\"es_ES\" \/>\n<meta property=\"og:type\" content=\"article\" \/>\n<meta property=\"og:title\" content=\"Se extiende vigencia de las credenciales citur para estudiantes, adultos mayores y personas con discapacidad - Yucat\u00e1n en corto\" \/>\n<meta property=\"og:description\" content=\"M\u00e9rida, Yucat\u00e1n, 4 de febrero de 2021.- Estudiantes, personas adultas mayores y con discapacidad que cuenten con credenciales inteligentes de transporte urbano pueden seguir disfrutando de la tarifa social o de la exenci\u00f3n aplicable tras ampliarse la vigencia de los pl\u00e1sticos, como parte del compromiso del Gobernador Mauricio Vila Dosal de respaldar la econom\u00eda de [&hellip;]\" \/>\n<meta property=\"og:url\" content=\"https:\/\/www.yucatanencorto.com\/noticias\/se-extiende-vigencia-de-las-credenciales-citur-para-estudiantes-adultos-mayores-y-personas-con-discapacidad\/\" \/>\n<meta property=\"og:site_name\" content=\"Yucat\u00e1n en corto\" \/>\n<meta property=\"article:publisher\" content=\"http:\/\/www.facebook.com\/yucatanencorto\" \/>\n<meta property=\"article:published_time\" content=\"2021-02-05T00:43:10+00:00\" \/>\n<meta property=\"og:image\" content=\"https:\/\/www.yucatanencorto.com\/noticias\/wp-content\/uploads\/2021\/02\/Captura-de-Pantalla-2021-02-04-a-las-13.10.33-600x378-1.jpg\" \/>\n\t<meta property=\"og:image:width\" content=\"600\" \/>\n\t<meta property=\"og:image:height\" content=\"378\" \/>\n\t<meta property=\"og:image:type\" content=\"image\/jpeg\" \/>\n<meta name=\"author\" content=\"Yucat\u00e1n en Corto FC\" \/>\n<meta name=\"twitter:card\" content=\"summary_large_image\" \/>\n<meta name=\"twitter:creator\" content=\"@yucatanencorto\" \/>\n<meta name=\"twitter:site\" content=\"@yucatanencorto\" \/>\n<meta name=\"twitter:label1\" content=\"Escrito por\" \/>\n\t<meta name=\"twitter:data1\" content=\"Yucat\u00e1n en Corto FC\" \/>\n\t<meta name=\"twitter:label2\" content=\"Tiempo de lectura\" \/>\n\t<meta name=\"twitter:data2\" content=\"2 minutos\" \/>\n<script type=\"application\/ld+json\" class=\"yoast-schema-graph\">{\"@context\":\"https:\\\/\\\/schema.org\",\"@graph\":[{\"@type\":\"Article\",\"@id\":\"https:\\\/\\\/www.yucatanencorto.com\\\/noticias\\\/se-extiende-vigencia-de-las-credenciales-citur-para-estudiantes-adultos-mayores-y-personas-con-discapacidad\\\/#article\",\"isPartOf\":{\"@id\":\"https:\\\/\\\/www.yucatanencorto.com\\\/noticias\\\/se-extiende-vigencia-de-las-credenciales-citur-para-estudiantes-adultos-mayores-y-personas-con-discapacidad\\\/\"},\"author\":{\"name\":\"Yucat\u00e1n en Corto FC\",\"@id\":\"https:\\\/\\\/www.yucatanencorto.com\\\/noticias\\\/#\\\/schema\\\/person\\\/14f82d355225a1f4075dd84a31f45a72\"},\"headline\":\"Se extiende vigencia de las credenciales citur para estudiantes, adultos mayores y personas con discapacidad\",\"datePublished\":\"2021-02-05T00:43:10+00:00\",\"mainEntityOfPage\":{\"@id\":\"https:\\\/\\\/www.yucatanencorto.com\\\/noticias\\\/se-extiende-vigencia-de-las-credenciales-citur-para-estudiantes-adultos-mayores-y-personas-con-discapacidad\\\/\"},\"wordCount\":336,\"image\":{\"@id\":\"https:\\\/\\\/www.yucatanencorto.com\\\/noticias\\\/se-extiende-vigencia-de-las-credenciales-citur-para-estudiantes-adultos-mayores-y-personas-con-discapacidad\\\/#primaryimage\"},\"thumbnailUrl\":\"https:\\\/\\\/www.yucatanencorto.com\\\/noticias\\\/wp-content\\\/uploads\\\/2021\\\/02\\\/Captura-de-Pantalla-2021-02-04-a-las-13.10.33-600x378-1.jpg\",\"articleSection\":[\"Yucat\u00e1n\"],\"inLanguage\":\"es\"},{\"@type\":\"WebPage\",\"@id\":\"https:\\\/\\\/www.yucatanencorto.com\\\/noticias\\\/se-extiende-vigencia-de-las-credenciales-citur-para-estudiantes-adultos-mayores-y-personas-con-discapacidad\\\/\",\"url\":\"https:\\\/\\\/www.yucatanencorto.com\\\/noticias\\\/se-extiende-vigencia-de-las-credenciales-citur-para-estudiantes-adultos-mayores-y-personas-con-discapacidad\\\/\",\"name\":\"Se extiende vigencia de las credenciales citur para estudiantes, adultos mayores y personas con discapacidad - Yucat\u00e1n en corto\",\"isPartOf\":{\"@id\":\"https:\\\/\\\/www.yucatanencorto.com\\\/noticias\\\/#website\"},\"primaryImageOfPage\":{\"@id\":\"https:\\\/\\\/www.yucatanencorto.com\\\/noticias\\\/se-extiende-vigencia-de-las-credenciales-citur-para-estudiantes-adultos-mayores-y-personas-con-discapacidad\\\/#primaryimage\"},\"image\":{\"@id\":\"https:\\\/\\\/www.yucatanencorto.com\\\/noticias\\\/se-extiende-vigencia-de-las-credenciales-citur-para-estudiantes-adultos-mayores-y-personas-con-discapacidad\\\/#primaryimage\"},\"thumbnailUrl\":\"https:\\\/\\\/www.yucatanencorto.com\\\/noticias\\\/wp-content\\\/uploads\\\/2021\\\/02\\\/Captura-de-Pantalla-2021-02-04-a-las-13.10.33-600x378-1.jpg\",\"datePublished\":\"2021-02-05T00:43:10+00:00\",\"author\":{\"@id\":\"https:\\\/\\\/www.yucatanencorto.com\\\/noticias\\\/#\\\/schema\\\/person\\\/14f82d355225a1f4075dd84a31f45a72\"},\"breadcrumb\":{\"@id\":\"https:\\\/\\\/www.yucatanencorto.com\\\/noticias\\\/se-extiende-vigencia-de-las-credenciales-citur-para-estudiantes-adultos-mayores-y-personas-con-discapacidad\\\/#breadcrumb\"},\"inLanguage\":\"es\",\"potentialAction\":[{\"@type\":\"ReadAction\",\"target\":[\"https:\\\/\\\/www.yucatanencorto.com\\\/noticias\\\/se-extiende-vigencia-de-las-credenciales-citur-para-estudiantes-adultos-mayores-y-personas-con-discapacidad\\\/\"]}]},{\"@type\":\"ImageObject\",\"inLanguage\":\"es\",\"@id\":\"https:\\\/\\\/www.yucatanencorto.com\\\/noticias\\\/se-extiende-vigencia-de-las-credenciales-citur-para-estudiantes-adultos-mayores-y-personas-con-discapacidad\\\/#primaryimage\",\"url\":\"https:\\\/\\\/www.yucatanencorto.com\\\/noticias\\\/wp-content\\\/uploads\\\/2021\\\/02\\\/Captura-de-Pantalla-2021-02-04-a-las-13.10.33-600x378-1.jpg\",\"contentUrl\":\"https:\\\/\\\/www.yucatanencorto.com\\\/noticias\\\/wp-content\\\/uploads\\\/2021\\\/02\\\/Captura-de-Pantalla-2021-02-04-a-las-13.10.33-600x378-1.jpg\",\"width\":600,\"height\":378},{\"@type\":\"BreadcrumbList\",\"@id\":\"https:\\\/\\\/www.yucatanencorto.com\\\/noticias\\\/se-extiende-vigencia-de-las-credenciales-citur-para-estudiantes-adultos-mayores-y-personas-con-discapacidad\\\/#breadcrumb\",\"itemListElement\":[{\"@type\":\"ListItem\",\"position\":1,\"name\":\"Portada\",\"item\":\"https:\\\/\\\/www.yucatanencorto.com\\\/noticias\\\/\"},{\"@type\":\"ListItem\",\"position\":2,\"name\":\"Se extiende vigencia de las credenciales citur para estudiantes, adultos mayores y personas con discapacidad\"}]},{\"@type\":\"WebSite\",\"@id\":\"https:\\\/\\\/www.yucatanencorto.com\\\/noticias\\\/#website\",\"url\":\"https:\\\/\\\/www.yucatanencorto.com\\\/noticias\\\/\",\"name\":\"Yucat\u00e1n en corto\",\"description\":\"Noticias\",\"potentialAction\":[{\"@type\":\"SearchAction\",\"target\":{\"@type\":\"EntryPoint\",\"urlTemplate\":\"https:\\\/\\\/www.yucatanencorto.com\\\/noticias\\\/?s={search_term_string}\"},\"query-input\":{\"@type\":\"PropertyValueSpecification\",\"valueRequired\":true,\"valueName\":\"search_term_string\"}}],\"inLanguage\":\"es\"},{\"@type\":\"Person\",\"@id\":\"https:\\\/\\\/www.yucatanencorto.com\\\/noticias\\\/#\\\/schema\\\/person\\\/14f82d355225a1f4075dd84a31f45a72\",\"name\":\"Yucat\u00e1n en Corto FC\",\"image\":{\"@type\":\"ImageObject\",\"inLanguage\":\"es\",\"@id\":\"https:\\\/\\\/secure.gravatar.com\\\/avatar\\\/147d4b30cd728c53c29c49a3f7834dedca33707f4cd259761355846009a88250?s=96&d=mm&r=g\",\"url\":\"https:\\\/\\\/secure.gravatar.com\\\/avatar\\\/147d4b30cd728c53c29c49a3f7834dedca33707f4cd259761355846009a88250?s=96&d=mm&r=g\",\"contentUrl\":\"https:\\\/\\\/secure.gravatar.com\\\/avatar\\\/147d4b30cd728c53c29c49a3f7834dedca33707f4cd259761355846009a88250?s=96&d=mm&r=g\",\"caption\":\"Yucat\u00e1n en Corto FC\"},\"url\":\"https:\\\/\\\/www.yucatanencorto.com\\\/noticias\\\/author\\\/flor\\\/\"}]}<\/script>\n<!-- \/ Yoast SEO plugin. -->","yoast_head_json":{"title":"Se extiende vigencia de las credenciales citur para estudiantes, adultos mayores y personas con discapacidad - Yucat\u00e1n en corto","robots":{"index":"index","follow":"follow","max-snippet":"max-snippet:-1","max-image-preview":"max-image-preview:large","max-video-preview":"max-video-preview:-1"},"canonical":"https:\/\/www.yucatanencorto.com\/noticias\/se-extiende-vigencia-de-las-credenciales-citur-para-estudiantes-adultos-mayores-y-personas-con-discapacidad\/","og_locale":"es_ES","og_type":"article","og_title":"Se extiende vigencia de las credenciales citur para estudiantes, adultos mayores y personas con discapacidad - Yucat\u00e1n en corto","og_description":"M\u00e9rida, Yucat\u00e1n, 4 de febrero de 2021.- Estudiantes, personas adultas mayores y con discapacidad que cuenten con credenciales inteligentes de transporte urbano pueden seguir disfrutando de la tarifa social o de la exenci\u00f3n aplicable tras ampliarse la vigencia de los pl\u00e1sticos, como parte del compromiso del Gobernador Mauricio Vila Dosal de respaldar la econom\u00eda de [&hellip;]","og_url":"https:\/\/www.yucatanencorto.com\/noticias\/se-extiende-vigencia-de-las-credenciales-citur-para-estudiantes-adultos-mayores-y-personas-con-discapacidad\/","og_site_name":"Yucat\u00e1n en corto","article_publisher":"http:\/\/www.facebook.com\/yucatanencorto","article_published_time":"2021-02-05T00:43:10+00:00","og_image":[{"width":600,"height":378,"url":"https:\/\/www.yucatanencorto.com\/noticias\/wp-content\/uploads\/2021\/02\/Captura-de-Pantalla-2021-02-04-a-las-13.10.33-600x378-1.jpg","type":"image\/jpeg"}],"author":"Yucat\u00e1n en Corto FC","twitter_card":"summary_large_image","twitter_creator":"@yucatanencorto","twitter_site":"@yucatanencorto","twitter_misc":{"Escrito por":"Yucat\u00e1n en Corto FC","Tiempo de lectura":"2 minutos"},"schema":{"@context":"https:\/\/schema.org","@graph":[{"@type":"Article","@id":"https:\/\/www.yucatanencorto.com\/noticias\/se-extiende-vigencia-de-las-credenciales-citur-para-estudiantes-adultos-mayores-y-personas-con-discapacidad\/#article","isPartOf":{"@id":"https:\/\/www.yucatanencorto.com\/noticias\/se-extiende-vigencia-de-las-credenciales-citur-para-estudiantes-adultos-mayores-y-personas-con-discapacidad\/"},"author":{"name":"Yucat\u00e1n en Corto FC","@id":"https:\/\/www.yucatanencorto.com\/noticias\/#\/schema\/person\/14f82d355225a1f4075dd84a31f45a72"},"headline":"Se extiende vigencia de las credenciales citur para estudiantes, adultos mayores y personas con discapacidad","datePublished":"2021-02-05T00:43:10+00:00","mainEntityOfPage":{"@id":"https:\/\/www.yucatanencorto.com\/noticias\/se-extiende-vigencia-de-las-credenciales-citur-para-estudiantes-adultos-mayores-y-personas-con-discapacidad\/"},"wordCount":336,"image":{"@id":"https:\/\/www.yucatanencorto.com\/noticias\/se-extiende-vigencia-de-las-credenciales-citur-para-estudiantes-adultos-mayores-y-personas-con-discapacidad\/#primaryimage"},"thumbnailUrl":"https:\/\/www.yucatanencorto.com\/noticias\/wp-content\/uploads\/2021\/02\/Captura-de-Pantalla-2021-02-04-a-las-13.10.33-600x378-1.jpg","articleSection":["Yucat\u00e1n"],"inLanguage":"es"},{"@type":"WebPage","@id":"https:\/\/www.yucatanencorto.com\/noticias\/se-extiende-vigencia-de-las-credenciales-citur-para-estudiantes-adultos-mayores-y-personas-con-discapacidad\/","url":"https:\/\/www.yucatanencorto.com\/noticias\/se-extiende-vigencia-de-las-credenciales-citur-para-estudiantes-adultos-mayores-y-personas-con-discapacidad\/","name":"Se extiende vigencia de las credenciales citur para estudiantes, adultos mayores y personas con discapacidad - Yucat\u00e1n en corto","isPartOf":{"@id":"https:\/\/www.yucatanencorto.com\/noticias\/#website"},"primaryImageOfPage":{"@id":"https:\/\/www.yucatanencorto.com\/noticias\/se-extiende-vigencia-de-las-credenciales-citur-para-estudiantes-adultos-mayores-y-personas-con-discapacidad\/#primaryimage"},"image":{"@id":"https:\/\/www.yucatanencorto.com\/noticias\/se-extiende-vigencia-de-las-credenciales-citur-para-estudiantes-adultos-mayores-y-personas-con-discapacidad\/#primaryimage"},"thumbnailUrl":"https:\/\/www.yucatanencorto.com\/noticias\/wp-content\/uploads\/2021\/02\/Captura-de-Pantalla-2021-02-04-a-las-13.10.33-600x378-1.jpg","datePublished":"2021-02-05T00:43:10+00:00","author":{"@id":"https:\/\/www.yucatanencorto.com\/noticias\/#\/schema\/person\/14f82d355225a1f4075dd84a31f45a72"},"breadcrumb":{"@id":"https:\/\/www.yucatanencorto.com\/noticias\/se-extiende-vigencia-de-las-credenciales-citur-para-estudiantes-adultos-mayores-y-personas-con-discapacidad\/#breadcrumb"},"inLanguage":"es","potentialAction":[{"@type":"ReadAction","target":["https:\/\/www.yucatanencorto.com\/noticias\/se-extiende-vigencia-de-las-credenciales-citur-para-estudiantes-adultos-mayores-y-personas-con-discapacidad\/"]}]},{"@type":"ImageObject","inLanguage":"es","@id":"https:\/\/www.yucatanencorto.com\/noticias\/se-extiende-vigencia-de-las-credenciales-citur-para-estudiantes-adultos-mayores-y-personas-con-discapacidad\/#primaryimage","url":"https:\/\/www.yucatanencorto.com\/noticias\/wp-content\/uploads\/2021\/02\/Captura-de-Pantalla-2021-02-04-a-las-13.10.33-600x378-1.jpg","contentUrl":"https:\/\/www.yucatanencorto.com\/noticias\/wp-content\/uploads\/2021\/02\/Captura-de-Pantalla-2021-02-04-a-las-13.10.33-600x378-1.jpg","width":600,"height":378},{"@type":"BreadcrumbList","@id":"https:\/\/www.yucatanencorto.com\/noticias\/se-extiende-vigencia-de-las-credenciales-citur-para-estudiantes-adultos-mayores-y-personas-con-discapacidad\/#breadcrumb","itemListElement":[{"@type":"ListItem","position":1,"name":"Portada","item":"https:\/\/www.yucatanencorto.com\/noticias\/"},{"@type":"ListItem","position":2,"name":"Se extiende vigencia de las credenciales citur para estudiantes, adultos mayores y personas con discapacidad"}]},{"@type":"WebSite","@id":"https:\/\/www.yucatanencorto.com\/noticias\/#website","url":"https:\/\/www.yucatanencorto.com\/noticias\/","name":"Yucat\u00e1n en corto","description":"Noticias","potentialAction":[{"@type":"SearchAction","target":{"@type":"EntryPoint","urlTemplate":"https:\/\/www.yucatanencorto.com\/noticias\/?s={search_term_string}"},"query-input":{"@type":"PropertyValueSpecification","valueRequired":true,"valueName":"search_term_string"}}],"inLanguage":"es"},{"@type":"Person","@id":"https:\/\/www.yucatanencorto.com\/noticias\/#\/schema\/person\/14f82d355225a1f4075dd84a31f45a72","name":"Yucat\u00e1n en Corto FC","image":{"@type":"ImageObject","inLanguage":"es","@id":"https:\/\/secure.gravatar.com\/avatar\/147d4b30cd728c53c29c49a3f7834dedca33707f4cd259761355846009a88250?s=96&d=mm&r=g","url":"https:\/\/secure.gravatar.com\/avatar\/147d4b30cd728c53c29c49a3f7834dedca33707f4cd259761355846009a88250?s=96&d=mm&r=g","contentUrl":"https:\/\/secure.gravatar.com\/avatar\/147d4b30cd728c53c29c49a3f7834dedca33707f4cd259761355846009a88250?s=96&d=mm&r=g","caption":"Yucat\u00e1n en Corto FC"},"url":"https:\/\/www.yucatanencorto.com\/noticias\/author\/flor\/"}]}},"_links":{"self":[{"href":"https:\/\/www.yucatanencorto.com\/noticias\/wp-json\/wp\/v2\/posts\/69922","targetHints":{"allow":["GET"]}}],"collection":[{"href":"https:\/\/www.yucatanencorto.com\/noticias\/wp-json\/wp\/v2\/posts"}],"about":[{"href":"https:\/\/www.yucatanencorto.com\/noticias\/wp-json\/wp\/v2\/types\/post"}],"author":[{"embeddable":true,"href":"https:\/\/www.yucatanencorto.com\/noticias\/wp-json\/wp\/v2\/users\/2"}],"replies":[{"embeddable":true,"href":"https:\/\/www.yucatanencorto.com\/noticias\/wp-json\/wp\/v2\/comments?post=69922"}],"version-history":[{"count":0,"href":"https:\/\/www.yucatanencorto.com\/noticias\/wp-json\/wp\/v2\/posts\/69922\/revisions"}],"wp:featuredmedia":[{"embeddable":true,"href":"https:\/\/www.yucatanencorto.com\/noticias\/wp-json\/wp\/v2\/media\/69923"}],"wp:attachment":[{"href":"https:\/\/www.yucatanencorto.com\/noticias\/wp-json\/wp\/v2\/media?parent=69922"}],"wp:term":[{"taxonomy":"category","embeddable":true,"href":"https:\/\/www.yucatanencorto.com\/noticias\/wp-json\/wp\/v2\/categories?post=69922"},{"taxonomy":"post_tag","embeddable":true,"href":"https:\/\/www.yucatanencorto.com\/noticias\/wp-json\/wp\/v2\/tags?post=69922"}],"curies":[{"name":"wp","href":"https:\/\/api.w.org\/{rel}","templated":true}]}}