{"id":69940,"date":"2021-02-04T21:45:33","date_gmt":"2021-02-05T03:45:33","guid":{"rendered":"https:\/\/www.yucatanencorto.com\/noticias\/?p=69940"},"modified":"2021-02-04T21:45:33","modified_gmt":"2021-02-05T03:45:33","slug":"rellenar-el-paso-deprimido-no-es-la-mejor-opcion-senalan-especialistas-ayuntamiento-y-colegio-de-ingenieros-busca-la-solucion-definitiva","status":"publish","type":"post","link":"https:\/\/www.yucatanencorto.com\/noticias\/rellenar-el-paso-deprimido-no-es-la-mejor-opcion-senalan-especialistas-ayuntamiento-y-colegio-de-ingenieros-busca-la-solucion-definitiva\/","title":{"rendered":"\u201cRellenar el paso deprimido no es la mejor opci\u00f3n\u201d se\u00f1alan especialistas; Ayuntamiento y colegio de ingenieros busca la soluci\u00f3n definitiva"},"content":{"rendered":"<p data-removefontsize=\"true\" data-originalcomputedfontsize=\"13.333333015441895\"><img loading=\"lazy\" decoding=\"async\" class=\"alignnone size-full wp-image-69941\" src=\"https:\/\/www.yucatanencorto.com\/noticias\/wp-content\/uploads\/2021\/02\/D76D7258-C961-45B3-9736-07934E7A4C1B-scaled.jpeg\" alt=\"\" width=\"768\" height=\"512\" srcset=\"https:\/\/www.yucatanencorto.com\/noticias\/wp-content\/uploads\/2021\/02\/D76D7258-C961-45B3-9736-07934E7A4C1B-scaled.jpeg 768w, https:\/\/www.yucatanencorto.com\/noticias\/wp-content\/uploads\/2021\/02\/D76D7258-C961-45B3-9736-07934E7A4C1B-696x464.jpeg 696w, https:\/\/www.yucatanencorto.com\/noticias\/wp-content\/uploads\/2021\/02\/D76D7258-C961-45B3-9736-07934E7A4C1B-1068x713.jpeg 1068w, https:\/\/www.yucatanencorto.com\/noticias\/wp-content\/uploads\/2021\/02\/D76D7258-C961-45B3-9736-07934E7A4C1B-630x420.jpeg 630w\" sizes=\"auto, (max-width: 768px) 100vw, 768px\" \/>M\u00e9rida, 4 de febrero de 2021. Una parte de los estudios que se realizan para dar soluci\u00f3n a los problemas que presenta el distribuidor vial de Prolongaci\u00f3n de Paseo Montejo est\u00e1n a cargo del Colegio de Ingenieros Civiles de Yucat\u00e1n y forman parte del trabajo minucioso y detallado que realiza el Ayuntamiento con especialistas locales.<\/p>\n<p data-removefontsize=\"true\" data-originalcomputedfontsize=\"13.333333015441895\">En voz del presidente del Consejo directivo de esa agrupaci\u00f3n Miguel \u00c1ngel Garc\u00eda Dom\u00ednguez, el trabajo resulta complejo, debido a que se requiere tomar en cuenta diversos an\u00e1lisis y estudios para determinar la mejor soluci\u00f3n que garantice en primera instancia la seguridad de los meridanos.<\/p>\n<p data-removefontsize=\"true\" data-originalcomputedfontsize=\"13.333333015441895\">El especialista indic\u00f3 que desde la perspectiva de la agrupaci\u00f3n que representa, cancelar o rellenar el paso deprimido no es la mejor opci\u00f3n, de ah\u00ed que la agrupaci\u00f3n junto con la direcci\u00f3n de Obras P\u00fablicas del Ayuntamiento, la empresa Citra y especialistas en vialidad, han sostenido diversas reuniones de trabajo para conocer a detalles cada uno de los aspectos relacionados con esos puntos, los cuales permitir\u00e1n obtener un dictamen concreto.<\/p>\n<p data-removefontsize=\"true\" data-originalcomputedfontsize=\"13.333333015441895\">Apunt\u00f3 que como especialistas en el tema de infraestructura necesitan conocer a detalles todo los que engloba a este proyecto tanto en el plano estructural, como geohidrol\u00f3gicos, de aforo y tr\u00e1nsito vehicular, debido a que cada uno requiere de un an\u00e1lisis minuciosos que permitan obtener un estudio concreto sobre el destino que tendr\u00e1 el paso a desnivel.<\/p>\n<p data-removefontsize=\"true\" data-originalcomputedfontsize=\"13.333333015441895\">\u201cEs ah\u00ed donde tenemos que ir definiendo si se toma en cuenta una soluci\u00f3n sustentable y con objetivos alcanzables, y se hacen diferentes modelos matem\u00e1ticos donde se aplican f\u00f3rmulas y an\u00e1lisis que ahora con la modernidad a trav\u00e9s de programas de computadora podemos ir registrando en diferentes par\u00e1metros y eso nos ayuda como ingenieros especialistas para ir tomando decisiones\u201d, se\u00f1al\u00f3.<\/p>\n<p data-removefontsize=\"true\" data-originalcomputedfontsize=\"13.333333015441895\">Mencion\u00f3 que a diferencia de otros estudios geohidrol\u00f3gicos que el colegio ha realizado, esta es la primera vez que enfrentan una situaci\u00f3n en el que el principal problema a considerar es el nivel del manto fre\u00e1tico.<\/p>\n<p data-removefontsize=\"true\" data-originalcomputedfontsize=\"13.333333015441895\">\u00a0Aunado a ello dijo que tambi\u00e9n se debe tomar en cuenta los problemas estructurales de la construcci\u00f3n que ya presentan fracturas y de aumento en la carga vial.<\/p>\n<p data-removefontsize=\"true\" data-originalcomputedfontsize=\"13.333333015441895\">\u201cEl detalle es que nunca se ten\u00eda registrado tal volumen de lluvia y agua. Si bien es cierto que con cada lluvia o cada temporada se registran variaciones del nivel del manto fre\u00e1tico, jam\u00e1s hab\u00edan sido con la intensidad del a\u00f1o pasado y en un per\u00edodo tan corto\u201d, remarc\u00f3.<\/p>\n<p data-removefontsize=\"true\" data-originalcomputedfontsize=\"13.333333015441895\">Apunt\u00f3 que en el caso del paso a desnivel, desde el inicio se plante\u00f3 de manera subterr\u00e1nea, por motivos de arquitectura y patrimonio cultural o cuestiones hist\u00f3ricas y de imagen.<\/p>\n<p data-removefontsize=\"true\" data-originalcomputedfontsize=\"13.333333015441895\">Se decidi\u00f3 hacerlo para abajo sin tomar en cuenta la posible elevaci\u00f3n del nivel del manto fre\u00e1tico a futuro, agreg\u00f3.<\/p>\n<p data-removefontsize=\"true\" data-originalcomputedfontsize=\"13.333333015441895\">\u201cEn ese sentido, para hacer una propuesta viable, hay que tomar en cuenta el manto fre\u00e1tico junto con el nivel de factores que van a estar afectado a determinada estructura, dichos estudios son necesarios, ya que solo teniendo bases cient\u00edficas se pueden\u00a0 tomar decisiones\u201d.<\/p>\n","protected":false},"excerpt":{"rendered":"<p>M\u00e9rida, 4 de febrero de 2021. Una parte de los estudios que se realizan para dar soluci\u00f3n a los problemas que presenta el distribuidor vial de Prolongaci\u00f3n de Paseo Montejo est\u00e1n a cargo del Colegio de Ingenieros Civiles de Yucat\u00e1n y forman parte del trabajo minucioso y detallado que realiza el Ayuntamiento con especialistas locales. [&hellip;]<\/p>\n","protected":false},"author":2,"featured_media":69941,"comment_status":"closed","ping_status":"closed","sticky":false,"template":"","format":"standard","meta":{"footnotes":""},"categories":[2,3],"tags":[],"class_list":{"0":"post-69940","1":"post","2":"type-post","3":"status-publish","4":"format-standard","5":"has-post-thumbnail","7":"category-merida","8":"category-yucatan"},"yoast_head":"<!-- This site is optimized with the Yoast SEO plugin v27.4 - https:\/\/yoast.com\/product\/yoast-seo-wordpress\/ -->\n<title>\u201cRellenar el paso deprimido no es la mejor opci\u00f3n\u201d se\u00f1alan especialistas; Ayuntamiento y colegio de ingenieros busca la soluci\u00f3n definitiva - Yucat\u00e1n en corto<\/title>\n<meta name=\"robots\" content=\"index, follow, max-snippet:-1, max-image-preview:large, max-video-preview:-1\" \/>\n<link rel=\"canonical\" href=\"https:\/\/www.yucatanencorto.com\/noticias\/rellenar-el-paso-deprimido-no-es-la-mejor-opcion-senalan-especialistas-ayuntamiento-y-colegio-de-ingenieros-busca-la-solucion-definitiva\/\" \/>\n<meta property=\"og:locale\" content=\"es_ES\" \/>\n<meta property=\"og:type\" content=\"article\" \/>\n<meta property=\"og:title\" content=\"\u201cRellenar el paso deprimido no es la mejor opci\u00f3n\u201d se\u00f1alan especialistas; Ayuntamiento y colegio de ingenieros busca la soluci\u00f3n definitiva - Yucat\u00e1n en corto\" \/>\n<meta property=\"og:description\" content=\"M\u00e9rida, 4 de febrero de 2021. Una parte de los estudios que se realizan para dar soluci\u00f3n a los problemas que presenta el distribuidor vial de Prolongaci\u00f3n de Paseo Montejo est\u00e1n a cargo del Colegio de Ingenieros Civiles de Yucat\u00e1n y forman parte del trabajo minucioso y detallado que realiza el Ayuntamiento con especialistas locales. [&hellip;]\" \/>\n<meta property=\"og:url\" content=\"https:\/\/www.yucatanencorto.com\/noticias\/rellenar-el-paso-deprimido-no-es-la-mejor-opcion-senalan-especialistas-ayuntamiento-y-colegio-de-ingenieros-busca-la-solucion-definitiva\/\" \/>\n<meta property=\"og:site_name\" content=\"Yucat\u00e1n en corto\" \/>\n<meta property=\"article:publisher\" content=\"http:\/\/www.facebook.com\/yucatanencorto\" \/>\n<meta property=\"article:published_time\" content=\"2021-02-05T03:45:33+00:00\" \/>\n<meta property=\"og:image\" content=\"https:\/\/www.yucatanencorto.com\/noticias\/wp-content\/uploads\/2021\/02\/D76D7258-C961-45B3-9736-07934E7A4C1B-scaled.jpeg\" \/>\n\t<meta property=\"og:image:width\" content=\"768\" \/>\n\t<meta property=\"og:image:height\" content=\"512\" \/>\n\t<meta property=\"og:image:type\" content=\"image\/jpeg\" \/>\n<meta name=\"author\" content=\"Yucat\u00e1n en Corto FC\" \/>\n<meta name=\"twitter:card\" content=\"summary_large_image\" \/>\n<meta name=\"twitter:creator\" content=\"@yucatanencorto\" \/>\n<meta name=\"twitter:site\" content=\"@yucatanencorto\" \/>\n<meta name=\"twitter:label1\" content=\"Escrito por\" \/>\n\t<meta name=\"twitter:data1\" content=\"Yucat\u00e1n en Corto FC\" \/>\n\t<meta name=\"twitter:label2\" content=\"Tiempo de lectura\" \/>\n\t<meta name=\"twitter:data2\" content=\"3 minutos\" \/>\n<script type=\"application\/ld+json\" class=\"yoast-schema-graph\">{\"@context\":\"https:\\\/\\\/schema.org\",\"@graph\":[{\"@type\":\"Article\",\"@id\":\"https:\\\/\\\/www.yucatanencorto.com\\\/noticias\\\/rellenar-el-paso-deprimido-no-es-la-mejor-opcion-senalan-especialistas-ayuntamiento-y-colegio-de-ingenieros-busca-la-solucion-definitiva\\\/#article\",\"isPartOf\":{\"@id\":\"https:\\\/\\\/www.yucatanencorto.com\\\/noticias\\\/rellenar-el-paso-deprimido-no-es-la-mejor-opcion-senalan-especialistas-ayuntamiento-y-colegio-de-ingenieros-busca-la-solucion-definitiva\\\/\"},\"author\":{\"name\":\"Yucat\u00e1n en Corto FC\",\"@id\":\"https:\\\/\\\/www.yucatanencorto.com\\\/noticias\\\/#\\\/schema\\\/person\\\/14f82d355225a1f4075dd84a31f45a72\"},\"headline\":\"\u201cRellenar el paso deprimido no es la mejor opci\u00f3n\u201d se\u00f1alan especialistas; Ayuntamiento y colegio de ingenieros busca la soluci\u00f3n definitiva\",\"datePublished\":\"2021-02-05T03:45:33+00:00\",\"mainEntityOfPage\":{\"@id\":\"https:\\\/\\\/www.yucatanencorto.com\\\/noticias\\\/rellenar-el-paso-deprimido-no-es-la-mejor-opcion-senalan-especialistas-ayuntamiento-y-colegio-de-ingenieros-busca-la-solucion-definitiva\\\/\"},\"wordCount\":558,\"image\":{\"@id\":\"https:\\\/\\\/www.yucatanencorto.com\\\/noticias\\\/rellenar-el-paso-deprimido-no-es-la-mejor-opcion-senalan-especialistas-ayuntamiento-y-colegio-de-ingenieros-busca-la-solucion-definitiva\\\/#primaryimage\"},\"thumbnailUrl\":\"https:\\\/\\\/www.yucatanencorto.com\\\/noticias\\\/wp-content\\\/uploads\\\/2021\\\/02\\\/D76D7258-C961-45B3-9736-07934E7A4C1B-scaled.jpeg\",\"articleSection\":[\"M\u00e9rida\",\"Yucat\u00e1n\"],\"inLanguage\":\"es\"},{\"@type\":\"WebPage\",\"@id\":\"https:\\\/\\\/www.yucatanencorto.com\\\/noticias\\\/rellenar-el-paso-deprimido-no-es-la-mejor-opcion-senalan-especialistas-ayuntamiento-y-colegio-de-ingenieros-busca-la-solucion-definitiva\\\/\",\"url\":\"https:\\\/\\\/www.yucatanencorto.com\\\/noticias\\\/rellenar-el-paso-deprimido-no-es-la-mejor-opcion-senalan-especialistas-ayuntamiento-y-colegio-de-ingenieros-busca-la-solucion-definitiva\\\/\",\"name\":\"\u201cRellenar el paso deprimido no es la mejor opci\u00f3n\u201d se\u00f1alan especialistas; Ayuntamiento y colegio de ingenieros busca la soluci\u00f3n definitiva - Yucat\u00e1n en corto\",\"isPartOf\":{\"@id\":\"https:\\\/\\\/www.yucatanencorto.com\\\/noticias\\\/#website\"},\"primaryImageOfPage\":{\"@id\":\"https:\\\/\\\/www.yucatanencorto.com\\\/noticias\\\/rellenar-el-paso-deprimido-no-es-la-mejor-opcion-senalan-especialistas-ayuntamiento-y-colegio-de-ingenieros-busca-la-solucion-definitiva\\\/#primaryimage\"},\"image\":{\"@id\":\"https:\\\/\\\/www.yucatanencorto.com\\\/noticias\\\/rellenar-el-paso-deprimido-no-es-la-mejor-opcion-senalan-especialistas-ayuntamiento-y-colegio-de-ingenieros-busca-la-solucion-definitiva\\\/#primaryimage\"},\"thumbnailUrl\":\"https:\\\/\\\/www.yucatanencorto.com\\\/noticias\\\/wp-content\\\/uploads\\\/2021\\\/02\\\/D76D7258-C961-45B3-9736-07934E7A4C1B-scaled.jpeg\",\"datePublished\":\"2021-02-05T03:45:33+00:00\",\"author\":{\"@id\":\"https:\\\/\\\/www.yucatanencorto.com\\\/noticias\\\/#\\\/schema\\\/person\\\/14f82d355225a1f4075dd84a31f45a72\"},\"breadcrumb\":{\"@id\":\"https:\\\/\\\/www.yucatanencorto.com\\\/noticias\\\/rellenar-el-paso-deprimido-no-es-la-mejor-opcion-senalan-especialistas-ayuntamiento-y-colegio-de-ingenieros-busca-la-solucion-definitiva\\\/#breadcrumb\"},\"inLanguage\":\"es\",\"potentialAction\":[{\"@type\":\"ReadAction\",\"target\":[\"https:\\\/\\\/www.yucatanencorto.com\\\/noticias\\\/rellenar-el-paso-deprimido-no-es-la-mejor-opcion-senalan-especialistas-ayuntamiento-y-colegio-de-ingenieros-busca-la-solucion-definitiva\\\/\"]}]},{\"@type\":\"ImageObject\",\"inLanguage\":\"es\",\"@id\":\"https:\\\/\\\/www.yucatanencorto.com\\\/noticias\\\/rellenar-el-paso-deprimido-no-es-la-mejor-opcion-senalan-especialistas-ayuntamiento-y-colegio-de-ingenieros-busca-la-solucion-definitiva\\\/#primaryimage\",\"url\":\"https:\\\/\\\/www.yucatanencorto.com\\\/noticias\\\/wp-content\\\/uploads\\\/2021\\\/02\\\/D76D7258-C961-45B3-9736-07934E7A4C1B-scaled.jpeg\",\"contentUrl\":\"https:\\\/\\\/www.yucatanencorto.com\\\/noticias\\\/wp-content\\\/uploads\\\/2021\\\/02\\\/D76D7258-C961-45B3-9736-07934E7A4C1B-scaled.jpeg\",\"width\":768,\"height\":512},{\"@type\":\"BreadcrumbList\",\"@id\":\"https:\\\/\\\/www.yucatanencorto.com\\\/noticias\\\/rellenar-el-paso-deprimido-no-es-la-mejor-opcion-senalan-especialistas-ayuntamiento-y-colegio-de-ingenieros-busca-la-solucion-definitiva\\\/#breadcrumb\",\"itemListElement\":[{\"@type\":\"ListItem\",\"position\":1,\"name\":\"Portada\",\"item\":\"https:\\\/\\\/www.yucatanencorto.com\\\/noticias\\\/\"},{\"@type\":\"ListItem\",\"position\":2,\"name\":\"\u201cRellenar el paso deprimido no es la mejor opci\u00f3n\u201d se\u00f1alan especialistas; Ayuntamiento y colegio de ingenieros busca la soluci\u00f3n definitiva\"}]},{\"@type\":\"WebSite\",\"@id\":\"https:\\\/\\\/www.yucatanencorto.com\\\/noticias\\\/#website\",\"url\":\"https:\\\/\\\/www.yucatanencorto.com\\\/noticias\\\/\",\"name\":\"Yucat\u00e1n en corto\",\"description\":\"Noticias\",\"potentialAction\":[{\"@type\":\"SearchAction\",\"target\":{\"@type\":\"EntryPoint\",\"urlTemplate\":\"https:\\\/\\\/www.yucatanencorto.com\\\/noticias\\\/?s={search_term_string}\"},\"query-input\":{\"@type\":\"PropertyValueSpecification\",\"valueRequired\":true,\"valueName\":\"search_term_string\"}}],\"inLanguage\":\"es\"},{\"@type\":\"Person\",\"@id\":\"https:\\\/\\\/www.yucatanencorto.com\\\/noticias\\\/#\\\/schema\\\/person\\\/14f82d355225a1f4075dd84a31f45a72\",\"name\":\"Yucat\u00e1n en Corto FC\",\"image\":{\"@type\":\"ImageObject\",\"inLanguage\":\"es\",\"@id\":\"https:\\\/\\\/secure.gravatar.com\\\/avatar\\\/147d4b30cd728c53c29c49a3f7834dedca33707f4cd259761355846009a88250?s=96&d=mm&r=g\",\"url\":\"https:\\\/\\\/secure.gravatar.com\\\/avatar\\\/147d4b30cd728c53c29c49a3f7834dedca33707f4cd259761355846009a88250?s=96&d=mm&r=g\",\"contentUrl\":\"https:\\\/\\\/secure.gravatar.com\\\/avatar\\\/147d4b30cd728c53c29c49a3f7834dedca33707f4cd259761355846009a88250?s=96&d=mm&r=g\",\"caption\":\"Yucat\u00e1n en Corto FC\"},\"url\":\"https:\\\/\\\/www.yucatanencorto.com\\\/noticias\\\/author\\\/flor\\\/\"}]}<\/script>\n<!-- \/ Yoast SEO plugin. -->","yoast_head_json":{"title":"\u201cRellenar el paso deprimido no es la mejor opci\u00f3n\u201d se\u00f1alan especialistas; Ayuntamiento y colegio de ingenieros busca la soluci\u00f3n definitiva - Yucat\u00e1n en corto","robots":{"index":"index","follow":"follow","max-snippet":"max-snippet:-1","max-image-preview":"max-image-preview:large","max-video-preview":"max-video-preview:-1"},"canonical":"https:\/\/www.yucatanencorto.com\/noticias\/rellenar-el-paso-deprimido-no-es-la-mejor-opcion-senalan-especialistas-ayuntamiento-y-colegio-de-ingenieros-busca-la-solucion-definitiva\/","og_locale":"es_ES","og_type":"article","og_title":"\u201cRellenar el paso deprimido no es la mejor opci\u00f3n\u201d se\u00f1alan especialistas; Ayuntamiento y colegio de ingenieros busca la soluci\u00f3n definitiva - Yucat\u00e1n en corto","og_description":"M\u00e9rida, 4 de febrero de 2021. Una parte de los estudios que se realizan para dar soluci\u00f3n a los problemas que presenta el distribuidor vial de Prolongaci\u00f3n de Paseo Montejo est\u00e1n a cargo del Colegio de Ingenieros Civiles de Yucat\u00e1n y forman parte del trabajo minucioso y detallado que realiza el Ayuntamiento con especialistas locales. [&hellip;]","og_url":"https:\/\/www.yucatanencorto.com\/noticias\/rellenar-el-paso-deprimido-no-es-la-mejor-opcion-senalan-especialistas-ayuntamiento-y-colegio-de-ingenieros-busca-la-solucion-definitiva\/","og_site_name":"Yucat\u00e1n en corto","article_publisher":"http:\/\/www.facebook.com\/yucatanencorto","article_published_time":"2021-02-05T03:45:33+00:00","og_image":[{"width":768,"height":512,"url":"https:\/\/www.yucatanencorto.com\/noticias\/wp-content\/uploads\/2021\/02\/D76D7258-C961-45B3-9736-07934E7A4C1B-scaled.jpeg","type":"image\/jpeg"}],"author":"Yucat\u00e1n en Corto FC","twitter_card":"summary_large_image","twitter_creator":"@yucatanencorto","twitter_site":"@yucatanencorto","twitter_misc":{"Escrito por":"Yucat\u00e1n en Corto FC","Tiempo de lectura":"3 minutos"},"schema":{"@context":"https:\/\/schema.org","@graph":[{"@type":"Article","@id":"https:\/\/www.yucatanencorto.com\/noticias\/rellenar-el-paso-deprimido-no-es-la-mejor-opcion-senalan-especialistas-ayuntamiento-y-colegio-de-ingenieros-busca-la-solucion-definitiva\/#article","isPartOf":{"@id":"https:\/\/www.yucatanencorto.com\/noticias\/rellenar-el-paso-deprimido-no-es-la-mejor-opcion-senalan-especialistas-ayuntamiento-y-colegio-de-ingenieros-busca-la-solucion-definitiva\/"},"author":{"name":"Yucat\u00e1n en Corto FC","@id":"https:\/\/www.yucatanencorto.com\/noticias\/#\/schema\/person\/14f82d355225a1f4075dd84a31f45a72"},"headline":"\u201cRellenar el paso deprimido no es la mejor opci\u00f3n\u201d se\u00f1alan especialistas; Ayuntamiento y colegio de ingenieros busca la soluci\u00f3n definitiva","datePublished":"2021-02-05T03:45:33+00:00","mainEntityOfPage":{"@id":"https:\/\/www.yucatanencorto.com\/noticias\/rellenar-el-paso-deprimido-no-es-la-mejor-opcion-senalan-especialistas-ayuntamiento-y-colegio-de-ingenieros-busca-la-solucion-definitiva\/"},"wordCount":558,"image":{"@id":"https:\/\/www.yucatanencorto.com\/noticias\/rellenar-el-paso-deprimido-no-es-la-mejor-opcion-senalan-especialistas-ayuntamiento-y-colegio-de-ingenieros-busca-la-solucion-definitiva\/#primaryimage"},"thumbnailUrl":"https:\/\/www.yucatanencorto.com\/noticias\/wp-content\/uploads\/2021\/02\/D76D7258-C961-45B3-9736-07934E7A4C1B-scaled.jpeg","articleSection":["M\u00e9rida","Yucat\u00e1n"],"inLanguage":"es"},{"@type":"WebPage","@id":"https:\/\/www.yucatanencorto.com\/noticias\/rellenar-el-paso-deprimido-no-es-la-mejor-opcion-senalan-especialistas-ayuntamiento-y-colegio-de-ingenieros-busca-la-solucion-definitiva\/","url":"https:\/\/www.yucatanencorto.com\/noticias\/rellenar-el-paso-deprimido-no-es-la-mejor-opcion-senalan-especialistas-ayuntamiento-y-colegio-de-ingenieros-busca-la-solucion-definitiva\/","name":"\u201cRellenar el paso deprimido no es la mejor opci\u00f3n\u201d se\u00f1alan especialistas; Ayuntamiento y colegio de ingenieros busca la soluci\u00f3n definitiva - Yucat\u00e1n en corto","isPartOf":{"@id":"https:\/\/www.yucatanencorto.com\/noticias\/#website"},"primaryImageOfPage":{"@id":"https:\/\/www.yucatanencorto.com\/noticias\/rellenar-el-paso-deprimido-no-es-la-mejor-opcion-senalan-especialistas-ayuntamiento-y-colegio-de-ingenieros-busca-la-solucion-definitiva\/#primaryimage"},"image":{"@id":"https:\/\/www.yucatanencorto.com\/noticias\/rellenar-el-paso-deprimido-no-es-la-mejor-opcion-senalan-especialistas-ayuntamiento-y-colegio-de-ingenieros-busca-la-solucion-definitiva\/#primaryimage"},"thumbnailUrl":"https:\/\/www.yucatanencorto.com\/noticias\/wp-content\/uploads\/2021\/02\/D76D7258-C961-45B3-9736-07934E7A4C1B-scaled.jpeg","datePublished":"2021-02-05T03:45:33+00:00","author":{"@id":"https:\/\/www.yucatanencorto.com\/noticias\/#\/schema\/person\/14f82d355225a1f4075dd84a31f45a72"},"breadcrumb":{"@id":"https:\/\/www.yucatanencorto.com\/noticias\/rellenar-el-paso-deprimido-no-es-la-mejor-opcion-senalan-especialistas-ayuntamiento-y-colegio-de-ingenieros-busca-la-solucion-definitiva\/#breadcrumb"},"inLanguage":"es","potentialAction":[{"@type":"ReadAction","target":["https:\/\/www.yucatanencorto.com\/noticias\/rellenar-el-paso-deprimido-no-es-la-mejor-opcion-senalan-especialistas-ayuntamiento-y-colegio-de-ingenieros-busca-la-solucion-definitiva\/"]}]},{"@type":"ImageObject","inLanguage":"es","@id":"https:\/\/www.yucatanencorto.com\/noticias\/rellenar-el-paso-deprimido-no-es-la-mejor-opcion-senalan-especialistas-ayuntamiento-y-colegio-de-ingenieros-busca-la-solucion-definitiva\/#primaryimage","url":"https:\/\/www.yucatanencorto.com\/noticias\/wp-content\/uploads\/2021\/02\/D76D7258-C961-45B3-9736-07934E7A4C1B-scaled.jpeg","contentUrl":"https:\/\/www.yucatanencorto.com\/noticias\/wp-content\/uploads\/2021\/02\/D76D7258-C961-45B3-9736-07934E7A4C1B-scaled.jpeg","width":768,"height":512},{"@type":"BreadcrumbList","@id":"https:\/\/www.yucatanencorto.com\/noticias\/rellenar-el-paso-deprimido-no-es-la-mejor-opcion-senalan-especialistas-ayuntamiento-y-colegio-de-ingenieros-busca-la-solucion-definitiva\/#breadcrumb","itemListElement":[{"@type":"ListItem","position":1,"name":"Portada","item":"https:\/\/www.yucatanencorto.com\/noticias\/"},{"@type":"ListItem","position":2,"name":"\u201cRellenar el paso deprimido no es la mejor opci\u00f3n\u201d se\u00f1alan especialistas; Ayuntamiento y colegio de ingenieros busca la soluci\u00f3n definitiva"}]},{"@type":"WebSite","@id":"https:\/\/www.yucatanencorto.com\/noticias\/#website","url":"https:\/\/www.yucatanencorto.com\/noticias\/","name":"Yucat\u00e1n en corto","description":"Noticias","potentialAction":[{"@type":"SearchAction","target":{"@type":"EntryPoint","urlTemplate":"https:\/\/www.yucatanencorto.com\/noticias\/?s={search_term_string}"},"query-input":{"@type":"PropertyValueSpecification","valueRequired":true,"valueName":"search_term_string"}}],"inLanguage":"es"},{"@type":"Person","@id":"https:\/\/www.yucatanencorto.com\/noticias\/#\/schema\/person\/14f82d355225a1f4075dd84a31f45a72","name":"Yucat\u00e1n en Corto FC","image":{"@type":"ImageObject","inLanguage":"es","@id":"https:\/\/secure.gravatar.com\/avatar\/147d4b30cd728c53c29c49a3f7834dedca33707f4cd259761355846009a88250?s=96&d=mm&r=g","url":"https:\/\/secure.gravatar.com\/avatar\/147d4b30cd728c53c29c49a3f7834dedca33707f4cd259761355846009a88250?s=96&d=mm&r=g","contentUrl":"https:\/\/secure.gravatar.com\/avatar\/147d4b30cd728c53c29c49a3f7834dedca33707f4cd259761355846009a88250?s=96&d=mm&r=g","caption":"Yucat\u00e1n en Corto FC"},"url":"https:\/\/www.yucatanencorto.com\/noticias\/author\/flor\/"}]}},"_links":{"self":[{"href":"https:\/\/www.yucatanencorto.com\/noticias\/wp-json\/wp\/v2\/posts\/69940","targetHints":{"allow":["GET"]}}],"collection":[{"href":"https:\/\/www.yucatanencorto.com\/noticias\/wp-json\/wp\/v2\/posts"}],"about":[{"href":"https:\/\/www.yucatanencorto.com\/noticias\/wp-json\/wp\/v2\/types\/post"}],"author":[{"embeddable":true,"href":"https:\/\/www.yucatanencorto.com\/noticias\/wp-json\/wp\/v2\/users\/2"}],"replies":[{"embeddable":true,"href":"https:\/\/www.yucatanencorto.com\/noticias\/wp-json\/wp\/v2\/comments?post=69940"}],"version-history":[{"count":0,"href":"https:\/\/www.yucatanencorto.com\/noticias\/wp-json\/wp\/v2\/posts\/69940\/revisions"}],"wp:featuredmedia":[{"embeddable":true,"href":"https:\/\/www.yucatanencorto.com\/noticias\/wp-json\/wp\/v2\/media\/69941"}],"wp:attachment":[{"href":"https:\/\/www.yucatanencorto.com\/noticias\/wp-json\/wp\/v2\/media?parent=69940"}],"wp:term":[{"taxonomy":"category","embeddable":true,"href":"https:\/\/www.yucatanencorto.com\/noticias\/wp-json\/wp\/v2\/categories?post=69940"},{"taxonomy":"post_tag","embeddable":true,"href":"https:\/\/www.yucatanencorto.com\/noticias\/wp-json\/wp\/v2\/tags?post=69940"}],"curies":[{"name":"wp","href":"https:\/\/api.w.org\/{rel}","templated":true}]}}