{"id":69961,"date":"2021-02-06T09:48:59","date_gmt":"2021-02-06T15:48:59","guid":{"rendered":"https:\/\/www.yucatanencorto.com\/noticias\/?p=69961"},"modified":"2021-02-06T09:49:27","modified_gmt":"2021-02-06T15:49:27","slug":"tras-ceremonia-de-bautismo-bebe-pierde-la-vida-en-rumania","status":"publish","type":"post","link":"https:\/\/www.yucatanencorto.com\/noticias\/tras-ceremonia-de-bautismo-bebe-pierde-la-vida-en-rumania\/","title":{"rendered":"Tras ceremonia de bautismo, beb\u00e9 pierde la vida en Rumania"},"content":{"rendered":"<p><img loading=\"lazy\" decoding=\"async\" class=\"alignnone size-full wp-image-69962\" src=\"https:\/\/www.yucatanencorto.com\/noticias\/wp-content\/uploads\/2021\/02\/okok-121517-scaled.jpg\" alt=\"\" width=\"768\" height=\"432\" srcset=\"https:\/\/www.yucatanencorto.com\/noticias\/wp-content\/uploads\/2021\/02\/okok-121517-scaled.jpg 768w, https:\/\/www.yucatanencorto.com\/noticias\/wp-content\/uploads\/2021\/02\/okok-121517-696x392.jpg 696w, https:\/\/www.yucatanencorto.com\/noticias\/wp-content\/uploads\/2021\/02\/okok-121517-1068x601.jpg 1068w, https:\/\/www.yucatanencorto.com\/noticias\/wp-content\/uploads\/2021\/02\/okok-121517-747x420.jpg 747w\" sizes=\"auto, (max-width: 768px) 100vw, 768px\" \/>En\u00a0<strong>Rumania<\/strong>, la muerte de un<strong>\u00a0beb\u00e9\u00a0<\/strong>de seis semanas, ocurrida despu\u00e9s de la ceremonia de bautismo, conmovi\u00f3 al pa\u00eds, y las redes sociales se movilizan para que la iglesia ortodoxa modifique el ritual, considerado peligroso.<\/p>\n<p>\u201cLa muerte de un reci\u00e9n nacido a causa de esta pr\u00e1ctica es una gran tragedia. Este riesgo hay que descartarlo para que triunfe la alegr\u00eda del bautismo\u201d, escribieron usuarios, que iniciaron una petici\u00f3n en l\u00ednea, que sumaba m\u00e1s de 56 mil firmas.<\/p>\n<h2>La historia del beb\u00e9 en Rumania<\/h2>\n<p><strong>Un beb\u00e9 muri\u00f3 en el hospital\u00a0<\/strong>el lunes, poco despu\u00e9s de ser bautizado en una iglesia de Suceava. Cumpliendo con el ritual ortodoxo, el infante fue\u00a0<strong>sumergido tres veces en el agua bendita<\/strong>\u00a0a pesar de que lloraba mucho.<\/p>\n<h2>\u00bfPor qu\u00e9 perdi\u00f3 la vida el infante en Rumania?<\/h2>\n<p>El beb\u00e9 sufri\u00f3 un paro card\u00edaco, fue trasladado de urgencia al nosocomio, pero falleci\u00f3 unas horas despu\u00e9s. La autopsia revel\u00f3 la\u00a0<strong>presencia de un \u201cl\u00edquido\u201d en sus pulmones<\/strong>\u00a0y la fiscal\u00eda abri\u00f3 una investigaci\u00f3n por \u201chomicidio\u201d contra el sacerdote que ofici\u00f3 el bautismo.<\/p>\n<h2>La iglesia en Rumania contesta<\/h2>\n<p>Ante las cr\u00edticas, el portavoz de la Iglesia Ortodoxa Vasile Banescu mencion\u00f3 que los sacerdotes podr\u00edan simplemente verter un poco de agua en la frente del beb\u00e9 para evitar tales tragedias.<\/p>\n<p>Pese a las pruebas que revelaron que\u00a0<strong>el beb\u00e9 perdi\u00f3 la vida porque ten\u00eda \u201cl\u00edquido\u201d en sus pulmones<\/strong>, el arzobispo Teodosia, l\u00edder del ala dura dentro de la Iglesia, afirm\u00f3 que este \u201critual no cambiar\u00e1\u201d y no se dejar\u00e1n amedrentar.<\/p>\n<ul>\n<li>En ese sentido, agreg\u00f3 \u201cno nos dejaremos intimidar\u201d. Autoridades abrieron una investigaci\u00f3n por homicidio, hasta el momento no hay detenidos.<\/li>\n<\/ul>\n<p>&nbsp;<\/p>\n<p>UNOTV<\/p>\n","protected":false},"excerpt":{"rendered":"<p>En\u00a0Rumania, la muerte de un\u00a0beb\u00e9\u00a0de seis semanas, ocurrida despu\u00e9s de la ceremonia de bautismo, conmovi\u00f3 al pa\u00eds, y las redes sociales se movilizan para que la iglesia ortodoxa modifique el ritual, considerado peligroso. \u201cLa muerte de un reci\u00e9n nacido a causa de esta pr\u00e1ctica es una gran tragedia. Este riesgo hay que descartarlo para que [&hellip;]<\/p>\n","protected":false},"author":2,"featured_media":69962,"comment_status":"closed","ping_status":"closed","sticky":false,"template":"","format":"standard","meta":{"footnotes":""},"categories":[5],"tags":[],"class_list":{"0":"post-69961","1":"post","2":"type-post","3":"status-publish","4":"format-standard","5":"has-post-thumbnail","7":"category-internacional"},"yoast_head":"<!-- This site is optimized with the Yoast SEO plugin v27.4 - https:\/\/yoast.com\/product\/yoast-seo-wordpress\/ -->\n<title>Tras ceremonia de bautismo, beb\u00e9 pierde la vida en Rumania - Yucat\u00e1n en corto<\/title>\n<meta name=\"robots\" content=\"index, follow, max-snippet:-1, max-image-preview:large, max-video-preview:-1\" \/>\n<link rel=\"canonical\" href=\"https:\/\/www.yucatanencorto.com\/noticias\/tras-ceremonia-de-bautismo-bebe-pierde-la-vida-en-rumania\/\" \/>\n<meta property=\"og:locale\" content=\"es_ES\" \/>\n<meta property=\"og:type\" content=\"article\" \/>\n<meta property=\"og:title\" content=\"Tras ceremonia de bautismo, beb\u00e9 pierde la vida en Rumania - Yucat\u00e1n en corto\" \/>\n<meta property=\"og:description\" content=\"En\u00a0Rumania, la muerte de un\u00a0beb\u00e9\u00a0de seis semanas, ocurrida despu\u00e9s de la ceremonia de bautismo, conmovi\u00f3 al pa\u00eds, y las redes sociales se movilizan para que la iglesia ortodoxa modifique el ritual, considerado peligroso. \u201cLa muerte de un reci\u00e9n nacido a causa de esta pr\u00e1ctica es una gran tragedia. Este riesgo hay que descartarlo para que [&hellip;]\" \/>\n<meta property=\"og:url\" content=\"https:\/\/www.yucatanencorto.com\/noticias\/tras-ceremonia-de-bautismo-bebe-pierde-la-vida-en-rumania\/\" \/>\n<meta property=\"og:site_name\" content=\"Yucat\u00e1n en corto\" \/>\n<meta property=\"article:publisher\" content=\"http:\/\/www.facebook.com\/yucatanencorto\" \/>\n<meta property=\"article:published_time\" content=\"2021-02-06T15:48:59+00:00\" \/>\n<meta property=\"article:modified_time\" content=\"2021-02-06T15:49:27+00:00\" \/>\n<meta property=\"og:image\" content=\"https:\/\/www.yucatanencorto.com\/noticias\/wp-content\/uploads\/2021\/02\/okok-121517-scaled.jpg\" \/>\n\t<meta property=\"og:image:width\" content=\"768\" \/>\n\t<meta property=\"og:image:height\" content=\"432\" \/>\n\t<meta property=\"og:image:type\" content=\"image\/jpeg\" \/>\n<meta name=\"author\" content=\"Yucat\u00e1n en Corto FC\" \/>\n<meta name=\"twitter:card\" content=\"summary_large_image\" \/>\n<meta name=\"twitter:creator\" content=\"@yucatanencorto\" \/>\n<meta name=\"twitter:site\" content=\"@yucatanencorto\" \/>\n<meta name=\"twitter:label1\" content=\"Escrito por\" \/>\n\t<meta name=\"twitter:data1\" content=\"Yucat\u00e1n en Corto FC\" \/>\n\t<meta name=\"twitter:label2\" content=\"Tiempo de lectura\" \/>\n\t<meta name=\"twitter:data2\" content=\"2 minutos\" \/>\n<script type=\"application\/ld+json\" class=\"yoast-schema-graph\">{\"@context\":\"https:\\\/\\\/schema.org\",\"@graph\":[{\"@type\":\"Article\",\"@id\":\"https:\\\/\\\/www.yucatanencorto.com\\\/noticias\\\/tras-ceremonia-de-bautismo-bebe-pierde-la-vida-en-rumania\\\/#article\",\"isPartOf\":{\"@id\":\"https:\\\/\\\/www.yucatanencorto.com\\\/noticias\\\/tras-ceremonia-de-bautismo-bebe-pierde-la-vida-en-rumania\\\/\"},\"author\":{\"name\":\"Yucat\u00e1n en Corto FC\",\"@id\":\"https:\\\/\\\/www.yucatanencorto.com\\\/noticias\\\/#\\\/schema\\\/person\\\/14f82d355225a1f4075dd84a31f45a72\"},\"headline\":\"Tras ceremonia de bautismo, beb\u00e9 pierde la vida en Rumania\",\"datePublished\":\"2021-02-06T15:48:59+00:00\",\"dateModified\":\"2021-02-06T15:49:27+00:00\",\"mainEntityOfPage\":{\"@id\":\"https:\\\/\\\/www.yucatanencorto.com\\\/noticias\\\/tras-ceremonia-de-bautismo-bebe-pierde-la-vida-en-rumania\\\/\"},\"wordCount\":303,\"image\":{\"@id\":\"https:\\\/\\\/www.yucatanencorto.com\\\/noticias\\\/tras-ceremonia-de-bautismo-bebe-pierde-la-vida-en-rumania\\\/#primaryimage\"},\"thumbnailUrl\":\"https:\\\/\\\/www.yucatanencorto.com\\\/noticias\\\/wp-content\\\/uploads\\\/2021\\\/02\\\/okok-121517-scaled.jpg\",\"articleSection\":[\"Internacional\"],\"inLanguage\":\"es\"},{\"@type\":\"WebPage\",\"@id\":\"https:\\\/\\\/www.yucatanencorto.com\\\/noticias\\\/tras-ceremonia-de-bautismo-bebe-pierde-la-vida-en-rumania\\\/\",\"url\":\"https:\\\/\\\/www.yucatanencorto.com\\\/noticias\\\/tras-ceremonia-de-bautismo-bebe-pierde-la-vida-en-rumania\\\/\",\"name\":\"Tras ceremonia de bautismo, beb\u00e9 pierde la vida en Rumania - Yucat\u00e1n en corto\",\"isPartOf\":{\"@id\":\"https:\\\/\\\/www.yucatanencorto.com\\\/noticias\\\/#website\"},\"primaryImageOfPage\":{\"@id\":\"https:\\\/\\\/www.yucatanencorto.com\\\/noticias\\\/tras-ceremonia-de-bautismo-bebe-pierde-la-vida-en-rumania\\\/#primaryimage\"},\"image\":{\"@id\":\"https:\\\/\\\/www.yucatanencorto.com\\\/noticias\\\/tras-ceremonia-de-bautismo-bebe-pierde-la-vida-en-rumania\\\/#primaryimage\"},\"thumbnailUrl\":\"https:\\\/\\\/www.yucatanencorto.com\\\/noticias\\\/wp-content\\\/uploads\\\/2021\\\/02\\\/okok-121517-scaled.jpg\",\"datePublished\":\"2021-02-06T15:48:59+00:00\",\"dateModified\":\"2021-02-06T15:49:27+00:00\",\"author\":{\"@id\":\"https:\\\/\\\/www.yucatanencorto.com\\\/noticias\\\/#\\\/schema\\\/person\\\/14f82d355225a1f4075dd84a31f45a72\"},\"breadcrumb\":{\"@id\":\"https:\\\/\\\/www.yucatanencorto.com\\\/noticias\\\/tras-ceremonia-de-bautismo-bebe-pierde-la-vida-en-rumania\\\/#breadcrumb\"},\"inLanguage\":\"es\",\"potentialAction\":[{\"@type\":\"ReadAction\",\"target\":[\"https:\\\/\\\/www.yucatanencorto.com\\\/noticias\\\/tras-ceremonia-de-bautismo-bebe-pierde-la-vida-en-rumania\\\/\"]}]},{\"@type\":\"ImageObject\",\"inLanguage\":\"es\",\"@id\":\"https:\\\/\\\/www.yucatanencorto.com\\\/noticias\\\/tras-ceremonia-de-bautismo-bebe-pierde-la-vida-en-rumania\\\/#primaryimage\",\"url\":\"https:\\\/\\\/www.yucatanencorto.com\\\/noticias\\\/wp-content\\\/uploads\\\/2021\\\/02\\\/okok-121517-scaled.jpg\",\"contentUrl\":\"https:\\\/\\\/www.yucatanencorto.com\\\/noticias\\\/wp-content\\\/uploads\\\/2021\\\/02\\\/okok-121517-scaled.jpg\",\"width\":768,\"height\":432},{\"@type\":\"BreadcrumbList\",\"@id\":\"https:\\\/\\\/www.yucatanencorto.com\\\/noticias\\\/tras-ceremonia-de-bautismo-bebe-pierde-la-vida-en-rumania\\\/#breadcrumb\",\"itemListElement\":[{\"@type\":\"ListItem\",\"position\":1,\"name\":\"Portada\",\"item\":\"https:\\\/\\\/www.yucatanencorto.com\\\/noticias\\\/\"},{\"@type\":\"ListItem\",\"position\":2,\"name\":\"Tras ceremonia de bautismo, beb\u00e9 pierde la vida en Rumania\"}]},{\"@type\":\"WebSite\",\"@id\":\"https:\\\/\\\/www.yucatanencorto.com\\\/noticias\\\/#website\",\"url\":\"https:\\\/\\\/www.yucatanencorto.com\\\/noticias\\\/\",\"name\":\"Yucat\u00e1n en corto\",\"description\":\"Noticias\",\"potentialAction\":[{\"@type\":\"SearchAction\",\"target\":{\"@type\":\"EntryPoint\",\"urlTemplate\":\"https:\\\/\\\/www.yucatanencorto.com\\\/noticias\\\/?s={search_term_string}\"},\"query-input\":{\"@type\":\"PropertyValueSpecification\",\"valueRequired\":true,\"valueName\":\"search_term_string\"}}],\"inLanguage\":\"es\"},{\"@type\":\"Person\",\"@id\":\"https:\\\/\\\/www.yucatanencorto.com\\\/noticias\\\/#\\\/schema\\\/person\\\/14f82d355225a1f4075dd84a31f45a72\",\"name\":\"Yucat\u00e1n en Corto FC\",\"image\":{\"@type\":\"ImageObject\",\"inLanguage\":\"es\",\"@id\":\"https:\\\/\\\/secure.gravatar.com\\\/avatar\\\/147d4b30cd728c53c29c49a3f7834dedca33707f4cd259761355846009a88250?s=96&d=mm&r=g\",\"url\":\"https:\\\/\\\/secure.gravatar.com\\\/avatar\\\/147d4b30cd728c53c29c49a3f7834dedca33707f4cd259761355846009a88250?s=96&d=mm&r=g\",\"contentUrl\":\"https:\\\/\\\/secure.gravatar.com\\\/avatar\\\/147d4b30cd728c53c29c49a3f7834dedca33707f4cd259761355846009a88250?s=96&d=mm&r=g\",\"caption\":\"Yucat\u00e1n en Corto FC\"},\"url\":\"https:\\\/\\\/www.yucatanencorto.com\\\/noticias\\\/author\\\/flor\\\/\"}]}<\/script>\n<!-- \/ Yoast SEO plugin. -->","yoast_head_json":{"title":"Tras ceremonia de bautismo, beb\u00e9 pierde la vida en Rumania - Yucat\u00e1n en corto","robots":{"index":"index","follow":"follow","max-snippet":"max-snippet:-1","max-image-preview":"max-image-preview:large","max-video-preview":"max-video-preview:-1"},"canonical":"https:\/\/www.yucatanencorto.com\/noticias\/tras-ceremonia-de-bautismo-bebe-pierde-la-vida-en-rumania\/","og_locale":"es_ES","og_type":"article","og_title":"Tras ceremonia de bautismo, beb\u00e9 pierde la vida en Rumania - Yucat\u00e1n en corto","og_description":"En\u00a0Rumania, la muerte de un\u00a0beb\u00e9\u00a0de seis semanas, ocurrida despu\u00e9s de la ceremonia de bautismo, conmovi\u00f3 al pa\u00eds, y las redes sociales se movilizan para que la iglesia ortodoxa modifique el ritual, considerado peligroso. \u201cLa muerte de un reci\u00e9n nacido a causa de esta pr\u00e1ctica es una gran tragedia. Este riesgo hay que descartarlo para que [&hellip;]","og_url":"https:\/\/www.yucatanencorto.com\/noticias\/tras-ceremonia-de-bautismo-bebe-pierde-la-vida-en-rumania\/","og_site_name":"Yucat\u00e1n en corto","article_publisher":"http:\/\/www.facebook.com\/yucatanencorto","article_published_time":"2021-02-06T15:48:59+00:00","article_modified_time":"2021-02-06T15:49:27+00:00","og_image":[{"width":768,"height":432,"url":"https:\/\/www.yucatanencorto.com\/noticias\/wp-content\/uploads\/2021\/02\/okok-121517-scaled.jpg","type":"image\/jpeg"}],"author":"Yucat\u00e1n en Corto FC","twitter_card":"summary_large_image","twitter_creator":"@yucatanencorto","twitter_site":"@yucatanencorto","twitter_misc":{"Escrito por":"Yucat\u00e1n en Corto FC","Tiempo de lectura":"2 minutos"},"schema":{"@context":"https:\/\/schema.org","@graph":[{"@type":"Article","@id":"https:\/\/www.yucatanencorto.com\/noticias\/tras-ceremonia-de-bautismo-bebe-pierde-la-vida-en-rumania\/#article","isPartOf":{"@id":"https:\/\/www.yucatanencorto.com\/noticias\/tras-ceremonia-de-bautismo-bebe-pierde-la-vida-en-rumania\/"},"author":{"name":"Yucat\u00e1n en Corto FC","@id":"https:\/\/www.yucatanencorto.com\/noticias\/#\/schema\/person\/14f82d355225a1f4075dd84a31f45a72"},"headline":"Tras ceremonia de bautismo, beb\u00e9 pierde la vida en Rumania","datePublished":"2021-02-06T15:48:59+00:00","dateModified":"2021-02-06T15:49:27+00:00","mainEntityOfPage":{"@id":"https:\/\/www.yucatanencorto.com\/noticias\/tras-ceremonia-de-bautismo-bebe-pierde-la-vida-en-rumania\/"},"wordCount":303,"image":{"@id":"https:\/\/www.yucatanencorto.com\/noticias\/tras-ceremonia-de-bautismo-bebe-pierde-la-vida-en-rumania\/#primaryimage"},"thumbnailUrl":"https:\/\/www.yucatanencorto.com\/noticias\/wp-content\/uploads\/2021\/02\/okok-121517-scaled.jpg","articleSection":["Internacional"],"inLanguage":"es"},{"@type":"WebPage","@id":"https:\/\/www.yucatanencorto.com\/noticias\/tras-ceremonia-de-bautismo-bebe-pierde-la-vida-en-rumania\/","url":"https:\/\/www.yucatanencorto.com\/noticias\/tras-ceremonia-de-bautismo-bebe-pierde-la-vida-en-rumania\/","name":"Tras ceremonia de bautismo, beb\u00e9 pierde la vida en Rumania - Yucat\u00e1n en corto","isPartOf":{"@id":"https:\/\/www.yucatanencorto.com\/noticias\/#website"},"primaryImageOfPage":{"@id":"https:\/\/www.yucatanencorto.com\/noticias\/tras-ceremonia-de-bautismo-bebe-pierde-la-vida-en-rumania\/#primaryimage"},"image":{"@id":"https:\/\/www.yucatanencorto.com\/noticias\/tras-ceremonia-de-bautismo-bebe-pierde-la-vida-en-rumania\/#primaryimage"},"thumbnailUrl":"https:\/\/www.yucatanencorto.com\/noticias\/wp-content\/uploads\/2021\/02\/okok-121517-scaled.jpg","datePublished":"2021-02-06T15:48:59+00:00","dateModified":"2021-02-06T15:49:27+00:00","author":{"@id":"https:\/\/www.yucatanencorto.com\/noticias\/#\/schema\/person\/14f82d355225a1f4075dd84a31f45a72"},"breadcrumb":{"@id":"https:\/\/www.yucatanencorto.com\/noticias\/tras-ceremonia-de-bautismo-bebe-pierde-la-vida-en-rumania\/#breadcrumb"},"inLanguage":"es","potentialAction":[{"@type":"ReadAction","target":["https:\/\/www.yucatanencorto.com\/noticias\/tras-ceremonia-de-bautismo-bebe-pierde-la-vida-en-rumania\/"]}]},{"@type":"ImageObject","inLanguage":"es","@id":"https:\/\/www.yucatanencorto.com\/noticias\/tras-ceremonia-de-bautismo-bebe-pierde-la-vida-en-rumania\/#primaryimage","url":"https:\/\/www.yucatanencorto.com\/noticias\/wp-content\/uploads\/2021\/02\/okok-121517-scaled.jpg","contentUrl":"https:\/\/www.yucatanencorto.com\/noticias\/wp-content\/uploads\/2021\/02\/okok-121517-scaled.jpg","width":768,"height":432},{"@type":"BreadcrumbList","@id":"https:\/\/www.yucatanencorto.com\/noticias\/tras-ceremonia-de-bautismo-bebe-pierde-la-vida-en-rumania\/#breadcrumb","itemListElement":[{"@type":"ListItem","position":1,"name":"Portada","item":"https:\/\/www.yucatanencorto.com\/noticias\/"},{"@type":"ListItem","position":2,"name":"Tras ceremonia de bautismo, beb\u00e9 pierde la vida en Rumania"}]},{"@type":"WebSite","@id":"https:\/\/www.yucatanencorto.com\/noticias\/#website","url":"https:\/\/www.yucatanencorto.com\/noticias\/","name":"Yucat\u00e1n en corto","description":"Noticias","potentialAction":[{"@type":"SearchAction","target":{"@type":"EntryPoint","urlTemplate":"https:\/\/www.yucatanencorto.com\/noticias\/?s={search_term_string}"},"query-input":{"@type":"PropertyValueSpecification","valueRequired":true,"valueName":"search_term_string"}}],"inLanguage":"es"},{"@type":"Person","@id":"https:\/\/www.yucatanencorto.com\/noticias\/#\/schema\/person\/14f82d355225a1f4075dd84a31f45a72","name":"Yucat\u00e1n en Corto FC","image":{"@type":"ImageObject","inLanguage":"es","@id":"https:\/\/secure.gravatar.com\/avatar\/147d4b30cd728c53c29c49a3f7834dedca33707f4cd259761355846009a88250?s=96&d=mm&r=g","url":"https:\/\/secure.gravatar.com\/avatar\/147d4b30cd728c53c29c49a3f7834dedca33707f4cd259761355846009a88250?s=96&d=mm&r=g","contentUrl":"https:\/\/secure.gravatar.com\/avatar\/147d4b30cd728c53c29c49a3f7834dedca33707f4cd259761355846009a88250?s=96&d=mm&r=g","caption":"Yucat\u00e1n en Corto FC"},"url":"https:\/\/www.yucatanencorto.com\/noticias\/author\/flor\/"}]}},"_links":{"self":[{"href":"https:\/\/www.yucatanencorto.com\/noticias\/wp-json\/wp\/v2\/posts\/69961","targetHints":{"allow":["GET"]}}],"collection":[{"href":"https:\/\/www.yucatanencorto.com\/noticias\/wp-json\/wp\/v2\/posts"}],"about":[{"href":"https:\/\/www.yucatanencorto.com\/noticias\/wp-json\/wp\/v2\/types\/post"}],"author":[{"embeddable":true,"href":"https:\/\/www.yucatanencorto.com\/noticias\/wp-json\/wp\/v2\/users\/2"}],"replies":[{"embeddable":true,"href":"https:\/\/www.yucatanencorto.com\/noticias\/wp-json\/wp\/v2\/comments?post=69961"}],"version-history":[{"count":0,"href":"https:\/\/www.yucatanencorto.com\/noticias\/wp-json\/wp\/v2\/posts\/69961\/revisions"}],"wp:featuredmedia":[{"embeddable":true,"href":"https:\/\/www.yucatanencorto.com\/noticias\/wp-json\/wp\/v2\/media\/69962"}],"wp:attachment":[{"href":"https:\/\/www.yucatanencorto.com\/noticias\/wp-json\/wp\/v2\/media?parent=69961"}],"wp:term":[{"taxonomy":"category","embeddable":true,"href":"https:\/\/www.yucatanencorto.com\/noticias\/wp-json\/wp\/v2\/categories?post=69961"},{"taxonomy":"post_tag","embeddable":true,"href":"https:\/\/www.yucatanencorto.com\/noticias\/wp-json\/wp\/v2\/tags?post=69961"}],"curies":[{"name":"wp","href":"https:\/\/api.w.org\/{rel}","templated":true}]}}