{"id":69968,"date":"2021-02-06T19:24:29","date_gmt":"2021-02-07T01:24:29","guid":{"rendered":"https:\/\/www.yucatanencorto.com\/noticias\/?p=69968"},"modified":"2021-02-06T19:24:29","modified_gmt":"2021-02-07T01:24:29","slug":"lanzan-programa-digital-educast-nuevo-apoyo-para-estudiantes-de-secundaria-y-preparatoria","status":"publish","type":"post","link":"https:\/\/www.yucatanencorto.com\/noticias\/lanzan-programa-digital-educast-nuevo-apoyo-para-estudiantes-de-secundaria-y-preparatoria\/","title":{"rendered":"Lanzan programa digital \u201cEduCast\u201d, nuevo apoyo para estudiantes de secundaria y preparatoria"},"content":{"rendered":"<div dir=\"ltr\">\n<p data-removefontsize=\"true\" data-originalcomputedfontsize=\"16\"><img loading=\"lazy\" decoding=\"async\" class=\"alignnone size-full wp-image-69969\" src=\"https:\/\/www.yucatanencorto.com\/noticias\/wp-content\/uploads\/2021\/02\/CC16B411-A6E9-4F21-8382-F247902975CE-scaled.jpeg\" alt=\"\" width=\"768\" height=\"593\" srcset=\"https:\/\/www.yucatanencorto.com\/noticias\/wp-content\/uploads\/2021\/02\/CC16B411-A6E9-4F21-8382-F247902975CE-scaled.jpeg 768w, https:\/\/www.yucatanencorto.com\/noticias\/wp-content\/uploads\/2021\/02\/CC16B411-A6E9-4F21-8382-F247902975CE-696x538.jpeg 696w, https:\/\/www.yucatanencorto.com\/noticias\/wp-content\/uploads\/2021\/02\/CC16B411-A6E9-4F21-8382-F247902975CE-1068x825.jpeg 1068w, https:\/\/www.yucatanencorto.com\/noticias\/wp-content\/uploads\/2021\/02\/CC16B411-A6E9-4F21-8382-F247902975CE-544x420.jpeg 544w\" sizes=\"auto, (max-width: 768px) 100vw, 768px\" \/>M\u00e9rida, 6 de febrero de 2021. M\u00e9rida se distingue como una ciudad digital, aspecto que ha cobrado mayor relevancia especialmente durante la contingencia sanitaria por el Covid-19, por lo que en el Ayuntamiento reforzamos acciones en materia educativa para seguir apoyando a las y los j\u00f3venes meridanos a tener mejores oportunidades de vida, asegur\u00f3 el alcalde Ren\u00e1n Barrera Concha.<\/p>\n<p data-removefontsize=\"true\" data-originalcomputedfontsize=\"16\">\u2014Si bien es necesario permanecer en casa, esto no implica que las actividades, sobre todo las que abonan a la preparaci\u00f3n acad\u00e9mica se detengan; como autoridad municipal seguiremos brindando las herramientas necesarias para que nuestros j\u00f3venes tengan un mejor futuro y nos ayuden a construir una M\u00e9rida de Diez \u2014indic\u00f3.<\/p>\n<p data-removefontsize=\"true\" data-originalcomputedfontsize=\"16\">En ese contexto, el Ayuntamiento, a trav\u00e9s de la direcci\u00f3n de Bienestar Social en colaboraci\u00f3n con escuelas universitarias, present\u00f3 el programa digital \u201cEduCast\u201d, dirigido a la comunidad estudiantil de secundaria y preparatoria con el fin de ayudarlos a mejorar sus habilidades cognitivas y al mismo tiempo reducir la deserci\u00f3n escolar.<\/p>\n<p data-removefontsize=\"true\" data-originalcomputedfontsize=\"16\">En rueda de prensa ofrecida a los medios de comunicaci\u00f3n mediante la plataforma digital ZOOM, el director de Bienestar Social, Jes\u00fas Aguilar y Aguilar, asegur\u00f3 que para el Alcalde resulta prioritario contribuir a mejorar las oportunidades educativas y laborares de los j\u00f3venes del municipio, brind\u00e1ndole las herramientas necesarias sin poner en riesgo su salud.<\/p>\n<p data-removefontsize=\"true\" data-originalcomputedfontsize=\"16\">Se\u00f1al\u00f3 que dicho proyecto se basa en una serie de transmisiones en vivo que busca abrir espacios de participaci\u00f3n ciudadana para informar y conversar con los j\u00f3venes y sus padres sobre temas relacionados a la educaci\u00f3n con nuevas tecnolog\u00edas.<\/p>\n<p data-removefontsize=\"true\" data-originalcomputedfontsize=\"16\">\u2014Con la puesta en marcha de este nuevo programa, el Ayuntamiento con apoyo de las universidades refuerza este tipo de trabajo dirigido a los j\u00f3venes que aspiran a seguir prepar\u00e1ndose de manera profesional\u2014 subray\u00f3.<\/p>\n<p data-removefontsize=\"true\" data-originalcomputedfontsize=\"16\">El funcionario record\u00f3 que, desde el inicio de la pandemia, por instrucciones precisas del Presidente Municipal, se pusieron en marcha diversas acciones para mantener en funcionamiento los cursos proped\u00e9uticos gratuitos que ofrece la Comuna.<\/p>\n<p data-removefontsize=\"true\" data-originalcomputedfontsize=\"16\">En ese sentido, el director del Centro de Estudios Superiores CTM \u201cJusto Sierra O\u2019reilly\u201d, Luis A. Echeverr\u00eda Navarro, reconoci\u00f3 el trabajo que impulsa en pro de la educaci\u00f3n el alcalde Ren\u00e1n Barrera y mencion\u00f3 que la instituci\u00f3n educativa que representa mantiene la disposici\u00f3n de seguir colaborando con el Ayuntamiento.<\/p>\n<p data-removefontsize=\"true\" data-originalcomputedfontsize=\"16\">\u2014Como instituciones educativas de nivel superior es importante que en estos tiempos de pandemia unamos esfuerzos con las autoridades municipales para poder ofrecer asesor\u00edas y otros programas que sean de beneficio para la comunidad y en especial para nuestros j\u00f3venes \u2014expres\u00f3.<\/p>\n<p data-removefontsize=\"true\" data-originalcomputedfontsize=\"16\">En su intervenci\u00f3n la regidora Brenda Ruz Dur\u00e1n, presidenta de la Comisi\u00f3n Especial de Educaci\u00f3n del Ayuntamiento, destac\u00f3 esta iniciativa manifestando que ser\u00e1 de gran apoyo para los j\u00f3venes que aspiran a tener una formaci\u00f3n profesional.<\/p>\n<p data-removefontsize=\"true\" data-originalcomputedfontsize=\"16\">Se\u00f1al\u00f3 que, aunque el Ayuntamiento no tiene un presupuesto destinado al tema educativo, la Comisi\u00f3n que preside ha mantenido un trabajo cercano con el alcalde Ren\u00e1n Barrera para ofrecer programas que sean de beneficio real para las y los estudiantes de M\u00e9rida.<\/p>\n<p data-removefontsize=\"true\" data-originalcomputedfontsize=\"16\">\u2014Esas transmisiones en vivo sin duda ser\u00e1n de gran utilidad para todos, sobre todo para las familias que est\u00e1n enfrentando una situaci\u00f3n dif\u00edcil a causa de la pandemia porque es una forma de apoyar a los j\u00f3venes a seguir estudiando\u2014 asegur\u00f3.<\/p>\n<p data-removefontsize=\"true\" data-originalcomputedfontsize=\"16\">En la rueda de prensa se inform\u00f3 que el programa EduCast, tambi\u00e9n ser\u00e1 un puente de ayuda para que los estudiantes de preparatoria puedan elegir mejor su vocaci\u00f3n, ya que les permitir\u00e1 conocer los planes de estudios que ofrecen las universidades participantes.<\/p>\n<p data-removefontsize=\"true\" data-originalcomputedfontsize=\"16\">Igualmente servir\u00e1 para incentivar a los alumnos de secundaria o bachillerato a continuar con su formaci\u00f3n acad\u00e9mica, se ofertar\u00e1n a lo largo de las transmisiones becas de descuento y libros Sputnik, gu\u00edas impresas para que se preparen y aprueben sus ex\u00e1menes de admisi\u00f3n EXANI I o EXANI II.<\/p>\n<p data-removefontsize=\"true\" data-originalcomputedfontsize=\"16\">Como parte de la estrategia de promoci\u00f3n para M\u00e9rida Aprende en L\u00ednea y Educast, se incluir\u00e1 la participaci\u00f3n de creadores de contenido y l\u00edderes de opini\u00f3n, quienes asumir\u00e1n el rol de embajadores para potenciar el impacto y alcance de estas sesiones y los dem\u00e1s esfuerzos que realiza el Ayuntamiento.<\/p>\n<p data-removefontsize=\"true\" data-originalcomputedfontsize=\"16\">Entre los temas que se abordar\u00e1n est\u00e1n: \u00abPlan de vida y organizaci\u00f3n personal\u00bb, \u00abCovid como Catalizador de la Educaci\u00f3n Digital\u00bb, \u00abConstruyendo tu Vocaci\u00f3n\u00bb, \u00abEducaci\u00f3n en L\u00ednea \u00bflleg\u00f3 para quedarse?\u00bb, \u00abEmprendimiento Joven\u00bb, \u00abInteligencia Emocional\u00bb, \u00abEducaci\u00f3n en L\u00ednea, el Reto del Estudiante\u00bb e \u00abInteligencia Financiera para Universitarios\u00bb.<\/p>\n<p data-removefontsize=\"true\" data-originalcomputedfontsize=\"16\">El programa inici\u00f3 este 5 de febrero y concluir\u00e1 el 3 de abril. Intervienen instituciones como Rep\u00fablica de M\u00e9xico, Universidad Modelo, Universidad Marista, el Centro de Estudios Superiores CTM \u00abJusto Sierra O\u2019Reilly\u00bb, Centro Educativo Jos\u00e9 Dolores Rodr\u00edguez Tamayo \u00abCERT\u00bb, la Universidad Privada de la Pen\u00ednsula (UPP) y la Universidad Vizcaya de las Am\u00e9ricas.<\/p>\n<p data-removefontsize=\"true\" data-originalcomputedfontsize=\"16\">Las jornadas se proyectar\u00e1n a trav\u00e9s de las plataformas de Facebook de M\u00e9rida Aprende en L\u00ednea y M\u00e9rida Joven, a partir de las 16:00 horas.<\/p>\n<p data-removefontsize=\"true\" data-originalcomputedfontsize=\"16\">En la rueda de prensa estuvieron presentes, Miguel \u00c1ngel Baquedano P\u00e9rez, rector de la Universidad Marista de M\u00e9rida; Everth \u00d3scar Dzib Peraza, director administrativo del CERT; Arm\u00edn Poot Ojeda, subdirector del Centro Educativo Rep\u00fablica de M\u00e9xico; Luis Ruiz Robertos, director de extensi\u00f3n de la Universidad Modelo; Maritere Cardenas Trejo y Yazm\u00edn Faride Fuentes Nechar, directoras de Marketing y de Relaciones P\u00fablicas de la Universidad Privada de la Pen\u00ednsula UPP, respectivamente.<\/p>\n<p data-removefontsize=\"true\" data-originalcomputedfontsize=\"16\">Tambi\u00e9n Carlos Dur\u00e1n, coordinador de vinculaci\u00f3n de la Universidad Vizcaya de las Am\u00e9ricas; Aldo D\u00edaz Novelo y Pamela Cuello Mena, subdirector y jefa del departamento de Educaci\u00f3n del Ayuntamiento de M\u00e9rida, respectivamente.<\/p>\n<\/div>\n","protected":false},"excerpt":{"rendered":"<p>M\u00e9rida, 6 de febrero de 2021. M\u00e9rida se distingue como una ciudad digital, aspecto que ha cobrado mayor relevancia especialmente durante la contingencia sanitaria por el Covid-19, por lo que en el Ayuntamiento reforzamos acciones en materia educativa para seguir apoyando a las y los j\u00f3venes meridanos a tener mejores oportunidades de vida, asegur\u00f3 el [&hellip;]<\/p>\n","protected":false},"author":2,"featured_media":69969,"comment_status":"closed","ping_status":"closed","sticky":false,"template":"","format":"standard","meta":{"footnotes":""},"categories":[2],"tags":[],"class_list":{"0":"post-69968","1":"post","2":"type-post","3":"status-publish","4":"format-standard","5":"has-post-thumbnail","7":"category-merida"},"yoast_head":"<!-- This site is optimized with the Yoast SEO plugin v27.4 - https:\/\/yoast.com\/product\/yoast-seo-wordpress\/ -->\n<title>Lanzan programa digital \u201cEduCast\u201d, nuevo apoyo para estudiantes de secundaria y preparatoria - Yucat\u00e1n en corto<\/title>\n<meta name=\"robots\" content=\"index, follow, max-snippet:-1, max-image-preview:large, max-video-preview:-1\" \/>\n<link rel=\"canonical\" href=\"https:\/\/www.yucatanencorto.com\/noticias\/lanzan-programa-digital-educast-nuevo-apoyo-para-estudiantes-de-secundaria-y-preparatoria\/\" \/>\n<meta property=\"og:locale\" content=\"es_ES\" \/>\n<meta property=\"og:type\" content=\"article\" \/>\n<meta property=\"og:title\" content=\"Lanzan programa digital \u201cEduCast\u201d, nuevo apoyo para estudiantes de secundaria y preparatoria - Yucat\u00e1n en corto\" \/>\n<meta property=\"og:description\" content=\"M\u00e9rida, 6 de febrero de 2021. M\u00e9rida se distingue como una ciudad digital, aspecto que ha cobrado mayor relevancia especialmente durante la contingencia sanitaria por el Covid-19, por lo que en el Ayuntamiento reforzamos acciones en materia educativa para seguir apoyando a las y los j\u00f3venes meridanos a tener mejores oportunidades de vida, asegur\u00f3 el [&hellip;]\" \/>\n<meta property=\"og:url\" content=\"https:\/\/www.yucatanencorto.com\/noticias\/lanzan-programa-digital-educast-nuevo-apoyo-para-estudiantes-de-secundaria-y-preparatoria\/\" \/>\n<meta property=\"og:site_name\" content=\"Yucat\u00e1n en corto\" \/>\n<meta property=\"article:publisher\" content=\"http:\/\/www.facebook.com\/yucatanencorto\" \/>\n<meta property=\"article:published_time\" content=\"2021-02-07T01:24:29+00:00\" \/>\n<meta property=\"og:image\" content=\"https:\/\/www.yucatanencorto.com\/noticias\/wp-content\/uploads\/2021\/02\/CC16B411-A6E9-4F21-8382-F247902975CE-scaled.jpeg\" \/>\n\t<meta property=\"og:image:width\" content=\"768\" \/>\n\t<meta property=\"og:image:height\" content=\"593\" \/>\n\t<meta property=\"og:image:type\" content=\"image\/jpeg\" \/>\n<meta name=\"author\" content=\"Yucat\u00e1n en Corto FC\" \/>\n<meta name=\"twitter:card\" content=\"summary_large_image\" \/>\n<meta name=\"twitter:creator\" content=\"@yucatanencorto\" \/>\n<meta name=\"twitter:site\" content=\"@yucatanencorto\" \/>\n<meta name=\"twitter:label1\" content=\"Escrito por\" \/>\n\t<meta name=\"twitter:data1\" content=\"Yucat\u00e1n en Corto FC\" \/>\n\t<meta name=\"twitter:label2\" content=\"Tiempo de lectura\" \/>\n\t<meta name=\"twitter:data2\" content=\"5 minutos\" \/>\n<script type=\"application\/ld+json\" class=\"yoast-schema-graph\">{\"@context\":\"https:\\\/\\\/schema.org\",\"@graph\":[{\"@type\":\"Article\",\"@id\":\"https:\\\/\\\/www.yucatanencorto.com\\\/noticias\\\/lanzan-programa-digital-educast-nuevo-apoyo-para-estudiantes-de-secundaria-y-preparatoria\\\/#article\",\"isPartOf\":{\"@id\":\"https:\\\/\\\/www.yucatanencorto.com\\\/noticias\\\/lanzan-programa-digital-educast-nuevo-apoyo-para-estudiantes-de-secundaria-y-preparatoria\\\/\"},\"author\":{\"name\":\"Yucat\u00e1n en Corto FC\",\"@id\":\"https:\\\/\\\/www.yucatanencorto.com\\\/noticias\\\/#\\\/schema\\\/person\\\/14f82d355225a1f4075dd84a31f45a72\"},\"headline\":\"Lanzan programa digital \u201cEduCast\u201d, nuevo apoyo para estudiantes de secundaria y preparatoria\",\"datePublished\":\"2021-02-07T01:24:29+00:00\",\"mainEntityOfPage\":{\"@id\":\"https:\\\/\\\/www.yucatanencorto.com\\\/noticias\\\/lanzan-programa-digital-educast-nuevo-apoyo-para-estudiantes-de-secundaria-y-preparatoria\\\/\"},\"wordCount\":999,\"image\":{\"@id\":\"https:\\\/\\\/www.yucatanencorto.com\\\/noticias\\\/lanzan-programa-digital-educast-nuevo-apoyo-para-estudiantes-de-secundaria-y-preparatoria\\\/#primaryimage\"},\"thumbnailUrl\":\"https:\\\/\\\/www.yucatanencorto.com\\\/noticias\\\/wp-content\\\/uploads\\\/2021\\\/02\\\/CC16B411-A6E9-4F21-8382-F247902975CE-scaled.jpeg\",\"articleSection\":[\"M\u00e9rida\"],\"inLanguage\":\"es\"},{\"@type\":\"WebPage\",\"@id\":\"https:\\\/\\\/www.yucatanencorto.com\\\/noticias\\\/lanzan-programa-digital-educast-nuevo-apoyo-para-estudiantes-de-secundaria-y-preparatoria\\\/\",\"url\":\"https:\\\/\\\/www.yucatanencorto.com\\\/noticias\\\/lanzan-programa-digital-educast-nuevo-apoyo-para-estudiantes-de-secundaria-y-preparatoria\\\/\",\"name\":\"Lanzan programa digital \u201cEduCast\u201d, nuevo apoyo para estudiantes de secundaria y preparatoria - Yucat\u00e1n en corto\",\"isPartOf\":{\"@id\":\"https:\\\/\\\/www.yucatanencorto.com\\\/noticias\\\/#website\"},\"primaryImageOfPage\":{\"@id\":\"https:\\\/\\\/www.yucatanencorto.com\\\/noticias\\\/lanzan-programa-digital-educast-nuevo-apoyo-para-estudiantes-de-secundaria-y-preparatoria\\\/#primaryimage\"},\"image\":{\"@id\":\"https:\\\/\\\/www.yucatanencorto.com\\\/noticias\\\/lanzan-programa-digital-educast-nuevo-apoyo-para-estudiantes-de-secundaria-y-preparatoria\\\/#primaryimage\"},\"thumbnailUrl\":\"https:\\\/\\\/www.yucatanencorto.com\\\/noticias\\\/wp-content\\\/uploads\\\/2021\\\/02\\\/CC16B411-A6E9-4F21-8382-F247902975CE-scaled.jpeg\",\"datePublished\":\"2021-02-07T01:24:29+00:00\",\"author\":{\"@id\":\"https:\\\/\\\/www.yucatanencorto.com\\\/noticias\\\/#\\\/schema\\\/person\\\/14f82d355225a1f4075dd84a31f45a72\"},\"breadcrumb\":{\"@id\":\"https:\\\/\\\/www.yucatanencorto.com\\\/noticias\\\/lanzan-programa-digital-educast-nuevo-apoyo-para-estudiantes-de-secundaria-y-preparatoria\\\/#breadcrumb\"},\"inLanguage\":\"es\",\"potentialAction\":[{\"@type\":\"ReadAction\",\"target\":[\"https:\\\/\\\/www.yucatanencorto.com\\\/noticias\\\/lanzan-programa-digital-educast-nuevo-apoyo-para-estudiantes-de-secundaria-y-preparatoria\\\/\"]}]},{\"@type\":\"ImageObject\",\"inLanguage\":\"es\",\"@id\":\"https:\\\/\\\/www.yucatanencorto.com\\\/noticias\\\/lanzan-programa-digital-educast-nuevo-apoyo-para-estudiantes-de-secundaria-y-preparatoria\\\/#primaryimage\",\"url\":\"https:\\\/\\\/www.yucatanencorto.com\\\/noticias\\\/wp-content\\\/uploads\\\/2021\\\/02\\\/CC16B411-A6E9-4F21-8382-F247902975CE-scaled.jpeg\",\"contentUrl\":\"https:\\\/\\\/www.yucatanencorto.com\\\/noticias\\\/wp-content\\\/uploads\\\/2021\\\/02\\\/CC16B411-A6E9-4F21-8382-F247902975CE-scaled.jpeg\",\"width\":768,\"height\":593},{\"@type\":\"BreadcrumbList\",\"@id\":\"https:\\\/\\\/www.yucatanencorto.com\\\/noticias\\\/lanzan-programa-digital-educast-nuevo-apoyo-para-estudiantes-de-secundaria-y-preparatoria\\\/#breadcrumb\",\"itemListElement\":[{\"@type\":\"ListItem\",\"position\":1,\"name\":\"Portada\",\"item\":\"https:\\\/\\\/www.yucatanencorto.com\\\/noticias\\\/\"},{\"@type\":\"ListItem\",\"position\":2,\"name\":\"Lanzan programa digital \u201cEduCast\u201d, nuevo apoyo para estudiantes de secundaria y preparatoria\"}]},{\"@type\":\"WebSite\",\"@id\":\"https:\\\/\\\/www.yucatanencorto.com\\\/noticias\\\/#website\",\"url\":\"https:\\\/\\\/www.yucatanencorto.com\\\/noticias\\\/\",\"name\":\"Yucat\u00e1n en corto\",\"description\":\"Noticias\",\"potentialAction\":[{\"@type\":\"SearchAction\",\"target\":{\"@type\":\"EntryPoint\",\"urlTemplate\":\"https:\\\/\\\/www.yucatanencorto.com\\\/noticias\\\/?s={search_term_string}\"},\"query-input\":{\"@type\":\"PropertyValueSpecification\",\"valueRequired\":true,\"valueName\":\"search_term_string\"}}],\"inLanguage\":\"es\"},{\"@type\":\"Person\",\"@id\":\"https:\\\/\\\/www.yucatanencorto.com\\\/noticias\\\/#\\\/schema\\\/person\\\/14f82d355225a1f4075dd84a31f45a72\",\"name\":\"Yucat\u00e1n en Corto FC\",\"image\":{\"@type\":\"ImageObject\",\"inLanguage\":\"es\",\"@id\":\"https:\\\/\\\/secure.gravatar.com\\\/avatar\\\/147d4b30cd728c53c29c49a3f7834dedca33707f4cd259761355846009a88250?s=96&d=mm&r=g\",\"url\":\"https:\\\/\\\/secure.gravatar.com\\\/avatar\\\/147d4b30cd728c53c29c49a3f7834dedca33707f4cd259761355846009a88250?s=96&d=mm&r=g\",\"contentUrl\":\"https:\\\/\\\/secure.gravatar.com\\\/avatar\\\/147d4b30cd728c53c29c49a3f7834dedca33707f4cd259761355846009a88250?s=96&d=mm&r=g\",\"caption\":\"Yucat\u00e1n en Corto FC\"},\"url\":\"https:\\\/\\\/www.yucatanencorto.com\\\/noticias\\\/author\\\/flor\\\/\"}]}<\/script>\n<!-- \/ Yoast SEO plugin. -->","yoast_head_json":{"title":"Lanzan programa digital \u201cEduCast\u201d, nuevo apoyo para estudiantes de secundaria y preparatoria - Yucat\u00e1n en corto","robots":{"index":"index","follow":"follow","max-snippet":"max-snippet:-1","max-image-preview":"max-image-preview:large","max-video-preview":"max-video-preview:-1"},"canonical":"https:\/\/www.yucatanencorto.com\/noticias\/lanzan-programa-digital-educast-nuevo-apoyo-para-estudiantes-de-secundaria-y-preparatoria\/","og_locale":"es_ES","og_type":"article","og_title":"Lanzan programa digital \u201cEduCast\u201d, nuevo apoyo para estudiantes de secundaria y preparatoria - Yucat\u00e1n en corto","og_description":"M\u00e9rida, 6 de febrero de 2021. M\u00e9rida se distingue como una ciudad digital, aspecto que ha cobrado mayor relevancia especialmente durante la contingencia sanitaria por el Covid-19, por lo que en el Ayuntamiento reforzamos acciones en materia educativa para seguir apoyando a las y los j\u00f3venes meridanos a tener mejores oportunidades de vida, asegur\u00f3 el [&hellip;]","og_url":"https:\/\/www.yucatanencorto.com\/noticias\/lanzan-programa-digital-educast-nuevo-apoyo-para-estudiantes-de-secundaria-y-preparatoria\/","og_site_name":"Yucat\u00e1n en corto","article_publisher":"http:\/\/www.facebook.com\/yucatanencorto","article_published_time":"2021-02-07T01:24:29+00:00","og_image":[{"width":768,"height":593,"url":"https:\/\/www.yucatanencorto.com\/noticias\/wp-content\/uploads\/2021\/02\/CC16B411-A6E9-4F21-8382-F247902975CE-scaled.jpeg","type":"image\/jpeg"}],"author":"Yucat\u00e1n en Corto FC","twitter_card":"summary_large_image","twitter_creator":"@yucatanencorto","twitter_site":"@yucatanencorto","twitter_misc":{"Escrito por":"Yucat\u00e1n en Corto FC","Tiempo de lectura":"5 minutos"},"schema":{"@context":"https:\/\/schema.org","@graph":[{"@type":"Article","@id":"https:\/\/www.yucatanencorto.com\/noticias\/lanzan-programa-digital-educast-nuevo-apoyo-para-estudiantes-de-secundaria-y-preparatoria\/#article","isPartOf":{"@id":"https:\/\/www.yucatanencorto.com\/noticias\/lanzan-programa-digital-educast-nuevo-apoyo-para-estudiantes-de-secundaria-y-preparatoria\/"},"author":{"name":"Yucat\u00e1n en Corto FC","@id":"https:\/\/www.yucatanencorto.com\/noticias\/#\/schema\/person\/14f82d355225a1f4075dd84a31f45a72"},"headline":"Lanzan programa digital \u201cEduCast\u201d, nuevo apoyo para estudiantes de secundaria y preparatoria","datePublished":"2021-02-07T01:24:29+00:00","mainEntityOfPage":{"@id":"https:\/\/www.yucatanencorto.com\/noticias\/lanzan-programa-digital-educast-nuevo-apoyo-para-estudiantes-de-secundaria-y-preparatoria\/"},"wordCount":999,"image":{"@id":"https:\/\/www.yucatanencorto.com\/noticias\/lanzan-programa-digital-educast-nuevo-apoyo-para-estudiantes-de-secundaria-y-preparatoria\/#primaryimage"},"thumbnailUrl":"https:\/\/www.yucatanencorto.com\/noticias\/wp-content\/uploads\/2021\/02\/CC16B411-A6E9-4F21-8382-F247902975CE-scaled.jpeg","articleSection":["M\u00e9rida"],"inLanguage":"es"},{"@type":"WebPage","@id":"https:\/\/www.yucatanencorto.com\/noticias\/lanzan-programa-digital-educast-nuevo-apoyo-para-estudiantes-de-secundaria-y-preparatoria\/","url":"https:\/\/www.yucatanencorto.com\/noticias\/lanzan-programa-digital-educast-nuevo-apoyo-para-estudiantes-de-secundaria-y-preparatoria\/","name":"Lanzan programa digital \u201cEduCast\u201d, nuevo apoyo para estudiantes de secundaria y preparatoria - Yucat\u00e1n en corto","isPartOf":{"@id":"https:\/\/www.yucatanencorto.com\/noticias\/#website"},"primaryImageOfPage":{"@id":"https:\/\/www.yucatanencorto.com\/noticias\/lanzan-programa-digital-educast-nuevo-apoyo-para-estudiantes-de-secundaria-y-preparatoria\/#primaryimage"},"image":{"@id":"https:\/\/www.yucatanencorto.com\/noticias\/lanzan-programa-digital-educast-nuevo-apoyo-para-estudiantes-de-secundaria-y-preparatoria\/#primaryimage"},"thumbnailUrl":"https:\/\/www.yucatanencorto.com\/noticias\/wp-content\/uploads\/2021\/02\/CC16B411-A6E9-4F21-8382-F247902975CE-scaled.jpeg","datePublished":"2021-02-07T01:24:29+00:00","author":{"@id":"https:\/\/www.yucatanencorto.com\/noticias\/#\/schema\/person\/14f82d355225a1f4075dd84a31f45a72"},"breadcrumb":{"@id":"https:\/\/www.yucatanencorto.com\/noticias\/lanzan-programa-digital-educast-nuevo-apoyo-para-estudiantes-de-secundaria-y-preparatoria\/#breadcrumb"},"inLanguage":"es","potentialAction":[{"@type":"ReadAction","target":["https:\/\/www.yucatanencorto.com\/noticias\/lanzan-programa-digital-educast-nuevo-apoyo-para-estudiantes-de-secundaria-y-preparatoria\/"]}]},{"@type":"ImageObject","inLanguage":"es","@id":"https:\/\/www.yucatanencorto.com\/noticias\/lanzan-programa-digital-educast-nuevo-apoyo-para-estudiantes-de-secundaria-y-preparatoria\/#primaryimage","url":"https:\/\/www.yucatanencorto.com\/noticias\/wp-content\/uploads\/2021\/02\/CC16B411-A6E9-4F21-8382-F247902975CE-scaled.jpeg","contentUrl":"https:\/\/www.yucatanencorto.com\/noticias\/wp-content\/uploads\/2021\/02\/CC16B411-A6E9-4F21-8382-F247902975CE-scaled.jpeg","width":768,"height":593},{"@type":"BreadcrumbList","@id":"https:\/\/www.yucatanencorto.com\/noticias\/lanzan-programa-digital-educast-nuevo-apoyo-para-estudiantes-de-secundaria-y-preparatoria\/#breadcrumb","itemListElement":[{"@type":"ListItem","position":1,"name":"Portada","item":"https:\/\/www.yucatanencorto.com\/noticias\/"},{"@type":"ListItem","position":2,"name":"Lanzan programa digital \u201cEduCast\u201d, nuevo apoyo para estudiantes de secundaria y preparatoria"}]},{"@type":"WebSite","@id":"https:\/\/www.yucatanencorto.com\/noticias\/#website","url":"https:\/\/www.yucatanencorto.com\/noticias\/","name":"Yucat\u00e1n en corto","description":"Noticias","potentialAction":[{"@type":"SearchAction","target":{"@type":"EntryPoint","urlTemplate":"https:\/\/www.yucatanencorto.com\/noticias\/?s={search_term_string}"},"query-input":{"@type":"PropertyValueSpecification","valueRequired":true,"valueName":"search_term_string"}}],"inLanguage":"es"},{"@type":"Person","@id":"https:\/\/www.yucatanencorto.com\/noticias\/#\/schema\/person\/14f82d355225a1f4075dd84a31f45a72","name":"Yucat\u00e1n en Corto FC","image":{"@type":"ImageObject","inLanguage":"es","@id":"https:\/\/secure.gravatar.com\/avatar\/147d4b30cd728c53c29c49a3f7834dedca33707f4cd259761355846009a88250?s=96&d=mm&r=g","url":"https:\/\/secure.gravatar.com\/avatar\/147d4b30cd728c53c29c49a3f7834dedca33707f4cd259761355846009a88250?s=96&d=mm&r=g","contentUrl":"https:\/\/secure.gravatar.com\/avatar\/147d4b30cd728c53c29c49a3f7834dedca33707f4cd259761355846009a88250?s=96&d=mm&r=g","caption":"Yucat\u00e1n en Corto FC"},"url":"https:\/\/www.yucatanencorto.com\/noticias\/author\/flor\/"}]}},"_links":{"self":[{"href":"https:\/\/www.yucatanencorto.com\/noticias\/wp-json\/wp\/v2\/posts\/69968","targetHints":{"allow":["GET"]}}],"collection":[{"href":"https:\/\/www.yucatanencorto.com\/noticias\/wp-json\/wp\/v2\/posts"}],"about":[{"href":"https:\/\/www.yucatanencorto.com\/noticias\/wp-json\/wp\/v2\/types\/post"}],"author":[{"embeddable":true,"href":"https:\/\/www.yucatanencorto.com\/noticias\/wp-json\/wp\/v2\/users\/2"}],"replies":[{"embeddable":true,"href":"https:\/\/www.yucatanencorto.com\/noticias\/wp-json\/wp\/v2\/comments?post=69968"}],"version-history":[{"count":0,"href":"https:\/\/www.yucatanencorto.com\/noticias\/wp-json\/wp\/v2\/posts\/69968\/revisions"}],"wp:featuredmedia":[{"embeddable":true,"href":"https:\/\/www.yucatanencorto.com\/noticias\/wp-json\/wp\/v2\/media\/69969"}],"wp:attachment":[{"href":"https:\/\/www.yucatanencorto.com\/noticias\/wp-json\/wp\/v2\/media?parent=69968"}],"wp:term":[{"taxonomy":"category","embeddable":true,"href":"https:\/\/www.yucatanencorto.com\/noticias\/wp-json\/wp\/v2\/categories?post=69968"},{"taxonomy":"post_tag","embeddable":true,"href":"https:\/\/www.yucatanencorto.com\/noticias\/wp-json\/wp\/v2\/tags?post=69968"}],"curies":[{"name":"wp","href":"https:\/\/api.w.org\/{rel}","templated":true}]}}