{"id":69993,"date":"2021-02-08T09:09:25","date_gmt":"2021-02-08T15:09:25","guid":{"rendered":"https:\/\/www.yucatanencorto.com\/noticias\/?p=69993"},"modified":"2021-02-08T09:09:25","modified_gmt":"2021-02-08T15:09:25","slug":"regresa-amlo-a-las-mananeras-tras-recuperarse-de-covid-19","status":"publish","type":"post","link":"https:\/\/www.yucatanencorto.com\/noticias\/regresa-amlo-a-las-mananeras-tras-recuperarse-de-covid-19\/","title":{"rendered":"Regresa AMLO a las ma\u00f1aneras tras recuperarse de covid-19"},"content":{"rendered":"<p><img loading=\"lazy\" decoding=\"async\" class=\"alignnone size-full wp-image-69994\" src=\"https:\/\/www.yucatanencorto.com\/noticias\/wp-content\/uploads\/2021\/02\/www.milenio-2.png\" alt=\"\" width=\"618\" height=\"348\" \/><\/p>\n<p>Luego de que su \u00faltima prueba de covid-19 resultara negativa, el presidente Andr\u00e9s Manuel L\u00f3pez Obrador regres\u00f3 a La Ma\u00f1anera, la cual fue presidida por la secretaria de Gobernaci\u00f3n, Olga S\u00e1nchez Cordero, durante dos semanas.<\/p>\n<p>Despu\u00e9s de 14 d\u00edas de aislamiento y s\u00f3lo tres apariciones, el Presidente sali\u00f3 a las 7:10 horas a encabezar, sin cubrebocas, su conferencia.<\/p>\n<p>El mandatario dio negativo a otra prueba el jueves pasado, descartando que sea emisor del virus y contagie a los asistentes a sus tradicionales conferencias. Sin embargo, los especialistas en salud le recomendaron esperar unos d\u00edas antes de volver a sus actividades p\u00fablicas.<\/p>\n<p>\u201cAfortunadamente sal\u00ed adelante, aqu\u00ed estamos para continuar luchando, agradecer a muchos amigos del extranjero y a todo el pueblo de M\u00e9xico, mujeres, hombres que expresaron su deseo de que me recuperara y que saliera adelante.<\/p>\n<p>\u201cAgradecerles sus bendiciones, sus rezos, sus buenas vibras, sus buenos deseos y como dec\u00eda Jos\u00e9 Mart\u00ed: Amor con amor se paga. Estamos de nuevo de pie y en lucha, vamos a continuar con el proceso de transformaci\u00f3n, que es fundamental para M\u00e9xico\u201d, dijo<\/p>\n<p>En su conferencia de hoy, el mandatario reiter\u00f3 su lucha contra la corrupci\u00f3n, y sus intenciones para \u201cmoralizar\u201d al pa\u00eds, con el fin de que toda la poblaci\u00f3n pueda vivir con bienestar y felicidad. Su aparici\u00f3n estuvo en vilo desde ayer por la noche, pues la vocer\u00eda de la Presidencia de la Rep\u00fablica se reserv\u00f3 la agenda de actividades del mandatario.<\/p>\n<p>Durante su enfermedad, L\u00f3pez Obrador estuvo confinado en Palacio Nacional, pero eso no le impidi\u00f3 continuar con algunas actividades, por ejemplo, su conversaci\u00f3n con el presidente de Rusia, Vladimir Putin, para asegurar 24 millones de dosis de la vacuna Sputnik V.<\/p>\n<p>El director general de Promoci\u00f3n a la Salud, Ricardo Cort\u00e9s Alcal\u00e1, inform\u00f3 que el Presidente s\u00f3lo present\u00f3 \u201cun cuadro leve\u201d de coronavirus, que incluyeron s\u00edntomas leves de gripe y febr\u00edcula. Por lo dem\u00e1s, fue \u201cpr\u00e1cticamente asintom\u00e1tico\u201d, seg\u00fan dijo el subsecretario de Salud, Hugo L\u00f3pez-Gatell.<\/p>\n<p>&nbsp;<\/p>\n<p>&nbsp;<\/p>\n<p>milenio<\/p>\n","protected":false},"excerpt":{"rendered":"<p>Luego de que su \u00faltima prueba de covid-19 resultara negativa, el presidente Andr\u00e9s Manuel L\u00f3pez Obrador regres\u00f3 a La Ma\u00f1anera, la cual fue presidida por la secretaria de Gobernaci\u00f3n, Olga S\u00e1nchez Cordero, durante dos semanas. Despu\u00e9s de 14 d\u00edas de aislamiento y s\u00f3lo tres apariciones, el Presidente sali\u00f3 a las 7:10 horas a encabezar, sin [&hellip;]<\/p>\n","protected":false},"author":2,"featured_media":69994,"comment_status":"closed","ping_status":"closed","sticky":false,"template":"","format":"standard","meta":{"footnotes":""},"categories":[4],"tags":[],"class_list":{"0":"post-69993","1":"post","2":"type-post","3":"status-publish","4":"format-standard","5":"has-post-thumbnail","7":"category-mexico"},"yoast_head":"<!-- This site is optimized with the Yoast SEO plugin v27.4 - https:\/\/yoast.com\/product\/yoast-seo-wordpress\/ -->\n<title>Regresa AMLO a las ma\u00f1aneras tras recuperarse de covid-19 - Yucat\u00e1n en corto<\/title>\n<meta name=\"robots\" content=\"index, follow, max-snippet:-1, max-image-preview:large, max-video-preview:-1\" \/>\n<link rel=\"canonical\" href=\"https:\/\/www.yucatanencorto.com\/noticias\/regresa-amlo-a-las-mananeras-tras-recuperarse-de-covid-19\/\" \/>\n<meta property=\"og:locale\" content=\"es_ES\" \/>\n<meta property=\"og:type\" content=\"article\" \/>\n<meta property=\"og:title\" content=\"Regresa AMLO a las ma\u00f1aneras tras recuperarse de covid-19 - Yucat\u00e1n en corto\" \/>\n<meta property=\"og:description\" content=\"Luego de que su \u00faltima prueba de covid-19 resultara negativa, el presidente Andr\u00e9s Manuel L\u00f3pez Obrador regres\u00f3 a La Ma\u00f1anera, la cual fue presidida por la secretaria de Gobernaci\u00f3n, Olga S\u00e1nchez Cordero, durante dos semanas. Despu\u00e9s de 14 d\u00edas de aislamiento y s\u00f3lo tres apariciones, el Presidente sali\u00f3 a las 7:10 horas a encabezar, sin [&hellip;]\" \/>\n<meta property=\"og:url\" content=\"https:\/\/www.yucatanencorto.com\/noticias\/regresa-amlo-a-las-mananeras-tras-recuperarse-de-covid-19\/\" \/>\n<meta property=\"og:site_name\" content=\"Yucat\u00e1n en corto\" \/>\n<meta property=\"article:publisher\" content=\"http:\/\/www.facebook.com\/yucatanencorto\" \/>\n<meta property=\"article:published_time\" content=\"2021-02-08T15:09:25+00:00\" \/>\n<meta property=\"og:image\" content=\"https:\/\/www.yucatanencorto.com\/noticias\/wp-content\/uploads\/2021\/02\/www.milenio-2.png\" \/>\n\t<meta property=\"og:image:width\" content=\"618\" \/>\n\t<meta property=\"og:image:height\" content=\"348\" \/>\n\t<meta property=\"og:image:type\" content=\"image\/png\" \/>\n<meta name=\"author\" content=\"Yucat\u00e1n en Corto FC\" \/>\n<meta name=\"twitter:card\" content=\"summary_large_image\" \/>\n<meta name=\"twitter:creator\" content=\"@yucatanencorto\" \/>\n<meta name=\"twitter:site\" content=\"@yucatanencorto\" \/>\n<meta name=\"twitter:label1\" content=\"Escrito por\" \/>\n\t<meta name=\"twitter:data1\" content=\"Yucat\u00e1n en Corto FC\" \/>\n\t<meta name=\"twitter:label2\" content=\"Tiempo de lectura\" \/>\n\t<meta name=\"twitter:data2\" content=\"2 minutos\" \/>\n<script type=\"application\/ld+json\" class=\"yoast-schema-graph\">{\"@context\":\"https:\\\/\\\/schema.org\",\"@graph\":[{\"@type\":\"Article\",\"@id\":\"https:\\\/\\\/www.yucatanencorto.com\\\/noticias\\\/regresa-amlo-a-las-mananeras-tras-recuperarse-de-covid-19\\\/#article\",\"isPartOf\":{\"@id\":\"https:\\\/\\\/www.yucatanencorto.com\\\/noticias\\\/regresa-amlo-a-las-mananeras-tras-recuperarse-de-covid-19\\\/\"},\"author\":{\"name\":\"Yucat\u00e1n en Corto FC\",\"@id\":\"https:\\\/\\\/www.yucatanencorto.com\\\/noticias\\\/#\\\/schema\\\/person\\\/14f82d355225a1f4075dd84a31f45a72\"},\"headline\":\"Regresa AMLO a las ma\u00f1aneras tras recuperarse de covid-19\",\"datePublished\":\"2021-02-08T15:09:25+00:00\",\"mainEntityOfPage\":{\"@id\":\"https:\\\/\\\/www.yucatanencorto.com\\\/noticias\\\/regresa-amlo-a-las-mananeras-tras-recuperarse-de-covid-19\\\/\"},\"wordCount\":367,\"image\":{\"@id\":\"https:\\\/\\\/www.yucatanencorto.com\\\/noticias\\\/regresa-amlo-a-las-mananeras-tras-recuperarse-de-covid-19\\\/#primaryimage\"},\"thumbnailUrl\":\"https:\\\/\\\/www.yucatanencorto.com\\\/noticias\\\/wp-content\\\/uploads\\\/2021\\\/02\\\/www.milenio-2.png\",\"articleSection\":[\"M\u00e9xico\"],\"inLanguage\":\"es\"},{\"@type\":\"WebPage\",\"@id\":\"https:\\\/\\\/www.yucatanencorto.com\\\/noticias\\\/regresa-amlo-a-las-mananeras-tras-recuperarse-de-covid-19\\\/\",\"url\":\"https:\\\/\\\/www.yucatanencorto.com\\\/noticias\\\/regresa-amlo-a-las-mananeras-tras-recuperarse-de-covid-19\\\/\",\"name\":\"Regresa AMLO a las ma\u00f1aneras tras recuperarse de covid-19 - Yucat\u00e1n en corto\",\"isPartOf\":{\"@id\":\"https:\\\/\\\/www.yucatanencorto.com\\\/noticias\\\/#website\"},\"primaryImageOfPage\":{\"@id\":\"https:\\\/\\\/www.yucatanencorto.com\\\/noticias\\\/regresa-amlo-a-las-mananeras-tras-recuperarse-de-covid-19\\\/#primaryimage\"},\"image\":{\"@id\":\"https:\\\/\\\/www.yucatanencorto.com\\\/noticias\\\/regresa-amlo-a-las-mananeras-tras-recuperarse-de-covid-19\\\/#primaryimage\"},\"thumbnailUrl\":\"https:\\\/\\\/www.yucatanencorto.com\\\/noticias\\\/wp-content\\\/uploads\\\/2021\\\/02\\\/www.milenio-2.png\",\"datePublished\":\"2021-02-08T15:09:25+00:00\",\"author\":{\"@id\":\"https:\\\/\\\/www.yucatanencorto.com\\\/noticias\\\/#\\\/schema\\\/person\\\/14f82d355225a1f4075dd84a31f45a72\"},\"breadcrumb\":{\"@id\":\"https:\\\/\\\/www.yucatanencorto.com\\\/noticias\\\/regresa-amlo-a-las-mananeras-tras-recuperarse-de-covid-19\\\/#breadcrumb\"},\"inLanguage\":\"es\",\"potentialAction\":[{\"@type\":\"ReadAction\",\"target\":[\"https:\\\/\\\/www.yucatanencorto.com\\\/noticias\\\/regresa-amlo-a-las-mananeras-tras-recuperarse-de-covid-19\\\/\"]}]},{\"@type\":\"ImageObject\",\"inLanguage\":\"es\",\"@id\":\"https:\\\/\\\/www.yucatanencorto.com\\\/noticias\\\/regresa-amlo-a-las-mananeras-tras-recuperarse-de-covid-19\\\/#primaryimage\",\"url\":\"https:\\\/\\\/www.yucatanencorto.com\\\/noticias\\\/wp-content\\\/uploads\\\/2021\\\/02\\\/www.milenio-2.png\",\"contentUrl\":\"https:\\\/\\\/www.yucatanencorto.com\\\/noticias\\\/wp-content\\\/uploads\\\/2021\\\/02\\\/www.milenio-2.png\",\"width\":618,\"height\":348},{\"@type\":\"BreadcrumbList\",\"@id\":\"https:\\\/\\\/www.yucatanencorto.com\\\/noticias\\\/regresa-amlo-a-las-mananeras-tras-recuperarse-de-covid-19\\\/#breadcrumb\",\"itemListElement\":[{\"@type\":\"ListItem\",\"position\":1,\"name\":\"Portada\",\"item\":\"https:\\\/\\\/www.yucatanencorto.com\\\/noticias\\\/\"},{\"@type\":\"ListItem\",\"position\":2,\"name\":\"Regresa AMLO a las ma\u00f1aneras tras recuperarse de covid-19\"}]},{\"@type\":\"WebSite\",\"@id\":\"https:\\\/\\\/www.yucatanencorto.com\\\/noticias\\\/#website\",\"url\":\"https:\\\/\\\/www.yucatanencorto.com\\\/noticias\\\/\",\"name\":\"Yucat\u00e1n en corto\",\"description\":\"Noticias\",\"potentialAction\":[{\"@type\":\"SearchAction\",\"target\":{\"@type\":\"EntryPoint\",\"urlTemplate\":\"https:\\\/\\\/www.yucatanencorto.com\\\/noticias\\\/?s={search_term_string}\"},\"query-input\":{\"@type\":\"PropertyValueSpecification\",\"valueRequired\":true,\"valueName\":\"search_term_string\"}}],\"inLanguage\":\"es\"},{\"@type\":\"Person\",\"@id\":\"https:\\\/\\\/www.yucatanencorto.com\\\/noticias\\\/#\\\/schema\\\/person\\\/14f82d355225a1f4075dd84a31f45a72\",\"name\":\"Yucat\u00e1n en Corto FC\",\"image\":{\"@type\":\"ImageObject\",\"inLanguage\":\"es\",\"@id\":\"https:\\\/\\\/secure.gravatar.com\\\/avatar\\\/147d4b30cd728c53c29c49a3f7834dedca33707f4cd259761355846009a88250?s=96&d=mm&r=g\",\"url\":\"https:\\\/\\\/secure.gravatar.com\\\/avatar\\\/147d4b30cd728c53c29c49a3f7834dedca33707f4cd259761355846009a88250?s=96&d=mm&r=g\",\"contentUrl\":\"https:\\\/\\\/secure.gravatar.com\\\/avatar\\\/147d4b30cd728c53c29c49a3f7834dedca33707f4cd259761355846009a88250?s=96&d=mm&r=g\",\"caption\":\"Yucat\u00e1n en Corto FC\"},\"url\":\"https:\\\/\\\/www.yucatanencorto.com\\\/noticias\\\/author\\\/flor\\\/\"}]}<\/script>\n<!-- \/ Yoast SEO plugin. -->","yoast_head_json":{"title":"Regresa AMLO a las ma\u00f1aneras tras recuperarse de covid-19 - Yucat\u00e1n en corto","robots":{"index":"index","follow":"follow","max-snippet":"max-snippet:-1","max-image-preview":"max-image-preview:large","max-video-preview":"max-video-preview:-1"},"canonical":"https:\/\/www.yucatanencorto.com\/noticias\/regresa-amlo-a-las-mananeras-tras-recuperarse-de-covid-19\/","og_locale":"es_ES","og_type":"article","og_title":"Regresa AMLO a las ma\u00f1aneras tras recuperarse de covid-19 - Yucat\u00e1n en corto","og_description":"Luego de que su \u00faltima prueba de covid-19 resultara negativa, el presidente Andr\u00e9s Manuel L\u00f3pez Obrador regres\u00f3 a La Ma\u00f1anera, la cual fue presidida por la secretaria de Gobernaci\u00f3n, Olga S\u00e1nchez Cordero, durante dos semanas. Despu\u00e9s de 14 d\u00edas de aislamiento y s\u00f3lo tres apariciones, el Presidente sali\u00f3 a las 7:10 horas a encabezar, sin [&hellip;]","og_url":"https:\/\/www.yucatanencorto.com\/noticias\/regresa-amlo-a-las-mananeras-tras-recuperarse-de-covid-19\/","og_site_name":"Yucat\u00e1n en corto","article_publisher":"http:\/\/www.facebook.com\/yucatanencorto","article_published_time":"2021-02-08T15:09:25+00:00","og_image":[{"width":618,"height":348,"url":"https:\/\/www.yucatanencorto.com\/noticias\/wp-content\/uploads\/2021\/02\/www.milenio-2.png","type":"image\/png"}],"author":"Yucat\u00e1n en Corto FC","twitter_card":"summary_large_image","twitter_creator":"@yucatanencorto","twitter_site":"@yucatanencorto","twitter_misc":{"Escrito por":"Yucat\u00e1n en Corto FC","Tiempo de lectura":"2 minutos"},"schema":{"@context":"https:\/\/schema.org","@graph":[{"@type":"Article","@id":"https:\/\/www.yucatanencorto.com\/noticias\/regresa-amlo-a-las-mananeras-tras-recuperarse-de-covid-19\/#article","isPartOf":{"@id":"https:\/\/www.yucatanencorto.com\/noticias\/regresa-amlo-a-las-mananeras-tras-recuperarse-de-covid-19\/"},"author":{"name":"Yucat\u00e1n en Corto FC","@id":"https:\/\/www.yucatanencorto.com\/noticias\/#\/schema\/person\/14f82d355225a1f4075dd84a31f45a72"},"headline":"Regresa AMLO a las ma\u00f1aneras tras recuperarse de covid-19","datePublished":"2021-02-08T15:09:25+00:00","mainEntityOfPage":{"@id":"https:\/\/www.yucatanencorto.com\/noticias\/regresa-amlo-a-las-mananeras-tras-recuperarse-de-covid-19\/"},"wordCount":367,"image":{"@id":"https:\/\/www.yucatanencorto.com\/noticias\/regresa-amlo-a-las-mananeras-tras-recuperarse-de-covid-19\/#primaryimage"},"thumbnailUrl":"https:\/\/www.yucatanencorto.com\/noticias\/wp-content\/uploads\/2021\/02\/www.milenio-2.png","articleSection":["M\u00e9xico"],"inLanguage":"es"},{"@type":"WebPage","@id":"https:\/\/www.yucatanencorto.com\/noticias\/regresa-amlo-a-las-mananeras-tras-recuperarse-de-covid-19\/","url":"https:\/\/www.yucatanencorto.com\/noticias\/regresa-amlo-a-las-mananeras-tras-recuperarse-de-covid-19\/","name":"Regresa AMLO a las ma\u00f1aneras tras recuperarse de covid-19 - Yucat\u00e1n en corto","isPartOf":{"@id":"https:\/\/www.yucatanencorto.com\/noticias\/#website"},"primaryImageOfPage":{"@id":"https:\/\/www.yucatanencorto.com\/noticias\/regresa-amlo-a-las-mananeras-tras-recuperarse-de-covid-19\/#primaryimage"},"image":{"@id":"https:\/\/www.yucatanencorto.com\/noticias\/regresa-amlo-a-las-mananeras-tras-recuperarse-de-covid-19\/#primaryimage"},"thumbnailUrl":"https:\/\/www.yucatanencorto.com\/noticias\/wp-content\/uploads\/2021\/02\/www.milenio-2.png","datePublished":"2021-02-08T15:09:25+00:00","author":{"@id":"https:\/\/www.yucatanencorto.com\/noticias\/#\/schema\/person\/14f82d355225a1f4075dd84a31f45a72"},"breadcrumb":{"@id":"https:\/\/www.yucatanencorto.com\/noticias\/regresa-amlo-a-las-mananeras-tras-recuperarse-de-covid-19\/#breadcrumb"},"inLanguage":"es","potentialAction":[{"@type":"ReadAction","target":["https:\/\/www.yucatanencorto.com\/noticias\/regresa-amlo-a-las-mananeras-tras-recuperarse-de-covid-19\/"]}]},{"@type":"ImageObject","inLanguage":"es","@id":"https:\/\/www.yucatanencorto.com\/noticias\/regresa-amlo-a-las-mananeras-tras-recuperarse-de-covid-19\/#primaryimage","url":"https:\/\/www.yucatanencorto.com\/noticias\/wp-content\/uploads\/2021\/02\/www.milenio-2.png","contentUrl":"https:\/\/www.yucatanencorto.com\/noticias\/wp-content\/uploads\/2021\/02\/www.milenio-2.png","width":618,"height":348},{"@type":"BreadcrumbList","@id":"https:\/\/www.yucatanencorto.com\/noticias\/regresa-amlo-a-las-mananeras-tras-recuperarse-de-covid-19\/#breadcrumb","itemListElement":[{"@type":"ListItem","position":1,"name":"Portada","item":"https:\/\/www.yucatanencorto.com\/noticias\/"},{"@type":"ListItem","position":2,"name":"Regresa AMLO a las ma\u00f1aneras tras recuperarse de covid-19"}]},{"@type":"WebSite","@id":"https:\/\/www.yucatanencorto.com\/noticias\/#website","url":"https:\/\/www.yucatanencorto.com\/noticias\/","name":"Yucat\u00e1n en corto","description":"Noticias","potentialAction":[{"@type":"SearchAction","target":{"@type":"EntryPoint","urlTemplate":"https:\/\/www.yucatanencorto.com\/noticias\/?s={search_term_string}"},"query-input":{"@type":"PropertyValueSpecification","valueRequired":true,"valueName":"search_term_string"}}],"inLanguage":"es"},{"@type":"Person","@id":"https:\/\/www.yucatanencorto.com\/noticias\/#\/schema\/person\/14f82d355225a1f4075dd84a31f45a72","name":"Yucat\u00e1n en Corto FC","image":{"@type":"ImageObject","inLanguage":"es","@id":"https:\/\/secure.gravatar.com\/avatar\/147d4b30cd728c53c29c49a3f7834dedca33707f4cd259761355846009a88250?s=96&d=mm&r=g","url":"https:\/\/secure.gravatar.com\/avatar\/147d4b30cd728c53c29c49a3f7834dedca33707f4cd259761355846009a88250?s=96&d=mm&r=g","contentUrl":"https:\/\/secure.gravatar.com\/avatar\/147d4b30cd728c53c29c49a3f7834dedca33707f4cd259761355846009a88250?s=96&d=mm&r=g","caption":"Yucat\u00e1n en Corto FC"},"url":"https:\/\/www.yucatanencorto.com\/noticias\/author\/flor\/"}]}},"_links":{"self":[{"href":"https:\/\/www.yucatanencorto.com\/noticias\/wp-json\/wp\/v2\/posts\/69993","targetHints":{"allow":["GET"]}}],"collection":[{"href":"https:\/\/www.yucatanencorto.com\/noticias\/wp-json\/wp\/v2\/posts"}],"about":[{"href":"https:\/\/www.yucatanencorto.com\/noticias\/wp-json\/wp\/v2\/types\/post"}],"author":[{"embeddable":true,"href":"https:\/\/www.yucatanencorto.com\/noticias\/wp-json\/wp\/v2\/users\/2"}],"replies":[{"embeddable":true,"href":"https:\/\/www.yucatanencorto.com\/noticias\/wp-json\/wp\/v2\/comments?post=69993"}],"version-history":[{"count":0,"href":"https:\/\/www.yucatanencorto.com\/noticias\/wp-json\/wp\/v2\/posts\/69993\/revisions"}],"wp:featuredmedia":[{"embeddable":true,"href":"https:\/\/www.yucatanencorto.com\/noticias\/wp-json\/wp\/v2\/media\/69994"}],"wp:attachment":[{"href":"https:\/\/www.yucatanencorto.com\/noticias\/wp-json\/wp\/v2\/media?parent=69993"}],"wp:term":[{"taxonomy":"category","embeddable":true,"href":"https:\/\/www.yucatanencorto.com\/noticias\/wp-json\/wp\/v2\/categories?post=69993"},{"taxonomy":"post_tag","embeddable":true,"href":"https:\/\/www.yucatanencorto.com\/noticias\/wp-json\/wp\/v2\/tags?post=69993"}],"curies":[{"name":"wp","href":"https:\/\/api.w.org\/{rel}","templated":true}]}}