{"id":69996,"date":"2021-02-08T10:06:38","date_gmt":"2021-02-08T16:06:38","guid":{"rendered":"https:\/\/www.yucatanencorto.com\/noticias\/?p=69996"},"modified":"2021-02-08T10:06:38","modified_gmt":"2021-02-08T16:06:38","slug":"si-ya-te-recuperaste-de-covid-19-sigue-cuidandote-no-es-garantia-de-inmunidad-secretaria-de-salud","status":"publish","type":"post","link":"https:\/\/www.yucatanencorto.com\/noticias\/si-ya-te-recuperaste-de-covid-19-sigue-cuidandote-no-es-garantia-de-inmunidad-secretaria-de-salud\/","title":{"rendered":"Si ya te recuperaste de COVID-19, sigue cuid\u00e1ndote, no es garant\u00eda de inmunidad: Secretar\u00eda de Salud"},"content":{"rendered":"<p class=\"paragraph\"><img loading=\"lazy\" decoding=\"async\" class=\"alignnone size-full wp-image-69997\" src=\"https:\/\/www.yucatanencorto.com\/noticias\/wp-content\/uploads\/2021\/02\/CNF42ZFLI5EZXHKBDLKDQF43ZU.jpg\" alt=\"\" width=\"768\" height=\"576\" srcset=\"https:\/\/www.yucatanencorto.com\/noticias\/wp-content\/uploads\/2021\/02\/CNF42ZFLI5EZXHKBDLKDQF43ZU.jpg 768w, https:\/\/www.yucatanencorto.com\/noticias\/wp-content\/uploads\/2021\/02\/CNF42ZFLI5EZXHKBDLKDQF43ZU-696x522.jpg 696w, https:\/\/www.yucatanencorto.com\/noticias\/wp-content\/uploads\/2021\/02\/CNF42ZFLI5EZXHKBDLKDQF43ZU-560x420.jpg 560w, https:\/\/www.yucatanencorto.com\/noticias\/wp-content\/uploads\/2021\/02\/CNF42ZFLI5EZXHKBDLKDQF43ZU-80x60.jpg 80w, https:\/\/www.yucatanencorto.com\/noticias\/wp-content\/uploads\/2021\/02\/CNF42ZFLI5EZXHKBDLKDQF43ZU-265x198.jpg 265w\" sizes=\"auto, (max-width: 768px) 100vw, 768px\" \/>De acuerdo con la \u00faltima actualizaci\u00f3n de la Secretar\u00eda de Salud (Ssa), en\u00a0<b>M\u00e9xico<\/b>\u00a0se han registrado\u00a0<b>1,482,138 personas recuperadas\u00a0<\/b>de coronavirus (<b>COVID-19<\/b>) desde que lleg\u00f3 la pandemia al pa\u00eds.<\/p>\n<p class=\"paragraph\">De dicha cifra, muchos han sido\u00a0<b>casos de recontagio<\/b>; es decir, han dado positivo en dos ocasiones y luego de varios meses, esto a pesar de que hay estudios de personas que crean\u00a0<b>anticuerpos\u00a0<\/b>luego de infectarse.<\/p>\n<p class=\"paragraph\">Al respecto, la<b>\u00a0Dra. Gabriela Nucamendi Cervantes<\/b>, directora de Vigilancia Epidemiol\u00f3gica de Enfermedades no transmisibles, se\u00f1al\u00f3 que con s\u00edntomas o sin s\u00edntomas,\u00a0las personas que ya hayan dado positivo al SARS-CoV-2 deber\u00e1n seguirse cuidando, pues no significa que sean inmunes.<\/p>\n<picture class=\"visual__image\"><source srcset=\"https:\/\/www.infobae.com\/new-resizer\/dKajDuGvLvIXGRZN5t49bj2HRBE=\/768x1152\/filters:format(jpg):quality(85)\/cloudfront-us-east-1.images.arcpublishing.com\/infobae\/M4OLXMC53FEFZEREZZPRVOUX34.jpg 1200w\" type=\"image\/jpg\" \/><source srcset=\"https:\/\/www.infobae.com\/new-resizer\/dKajDuGvLvIXGRZN5t49bj2HRBE=\/768x1152\/filters:format(jpg):quality(85)\/cloudfront-us-east-1.images.arcpublishing.com\/infobae\/M4OLXMC53FEFZEREZZPRVOUX34.jpg 992w\" type=\"image\/jpg\" \/><source srcset=\"https:\/\/www.infobae.com\/new-resizer\/dKajDuGvLvIXGRZN5t49bj2HRBE=\/768x1152\/filters:format(jpg):quality(85)\/cloudfront-us-east-1.images.arcpublishing.com\/infobae\/M4OLXMC53FEFZEREZZPRVOUX34.jpg 768w\" type=\"image\/jpg\" \/><source srcset=\"https:\/\/www.infobae.com\/new-resizer\/2szQjZOpoJmPEluY6j6AxLmxQGQ=\/420x630\/filters:format(jpg):quality(85)\/cloudfront-us-east-1.images.arcpublishing.com\/infobae\/M4OLXMC53FEFZEREZZPRVOUX34.jpg 420w\" type=\"image\/jpg\" \/><img loading=\"lazy\" decoding=\"async\" src=\"https:\/\/www.infobae.com\/new-resizer\/2szQjZOpoJmPEluY6j6AxLmxQGQ=\/420x630\/filters:format(jpg):quality(85)\/\/cloudfront-us-east-1.images.arcpublishing.com\/infobae\/M4OLXMC53FEFZEREZZPRVOUX34.jpg\" alt=\"Dra. Gabriela Nucamendi Cervantes, directora de Vigilancia Epidemiol\u00f3gica de Enfermedades no transmisibles (Foto: Twitter\/SSalud_mx)\" width=\"682\" height=\"1024\" \/>Dra. Gabriela Nucamendi Cervantes, directora de Vigilancia Epidemiol\u00f3gica de Enfermedades no transmisibles (Foto: Twitter\/SSalud_mx)<\/picture>\n<p class=\"paragraph\">Durante la conferencia vespertina desde Palacio Nacional, la funcionara a\u00f1adi\u00f3 que ello incluye continuar respetando las medidas sanitarias ante la pandemia, como\u00a0<b>sana distancia, lavado de manos, cubrirse al toser o estornudar, uso de cubrebocas o aislamiento.<\/b><\/p>\n<p class=\"paragraph\">Record\u00f3 que el\u00a0<b>uso de cubrebocas<\/b>\u00a0no solo corresponde al estar al \u201caire libre\u201d, sino tambi\u00e9n\u00a0<b>dentro de lugares que no tengan ventilaci\u00f3n adecuada.<\/b><\/p>\n<p class=\"paragraph\">\u201cSi yo me cuido, cuido a los dem\u00e1s\u201d, sentenci\u00f3.<\/p>\n","protected":false},"excerpt":{"rendered":"<p>De acuerdo con la \u00faltima actualizaci\u00f3n de la Secretar\u00eda de Salud (Ssa), en\u00a0M\u00e9xico\u00a0se han registrado\u00a01,482,138 personas recuperadas\u00a0de coronavirus (COVID-19) desde que lleg\u00f3 la pandemia al pa\u00eds. De dicha cifra, muchos han sido\u00a0casos de recontagio; es decir, han dado positivo en dos ocasiones y luego de varios meses, esto a pesar de que hay estudios de [&hellip;]<\/p>\n","protected":false},"author":2,"featured_media":69997,"comment_status":"closed","ping_status":"closed","sticky":false,"template":"","format":"standard","meta":{"footnotes":""},"categories":[4],"tags":[],"class_list":{"0":"post-69996","1":"post","2":"type-post","3":"status-publish","4":"format-standard","5":"has-post-thumbnail","7":"category-mexico"},"yoast_head":"<!-- This site is optimized with the Yoast SEO plugin v27.4 - https:\/\/yoast.com\/product\/yoast-seo-wordpress\/ -->\n<title>Si ya te recuperaste de COVID-19, sigue cuid\u00e1ndote, no es garant\u00eda de inmunidad: Secretar\u00eda de Salud - Yucat\u00e1n en corto<\/title>\n<meta name=\"robots\" content=\"index, follow, max-snippet:-1, max-image-preview:large, max-video-preview:-1\" \/>\n<link rel=\"canonical\" href=\"https:\/\/www.yucatanencorto.com\/noticias\/si-ya-te-recuperaste-de-covid-19-sigue-cuidandote-no-es-garantia-de-inmunidad-secretaria-de-salud\/\" \/>\n<meta property=\"og:locale\" content=\"es_ES\" \/>\n<meta property=\"og:type\" content=\"article\" \/>\n<meta property=\"og:title\" content=\"Si ya te recuperaste de COVID-19, sigue cuid\u00e1ndote, no es garant\u00eda de inmunidad: Secretar\u00eda de Salud - Yucat\u00e1n en corto\" \/>\n<meta property=\"og:description\" content=\"De acuerdo con la \u00faltima actualizaci\u00f3n de la Secretar\u00eda de Salud (Ssa), en\u00a0M\u00e9xico\u00a0se han registrado\u00a01,482,138 personas recuperadas\u00a0de coronavirus (COVID-19) desde que lleg\u00f3 la pandemia al pa\u00eds. De dicha cifra, muchos han sido\u00a0casos de recontagio; es decir, han dado positivo en dos ocasiones y luego de varios meses, esto a pesar de que hay estudios de [&hellip;]\" \/>\n<meta property=\"og:url\" content=\"https:\/\/www.yucatanencorto.com\/noticias\/si-ya-te-recuperaste-de-covid-19-sigue-cuidandote-no-es-garantia-de-inmunidad-secretaria-de-salud\/\" \/>\n<meta property=\"og:site_name\" content=\"Yucat\u00e1n en corto\" \/>\n<meta property=\"article:publisher\" content=\"http:\/\/www.facebook.com\/yucatanencorto\" \/>\n<meta property=\"article:published_time\" content=\"2021-02-08T16:06:38+00:00\" \/>\n<meta property=\"og:image\" content=\"https:\/\/www.yucatanencorto.com\/noticias\/wp-content\/uploads\/2021\/02\/CNF42ZFLI5EZXHKBDLKDQF43ZU.jpg\" \/>\n\t<meta property=\"og:image:width\" content=\"768\" \/>\n\t<meta property=\"og:image:height\" content=\"576\" \/>\n\t<meta property=\"og:image:type\" content=\"image\/jpeg\" \/>\n<meta name=\"author\" content=\"Yucat\u00e1n en Corto FC\" \/>\n<meta name=\"twitter:card\" content=\"summary_large_image\" \/>\n<meta name=\"twitter:creator\" content=\"@yucatanencorto\" \/>\n<meta name=\"twitter:site\" content=\"@yucatanencorto\" \/>\n<meta name=\"twitter:label1\" content=\"Escrito por\" \/>\n\t<meta name=\"twitter:data1\" content=\"Yucat\u00e1n en Corto FC\" \/>\n\t<meta name=\"twitter:label2\" content=\"Tiempo de lectura\" \/>\n\t<meta name=\"twitter:data2\" content=\"2 minutos\" \/>\n<script type=\"application\/ld+json\" class=\"yoast-schema-graph\">{\"@context\":\"https:\\\/\\\/schema.org\",\"@graph\":[{\"@type\":\"Article\",\"@id\":\"https:\\\/\\\/www.yucatanencorto.com\\\/noticias\\\/si-ya-te-recuperaste-de-covid-19-sigue-cuidandote-no-es-garantia-de-inmunidad-secretaria-de-salud\\\/#article\",\"isPartOf\":{\"@id\":\"https:\\\/\\\/www.yucatanencorto.com\\\/noticias\\\/si-ya-te-recuperaste-de-covid-19-sigue-cuidandote-no-es-garantia-de-inmunidad-secretaria-de-salud\\\/\"},\"author\":{\"name\":\"Yucat\u00e1n en Corto FC\",\"@id\":\"https:\\\/\\\/www.yucatanencorto.com\\\/noticias\\\/#\\\/schema\\\/person\\\/14f82d355225a1f4075dd84a31f45a72\"},\"headline\":\"Si ya te recuperaste de COVID-19, sigue cuid\u00e1ndote, no es garant\u00eda de inmunidad: Secretar\u00eda de Salud\",\"datePublished\":\"2021-02-08T16:06:38+00:00\",\"mainEntityOfPage\":{\"@id\":\"https:\\\/\\\/www.yucatanencorto.com\\\/noticias\\\/si-ya-te-recuperaste-de-covid-19-sigue-cuidandote-no-es-garantia-de-inmunidad-secretaria-de-salud\\\/\"},\"wordCount\":225,\"image\":{\"@id\":\"https:\\\/\\\/www.yucatanencorto.com\\\/noticias\\\/si-ya-te-recuperaste-de-covid-19-sigue-cuidandote-no-es-garantia-de-inmunidad-secretaria-de-salud\\\/#primaryimage\"},\"thumbnailUrl\":\"https:\\\/\\\/www.yucatanencorto.com\\\/noticias\\\/wp-content\\\/uploads\\\/2021\\\/02\\\/CNF42ZFLI5EZXHKBDLKDQF43ZU.jpg\",\"articleSection\":[\"M\u00e9xico\"],\"inLanguage\":\"es\"},{\"@type\":\"WebPage\",\"@id\":\"https:\\\/\\\/www.yucatanencorto.com\\\/noticias\\\/si-ya-te-recuperaste-de-covid-19-sigue-cuidandote-no-es-garantia-de-inmunidad-secretaria-de-salud\\\/\",\"url\":\"https:\\\/\\\/www.yucatanencorto.com\\\/noticias\\\/si-ya-te-recuperaste-de-covid-19-sigue-cuidandote-no-es-garantia-de-inmunidad-secretaria-de-salud\\\/\",\"name\":\"Si ya te recuperaste de COVID-19, sigue cuid\u00e1ndote, no es garant\u00eda de inmunidad: Secretar\u00eda de Salud - Yucat\u00e1n en corto\",\"isPartOf\":{\"@id\":\"https:\\\/\\\/www.yucatanencorto.com\\\/noticias\\\/#website\"},\"primaryImageOfPage\":{\"@id\":\"https:\\\/\\\/www.yucatanencorto.com\\\/noticias\\\/si-ya-te-recuperaste-de-covid-19-sigue-cuidandote-no-es-garantia-de-inmunidad-secretaria-de-salud\\\/#primaryimage\"},\"image\":{\"@id\":\"https:\\\/\\\/www.yucatanencorto.com\\\/noticias\\\/si-ya-te-recuperaste-de-covid-19-sigue-cuidandote-no-es-garantia-de-inmunidad-secretaria-de-salud\\\/#primaryimage\"},\"thumbnailUrl\":\"https:\\\/\\\/www.yucatanencorto.com\\\/noticias\\\/wp-content\\\/uploads\\\/2021\\\/02\\\/CNF42ZFLI5EZXHKBDLKDQF43ZU.jpg\",\"datePublished\":\"2021-02-08T16:06:38+00:00\",\"author\":{\"@id\":\"https:\\\/\\\/www.yucatanencorto.com\\\/noticias\\\/#\\\/schema\\\/person\\\/14f82d355225a1f4075dd84a31f45a72\"},\"breadcrumb\":{\"@id\":\"https:\\\/\\\/www.yucatanencorto.com\\\/noticias\\\/si-ya-te-recuperaste-de-covid-19-sigue-cuidandote-no-es-garantia-de-inmunidad-secretaria-de-salud\\\/#breadcrumb\"},\"inLanguage\":\"es\",\"potentialAction\":[{\"@type\":\"ReadAction\",\"target\":[\"https:\\\/\\\/www.yucatanencorto.com\\\/noticias\\\/si-ya-te-recuperaste-de-covid-19-sigue-cuidandote-no-es-garantia-de-inmunidad-secretaria-de-salud\\\/\"]}]},{\"@type\":\"ImageObject\",\"inLanguage\":\"es\",\"@id\":\"https:\\\/\\\/www.yucatanencorto.com\\\/noticias\\\/si-ya-te-recuperaste-de-covid-19-sigue-cuidandote-no-es-garantia-de-inmunidad-secretaria-de-salud\\\/#primaryimage\",\"url\":\"https:\\\/\\\/www.yucatanencorto.com\\\/noticias\\\/wp-content\\\/uploads\\\/2021\\\/02\\\/CNF42ZFLI5EZXHKBDLKDQF43ZU.jpg\",\"contentUrl\":\"https:\\\/\\\/www.yucatanencorto.com\\\/noticias\\\/wp-content\\\/uploads\\\/2021\\\/02\\\/CNF42ZFLI5EZXHKBDLKDQF43ZU.jpg\",\"width\":768,\"height\":576},{\"@type\":\"BreadcrumbList\",\"@id\":\"https:\\\/\\\/www.yucatanencorto.com\\\/noticias\\\/si-ya-te-recuperaste-de-covid-19-sigue-cuidandote-no-es-garantia-de-inmunidad-secretaria-de-salud\\\/#breadcrumb\",\"itemListElement\":[{\"@type\":\"ListItem\",\"position\":1,\"name\":\"Portada\",\"item\":\"https:\\\/\\\/www.yucatanencorto.com\\\/noticias\\\/\"},{\"@type\":\"ListItem\",\"position\":2,\"name\":\"Si ya te recuperaste de COVID-19, sigue cuid\u00e1ndote, no es garant\u00eda de inmunidad: Secretar\u00eda de Salud\"}]},{\"@type\":\"WebSite\",\"@id\":\"https:\\\/\\\/www.yucatanencorto.com\\\/noticias\\\/#website\",\"url\":\"https:\\\/\\\/www.yucatanencorto.com\\\/noticias\\\/\",\"name\":\"Yucat\u00e1n en corto\",\"description\":\"Noticias\",\"potentialAction\":[{\"@type\":\"SearchAction\",\"target\":{\"@type\":\"EntryPoint\",\"urlTemplate\":\"https:\\\/\\\/www.yucatanencorto.com\\\/noticias\\\/?s={search_term_string}\"},\"query-input\":{\"@type\":\"PropertyValueSpecification\",\"valueRequired\":true,\"valueName\":\"search_term_string\"}}],\"inLanguage\":\"es\"},{\"@type\":\"Person\",\"@id\":\"https:\\\/\\\/www.yucatanencorto.com\\\/noticias\\\/#\\\/schema\\\/person\\\/14f82d355225a1f4075dd84a31f45a72\",\"name\":\"Yucat\u00e1n en Corto FC\",\"image\":{\"@type\":\"ImageObject\",\"inLanguage\":\"es\",\"@id\":\"https:\\\/\\\/secure.gravatar.com\\\/avatar\\\/147d4b30cd728c53c29c49a3f7834dedca33707f4cd259761355846009a88250?s=96&d=mm&r=g\",\"url\":\"https:\\\/\\\/secure.gravatar.com\\\/avatar\\\/147d4b30cd728c53c29c49a3f7834dedca33707f4cd259761355846009a88250?s=96&d=mm&r=g\",\"contentUrl\":\"https:\\\/\\\/secure.gravatar.com\\\/avatar\\\/147d4b30cd728c53c29c49a3f7834dedca33707f4cd259761355846009a88250?s=96&d=mm&r=g\",\"caption\":\"Yucat\u00e1n en Corto FC\"},\"url\":\"https:\\\/\\\/www.yucatanencorto.com\\\/noticias\\\/author\\\/flor\\\/\"}]}<\/script>\n<!-- \/ Yoast SEO plugin. -->","yoast_head_json":{"title":"Si ya te recuperaste de COVID-19, sigue cuid\u00e1ndote, no es garant\u00eda de inmunidad: Secretar\u00eda de Salud - Yucat\u00e1n en corto","robots":{"index":"index","follow":"follow","max-snippet":"max-snippet:-1","max-image-preview":"max-image-preview:large","max-video-preview":"max-video-preview:-1"},"canonical":"https:\/\/www.yucatanencorto.com\/noticias\/si-ya-te-recuperaste-de-covid-19-sigue-cuidandote-no-es-garantia-de-inmunidad-secretaria-de-salud\/","og_locale":"es_ES","og_type":"article","og_title":"Si ya te recuperaste de COVID-19, sigue cuid\u00e1ndote, no es garant\u00eda de inmunidad: Secretar\u00eda de Salud - Yucat\u00e1n en corto","og_description":"De acuerdo con la \u00faltima actualizaci\u00f3n de la Secretar\u00eda de Salud (Ssa), en\u00a0M\u00e9xico\u00a0se han registrado\u00a01,482,138 personas recuperadas\u00a0de coronavirus (COVID-19) desde que lleg\u00f3 la pandemia al pa\u00eds. De dicha cifra, muchos han sido\u00a0casos de recontagio; es decir, han dado positivo en dos ocasiones y luego de varios meses, esto a pesar de que hay estudios de [&hellip;]","og_url":"https:\/\/www.yucatanencorto.com\/noticias\/si-ya-te-recuperaste-de-covid-19-sigue-cuidandote-no-es-garantia-de-inmunidad-secretaria-de-salud\/","og_site_name":"Yucat\u00e1n en corto","article_publisher":"http:\/\/www.facebook.com\/yucatanencorto","article_published_time":"2021-02-08T16:06:38+00:00","og_image":[{"width":768,"height":576,"url":"https:\/\/www.yucatanencorto.com\/noticias\/wp-content\/uploads\/2021\/02\/CNF42ZFLI5EZXHKBDLKDQF43ZU.jpg","type":"image\/jpeg"}],"author":"Yucat\u00e1n en Corto FC","twitter_card":"summary_large_image","twitter_creator":"@yucatanencorto","twitter_site":"@yucatanencorto","twitter_misc":{"Escrito por":"Yucat\u00e1n en Corto FC","Tiempo de lectura":"2 minutos"},"schema":{"@context":"https:\/\/schema.org","@graph":[{"@type":"Article","@id":"https:\/\/www.yucatanencorto.com\/noticias\/si-ya-te-recuperaste-de-covid-19-sigue-cuidandote-no-es-garantia-de-inmunidad-secretaria-de-salud\/#article","isPartOf":{"@id":"https:\/\/www.yucatanencorto.com\/noticias\/si-ya-te-recuperaste-de-covid-19-sigue-cuidandote-no-es-garantia-de-inmunidad-secretaria-de-salud\/"},"author":{"name":"Yucat\u00e1n en Corto FC","@id":"https:\/\/www.yucatanencorto.com\/noticias\/#\/schema\/person\/14f82d355225a1f4075dd84a31f45a72"},"headline":"Si ya te recuperaste de COVID-19, sigue cuid\u00e1ndote, no es garant\u00eda de inmunidad: Secretar\u00eda de Salud","datePublished":"2021-02-08T16:06:38+00:00","mainEntityOfPage":{"@id":"https:\/\/www.yucatanencorto.com\/noticias\/si-ya-te-recuperaste-de-covid-19-sigue-cuidandote-no-es-garantia-de-inmunidad-secretaria-de-salud\/"},"wordCount":225,"image":{"@id":"https:\/\/www.yucatanencorto.com\/noticias\/si-ya-te-recuperaste-de-covid-19-sigue-cuidandote-no-es-garantia-de-inmunidad-secretaria-de-salud\/#primaryimage"},"thumbnailUrl":"https:\/\/www.yucatanencorto.com\/noticias\/wp-content\/uploads\/2021\/02\/CNF42ZFLI5EZXHKBDLKDQF43ZU.jpg","articleSection":["M\u00e9xico"],"inLanguage":"es"},{"@type":"WebPage","@id":"https:\/\/www.yucatanencorto.com\/noticias\/si-ya-te-recuperaste-de-covid-19-sigue-cuidandote-no-es-garantia-de-inmunidad-secretaria-de-salud\/","url":"https:\/\/www.yucatanencorto.com\/noticias\/si-ya-te-recuperaste-de-covid-19-sigue-cuidandote-no-es-garantia-de-inmunidad-secretaria-de-salud\/","name":"Si ya te recuperaste de COVID-19, sigue cuid\u00e1ndote, no es garant\u00eda de inmunidad: Secretar\u00eda de Salud - Yucat\u00e1n en corto","isPartOf":{"@id":"https:\/\/www.yucatanencorto.com\/noticias\/#website"},"primaryImageOfPage":{"@id":"https:\/\/www.yucatanencorto.com\/noticias\/si-ya-te-recuperaste-de-covid-19-sigue-cuidandote-no-es-garantia-de-inmunidad-secretaria-de-salud\/#primaryimage"},"image":{"@id":"https:\/\/www.yucatanencorto.com\/noticias\/si-ya-te-recuperaste-de-covid-19-sigue-cuidandote-no-es-garantia-de-inmunidad-secretaria-de-salud\/#primaryimage"},"thumbnailUrl":"https:\/\/www.yucatanencorto.com\/noticias\/wp-content\/uploads\/2021\/02\/CNF42ZFLI5EZXHKBDLKDQF43ZU.jpg","datePublished":"2021-02-08T16:06:38+00:00","author":{"@id":"https:\/\/www.yucatanencorto.com\/noticias\/#\/schema\/person\/14f82d355225a1f4075dd84a31f45a72"},"breadcrumb":{"@id":"https:\/\/www.yucatanencorto.com\/noticias\/si-ya-te-recuperaste-de-covid-19-sigue-cuidandote-no-es-garantia-de-inmunidad-secretaria-de-salud\/#breadcrumb"},"inLanguage":"es","potentialAction":[{"@type":"ReadAction","target":["https:\/\/www.yucatanencorto.com\/noticias\/si-ya-te-recuperaste-de-covid-19-sigue-cuidandote-no-es-garantia-de-inmunidad-secretaria-de-salud\/"]}]},{"@type":"ImageObject","inLanguage":"es","@id":"https:\/\/www.yucatanencorto.com\/noticias\/si-ya-te-recuperaste-de-covid-19-sigue-cuidandote-no-es-garantia-de-inmunidad-secretaria-de-salud\/#primaryimage","url":"https:\/\/www.yucatanencorto.com\/noticias\/wp-content\/uploads\/2021\/02\/CNF42ZFLI5EZXHKBDLKDQF43ZU.jpg","contentUrl":"https:\/\/www.yucatanencorto.com\/noticias\/wp-content\/uploads\/2021\/02\/CNF42ZFLI5EZXHKBDLKDQF43ZU.jpg","width":768,"height":576},{"@type":"BreadcrumbList","@id":"https:\/\/www.yucatanencorto.com\/noticias\/si-ya-te-recuperaste-de-covid-19-sigue-cuidandote-no-es-garantia-de-inmunidad-secretaria-de-salud\/#breadcrumb","itemListElement":[{"@type":"ListItem","position":1,"name":"Portada","item":"https:\/\/www.yucatanencorto.com\/noticias\/"},{"@type":"ListItem","position":2,"name":"Si ya te recuperaste de COVID-19, sigue cuid\u00e1ndote, no es garant\u00eda de inmunidad: Secretar\u00eda de Salud"}]},{"@type":"WebSite","@id":"https:\/\/www.yucatanencorto.com\/noticias\/#website","url":"https:\/\/www.yucatanencorto.com\/noticias\/","name":"Yucat\u00e1n en corto","description":"Noticias","potentialAction":[{"@type":"SearchAction","target":{"@type":"EntryPoint","urlTemplate":"https:\/\/www.yucatanencorto.com\/noticias\/?s={search_term_string}"},"query-input":{"@type":"PropertyValueSpecification","valueRequired":true,"valueName":"search_term_string"}}],"inLanguage":"es"},{"@type":"Person","@id":"https:\/\/www.yucatanencorto.com\/noticias\/#\/schema\/person\/14f82d355225a1f4075dd84a31f45a72","name":"Yucat\u00e1n en Corto FC","image":{"@type":"ImageObject","inLanguage":"es","@id":"https:\/\/secure.gravatar.com\/avatar\/147d4b30cd728c53c29c49a3f7834dedca33707f4cd259761355846009a88250?s=96&d=mm&r=g","url":"https:\/\/secure.gravatar.com\/avatar\/147d4b30cd728c53c29c49a3f7834dedca33707f4cd259761355846009a88250?s=96&d=mm&r=g","contentUrl":"https:\/\/secure.gravatar.com\/avatar\/147d4b30cd728c53c29c49a3f7834dedca33707f4cd259761355846009a88250?s=96&d=mm&r=g","caption":"Yucat\u00e1n en Corto FC"},"url":"https:\/\/www.yucatanencorto.com\/noticias\/author\/flor\/"}]}},"_links":{"self":[{"href":"https:\/\/www.yucatanencorto.com\/noticias\/wp-json\/wp\/v2\/posts\/69996","targetHints":{"allow":["GET"]}}],"collection":[{"href":"https:\/\/www.yucatanencorto.com\/noticias\/wp-json\/wp\/v2\/posts"}],"about":[{"href":"https:\/\/www.yucatanencorto.com\/noticias\/wp-json\/wp\/v2\/types\/post"}],"author":[{"embeddable":true,"href":"https:\/\/www.yucatanencorto.com\/noticias\/wp-json\/wp\/v2\/users\/2"}],"replies":[{"embeddable":true,"href":"https:\/\/www.yucatanencorto.com\/noticias\/wp-json\/wp\/v2\/comments?post=69996"}],"version-history":[{"count":0,"href":"https:\/\/www.yucatanencorto.com\/noticias\/wp-json\/wp\/v2\/posts\/69996\/revisions"}],"wp:featuredmedia":[{"embeddable":true,"href":"https:\/\/www.yucatanencorto.com\/noticias\/wp-json\/wp\/v2\/media\/69997"}],"wp:attachment":[{"href":"https:\/\/www.yucatanencorto.com\/noticias\/wp-json\/wp\/v2\/media?parent=69996"}],"wp:term":[{"taxonomy":"category","embeddable":true,"href":"https:\/\/www.yucatanencorto.com\/noticias\/wp-json\/wp\/v2\/categories?post=69996"},{"taxonomy":"post_tag","embeddable":true,"href":"https:\/\/www.yucatanencorto.com\/noticias\/wp-json\/wp\/v2\/tags?post=69996"}],"curies":[{"name":"wp","href":"https:\/\/api.w.org\/{rel}","templated":true}]}}