{"id":69999,"date":"2021-02-08T10:13:53","date_gmt":"2021-02-08T16:13:53","guid":{"rendered":"https:\/\/www.yucatanencorto.com\/noticias\/?p=69999"},"modified":"2021-02-08T10:13:53","modified_gmt":"2021-02-08T16:13:53","slug":"ya-no-contagio-amlo-dice-que-no-usara-cubrebocas-tras-padecer-covid-19","status":"publish","type":"post","link":"https:\/\/www.yucatanencorto.com\/noticias\/ya-no-contagio-amlo-dice-que-no-usara-cubrebocas-tras-padecer-covid-19\/","title":{"rendered":"&#8216;Ya no contagio&#8217;: AMLO dice que no usar\u00e1 cubrebocas tras padecer COVID-19"},"content":{"rendered":"<p class=\"paragraph\" data-count=\"197\" data-wrap=\"33\"><img loading=\"lazy\" decoding=\"async\" class=\"alignnone size-full wp-image-70000\" src=\"https:\/\/www.yucatanencorto.com\/noticias\/wp-content\/uploads\/2021\/02\/amlo-nominacion-ssp.png\" alt=\"\" width=\"728\" height=\"409\" srcset=\"https:\/\/www.yucatanencorto.com\/noticias\/wp-content\/uploads\/2021\/02\/amlo-nominacion-ssp.png 728w, https:\/\/www.yucatanencorto.com\/noticias\/wp-content\/uploads\/2021\/02\/amlo-nominacion-ssp-696x391.png 696w\" sizes=\"auto, (max-width: 728px) 100vw, 728px\" \/>El presidente<strong>\u00a0Andr\u00e9s Manuel L\u00f3pez Obrador<\/strong>\u00a0descart\u00f3 este lunes que vaya a utilizar\u00a0<strong>cubrebocas\u00a0<\/strong>y que esta medida se vaya a volver obligatoria en el pa\u00eds, esto en su reaparici\u00f3n tras padecer COVID-19.<\/p>\n<p class=\"paragraph\" data-count=\"93\" data-wrap=\"15\">Al ser cuestionado sobre si \u00e9l utilizar\u00e1 mascarillas de ahora en adelante, respondi\u00f3 que no.<\/p>\n<p class=\"paragraph\" data-count=\"121\" data-wrap=\"21\">\u00abNo, no. Ahora ya adem\u00e1s, de acuerdo a lo que plantean los m\u00e9dicos,\u00a0<strong>ya no contagio<\/strong>\u00ab, indic\u00f3 en su conferencia matutina.<\/p>\n<p class=\"paragraph\" data-count=\"217\" data-wrap=\"36\">Sobre el\u00a0<strong>posible uso obligatorio<\/strong>, el mandatario federal apunt\u00f3 que M\u00e9xico no es un pa\u00eds autoritario y que todo es voluntaro. \u00abLo m\u00e1s importante es la libertad y\u00a0<strong>cada quien debe de asumir su responsabilidad<\/strong>\u00ab, a\u00f1adi\u00f3.<\/p>\n<p class=\"paragraph\" data-count=\"191\" data-wrap=\"33\">Abund\u00f3 que, en ese sentido, en el pa\u00eds no se han impuesto toques de queda y las recomendaciones han sido cuidar la sana distancia, no hacer actos masivos, y cuidarse en reuniones familiares.<\/p>\n<p class=\"paragraph\" data-count=\"177\" data-wrap=\"29\">El\u00a0presidente dio positivo a COVID-19 el pasado 24 de enero, y estuvo ausente en las conferencias matutinas desde entonces y hasta este lunes en que reapareci\u00f3 tras recuperarse.<\/p>\n<h3 class=\"featured__title\">AMLO continuar\u00e1 con sus giras<\/h3>\n<p class=\"paragraph\" data-count=\"148\" data-wrap=\"26\">Al ser cuestionado sobre cu\u00e1ndo podr\u00e1 volver a sus giras de fin de semana por el pa\u00eds, L\u00f3pez Obrador afirm\u00f3 que debe continuar con sus actividades.<\/p>\n<p class=\"paragraph\" data-count=\"321\" data-wrap=\"55\">\u00ab<strong>Yo tengo que seguir haciendo lo mismo (cuid\u00e1ndose) y desde luego trabajando.\u00a0<\/strong>(&#8230;) Vamos a la ceremonia del D\u00eda de la Lealtad, imag\u00ednense c\u00f3mo no voy a estar en esta fecha tan importante, el mi\u00e9rcoles. Y vamos a estar en la inauguraci\u00f3n de la Base A\u00e9rea Militar esta semana en el aeropuerto &#8216;Felipe \u00c1ngeles'\u00bb, coment\u00f3.<\/p>\n<p class=\"paragraph\" data-count=\"237\" data-wrap=\"41\">Tambi\u00e9n ir\u00e1 de gira a\u00a0<strong>Oaxaca<\/strong>\u00a0debido a que el pr\u00f3ximo 14 de febrero inician las conmemoraciones por los 200 a\u00f1os de la Independencia de M\u00e9xico. El primer acto ser\u00e1 en Cuil\u00e1pam de Guerrero, en Oaxaca, donde fue asesinado\u00a0<strong>Vicente Guerrero.<\/strong><\/p>\n","protected":false},"excerpt":{"rendered":"<p>El presidente\u00a0Andr\u00e9s Manuel L\u00f3pez Obrador\u00a0descart\u00f3 este lunes que vaya a utilizar\u00a0cubrebocas\u00a0y que esta medida se vaya a volver obligatoria en el pa\u00eds, esto en su reaparici\u00f3n tras padecer COVID-19. Al ser cuestionado sobre si \u00e9l utilizar\u00e1 mascarillas de ahora en adelante, respondi\u00f3 que no. \u00abNo, no. Ahora ya adem\u00e1s, de acuerdo a lo que plantean [&hellip;]<\/p>\n","protected":false},"author":2,"featured_media":70000,"comment_status":"closed","ping_status":"closed","sticky":false,"template":"","format":"standard","meta":{"footnotes":""},"categories":[4],"tags":[],"class_list":{"0":"post-69999","1":"post","2":"type-post","3":"status-publish","4":"format-standard","5":"has-post-thumbnail","7":"category-mexico"},"yoast_head":"<!-- This site is optimized with the Yoast SEO plugin v27.4 - https:\/\/yoast.com\/product\/yoast-seo-wordpress\/ -->\n<title>&#039;Ya no contagio&#039;: AMLO dice que no usar\u00e1 cubrebocas tras padecer COVID-19 - Yucat\u00e1n en corto<\/title>\n<meta name=\"robots\" content=\"index, follow, max-snippet:-1, max-image-preview:large, max-video-preview:-1\" \/>\n<link rel=\"canonical\" href=\"https:\/\/www.yucatanencorto.com\/noticias\/ya-no-contagio-amlo-dice-que-no-usara-cubrebocas-tras-padecer-covid-19\/\" \/>\n<meta property=\"og:locale\" content=\"es_ES\" \/>\n<meta property=\"og:type\" content=\"article\" \/>\n<meta property=\"og:title\" content=\"&#039;Ya no contagio&#039;: AMLO dice que no usar\u00e1 cubrebocas tras padecer COVID-19 - Yucat\u00e1n en corto\" \/>\n<meta property=\"og:description\" content=\"El presidente\u00a0Andr\u00e9s Manuel L\u00f3pez Obrador\u00a0descart\u00f3 este lunes que vaya a utilizar\u00a0cubrebocas\u00a0y que esta medida se vaya a volver obligatoria en el pa\u00eds, esto en su reaparici\u00f3n tras padecer COVID-19. Al ser cuestionado sobre si \u00e9l utilizar\u00e1 mascarillas de ahora en adelante, respondi\u00f3 que no. \u00abNo, no. Ahora ya adem\u00e1s, de acuerdo a lo que plantean [&hellip;]\" \/>\n<meta property=\"og:url\" content=\"https:\/\/www.yucatanencorto.com\/noticias\/ya-no-contagio-amlo-dice-que-no-usara-cubrebocas-tras-padecer-covid-19\/\" \/>\n<meta property=\"og:site_name\" content=\"Yucat\u00e1n en corto\" \/>\n<meta property=\"article:publisher\" content=\"http:\/\/www.facebook.com\/yucatanencorto\" \/>\n<meta property=\"article:published_time\" content=\"2021-02-08T16:13:53+00:00\" \/>\n<meta property=\"og:image\" content=\"https:\/\/www.yucatanencorto.com\/noticias\/wp-content\/uploads\/2021\/02\/amlo-nominacion-ssp.png\" \/>\n\t<meta property=\"og:image:width\" content=\"728\" \/>\n\t<meta property=\"og:image:height\" content=\"409\" \/>\n\t<meta property=\"og:image:type\" content=\"image\/png\" \/>\n<meta name=\"author\" content=\"Yucat\u00e1n en Corto FC\" \/>\n<meta name=\"twitter:card\" content=\"summary_large_image\" \/>\n<meta name=\"twitter:creator\" content=\"@yucatanencorto\" \/>\n<meta name=\"twitter:site\" content=\"@yucatanencorto\" \/>\n<meta name=\"twitter:label1\" content=\"Escrito por\" \/>\n\t<meta name=\"twitter:data1\" content=\"Yucat\u00e1n en Corto FC\" \/>\n\t<meta name=\"twitter:label2\" content=\"Tiempo de lectura\" \/>\n\t<meta name=\"twitter:data2\" content=\"2 minutos\" \/>\n<script type=\"application\/ld+json\" class=\"yoast-schema-graph\">{\"@context\":\"https:\\\/\\\/schema.org\",\"@graph\":[{\"@type\":\"Article\",\"@id\":\"https:\\\/\\\/www.yucatanencorto.com\\\/noticias\\\/ya-no-contagio-amlo-dice-que-no-usara-cubrebocas-tras-padecer-covid-19\\\/#article\",\"isPartOf\":{\"@id\":\"https:\\\/\\\/www.yucatanencorto.com\\\/noticias\\\/ya-no-contagio-amlo-dice-que-no-usara-cubrebocas-tras-padecer-covid-19\\\/\"},\"author\":{\"name\":\"Yucat\u00e1n en Corto FC\",\"@id\":\"https:\\\/\\\/www.yucatanencorto.com\\\/noticias\\\/#\\\/schema\\\/person\\\/14f82d355225a1f4075dd84a31f45a72\"},\"headline\":\"&#8216;Ya no contagio&#8217;: AMLO dice que no usar\u00e1 cubrebocas tras padecer COVID-19\",\"datePublished\":\"2021-02-08T16:13:53+00:00\",\"mainEntityOfPage\":{\"@id\":\"https:\\\/\\\/www.yucatanencorto.com\\\/noticias\\\/ya-no-contagio-amlo-dice-que-no-usara-cubrebocas-tras-padecer-covid-19\\\/\"},\"wordCount\":328,\"image\":{\"@id\":\"https:\\\/\\\/www.yucatanencorto.com\\\/noticias\\\/ya-no-contagio-amlo-dice-que-no-usara-cubrebocas-tras-padecer-covid-19\\\/#primaryimage\"},\"thumbnailUrl\":\"https:\\\/\\\/www.yucatanencorto.com\\\/noticias\\\/wp-content\\\/uploads\\\/2021\\\/02\\\/amlo-nominacion-ssp.png\",\"articleSection\":[\"M\u00e9xico\"],\"inLanguage\":\"es\"},{\"@type\":\"WebPage\",\"@id\":\"https:\\\/\\\/www.yucatanencorto.com\\\/noticias\\\/ya-no-contagio-amlo-dice-que-no-usara-cubrebocas-tras-padecer-covid-19\\\/\",\"url\":\"https:\\\/\\\/www.yucatanencorto.com\\\/noticias\\\/ya-no-contagio-amlo-dice-que-no-usara-cubrebocas-tras-padecer-covid-19\\\/\",\"name\":\"'Ya no contagio': AMLO dice que no usar\u00e1 cubrebocas tras padecer COVID-19 - Yucat\u00e1n en corto\",\"isPartOf\":{\"@id\":\"https:\\\/\\\/www.yucatanencorto.com\\\/noticias\\\/#website\"},\"primaryImageOfPage\":{\"@id\":\"https:\\\/\\\/www.yucatanencorto.com\\\/noticias\\\/ya-no-contagio-amlo-dice-que-no-usara-cubrebocas-tras-padecer-covid-19\\\/#primaryimage\"},\"image\":{\"@id\":\"https:\\\/\\\/www.yucatanencorto.com\\\/noticias\\\/ya-no-contagio-amlo-dice-que-no-usara-cubrebocas-tras-padecer-covid-19\\\/#primaryimage\"},\"thumbnailUrl\":\"https:\\\/\\\/www.yucatanencorto.com\\\/noticias\\\/wp-content\\\/uploads\\\/2021\\\/02\\\/amlo-nominacion-ssp.png\",\"datePublished\":\"2021-02-08T16:13:53+00:00\",\"author\":{\"@id\":\"https:\\\/\\\/www.yucatanencorto.com\\\/noticias\\\/#\\\/schema\\\/person\\\/14f82d355225a1f4075dd84a31f45a72\"},\"breadcrumb\":{\"@id\":\"https:\\\/\\\/www.yucatanencorto.com\\\/noticias\\\/ya-no-contagio-amlo-dice-que-no-usara-cubrebocas-tras-padecer-covid-19\\\/#breadcrumb\"},\"inLanguage\":\"es\",\"potentialAction\":[{\"@type\":\"ReadAction\",\"target\":[\"https:\\\/\\\/www.yucatanencorto.com\\\/noticias\\\/ya-no-contagio-amlo-dice-que-no-usara-cubrebocas-tras-padecer-covid-19\\\/\"]}]},{\"@type\":\"ImageObject\",\"inLanguage\":\"es\",\"@id\":\"https:\\\/\\\/www.yucatanencorto.com\\\/noticias\\\/ya-no-contagio-amlo-dice-que-no-usara-cubrebocas-tras-padecer-covid-19\\\/#primaryimage\",\"url\":\"https:\\\/\\\/www.yucatanencorto.com\\\/noticias\\\/wp-content\\\/uploads\\\/2021\\\/02\\\/amlo-nominacion-ssp.png\",\"contentUrl\":\"https:\\\/\\\/www.yucatanencorto.com\\\/noticias\\\/wp-content\\\/uploads\\\/2021\\\/02\\\/amlo-nominacion-ssp.png\",\"width\":728,\"height\":409},{\"@type\":\"BreadcrumbList\",\"@id\":\"https:\\\/\\\/www.yucatanencorto.com\\\/noticias\\\/ya-no-contagio-amlo-dice-que-no-usara-cubrebocas-tras-padecer-covid-19\\\/#breadcrumb\",\"itemListElement\":[{\"@type\":\"ListItem\",\"position\":1,\"name\":\"Portada\",\"item\":\"https:\\\/\\\/www.yucatanencorto.com\\\/noticias\\\/\"},{\"@type\":\"ListItem\",\"position\":2,\"name\":\"&#8216;Ya no contagio&#8217;: AMLO dice que no usar\u00e1 cubrebocas tras padecer COVID-19\"}]},{\"@type\":\"WebSite\",\"@id\":\"https:\\\/\\\/www.yucatanencorto.com\\\/noticias\\\/#website\",\"url\":\"https:\\\/\\\/www.yucatanencorto.com\\\/noticias\\\/\",\"name\":\"Yucat\u00e1n en corto\",\"description\":\"Noticias\",\"potentialAction\":[{\"@type\":\"SearchAction\",\"target\":{\"@type\":\"EntryPoint\",\"urlTemplate\":\"https:\\\/\\\/www.yucatanencorto.com\\\/noticias\\\/?s={search_term_string}\"},\"query-input\":{\"@type\":\"PropertyValueSpecification\",\"valueRequired\":true,\"valueName\":\"search_term_string\"}}],\"inLanguage\":\"es\"},{\"@type\":\"Person\",\"@id\":\"https:\\\/\\\/www.yucatanencorto.com\\\/noticias\\\/#\\\/schema\\\/person\\\/14f82d355225a1f4075dd84a31f45a72\",\"name\":\"Yucat\u00e1n en Corto FC\",\"image\":{\"@type\":\"ImageObject\",\"inLanguage\":\"es\",\"@id\":\"https:\\\/\\\/secure.gravatar.com\\\/avatar\\\/147d4b30cd728c53c29c49a3f7834dedca33707f4cd259761355846009a88250?s=96&d=mm&r=g\",\"url\":\"https:\\\/\\\/secure.gravatar.com\\\/avatar\\\/147d4b30cd728c53c29c49a3f7834dedca33707f4cd259761355846009a88250?s=96&d=mm&r=g\",\"contentUrl\":\"https:\\\/\\\/secure.gravatar.com\\\/avatar\\\/147d4b30cd728c53c29c49a3f7834dedca33707f4cd259761355846009a88250?s=96&d=mm&r=g\",\"caption\":\"Yucat\u00e1n en Corto FC\"},\"url\":\"https:\\\/\\\/www.yucatanencorto.com\\\/noticias\\\/author\\\/flor\\\/\"}]}<\/script>\n<!-- \/ Yoast SEO plugin. -->","yoast_head_json":{"title":"'Ya no contagio': AMLO dice que no usar\u00e1 cubrebocas tras padecer COVID-19 - Yucat\u00e1n en corto","robots":{"index":"index","follow":"follow","max-snippet":"max-snippet:-1","max-image-preview":"max-image-preview:large","max-video-preview":"max-video-preview:-1"},"canonical":"https:\/\/www.yucatanencorto.com\/noticias\/ya-no-contagio-amlo-dice-que-no-usara-cubrebocas-tras-padecer-covid-19\/","og_locale":"es_ES","og_type":"article","og_title":"'Ya no contagio': AMLO dice que no usar\u00e1 cubrebocas tras padecer COVID-19 - Yucat\u00e1n en corto","og_description":"El presidente\u00a0Andr\u00e9s Manuel L\u00f3pez Obrador\u00a0descart\u00f3 este lunes que vaya a utilizar\u00a0cubrebocas\u00a0y que esta medida se vaya a volver obligatoria en el pa\u00eds, esto en su reaparici\u00f3n tras padecer COVID-19. Al ser cuestionado sobre si \u00e9l utilizar\u00e1 mascarillas de ahora en adelante, respondi\u00f3 que no. \u00abNo, no. Ahora ya adem\u00e1s, de acuerdo a lo que plantean [&hellip;]","og_url":"https:\/\/www.yucatanencorto.com\/noticias\/ya-no-contagio-amlo-dice-que-no-usara-cubrebocas-tras-padecer-covid-19\/","og_site_name":"Yucat\u00e1n en corto","article_publisher":"http:\/\/www.facebook.com\/yucatanencorto","article_published_time":"2021-02-08T16:13:53+00:00","og_image":[{"width":728,"height":409,"url":"https:\/\/www.yucatanencorto.com\/noticias\/wp-content\/uploads\/2021\/02\/amlo-nominacion-ssp.png","type":"image\/png"}],"author":"Yucat\u00e1n en Corto FC","twitter_card":"summary_large_image","twitter_creator":"@yucatanencorto","twitter_site":"@yucatanencorto","twitter_misc":{"Escrito por":"Yucat\u00e1n en Corto FC","Tiempo de lectura":"2 minutos"},"schema":{"@context":"https:\/\/schema.org","@graph":[{"@type":"Article","@id":"https:\/\/www.yucatanencorto.com\/noticias\/ya-no-contagio-amlo-dice-que-no-usara-cubrebocas-tras-padecer-covid-19\/#article","isPartOf":{"@id":"https:\/\/www.yucatanencorto.com\/noticias\/ya-no-contagio-amlo-dice-que-no-usara-cubrebocas-tras-padecer-covid-19\/"},"author":{"name":"Yucat\u00e1n en Corto FC","@id":"https:\/\/www.yucatanencorto.com\/noticias\/#\/schema\/person\/14f82d355225a1f4075dd84a31f45a72"},"headline":"&#8216;Ya no contagio&#8217;: AMLO dice que no usar\u00e1 cubrebocas tras padecer COVID-19","datePublished":"2021-02-08T16:13:53+00:00","mainEntityOfPage":{"@id":"https:\/\/www.yucatanencorto.com\/noticias\/ya-no-contagio-amlo-dice-que-no-usara-cubrebocas-tras-padecer-covid-19\/"},"wordCount":328,"image":{"@id":"https:\/\/www.yucatanencorto.com\/noticias\/ya-no-contagio-amlo-dice-que-no-usara-cubrebocas-tras-padecer-covid-19\/#primaryimage"},"thumbnailUrl":"https:\/\/www.yucatanencorto.com\/noticias\/wp-content\/uploads\/2021\/02\/amlo-nominacion-ssp.png","articleSection":["M\u00e9xico"],"inLanguage":"es"},{"@type":"WebPage","@id":"https:\/\/www.yucatanencorto.com\/noticias\/ya-no-contagio-amlo-dice-que-no-usara-cubrebocas-tras-padecer-covid-19\/","url":"https:\/\/www.yucatanencorto.com\/noticias\/ya-no-contagio-amlo-dice-que-no-usara-cubrebocas-tras-padecer-covid-19\/","name":"'Ya no contagio': AMLO dice que no usar\u00e1 cubrebocas tras padecer COVID-19 - Yucat\u00e1n en corto","isPartOf":{"@id":"https:\/\/www.yucatanencorto.com\/noticias\/#website"},"primaryImageOfPage":{"@id":"https:\/\/www.yucatanencorto.com\/noticias\/ya-no-contagio-amlo-dice-que-no-usara-cubrebocas-tras-padecer-covid-19\/#primaryimage"},"image":{"@id":"https:\/\/www.yucatanencorto.com\/noticias\/ya-no-contagio-amlo-dice-que-no-usara-cubrebocas-tras-padecer-covid-19\/#primaryimage"},"thumbnailUrl":"https:\/\/www.yucatanencorto.com\/noticias\/wp-content\/uploads\/2021\/02\/amlo-nominacion-ssp.png","datePublished":"2021-02-08T16:13:53+00:00","author":{"@id":"https:\/\/www.yucatanencorto.com\/noticias\/#\/schema\/person\/14f82d355225a1f4075dd84a31f45a72"},"breadcrumb":{"@id":"https:\/\/www.yucatanencorto.com\/noticias\/ya-no-contagio-amlo-dice-que-no-usara-cubrebocas-tras-padecer-covid-19\/#breadcrumb"},"inLanguage":"es","potentialAction":[{"@type":"ReadAction","target":["https:\/\/www.yucatanencorto.com\/noticias\/ya-no-contagio-amlo-dice-que-no-usara-cubrebocas-tras-padecer-covid-19\/"]}]},{"@type":"ImageObject","inLanguage":"es","@id":"https:\/\/www.yucatanencorto.com\/noticias\/ya-no-contagio-amlo-dice-que-no-usara-cubrebocas-tras-padecer-covid-19\/#primaryimage","url":"https:\/\/www.yucatanencorto.com\/noticias\/wp-content\/uploads\/2021\/02\/amlo-nominacion-ssp.png","contentUrl":"https:\/\/www.yucatanencorto.com\/noticias\/wp-content\/uploads\/2021\/02\/amlo-nominacion-ssp.png","width":728,"height":409},{"@type":"BreadcrumbList","@id":"https:\/\/www.yucatanencorto.com\/noticias\/ya-no-contagio-amlo-dice-que-no-usara-cubrebocas-tras-padecer-covid-19\/#breadcrumb","itemListElement":[{"@type":"ListItem","position":1,"name":"Portada","item":"https:\/\/www.yucatanencorto.com\/noticias\/"},{"@type":"ListItem","position":2,"name":"&#8216;Ya no contagio&#8217;: AMLO dice que no usar\u00e1 cubrebocas tras padecer COVID-19"}]},{"@type":"WebSite","@id":"https:\/\/www.yucatanencorto.com\/noticias\/#website","url":"https:\/\/www.yucatanencorto.com\/noticias\/","name":"Yucat\u00e1n en corto","description":"Noticias","potentialAction":[{"@type":"SearchAction","target":{"@type":"EntryPoint","urlTemplate":"https:\/\/www.yucatanencorto.com\/noticias\/?s={search_term_string}"},"query-input":{"@type":"PropertyValueSpecification","valueRequired":true,"valueName":"search_term_string"}}],"inLanguage":"es"},{"@type":"Person","@id":"https:\/\/www.yucatanencorto.com\/noticias\/#\/schema\/person\/14f82d355225a1f4075dd84a31f45a72","name":"Yucat\u00e1n en Corto FC","image":{"@type":"ImageObject","inLanguage":"es","@id":"https:\/\/secure.gravatar.com\/avatar\/147d4b30cd728c53c29c49a3f7834dedca33707f4cd259761355846009a88250?s=96&d=mm&r=g","url":"https:\/\/secure.gravatar.com\/avatar\/147d4b30cd728c53c29c49a3f7834dedca33707f4cd259761355846009a88250?s=96&d=mm&r=g","contentUrl":"https:\/\/secure.gravatar.com\/avatar\/147d4b30cd728c53c29c49a3f7834dedca33707f4cd259761355846009a88250?s=96&d=mm&r=g","caption":"Yucat\u00e1n en Corto FC"},"url":"https:\/\/www.yucatanencorto.com\/noticias\/author\/flor\/"}]}},"_links":{"self":[{"href":"https:\/\/www.yucatanencorto.com\/noticias\/wp-json\/wp\/v2\/posts\/69999","targetHints":{"allow":["GET"]}}],"collection":[{"href":"https:\/\/www.yucatanencorto.com\/noticias\/wp-json\/wp\/v2\/posts"}],"about":[{"href":"https:\/\/www.yucatanencorto.com\/noticias\/wp-json\/wp\/v2\/types\/post"}],"author":[{"embeddable":true,"href":"https:\/\/www.yucatanencorto.com\/noticias\/wp-json\/wp\/v2\/users\/2"}],"replies":[{"embeddable":true,"href":"https:\/\/www.yucatanencorto.com\/noticias\/wp-json\/wp\/v2\/comments?post=69999"}],"version-history":[{"count":0,"href":"https:\/\/www.yucatanencorto.com\/noticias\/wp-json\/wp\/v2\/posts\/69999\/revisions"}],"wp:featuredmedia":[{"embeddable":true,"href":"https:\/\/www.yucatanencorto.com\/noticias\/wp-json\/wp\/v2\/media\/70000"}],"wp:attachment":[{"href":"https:\/\/www.yucatanencorto.com\/noticias\/wp-json\/wp\/v2\/media?parent=69999"}],"wp:term":[{"taxonomy":"category","embeddable":true,"href":"https:\/\/www.yucatanencorto.com\/noticias\/wp-json\/wp\/v2\/categories?post=69999"},{"taxonomy":"post_tag","embeddable":true,"href":"https:\/\/www.yucatanencorto.com\/noticias\/wp-json\/wp\/v2\/tags?post=69999"}],"curies":[{"name":"wp","href":"https:\/\/api.w.org\/{rel}","templated":true}]}}