{"id":70002,"date":"2021-02-08T15:45:14","date_gmt":"2021-02-08T21:45:14","guid":{"rendered":"https:\/\/www.yucatanencorto.com\/noticias\/?p=70002"},"modified":"2021-02-08T15:45:14","modified_gmt":"2021-02-08T21:45:14","slug":"adios-al-maltrato-prohiben-el-uso-de-caballos-y-burros-para-trabajo-pesado","status":"publish","type":"post","link":"https:\/\/www.yucatanencorto.com\/noticias\/adios-al-maltrato-prohiben-el-uso-de-caballos-y-burros-para-trabajo-pesado\/","title":{"rendered":"\u00a1Adi\u00f3s al maltrato! Prohiben el uso de caballos y burros para \u00abtrabajo pesado\u00bb"},"content":{"rendered":"<p class=\"paragraph\" data-count=\"265\" data-wrap=\"44\"><img loading=\"lazy\" decoding=\"async\" class=\"alignnone size-full wp-image-70004\" src=\"https:\/\/www.yucatanencorto.com\/noticias\/wp-content\/uploads\/2021\/02\/BURRO.png\" alt=\"\" width=\"712\" height=\"400\" srcset=\"https:\/\/www.yucatanencorto.com\/noticias\/wp-content\/uploads\/2021\/02\/BURRO.png 712w, https:\/\/www.yucatanencorto.com\/noticias\/wp-content\/uploads\/2021\/02\/BURRO-696x391.png 696w\" sizes=\"auto, (max-width: 712px) 100vw, 712px\" \/>NACIONAL.- Ante el abuso y explotaci\u00f3n que sufren en Ecatepec, Estado de M\u00e9xico, los caballos y asnos por parte de cientos de recolectores de residuos s\u00f3lidos, el gobierno de Ecatepec prohibi\u00f3 en su Bando municipal el uso de cualquier tipo de animal para ese fin.<\/p>\n<p class=\"paragraph\" data-count=\"246\" data-wrap=\"36\">Durante la promulgaci\u00f3n de dicho documento, el alcalde Fernando Vilchis Contreras afirm\u00f3 que su gobierno otorga certeza jur\u00eddica para evitar que contin\u00fae el empleo de animales para el traslado de desechos, basura, escombros y otros desperdicios.<\/p>\n<p class=\"paragraph\" data-count=\"244\" data-wrap=\"36\">El art\u00edculo 81 del nuevo Bando Municipal de Ecatepec establece que para realizar la recolecci\u00f3n, traslado, tratamiento y disposici\u00f3n final al vertedero municipal de residuos s\u00f3lidos urbanos es necesario acatar las normas t\u00e9cnicas al respecto.<\/p>\n<p class=\"paragraph\" data-count=\"192\" data-wrap=\"35\">Agrega que \u201cla recolecci\u00f3n y traslado de los residuos mencionados en este numeral, no deber\u00e1 realizarse con el uso de ning\u00fan tipo de animal, ya sea de carga o tiro, ni de ninguna otra clase\u00bb.<\/p>\n<p class=\"paragraph\" data-count=\"309\" data-wrap=\"59\">En ese sentido, el edil afirm\u00f3 que no van a permitir que los animales sean empleados y lastimados con fines de lucro \u00aby con las modificaciones al Bando Municipal vamos a hacer que la ley se respete, porque a partir de hoy damos el paso a la vanguardia para la protecci\u00f3n de los derechos de los seres vivos\u00bb.<\/p>\n<p class=\"paragraph\" data-count=\"318\" data-wrap=\"51\">La Polic\u00eda Montada y de la Direcci\u00f3n de Medio Ambiente y Ecolog\u00eda han rescatados del maltrato y rehabilitado a ocho equinos que eran empleados por los llamados \u201ccarretoneros\u201d para el traslado y recolecci\u00f3n de basura, en colonias como el Chamizal, Guadalupe Victoria, Granjas Valle de Guadalupe y Mathzi, entre otras.<\/p>\n<p class=\"paragraph\" data-count=\"231\" data-wrap=\"35\">Los equinos, luego de ser rehabilitados en instalaciones municipales, como las caballerizas de la Polic\u00eda Montada o el Parque Ecol\u00f3gico Eh\u00e9catl, fueron enviados a santuarios para caballos ubicados en los estados de M\u00e9xico y Puebla.<\/p>\n<p data-count=\"231\" data-wrap=\"35\">\n<p data-count=\"231\" data-wrap=\"35\">EL FINANCIERO<\/p>\n","protected":false},"excerpt":{"rendered":"<p>NACIONAL.- Ante el abuso y explotaci\u00f3n que sufren en Ecatepec, Estado de M\u00e9xico, los caballos y asnos por parte de cientos de recolectores de residuos s\u00f3lidos, el gobierno de Ecatepec prohibi\u00f3 en su Bando municipal el uso de cualquier tipo de animal para ese fin. Durante la promulgaci\u00f3n de dicho documento, el alcalde Fernando Vilchis [&hellip;]<\/p>\n","protected":false},"author":2,"featured_media":70004,"comment_status":"closed","ping_status":"closed","sticky":false,"template":"","format":"standard","meta":{"footnotes":""},"categories":[4],"tags":[],"class_list":{"0":"post-70002","1":"post","2":"type-post","3":"status-publish","4":"format-standard","5":"has-post-thumbnail","7":"category-mexico"},"yoast_head":"<!-- This site is optimized with the Yoast SEO plugin v27.4 - https:\/\/yoast.com\/product\/yoast-seo-wordpress\/ -->\n<title>\u00a1Adi\u00f3s al maltrato! Prohiben el uso de caballos y burros para &quot;trabajo pesado&quot; - Yucat\u00e1n en corto<\/title>\n<meta name=\"robots\" content=\"index, follow, max-snippet:-1, max-image-preview:large, max-video-preview:-1\" \/>\n<link rel=\"canonical\" href=\"https:\/\/www.yucatanencorto.com\/noticias\/adios-al-maltrato-prohiben-el-uso-de-caballos-y-burros-para-trabajo-pesado\/\" \/>\n<meta property=\"og:locale\" content=\"es_ES\" \/>\n<meta property=\"og:type\" content=\"article\" \/>\n<meta property=\"og:title\" content=\"\u00a1Adi\u00f3s al maltrato! Prohiben el uso de caballos y burros para &quot;trabajo pesado&quot; - Yucat\u00e1n en corto\" \/>\n<meta property=\"og:description\" content=\"NACIONAL.- Ante el abuso y explotaci\u00f3n que sufren en Ecatepec, Estado de M\u00e9xico, los caballos y asnos por parte de cientos de recolectores de residuos s\u00f3lidos, el gobierno de Ecatepec prohibi\u00f3 en su Bando municipal el uso de cualquier tipo de animal para ese fin. Durante la promulgaci\u00f3n de dicho documento, el alcalde Fernando Vilchis [&hellip;]\" \/>\n<meta property=\"og:url\" content=\"https:\/\/www.yucatanencorto.com\/noticias\/adios-al-maltrato-prohiben-el-uso-de-caballos-y-burros-para-trabajo-pesado\/\" \/>\n<meta property=\"og:site_name\" content=\"Yucat\u00e1n en corto\" \/>\n<meta property=\"article:publisher\" content=\"http:\/\/www.facebook.com\/yucatanencorto\" \/>\n<meta property=\"article:published_time\" content=\"2021-02-08T21:45:14+00:00\" \/>\n<meta property=\"og:image\" content=\"https:\/\/www.yucatanencorto.com\/noticias\/wp-content\/uploads\/2021\/02\/BURRO.png\" \/>\n\t<meta property=\"og:image:width\" content=\"712\" \/>\n\t<meta property=\"og:image:height\" content=\"400\" \/>\n\t<meta property=\"og:image:type\" content=\"image\/png\" \/>\n<meta name=\"author\" content=\"Yucat\u00e1n en Corto FC\" \/>\n<meta name=\"twitter:card\" content=\"summary_large_image\" \/>\n<meta name=\"twitter:creator\" content=\"@yucatanencorto\" \/>\n<meta name=\"twitter:site\" content=\"@yucatanencorto\" \/>\n<meta name=\"twitter:label1\" content=\"Escrito por\" \/>\n\t<meta name=\"twitter:data1\" content=\"Yucat\u00e1n en Corto FC\" \/>\n\t<meta name=\"twitter:label2\" content=\"Tiempo de lectura\" \/>\n\t<meta name=\"twitter:data2\" content=\"2 minutos\" \/>\n<script type=\"application\/ld+json\" class=\"yoast-schema-graph\">{\"@context\":\"https:\\\/\\\/schema.org\",\"@graph\":[{\"@type\":\"Article\",\"@id\":\"https:\\\/\\\/www.yucatanencorto.com\\\/noticias\\\/adios-al-maltrato-prohiben-el-uso-de-caballos-y-burros-para-trabajo-pesado\\\/#article\",\"isPartOf\":{\"@id\":\"https:\\\/\\\/www.yucatanencorto.com\\\/noticias\\\/adios-al-maltrato-prohiben-el-uso-de-caballos-y-burros-para-trabajo-pesado\\\/\"},\"author\":{\"name\":\"Yucat\u00e1n en Corto FC\",\"@id\":\"https:\\\/\\\/www.yucatanencorto.com\\\/noticias\\\/#\\\/schema\\\/person\\\/14f82d355225a1f4075dd84a31f45a72\"},\"headline\":\"\u00a1Adi\u00f3s al maltrato! Prohiben el uso de caballos y burros para \u00abtrabajo pesado\u00bb\",\"datePublished\":\"2021-02-08T21:45:14+00:00\",\"mainEntityOfPage\":{\"@id\":\"https:\\\/\\\/www.yucatanencorto.com\\\/noticias\\\/adios-al-maltrato-prohiben-el-uso-de-caballos-y-burros-para-trabajo-pesado\\\/\"},\"wordCount\":332,\"image\":{\"@id\":\"https:\\\/\\\/www.yucatanencorto.com\\\/noticias\\\/adios-al-maltrato-prohiben-el-uso-de-caballos-y-burros-para-trabajo-pesado\\\/#primaryimage\"},\"thumbnailUrl\":\"https:\\\/\\\/www.yucatanencorto.com\\\/noticias\\\/wp-content\\\/uploads\\\/2021\\\/02\\\/BURRO.png\",\"articleSection\":[\"M\u00e9xico\"],\"inLanguage\":\"es\"},{\"@type\":\"WebPage\",\"@id\":\"https:\\\/\\\/www.yucatanencorto.com\\\/noticias\\\/adios-al-maltrato-prohiben-el-uso-de-caballos-y-burros-para-trabajo-pesado\\\/\",\"url\":\"https:\\\/\\\/www.yucatanencorto.com\\\/noticias\\\/adios-al-maltrato-prohiben-el-uso-de-caballos-y-burros-para-trabajo-pesado\\\/\",\"name\":\"\u00a1Adi\u00f3s al maltrato! Prohiben el uso de caballos y burros para \\\"trabajo pesado\\\" - Yucat\u00e1n en corto\",\"isPartOf\":{\"@id\":\"https:\\\/\\\/www.yucatanencorto.com\\\/noticias\\\/#website\"},\"primaryImageOfPage\":{\"@id\":\"https:\\\/\\\/www.yucatanencorto.com\\\/noticias\\\/adios-al-maltrato-prohiben-el-uso-de-caballos-y-burros-para-trabajo-pesado\\\/#primaryimage\"},\"image\":{\"@id\":\"https:\\\/\\\/www.yucatanencorto.com\\\/noticias\\\/adios-al-maltrato-prohiben-el-uso-de-caballos-y-burros-para-trabajo-pesado\\\/#primaryimage\"},\"thumbnailUrl\":\"https:\\\/\\\/www.yucatanencorto.com\\\/noticias\\\/wp-content\\\/uploads\\\/2021\\\/02\\\/BURRO.png\",\"datePublished\":\"2021-02-08T21:45:14+00:00\",\"author\":{\"@id\":\"https:\\\/\\\/www.yucatanencorto.com\\\/noticias\\\/#\\\/schema\\\/person\\\/14f82d355225a1f4075dd84a31f45a72\"},\"breadcrumb\":{\"@id\":\"https:\\\/\\\/www.yucatanencorto.com\\\/noticias\\\/adios-al-maltrato-prohiben-el-uso-de-caballos-y-burros-para-trabajo-pesado\\\/#breadcrumb\"},\"inLanguage\":\"es\",\"potentialAction\":[{\"@type\":\"ReadAction\",\"target\":[\"https:\\\/\\\/www.yucatanencorto.com\\\/noticias\\\/adios-al-maltrato-prohiben-el-uso-de-caballos-y-burros-para-trabajo-pesado\\\/\"]}]},{\"@type\":\"ImageObject\",\"inLanguage\":\"es\",\"@id\":\"https:\\\/\\\/www.yucatanencorto.com\\\/noticias\\\/adios-al-maltrato-prohiben-el-uso-de-caballos-y-burros-para-trabajo-pesado\\\/#primaryimage\",\"url\":\"https:\\\/\\\/www.yucatanencorto.com\\\/noticias\\\/wp-content\\\/uploads\\\/2021\\\/02\\\/BURRO.png\",\"contentUrl\":\"https:\\\/\\\/www.yucatanencorto.com\\\/noticias\\\/wp-content\\\/uploads\\\/2021\\\/02\\\/BURRO.png\",\"width\":712,\"height\":400},{\"@type\":\"BreadcrumbList\",\"@id\":\"https:\\\/\\\/www.yucatanencorto.com\\\/noticias\\\/adios-al-maltrato-prohiben-el-uso-de-caballos-y-burros-para-trabajo-pesado\\\/#breadcrumb\",\"itemListElement\":[{\"@type\":\"ListItem\",\"position\":1,\"name\":\"Portada\",\"item\":\"https:\\\/\\\/www.yucatanencorto.com\\\/noticias\\\/\"},{\"@type\":\"ListItem\",\"position\":2,\"name\":\"\u00a1Adi\u00f3s al maltrato! Prohiben el uso de caballos y burros para \u00abtrabajo pesado\u00bb\"}]},{\"@type\":\"WebSite\",\"@id\":\"https:\\\/\\\/www.yucatanencorto.com\\\/noticias\\\/#website\",\"url\":\"https:\\\/\\\/www.yucatanencorto.com\\\/noticias\\\/\",\"name\":\"Yucat\u00e1n en corto\",\"description\":\"Noticias\",\"potentialAction\":[{\"@type\":\"SearchAction\",\"target\":{\"@type\":\"EntryPoint\",\"urlTemplate\":\"https:\\\/\\\/www.yucatanencorto.com\\\/noticias\\\/?s={search_term_string}\"},\"query-input\":{\"@type\":\"PropertyValueSpecification\",\"valueRequired\":true,\"valueName\":\"search_term_string\"}}],\"inLanguage\":\"es\"},{\"@type\":\"Person\",\"@id\":\"https:\\\/\\\/www.yucatanencorto.com\\\/noticias\\\/#\\\/schema\\\/person\\\/14f82d355225a1f4075dd84a31f45a72\",\"name\":\"Yucat\u00e1n en Corto FC\",\"image\":{\"@type\":\"ImageObject\",\"inLanguage\":\"es\",\"@id\":\"https:\\\/\\\/secure.gravatar.com\\\/avatar\\\/147d4b30cd728c53c29c49a3f7834dedca33707f4cd259761355846009a88250?s=96&d=mm&r=g\",\"url\":\"https:\\\/\\\/secure.gravatar.com\\\/avatar\\\/147d4b30cd728c53c29c49a3f7834dedca33707f4cd259761355846009a88250?s=96&d=mm&r=g\",\"contentUrl\":\"https:\\\/\\\/secure.gravatar.com\\\/avatar\\\/147d4b30cd728c53c29c49a3f7834dedca33707f4cd259761355846009a88250?s=96&d=mm&r=g\",\"caption\":\"Yucat\u00e1n en Corto FC\"},\"url\":\"https:\\\/\\\/www.yucatanencorto.com\\\/noticias\\\/author\\\/flor\\\/\"}]}<\/script>\n<!-- \/ Yoast SEO plugin. -->","yoast_head_json":{"title":"\u00a1Adi\u00f3s al maltrato! Prohiben el uso de caballos y burros para \"trabajo pesado\" - Yucat\u00e1n en corto","robots":{"index":"index","follow":"follow","max-snippet":"max-snippet:-1","max-image-preview":"max-image-preview:large","max-video-preview":"max-video-preview:-1"},"canonical":"https:\/\/www.yucatanencorto.com\/noticias\/adios-al-maltrato-prohiben-el-uso-de-caballos-y-burros-para-trabajo-pesado\/","og_locale":"es_ES","og_type":"article","og_title":"\u00a1Adi\u00f3s al maltrato! Prohiben el uso de caballos y burros para \"trabajo pesado\" - Yucat\u00e1n en corto","og_description":"NACIONAL.- Ante el abuso y explotaci\u00f3n que sufren en Ecatepec, Estado de M\u00e9xico, los caballos y asnos por parte de cientos de recolectores de residuos s\u00f3lidos, el gobierno de Ecatepec prohibi\u00f3 en su Bando municipal el uso de cualquier tipo de animal para ese fin. Durante la promulgaci\u00f3n de dicho documento, el alcalde Fernando Vilchis [&hellip;]","og_url":"https:\/\/www.yucatanencorto.com\/noticias\/adios-al-maltrato-prohiben-el-uso-de-caballos-y-burros-para-trabajo-pesado\/","og_site_name":"Yucat\u00e1n en corto","article_publisher":"http:\/\/www.facebook.com\/yucatanencorto","article_published_time":"2021-02-08T21:45:14+00:00","og_image":[{"width":712,"height":400,"url":"https:\/\/www.yucatanencorto.com\/noticias\/wp-content\/uploads\/2021\/02\/BURRO.png","type":"image\/png"}],"author":"Yucat\u00e1n en Corto FC","twitter_card":"summary_large_image","twitter_creator":"@yucatanencorto","twitter_site":"@yucatanencorto","twitter_misc":{"Escrito por":"Yucat\u00e1n en Corto FC","Tiempo de lectura":"2 minutos"},"schema":{"@context":"https:\/\/schema.org","@graph":[{"@type":"Article","@id":"https:\/\/www.yucatanencorto.com\/noticias\/adios-al-maltrato-prohiben-el-uso-de-caballos-y-burros-para-trabajo-pesado\/#article","isPartOf":{"@id":"https:\/\/www.yucatanencorto.com\/noticias\/adios-al-maltrato-prohiben-el-uso-de-caballos-y-burros-para-trabajo-pesado\/"},"author":{"name":"Yucat\u00e1n en Corto FC","@id":"https:\/\/www.yucatanencorto.com\/noticias\/#\/schema\/person\/14f82d355225a1f4075dd84a31f45a72"},"headline":"\u00a1Adi\u00f3s al maltrato! Prohiben el uso de caballos y burros para \u00abtrabajo pesado\u00bb","datePublished":"2021-02-08T21:45:14+00:00","mainEntityOfPage":{"@id":"https:\/\/www.yucatanencorto.com\/noticias\/adios-al-maltrato-prohiben-el-uso-de-caballos-y-burros-para-trabajo-pesado\/"},"wordCount":332,"image":{"@id":"https:\/\/www.yucatanencorto.com\/noticias\/adios-al-maltrato-prohiben-el-uso-de-caballos-y-burros-para-trabajo-pesado\/#primaryimage"},"thumbnailUrl":"https:\/\/www.yucatanencorto.com\/noticias\/wp-content\/uploads\/2021\/02\/BURRO.png","articleSection":["M\u00e9xico"],"inLanguage":"es"},{"@type":"WebPage","@id":"https:\/\/www.yucatanencorto.com\/noticias\/adios-al-maltrato-prohiben-el-uso-de-caballos-y-burros-para-trabajo-pesado\/","url":"https:\/\/www.yucatanencorto.com\/noticias\/adios-al-maltrato-prohiben-el-uso-de-caballos-y-burros-para-trabajo-pesado\/","name":"\u00a1Adi\u00f3s al maltrato! Prohiben el uso de caballos y burros para \"trabajo pesado\" - Yucat\u00e1n en corto","isPartOf":{"@id":"https:\/\/www.yucatanencorto.com\/noticias\/#website"},"primaryImageOfPage":{"@id":"https:\/\/www.yucatanencorto.com\/noticias\/adios-al-maltrato-prohiben-el-uso-de-caballos-y-burros-para-trabajo-pesado\/#primaryimage"},"image":{"@id":"https:\/\/www.yucatanencorto.com\/noticias\/adios-al-maltrato-prohiben-el-uso-de-caballos-y-burros-para-trabajo-pesado\/#primaryimage"},"thumbnailUrl":"https:\/\/www.yucatanencorto.com\/noticias\/wp-content\/uploads\/2021\/02\/BURRO.png","datePublished":"2021-02-08T21:45:14+00:00","author":{"@id":"https:\/\/www.yucatanencorto.com\/noticias\/#\/schema\/person\/14f82d355225a1f4075dd84a31f45a72"},"breadcrumb":{"@id":"https:\/\/www.yucatanencorto.com\/noticias\/adios-al-maltrato-prohiben-el-uso-de-caballos-y-burros-para-trabajo-pesado\/#breadcrumb"},"inLanguage":"es","potentialAction":[{"@type":"ReadAction","target":["https:\/\/www.yucatanencorto.com\/noticias\/adios-al-maltrato-prohiben-el-uso-de-caballos-y-burros-para-trabajo-pesado\/"]}]},{"@type":"ImageObject","inLanguage":"es","@id":"https:\/\/www.yucatanencorto.com\/noticias\/adios-al-maltrato-prohiben-el-uso-de-caballos-y-burros-para-trabajo-pesado\/#primaryimage","url":"https:\/\/www.yucatanencorto.com\/noticias\/wp-content\/uploads\/2021\/02\/BURRO.png","contentUrl":"https:\/\/www.yucatanencorto.com\/noticias\/wp-content\/uploads\/2021\/02\/BURRO.png","width":712,"height":400},{"@type":"BreadcrumbList","@id":"https:\/\/www.yucatanencorto.com\/noticias\/adios-al-maltrato-prohiben-el-uso-de-caballos-y-burros-para-trabajo-pesado\/#breadcrumb","itemListElement":[{"@type":"ListItem","position":1,"name":"Portada","item":"https:\/\/www.yucatanencorto.com\/noticias\/"},{"@type":"ListItem","position":2,"name":"\u00a1Adi\u00f3s al maltrato! Prohiben el uso de caballos y burros para \u00abtrabajo pesado\u00bb"}]},{"@type":"WebSite","@id":"https:\/\/www.yucatanencorto.com\/noticias\/#website","url":"https:\/\/www.yucatanencorto.com\/noticias\/","name":"Yucat\u00e1n en corto","description":"Noticias","potentialAction":[{"@type":"SearchAction","target":{"@type":"EntryPoint","urlTemplate":"https:\/\/www.yucatanencorto.com\/noticias\/?s={search_term_string}"},"query-input":{"@type":"PropertyValueSpecification","valueRequired":true,"valueName":"search_term_string"}}],"inLanguage":"es"},{"@type":"Person","@id":"https:\/\/www.yucatanencorto.com\/noticias\/#\/schema\/person\/14f82d355225a1f4075dd84a31f45a72","name":"Yucat\u00e1n en Corto FC","image":{"@type":"ImageObject","inLanguage":"es","@id":"https:\/\/secure.gravatar.com\/avatar\/147d4b30cd728c53c29c49a3f7834dedca33707f4cd259761355846009a88250?s=96&d=mm&r=g","url":"https:\/\/secure.gravatar.com\/avatar\/147d4b30cd728c53c29c49a3f7834dedca33707f4cd259761355846009a88250?s=96&d=mm&r=g","contentUrl":"https:\/\/secure.gravatar.com\/avatar\/147d4b30cd728c53c29c49a3f7834dedca33707f4cd259761355846009a88250?s=96&d=mm&r=g","caption":"Yucat\u00e1n en Corto FC"},"url":"https:\/\/www.yucatanencorto.com\/noticias\/author\/flor\/"}]}},"_links":{"self":[{"href":"https:\/\/www.yucatanencorto.com\/noticias\/wp-json\/wp\/v2\/posts\/70002","targetHints":{"allow":["GET"]}}],"collection":[{"href":"https:\/\/www.yucatanencorto.com\/noticias\/wp-json\/wp\/v2\/posts"}],"about":[{"href":"https:\/\/www.yucatanencorto.com\/noticias\/wp-json\/wp\/v2\/types\/post"}],"author":[{"embeddable":true,"href":"https:\/\/www.yucatanencorto.com\/noticias\/wp-json\/wp\/v2\/users\/2"}],"replies":[{"embeddable":true,"href":"https:\/\/www.yucatanencorto.com\/noticias\/wp-json\/wp\/v2\/comments?post=70002"}],"version-history":[{"count":0,"href":"https:\/\/www.yucatanencorto.com\/noticias\/wp-json\/wp\/v2\/posts\/70002\/revisions"}],"wp:featuredmedia":[{"embeddable":true,"href":"https:\/\/www.yucatanencorto.com\/noticias\/wp-json\/wp\/v2\/media\/70004"}],"wp:attachment":[{"href":"https:\/\/www.yucatanencorto.com\/noticias\/wp-json\/wp\/v2\/media?parent=70002"}],"wp:term":[{"taxonomy":"category","embeddable":true,"href":"https:\/\/www.yucatanencorto.com\/noticias\/wp-json\/wp\/v2\/categories?post=70002"},{"taxonomy":"post_tag","embeddable":true,"href":"https:\/\/www.yucatanencorto.com\/noticias\/wp-json\/wp\/v2\/tags?post=70002"}],"curies":[{"name":"wp","href":"https:\/\/api.w.org\/{rel}","templated":true}]}}