{"id":70009,"date":"2021-02-08T17:08:14","date_gmt":"2021-02-08T23:08:14","guid":{"rendered":"https:\/\/www.yucatanencorto.com\/noticias\/?p=70009"},"modified":"2021-02-08T17:08:14","modified_gmt":"2021-02-08T23:08:14","slug":"entregan-trabajos-de-modernizacion-y-rehabilitacion-del-puerto-de-abrigo-de-yucalpeten","status":"publish","type":"post","link":"https:\/\/www.yucatanencorto.com\/noticias\/entregan-trabajos-de-modernizacion-y-rehabilitacion-del-puerto-de-abrigo-de-yucalpeten\/","title":{"rendered":"Entregan trabajos de modernizaci\u00f3n y rehabilitaci\u00f3n del Puerto de Abrigo de Yucalpet\u00e9n"},"content":{"rendered":"<div dir=\"ltr\">\n<p><img loading=\"lazy\" decoding=\"async\" class=\"alignnone size-full wp-image-70011\" src=\"https:\/\/www.yucatanencorto.com\/noticias\/wp-content\/uploads\/2021\/02\/image00004-11-scaled.jpeg\" alt=\"\" width=\"768\" height=\"435\" srcset=\"https:\/\/www.yucatanencorto.com\/noticias\/wp-content\/uploads\/2021\/02\/image00004-11-scaled.jpeg 768w, https:\/\/www.yucatanencorto.com\/noticias\/wp-content\/uploads\/2021\/02\/image00004-11-696x394.jpeg 696w, https:\/\/www.yucatanencorto.com\/noticias\/wp-content\/uploads\/2021\/02\/image00004-11-741x420.jpeg 741w\" sizes=\"auto, (max-width: 768px) 100vw, 768px\" \/>Progreso, Yucat\u00e1n, 8 de febrero de 2021.- Espacios m\u00e1s amplios y adecuados para las embarcaciones, mayor seguridad en los trabajos de la comunidad pesquera, as\u00ed como una operaci\u00f3n m\u00e1s eficiente en las actividades que ah\u00ed se realizan, son los beneficios que traen consigo los trabajos de modernizaci\u00f3n y rehabilitaci\u00f3n del Puerto de Abrigo de Yucalpet\u00e9n, que este d\u00eda entreg\u00f3 el Gobernador Mauricio Vila Dosal junto con la coordinadora General de Puertos y Marina Mercante, Ana Laura L\u00f3pez Bautista, y que significan la primera vez en 50 a\u00f1os de esta localidad costera que se realiza una intervenci\u00f3n de este tipo.<\/p>\n<p>Acompa\u00f1ado del director de Fomento y Administraci\u00f3n Portuaria, capit\u00e1n de Nav\u00edo Carlos Alberto G\u00f3mez Mart\u00ednez, el Gobernador supervis\u00f3 la obra entregada este d\u00eda, que incluye la rehabilitaci\u00f3n de los muelles p\u00fablicos, la construcci\u00f3n de 3 muelles en peine y el dragado de mantenimiento al canal de navegaci\u00f3n, acciones en las que se invirtieron 80.6 millones de pes<\/p>\n<p>Al respecto, el director de la Administraci\u00f3n Portuaria Integral (API) de Progreso, Almirante en retiro Jorge Carlos Tobilla Rodr\u00edguez, inform\u00f3 que, con estos trabajos, se crearon 115 nuevos espacios para igual n\u00famero de embarcaciones, lo que beneficia directamente a la poblaci\u00f3n pesquera de todo el municipio de Progreso y, durante la obra, se generaron 150 empleos directos y 450 indirectos.<\/p>\n<p>Asimismo, Tobilla Rodr\u00edguez se\u00f1al\u00f3 que con este proyecto se atiende a una de las necesidades del sector pesquero, dando prioridad a brindar mayor seguridad y espacios para los hombres y mujeres de mar y sus embarcaciones.<\/p>\n<p>En el acto, donde tambi\u00e9n estuvieron presentes el Director de Ordenamiento Pesquero de la Secretar\u00eda de Pesca y Acuacultura Sustentable de Yucat\u00e1n (Sepasy), Erik Rihani Gonz\u00e1lez, y el alcalde progrese\u00f1o, Juli\u00e1n Zacar\u00edas Curi, se explic\u00f3 que el otorgamiento de \u00e1reas en los muelles p\u00fablicos de Yucalpet\u00e9n es por comodato y, como parte de los objetivos que tienen, se encuentra verificar los equipos de seguridad y tripulantes de las embarcaciones que salen despachadas v\u00eda la pesca, as\u00ed como contar con un muelle de atraque para los nav\u00edos que entren a puerto por alguna emergencia y movilizar personal y embarcaciones en caso de emergencias de rescate.<\/p>\n<p>Como parte de los trabajos se construyeron 3 muelles en peine a base de elementos de concreto con pilas, trabes, pantallas y losa. Dos son de 80 metros lineales y uno de 100 metros lineales, en los cuales podr\u00edan atracar aproximadamente 115 embarcaciones.<\/p>\n<p>De igual manera, se rehabilitaron 498.15 metros lineales de muelles p\u00fablicos a base de cubos de concreto, con plataforma conformada por relleno con material de la regi\u00f3n y piso de concreto MR (profesional).<\/p>\n<p>Por otra parte, se realiz\u00f3 el dragado de mantenimiento del canal de navegaci\u00f3n para alcanzar una profundidad operativa de hasta 3 metros, para lo que se retir\u00f3 material de azolve por la cantidad de m\u00e1s de 279 mil metros c\u00fabicos. Con ello, m\u00e1s de 550 embarcaciones de flota pesquera de mediana altura pueden ingresar para ser resguardadas de manera segura, as\u00ed como otras 5,000 embarcaciones de recreo de 25 marinas tur\u00edsticas, cifras que ning\u00fan otro puerto de Latinoam\u00e9rica cuenta hasta ahora.<\/p>\n<p><img loading=\"lazy\" decoding=\"async\" class=\"alignnone size-full wp-image-70010\" src=\"https:\/\/www.yucatanencorto.com\/noticias\/wp-content\/uploads\/2021\/02\/image00006-5-scaled.jpeg\" alt=\"\" width=\"768\" height=\"435\" srcset=\"https:\/\/www.yucatanencorto.com\/noticias\/wp-content\/uploads\/2021\/02\/image00006-5-scaled.jpeg 768w, https:\/\/www.yucatanencorto.com\/noticias\/wp-content\/uploads\/2021\/02\/image00006-5-696x394.jpeg 696w, https:\/\/www.yucatanencorto.com\/noticias\/wp-content\/uploads\/2021\/02\/image00006-5-741x420.jpeg 741w\" sizes=\"auto, (max-width: 768px) 100vw, 768px\" \/><\/p>\n<p>Aunado a ello, se colocaron bitas, defensas, banquetas, se construy\u00f3 un patio de maniobras con piso de concreto y alumbrado p\u00fablico. Se realiz\u00f3 una cerca perimetral y control de acceso mediante dos casetas con sus respectivas barreras vehiculares.<\/p>\n<p>A trav\u00e9s de este proyecto de rehabilitaci\u00f3n y modernizaci\u00f3n del puerto de abrigo de Yucalpet\u00e9n se est\u00e1 beneficiando a la poblaci\u00f3n pesquera de \u00e9ste y puertos aleda\u00f1os, como el de Progreso, Chuburn\u00e1, entre otros, ya que gracias a dichas obras el \u00e1rea operativa y la capacidad de carga del muelle. Adem\u00e1s, que durante los trabajos se generaron 150 empleos directos y 450 indirectos.<\/p>\n<p>Daniel Uicab Chal\u00e9, hombre de mar que ha dedicado alrededor de 60 a\u00f1os de su vida a la pesca, agradeci\u00f3 al Gobernador Vila Dosal las gestiones realizadas y coordinaci\u00f3n para llevar a cabo dichas obras que, dijo, vienen a cambiar para mejorar el quehacer de los pescadores de la zona, ya que ahora tienen un lugar que es seguro para ellos y sus embarcaciones.<\/p>\n<p>\u00abLa verdad, antes est\u00e1bamos muy abandonados aqu\u00ed. Nunca hab\u00eda recibido el Puerto de Altura de Yucalpet\u00e9n una intervenci\u00f3n como \u00e9sta. Ahora la din\u00e1mica es diferente, tenemos espacios ordenados y que nos facilitan movernos, luminarias. Estamos muy agradecidos\u201d, a\u00f1adi\u00f3.<\/p>\n<p>El padre de familia, quien desde los 11 a\u00f1os de edad se dedica a la pesca y actualmente posee 2 embarcaciones, resalt\u00f3 los beneficios de que el Gobierno estatal haya puesto los ojos en Progreso y sus puertos, pues se ha traducido en mejoras a la infraestructura en favor de la comunidad pesquera.<\/p>\n<p>Antes, se presentaban serios problemas de congesti\u00f3n ante la falta de posiciones de atraque, ya que las embarcaciones pesqueras sobrepasaban la infraestructura con la que se contaba, por lo que deb\u00edan acoderarse y esperar a que puedan atracar a pie de muelle para carga y descarga.<\/p>\n<p>Adem\u00e1s, los fuertes vientos ocasionaban que las embarcaciones mayores se soltaran y quedaran a la deriva en la d\u00e1rsena; y el deterioro que presentaban los muelles del puerto ocasionaba un alto riesgo de colapso por los da\u00f1os existentes en su infraestructura, lo que provocaba un problema de seguridad.<\/p>\n<p>Al evento de entrega de este proyecto igual asistieron el comandante de la IX Zona Naval, vicealmirante Carlos Humberto Lanz Guti\u00e9rrez; el Capit\u00e1n Regional de Puerto Progreso, Capit\u00e1n de Altura Bernardo Crespo Silva; el de Yucalpet\u00e9n, Freddy Pech Hern\u00e1ndez; el titular de la Sepasy, Rafael Combaluzier Medina; y de la Secretar\u00eda de Obras P\u00fablicas (SOP), Virgilio Crespo M\u00e9ndez; el Presidente de la Uni\u00f3n de Armadores Pesqueros, Jos\u00e9 Manuel S\u00e1nchez Gonz\u00e1lez, as\u00ed como V\u00edctor Juan Zacar\u00edas de la C\u00e1mara Nacional de la Industria Pesquera (Canainpesca).<\/p>\n<\/div>\n","protected":false},"excerpt":{"rendered":"<p>Progreso, Yucat\u00e1n, 8 de febrero de 2021.- Espacios m\u00e1s amplios y adecuados para las embarcaciones, mayor seguridad en los trabajos de la comunidad pesquera, as\u00ed como una operaci\u00f3n m\u00e1s eficiente en las actividades que ah\u00ed se realizan, son los beneficios que traen consigo los trabajos de modernizaci\u00f3n y rehabilitaci\u00f3n del Puerto de Abrigo de Yucalpet\u00e9n, [&hellip;]<\/p>\n","protected":false},"author":2,"featured_media":70011,"comment_status":"closed","ping_status":"closed","sticky":false,"template":"","format":"standard","meta":{"footnotes":""},"categories":[3],"tags":[],"class_list":{"0":"post-70009","1":"post","2":"type-post","3":"status-publish","4":"format-standard","5":"has-post-thumbnail","7":"category-yucatan"},"yoast_head":"<!-- This site is optimized with the Yoast SEO plugin v27.4 - https:\/\/yoast.com\/product\/yoast-seo-wordpress\/ -->\n<title>Entregan trabajos de modernizaci\u00f3n y rehabilitaci\u00f3n del Puerto de Abrigo de Yucalpet\u00e9n - Yucat\u00e1n en corto<\/title>\n<meta name=\"robots\" content=\"index, follow, max-snippet:-1, max-image-preview:large, max-video-preview:-1\" \/>\n<link rel=\"canonical\" href=\"https:\/\/www.yucatanencorto.com\/noticias\/entregan-trabajos-de-modernizacion-y-rehabilitacion-del-puerto-de-abrigo-de-yucalpeten\/\" \/>\n<meta property=\"og:locale\" content=\"es_ES\" \/>\n<meta property=\"og:type\" content=\"article\" \/>\n<meta property=\"og:title\" content=\"Entregan trabajos de modernizaci\u00f3n y rehabilitaci\u00f3n del Puerto de Abrigo de Yucalpet\u00e9n - Yucat\u00e1n en corto\" \/>\n<meta property=\"og:description\" content=\"Progreso, Yucat\u00e1n, 8 de febrero de 2021.- Espacios m\u00e1s amplios y adecuados para las embarcaciones, mayor seguridad en los trabajos de la comunidad pesquera, as\u00ed como una operaci\u00f3n m\u00e1s eficiente en las actividades que ah\u00ed se realizan, son los beneficios que traen consigo los trabajos de modernizaci\u00f3n y rehabilitaci\u00f3n del Puerto de Abrigo de Yucalpet\u00e9n, [&hellip;]\" \/>\n<meta property=\"og:url\" content=\"https:\/\/www.yucatanencorto.com\/noticias\/entregan-trabajos-de-modernizacion-y-rehabilitacion-del-puerto-de-abrigo-de-yucalpeten\/\" \/>\n<meta property=\"og:site_name\" content=\"Yucat\u00e1n en corto\" \/>\n<meta property=\"article:publisher\" content=\"http:\/\/www.facebook.com\/yucatanencorto\" \/>\n<meta property=\"article:published_time\" content=\"2021-02-08T23:08:14+00:00\" \/>\n<meta property=\"og:image\" content=\"https:\/\/www.yucatanencorto.com\/noticias\/wp-content\/uploads\/2021\/02\/image00004-11-scaled.jpeg\" \/>\n\t<meta property=\"og:image:width\" content=\"768\" \/>\n\t<meta property=\"og:image:height\" content=\"435\" \/>\n\t<meta property=\"og:image:type\" content=\"image\/jpeg\" \/>\n<meta name=\"author\" content=\"Yucat\u00e1n en Corto FC\" \/>\n<meta name=\"twitter:card\" content=\"summary_large_image\" \/>\n<meta name=\"twitter:creator\" content=\"@yucatanencorto\" \/>\n<meta name=\"twitter:site\" content=\"@yucatanencorto\" \/>\n<meta name=\"twitter:label1\" content=\"Escrito por\" \/>\n\t<meta name=\"twitter:data1\" content=\"Yucat\u00e1n en Corto FC\" \/>\n\t<meta name=\"twitter:label2\" content=\"Tiempo de lectura\" \/>\n\t<meta name=\"twitter:data2\" content=\"5 minutos\" \/>\n<script type=\"application\/ld+json\" class=\"yoast-schema-graph\">{\"@context\":\"https:\\\/\\\/schema.org\",\"@graph\":[{\"@type\":\"Article\",\"@id\":\"https:\\\/\\\/www.yucatanencorto.com\\\/noticias\\\/entregan-trabajos-de-modernizacion-y-rehabilitacion-del-puerto-de-abrigo-de-yucalpeten\\\/#article\",\"isPartOf\":{\"@id\":\"https:\\\/\\\/www.yucatanencorto.com\\\/noticias\\\/entregan-trabajos-de-modernizacion-y-rehabilitacion-del-puerto-de-abrigo-de-yucalpeten\\\/\"},\"author\":{\"name\":\"Yucat\u00e1n en Corto FC\",\"@id\":\"https:\\\/\\\/www.yucatanencorto.com\\\/noticias\\\/#\\\/schema\\\/person\\\/14f82d355225a1f4075dd84a31f45a72\"},\"headline\":\"Entregan trabajos de modernizaci\u00f3n y rehabilitaci\u00f3n del Puerto de Abrigo de Yucalpet\u00e9n\",\"datePublished\":\"2021-02-08T23:08:14+00:00\",\"mainEntityOfPage\":{\"@id\":\"https:\\\/\\\/www.yucatanencorto.com\\\/noticias\\\/entregan-trabajos-de-modernizacion-y-rehabilitacion-del-puerto-de-abrigo-de-yucalpeten\\\/\"},\"wordCount\":1025,\"image\":{\"@id\":\"https:\\\/\\\/www.yucatanencorto.com\\\/noticias\\\/entregan-trabajos-de-modernizacion-y-rehabilitacion-del-puerto-de-abrigo-de-yucalpeten\\\/#primaryimage\"},\"thumbnailUrl\":\"https:\\\/\\\/www.yucatanencorto.com\\\/noticias\\\/wp-content\\\/uploads\\\/2021\\\/02\\\/image00004-11-scaled.jpeg\",\"articleSection\":[\"Yucat\u00e1n\"],\"inLanguage\":\"es\"},{\"@type\":\"WebPage\",\"@id\":\"https:\\\/\\\/www.yucatanencorto.com\\\/noticias\\\/entregan-trabajos-de-modernizacion-y-rehabilitacion-del-puerto-de-abrigo-de-yucalpeten\\\/\",\"url\":\"https:\\\/\\\/www.yucatanencorto.com\\\/noticias\\\/entregan-trabajos-de-modernizacion-y-rehabilitacion-del-puerto-de-abrigo-de-yucalpeten\\\/\",\"name\":\"Entregan trabajos de modernizaci\u00f3n y rehabilitaci\u00f3n del Puerto de Abrigo de Yucalpet\u00e9n - Yucat\u00e1n en corto\",\"isPartOf\":{\"@id\":\"https:\\\/\\\/www.yucatanencorto.com\\\/noticias\\\/#website\"},\"primaryImageOfPage\":{\"@id\":\"https:\\\/\\\/www.yucatanencorto.com\\\/noticias\\\/entregan-trabajos-de-modernizacion-y-rehabilitacion-del-puerto-de-abrigo-de-yucalpeten\\\/#primaryimage\"},\"image\":{\"@id\":\"https:\\\/\\\/www.yucatanencorto.com\\\/noticias\\\/entregan-trabajos-de-modernizacion-y-rehabilitacion-del-puerto-de-abrigo-de-yucalpeten\\\/#primaryimage\"},\"thumbnailUrl\":\"https:\\\/\\\/www.yucatanencorto.com\\\/noticias\\\/wp-content\\\/uploads\\\/2021\\\/02\\\/image00004-11-scaled.jpeg\",\"datePublished\":\"2021-02-08T23:08:14+00:00\",\"author\":{\"@id\":\"https:\\\/\\\/www.yucatanencorto.com\\\/noticias\\\/#\\\/schema\\\/person\\\/14f82d355225a1f4075dd84a31f45a72\"},\"breadcrumb\":{\"@id\":\"https:\\\/\\\/www.yucatanencorto.com\\\/noticias\\\/entregan-trabajos-de-modernizacion-y-rehabilitacion-del-puerto-de-abrigo-de-yucalpeten\\\/#breadcrumb\"},\"inLanguage\":\"es\",\"potentialAction\":[{\"@type\":\"ReadAction\",\"target\":[\"https:\\\/\\\/www.yucatanencorto.com\\\/noticias\\\/entregan-trabajos-de-modernizacion-y-rehabilitacion-del-puerto-de-abrigo-de-yucalpeten\\\/\"]}]},{\"@type\":\"ImageObject\",\"inLanguage\":\"es\",\"@id\":\"https:\\\/\\\/www.yucatanencorto.com\\\/noticias\\\/entregan-trabajos-de-modernizacion-y-rehabilitacion-del-puerto-de-abrigo-de-yucalpeten\\\/#primaryimage\",\"url\":\"https:\\\/\\\/www.yucatanencorto.com\\\/noticias\\\/wp-content\\\/uploads\\\/2021\\\/02\\\/image00004-11-scaled.jpeg\",\"contentUrl\":\"https:\\\/\\\/www.yucatanencorto.com\\\/noticias\\\/wp-content\\\/uploads\\\/2021\\\/02\\\/image00004-11-scaled.jpeg\",\"width\":768,\"height\":435},{\"@type\":\"BreadcrumbList\",\"@id\":\"https:\\\/\\\/www.yucatanencorto.com\\\/noticias\\\/entregan-trabajos-de-modernizacion-y-rehabilitacion-del-puerto-de-abrigo-de-yucalpeten\\\/#breadcrumb\",\"itemListElement\":[{\"@type\":\"ListItem\",\"position\":1,\"name\":\"Portada\",\"item\":\"https:\\\/\\\/www.yucatanencorto.com\\\/noticias\\\/\"},{\"@type\":\"ListItem\",\"position\":2,\"name\":\"Entregan trabajos de modernizaci\u00f3n y rehabilitaci\u00f3n del Puerto de Abrigo de Yucalpet\u00e9n\"}]},{\"@type\":\"WebSite\",\"@id\":\"https:\\\/\\\/www.yucatanencorto.com\\\/noticias\\\/#website\",\"url\":\"https:\\\/\\\/www.yucatanencorto.com\\\/noticias\\\/\",\"name\":\"Yucat\u00e1n en corto\",\"description\":\"Noticias\",\"potentialAction\":[{\"@type\":\"SearchAction\",\"target\":{\"@type\":\"EntryPoint\",\"urlTemplate\":\"https:\\\/\\\/www.yucatanencorto.com\\\/noticias\\\/?s={search_term_string}\"},\"query-input\":{\"@type\":\"PropertyValueSpecification\",\"valueRequired\":true,\"valueName\":\"search_term_string\"}}],\"inLanguage\":\"es\"},{\"@type\":\"Person\",\"@id\":\"https:\\\/\\\/www.yucatanencorto.com\\\/noticias\\\/#\\\/schema\\\/person\\\/14f82d355225a1f4075dd84a31f45a72\",\"name\":\"Yucat\u00e1n en Corto FC\",\"image\":{\"@type\":\"ImageObject\",\"inLanguage\":\"es\",\"@id\":\"https:\\\/\\\/secure.gravatar.com\\\/avatar\\\/147d4b30cd728c53c29c49a3f7834dedca33707f4cd259761355846009a88250?s=96&d=mm&r=g\",\"url\":\"https:\\\/\\\/secure.gravatar.com\\\/avatar\\\/147d4b30cd728c53c29c49a3f7834dedca33707f4cd259761355846009a88250?s=96&d=mm&r=g\",\"contentUrl\":\"https:\\\/\\\/secure.gravatar.com\\\/avatar\\\/147d4b30cd728c53c29c49a3f7834dedca33707f4cd259761355846009a88250?s=96&d=mm&r=g\",\"caption\":\"Yucat\u00e1n en Corto FC\"},\"url\":\"https:\\\/\\\/www.yucatanencorto.com\\\/noticias\\\/author\\\/flor\\\/\"}]}<\/script>\n<!-- \/ Yoast SEO plugin. -->","yoast_head_json":{"title":"Entregan trabajos de modernizaci\u00f3n y rehabilitaci\u00f3n del Puerto de Abrigo de Yucalpet\u00e9n - Yucat\u00e1n en corto","robots":{"index":"index","follow":"follow","max-snippet":"max-snippet:-1","max-image-preview":"max-image-preview:large","max-video-preview":"max-video-preview:-1"},"canonical":"https:\/\/www.yucatanencorto.com\/noticias\/entregan-trabajos-de-modernizacion-y-rehabilitacion-del-puerto-de-abrigo-de-yucalpeten\/","og_locale":"es_ES","og_type":"article","og_title":"Entregan trabajos de modernizaci\u00f3n y rehabilitaci\u00f3n del Puerto de Abrigo de Yucalpet\u00e9n - Yucat\u00e1n en corto","og_description":"Progreso, Yucat\u00e1n, 8 de febrero de 2021.- Espacios m\u00e1s amplios y adecuados para las embarcaciones, mayor seguridad en los trabajos de la comunidad pesquera, as\u00ed como una operaci\u00f3n m\u00e1s eficiente en las actividades que ah\u00ed se realizan, son los beneficios que traen consigo los trabajos de modernizaci\u00f3n y rehabilitaci\u00f3n del Puerto de Abrigo de Yucalpet\u00e9n, [&hellip;]","og_url":"https:\/\/www.yucatanencorto.com\/noticias\/entregan-trabajos-de-modernizacion-y-rehabilitacion-del-puerto-de-abrigo-de-yucalpeten\/","og_site_name":"Yucat\u00e1n en corto","article_publisher":"http:\/\/www.facebook.com\/yucatanencorto","article_published_time":"2021-02-08T23:08:14+00:00","og_image":[{"width":768,"height":435,"url":"https:\/\/www.yucatanencorto.com\/noticias\/wp-content\/uploads\/2021\/02\/image00004-11-scaled.jpeg","type":"image\/jpeg"}],"author":"Yucat\u00e1n en Corto FC","twitter_card":"summary_large_image","twitter_creator":"@yucatanencorto","twitter_site":"@yucatanencorto","twitter_misc":{"Escrito por":"Yucat\u00e1n en Corto FC","Tiempo de lectura":"5 minutos"},"schema":{"@context":"https:\/\/schema.org","@graph":[{"@type":"Article","@id":"https:\/\/www.yucatanencorto.com\/noticias\/entregan-trabajos-de-modernizacion-y-rehabilitacion-del-puerto-de-abrigo-de-yucalpeten\/#article","isPartOf":{"@id":"https:\/\/www.yucatanencorto.com\/noticias\/entregan-trabajos-de-modernizacion-y-rehabilitacion-del-puerto-de-abrigo-de-yucalpeten\/"},"author":{"name":"Yucat\u00e1n en Corto FC","@id":"https:\/\/www.yucatanencorto.com\/noticias\/#\/schema\/person\/14f82d355225a1f4075dd84a31f45a72"},"headline":"Entregan trabajos de modernizaci\u00f3n y rehabilitaci\u00f3n del Puerto de Abrigo de Yucalpet\u00e9n","datePublished":"2021-02-08T23:08:14+00:00","mainEntityOfPage":{"@id":"https:\/\/www.yucatanencorto.com\/noticias\/entregan-trabajos-de-modernizacion-y-rehabilitacion-del-puerto-de-abrigo-de-yucalpeten\/"},"wordCount":1025,"image":{"@id":"https:\/\/www.yucatanencorto.com\/noticias\/entregan-trabajos-de-modernizacion-y-rehabilitacion-del-puerto-de-abrigo-de-yucalpeten\/#primaryimage"},"thumbnailUrl":"https:\/\/www.yucatanencorto.com\/noticias\/wp-content\/uploads\/2021\/02\/image00004-11-scaled.jpeg","articleSection":["Yucat\u00e1n"],"inLanguage":"es"},{"@type":"WebPage","@id":"https:\/\/www.yucatanencorto.com\/noticias\/entregan-trabajos-de-modernizacion-y-rehabilitacion-del-puerto-de-abrigo-de-yucalpeten\/","url":"https:\/\/www.yucatanencorto.com\/noticias\/entregan-trabajos-de-modernizacion-y-rehabilitacion-del-puerto-de-abrigo-de-yucalpeten\/","name":"Entregan trabajos de modernizaci\u00f3n y rehabilitaci\u00f3n del Puerto de Abrigo de Yucalpet\u00e9n - Yucat\u00e1n en corto","isPartOf":{"@id":"https:\/\/www.yucatanencorto.com\/noticias\/#website"},"primaryImageOfPage":{"@id":"https:\/\/www.yucatanencorto.com\/noticias\/entregan-trabajos-de-modernizacion-y-rehabilitacion-del-puerto-de-abrigo-de-yucalpeten\/#primaryimage"},"image":{"@id":"https:\/\/www.yucatanencorto.com\/noticias\/entregan-trabajos-de-modernizacion-y-rehabilitacion-del-puerto-de-abrigo-de-yucalpeten\/#primaryimage"},"thumbnailUrl":"https:\/\/www.yucatanencorto.com\/noticias\/wp-content\/uploads\/2021\/02\/image00004-11-scaled.jpeg","datePublished":"2021-02-08T23:08:14+00:00","author":{"@id":"https:\/\/www.yucatanencorto.com\/noticias\/#\/schema\/person\/14f82d355225a1f4075dd84a31f45a72"},"breadcrumb":{"@id":"https:\/\/www.yucatanencorto.com\/noticias\/entregan-trabajos-de-modernizacion-y-rehabilitacion-del-puerto-de-abrigo-de-yucalpeten\/#breadcrumb"},"inLanguage":"es","potentialAction":[{"@type":"ReadAction","target":["https:\/\/www.yucatanencorto.com\/noticias\/entregan-trabajos-de-modernizacion-y-rehabilitacion-del-puerto-de-abrigo-de-yucalpeten\/"]}]},{"@type":"ImageObject","inLanguage":"es","@id":"https:\/\/www.yucatanencorto.com\/noticias\/entregan-trabajos-de-modernizacion-y-rehabilitacion-del-puerto-de-abrigo-de-yucalpeten\/#primaryimage","url":"https:\/\/www.yucatanencorto.com\/noticias\/wp-content\/uploads\/2021\/02\/image00004-11-scaled.jpeg","contentUrl":"https:\/\/www.yucatanencorto.com\/noticias\/wp-content\/uploads\/2021\/02\/image00004-11-scaled.jpeg","width":768,"height":435},{"@type":"BreadcrumbList","@id":"https:\/\/www.yucatanencorto.com\/noticias\/entregan-trabajos-de-modernizacion-y-rehabilitacion-del-puerto-de-abrigo-de-yucalpeten\/#breadcrumb","itemListElement":[{"@type":"ListItem","position":1,"name":"Portada","item":"https:\/\/www.yucatanencorto.com\/noticias\/"},{"@type":"ListItem","position":2,"name":"Entregan trabajos de modernizaci\u00f3n y rehabilitaci\u00f3n del Puerto de Abrigo de Yucalpet\u00e9n"}]},{"@type":"WebSite","@id":"https:\/\/www.yucatanencorto.com\/noticias\/#website","url":"https:\/\/www.yucatanencorto.com\/noticias\/","name":"Yucat\u00e1n en corto","description":"Noticias","potentialAction":[{"@type":"SearchAction","target":{"@type":"EntryPoint","urlTemplate":"https:\/\/www.yucatanencorto.com\/noticias\/?s={search_term_string}"},"query-input":{"@type":"PropertyValueSpecification","valueRequired":true,"valueName":"search_term_string"}}],"inLanguage":"es"},{"@type":"Person","@id":"https:\/\/www.yucatanencorto.com\/noticias\/#\/schema\/person\/14f82d355225a1f4075dd84a31f45a72","name":"Yucat\u00e1n en Corto FC","image":{"@type":"ImageObject","inLanguage":"es","@id":"https:\/\/secure.gravatar.com\/avatar\/147d4b30cd728c53c29c49a3f7834dedca33707f4cd259761355846009a88250?s=96&d=mm&r=g","url":"https:\/\/secure.gravatar.com\/avatar\/147d4b30cd728c53c29c49a3f7834dedca33707f4cd259761355846009a88250?s=96&d=mm&r=g","contentUrl":"https:\/\/secure.gravatar.com\/avatar\/147d4b30cd728c53c29c49a3f7834dedca33707f4cd259761355846009a88250?s=96&d=mm&r=g","caption":"Yucat\u00e1n en Corto FC"},"url":"https:\/\/www.yucatanencorto.com\/noticias\/author\/flor\/"}]}},"_links":{"self":[{"href":"https:\/\/www.yucatanencorto.com\/noticias\/wp-json\/wp\/v2\/posts\/70009","targetHints":{"allow":["GET"]}}],"collection":[{"href":"https:\/\/www.yucatanencorto.com\/noticias\/wp-json\/wp\/v2\/posts"}],"about":[{"href":"https:\/\/www.yucatanencorto.com\/noticias\/wp-json\/wp\/v2\/types\/post"}],"author":[{"embeddable":true,"href":"https:\/\/www.yucatanencorto.com\/noticias\/wp-json\/wp\/v2\/users\/2"}],"replies":[{"embeddable":true,"href":"https:\/\/www.yucatanencorto.com\/noticias\/wp-json\/wp\/v2\/comments?post=70009"}],"version-history":[{"count":0,"href":"https:\/\/www.yucatanencorto.com\/noticias\/wp-json\/wp\/v2\/posts\/70009\/revisions"}],"wp:featuredmedia":[{"embeddable":true,"href":"https:\/\/www.yucatanencorto.com\/noticias\/wp-json\/wp\/v2\/media\/70011"}],"wp:attachment":[{"href":"https:\/\/www.yucatanencorto.com\/noticias\/wp-json\/wp\/v2\/media?parent=70009"}],"wp:term":[{"taxonomy":"category","embeddable":true,"href":"https:\/\/www.yucatanencorto.com\/noticias\/wp-json\/wp\/v2\/categories?post=70009"},{"taxonomy":"post_tag","embeddable":true,"href":"https:\/\/www.yucatanencorto.com\/noticias\/wp-json\/wp\/v2\/tags?post=70009"}],"curies":[{"name":"wp","href":"https:\/\/api.w.org\/{rel}","templated":true}]}}