{"id":70013,"date":"2021-02-08T18:40:00","date_gmt":"2021-02-09T00:40:00","guid":{"rendered":"https:\/\/www.yucatanencorto.com\/noticias\/?p=70013"},"modified":"2021-02-08T18:40:00","modified_gmt":"2021-02-09T00:40:00","slug":"merida-contara-con-un-padron-de-trabajadoras-del-hogar-que-laboran-en-el-municipio-para-mejorar-sus-derechos-laborales","status":"publish","type":"post","link":"https:\/\/www.yucatanencorto.com\/noticias\/merida-contara-con-un-padron-de-trabajadoras-del-hogar-que-laboran-en-el-municipio-para-mejorar-sus-derechos-laborales\/","title":{"rendered":"M\u00e9rida contar\u00e1 con un padr\u00f3n de trabajadoras del hogar que laboran en el Municipio para mejorar sus derechos laborales"},"content":{"rendered":"<div dir=\"ltr\">\n<p><img loading=\"lazy\" decoding=\"async\" class=\"alignnone size-full wp-image-70014\" src=\"https:\/\/www.yucatanencorto.com\/noticias\/wp-content\/uploads\/2021\/02\/WhatsApp-Image-2021-02-08-at-5.14.09-PM-scaled.jpeg\" alt=\"\" width=\"768\" height=\"432\" srcset=\"https:\/\/www.yucatanencorto.com\/noticias\/wp-content\/uploads\/2021\/02\/WhatsApp-Image-2021-02-08-at-5.14.09-PM-scaled.jpeg 768w, https:\/\/www.yucatanencorto.com\/noticias\/wp-content\/uploads\/2021\/02\/WhatsApp-Image-2021-02-08-at-5.14.09-PM-696x392.jpeg 696w, https:\/\/www.yucatanencorto.com\/noticias\/wp-content\/uploads\/2021\/02\/WhatsApp-Image-2021-02-08-at-5.14.09-PM-1068x601.jpeg 1068w, https:\/\/www.yucatanencorto.com\/noticias\/wp-content\/uploads\/2021\/02\/WhatsApp-Image-2021-02-08-at-5.14.09-PM-747x420.jpeg 747w\" sizes=\"auto, (max-width: 768px) 100vw, 768px\" \/>M\u00e9rida 8 de febrero de 2021. \u201cCualquier ciudad tiene problemas, pero los retos y desaf\u00edos nos dan dos posturas: O se ven y se asumen o se visibilizan y se vuelven indiferentes; y nosotros aqu\u00ed estamos haciendo lo correcto\u201d, afirm\u00f3 el alcalde Ren\u00e1n Barrera Concha.<\/p>\n<p>En el marco de la firma de un convenio de colaboraci\u00f3n con la asociaci\u00f3n civil \u201cJade Propuestas Sociales y Alternativas al Desarrollo\u201d, el Primer Edil refrend\u00f3 su compromiso para que, desde el Instituto Municipal de la Mujer, se preparare una agenda conjunta para avanzar hacia la atenci\u00f3n e impulso de la protecci\u00f3n de los Derechos Humanos de las trabajadoras del hogar, la elaboraci\u00f3n y difusi\u00f3n de material a modo de gu\u00eda y protocolo de cuidados ante el COVID-19 en espa\u00f1ol y en maya, as\u00ed como construir un padr\u00f3n de trabajadoras del hogar que laboran en el municipio.<\/p>\n<p>M\u00e9rida reconoce y valora el esfuerzo participativo de la sociedad civil, porque precisamente eso nos habla de una ciudad humana, comprometida con sus grupos vulnerables, una M\u00e9rida solidaria y generosa que antepone el bien com\u00fan como premisa fundamental para continuar siendo una ciudad pac\u00edfica, segura y disfrutable, asever\u00f3 Barrera Concha.<\/p>\n<p>\u2014Si algo asume uno como responsabilidad al frente de una comunidad altamente participativa, cr\u00edtica y exigente, es el poder apoyarnos en personas de buena fe que tienen objetivos sumamente claros, que en este caso es visibilizar el trabajo, las necesidades y vulnerabilidad de ciertos sectores sociales\u2014dijo.<\/p>\n<p>En ese contexto, la directora de Jade Sociales, Raquel Aguilera Troncoso, agradeci\u00f3 al Presidente Municipal por sumarse a estas acciones para hacer notar la invisibilidad que han sufrido las mujeres que prestan servicio dom\u00e9stico en los hogares.<\/p>\n<p>Inform\u00f3 que, en Yucat\u00e1n, con datos del Instituto Nacional de Estad\u00edstica y Geograf\u00eda (INEGI), en 2020 se report\u00f3 que 53,000 personas se dedican al trabajo dom\u00e9stico remunerado, de las cuales el 80% son mujeres, de ah\u00ed radica la importancia de este convenio de colaboraci\u00f3n con la Comuna.<\/p>\n<p>\u2014Estas cifras son relevantes, porque el diagnostico que hicimos el a\u00f1o pasado, del impacto del COVID en la vida de las trabajadoras del hogar, el 75% nos comentaron que laboraban en M\u00e9rida, es por eso el inter\u00e9s de poder estar con ustedes trabajando en este tema\u2014mencion\u00f3.<\/p>\n<p>El padr\u00f3n voluntario de trabajadoras es \u00fanico en su tipo, es decir que se primero implemente en M\u00e9rida, es una aportaci\u00f3n innovadora desde un enfoque de derechos humanos. Conocer qui\u00e9nes son, d\u00f3nde est\u00e1n y que conozcan sus derechos laborales, nos van a permitir desde M\u00e9rida decir que el convenio de la Organizaci\u00f3n Internacional del Trabajo (OIT) no se quede en el papel, a\u00f1adi\u00f3.<\/p>\n<p>En ese sentido, Barrera Concha remarc\u00f3 que, en este censo, M\u00e9rida tiene que entrar con el pie de derecho de acuerdo a las normales internacionales, a los cambios legislativos y a los retos que hoy representa defender a un sector que est\u00e1 desprotegido.<\/p>\n<p>\u2014Estamos viendo de frente y visibilizando este asunto, porque una de las cosas, que adem\u00e1s compartimos, es que no podemos ser indiferentes al dolor ajeno, sobre todo los que tenemos una responsabilidad p\u00fablica\u2014indic\u00f3.<\/p>\n<p>De esta manera, el Alcalde refrend\u00f3 su compromiso de que, desde el Instituto Municipal de la Mujer, se preparare una agenda conjunta para avanzar m\u00e1s r\u00e1pido hacia la atenci\u00f3n a este tema de manera m\u00e1s puntual.<\/p>\n<p>Por su parte, la directora del Instituto Municipal de la Mujer, Fabiola Garc\u00eda Maga\u00f1a, dijo que este convenio de colaboraci\u00f3n se realiza con miras de apuntarle a la participaci\u00f3n ciudadana y recabar informaci\u00f3n para dimensionar las afectaciones socio-econ\u00f3micas al trabajo dom\u00e9stico remunerado y con ello esbozar un diagn\u00f3stico sobre las situaciones y retos que enfrentan las personas trabajadoras del hogar.<\/p>\n<p>Resalt\u00f3 que esta es la primera vez que el Municipio de M\u00e9rida contar\u00e1 con un padr\u00f3n de esta magnitud para apoyar a las mujeres que est\u00e1n trabajando en los hogares lo que permitir\u00e1, a trav\u00e9s de esta herramienta, seguir apuntalando esta pol\u00edtica p\u00fablica.<\/p>\n<p>En la firma, que se realiz\u00f3 de manera virtual, tambi\u00e9n participaron Diana Canto Moreno, s\u00edndica municipal; Ana Gabriela Aguilar Ruiz, regidora presidenta de la Comisi\u00f3n de Igualdad de G\u00e9nero; Elizabeth Fuentes L\u00f3pez, secretaria t\u00e9cnica del Instituto Municipal de la Mujer y Mauricio Hern\u00e1ndez, coordinador de Investigaci\u00f3n de Jade Propuestas Sociales y Alternativas al Desarrollo.<\/p>\n<\/div>\n","protected":false},"excerpt":{"rendered":"<p>M\u00e9rida 8 de febrero de 2021. \u201cCualquier ciudad tiene problemas, pero los retos y desaf\u00edos nos dan dos posturas: O se ven y se asumen o se visibilizan y se vuelven indiferentes; y nosotros aqu\u00ed estamos haciendo lo correcto\u201d, afirm\u00f3 el alcalde Ren\u00e1n Barrera Concha. En el marco de la firma de un convenio de [&hellip;]<\/p>\n","protected":false},"author":2,"featured_media":70014,"comment_status":"closed","ping_status":"closed","sticky":false,"template":"","format":"standard","meta":{"footnotes":""},"categories":[2],"tags":[],"class_list":{"0":"post-70013","1":"post","2":"type-post","3":"status-publish","4":"format-standard","5":"has-post-thumbnail","7":"category-merida"},"yoast_head":"<!-- This site is optimized with the Yoast SEO plugin v27.4 - https:\/\/yoast.com\/product\/yoast-seo-wordpress\/ -->\n<title>M\u00e9rida contar\u00e1 con un padr\u00f3n de trabajadoras del hogar que laboran en el Municipio para mejorar sus derechos laborales - Yucat\u00e1n en corto<\/title>\n<meta name=\"robots\" content=\"index, follow, max-snippet:-1, max-image-preview:large, max-video-preview:-1\" \/>\n<link rel=\"canonical\" href=\"https:\/\/www.yucatanencorto.com\/noticias\/merida-contara-con-un-padron-de-trabajadoras-del-hogar-que-laboran-en-el-municipio-para-mejorar-sus-derechos-laborales\/\" \/>\n<meta property=\"og:locale\" content=\"es_ES\" \/>\n<meta property=\"og:type\" content=\"article\" \/>\n<meta property=\"og:title\" content=\"M\u00e9rida contar\u00e1 con un padr\u00f3n de trabajadoras del hogar que laboran en el Municipio para mejorar sus derechos laborales - Yucat\u00e1n en corto\" \/>\n<meta property=\"og:description\" content=\"M\u00e9rida 8 de febrero de 2021. \u201cCualquier ciudad tiene problemas, pero los retos y desaf\u00edos nos dan dos posturas: O se ven y se asumen o se visibilizan y se vuelven indiferentes; y nosotros aqu\u00ed estamos haciendo lo correcto\u201d, afirm\u00f3 el alcalde Ren\u00e1n Barrera Concha. En el marco de la firma de un convenio de [&hellip;]\" \/>\n<meta property=\"og:url\" content=\"https:\/\/www.yucatanencorto.com\/noticias\/merida-contara-con-un-padron-de-trabajadoras-del-hogar-que-laboran-en-el-municipio-para-mejorar-sus-derechos-laborales\/\" \/>\n<meta property=\"og:site_name\" content=\"Yucat\u00e1n en corto\" \/>\n<meta property=\"article:publisher\" content=\"http:\/\/www.facebook.com\/yucatanencorto\" \/>\n<meta property=\"article:published_time\" content=\"2021-02-09T00:40:00+00:00\" \/>\n<meta property=\"og:image\" content=\"https:\/\/www.yucatanencorto.com\/noticias\/wp-content\/uploads\/2021\/02\/WhatsApp-Image-2021-02-08-at-5.14.09-PM-scaled.jpeg\" \/>\n\t<meta property=\"og:image:width\" content=\"768\" \/>\n\t<meta property=\"og:image:height\" content=\"432\" \/>\n\t<meta property=\"og:image:type\" content=\"image\/jpeg\" \/>\n<meta name=\"author\" content=\"Yucat\u00e1n en Corto FC\" \/>\n<meta name=\"twitter:card\" content=\"summary_large_image\" \/>\n<meta name=\"twitter:creator\" content=\"@yucatanencorto\" \/>\n<meta name=\"twitter:site\" content=\"@yucatanencorto\" \/>\n<meta name=\"twitter:label1\" content=\"Escrito por\" \/>\n\t<meta name=\"twitter:data1\" content=\"Yucat\u00e1n en Corto FC\" \/>\n\t<meta name=\"twitter:label2\" content=\"Tiempo de lectura\" \/>\n\t<meta name=\"twitter:data2\" content=\"4 minutos\" \/>\n<script type=\"application\/ld+json\" class=\"yoast-schema-graph\">{\"@context\":\"https:\\\/\\\/schema.org\",\"@graph\":[{\"@type\":\"Article\",\"@id\":\"https:\\\/\\\/www.yucatanencorto.com\\\/noticias\\\/merida-contara-con-un-padron-de-trabajadoras-del-hogar-que-laboran-en-el-municipio-para-mejorar-sus-derechos-laborales\\\/#article\",\"isPartOf\":{\"@id\":\"https:\\\/\\\/www.yucatanencorto.com\\\/noticias\\\/merida-contara-con-un-padron-de-trabajadoras-del-hogar-que-laboran-en-el-municipio-para-mejorar-sus-derechos-laborales\\\/\"},\"author\":{\"name\":\"Yucat\u00e1n en Corto FC\",\"@id\":\"https:\\\/\\\/www.yucatanencorto.com\\\/noticias\\\/#\\\/schema\\\/person\\\/14f82d355225a1f4075dd84a31f45a72\"},\"headline\":\"M\u00e9rida contar\u00e1 con un padr\u00f3n de trabajadoras del hogar que laboran en el Municipio para mejorar sus derechos laborales\",\"datePublished\":\"2021-02-09T00:40:00+00:00\",\"mainEntityOfPage\":{\"@id\":\"https:\\\/\\\/www.yucatanencorto.com\\\/noticias\\\/merida-contara-con-un-padron-de-trabajadoras-del-hogar-que-laboran-en-el-municipio-para-mejorar-sus-derechos-laborales\\\/\"},\"wordCount\":782,\"image\":{\"@id\":\"https:\\\/\\\/www.yucatanencorto.com\\\/noticias\\\/merida-contara-con-un-padron-de-trabajadoras-del-hogar-que-laboran-en-el-municipio-para-mejorar-sus-derechos-laborales\\\/#primaryimage\"},\"thumbnailUrl\":\"https:\\\/\\\/www.yucatanencorto.com\\\/noticias\\\/wp-content\\\/uploads\\\/2021\\\/02\\\/WhatsApp-Image-2021-02-08-at-5.14.09-PM-scaled.jpeg\",\"articleSection\":[\"M\u00e9rida\"],\"inLanguage\":\"es\"},{\"@type\":\"WebPage\",\"@id\":\"https:\\\/\\\/www.yucatanencorto.com\\\/noticias\\\/merida-contara-con-un-padron-de-trabajadoras-del-hogar-que-laboran-en-el-municipio-para-mejorar-sus-derechos-laborales\\\/\",\"url\":\"https:\\\/\\\/www.yucatanencorto.com\\\/noticias\\\/merida-contara-con-un-padron-de-trabajadoras-del-hogar-que-laboran-en-el-municipio-para-mejorar-sus-derechos-laborales\\\/\",\"name\":\"M\u00e9rida contar\u00e1 con un padr\u00f3n de trabajadoras del hogar que laboran en el Municipio para mejorar sus derechos laborales - Yucat\u00e1n en corto\",\"isPartOf\":{\"@id\":\"https:\\\/\\\/www.yucatanencorto.com\\\/noticias\\\/#website\"},\"primaryImageOfPage\":{\"@id\":\"https:\\\/\\\/www.yucatanencorto.com\\\/noticias\\\/merida-contara-con-un-padron-de-trabajadoras-del-hogar-que-laboran-en-el-municipio-para-mejorar-sus-derechos-laborales\\\/#primaryimage\"},\"image\":{\"@id\":\"https:\\\/\\\/www.yucatanencorto.com\\\/noticias\\\/merida-contara-con-un-padron-de-trabajadoras-del-hogar-que-laboran-en-el-municipio-para-mejorar-sus-derechos-laborales\\\/#primaryimage\"},\"thumbnailUrl\":\"https:\\\/\\\/www.yucatanencorto.com\\\/noticias\\\/wp-content\\\/uploads\\\/2021\\\/02\\\/WhatsApp-Image-2021-02-08-at-5.14.09-PM-scaled.jpeg\",\"datePublished\":\"2021-02-09T00:40:00+00:00\",\"author\":{\"@id\":\"https:\\\/\\\/www.yucatanencorto.com\\\/noticias\\\/#\\\/schema\\\/person\\\/14f82d355225a1f4075dd84a31f45a72\"},\"breadcrumb\":{\"@id\":\"https:\\\/\\\/www.yucatanencorto.com\\\/noticias\\\/merida-contara-con-un-padron-de-trabajadoras-del-hogar-que-laboran-en-el-municipio-para-mejorar-sus-derechos-laborales\\\/#breadcrumb\"},\"inLanguage\":\"es\",\"potentialAction\":[{\"@type\":\"ReadAction\",\"target\":[\"https:\\\/\\\/www.yucatanencorto.com\\\/noticias\\\/merida-contara-con-un-padron-de-trabajadoras-del-hogar-que-laboran-en-el-municipio-para-mejorar-sus-derechos-laborales\\\/\"]}]},{\"@type\":\"ImageObject\",\"inLanguage\":\"es\",\"@id\":\"https:\\\/\\\/www.yucatanencorto.com\\\/noticias\\\/merida-contara-con-un-padron-de-trabajadoras-del-hogar-que-laboran-en-el-municipio-para-mejorar-sus-derechos-laborales\\\/#primaryimage\",\"url\":\"https:\\\/\\\/www.yucatanencorto.com\\\/noticias\\\/wp-content\\\/uploads\\\/2021\\\/02\\\/WhatsApp-Image-2021-02-08-at-5.14.09-PM-scaled.jpeg\",\"contentUrl\":\"https:\\\/\\\/www.yucatanencorto.com\\\/noticias\\\/wp-content\\\/uploads\\\/2021\\\/02\\\/WhatsApp-Image-2021-02-08-at-5.14.09-PM-scaled.jpeg\",\"width\":768,\"height\":432},{\"@type\":\"BreadcrumbList\",\"@id\":\"https:\\\/\\\/www.yucatanencorto.com\\\/noticias\\\/merida-contara-con-un-padron-de-trabajadoras-del-hogar-que-laboran-en-el-municipio-para-mejorar-sus-derechos-laborales\\\/#breadcrumb\",\"itemListElement\":[{\"@type\":\"ListItem\",\"position\":1,\"name\":\"Portada\",\"item\":\"https:\\\/\\\/www.yucatanencorto.com\\\/noticias\\\/\"},{\"@type\":\"ListItem\",\"position\":2,\"name\":\"M\u00e9rida contar\u00e1 con un padr\u00f3n de trabajadoras del hogar que laboran en el Municipio para mejorar sus derechos laborales\"}]},{\"@type\":\"WebSite\",\"@id\":\"https:\\\/\\\/www.yucatanencorto.com\\\/noticias\\\/#website\",\"url\":\"https:\\\/\\\/www.yucatanencorto.com\\\/noticias\\\/\",\"name\":\"Yucat\u00e1n en corto\",\"description\":\"Noticias\",\"potentialAction\":[{\"@type\":\"SearchAction\",\"target\":{\"@type\":\"EntryPoint\",\"urlTemplate\":\"https:\\\/\\\/www.yucatanencorto.com\\\/noticias\\\/?s={search_term_string}\"},\"query-input\":{\"@type\":\"PropertyValueSpecification\",\"valueRequired\":true,\"valueName\":\"search_term_string\"}}],\"inLanguage\":\"es\"},{\"@type\":\"Person\",\"@id\":\"https:\\\/\\\/www.yucatanencorto.com\\\/noticias\\\/#\\\/schema\\\/person\\\/14f82d355225a1f4075dd84a31f45a72\",\"name\":\"Yucat\u00e1n en Corto FC\",\"image\":{\"@type\":\"ImageObject\",\"inLanguage\":\"es\",\"@id\":\"https:\\\/\\\/secure.gravatar.com\\\/avatar\\\/147d4b30cd728c53c29c49a3f7834dedca33707f4cd259761355846009a88250?s=96&d=mm&r=g\",\"url\":\"https:\\\/\\\/secure.gravatar.com\\\/avatar\\\/147d4b30cd728c53c29c49a3f7834dedca33707f4cd259761355846009a88250?s=96&d=mm&r=g\",\"contentUrl\":\"https:\\\/\\\/secure.gravatar.com\\\/avatar\\\/147d4b30cd728c53c29c49a3f7834dedca33707f4cd259761355846009a88250?s=96&d=mm&r=g\",\"caption\":\"Yucat\u00e1n en Corto FC\"},\"url\":\"https:\\\/\\\/www.yucatanencorto.com\\\/noticias\\\/author\\\/flor\\\/\"}]}<\/script>\n<!-- \/ Yoast SEO plugin. -->","yoast_head_json":{"title":"M\u00e9rida contar\u00e1 con un padr\u00f3n de trabajadoras del hogar que laboran en el Municipio para mejorar sus derechos laborales - Yucat\u00e1n en corto","robots":{"index":"index","follow":"follow","max-snippet":"max-snippet:-1","max-image-preview":"max-image-preview:large","max-video-preview":"max-video-preview:-1"},"canonical":"https:\/\/www.yucatanencorto.com\/noticias\/merida-contara-con-un-padron-de-trabajadoras-del-hogar-que-laboran-en-el-municipio-para-mejorar-sus-derechos-laborales\/","og_locale":"es_ES","og_type":"article","og_title":"M\u00e9rida contar\u00e1 con un padr\u00f3n de trabajadoras del hogar que laboran en el Municipio para mejorar sus derechos laborales - Yucat\u00e1n en corto","og_description":"M\u00e9rida 8 de febrero de 2021. \u201cCualquier ciudad tiene problemas, pero los retos y desaf\u00edos nos dan dos posturas: O se ven y se asumen o se visibilizan y se vuelven indiferentes; y nosotros aqu\u00ed estamos haciendo lo correcto\u201d, afirm\u00f3 el alcalde Ren\u00e1n Barrera Concha. En el marco de la firma de un convenio de [&hellip;]","og_url":"https:\/\/www.yucatanencorto.com\/noticias\/merida-contara-con-un-padron-de-trabajadoras-del-hogar-que-laboran-en-el-municipio-para-mejorar-sus-derechos-laborales\/","og_site_name":"Yucat\u00e1n en corto","article_publisher":"http:\/\/www.facebook.com\/yucatanencorto","article_published_time":"2021-02-09T00:40:00+00:00","og_image":[{"width":768,"height":432,"url":"https:\/\/www.yucatanencorto.com\/noticias\/wp-content\/uploads\/2021\/02\/WhatsApp-Image-2021-02-08-at-5.14.09-PM-scaled.jpeg","type":"image\/jpeg"}],"author":"Yucat\u00e1n en Corto FC","twitter_card":"summary_large_image","twitter_creator":"@yucatanencorto","twitter_site":"@yucatanencorto","twitter_misc":{"Escrito por":"Yucat\u00e1n en Corto FC","Tiempo de lectura":"4 minutos"},"schema":{"@context":"https:\/\/schema.org","@graph":[{"@type":"Article","@id":"https:\/\/www.yucatanencorto.com\/noticias\/merida-contara-con-un-padron-de-trabajadoras-del-hogar-que-laboran-en-el-municipio-para-mejorar-sus-derechos-laborales\/#article","isPartOf":{"@id":"https:\/\/www.yucatanencorto.com\/noticias\/merida-contara-con-un-padron-de-trabajadoras-del-hogar-que-laboran-en-el-municipio-para-mejorar-sus-derechos-laborales\/"},"author":{"name":"Yucat\u00e1n en Corto FC","@id":"https:\/\/www.yucatanencorto.com\/noticias\/#\/schema\/person\/14f82d355225a1f4075dd84a31f45a72"},"headline":"M\u00e9rida contar\u00e1 con un padr\u00f3n de trabajadoras del hogar que laboran en el Municipio para mejorar sus derechos laborales","datePublished":"2021-02-09T00:40:00+00:00","mainEntityOfPage":{"@id":"https:\/\/www.yucatanencorto.com\/noticias\/merida-contara-con-un-padron-de-trabajadoras-del-hogar-que-laboran-en-el-municipio-para-mejorar-sus-derechos-laborales\/"},"wordCount":782,"image":{"@id":"https:\/\/www.yucatanencorto.com\/noticias\/merida-contara-con-un-padron-de-trabajadoras-del-hogar-que-laboran-en-el-municipio-para-mejorar-sus-derechos-laborales\/#primaryimage"},"thumbnailUrl":"https:\/\/www.yucatanencorto.com\/noticias\/wp-content\/uploads\/2021\/02\/WhatsApp-Image-2021-02-08-at-5.14.09-PM-scaled.jpeg","articleSection":["M\u00e9rida"],"inLanguage":"es"},{"@type":"WebPage","@id":"https:\/\/www.yucatanencorto.com\/noticias\/merida-contara-con-un-padron-de-trabajadoras-del-hogar-que-laboran-en-el-municipio-para-mejorar-sus-derechos-laborales\/","url":"https:\/\/www.yucatanencorto.com\/noticias\/merida-contara-con-un-padron-de-trabajadoras-del-hogar-que-laboran-en-el-municipio-para-mejorar-sus-derechos-laborales\/","name":"M\u00e9rida contar\u00e1 con un padr\u00f3n de trabajadoras del hogar que laboran en el Municipio para mejorar sus derechos laborales - Yucat\u00e1n en corto","isPartOf":{"@id":"https:\/\/www.yucatanencorto.com\/noticias\/#website"},"primaryImageOfPage":{"@id":"https:\/\/www.yucatanencorto.com\/noticias\/merida-contara-con-un-padron-de-trabajadoras-del-hogar-que-laboran-en-el-municipio-para-mejorar-sus-derechos-laborales\/#primaryimage"},"image":{"@id":"https:\/\/www.yucatanencorto.com\/noticias\/merida-contara-con-un-padron-de-trabajadoras-del-hogar-que-laboran-en-el-municipio-para-mejorar-sus-derechos-laborales\/#primaryimage"},"thumbnailUrl":"https:\/\/www.yucatanencorto.com\/noticias\/wp-content\/uploads\/2021\/02\/WhatsApp-Image-2021-02-08-at-5.14.09-PM-scaled.jpeg","datePublished":"2021-02-09T00:40:00+00:00","author":{"@id":"https:\/\/www.yucatanencorto.com\/noticias\/#\/schema\/person\/14f82d355225a1f4075dd84a31f45a72"},"breadcrumb":{"@id":"https:\/\/www.yucatanencorto.com\/noticias\/merida-contara-con-un-padron-de-trabajadoras-del-hogar-que-laboran-en-el-municipio-para-mejorar-sus-derechos-laborales\/#breadcrumb"},"inLanguage":"es","potentialAction":[{"@type":"ReadAction","target":["https:\/\/www.yucatanencorto.com\/noticias\/merida-contara-con-un-padron-de-trabajadoras-del-hogar-que-laboran-en-el-municipio-para-mejorar-sus-derechos-laborales\/"]}]},{"@type":"ImageObject","inLanguage":"es","@id":"https:\/\/www.yucatanencorto.com\/noticias\/merida-contara-con-un-padron-de-trabajadoras-del-hogar-que-laboran-en-el-municipio-para-mejorar-sus-derechos-laborales\/#primaryimage","url":"https:\/\/www.yucatanencorto.com\/noticias\/wp-content\/uploads\/2021\/02\/WhatsApp-Image-2021-02-08-at-5.14.09-PM-scaled.jpeg","contentUrl":"https:\/\/www.yucatanencorto.com\/noticias\/wp-content\/uploads\/2021\/02\/WhatsApp-Image-2021-02-08-at-5.14.09-PM-scaled.jpeg","width":768,"height":432},{"@type":"BreadcrumbList","@id":"https:\/\/www.yucatanencorto.com\/noticias\/merida-contara-con-un-padron-de-trabajadoras-del-hogar-que-laboran-en-el-municipio-para-mejorar-sus-derechos-laborales\/#breadcrumb","itemListElement":[{"@type":"ListItem","position":1,"name":"Portada","item":"https:\/\/www.yucatanencorto.com\/noticias\/"},{"@type":"ListItem","position":2,"name":"M\u00e9rida contar\u00e1 con un padr\u00f3n de trabajadoras del hogar que laboran en el Municipio para mejorar sus derechos laborales"}]},{"@type":"WebSite","@id":"https:\/\/www.yucatanencorto.com\/noticias\/#website","url":"https:\/\/www.yucatanencorto.com\/noticias\/","name":"Yucat\u00e1n en corto","description":"Noticias","potentialAction":[{"@type":"SearchAction","target":{"@type":"EntryPoint","urlTemplate":"https:\/\/www.yucatanencorto.com\/noticias\/?s={search_term_string}"},"query-input":{"@type":"PropertyValueSpecification","valueRequired":true,"valueName":"search_term_string"}}],"inLanguage":"es"},{"@type":"Person","@id":"https:\/\/www.yucatanencorto.com\/noticias\/#\/schema\/person\/14f82d355225a1f4075dd84a31f45a72","name":"Yucat\u00e1n en Corto FC","image":{"@type":"ImageObject","inLanguage":"es","@id":"https:\/\/secure.gravatar.com\/avatar\/147d4b30cd728c53c29c49a3f7834dedca33707f4cd259761355846009a88250?s=96&d=mm&r=g","url":"https:\/\/secure.gravatar.com\/avatar\/147d4b30cd728c53c29c49a3f7834dedca33707f4cd259761355846009a88250?s=96&d=mm&r=g","contentUrl":"https:\/\/secure.gravatar.com\/avatar\/147d4b30cd728c53c29c49a3f7834dedca33707f4cd259761355846009a88250?s=96&d=mm&r=g","caption":"Yucat\u00e1n en Corto FC"},"url":"https:\/\/www.yucatanencorto.com\/noticias\/author\/flor\/"}]}},"_links":{"self":[{"href":"https:\/\/www.yucatanencorto.com\/noticias\/wp-json\/wp\/v2\/posts\/70013","targetHints":{"allow":["GET"]}}],"collection":[{"href":"https:\/\/www.yucatanencorto.com\/noticias\/wp-json\/wp\/v2\/posts"}],"about":[{"href":"https:\/\/www.yucatanencorto.com\/noticias\/wp-json\/wp\/v2\/types\/post"}],"author":[{"embeddable":true,"href":"https:\/\/www.yucatanencorto.com\/noticias\/wp-json\/wp\/v2\/users\/2"}],"replies":[{"embeddable":true,"href":"https:\/\/www.yucatanencorto.com\/noticias\/wp-json\/wp\/v2\/comments?post=70013"}],"version-history":[{"count":0,"href":"https:\/\/www.yucatanencorto.com\/noticias\/wp-json\/wp\/v2\/posts\/70013\/revisions"}],"wp:featuredmedia":[{"embeddable":true,"href":"https:\/\/www.yucatanencorto.com\/noticias\/wp-json\/wp\/v2\/media\/70014"}],"wp:attachment":[{"href":"https:\/\/www.yucatanencorto.com\/noticias\/wp-json\/wp\/v2\/media?parent=70013"}],"wp:term":[{"taxonomy":"category","embeddable":true,"href":"https:\/\/www.yucatanencorto.com\/noticias\/wp-json\/wp\/v2\/categories?post=70013"},{"taxonomy":"post_tag","embeddable":true,"href":"https:\/\/www.yucatanencorto.com\/noticias\/wp-json\/wp\/v2\/tags?post=70013"}],"curies":[{"name":"wp","href":"https:\/\/api.w.org\/{rel}","templated":true}]}}