{"id":70016,"date":"2021-02-08T18:53:15","date_gmt":"2021-02-09T00:53:15","guid":{"rendered":"https:\/\/www.yucatanencorto.com\/noticias\/?p=70016"},"modified":"2021-02-08T18:54:11","modified_gmt":"2021-02-09T00:54:11","slug":"animalistas-y-la-unidad-de-proteccion-animal-de-merida-pone-fin-al-maltrato-de-una-perrita-en-jardines-de-caucel","status":"publish","type":"post","link":"https:\/\/www.yucatanencorto.com\/noticias\/animalistas-y-la-unidad-de-proteccion-animal-de-merida-pone-fin-al-maltrato-de-una-perrita-en-jardines-de-caucel\/","title":{"rendered":"Activistas y la Unidad de Protecci\u00f3n Animal de M\u00e9rida pone fin al maltrato de una perrita en Jardines de Caucel"},"content":{"rendered":"<p><img loading=\"lazy\" decoding=\"async\" class=\"alignnone size-full wp-image-70018\" src=\"https:\/\/www.yucatanencorto.com\/noticias\/wp-content\/uploads\/2021\/02\/WhatsApp-Image-2021-02-08-at-5.55.17-PM-1.jpeg\" alt=\"\" width=\"562\" height=\"550\" srcset=\"https:\/\/www.yucatanencorto.com\/noticias\/wp-content\/uploads\/2021\/02\/WhatsApp-Image-2021-02-08-at-5.55.17-PM-1.jpeg 562w, https:\/\/www.yucatanencorto.com\/noticias\/wp-content\/uploads\/2021\/02\/WhatsApp-Image-2021-02-08-at-5.55.17-PM-1-429x420.jpeg 429w\" sizes=\"auto, (max-width: 562px) 100vw, 562px\" \/><\/p>\n<p>M\u00e9rida, 8 de febrero de 2021. La colaboraci\u00f3n entre ciudadanos y autoridades es garant\u00eda de buenos resultados para el cuidado de la fauna, ya sea dom\u00e9stica o callejera, porque nos permite intervenir de manera exitosa en casos de abandono, maltrato o cualquier otra situaci\u00f3n que afecte a los animales, indic\u00f3 el alcalde Ren\u00e1n Barrera Concha.<\/p>\n<p>Un ejemplo de lo anterior es el caso de una perrita, nombrada \u201cL\u00eda\u201d, que era maltratada por su propietaria y la cual, gracias al reporte de los vecinos, hoy se encuentra en manos de especialistas que le dan los cuidados necesarios para recuperarse del da\u00f1o sufrido.<\/p>\n<p>El rescate de \u201cL\u00eda\u201d comenz\u00f3 a gestarse en un grupo de chat enfocado al cuidado de la fauna. Carmen Pay\u00e9s, integrante de ese grupo, se enter\u00f3 ah\u00ed de una perrita en Jardines de Caucel, que se encontraba atada y a la intemperie durante todo el d\u00eda en una casa que parec\u00eda abandonada.<\/p>\n<p>Carmen y otros miembros de inmediato pusieron manos a la obra: levantaron la demanda correspondiente.<\/p>\n<p>\u201cEstamos gratamente sorprendidos porque en tan solo cinco d\u00edas la Unidad de Protecci\u00f3n Animal del Ayuntamiento de M\u00e9rida ya se hab\u00eda hecho cargo de la perrita, a quien nosotros \u201cbautizamos\u201d como L\u00eda\u201d, expres\u00f3.<\/p>\n<p>Coment\u00f3 que seg\u00fan los vecinos del citado fraccionamiento, la perrita llevaba cerca de dos a\u00f1os en esas condiciones e, incluso, quisieron compr\u00e1rsela a su due\u00f1a para detener el maltrato, pero \u00e9sta no acept\u00f3.<\/p>\n<p>Relat\u00f3 que luego de que la perrita fue trasladada al CEMCA, ella fue a realizar los tr\u00e1mites para que se las entregaran y entre varias personas se organizaron para reunir fondos y llevarla con una veterinaria para que la atienda en lo que le encuentran un nuevo hogar.<\/p>\n<p>\u201cHasta el momento \u201cL\u00eda\u201d sigue ingresada pues presentaba anemia severa y su comportamiento era muy agresivo, sobre todo con los hombres, pensamos que en el pasado fue muy maltratada\u201d, expres\u00f3.<\/p>\n<p>Tambi\u00e9n dijo que no saben cu\u00e1ndo ser\u00e1 dada de alta y agradeci\u00f3 a todos los que hicieron posible su rescate, desde quien movi\u00f3 en redes el caso, a la persona que se tom\u00f3 el tiempo desinteresadamente para poner las demandas, hasta quienes siguen hasta hoy con donativos para cubrir los gastos hospitalarios, que son de $120 pesos al d\u00eda.<\/p>\n<p>\u201cFui al CEMCA a recibir a L\u00eda, realic\u00e9 los tr\u00e1mites correspondientes para que nos la pudieran entregar. El personal fue muy amable y nos explicaron el trabajo que realizan. Yo tengo pocos meses de vivir en M\u00e9rida y me da gusto saber que mucha gente est\u00e1 interesada en el tema de la adopci\u00f3n\u201d, coment\u00f3.<\/p>\n<p>Asimismo, lament\u00f3 que tambi\u00e9n haya muchos casos de due\u00f1os que abandonan a sus mascotas por diversas causas.<\/p>\n<p><img loading=\"lazy\" decoding=\"async\" class=\"alignnone size-full wp-image-70017\" src=\"https:\/\/www.yucatanencorto.com\/noticias\/wp-content\/uploads\/2021\/02\/WhatsApp-Image-2021-02-08-at-5.55.17-PM-scaled.jpeg\" alt=\"\" width=\"576\" height=\"768\" srcset=\"https:\/\/www.yucatanencorto.com\/noticias\/wp-content\/uploads\/2021\/02\/WhatsApp-Image-2021-02-08-at-5.55.17-PM-scaled.jpeg 576w, https:\/\/www.yucatanencorto.com\/noticias\/wp-content\/uploads\/2021\/02\/WhatsApp-Image-2021-02-08-at-5.55.17-PM-768x1024.jpeg 768w, https:\/\/www.yucatanencorto.com\/noticias\/wp-content\/uploads\/2021\/02\/WhatsApp-Image-2021-02-08-at-5.55.17-PM-696x928.jpeg 696w, https:\/\/www.yucatanencorto.com\/noticias\/wp-content\/uploads\/2021\/02\/WhatsApp-Image-2021-02-08-at-5.55.17-PM-315x420.jpeg 315w\" sizes=\"auto, (max-width: 576px) 100vw, 576px\" \/><\/p>\n<p>El proceso para rescatar a \u201cL\u00eda\u201d, por parte de la Unidad de Protecci\u00f3n Animal (UPA), comenz\u00f3 el pasado 15 de enero, cuando recibieron la denuncia sobre una perrita que era mantenida en malas condiciones, atada y a la intemperie todo el d\u00eda.<\/p>\n<p>Luego de tener conocimiento del caso, integrantes de la (UPA) acudieron a verificar los hechos y encontraron a la perrita en mal estado. A la due\u00f1a del animal se le hizo ver que el descuido representaba tambi\u00e9n una falta administrativa al Reglamento de Protecci\u00f3n a la Fauna del Municipio de M\u00e9rida. En el lugar platicaron con la due\u00f1a del animal, para concientizarla de la gravedad del maltrato animal y exhortarla a reparar los da\u00f1os.<\/p>\n<p>D\u00edas despu\u00e9s, el 22 de enero, la misma due\u00f1a se comunica a la UPA para indicar que deseaba entregar de manera voluntaria a la perrita, ya que ahora no cuenta con los recursos econ\u00f3micos para su manutenci\u00f3n.<\/p>\n<p>De inmediato se procedi\u00f3 a trasladar a la perrita al CEMCA para su revisi\u00f3n m\u00e9dica y resguardo temporal hasta lograr su adopci\u00f3n.<\/p>\n<p>La Unidad de Protecci\u00f3n Animal da seguimiento a los reportes de animales en malas condiciones o en situaci\u00f3n de maltrato los cuales se pueden realizar por v\u00eda telef\u00f3nica al (999) 924 4000 ext. 070 o bien mediante escrito el cual se presenta de manera f\u00edsica en la calle 57 N\u00fam. 459 por 52 y 54, Col. Centro (Polic\u00eda Municipal de M\u00e9rida) de lunes a viernes de 9:00 a.m. a 3:00 p.m.<\/p>\n<div>&#8212;<\/div>\n","protected":false},"excerpt":{"rendered":"<p>M\u00e9rida, 8 de febrero de 2021. La colaboraci\u00f3n entre ciudadanos y autoridades es garant\u00eda de buenos resultados para el cuidado de la fauna, ya sea dom\u00e9stica o callejera, porque nos permite intervenir de manera exitosa en casos de abandono, maltrato o cualquier otra situaci\u00f3n que afecte a los animales, indic\u00f3 el alcalde Ren\u00e1n Barrera Concha. [&hellip;]<\/p>\n","protected":false},"author":2,"featured_media":70018,"comment_status":"closed","ping_status":"closed","sticky":false,"template":"","format":"standard","meta":{"footnotes":""},"categories":[2],"tags":[],"class_list":{"0":"post-70016","1":"post","2":"type-post","3":"status-publish","4":"format-standard","5":"has-post-thumbnail","7":"category-merida"},"yoast_head":"<!-- This site is optimized with the Yoast SEO plugin v27.4 - https:\/\/yoast.com\/product\/yoast-seo-wordpress\/ -->\n<title>Activistas y la Unidad de Protecci\u00f3n Animal de M\u00e9rida pone fin al maltrato de una perrita en Jardines de Caucel - Yucat\u00e1n en corto<\/title>\n<meta name=\"robots\" content=\"index, follow, max-snippet:-1, max-image-preview:large, max-video-preview:-1\" \/>\n<link rel=\"canonical\" href=\"https:\/\/www.yucatanencorto.com\/noticias\/animalistas-y-la-unidad-de-proteccion-animal-de-merida-pone-fin-al-maltrato-de-una-perrita-en-jardines-de-caucel\/\" \/>\n<meta property=\"og:locale\" content=\"es_ES\" \/>\n<meta property=\"og:type\" content=\"article\" \/>\n<meta property=\"og:title\" content=\"Activistas y la Unidad de Protecci\u00f3n Animal de M\u00e9rida pone fin al maltrato de una perrita en Jardines de Caucel - Yucat\u00e1n en corto\" \/>\n<meta property=\"og:description\" content=\"M\u00e9rida, 8 de febrero de 2021. La colaboraci\u00f3n entre ciudadanos y autoridades es garant\u00eda de buenos resultados para el cuidado de la fauna, ya sea dom\u00e9stica o callejera, porque nos permite intervenir de manera exitosa en casos de abandono, maltrato o cualquier otra situaci\u00f3n que afecte a los animales, indic\u00f3 el alcalde Ren\u00e1n Barrera Concha. [&hellip;]\" \/>\n<meta property=\"og:url\" content=\"https:\/\/www.yucatanencorto.com\/noticias\/animalistas-y-la-unidad-de-proteccion-animal-de-merida-pone-fin-al-maltrato-de-una-perrita-en-jardines-de-caucel\/\" \/>\n<meta property=\"og:site_name\" content=\"Yucat\u00e1n en corto\" \/>\n<meta property=\"article:publisher\" content=\"http:\/\/www.facebook.com\/yucatanencorto\" \/>\n<meta property=\"article:published_time\" content=\"2021-02-09T00:53:15+00:00\" \/>\n<meta property=\"article:modified_time\" content=\"2021-02-09T00:54:11+00:00\" \/>\n<meta property=\"og:image\" content=\"https:\/\/www.yucatanencorto.com\/noticias\/wp-content\/uploads\/2021\/02\/WhatsApp-Image-2021-02-08-at-5.55.17-PM-1.jpeg\" \/>\n\t<meta property=\"og:image:width\" content=\"562\" \/>\n\t<meta property=\"og:image:height\" content=\"550\" \/>\n\t<meta property=\"og:image:type\" content=\"image\/jpeg\" \/>\n<meta name=\"author\" content=\"Yucat\u00e1n en Corto FC\" \/>\n<meta name=\"twitter:card\" content=\"summary_large_image\" \/>\n<meta name=\"twitter:creator\" content=\"@yucatanencorto\" \/>\n<meta name=\"twitter:site\" content=\"@yucatanencorto\" \/>\n<meta name=\"twitter:label1\" content=\"Escrito por\" \/>\n\t<meta name=\"twitter:data1\" content=\"Yucat\u00e1n en Corto FC\" \/>\n\t<meta name=\"twitter:label2\" content=\"Tiempo de lectura\" \/>\n\t<meta name=\"twitter:data2\" content=\"4 minutos\" \/>\n<script type=\"application\/ld+json\" class=\"yoast-schema-graph\">{\"@context\":\"https:\\\/\\\/schema.org\",\"@graph\":[{\"@type\":\"Article\",\"@id\":\"https:\\\/\\\/www.yucatanencorto.com\\\/noticias\\\/animalistas-y-la-unidad-de-proteccion-animal-de-merida-pone-fin-al-maltrato-de-una-perrita-en-jardines-de-caucel\\\/#article\",\"isPartOf\":{\"@id\":\"https:\\\/\\\/www.yucatanencorto.com\\\/noticias\\\/animalistas-y-la-unidad-de-proteccion-animal-de-merida-pone-fin-al-maltrato-de-una-perrita-en-jardines-de-caucel\\\/\"},\"author\":{\"name\":\"Yucat\u00e1n en Corto FC\",\"@id\":\"https:\\\/\\\/www.yucatanencorto.com\\\/noticias\\\/#\\\/schema\\\/person\\\/14f82d355225a1f4075dd84a31f45a72\"},\"headline\":\"Activistas y la Unidad de Protecci\u00f3n Animal de M\u00e9rida pone fin al maltrato de una perrita en Jardines de Caucel\",\"datePublished\":\"2021-02-09T00:53:15+00:00\",\"dateModified\":\"2021-02-09T00:54:11+00:00\",\"mainEntityOfPage\":{\"@id\":\"https:\\\/\\\/www.yucatanencorto.com\\\/noticias\\\/animalistas-y-la-unidad-de-proteccion-animal-de-merida-pone-fin-al-maltrato-de-una-perrita-en-jardines-de-caucel\\\/\"},\"wordCount\":755,\"image\":{\"@id\":\"https:\\\/\\\/www.yucatanencorto.com\\\/noticias\\\/animalistas-y-la-unidad-de-proteccion-animal-de-merida-pone-fin-al-maltrato-de-una-perrita-en-jardines-de-caucel\\\/#primaryimage\"},\"thumbnailUrl\":\"https:\\\/\\\/www.yucatanencorto.com\\\/noticias\\\/wp-content\\\/uploads\\\/2021\\\/02\\\/WhatsApp-Image-2021-02-08-at-5.55.17-PM-1.jpeg\",\"articleSection\":[\"M\u00e9rida\"],\"inLanguage\":\"es\"},{\"@type\":\"WebPage\",\"@id\":\"https:\\\/\\\/www.yucatanencorto.com\\\/noticias\\\/animalistas-y-la-unidad-de-proteccion-animal-de-merida-pone-fin-al-maltrato-de-una-perrita-en-jardines-de-caucel\\\/\",\"url\":\"https:\\\/\\\/www.yucatanencorto.com\\\/noticias\\\/animalistas-y-la-unidad-de-proteccion-animal-de-merida-pone-fin-al-maltrato-de-una-perrita-en-jardines-de-caucel\\\/\",\"name\":\"Activistas y la Unidad de Protecci\u00f3n Animal de M\u00e9rida pone fin al maltrato de una perrita en Jardines de Caucel - Yucat\u00e1n en corto\",\"isPartOf\":{\"@id\":\"https:\\\/\\\/www.yucatanencorto.com\\\/noticias\\\/#website\"},\"primaryImageOfPage\":{\"@id\":\"https:\\\/\\\/www.yucatanencorto.com\\\/noticias\\\/animalistas-y-la-unidad-de-proteccion-animal-de-merida-pone-fin-al-maltrato-de-una-perrita-en-jardines-de-caucel\\\/#primaryimage\"},\"image\":{\"@id\":\"https:\\\/\\\/www.yucatanencorto.com\\\/noticias\\\/animalistas-y-la-unidad-de-proteccion-animal-de-merida-pone-fin-al-maltrato-de-una-perrita-en-jardines-de-caucel\\\/#primaryimage\"},\"thumbnailUrl\":\"https:\\\/\\\/www.yucatanencorto.com\\\/noticias\\\/wp-content\\\/uploads\\\/2021\\\/02\\\/WhatsApp-Image-2021-02-08-at-5.55.17-PM-1.jpeg\",\"datePublished\":\"2021-02-09T00:53:15+00:00\",\"dateModified\":\"2021-02-09T00:54:11+00:00\",\"author\":{\"@id\":\"https:\\\/\\\/www.yucatanencorto.com\\\/noticias\\\/#\\\/schema\\\/person\\\/14f82d355225a1f4075dd84a31f45a72\"},\"breadcrumb\":{\"@id\":\"https:\\\/\\\/www.yucatanencorto.com\\\/noticias\\\/animalistas-y-la-unidad-de-proteccion-animal-de-merida-pone-fin-al-maltrato-de-una-perrita-en-jardines-de-caucel\\\/#breadcrumb\"},\"inLanguage\":\"es\",\"potentialAction\":[{\"@type\":\"ReadAction\",\"target\":[\"https:\\\/\\\/www.yucatanencorto.com\\\/noticias\\\/animalistas-y-la-unidad-de-proteccion-animal-de-merida-pone-fin-al-maltrato-de-una-perrita-en-jardines-de-caucel\\\/\"]}]},{\"@type\":\"ImageObject\",\"inLanguage\":\"es\",\"@id\":\"https:\\\/\\\/www.yucatanencorto.com\\\/noticias\\\/animalistas-y-la-unidad-de-proteccion-animal-de-merida-pone-fin-al-maltrato-de-una-perrita-en-jardines-de-caucel\\\/#primaryimage\",\"url\":\"https:\\\/\\\/www.yucatanencorto.com\\\/noticias\\\/wp-content\\\/uploads\\\/2021\\\/02\\\/WhatsApp-Image-2021-02-08-at-5.55.17-PM-1.jpeg\",\"contentUrl\":\"https:\\\/\\\/www.yucatanencorto.com\\\/noticias\\\/wp-content\\\/uploads\\\/2021\\\/02\\\/WhatsApp-Image-2021-02-08-at-5.55.17-PM-1.jpeg\",\"width\":562,\"height\":550},{\"@type\":\"BreadcrumbList\",\"@id\":\"https:\\\/\\\/www.yucatanencorto.com\\\/noticias\\\/animalistas-y-la-unidad-de-proteccion-animal-de-merida-pone-fin-al-maltrato-de-una-perrita-en-jardines-de-caucel\\\/#breadcrumb\",\"itemListElement\":[{\"@type\":\"ListItem\",\"position\":1,\"name\":\"Portada\",\"item\":\"https:\\\/\\\/www.yucatanencorto.com\\\/noticias\\\/\"},{\"@type\":\"ListItem\",\"position\":2,\"name\":\"Activistas y la Unidad de Protecci\u00f3n Animal de M\u00e9rida pone fin al maltrato de una perrita en Jardines de Caucel\"}]},{\"@type\":\"WebSite\",\"@id\":\"https:\\\/\\\/www.yucatanencorto.com\\\/noticias\\\/#website\",\"url\":\"https:\\\/\\\/www.yucatanencorto.com\\\/noticias\\\/\",\"name\":\"Yucat\u00e1n en corto\",\"description\":\"Noticias\",\"potentialAction\":[{\"@type\":\"SearchAction\",\"target\":{\"@type\":\"EntryPoint\",\"urlTemplate\":\"https:\\\/\\\/www.yucatanencorto.com\\\/noticias\\\/?s={search_term_string}\"},\"query-input\":{\"@type\":\"PropertyValueSpecification\",\"valueRequired\":true,\"valueName\":\"search_term_string\"}}],\"inLanguage\":\"es\"},{\"@type\":\"Person\",\"@id\":\"https:\\\/\\\/www.yucatanencorto.com\\\/noticias\\\/#\\\/schema\\\/person\\\/14f82d355225a1f4075dd84a31f45a72\",\"name\":\"Yucat\u00e1n en Corto FC\",\"image\":{\"@type\":\"ImageObject\",\"inLanguage\":\"es\",\"@id\":\"https:\\\/\\\/secure.gravatar.com\\\/avatar\\\/147d4b30cd728c53c29c49a3f7834dedca33707f4cd259761355846009a88250?s=96&d=mm&r=g\",\"url\":\"https:\\\/\\\/secure.gravatar.com\\\/avatar\\\/147d4b30cd728c53c29c49a3f7834dedca33707f4cd259761355846009a88250?s=96&d=mm&r=g\",\"contentUrl\":\"https:\\\/\\\/secure.gravatar.com\\\/avatar\\\/147d4b30cd728c53c29c49a3f7834dedca33707f4cd259761355846009a88250?s=96&d=mm&r=g\",\"caption\":\"Yucat\u00e1n en Corto FC\"},\"url\":\"https:\\\/\\\/www.yucatanencorto.com\\\/noticias\\\/author\\\/flor\\\/\"}]}<\/script>\n<!-- \/ Yoast SEO plugin. -->","yoast_head_json":{"title":"Activistas y la Unidad de Protecci\u00f3n Animal de M\u00e9rida pone fin al maltrato de una perrita en Jardines de Caucel - Yucat\u00e1n en corto","robots":{"index":"index","follow":"follow","max-snippet":"max-snippet:-1","max-image-preview":"max-image-preview:large","max-video-preview":"max-video-preview:-1"},"canonical":"https:\/\/www.yucatanencorto.com\/noticias\/animalistas-y-la-unidad-de-proteccion-animal-de-merida-pone-fin-al-maltrato-de-una-perrita-en-jardines-de-caucel\/","og_locale":"es_ES","og_type":"article","og_title":"Activistas y la Unidad de Protecci\u00f3n Animal de M\u00e9rida pone fin al maltrato de una perrita en Jardines de Caucel - Yucat\u00e1n en corto","og_description":"M\u00e9rida, 8 de febrero de 2021. La colaboraci\u00f3n entre ciudadanos y autoridades es garant\u00eda de buenos resultados para el cuidado de la fauna, ya sea dom\u00e9stica o callejera, porque nos permite intervenir de manera exitosa en casos de abandono, maltrato o cualquier otra situaci\u00f3n que afecte a los animales, indic\u00f3 el alcalde Ren\u00e1n Barrera Concha. [&hellip;]","og_url":"https:\/\/www.yucatanencorto.com\/noticias\/animalistas-y-la-unidad-de-proteccion-animal-de-merida-pone-fin-al-maltrato-de-una-perrita-en-jardines-de-caucel\/","og_site_name":"Yucat\u00e1n en corto","article_publisher":"http:\/\/www.facebook.com\/yucatanencorto","article_published_time":"2021-02-09T00:53:15+00:00","article_modified_time":"2021-02-09T00:54:11+00:00","og_image":[{"width":562,"height":550,"url":"https:\/\/www.yucatanencorto.com\/noticias\/wp-content\/uploads\/2021\/02\/WhatsApp-Image-2021-02-08-at-5.55.17-PM-1.jpeg","type":"image\/jpeg"}],"author":"Yucat\u00e1n en Corto FC","twitter_card":"summary_large_image","twitter_creator":"@yucatanencorto","twitter_site":"@yucatanencorto","twitter_misc":{"Escrito por":"Yucat\u00e1n en Corto FC","Tiempo de lectura":"4 minutos"},"schema":{"@context":"https:\/\/schema.org","@graph":[{"@type":"Article","@id":"https:\/\/www.yucatanencorto.com\/noticias\/animalistas-y-la-unidad-de-proteccion-animal-de-merida-pone-fin-al-maltrato-de-una-perrita-en-jardines-de-caucel\/#article","isPartOf":{"@id":"https:\/\/www.yucatanencorto.com\/noticias\/animalistas-y-la-unidad-de-proteccion-animal-de-merida-pone-fin-al-maltrato-de-una-perrita-en-jardines-de-caucel\/"},"author":{"name":"Yucat\u00e1n en Corto FC","@id":"https:\/\/www.yucatanencorto.com\/noticias\/#\/schema\/person\/14f82d355225a1f4075dd84a31f45a72"},"headline":"Activistas y la Unidad de Protecci\u00f3n Animal de M\u00e9rida pone fin al maltrato de una perrita en Jardines de Caucel","datePublished":"2021-02-09T00:53:15+00:00","dateModified":"2021-02-09T00:54:11+00:00","mainEntityOfPage":{"@id":"https:\/\/www.yucatanencorto.com\/noticias\/animalistas-y-la-unidad-de-proteccion-animal-de-merida-pone-fin-al-maltrato-de-una-perrita-en-jardines-de-caucel\/"},"wordCount":755,"image":{"@id":"https:\/\/www.yucatanencorto.com\/noticias\/animalistas-y-la-unidad-de-proteccion-animal-de-merida-pone-fin-al-maltrato-de-una-perrita-en-jardines-de-caucel\/#primaryimage"},"thumbnailUrl":"https:\/\/www.yucatanencorto.com\/noticias\/wp-content\/uploads\/2021\/02\/WhatsApp-Image-2021-02-08-at-5.55.17-PM-1.jpeg","articleSection":["M\u00e9rida"],"inLanguage":"es"},{"@type":"WebPage","@id":"https:\/\/www.yucatanencorto.com\/noticias\/animalistas-y-la-unidad-de-proteccion-animal-de-merida-pone-fin-al-maltrato-de-una-perrita-en-jardines-de-caucel\/","url":"https:\/\/www.yucatanencorto.com\/noticias\/animalistas-y-la-unidad-de-proteccion-animal-de-merida-pone-fin-al-maltrato-de-una-perrita-en-jardines-de-caucel\/","name":"Activistas y la Unidad de Protecci\u00f3n Animal de M\u00e9rida pone fin al maltrato de una perrita en Jardines de Caucel - Yucat\u00e1n en corto","isPartOf":{"@id":"https:\/\/www.yucatanencorto.com\/noticias\/#website"},"primaryImageOfPage":{"@id":"https:\/\/www.yucatanencorto.com\/noticias\/animalistas-y-la-unidad-de-proteccion-animal-de-merida-pone-fin-al-maltrato-de-una-perrita-en-jardines-de-caucel\/#primaryimage"},"image":{"@id":"https:\/\/www.yucatanencorto.com\/noticias\/animalistas-y-la-unidad-de-proteccion-animal-de-merida-pone-fin-al-maltrato-de-una-perrita-en-jardines-de-caucel\/#primaryimage"},"thumbnailUrl":"https:\/\/www.yucatanencorto.com\/noticias\/wp-content\/uploads\/2021\/02\/WhatsApp-Image-2021-02-08-at-5.55.17-PM-1.jpeg","datePublished":"2021-02-09T00:53:15+00:00","dateModified":"2021-02-09T00:54:11+00:00","author":{"@id":"https:\/\/www.yucatanencorto.com\/noticias\/#\/schema\/person\/14f82d355225a1f4075dd84a31f45a72"},"breadcrumb":{"@id":"https:\/\/www.yucatanencorto.com\/noticias\/animalistas-y-la-unidad-de-proteccion-animal-de-merida-pone-fin-al-maltrato-de-una-perrita-en-jardines-de-caucel\/#breadcrumb"},"inLanguage":"es","potentialAction":[{"@type":"ReadAction","target":["https:\/\/www.yucatanencorto.com\/noticias\/animalistas-y-la-unidad-de-proteccion-animal-de-merida-pone-fin-al-maltrato-de-una-perrita-en-jardines-de-caucel\/"]}]},{"@type":"ImageObject","inLanguage":"es","@id":"https:\/\/www.yucatanencorto.com\/noticias\/animalistas-y-la-unidad-de-proteccion-animal-de-merida-pone-fin-al-maltrato-de-una-perrita-en-jardines-de-caucel\/#primaryimage","url":"https:\/\/www.yucatanencorto.com\/noticias\/wp-content\/uploads\/2021\/02\/WhatsApp-Image-2021-02-08-at-5.55.17-PM-1.jpeg","contentUrl":"https:\/\/www.yucatanencorto.com\/noticias\/wp-content\/uploads\/2021\/02\/WhatsApp-Image-2021-02-08-at-5.55.17-PM-1.jpeg","width":562,"height":550},{"@type":"BreadcrumbList","@id":"https:\/\/www.yucatanencorto.com\/noticias\/animalistas-y-la-unidad-de-proteccion-animal-de-merida-pone-fin-al-maltrato-de-una-perrita-en-jardines-de-caucel\/#breadcrumb","itemListElement":[{"@type":"ListItem","position":1,"name":"Portada","item":"https:\/\/www.yucatanencorto.com\/noticias\/"},{"@type":"ListItem","position":2,"name":"Activistas y la Unidad de Protecci\u00f3n Animal de M\u00e9rida pone fin al maltrato de una perrita en Jardines de Caucel"}]},{"@type":"WebSite","@id":"https:\/\/www.yucatanencorto.com\/noticias\/#website","url":"https:\/\/www.yucatanencorto.com\/noticias\/","name":"Yucat\u00e1n en corto","description":"Noticias","potentialAction":[{"@type":"SearchAction","target":{"@type":"EntryPoint","urlTemplate":"https:\/\/www.yucatanencorto.com\/noticias\/?s={search_term_string}"},"query-input":{"@type":"PropertyValueSpecification","valueRequired":true,"valueName":"search_term_string"}}],"inLanguage":"es"},{"@type":"Person","@id":"https:\/\/www.yucatanencorto.com\/noticias\/#\/schema\/person\/14f82d355225a1f4075dd84a31f45a72","name":"Yucat\u00e1n en Corto FC","image":{"@type":"ImageObject","inLanguage":"es","@id":"https:\/\/secure.gravatar.com\/avatar\/147d4b30cd728c53c29c49a3f7834dedca33707f4cd259761355846009a88250?s=96&d=mm&r=g","url":"https:\/\/secure.gravatar.com\/avatar\/147d4b30cd728c53c29c49a3f7834dedca33707f4cd259761355846009a88250?s=96&d=mm&r=g","contentUrl":"https:\/\/secure.gravatar.com\/avatar\/147d4b30cd728c53c29c49a3f7834dedca33707f4cd259761355846009a88250?s=96&d=mm&r=g","caption":"Yucat\u00e1n en Corto FC"},"url":"https:\/\/www.yucatanencorto.com\/noticias\/author\/flor\/"}]}},"_links":{"self":[{"href":"https:\/\/www.yucatanencorto.com\/noticias\/wp-json\/wp\/v2\/posts\/70016","targetHints":{"allow":["GET"]}}],"collection":[{"href":"https:\/\/www.yucatanencorto.com\/noticias\/wp-json\/wp\/v2\/posts"}],"about":[{"href":"https:\/\/www.yucatanencorto.com\/noticias\/wp-json\/wp\/v2\/types\/post"}],"author":[{"embeddable":true,"href":"https:\/\/www.yucatanencorto.com\/noticias\/wp-json\/wp\/v2\/users\/2"}],"replies":[{"embeddable":true,"href":"https:\/\/www.yucatanencorto.com\/noticias\/wp-json\/wp\/v2\/comments?post=70016"}],"version-history":[{"count":0,"href":"https:\/\/www.yucatanencorto.com\/noticias\/wp-json\/wp\/v2\/posts\/70016\/revisions"}],"wp:featuredmedia":[{"embeddable":true,"href":"https:\/\/www.yucatanencorto.com\/noticias\/wp-json\/wp\/v2\/media\/70018"}],"wp:attachment":[{"href":"https:\/\/www.yucatanencorto.com\/noticias\/wp-json\/wp\/v2\/media?parent=70016"}],"wp:term":[{"taxonomy":"category","embeddable":true,"href":"https:\/\/www.yucatanencorto.com\/noticias\/wp-json\/wp\/v2\/categories?post=70016"},{"taxonomy":"post_tag","embeddable":true,"href":"https:\/\/www.yucatanencorto.com\/noticias\/wp-json\/wp\/v2\/tags?post=70016"}],"curies":[{"name":"wp","href":"https:\/\/api.w.org\/{rel}","templated":true}]}}