{"id":70028,"date":"2021-02-09T20:46:58","date_gmt":"2021-02-10T02:46:58","guid":{"rendered":"https:\/\/www.yucatanencorto.com\/noticias\/?p=70028"},"modified":"2021-02-09T20:46:58","modified_gmt":"2021-02-10T02:46:58","slug":"autoridades-visitan-el-archivo-general-del-estado-acervo-que-resguarda-la-historia-documental-de-yucatan","status":"publish","type":"post","link":"https:\/\/www.yucatanencorto.com\/noticias\/autoridades-visitan-el-archivo-general-del-estado-acervo-que-resguarda-la-historia-documental-de-yucatan\/","title":{"rendered":"Autoridades visitan el Archivo General del Estado,  acervo que resguarda la historia documental de Yucat\u00e1n"},"content":{"rendered":"<div dir=\"ltr\">\n<p><span data-removefontsize=\"true\" data-originalcomputedfontsize=\"16\"><img loading=\"lazy\" decoding=\"async\" class=\"alignnone size-full wp-image-70030\" src=\"https:\/\/www.yucatanencorto.com\/noticias\/wp-content\/uploads\/2021\/02\/0ADE89B4-ED5A-41CA-B73B-1E49EE9829F4-scaled.jpeg\" alt=\"\" width=\"768\" height=\"512\" srcset=\"https:\/\/www.yucatanencorto.com\/noticias\/wp-content\/uploads\/2021\/02\/0ADE89B4-ED5A-41CA-B73B-1E49EE9829F4-scaled.jpeg 768w, https:\/\/www.yucatanencorto.com\/noticias\/wp-content\/uploads\/2021\/02\/0ADE89B4-ED5A-41CA-B73B-1E49EE9829F4-696x464.jpeg 696w, https:\/\/www.yucatanencorto.com\/noticias\/wp-content\/uploads\/2021\/02\/0ADE89B4-ED5A-41CA-B73B-1E49EE9829F4-1068x712.jpeg 1068w, https:\/\/www.yucatanencorto.com\/noticias\/wp-content\/uploads\/2021\/02\/0ADE89B4-ED5A-41CA-B73B-1E49EE9829F4-630x420.jpeg 630w\" sizes=\"auto, (max-width: 768px) 100vw, 768px\" \/>M\u00e9rida, Yucat\u00e1n, 9 de febrero de 2021.- El Gobernador Mauricio Vila Dosal realiz\u00f3 este d\u00eda un recorrido por las instalaciones del Archivo General del Estado (AGEY), importante acervo que resguarda 20 millones de documentos relacionados con la vida social, pol\u00edtica y econ\u00f3mica de Yucat\u00e1n, por lo que representa una ventana abierta a la historia del estado que puede ser consultada por el p\u00fablico en general.<\/span><\/p>\n<p>&nbsp;<\/p>\n<p><span data-removefontsize=\"true\" data-originalcomputedfontsize=\"16\">Acompa\u00f1ado del investigador Jos\u00e9 Luis Vargas Aguilar y la directora del AGEY, Paloma Angulo Su\u00e1rez, Vila Dosal visit\u00f3 cada una de las \u00e1reas que integran este recinto, en las que salud\u00f3 a los trabajadores que con su labor diaria contribuyen a conservar la memoria hist\u00f3rica de Yucat\u00e1n, quienes resaltaron que \u00e9sta es la primera vez en los \u00faltimos 20 a\u00f1os que un Gobernador acude a este lugar.<\/span><\/p>\n<p>&nbsp;<\/p>\n<p><span data-removefontsize=\"true\" data-originalcomputedfontsize=\"16\">Durante el paso del Gobernador por las instalaciones del Archivo, Angulo Su\u00e1rez explic\u00f3 que en este recinto se resguarda el documento m\u00e1s antiguo del estado, que se trata del registro de una propiedad que se hizo en el a\u00f1o de 1633, as\u00ed como otros documentos de alto valor hist\u00f3rico que pueden ser del inter\u00e9s de los yucatecos.<\/span><\/p>\n<p>&nbsp;<\/p>\n<p><span data-removefontsize=\"true\" data-originalcomputedfontsize=\"16\">En el AGEY, Vila Dosal recorri\u00f3 las \u00e1reas de archivo de concentraci\u00f3n, que es donde se reciben los documentos que genera todas las dependencias del Gobierno del Estado y otras instancias; de archivo hist\u00f3rico, inform\u00e1tica y restauraci\u00f3n, as\u00ed como la de consulta al p\u00fablico, en donde constat\u00f3 los procesos que se llevan a cabo y observ\u00f3 documentos, como un copiado de decreto del Gobernador Miguel Barbachano de 1849.<\/span><\/p>\n<p>&nbsp;<\/p>\n<p><span data-removefontsize=\"true\" data-originalcomputedfontsize=\"16\">El Gobernador tambi\u00e9n pudo apreciar las Constituciones de Yucat\u00e1n de 1825, siendo Gobernador Antonio L\u00f3pez de Santa Anna, y la de 1918, siendo Gobernador el General Salvador Alvarado, las cuales se exhiben en el vest\u00edbulo del Archivo, pero que tambi\u00e9n podr\u00edan formar parte de exposiciones que se mostrar\u00edan, m\u00e1s adelante, al p\u00fablico en otros recintos.<\/span><\/p>\n<p>&nbsp;<\/p>\n<p><span data-removefontsize=\"true\" data-originalcomputedfontsize=\"16\">Tambi\u00e9n llam\u00f3 la atenci\u00f3n de Vila Dosal un documento que data de 1904 sobre las disposiciones sanitarias que implement\u00f3 la Junta Suprema de Sanidad ante la epidemia de fiebre amarilla que se registr\u00f3 en Yucat\u00e1n.<\/span><\/p>\n<p>&nbsp;<\/p>\n<p><span data-removefontsize=\"true\" data-originalcomputedfontsize=\"16\">En una pl\u00e1tica con los colaboradores del AGEY, el Gobernador escuch\u00f3 atentamente los planteamientos hechos por estos sobre los documentos de valor hist\u00f3rico y las formas en que se podr\u00edan acercar al p\u00fablico, entre las que destacaron las exposiciones en museos o edificios p\u00fablicos, as\u00ed como las consultas de manera virtual.<\/span><\/p>\n<p><img loading=\"lazy\" decoding=\"async\" class=\"alignnone size-full wp-image-70029\" src=\"https:\/\/www.yucatanencorto.com\/noticias\/wp-content\/uploads\/2021\/02\/26E71DC3-6BEB-4AB8-87E8-8BFCF8F6D369-scaled.jpeg\" alt=\"\" width=\"768\" height=\"512\" srcset=\"https:\/\/www.yucatanencorto.com\/noticias\/wp-content\/uploads\/2021\/02\/26E71DC3-6BEB-4AB8-87E8-8BFCF8F6D369-scaled.jpeg 768w, https:\/\/www.yucatanencorto.com\/noticias\/wp-content\/uploads\/2021\/02\/26E71DC3-6BEB-4AB8-87E8-8BFCF8F6D369-696x464.jpeg 696w, https:\/\/www.yucatanencorto.com\/noticias\/wp-content\/uploads\/2021\/02\/26E71DC3-6BEB-4AB8-87E8-8BFCF8F6D369-1068x712.jpeg 1068w, https:\/\/www.yucatanencorto.com\/noticias\/wp-content\/uploads\/2021\/02\/26E71DC3-6BEB-4AB8-87E8-8BFCF8F6D369-630x420.jpeg 630w\" sizes=\"auto, (max-width: 768px) 100vw, 768px\" \/><\/p>\n<p><span data-removefontsize=\"true\" data-originalcomputedfontsize=\"16\">Los trabajadores propusieron que se podr\u00edan exhibir documentos relacionados a temas como los censos, los Ayuntamientos, el primer cuadro de la ciudad de M\u00e9rida, de pandemias y enfermedades como el c\u00f3lera que lleg\u00f3 a Yucat\u00e1n en 1833, sobre la Escuela Normal Rodolfo Men\u00e9ndez de la Pe\u00f1a, los ferrocarriles, los 200 a\u00f1os de trabajo legislativo en el Congreso del Estado, entre otros.<\/span><\/p>\n<p>&nbsp;<\/p>\n<p><span data-removefontsize=\"true\" data-originalcomputedfontsize=\"16\">Al respecto, Vila Dosal instruy\u00f3 a la directora del AGEY a trabajar en conjunto con el investigador Jos\u00e9 Luis Vargas Aguilar, exdirector de la Facultad de Derecho de la Universidad Aut\u00f3noma de Yucat\u00e1n (UADY), en un proyecto de difusi\u00f3n para que m\u00e1s yucatecos puedan tener acceso a este amplio archivo documental.<\/span><\/p>\n<p>&nbsp;<\/p>\n<p><span data-removefontsize=\"true\" data-originalcomputedfontsize=\"16\">De igual forma, el Gobernador inform\u00f3 que trabajar\u00e1 con Angulo Su\u00e1rez para avanzar m\u00e1s en el proceso de digitalizaci\u00f3n del archivo, a fin de que estos documentos se puedan conservar y tambi\u00e9n consultar a trav\u00e9s de las nuevas tecnolog\u00edas.<\/span><\/p>\n<p>&nbsp;<\/p>\n<p><span data-removefontsize=\"true\" data-originalcomputedfontsize=\"16\">Por \u00faltimo, Vila Dosal visit\u00f3 el \u00e1rea de restauraci\u00f3n de documentos, en donde de modo artesanal se rescatan muchos de esto, labor a cargo de especialistas, como Miriam del Socorro Cervantes Morales, quien tiene m\u00e1s de 29 a\u00f1os de prestar sus servicios en el AGEY.<\/span><\/p>\n<p>&nbsp;<\/p>\n<p><span data-removefontsize=\"true\" data-originalcomputedfontsize=\"16\">\u201cEstoy muy contenta que venga a visitarnos, que viene a ver qu\u00e9 es lo que estamos haciendo y c\u00f3mo trabajamos para conservar la memoria hist\u00f3rica de nuestro estado. Es la primera vez en los \u00faltimos 20 a\u00f1os que un Gobernador viene a vernos\u201d, expres\u00f3 la mujer durante su encuentro con el Gobernador, a quien le explic\u00f3 la forma en la que realiza su labor.<\/span><\/p>\n<\/div>\n","protected":false},"excerpt":{"rendered":"<p>M\u00e9rida, Yucat\u00e1n, 9 de febrero de 2021.- El Gobernador Mauricio Vila Dosal realiz\u00f3 este d\u00eda un recorrido por las instalaciones del Archivo General del Estado (AGEY), importante acervo que resguarda 20 millones de documentos relacionados con la vida social, pol\u00edtica y econ\u00f3mica de Yucat\u00e1n, por lo que representa una ventana abierta a la historia del [&hellip;]<\/p>\n","protected":false},"author":2,"featured_media":70030,"comment_status":"closed","ping_status":"closed","sticky":false,"template":"","format":"standard","meta":{"footnotes":""},"categories":[3],"tags":[],"class_list":{"0":"post-70028","1":"post","2":"type-post","3":"status-publish","4":"format-standard","5":"has-post-thumbnail","7":"category-yucatan"},"yoast_head":"<!-- This site is optimized with the Yoast SEO plugin v27.4 - https:\/\/yoast.com\/product\/yoast-seo-wordpress\/ -->\n<title>Autoridades visitan el Archivo General del Estado, acervo que resguarda la historia documental de Yucat\u00e1n - Yucat\u00e1n en corto<\/title>\n<meta name=\"robots\" content=\"index, follow, max-snippet:-1, max-image-preview:large, max-video-preview:-1\" \/>\n<link rel=\"canonical\" href=\"https:\/\/www.yucatanencorto.com\/noticias\/autoridades-visitan-el-archivo-general-del-estado-acervo-que-resguarda-la-historia-documental-de-yucatan\/\" \/>\n<meta property=\"og:locale\" content=\"es_ES\" \/>\n<meta property=\"og:type\" content=\"article\" \/>\n<meta property=\"og:title\" content=\"Autoridades visitan el Archivo General del Estado, acervo que resguarda la historia documental de Yucat\u00e1n - Yucat\u00e1n en corto\" \/>\n<meta property=\"og:description\" content=\"M\u00e9rida, Yucat\u00e1n, 9 de febrero de 2021.- El Gobernador Mauricio Vila Dosal realiz\u00f3 este d\u00eda un recorrido por las instalaciones del Archivo General del Estado (AGEY), importante acervo que resguarda 20 millones de documentos relacionados con la vida social, pol\u00edtica y econ\u00f3mica de Yucat\u00e1n, por lo que representa una ventana abierta a la historia del [&hellip;]\" \/>\n<meta property=\"og:url\" content=\"https:\/\/www.yucatanencorto.com\/noticias\/autoridades-visitan-el-archivo-general-del-estado-acervo-que-resguarda-la-historia-documental-de-yucatan\/\" \/>\n<meta property=\"og:site_name\" content=\"Yucat\u00e1n en corto\" \/>\n<meta property=\"article:publisher\" content=\"http:\/\/www.facebook.com\/yucatanencorto\" \/>\n<meta property=\"article:published_time\" content=\"2021-02-10T02:46:58+00:00\" \/>\n<meta property=\"og:image\" content=\"https:\/\/www.yucatanencorto.com\/noticias\/wp-content\/uploads\/2021\/02\/0ADE89B4-ED5A-41CA-B73B-1E49EE9829F4-scaled.jpeg\" \/>\n\t<meta property=\"og:image:width\" content=\"768\" \/>\n\t<meta property=\"og:image:height\" content=\"512\" \/>\n\t<meta property=\"og:image:type\" content=\"image\/jpeg\" \/>\n<meta name=\"author\" content=\"Yucat\u00e1n en Corto FC\" \/>\n<meta name=\"twitter:card\" content=\"summary_large_image\" \/>\n<meta name=\"twitter:creator\" content=\"@yucatanencorto\" \/>\n<meta name=\"twitter:site\" content=\"@yucatanencorto\" \/>\n<meta name=\"twitter:label1\" content=\"Escrito por\" \/>\n\t<meta name=\"twitter:data1\" content=\"Yucat\u00e1n en Corto FC\" \/>\n\t<meta name=\"twitter:label2\" content=\"Tiempo de lectura\" \/>\n\t<meta name=\"twitter:data2\" content=\"4 minutos\" \/>\n<script type=\"application\/ld+json\" class=\"yoast-schema-graph\">{\"@context\":\"https:\\\/\\\/schema.org\",\"@graph\":[{\"@type\":\"Article\",\"@id\":\"https:\\\/\\\/www.yucatanencorto.com\\\/noticias\\\/autoridades-visitan-el-archivo-general-del-estado-acervo-que-resguarda-la-historia-documental-de-yucatan\\\/#article\",\"isPartOf\":{\"@id\":\"https:\\\/\\\/www.yucatanencorto.com\\\/noticias\\\/autoridades-visitan-el-archivo-general-del-estado-acervo-que-resguarda-la-historia-documental-de-yucatan\\\/\"},\"author\":{\"name\":\"Yucat\u00e1n en Corto FC\",\"@id\":\"https:\\\/\\\/www.yucatanencorto.com\\\/noticias\\\/#\\\/schema\\\/person\\\/14f82d355225a1f4075dd84a31f45a72\"},\"headline\":\"Autoridades visitan el Archivo General del Estado, acervo que resguarda la historia documental de Yucat\u00e1n\",\"datePublished\":\"2021-02-10T02:46:58+00:00\",\"mainEntityOfPage\":{\"@id\":\"https:\\\/\\\/www.yucatanencorto.com\\\/noticias\\\/autoridades-visitan-el-archivo-general-del-estado-acervo-que-resguarda-la-historia-documental-de-yucatan\\\/\"},\"wordCount\":734,\"image\":{\"@id\":\"https:\\\/\\\/www.yucatanencorto.com\\\/noticias\\\/autoridades-visitan-el-archivo-general-del-estado-acervo-que-resguarda-la-historia-documental-de-yucatan\\\/#primaryimage\"},\"thumbnailUrl\":\"https:\\\/\\\/www.yucatanencorto.com\\\/noticias\\\/wp-content\\\/uploads\\\/2021\\\/02\\\/0ADE89B4-ED5A-41CA-B73B-1E49EE9829F4-scaled.jpeg\",\"articleSection\":[\"Yucat\u00e1n\"],\"inLanguage\":\"es\"},{\"@type\":\"WebPage\",\"@id\":\"https:\\\/\\\/www.yucatanencorto.com\\\/noticias\\\/autoridades-visitan-el-archivo-general-del-estado-acervo-que-resguarda-la-historia-documental-de-yucatan\\\/\",\"url\":\"https:\\\/\\\/www.yucatanencorto.com\\\/noticias\\\/autoridades-visitan-el-archivo-general-del-estado-acervo-que-resguarda-la-historia-documental-de-yucatan\\\/\",\"name\":\"Autoridades visitan el Archivo General del Estado, acervo que resguarda la historia documental de Yucat\u00e1n - Yucat\u00e1n en corto\",\"isPartOf\":{\"@id\":\"https:\\\/\\\/www.yucatanencorto.com\\\/noticias\\\/#website\"},\"primaryImageOfPage\":{\"@id\":\"https:\\\/\\\/www.yucatanencorto.com\\\/noticias\\\/autoridades-visitan-el-archivo-general-del-estado-acervo-que-resguarda-la-historia-documental-de-yucatan\\\/#primaryimage\"},\"image\":{\"@id\":\"https:\\\/\\\/www.yucatanencorto.com\\\/noticias\\\/autoridades-visitan-el-archivo-general-del-estado-acervo-que-resguarda-la-historia-documental-de-yucatan\\\/#primaryimage\"},\"thumbnailUrl\":\"https:\\\/\\\/www.yucatanencorto.com\\\/noticias\\\/wp-content\\\/uploads\\\/2021\\\/02\\\/0ADE89B4-ED5A-41CA-B73B-1E49EE9829F4-scaled.jpeg\",\"datePublished\":\"2021-02-10T02:46:58+00:00\",\"author\":{\"@id\":\"https:\\\/\\\/www.yucatanencorto.com\\\/noticias\\\/#\\\/schema\\\/person\\\/14f82d355225a1f4075dd84a31f45a72\"},\"breadcrumb\":{\"@id\":\"https:\\\/\\\/www.yucatanencorto.com\\\/noticias\\\/autoridades-visitan-el-archivo-general-del-estado-acervo-que-resguarda-la-historia-documental-de-yucatan\\\/#breadcrumb\"},\"inLanguage\":\"es\",\"potentialAction\":[{\"@type\":\"ReadAction\",\"target\":[\"https:\\\/\\\/www.yucatanencorto.com\\\/noticias\\\/autoridades-visitan-el-archivo-general-del-estado-acervo-que-resguarda-la-historia-documental-de-yucatan\\\/\"]}]},{\"@type\":\"ImageObject\",\"inLanguage\":\"es\",\"@id\":\"https:\\\/\\\/www.yucatanencorto.com\\\/noticias\\\/autoridades-visitan-el-archivo-general-del-estado-acervo-que-resguarda-la-historia-documental-de-yucatan\\\/#primaryimage\",\"url\":\"https:\\\/\\\/www.yucatanencorto.com\\\/noticias\\\/wp-content\\\/uploads\\\/2021\\\/02\\\/0ADE89B4-ED5A-41CA-B73B-1E49EE9829F4-scaled.jpeg\",\"contentUrl\":\"https:\\\/\\\/www.yucatanencorto.com\\\/noticias\\\/wp-content\\\/uploads\\\/2021\\\/02\\\/0ADE89B4-ED5A-41CA-B73B-1E49EE9829F4-scaled.jpeg\",\"width\":768,\"height\":512},{\"@type\":\"BreadcrumbList\",\"@id\":\"https:\\\/\\\/www.yucatanencorto.com\\\/noticias\\\/autoridades-visitan-el-archivo-general-del-estado-acervo-que-resguarda-la-historia-documental-de-yucatan\\\/#breadcrumb\",\"itemListElement\":[{\"@type\":\"ListItem\",\"position\":1,\"name\":\"Portada\",\"item\":\"https:\\\/\\\/www.yucatanencorto.com\\\/noticias\\\/\"},{\"@type\":\"ListItem\",\"position\":2,\"name\":\"Autoridades visitan el Archivo General del Estado, acervo que resguarda la historia documental de Yucat\u00e1n\"}]},{\"@type\":\"WebSite\",\"@id\":\"https:\\\/\\\/www.yucatanencorto.com\\\/noticias\\\/#website\",\"url\":\"https:\\\/\\\/www.yucatanencorto.com\\\/noticias\\\/\",\"name\":\"Yucat\u00e1n en corto\",\"description\":\"Noticias\",\"potentialAction\":[{\"@type\":\"SearchAction\",\"target\":{\"@type\":\"EntryPoint\",\"urlTemplate\":\"https:\\\/\\\/www.yucatanencorto.com\\\/noticias\\\/?s={search_term_string}\"},\"query-input\":{\"@type\":\"PropertyValueSpecification\",\"valueRequired\":true,\"valueName\":\"search_term_string\"}}],\"inLanguage\":\"es\"},{\"@type\":\"Person\",\"@id\":\"https:\\\/\\\/www.yucatanencorto.com\\\/noticias\\\/#\\\/schema\\\/person\\\/14f82d355225a1f4075dd84a31f45a72\",\"name\":\"Yucat\u00e1n en Corto FC\",\"image\":{\"@type\":\"ImageObject\",\"inLanguage\":\"es\",\"@id\":\"https:\\\/\\\/secure.gravatar.com\\\/avatar\\\/147d4b30cd728c53c29c49a3f7834dedca33707f4cd259761355846009a88250?s=96&d=mm&r=g\",\"url\":\"https:\\\/\\\/secure.gravatar.com\\\/avatar\\\/147d4b30cd728c53c29c49a3f7834dedca33707f4cd259761355846009a88250?s=96&d=mm&r=g\",\"contentUrl\":\"https:\\\/\\\/secure.gravatar.com\\\/avatar\\\/147d4b30cd728c53c29c49a3f7834dedca33707f4cd259761355846009a88250?s=96&d=mm&r=g\",\"caption\":\"Yucat\u00e1n en Corto FC\"},\"url\":\"https:\\\/\\\/www.yucatanencorto.com\\\/noticias\\\/author\\\/flor\\\/\"}]}<\/script>\n<!-- \/ Yoast SEO plugin. -->","yoast_head_json":{"title":"Autoridades visitan el Archivo General del Estado, acervo que resguarda la historia documental de Yucat\u00e1n - Yucat\u00e1n en corto","robots":{"index":"index","follow":"follow","max-snippet":"max-snippet:-1","max-image-preview":"max-image-preview:large","max-video-preview":"max-video-preview:-1"},"canonical":"https:\/\/www.yucatanencorto.com\/noticias\/autoridades-visitan-el-archivo-general-del-estado-acervo-que-resguarda-la-historia-documental-de-yucatan\/","og_locale":"es_ES","og_type":"article","og_title":"Autoridades visitan el Archivo General del Estado, acervo que resguarda la historia documental de Yucat\u00e1n - Yucat\u00e1n en corto","og_description":"M\u00e9rida, Yucat\u00e1n, 9 de febrero de 2021.- El Gobernador Mauricio Vila Dosal realiz\u00f3 este d\u00eda un recorrido por las instalaciones del Archivo General del Estado (AGEY), importante acervo que resguarda 20 millones de documentos relacionados con la vida social, pol\u00edtica y econ\u00f3mica de Yucat\u00e1n, por lo que representa una ventana abierta a la historia del [&hellip;]","og_url":"https:\/\/www.yucatanencorto.com\/noticias\/autoridades-visitan-el-archivo-general-del-estado-acervo-que-resguarda-la-historia-documental-de-yucatan\/","og_site_name":"Yucat\u00e1n en corto","article_publisher":"http:\/\/www.facebook.com\/yucatanencorto","article_published_time":"2021-02-10T02:46:58+00:00","og_image":[{"width":768,"height":512,"url":"https:\/\/www.yucatanencorto.com\/noticias\/wp-content\/uploads\/2021\/02\/0ADE89B4-ED5A-41CA-B73B-1E49EE9829F4-scaled.jpeg","type":"image\/jpeg"}],"author":"Yucat\u00e1n en Corto FC","twitter_card":"summary_large_image","twitter_creator":"@yucatanencorto","twitter_site":"@yucatanencorto","twitter_misc":{"Escrito por":"Yucat\u00e1n en Corto FC","Tiempo de lectura":"4 minutos"},"schema":{"@context":"https:\/\/schema.org","@graph":[{"@type":"Article","@id":"https:\/\/www.yucatanencorto.com\/noticias\/autoridades-visitan-el-archivo-general-del-estado-acervo-que-resguarda-la-historia-documental-de-yucatan\/#article","isPartOf":{"@id":"https:\/\/www.yucatanencorto.com\/noticias\/autoridades-visitan-el-archivo-general-del-estado-acervo-que-resguarda-la-historia-documental-de-yucatan\/"},"author":{"name":"Yucat\u00e1n en Corto FC","@id":"https:\/\/www.yucatanencorto.com\/noticias\/#\/schema\/person\/14f82d355225a1f4075dd84a31f45a72"},"headline":"Autoridades visitan el Archivo General del Estado, acervo que resguarda la historia documental de Yucat\u00e1n","datePublished":"2021-02-10T02:46:58+00:00","mainEntityOfPage":{"@id":"https:\/\/www.yucatanencorto.com\/noticias\/autoridades-visitan-el-archivo-general-del-estado-acervo-que-resguarda-la-historia-documental-de-yucatan\/"},"wordCount":734,"image":{"@id":"https:\/\/www.yucatanencorto.com\/noticias\/autoridades-visitan-el-archivo-general-del-estado-acervo-que-resguarda-la-historia-documental-de-yucatan\/#primaryimage"},"thumbnailUrl":"https:\/\/www.yucatanencorto.com\/noticias\/wp-content\/uploads\/2021\/02\/0ADE89B4-ED5A-41CA-B73B-1E49EE9829F4-scaled.jpeg","articleSection":["Yucat\u00e1n"],"inLanguage":"es"},{"@type":"WebPage","@id":"https:\/\/www.yucatanencorto.com\/noticias\/autoridades-visitan-el-archivo-general-del-estado-acervo-que-resguarda-la-historia-documental-de-yucatan\/","url":"https:\/\/www.yucatanencorto.com\/noticias\/autoridades-visitan-el-archivo-general-del-estado-acervo-que-resguarda-la-historia-documental-de-yucatan\/","name":"Autoridades visitan el Archivo General del Estado, acervo que resguarda la historia documental de Yucat\u00e1n - Yucat\u00e1n en corto","isPartOf":{"@id":"https:\/\/www.yucatanencorto.com\/noticias\/#website"},"primaryImageOfPage":{"@id":"https:\/\/www.yucatanencorto.com\/noticias\/autoridades-visitan-el-archivo-general-del-estado-acervo-que-resguarda-la-historia-documental-de-yucatan\/#primaryimage"},"image":{"@id":"https:\/\/www.yucatanencorto.com\/noticias\/autoridades-visitan-el-archivo-general-del-estado-acervo-que-resguarda-la-historia-documental-de-yucatan\/#primaryimage"},"thumbnailUrl":"https:\/\/www.yucatanencorto.com\/noticias\/wp-content\/uploads\/2021\/02\/0ADE89B4-ED5A-41CA-B73B-1E49EE9829F4-scaled.jpeg","datePublished":"2021-02-10T02:46:58+00:00","author":{"@id":"https:\/\/www.yucatanencorto.com\/noticias\/#\/schema\/person\/14f82d355225a1f4075dd84a31f45a72"},"breadcrumb":{"@id":"https:\/\/www.yucatanencorto.com\/noticias\/autoridades-visitan-el-archivo-general-del-estado-acervo-que-resguarda-la-historia-documental-de-yucatan\/#breadcrumb"},"inLanguage":"es","potentialAction":[{"@type":"ReadAction","target":["https:\/\/www.yucatanencorto.com\/noticias\/autoridades-visitan-el-archivo-general-del-estado-acervo-que-resguarda-la-historia-documental-de-yucatan\/"]}]},{"@type":"ImageObject","inLanguage":"es","@id":"https:\/\/www.yucatanencorto.com\/noticias\/autoridades-visitan-el-archivo-general-del-estado-acervo-que-resguarda-la-historia-documental-de-yucatan\/#primaryimage","url":"https:\/\/www.yucatanencorto.com\/noticias\/wp-content\/uploads\/2021\/02\/0ADE89B4-ED5A-41CA-B73B-1E49EE9829F4-scaled.jpeg","contentUrl":"https:\/\/www.yucatanencorto.com\/noticias\/wp-content\/uploads\/2021\/02\/0ADE89B4-ED5A-41CA-B73B-1E49EE9829F4-scaled.jpeg","width":768,"height":512},{"@type":"BreadcrumbList","@id":"https:\/\/www.yucatanencorto.com\/noticias\/autoridades-visitan-el-archivo-general-del-estado-acervo-que-resguarda-la-historia-documental-de-yucatan\/#breadcrumb","itemListElement":[{"@type":"ListItem","position":1,"name":"Portada","item":"https:\/\/www.yucatanencorto.com\/noticias\/"},{"@type":"ListItem","position":2,"name":"Autoridades visitan el Archivo General del Estado, acervo que resguarda la historia documental de Yucat\u00e1n"}]},{"@type":"WebSite","@id":"https:\/\/www.yucatanencorto.com\/noticias\/#website","url":"https:\/\/www.yucatanencorto.com\/noticias\/","name":"Yucat\u00e1n en corto","description":"Noticias","potentialAction":[{"@type":"SearchAction","target":{"@type":"EntryPoint","urlTemplate":"https:\/\/www.yucatanencorto.com\/noticias\/?s={search_term_string}"},"query-input":{"@type":"PropertyValueSpecification","valueRequired":true,"valueName":"search_term_string"}}],"inLanguage":"es"},{"@type":"Person","@id":"https:\/\/www.yucatanencorto.com\/noticias\/#\/schema\/person\/14f82d355225a1f4075dd84a31f45a72","name":"Yucat\u00e1n en Corto FC","image":{"@type":"ImageObject","inLanguage":"es","@id":"https:\/\/secure.gravatar.com\/avatar\/147d4b30cd728c53c29c49a3f7834dedca33707f4cd259761355846009a88250?s=96&d=mm&r=g","url":"https:\/\/secure.gravatar.com\/avatar\/147d4b30cd728c53c29c49a3f7834dedca33707f4cd259761355846009a88250?s=96&d=mm&r=g","contentUrl":"https:\/\/secure.gravatar.com\/avatar\/147d4b30cd728c53c29c49a3f7834dedca33707f4cd259761355846009a88250?s=96&d=mm&r=g","caption":"Yucat\u00e1n en Corto FC"},"url":"https:\/\/www.yucatanencorto.com\/noticias\/author\/flor\/"}]}},"_links":{"self":[{"href":"https:\/\/www.yucatanencorto.com\/noticias\/wp-json\/wp\/v2\/posts\/70028","targetHints":{"allow":["GET"]}}],"collection":[{"href":"https:\/\/www.yucatanencorto.com\/noticias\/wp-json\/wp\/v2\/posts"}],"about":[{"href":"https:\/\/www.yucatanencorto.com\/noticias\/wp-json\/wp\/v2\/types\/post"}],"author":[{"embeddable":true,"href":"https:\/\/www.yucatanencorto.com\/noticias\/wp-json\/wp\/v2\/users\/2"}],"replies":[{"embeddable":true,"href":"https:\/\/www.yucatanencorto.com\/noticias\/wp-json\/wp\/v2\/comments?post=70028"}],"version-history":[{"count":0,"href":"https:\/\/www.yucatanencorto.com\/noticias\/wp-json\/wp\/v2\/posts\/70028\/revisions"}],"wp:featuredmedia":[{"embeddable":true,"href":"https:\/\/www.yucatanencorto.com\/noticias\/wp-json\/wp\/v2\/media\/70030"}],"wp:attachment":[{"href":"https:\/\/www.yucatanencorto.com\/noticias\/wp-json\/wp\/v2\/media?parent=70028"}],"wp:term":[{"taxonomy":"category","embeddable":true,"href":"https:\/\/www.yucatanencorto.com\/noticias\/wp-json\/wp\/v2\/categories?post=70028"},{"taxonomy":"post_tag","embeddable":true,"href":"https:\/\/www.yucatanencorto.com\/noticias\/wp-json\/wp\/v2\/tags?post=70028"}],"curies":[{"name":"wp","href":"https:\/\/api.w.org\/{rel}","templated":true}]}}