{"id":70035,"date":"2021-02-10T17:47:46","date_gmt":"2021-02-10T23:47:46","guid":{"rendered":"https:\/\/www.yucatanencorto.com\/noticias\/?p=70035"},"modified":"2021-02-10T17:47:46","modified_gmt":"2021-02-10T23:47:46","slug":"yucatan-uno-de-los-ocho-estados-del-pais-con-un-organismo-que-trabaja-por-la-inclusion","status":"publish","type":"post","link":"https:\/\/www.yucatanencorto.com\/noticias\/yucatan-uno-de-los-ocho-estados-del-pais-con-un-organismo-que-trabaja-por-la-inclusion\/","title":{"rendered":"Yucat\u00e1n, uno de los ocho estados del pa\u00eds con un organismo que trabaja por la inclusi\u00f3n"},"content":{"rendered":"<p><span data-originalfontsize=\"12pt\" data-originalcomputedfontsize=\"16\"><img loading=\"lazy\" decoding=\"async\" class=\"alignnone size-full wp-image-70036\" src=\"https:\/\/www.yucatanencorto.com\/noticias\/wp-content\/uploads\/2021\/02\/C5DE60FF-85CC-4F8C-9254-324FCD64E06A-scaled.jpeg\" alt=\"\" width=\"768\" height=\"515\" srcset=\"https:\/\/www.yucatanencorto.com\/noticias\/wp-content\/uploads\/2021\/02\/C5DE60FF-85CC-4F8C-9254-324FCD64E06A-scaled.jpeg 768w, https:\/\/www.yucatanencorto.com\/noticias\/wp-content\/uploads\/2021\/02\/C5DE60FF-85CC-4F8C-9254-324FCD64E06A-696x466.jpeg 696w, https:\/\/www.yucatanencorto.com\/noticias\/wp-content\/uploads\/2021\/02\/C5DE60FF-85CC-4F8C-9254-324FCD64E06A-627x420.jpeg 627w\" sizes=\"auto, (max-width: 768px) 100vw, 768px\" \/>M\u00e9rida, Yucat\u00e1n, 10 de febrero de 2021.- La Presea al M\u00e9rito Humano abona en Yucat\u00e1n a una sociedad m\u00e1s justa, tolerante y respetuosa de los derechos humanos, acorde con las pol\u00edticas de inclusi\u00f3n social que impulsa el Gobernador Mauricio Vila Dosal, afirm\u00f3 la titular de la Secretar\u00eda General de Gobierno (SGG), Mar\u00eda Fritz Sierra, en la entrega de dicho reconocimiento a la fundadora de la Asociaci\u00f3n Autismo \u00c1ngel IAP, Ang\u00e9lica Caamal Bastarrachea.<\/span><\/p>\n<p>&nbsp;<\/p>\n<p><span data-originalfontsize=\"12pt\" data-originalcomputedfontsize=\"16\">\u201cEn el Gobierno de Yucat\u00e1n, la igualdad, la inclusi\u00f3n social y el respeto a la diversidad son derechos prioritarios, y trabajamos en ellos de manera transversal, desde distintos \u00e1mbitos, como la educativa y la implementaci\u00f3n de diversas estrategias y acciones sustantivas para una atenci\u00f3n integral que permita mejorar la calidad de vida\u201d, puntualiz\u00f3 la funcionaria.<\/span><\/p>\n<p>&nbsp;<\/p>\n<p><span data-originalfontsize=\"12pt\" data-originalcomputedfontsize=\"16\">Con la representaci\u00f3n del mandatario estatal, Fritz Sierra entreg\u00f3 junto al presidente de la Comisi\u00f3n de los Derechos Humanos del Estado de Yucat\u00e1n (Codhey), Miguel \u00d3scar Sabido Santana, la referida distinci\u00f3n, que en su edici\u00f3n 2020, recibi\u00f3 la maestra Caamal Bastarrachea, por su permanente labor de apoyo a personas con autismo y contribuir a la promoci\u00f3n de sus derechos humanos.<\/span><\/p>\n<p>&nbsp;<\/p>\n<p><span data-originalfontsize=\"12pt\" data-originalcomputedfontsize=\"16\">La funcionaria record\u00f3 que, al inicio de la presente administraci\u00f3n del Gobernador Vila Dosal, se cre\u00f3 el Instituto para la Inclusi\u00f3n de las Personas con Discapacidad del Estado (Iipedey), por lo que Yucat\u00e1n es una de las ocho entidades del pa\u00eds que cuentan con un organismo que promueve, impulsa y trabaja por la igualdad de oportunidades, para garantizar el desarrollo de este sector de la poblaci\u00f3n.<\/span><\/p>\n<p>&nbsp;<\/p>\n<p><span data-originalfontsize=\"12pt\" data-originalcomputedfontsize=\"16\">\u201cConforme al principio de que la educaci\u00f3n es generadora de grandes cambios, se ha capacitado a m\u00e1s de cuatro mil docentes y organizado talleres para 250 m\u00e1s, en beneficio de alumnos con problemas de aprendizaje, trastornos por d\u00e9ficit de atenci\u00f3n e hiperactividad, discapacidad m\u00faltiple, auditiva y quienes presentan aptitudes sobresalientes\u201d, indic\u00f3.<\/span><\/p>\n<p>&nbsp;<\/p>\n<p><span data-originalfontsize=\"12pt\" data-originalcomputedfontsize=\"16\">La titular de la SGG dijo que, adem\u00e1s, en 53 Centros de Atenci\u00f3n M\u00faltiple y 75 Unidades de Servicios a la Educaci\u00f3n Regular, reciben atenci\u00f3n especializada ni\u00f1os, ni\u00f1as y adolescentes con alguna discapacidad y otras condiciones de aprendizaje.\u00a0<\/span><\/p>\n<p><span data-originalfontsize=\"12pt\" data-originalcomputedfontsize=\"16\">\u201cTodo ello es para hacer de Yucat\u00e1n un lugar m\u00e1s incluyente\u201d, recalc\u00f3 en la ceremonia realizada en c\u00e9ntrico hotel de esta ciudad, siguiendo los protocolos sanitarios correspondientes.<\/span><\/p>\n<p>&nbsp;<\/p>\n<p><span data-originalfontsize=\"12pt\" data-originalcomputedfontsize=\"16\">Expuso tambi\u00e9n que el Ejecutivo se suma al reconocimiento que otorga la Codhey a la maestra Rosa Ang\u00e9lica, pues \u201csu trabajo contribuye a hacer m\u00e1s visibles los problemas a los que se enfrentan las personas con autismo y, de esta forma, ayuda a concientizar a la sociedad sobre la inclusi\u00f3n\u201d.<\/span><\/p>\n<p>&nbsp;<\/p>\n<p><span data-originalfontsize=\"12pt\" data-originalcomputedfontsize=\"16\">\u201cMe permito decirle que usted es fuente de inspiraci\u00f3n para las y los yucatecos, pero, sobre todo, para nosotros, los funcionarios, que tenemos la responsabilidad de trabajar por esta causa\u201d, puntualiz\u00f3, al resaltar el desempe\u00f1o de la galardonada desde la sociedad civil, a trav\u00e9s de los a\u00f1os y con enormes sacrificios.<\/span><\/p>\n<p>&nbsp;<\/p>\n<p><span data-originalfontsize=\"12pt\" data-originalcomputedfontsize=\"16\">Por su parte, la recipiendaria ratific\u00f3 su compromiso de trabajar a favor de los derechos humanos y de las personas con diagn\u00f3stico de autismo, con el fin de que a estas se les incluya plenamente en todos los \u00e1mbitos y puedan ejercer sus garant\u00edas.<\/span><\/p>\n<p>&nbsp;<\/p>\n<p><span data-originalfontsize=\"12pt\" data-originalcomputedfontsize=\"16\">Ante representantes de los tres Poderes del Estado, as\u00ed como consejeras y consejeros de la Codhey, comparti\u00f3 que, hace 15 a\u00f1os, con un hijo autista, toc\u00f3 muchas puertas en busca de un diagn\u00f3stico oportuno, una intervenci\u00f3n terap\u00e9utica adecuada e inclusi\u00f3n escolar, pero enfrent\u00f3 muchas limitantes y barreras.\u00a0<\/span><\/p>\n<p><span data-originalfontsize=\"12pt\" data-originalcomputedfontsize=\"16\">Se\u00f1al\u00f3\u00a0que por ello, despu\u00e9s de estudiar al respecto y capacitarse con personas expertas de Argentina, Espa\u00f1a y Alemania, decidi\u00f3 fundar la Asociaci\u00f3n en 2015.<\/span><\/p>\n<p>&nbsp;<\/p>\n<p><span data-originalfontsize=\"12pt\" data-originalcomputedfontsize=\"16\">Mediante el organismo, promueve becas terap\u00e9uticas para ni\u00f1as y ni\u00f1os de escasos recursos; a trav\u00e9s de convenios, recibe apoyo de m\u00e9dicos neur\u00f3logos, psic\u00f3logos y psiquiatras, que ofrecen atenci\u00f3n m\u00e9dica y farmacol\u00f3gica de calidad, a precios accesibles. Adem\u00e1s, cre\u00f3 el Modelo de Inclusi\u00f3n Escolar \u201cABPC\u201d, actualmente aplicado con \u00e9xito en varios colegios, y fund\u00f3 el Centro de Capacitaci\u00f3n en Autismo en el Estado (Cecay).<\/span><\/p>\n<p>&nbsp;<\/p>\n<p><span data-originalfontsize=\"12pt\" data-originalcomputedfontsize=\"16\">En su intervenci\u00f3n, Sabido Santana resalt\u00f3 que este reconocimiento a la maestra coincide con el aniversario 28 de la Codhey como organismo p\u00fablico aut\u00f3nomo, cuya finalidad esencial es la protecci\u00f3n, defensa, estudio y divulgaci\u00f3n de los derechos humanos.<\/span><\/p>\n<p>&nbsp;<\/p>\n<p><span data-originalfontsize=\"12pt\" data-originalcomputedfontsize=\"16\">Acudi\u00f3 en representaci\u00f3n del Poder Legislativo el presidente de la Mesa Directiva de la LXII Legislatura del Congreso local, diputado Luis Enrique Borjas Romero; por el Judicial, Ricardo \u00c1vila Heredia, titular del Tribunal Superior de Justicia y del Consejo de la Judicatura del Estado, y del Ayuntamiento de M\u00e9rida, la s\u00edndico Diana Canto Moreno.<\/span><\/p>\n<p>&nbsp;<\/p>\n<p><span data-originalfontsize=\"12pt\" data-originalcomputedfontsize=\"16\">Finalmente, por parte de la Codhey, asistieron las y los consejeros Yuli Chapur Zahoul, Annel Rosado Lara y Jos\u00e9 Luis S\u00e1nchez Gonz\u00e1lez, as\u00ed como el secretario T\u00e9cnico de su Consejo Consultivo, Jos\u00e9 Gustavo Arjona Canto.<\/span><\/p>\n","protected":false},"excerpt":{"rendered":"<p>M\u00e9rida, Yucat\u00e1n, 10 de febrero de 2021.- La Presea al M\u00e9rito Humano abona en Yucat\u00e1n a una sociedad m\u00e1s justa, tolerante y respetuosa de los derechos humanos, acorde con las pol\u00edticas de inclusi\u00f3n social que impulsa el Gobernador Mauricio Vila Dosal, afirm\u00f3 la titular de la Secretar\u00eda General de Gobierno (SGG), Mar\u00eda Fritz Sierra, en [&hellip;]<\/p>\n","protected":false},"author":2,"featured_media":70036,"comment_status":"closed","ping_status":"closed","sticky":false,"template":"","format":"standard","meta":{"footnotes":""},"categories":[3],"tags":[],"class_list":{"0":"post-70035","1":"post","2":"type-post","3":"status-publish","4":"format-standard","5":"has-post-thumbnail","7":"category-yucatan"},"yoast_head":"<!-- This site is optimized with the Yoast SEO plugin v27.5 - https:\/\/yoast.com\/product\/yoast-seo-wordpress\/ -->\n<title>Yucat\u00e1n, uno de los ocho estados del pa\u00eds con un organismo que trabaja por la inclusi\u00f3n - Yucat\u00e1n en corto<\/title>\n<meta name=\"robots\" content=\"index, follow, max-snippet:-1, max-image-preview:large, max-video-preview:-1\" \/>\n<link rel=\"canonical\" href=\"https:\/\/www.yucatanencorto.com\/noticias\/yucatan-uno-de-los-ocho-estados-del-pais-con-un-organismo-que-trabaja-por-la-inclusion\/\" \/>\n<meta property=\"og:locale\" content=\"es_ES\" \/>\n<meta property=\"og:type\" content=\"article\" \/>\n<meta property=\"og:title\" content=\"Yucat\u00e1n, uno de los ocho estados del pa\u00eds con un organismo que trabaja por la inclusi\u00f3n - Yucat\u00e1n en corto\" \/>\n<meta property=\"og:description\" content=\"M\u00e9rida, Yucat\u00e1n, 10 de febrero de 2021.- La Presea al M\u00e9rito Humano abona en Yucat\u00e1n a una sociedad m\u00e1s justa, tolerante y respetuosa de los derechos humanos, acorde con las pol\u00edticas de inclusi\u00f3n social que impulsa el Gobernador Mauricio Vila Dosal, afirm\u00f3 la titular de la Secretar\u00eda General de Gobierno (SGG), Mar\u00eda Fritz Sierra, en [&hellip;]\" \/>\n<meta property=\"og:url\" content=\"https:\/\/www.yucatanencorto.com\/noticias\/yucatan-uno-de-los-ocho-estados-del-pais-con-un-organismo-que-trabaja-por-la-inclusion\/\" \/>\n<meta property=\"og:site_name\" content=\"Yucat\u00e1n en corto\" \/>\n<meta property=\"article:publisher\" content=\"http:\/\/www.facebook.com\/yucatanencorto\" \/>\n<meta property=\"article:published_time\" content=\"2021-02-10T23:47:46+00:00\" \/>\n<meta property=\"og:image\" content=\"https:\/\/www.yucatanencorto.com\/noticias\/wp-content\/uploads\/2021\/02\/C5DE60FF-85CC-4F8C-9254-324FCD64E06A-scaled.jpeg\" \/>\n\t<meta property=\"og:image:width\" content=\"768\" \/>\n\t<meta property=\"og:image:height\" content=\"515\" \/>\n\t<meta property=\"og:image:type\" content=\"image\/jpeg\" \/>\n<meta name=\"author\" content=\"Yucat\u00e1n en Corto FC\" \/>\n<meta name=\"twitter:card\" content=\"summary_large_image\" \/>\n<meta name=\"twitter:creator\" content=\"@yucatanencorto\" \/>\n<meta name=\"twitter:site\" content=\"@yucatanencorto\" \/>\n<meta name=\"twitter:label1\" content=\"Escrito por\" \/>\n\t<meta name=\"twitter:data1\" content=\"Yucat\u00e1n en Corto FC\" \/>\n\t<meta name=\"twitter:label2\" content=\"Tiempo de lectura\" \/>\n\t<meta name=\"twitter:data2\" content=\"4 minutos\" \/>\n<script type=\"application\/ld+json\" class=\"yoast-schema-graph\">{\"@context\":\"https:\\\/\\\/schema.org\",\"@graph\":[{\"@type\":\"Article\",\"@id\":\"https:\\\/\\\/www.yucatanencorto.com\\\/noticias\\\/yucatan-uno-de-los-ocho-estados-del-pais-con-un-organismo-que-trabaja-por-la-inclusion\\\/#article\",\"isPartOf\":{\"@id\":\"https:\\\/\\\/www.yucatanencorto.com\\\/noticias\\\/yucatan-uno-de-los-ocho-estados-del-pais-con-un-organismo-que-trabaja-por-la-inclusion\\\/\"},\"author\":{\"name\":\"Yucat\u00e1n en Corto FC\",\"@id\":\"https:\\\/\\\/www.yucatanencorto.com\\\/noticias\\\/#\\\/schema\\\/person\\\/14f82d355225a1f4075dd84a31f45a72\"},\"headline\":\"Yucat\u00e1n, uno de los ocho estados del pa\u00eds con un organismo que trabaja por la inclusi\u00f3n\",\"datePublished\":\"2021-02-10T23:47:46+00:00\",\"mainEntityOfPage\":{\"@id\":\"https:\\\/\\\/www.yucatanencorto.com\\\/noticias\\\/yucatan-uno-de-los-ocho-estados-del-pais-con-un-organismo-que-trabaja-por-la-inclusion\\\/\"},\"wordCount\":885,\"image\":{\"@id\":\"https:\\\/\\\/www.yucatanencorto.com\\\/noticias\\\/yucatan-uno-de-los-ocho-estados-del-pais-con-un-organismo-que-trabaja-por-la-inclusion\\\/#primaryimage\"},\"thumbnailUrl\":\"https:\\\/\\\/www.yucatanencorto.com\\\/noticias\\\/wp-content\\\/uploads\\\/2021\\\/02\\\/C5DE60FF-85CC-4F8C-9254-324FCD64E06A-scaled.jpeg\",\"articleSection\":[\"Yucat\u00e1n\"],\"inLanguage\":\"es\"},{\"@type\":\"WebPage\",\"@id\":\"https:\\\/\\\/www.yucatanencorto.com\\\/noticias\\\/yucatan-uno-de-los-ocho-estados-del-pais-con-un-organismo-que-trabaja-por-la-inclusion\\\/\",\"url\":\"https:\\\/\\\/www.yucatanencorto.com\\\/noticias\\\/yucatan-uno-de-los-ocho-estados-del-pais-con-un-organismo-que-trabaja-por-la-inclusion\\\/\",\"name\":\"Yucat\u00e1n, uno de los ocho estados del pa\u00eds con un organismo que trabaja por la inclusi\u00f3n - Yucat\u00e1n en corto\",\"isPartOf\":{\"@id\":\"https:\\\/\\\/www.yucatanencorto.com\\\/noticias\\\/#website\"},\"primaryImageOfPage\":{\"@id\":\"https:\\\/\\\/www.yucatanencorto.com\\\/noticias\\\/yucatan-uno-de-los-ocho-estados-del-pais-con-un-organismo-que-trabaja-por-la-inclusion\\\/#primaryimage\"},\"image\":{\"@id\":\"https:\\\/\\\/www.yucatanencorto.com\\\/noticias\\\/yucatan-uno-de-los-ocho-estados-del-pais-con-un-organismo-que-trabaja-por-la-inclusion\\\/#primaryimage\"},\"thumbnailUrl\":\"https:\\\/\\\/www.yucatanencorto.com\\\/noticias\\\/wp-content\\\/uploads\\\/2021\\\/02\\\/C5DE60FF-85CC-4F8C-9254-324FCD64E06A-scaled.jpeg\",\"datePublished\":\"2021-02-10T23:47:46+00:00\",\"author\":{\"@id\":\"https:\\\/\\\/www.yucatanencorto.com\\\/noticias\\\/#\\\/schema\\\/person\\\/14f82d355225a1f4075dd84a31f45a72\"},\"breadcrumb\":{\"@id\":\"https:\\\/\\\/www.yucatanencorto.com\\\/noticias\\\/yucatan-uno-de-los-ocho-estados-del-pais-con-un-organismo-que-trabaja-por-la-inclusion\\\/#breadcrumb\"},\"inLanguage\":\"es\",\"potentialAction\":[{\"@type\":\"ReadAction\",\"target\":[\"https:\\\/\\\/www.yucatanencorto.com\\\/noticias\\\/yucatan-uno-de-los-ocho-estados-del-pais-con-un-organismo-que-trabaja-por-la-inclusion\\\/\"]}]},{\"@type\":\"ImageObject\",\"inLanguage\":\"es\",\"@id\":\"https:\\\/\\\/www.yucatanencorto.com\\\/noticias\\\/yucatan-uno-de-los-ocho-estados-del-pais-con-un-organismo-que-trabaja-por-la-inclusion\\\/#primaryimage\",\"url\":\"https:\\\/\\\/www.yucatanencorto.com\\\/noticias\\\/wp-content\\\/uploads\\\/2021\\\/02\\\/C5DE60FF-85CC-4F8C-9254-324FCD64E06A-scaled.jpeg\",\"contentUrl\":\"https:\\\/\\\/www.yucatanencorto.com\\\/noticias\\\/wp-content\\\/uploads\\\/2021\\\/02\\\/C5DE60FF-85CC-4F8C-9254-324FCD64E06A-scaled.jpeg\",\"width\":768,\"height\":515},{\"@type\":\"BreadcrumbList\",\"@id\":\"https:\\\/\\\/www.yucatanencorto.com\\\/noticias\\\/yucatan-uno-de-los-ocho-estados-del-pais-con-un-organismo-que-trabaja-por-la-inclusion\\\/#breadcrumb\",\"itemListElement\":[{\"@type\":\"ListItem\",\"position\":1,\"name\":\"Portada\",\"item\":\"https:\\\/\\\/www.yucatanencorto.com\\\/noticias\\\/\"},{\"@type\":\"ListItem\",\"position\":2,\"name\":\"Yucat\u00e1n, uno de los ocho estados del pa\u00eds con un organismo que trabaja por la inclusi\u00f3n\"}]},{\"@type\":\"WebSite\",\"@id\":\"https:\\\/\\\/www.yucatanencorto.com\\\/noticias\\\/#website\",\"url\":\"https:\\\/\\\/www.yucatanencorto.com\\\/noticias\\\/\",\"name\":\"Yucat\u00e1n en corto\",\"description\":\"Noticias\",\"potentialAction\":[{\"@type\":\"SearchAction\",\"target\":{\"@type\":\"EntryPoint\",\"urlTemplate\":\"https:\\\/\\\/www.yucatanencorto.com\\\/noticias\\\/?s={search_term_string}\"},\"query-input\":{\"@type\":\"PropertyValueSpecification\",\"valueRequired\":true,\"valueName\":\"search_term_string\"}}],\"inLanguage\":\"es\"},{\"@type\":\"Person\",\"@id\":\"https:\\\/\\\/www.yucatanencorto.com\\\/noticias\\\/#\\\/schema\\\/person\\\/14f82d355225a1f4075dd84a31f45a72\",\"name\":\"Yucat\u00e1n en Corto FC\",\"image\":{\"@type\":\"ImageObject\",\"inLanguage\":\"es\",\"@id\":\"https:\\\/\\\/secure.gravatar.com\\\/avatar\\\/147d4b30cd728c53c29c49a3f7834dedca33707f4cd259761355846009a88250?s=96&d=mm&r=g\",\"url\":\"https:\\\/\\\/secure.gravatar.com\\\/avatar\\\/147d4b30cd728c53c29c49a3f7834dedca33707f4cd259761355846009a88250?s=96&d=mm&r=g\",\"contentUrl\":\"https:\\\/\\\/secure.gravatar.com\\\/avatar\\\/147d4b30cd728c53c29c49a3f7834dedca33707f4cd259761355846009a88250?s=96&d=mm&r=g\",\"caption\":\"Yucat\u00e1n en Corto FC\"},\"url\":\"https:\\\/\\\/www.yucatanencorto.com\\\/noticias\\\/author\\\/flor\\\/\"}]}<\/script>\n<!-- \/ Yoast SEO plugin. -->","yoast_head_json":{"title":"Yucat\u00e1n, uno de los ocho estados del pa\u00eds con un organismo que trabaja por la inclusi\u00f3n - Yucat\u00e1n en corto","robots":{"index":"index","follow":"follow","max-snippet":"max-snippet:-1","max-image-preview":"max-image-preview:large","max-video-preview":"max-video-preview:-1"},"canonical":"https:\/\/www.yucatanencorto.com\/noticias\/yucatan-uno-de-los-ocho-estados-del-pais-con-un-organismo-que-trabaja-por-la-inclusion\/","og_locale":"es_ES","og_type":"article","og_title":"Yucat\u00e1n, uno de los ocho estados del pa\u00eds con un organismo que trabaja por la inclusi\u00f3n - Yucat\u00e1n en corto","og_description":"M\u00e9rida, Yucat\u00e1n, 10 de febrero de 2021.- La Presea al M\u00e9rito Humano abona en Yucat\u00e1n a una sociedad m\u00e1s justa, tolerante y respetuosa de los derechos humanos, acorde con las pol\u00edticas de inclusi\u00f3n social que impulsa el Gobernador Mauricio Vila Dosal, afirm\u00f3 la titular de la Secretar\u00eda General de Gobierno (SGG), Mar\u00eda Fritz Sierra, en [&hellip;]","og_url":"https:\/\/www.yucatanencorto.com\/noticias\/yucatan-uno-de-los-ocho-estados-del-pais-con-un-organismo-que-trabaja-por-la-inclusion\/","og_site_name":"Yucat\u00e1n en corto","article_publisher":"http:\/\/www.facebook.com\/yucatanencorto","article_published_time":"2021-02-10T23:47:46+00:00","og_image":[{"width":768,"height":515,"url":"https:\/\/www.yucatanencorto.com\/noticias\/wp-content\/uploads\/2021\/02\/C5DE60FF-85CC-4F8C-9254-324FCD64E06A-scaled.jpeg","type":"image\/jpeg"}],"author":"Yucat\u00e1n en Corto FC","twitter_card":"summary_large_image","twitter_creator":"@yucatanencorto","twitter_site":"@yucatanencorto","twitter_misc":{"Escrito por":"Yucat\u00e1n en Corto FC","Tiempo de lectura":"4 minutos"},"schema":{"@context":"https:\/\/schema.org","@graph":[{"@type":"Article","@id":"https:\/\/www.yucatanencorto.com\/noticias\/yucatan-uno-de-los-ocho-estados-del-pais-con-un-organismo-que-trabaja-por-la-inclusion\/#article","isPartOf":{"@id":"https:\/\/www.yucatanencorto.com\/noticias\/yucatan-uno-de-los-ocho-estados-del-pais-con-un-organismo-que-trabaja-por-la-inclusion\/"},"author":{"name":"Yucat\u00e1n en Corto FC","@id":"https:\/\/www.yucatanencorto.com\/noticias\/#\/schema\/person\/14f82d355225a1f4075dd84a31f45a72"},"headline":"Yucat\u00e1n, uno de los ocho estados del pa\u00eds con un organismo que trabaja por la inclusi\u00f3n","datePublished":"2021-02-10T23:47:46+00:00","mainEntityOfPage":{"@id":"https:\/\/www.yucatanencorto.com\/noticias\/yucatan-uno-de-los-ocho-estados-del-pais-con-un-organismo-que-trabaja-por-la-inclusion\/"},"wordCount":885,"image":{"@id":"https:\/\/www.yucatanencorto.com\/noticias\/yucatan-uno-de-los-ocho-estados-del-pais-con-un-organismo-que-trabaja-por-la-inclusion\/#primaryimage"},"thumbnailUrl":"https:\/\/www.yucatanencorto.com\/noticias\/wp-content\/uploads\/2021\/02\/C5DE60FF-85CC-4F8C-9254-324FCD64E06A-scaled.jpeg","articleSection":["Yucat\u00e1n"],"inLanguage":"es"},{"@type":"WebPage","@id":"https:\/\/www.yucatanencorto.com\/noticias\/yucatan-uno-de-los-ocho-estados-del-pais-con-un-organismo-que-trabaja-por-la-inclusion\/","url":"https:\/\/www.yucatanencorto.com\/noticias\/yucatan-uno-de-los-ocho-estados-del-pais-con-un-organismo-que-trabaja-por-la-inclusion\/","name":"Yucat\u00e1n, uno de los ocho estados del pa\u00eds con un organismo que trabaja por la inclusi\u00f3n - Yucat\u00e1n en corto","isPartOf":{"@id":"https:\/\/www.yucatanencorto.com\/noticias\/#website"},"primaryImageOfPage":{"@id":"https:\/\/www.yucatanencorto.com\/noticias\/yucatan-uno-de-los-ocho-estados-del-pais-con-un-organismo-que-trabaja-por-la-inclusion\/#primaryimage"},"image":{"@id":"https:\/\/www.yucatanencorto.com\/noticias\/yucatan-uno-de-los-ocho-estados-del-pais-con-un-organismo-que-trabaja-por-la-inclusion\/#primaryimage"},"thumbnailUrl":"https:\/\/www.yucatanencorto.com\/noticias\/wp-content\/uploads\/2021\/02\/C5DE60FF-85CC-4F8C-9254-324FCD64E06A-scaled.jpeg","datePublished":"2021-02-10T23:47:46+00:00","author":{"@id":"https:\/\/www.yucatanencorto.com\/noticias\/#\/schema\/person\/14f82d355225a1f4075dd84a31f45a72"},"breadcrumb":{"@id":"https:\/\/www.yucatanencorto.com\/noticias\/yucatan-uno-de-los-ocho-estados-del-pais-con-un-organismo-que-trabaja-por-la-inclusion\/#breadcrumb"},"inLanguage":"es","potentialAction":[{"@type":"ReadAction","target":["https:\/\/www.yucatanencorto.com\/noticias\/yucatan-uno-de-los-ocho-estados-del-pais-con-un-organismo-que-trabaja-por-la-inclusion\/"]}]},{"@type":"ImageObject","inLanguage":"es","@id":"https:\/\/www.yucatanencorto.com\/noticias\/yucatan-uno-de-los-ocho-estados-del-pais-con-un-organismo-que-trabaja-por-la-inclusion\/#primaryimage","url":"https:\/\/www.yucatanencorto.com\/noticias\/wp-content\/uploads\/2021\/02\/C5DE60FF-85CC-4F8C-9254-324FCD64E06A-scaled.jpeg","contentUrl":"https:\/\/www.yucatanencorto.com\/noticias\/wp-content\/uploads\/2021\/02\/C5DE60FF-85CC-4F8C-9254-324FCD64E06A-scaled.jpeg","width":768,"height":515},{"@type":"BreadcrumbList","@id":"https:\/\/www.yucatanencorto.com\/noticias\/yucatan-uno-de-los-ocho-estados-del-pais-con-un-organismo-que-trabaja-por-la-inclusion\/#breadcrumb","itemListElement":[{"@type":"ListItem","position":1,"name":"Portada","item":"https:\/\/www.yucatanencorto.com\/noticias\/"},{"@type":"ListItem","position":2,"name":"Yucat\u00e1n, uno de los ocho estados del pa\u00eds con un organismo que trabaja por la inclusi\u00f3n"}]},{"@type":"WebSite","@id":"https:\/\/www.yucatanencorto.com\/noticias\/#website","url":"https:\/\/www.yucatanencorto.com\/noticias\/","name":"Yucat\u00e1n en corto","description":"Noticias","potentialAction":[{"@type":"SearchAction","target":{"@type":"EntryPoint","urlTemplate":"https:\/\/www.yucatanencorto.com\/noticias\/?s={search_term_string}"},"query-input":{"@type":"PropertyValueSpecification","valueRequired":true,"valueName":"search_term_string"}}],"inLanguage":"es"},{"@type":"Person","@id":"https:\/\/www.yucatanencorto.com\/noticias\/#\/schema\/person\/14f82d355225a1f4075dd84a31f45a72","name":"Yucat\u00e1n en Corto FC","image":{"@type":"ImageObject","inLanguage":"es","@id":"https:\/\/secure.gravatar.com\/avatar\/147d4b30cd728c53c29c49a3f7834dedca33707f4cd259761355846009a88250?s=96&d=mm&r=g","url":"https:\/\/secure.gravatar.com\/avatar\/147d4b30cd728c53c29c49a3f7834dedca33707f4cd259761355846009a88250?s=96&d=mm&r=g","contentUrl":"https:\/\/secure.gravatar.com\/avatar\/147d4b30cd728c53c29c49a3f7834dedca33707f4cd259761355846009a88250?s=96&d=mm&r=g","caption":"Yucat\u00e1n en Corto FC"},"url":"https:\/\/www.yucatanencorto.com\/noticias\/author\/flor\/"}]}},"_links":{"self":[{"href":"https:\/\/www.yucatanencorto.com\/noticias\/wp-json\/wp\/v2\/posts\/70035","targetHints":{"allow":["GET"]}}],"collection":[{"href":"https:\/\/www.yucatanencorto.com\/noticias\/wp-json\/wp\/v2\/posts"}],"about":[{"href":"https:\/\/www.yucatanencorto.com\/noticias\/wp-json\/wp\/v2\/types\/post"}],"author":[{"embeddable":true,"href":"https:\/\/www.yucatanencorto.com\/noticias\/wp-json\/wp\/v2\/users\/2"}],"replies":[{"embeddable":true,"href":"https:\/\/www.yucatanencorto.com\/noticias\/wp-json\/wp\/v2\/comments?post=70035"}],"version-history":[{"count":0,"href":"https:\/\/www.yucatanencorto.com\/noticias\/wp-json\/wp\/v2\/posts\/70035\/revisions"}],"wp:featuredmedia":[{"embeddable":true,"href":"https:\/\/www.yucatanencorto.com\/noticias\/wp-json\/wp\/v2\/media\/70036"}],"wp:attachment":[{"href":"https:\/\/www.yucatanencorto.com\/noticias\/wp-json\/wp\/v2\/media?parent=70035"}],"wp:term":[{"taxonomy":"category","embeddable":true,"href":"https:\/\/www.yucatanencorto.com\/noticias\/wp-json\/wp\/v2\/categories?post=70035"},{"taxonomy":"post_tag","embeddable":true,"href":"https:\/\/www.yucatanencorto.com\/noticias\/wp-json\/wp\/v2\/tags?post=70035"}],"curies":[{"name":"wp","href":"https:\/\/api.w.org\/{rel}","templated":true}]}}