{"id":70038,"date":"2021-02-10T19:24:23","date_gmt":"2021-02-11T01:24:23","guid":{"rendered":"https:\/\/www.yucatanencorto.com\/noticias\/?p=70038"},"modified":"2021-02-10T19:24:23","modified_gmt":"2021-02-11T01:24:23","slug":"reserva-ecologica-cuxtal-generadora-de-servicios-ambientales-indispensables-para-la-biodiversidad","status":"publish","type":"post","link":"https:\/\/www.yucatanencorto.com\/noticias\/reserva-ecologica-cuxtal-generadora-de-servicios-ambientales-indispensables-para-la-biodiversidad\/","title":{"rendered":"Reserva Ecol\u00f3gica \u201cCuxtal\u201d, generadora de servicios ambientales indispensables para la biodiversidad"},"content":{"rendered":"<p data-removefontsize=\"true\" data-originalcomputedfontsize=\"13.333333015441895\"><img loading=\"lazy\" decoding=\"async\" class=\"alignnone size-full wp-image-70039\" src=\"https:\/\/www.yucatanencorto.com\/noticias\/wp-content\/uploads\/2021\/02\/D1267AF9-0305-4B56-8DBB-E365A8B95C71-scaled.jpeg\" alt=\"\" width=\"768\" height=\"576\" srcset=\"https:\/\/www.yucatanencorto.com\/noticias\/wp-content\/uploads\/2021\/02\/D1267AF9-0305-4B56-8DBB-E365A8B95C71-scaled.jpeg 768w, https:\/\/www.yucatanencorto.com\/noticias\/wp-content\/uploads\/2021\/02\/D1267AF9-0305-4B56-8DBB-E365A8B95C71-696x522.jpeg 696w, https:\/\/www.yucatanencorto.com\/noticias\/wp-content\/uploads\/2021\/02\/D1267AF9-0305-4B56-8DBB-E365A8B95C71-1068x801.jpeg 1068w, https:\/\/www.yucatanencorto.com\/noticias\/wp-content\/uploads\/2021\/02\/D1267AF9-0305-4B56-8DBB-E365A8B95C71-560x420.jpeg 560w, https:\/\/www.yucatanencorto.com\/noticias\/wp-content\/uploads\/2021\/02\/D1267AF9-0305-4B56-8DBB-E365A8B95C71-80x60.jpeg 80w, https:\/\/www.yucatanencorto.com\/noticias\/wp-content\/uploads\/2021\/02\/D1267AF9-0305-4B56-8DBB-E365A8B95C71-265x198.jpeg 265w\" sizes=\"auto, (max-width: 768px) 100vw, 768px\" \/>M\u00e9rida, Yucat\u00e1n a\u00a0 10 de febrero de 2021.- Las reservas ecol\u00f3gicas, como es el caso de \u201cCuxtal\u201d, brindan importantes servicios ambientales que benefician tanto a los ecosistemas forestales como al ser humano y de ah\u00ed la importancia de conocer m\u00e1s sobre esos servicios y las actividades para su cuidado y conservaci\u00f3n, asegur\u00f3 Claudio Franco Chul\u00edn, especialista de la Comisi\u00f3n Nacional Forestal.<\/p>\n<p data-removefontsize=\"true\" data-originalcomputedfontsize=\"13.333333015441895\">Indic\u00f3 que dentro de los objetivos del programa institucional de la Conafor 2020-2024, se establece conservar y restaurar la capacidad de provisi\u00f3n de servicios ecosist\u00e9micos de \u00e1reas forestales estrat\u00e9gicas, mediante un enfoque incluyente y participativo que contribuya a garantizar un medio ambiente sano para el desarrollo y bienestar de la poblaci\u00f3n.<\/p>\n<p data-removefontsize=\"true\" data-originalcomputedfontsize=\"13.333333015441895\">Detall\u00f3 que los servicios ambientales de provisi\u00f3n, incluyen bienes tangibles como alimentos, madera, fibras; los de regulaci\u00f3n se refieren a procesos de regulaci\u00f3n clim\u00e1tica, control de la erosi\u00f3n; los culturales que son los bienes intangibles asociados a valores est\u00e9ticos o religiosos, y finalmente, soporte, que es la productividad primaria y conservaci\u00f3n de la biodiversidad.<\/p>\n<p data-removefontsize=\"true\" data-originalcomputedfontsize=\"13.333333015441895\">\u201cLos servicios de provisi\u00f3n o culturales se dan cuando diferentes grupos locales utilizan productos obtenidos de ecosistemas para responder a necesidades diversas como alimentaci\u00f3n, construcci\u00f3n de viviendas o medicinas, adem\u00e1s que hay grupos que atribuyen valores y sentido religioso a sitios que dependen de condiciones ambientales espec\u00edficas\u201d, precis\u00f3.<\/p>\n<p data-removefontsize=\"true\" data-originalcomputedfontsize=\"13.333333015441895\">El especialista abund\u00f3 que algunos ejemplos de servicios ambientales son la regulaci\u00f3n clim\u00e1tica, purificaci\u00f3n del agua, conformaci\u00f3n del suelo, el paisaje (en t\u00e9rminos de un valor est\u00e9tico, cultural o educativo) y la protecci\u00f3n contra eventos como huracanes y tormentas, entre otros.<\/p>\n<p data-removefontsize=\"true\" data-originalcomputedfontsize=\"13.333333015441895\">En cuanto a los servicios que ofrece la Reserva Cuxtal, puntualiz\u00f3 que la cubierta vegetal, caracterizada por la fisonom\u00eda de la vegetaci\u00f3n, sus formas de vida dominantes, altura, densidad y la composici\u00f3n de las comunidades de plantas, entre otras, son expresiones de la influencia de los factores ambientales, clima, geomorfolog\u00eda, suelos, reg\u00edmenes de perturbaci\u00f3n e influencia humana, en la configuraci\u00f3n del paisaje.<\/p>\n<p data-removefontsize=\"true\" data-originalcomputedfontsize=\"13.333333015441895\">\u201cLa vegetaci\u00f3n influye a su vez, a trav\u00e9s de interacciones biof\u00edsicas, en las condiciones del clima y en la formaci\u00f3n de suelos, en las condiciones del h\u00e1bitat de la fauna silvestre y la biota del suelo, y tambi\u00e9n en la disponibilidad de recursos y la generaci\u00f3n de servicios ecosist\u00e9micos de los cuales dependen las sociedades humanas\u201c, abund\u00f3.<\/p>\n<p data-removefontsize=\"true\" data-originalcomputedfontsize=\"13.333333015441895\">Indic\u00f3 que de acuerdo con los datos del Inventario Estatal Forestal y de Suelos Yucat\u00e1n 2013, y con base al Marco Geoestad\u00edstico Municipal 2010, la formaci\u00f3n forestal en el Municipio de M\u00e9rida corresponde a la de selvas (tambi\u00e9n llamados bosques tropicales) medianas con 21.0 %, las selvas bajas representan 33 %, ambas formaciones de tipo forestal son secundarias y representan el 54 %, y otras \u00e1reas no forestales con 46 %.<\/p>\n<p data-removefontsize=\"true\" data-originalcomputedfontsize=\"13.333333015441895\">En la Reserva \u201cCuxtal\u201d, precis\u00f3, esta formaci\u00f3n s\u00f3lo est\u00e1 representada por la selva mediana caducifolia, la cual se describe a continuaci\u00f3n:<\/p>\n<p data-removefontsize=\"true\" data-originalcomputedfontsize=\"13.333333015441895\">Los \u00e1rboles tienen una altura de 10 a 20 metros aproximadamente, y dejan caer sus hojas de 50 a 75 % durante la \u00e9poca seca del a\u00f1o, esto hace que los suelos donde prosperan formen una capa esponjosa de hojarasca; la pedregosidad es tambi\u00e9n otra propiedad del suelo, la cual es un factor que propicia el establecimiento de este tipo de vegetaci\u00f3n.<\/p>\n<p data-removefontsize=\"true\" data-originalcomputedfontsize=\"13.333333015441895\">Las especies arb\u00f3reas registradas con mayor frecuencia en esta comunidad son las siguientes: Piscidia piscipula, Bursera simaruba, Lysiloma latisiliquum, Pithecellobium albicans, Lonchocarpus xuul, Caesalpinia gaumeri, Acacia gaumeri, Thouinia paucidentata y Gymnopodium floribundum, seg\u00fan el censo INEGI 2009.<\/p>\n","protected":false},"excerpt":{"rendered":"<p>M\u00e9rida, Yucat\u00e1n a\u00a0 10 de febrero de 2021.- Las reservas ecol\u00f3gicas, como es el caso de \u201cCuxtal\u201d, brindan importantes servicios ambientales que benefician tanto a los ecosistemas forestales como al ser humano y de ah\u00ed la importancia de conocer m\u00e1s sobre esos servicios y las actividades para su cuidado y conservaci\u00f3n, asegur\u00f3 Claudio Franco Chul\u00edn, [&hellip;]<\/p>\n","protected":false},"author":2,"featured_media":70039,"comment_status":"closed","ping_status":"closed","sticky":false,"template":"","format":"standard","meta":{"footnotes":""},"categories":[2],"tags":[],"class_list":{"0":"post-70038","1":"post","2":"type-post","3":"status-publish","4":"format-standard","5":"has-post-thumbnail","7":"category-merida"},"yoast_head":"<!-- This site is optimized with the Yoast SEO plugin v27.5 - https:\/\/yoast.com\/product\/yoast-seo-wordpress\/ -->\n<title>Reserva Ecol\u00f3gica \u201cCuxtal\u201d, generadora de servicios ambientales indispensables para la biodiversidad - Yucat\u00e1n en corto<\/title>\n<meta name=\"robots\" content=\"index, follow, max-snippet:-1, max-image-preview:large, max-video-preview:-1\" \/>\n<link rel=\"canonical\" href=\"https:\/\/www.yucatanencorto.com\/noticias\/reserva-ecologica-cuxtal-generadora-de-servicios-ambientales-indispensables-para-la-biodiversidad\/\" \/>\n<meta property=\"og:locale\" content=\"es_ES\" \/>\n<meta property=\"og:type\" content=\"article\" \/>\n<meta property=\"og:title\" content=\"Reserva Ecol\u00f3gica \u201cCuxtal\u201d, generadora de servicios ambientales indispensables para la biodiversidad - Yucat\u00e1n en corto\" \/>\n<meta property=\"og:description\" content=\"M\u00e9rida, Yucat\u00e1n a\u00a0 10 de febrero de 2021.- Las reservas ecol\u00f3gicas, como es el caso de \u201cCuxtal\u201d, brindan importantes servicios ambientales que benefician tanto a los ecosistemas forestales como al ser humano y de ah\u00ed la importancia de conocer m\u00e1s sobre esos servicios y las actividades para su cuidado y conservaci\u00f3n, asegur\u00f3 Claudio Franco Chul\u00edn, [&hellip;]\" \/>\n<meta property=\"og:url\" content=\"https:\/\/www.yucatanencorto.com\/noticias\/reserva-ecologica-cuxtal-generadora-de-servicios-ambientales-indispensables-para-la-biodiversidad\/\" \/>\n<meta property=\"og:site_name\" content=\"Yucat\u00e1n en corto\" \/>\n<meta property=\"article:publisher\" content=\"http:\/\/www.facebook.com\/yucatanencorto\" \/>\n<meta property=\"article:published_time\" content=\"2021-02-11T01:24:23+00:00\" \/>\n<meta property=\"og:image\" content=\"https:\/\/www.yucatanencorto.com\/noticias\/wp-content\/uploads\/2021\/02\/D1267AF9-0305-4B56-8DBB-E365A8B95C71-scaled.jpeg\" \/>\n\t<meta property=\"og:image:width\" content=\"768\" \/>\n\t<meta property=\"og:image:height\" content=\"576\" \/>\n\t<meta property=\"og:image:type\" content=\"image\/jpeg\" \/>\n<meta name=\"author\" content=\"Yucat\u00e1n en Corto FC\" \/>\n<meta name=\"twitter:card\" content=\"summary_large_image\" \/>\n<meta name=\"twitter:creator\" content=\"@yucatanencorto\" \/>\n<meta name=\"twitter:site\" content=\"@yucatanencorto\" \/>\n<meta name=\"twitter:label1\" content=\"Escrito por\" \/>\n\t<meta name=\"twitter:data1\" content=\"Yucat\u00e1n en Corto FC\" \/>\n\t<meta name=\"twitter:label2\" content=\"Tiempo de lectura\" \/>\n\t<meta name=\"twitter:data2\" content=\"3 minutos\" \/>\n<script type=\"application\/ld+json\" class=\"yoast-schema-graph\">{\"@context\":\"https:\\\/\\\/schema.org\",\"@graph\":[{\"@type\":\"Article\",\"@id\":\"https:\\\/\\\/www.yucatanencorto.com\\\/noticias\\\/reserva-ecologica-cuxtal-generadora-de-servicios-ambientales-indispensables-para-la-biodiversidad\\\/#article\",\"isPartOf\":{\"@id\":\"https:\\\/\\\/www.yucatanencorto.com\\\/noticias\\\/reserva-ecologica-cuxtal-generadora-de-servicios-ambientales-indispensables-para-la-biodiversidad\\\/\"},\"author\":{\"name\":\"Yucat\u00e1n en Corto FC\",\"@id\":\"https:\\\/\\\/www.yucatanencorto.com\\\/noticias\\\/#\\\/schema\\\/person\\\/14f82d355225a1f4075dd84a31f45a72\"},\"headline\":\"Reserva Ecol\u00f3gica \u201cCuxtal\u201d, generadora de servicios ambientales indispensables para la biodiversidad\",\"datePublished\":\"2021-02-11T01:24:23+00:00\",\"mainEntityOfPage\":{\"@id\":\"https:\\\/\\\/www.yucatanencorto.com\\\/noticias\\\/reserva-ecologica-cuxtal-generadora-de-servicios-ambientales-indispensables-para-la-biodiversidad\\\/\"},\"wordCount\":618,\"image\":{\"@id\":\"https:\\\/\\\/www.yucatanencorto.com\\\/noticias\\\/reserva-ecologica-cuxtal-generadora-de-servicios-ambientales-indispensables-para-la-biodiversidad\\\/#primaryimage\"},\"thumbnailUrl\":\"https:\\\/\\\/www.yucatanencorto.com\\\/noticias\\\/wp-content\\\/uploads\\\/2021\\\/02\\\/D1267AF9-0305-4B56-8DBB-E365A8B95C71-scaled.jpeg\",\"articleSection\":[\"M\u00e9rida\"],\"inLanguage\":\"es\"},{\"@type\":\"WebPage\",\"@id\":\"https:\\\/\\\/www.yucatanencorto.com\\\/noticias\\\/reserva-ecologica-cuxtal-generadora-de-servicios-ambientales-indispensables-para-la-biodiversidad\\\/\",\"url\":\"https:\\\/\\\/www.yucatanencorto.com\\\/noticias\\\/reserva-ecologica-cuxtal-generadora-de-servicios-ambientales-indispensables-para-la-biodiversidad\\\/\",\"name\":\"Reserva Ecol\u00f3gica \u201cCuxtal\u201d, generadora de servicios ambientales indispensables para la biodiversidad - Yucat\u00e1n en corto\",\"isPartOf\":{\"@id\":\"https:\\\/\\\/www.yucatanencorto.com\\\/noticias\\\/#website\"},\"primaryImageOfPage\":{\"@id\":\"https:\\\/\\\/www.yucatanencorto.com\\\/noticias\\\/reserva-ecologica-cuxtal-generadora-de-servicios-ambientales-indispensables-para-la-biodiversidad\\\/#primaryimage\"},\"image\":{\"@id\":\"https:\\\/\\\/www.yucatanencorto.com\\\/noticias\\\/reserva-ecologica-cuxtal-generadora-de-servicios-ambientales-indispensables-para-la-biodiversidad\\\/#primaryimage\"},\"thumbnailUrl\":\"https:\\\/\\\/www.yucatanencorto.com\\\/noticias\\\/wp-content\\\/uploads\\\/2021\\\/02\\\/D1267AF9-0305-4B56-8DBB-E365A8B95C71-scaled.jpeg\",\"datePublished\":\"2021-02-11T01:24:23+00:00\",\"author\":{\"@id\":\"https:\\\/\\\/www.yucatanencorto.com\\\/noticias\\\/#\\\/schema\\\/person\\\/14f82d355225a1f4075dd84a31f45a72\"},\"breadcrumb\":{\"@id\":\"https:\\\/\\\/www.yucatanencorto.com\\\/noticias\\\/reserva-ecologica-cuxtal-generadora-de-servicios-ambientales-indispensables-para-la-biodiversidad\\\/#breadcrumb\"},\"inLanguage\":\"es\",\"potentialAction\":[{\"@type\":\"ReadAction\",\"target\":[\"https:\\\/\\\/www.yucatanencorto.com\\\/noticias\\\/reserva-ecologica-cuxtal-generadora-de-servicios-ambientales-indispensables-para-la-biodiversidad\\\/\"]}]},{\"@type\":\"ImageObject\",\"inLanguage\":\"es\",\"@id\":\"https:\\\/\\\/www.yucatanencorto.com\\\/noticias\\\/reserva-ecologica-cuxtal-generadora-de-servicios-ambientales-indispensables-para-la-biodiversidad\\\/#primaryimage\",\"url\":\"https:\\\/\\\/www.yucatanencorto.com\\\/noticias\\\/wp-content\\\/uploads\\\/2021\\\/02\\\/D1267AF9-0305-4B56-8DBB-E365A8B95C71-scaled.jpeg\",\"contentUrl\":\"https:\\\/\\\/www.yucatanencorto.com\\\/noticias\\\/wp-content\\\/uploads\\\/2021\\\/02\\\/D1267AF9-0305-4B56-8DBB-E365A8B95C71-scaled.jpeg\",\"width\":768,\"height\":576},{\"@type\":\"BreadcrumbList\",\"@id\":\"https:\\\/\\\/www.yucatanencorto.com\\\/noticias\\\/reserva-ecologica-cuxtal-generadora-de-servicios-ambientales-indispensables-para-la-biodiversidad\\\/#breadcrumb\",\"itemListElement\":[{\"@type\":\"ListItem\",\"position\":1,\"name\":\"Portada\",\"item\":\"https:\\\/\\\/www.yucatanencorto.com\\\/noticias\\\/\"},{\"@type\":\"ListItem\",\"position\":2,\"name\":\"Reserva Ecol\u00f3gica \u201cCuxtal\u201d, generadora de servicios ambientales indispensables para la biodiversidad\"}]},{\"@type\":\"WebSite\",\"@id\":\"https:\\\/\\\/www.yucatanencorto.com\\\/noticias\\\/#website\",\"url\":\"https:\\\/\\\/www.yucatanencorto.com\\\/noticias\\\/\",\"name\":\"Yucat\u00e1n en corto\",\"description\":\"Noticias\",\"potentialAction\":[{\"@type\":\"SearchAction\",\"target\":{\"@type\":\"EntryPoint\",\"urlTemplate\":\"https:\\\/\\\/www.yucatanencorto.com\\\/noticias\\\/?s={search_term_string}\"},\"query-input\":{\"@type\":\"PropertyValueSpecification\",\"valueRequired\":true,\"valueName\":\"search_term_string\"}}],\"inLanguage\":\"es\"},{\"@type\":\"Person\",\"@id\":\"https:\\\/\\\/www.yucatanencorto.com\\\/noticias\\\/#\\\/schema\\\/person\\\/14f82d355225a1f4075dd84a31f45a72\",\"name\":\"Yucat\u00e1n en Corto FC\",\"image\":{\"@type\":\"ImageObject\",\"inLanguage\":\"es\",\"@id\":\"https:\\\/\\\/secure.gravatar.com\\\/avatar\\\/147d4b30cd728c53c29c49a3f7834dedca33707f4cd259761355846009a88250?s=96&d=mm&r=g\",\"url\":\"https:\\\/\\\/secure.gravatar.com\\\/avatar\\\/147d4b30cd728c53c29c49a3f7834dedca33707f4cd259761355846009a88250?s=96&d=mm&r=g\",\"contentUrl\":\"https:\\\/\\\/secure.gravatar.com\\\/avatar\\\/147d4b30cd728c53c29c49a3f7834dedca33707f4cd259761355846009a88250?s=96&d=mm&r=g\",\"caption\":\"Yucat\u00e1n en Corto FC\"},\"url\":\"https:\\\/\\\/www.yucatanencorto.com\\\/noticias\\\/author\\\/flor\\\/\"}]}<\/script>\n<!-- \/ Yoast SEO plugin. -->","yoast_head_json":{"title":"Reserva Ecol\u00f3gica \u201cCuxtal\u201d, generadora de servicios ambientales indispensables para la biodiversidad - Yucat\u00e1n en corto","robots":{"index":"index","follow":"follow","max-snippet":"max-snippet:-1","max-image-preview":"max-image-preview:large","max-video-preview":"max-video-preview:-1"},"canonical":"https:\/\/www.yucatanencorto.com\/noticias\/reserva-ecologica-cuxtal-generadora-de-servicios-ambientales-indispensables-para-la-biodiversidad\/","og_locale":"es_ES","og_type":"article","og_title":"Reserva Ecol\u00f3gica \u201cCuxtal\u201d, generadora de servicios ambientales indispensables para la biodiversidad - Yucat\u00e1n en corto","og_description":"M\u00e9rida, Yucat\u00e1n a\u00a0 10 de febrero de 2021.- Las reservas ecol\u00f3gicas, como es el caso de \u201cCuxtal\u201d, brindan importantes servicios ambientales que benefician tanto a los ecosistemas forestales como al ser humano y de ah\u00ed la importancia de conocer m\u00e1s sobre esos servicios y las actividades para su cuidado y conservaci\u00f3n, asegur\u00f3 Claudio Franco Chul\u00edn, [&hellip;]","og_url":"https:\/\/www.yucatanencorto.com\/noticias\/reserva-ecologica-cuxtal-generadora-de-servicios-ambientales-indispensables-para-la-biodiversidad\/","og_site_name":"Yucat\u00e1n en corto","article_publisher":"http:\/\/www.facebook.com\/yucatanencorto","article_published_time":"2021-02-11T01:24:23+00:00","og_image":[{"width":768,"height":576,"url":"https:\/\/www.yucatanencorto.com\/noticias\/wp-content\/uploads\/2021\/02\/D1267AF9-0305-4B56-8DBB-E365A8B95C71-scaled.jpeg","type":"image\/jpeg"}],"author":"Yucat\u00e1n en Corto FC","twitter_card":"summary_large_image","twitter_creator":"@yucatanencorto","twitter_site":"@yucatanencorto","twitter_misc":{"Escrito por":"Yucat\u00e1n en Corto FC","Tiempo de lectura":"3 minutos"},"schema":{"@context":"https:\/\/schema.org","@graph":[{"@type":"Article","@id":"https:\/\/www.yucatanencorto.com\/noticias\/reserva-ecologica-cuxtal-generadora-de-servicios-ambientales-indispensables-para-la-biodiversidad\/#article","isPartOf":{"@id":"https:\/\/www.yucatanencorto.com\/noticias\/reserva-ecologica-cuxtal-generadora-de-servicios-ambientales-indispensables-para-la-biodiversidad\/"},"author":{"name":"Yucat\u00e1n en Corto FC","@id":"https:\/\/www.yucatanencorto.com\/noticias\/#\/schema\/person\/14f82d355225a1f4075dd84a31f45a72"},"headline":"Reserva Ecol\u00f3gica \u201cCuxtal\u201d, generadora de servicios ambientales indispensables para la biodiversidad","datePublished":"2021-02-11T01:24:23+00:00","mainEntityOfPage":{"@id":"https:\/\/www.yucatanencorto.com\/noticias\/reserva-ecologica-cuxtal-generadora-de-servicios-ambientales-indispensables-para-la-biodiversidad\/"},"wordCount":618,"image":{"@id":"https:\/\/www.yucatanencorto.com\/noticias\/reserva-ecologica-cuxtal-generadora-de-servicios-ambientales-indispensables-para-la-biodiversidad\/#primaryimage"},"thumbnailUrl":"https:\/\/www.yucatanencorto.com\/noticias\/wp-content\/uploads\/2021\/02\/D1267AF9-0305-4B56-8DBB-E365A8B95C71-scaled.jpeg","articleSection":["M\u00e9rida"],"inLanguage":"es"},{"@type":"WebPage","@id":"https:\/\/www.yucatanencorto.com\/noticias\/reserva-ecologica-cuxtal-generadora-de-servicios-ambientales-indispensables-para-la-biodiversidad\/","url":"https:\/\/www.yucatanencorto.com\/noticias\/reserva-ecologica-cuxtal-generadora-de-servicios-ambientales-indispensables-para-la-biodiversidad\/","name":"Reserva Ecol\u00f3gica \u201cCuxtal\u201d, generadora de servicios ambientales indispensables para la biodiversidad - Yucat\u00e1n en corto","isPartOf":{"@id":"https:\/\/www.yucatanencorto.com\/noticias\/#website"},"primaryImageOfPage":{"@id":"https:\/\/www.yucatanencorto.com\/noticias\/reserva-ecologica-cuxtal-generadora-de-servicios-ambientales-indispensables-para-la-biodiversidad\/#primaryimage"},"image":{"@id":"https:\/\/www.yucatanencorto.com\/noticias\/reserva-ecologica-cuxtal-generadora-de-servicios-ambientales-indispensables-para-la-biodiversidad\/#primaryimage"},"thumbnailUrl":"https:\/\/www.yucatanencorto.com\/noticias\/wp-content\/uploads\/2021\/02\/D1267AF9-0305-4B56-8DBB-E365A8B95C71-scaled.jpeg","datePublished":"2021-02-11T01:24:23+00:00","author":{"@id":"https:\/\/www.yucatanencorto.com\/noticias\/#\/schema\/person\/14f82d355225a1f4075dd84a31f45a72"},"breadcrumb":{"@id":"https:\/\/www.yucatanencorto.com\/noticias\/reserva-ecologica-cuxtal-generadora-de-servicios-ambientales-indispensables-para-la-biodiversidad\/#breadcrumb"},"inLanguage":"es","potentialAction":[{"@type":"ReadAction","target":["https:\/\/www.yucatanencorto.com\/noticias\/reserva-ecologica-cuxtal-generadora-de-servicios-ambientales-indispensables-para-la-biodiversidad\/"]}]},{"@type":"ImageObject","inLanguage":"es","@id":"https:\/\/www.yucatanencorto.com\/noticias\/reserva-ecologica-cuxtal-generadora-de-servicios-ambientales-indispensables-para-la-biodiversidad\/#primaryimage","url":"https:\/\/www.yucatanencorto.com\/noticias\/wp-content\/uploads\/2021\/02\/D1267AF9-0305-4B56-8DBB-E365A8B95C71-scaled.jpeg","contentUrl":"https:\/\/www.yucatanencorto.com\/noticias\/wp-content\/uploads\/2021\/02\/D1267AF9-0305-4B56-8DBB-E365A8B95C71-scaled.jpeg","width":768,"height":576},{"@type":"BreadcrumbList","@id":"https:\/\/www.yucatanencorto.com\/noticias\/reserva-ecologica-cuxtal-generadora-de-servicios-ambientales-indispensables-para-la-biodiversidad\/#breadcrumb","itemListElement":[{"@type":"ListItem","position":1,"name":"Portada","item":"https:\/\/www.yucatanencorto.com\/noticias\/"},{"@type":"ListItem","position":2,"name":"Reserva Ecol\u00f3gica \u201cCuxtal\u201d, generadora de servicios ambientales indispensables para la biodiversidad"}]},{"@type":"WebSite","@id":"https:\/\/www.yucatanencorto.com\/noticias\/#website","url":"https:\/\/www.yucatanencorto.com\/noticias\/","name":"Yucat\u00e1n en corto","description":"Noticias","potentialAction":[{"@type":"SearchAction","target":{"@type":"EntryPoint","urlTemplate":"https:\/\/www.yucatanencorto.com\/noticias\/?s={search_term_string}"},"query-input":{"@type":"PropertyValueSpecification","valueRequired":true,"valueName":"search_term_string"}}],"inLanguage":"es"},{"@type":"Person","@id":"https:\/\/www.yucatanencorto.com\/noticias\/#\/schema\/person\/14f82d355225a1f4075dd84a31f45a72","name":"Yucat\u00e1n en Corto FC","image":{"@type":"ImageObject","inLanguage":"es","@id":"https:\/\/secure.gravatar.com\/avatar\/147d4b30cd728c53c29c49a3f7834dedca33707f4cd259761355846009a88250?s=96&d=mm&r=g","url":"https:\/\/secure.gravatar.com\/avatar\/147d4b30cd728c53c29c49a3f7834dedca33707f4cd259761355846009a88250?s=96&d=mm&r=g","contentUrl":"https:\/\/secure.gravatar.com\/avatar\/147d4b30cd728c53c29c49a3f7834dedca33707f4cd259761355846009a88250?s=96&d=mm&r=g","caption":"Yucat\u00e1n en Corto FC"},"url":"https:\/\/www.yucatanencorto.com\/noticias\/author\/flor\/"}]}},"_links":{"self":[{"href":"https:\/\/www.yucatanencorto.com\/noticias\/wp-json\/wp\/v2\/posts\/70038","targetHints":{"allow":["GET"]}}],"collection":[{"href":"https:\/\/www.yucatanencorto.com\/noticias\/wp-json\/wp\/v2\/posts"}],"about":[{"href":"https:\/\/www.yucatanencorto.com\/noticias\/wp-json\/wp\/v2\/types\/post"}],"author":[{"embeddable":true,"href":"https:\/\/www.yucatanencorto.com\/noticias\/wp-json\/wp\/v2\/users\/2"}],"replies":[{"embeddable":true,"href":"https:\/\/www.yucatanencorto.com\/noticias\/wp-json\/wp\/v2\/comments?post=70038"}],"version-history":[{"count":0,"href":"https:\/\/www.yucatanencorto.com\/noticias\/wp-json\/wp\/v2\/posts\/70038\/revisions"}],"wp:featuredmedia":[{"embeddable":true,"href":"https:\/\/www.yucatanencorto.com\/noticias\/wp-json\/wp\/v2\/media\/70039"}],"wp:attachment":[{"href":"https:\/\/www.yucatanencorto.com\/noticias\/wp-json\/wp\/v2\/media?parent=70038"}],"wp:term":[{"taxonomy":"category","embeddable":true,"href":"https:\/\/www.yucatanencorto.com\/noticias\/wp-json\/wp\/v2\/categories?post=70038"},{"taxonomy":"post_tag","embeddable":true,"href":"https:\/\/www.yucatanencorto.com\/noticias\/wp-json\/wp\/v2\/tags?post=70038"}],"curies":[{"name":"wp","href":"https:\/\/api.w.org\/{rel}","templated":true}]}}