{"id":70041,"date":"2021-02-11T20:45:45","date_gmt":"2021-02-12T02:45:45","guid":{"rendered":"https:\/\/www.yucatanencorto.com\/noticias\/?p=70041"},"modified":"2021-02-11T20:45:45","modified_gmt":"2021-02-12T02:45:45","slug":"el-gobernador-mauricio-vila-dosal-recorre-la-fototeca-pedro-guerra-de-la-uady-guardian-de-la-memoria-grafica-de-yucatan","status":"publish","type":"post","link":"https:\/\/www.yucatanencorto.com\/noticias\/el-gobernador-mauricio-vila-dosal-recorre-la-fototeca-pedro-guerra-de-la-uady-guardian-de-la-memoria-grafica-de-yucatan\/","title":{"rendered":"El Gobernador Mauricio Vila Dosal recorre la Fototeca \u201cPedro Guerra\u201d de la UADY, guardi\u00e1n de la memoria gr\u00e1fica de Yucat\u00e1n"},"content":{"rendered":"<div dir=\"ltr\">\n<p><span data-removefontsize=\"true\" data-originalcomputedfontsize=\"16\"><img loading=\"lazy\" decoding=\"async\" class=\"alignnone size-medium wp-image-70043\" src=\"https:\/\/www.yucatanencorto.com\/noticias\/wp-content\/uploads\/2021\/02\/CF4FD1A2-93F1-4D2B-9CA8-2BECF4416645-scaled.jpeg\" alt=\"\" width=\"768\" height=\"512\" srcset=\"https:\/\/www.yucatanencorto.com\/noticias\/wp-content\/uploads\/2021\/02\/CF4FD1A2-93F1-4D2B-9CA8-2BECF4416645-scaled.jpeg 768w, https:\/\/www.yucatanencorto.com\/noticias\/wp-content\/uploads\/2021\/02\/CF4FD1A2-93F1-4D2B-9CA8-2BECF4416645-696x464.jpeg 696w, https:\/\/www.yucatanencorto.com\/noticias\/wp-content\/uploads\/2021\/02\/CF4FD1A2-93F1-4D2B-9CA8-2BECF4416645-1068x712.jpeg 1068w, https:\/\/www.yucatanencorto.com\/noticias\/wp-content\/uploads\/2021\/02\/CF4FD1A2-93F1-4D2B-9CA8-2BECF4416645-630x420.jpeg 630w\" sizes=\"auto, (max-width: 768px) 100vw, 768px\" \/>M\u00e9rida, Yucat\u00e1n, 11 de febrero de 2021.- Im\u00e1genes sobre hechos hist\u00f3ricos, personalidades, edificios, zonas arqueol\u00f3gicas, calles, oficios, fiestas, actividades deportivas, sucesos de la vida cotidiana, as\u00ed como otros muchos temas m\u00e1s, forman parte de la memoria gr\u00e1fica del estado y el sureste de M\u00e9xico que se preserva en la Fototeca \u201cPedro Guerra\u201d de la Universidad Aut\u00f3noma de Yucat\u00e1n (UADY), la cual visit\u00f3 el Gobernador Mauricio Vila Dosal y en la que se resguardan m\u00e1s de 600,000 fotograf\u00edas.<\/span><\/p>\n<p>&nbsp;<\/p>\n<p><span data-removefontsize=\"true\" data-originalcomputedfontsize=\"16\">Acompa\u00f1ado del rector de la UADY, Jos\u00e9 de Jes\u00fas Williams y del investigador Jos\u00e9 Luis Vargas Aguilar, Vila Dosal recorri\u00f3 las instalaciones en donde se preserva este importante acervo, conformado por un total de 12 fondos, en donde se pueden apreciar fotograf\u00edas de eventos que marcaron la historia del estado y que fueron captados por la lente de Pedro Guerra y otros fot\u00f3grafos.<\/span><\/p>\n<p>&nbsp;<\/p>\n<p><span data-removefontsize=\"true\" data-originalcomputedfontsize=\"16\">En su paso por la Fototeca, ubicada en la antigua sede de la Facultad de Ciencias Antropol\u00f3gicas de la m\u00e1xima casa de estudios yucateca, el Gobernador pudo apreciar im\u00e1genes del Palacio Municipal de M\u00e9rida y su edificio contiguo, el Olimpo, de Pedro Guerra, de Jos\u00e9 Mar\u00eda Pino Su\u00e1rez y un retrato de Maximiliano de Habsburgo que, aunque no fue tomada por Pedro Guerra, \u00e9ste la conservaba en sus archivos.<\/span><\/p>\n<p>&nbsp;<\/p>\n<p><span data-removefontsize=\"true\" data-originalcomputedfontsize=\"16\">Junto con la directora de la Facultad de Ciencias Antropol\u00f3gicas de la UADY, Roc\u00edo Cort\u00e9s Campos, el Gobernador observ\u00f3 la peque\u00f1a exposici\u00f3n que muestra la evoluci\u00f3n de las c\u00e1maras fotogr\u00e1ficas, que se resguarda en este lugar, as\u00ed como de las distintas t\u00e9cnicas utilizadas, como colodi\u00f3n h\u00famedo, plata gelatina sobre vidrio, nitrato y acetato de celulosa y poli\u00e9ster.<\/span><\/p>\n<p>&nbsp;<\/p>\n<p><span data-removefontsize=\"true\" data-originalcomputedfontsize=\"16\">En ese marco, Cort\u00e9s Campos resalt\u00f3 la importancia que este acervo tiene para el estudio y la investigaci\u00f3n hist\u00f3rica y resalt\u00f3 que por las t\u00e9cnicas que maneja, la Fototeca Guerra es considerada como una de las m\u00e1s importantes a nivel nacional e internacional.<\/span><\/p>\n<p>&nbsp;<\/p>\n<p><span data-removefontsize=\"true\" data-originalcomputedfontsize=\"16\">En 2019 fue reconocida como Memoria del Mundo-M\u00e9xico por la UNESCO y este a\u00f1o va a participar con una exposici\u00f3n en la Feria Internacional de Turismo de Francia, en la ciudad de Angers, a celebrarse a finales de marzo pr\u00f3ximo, coment\u00f3 la acad\u00e9mica.\u00a0\u00a0<\/span><\/p>\n<p>&nbsp;<\/p>\n<p><span data-removefontsize=\"true\" data-originalcomputedfontsize=\"16\">Posteriormente, Vila Dosal acudi\u00f3 al \u00e1rea de Laboratorio, en donde constat\u00f3 el trabajo que ah\u00ed se lleva a cabo y donde la coordinadora de la Fototeca, Cintia Cruz Castro y el encargado de investigaci\u00f3n Ricardo Pat Chan, le explicaron que este lugar est\u00e1 abierto al p\u00fablico para consulta y tambi\u00e9n para poder adquirir im\u00e1genes del acervo de manera digital o impresa, hasta con servicio de enmarcado, pero que ahora, como medida de prevenci\u00f3n por la pandemia del Coronavirus solo se est\u00e1 atendiendo v\u00eda Internet.<\/span><\/p>\n<p>&nbsp;<\/p>\n<p><span data-removefontsize=\"true\" data-originalcomputedfontsize=\"16\">Cruz Castro coment\u00f3 que en la direcci\u00f3n electr\u00f3nica <a href=\"http:\/\/fototeca.antropologia.uady.mx\/\" target=\"_blank\" rel=\"noopener noreferrer\" data-saferedirecturl=\"https:\/\/www.google.com\/url?q=http:\/\/fototeca.antropologia.uady.mx\/&amp;source=gmail&amp;ust=1613184059279000&amp;usg=AFQjCNH1ni9HeP4eEDEm4vVnJ6Q2VhTSHQ\" data-removefontsize=\"true\" data-originalcomputedfontsize=\"16\">http:\/\/fototeca.antropologia.<wbr \/>uady.mx\/<\/a>, los interesados pueden consultar el amplio cat\u00e1logo de im\u00e1genes con el que se cuenta, \u201cpues el prop\u00f3sito es preservar estas im\u00e1genes en un estado inalterable para el uso y el conocimiento de una generaci\u00f3n futura, que sepa valorar estos momentos que pertenecen a su historia\u201d.<\/span><\/p>\n<p>&nbsp;<\/p>\n<p><span data-removefontsize=\"true\" data-originalcomputedfontsize=\"16\">A su vez, Pat Chan record\u00f3 que la Fototeca cumple en 2021, 44 de a\u00f1os de haber sido creada y la gran mayor\u00eda de sus archivos fueron parte de la Estudio Fotogr\u00e1fico Guerra, fundado por Pedro Guerra Jord\u00e1n, el cual estuvo a cargo de 4 generaciones de esa familia y se mantuvo abierta de 1877 hasta 1980.\u00a0\u00a0\u00a0 <\/span><\/p>\n<p>&nbsp;<\/p>\n<p><span data-removefontsize=\"true\" data-originalcomputedfontsize=\"16\">Tras recorrer el \u00e1rea de archivo, que es donde se resguardan las fotograf\u00edas, el Gobernador intercambi\u00f3 ideas con el rector de la UADY, el investigador Vargas Aguilar, la directora<\/span><\/p>\n<p>&nbsp;<\/p>\n<p><span data-removefontsize=\"true\" data-originalcomputedfontsize=\"16\">de la Facultad de Ciencias Antropol\u00f3gicas y los expertos, sobre las tem\u00e1ticas de las fotograf\u00edas que podr\u00edan ser de inter\u00e9s del p\u00fablico para ser exhibidas.<\/span><\/p>\n<p>&nbsp;<\/p>\n<p><span data-removefontsize=\"true\" data-originalcomputedfontsize=\"16\">La visita de Porfirio D\u00edaz a Yucat\u00e1n, el Gobierno del General Salvador Alvarado, las obras y acciones del Gobernador Felipe Carrillo Puerto, edificios emblem\u00e1ticos, zonas arqueol\u00f3gicas y mercados, fueron algunos de los temas en los que los participantes en el di\u00e1logo con Vila Dosal coincidieron en que se pueden exponer para ser admirados por los yucatecos, sobre todo en espacios p\u00fablicos.<\/span><\/p>\n<\/div>\n","protected":false},"excerpt":{"rendered":"<p>M\u00e9rida, Yucat\u00e1n, 11 de febrero de 2021.- Im\u00e1genes sobre hechos hist\u00f3ricos, personalidades, edificios, zonas arqueol\u00f3gicas, calles, oficios, fiestas, actividades deportivas, sucesos de la vida cotidiana, as\u00ed como otros muchos temas m\u00e1s, forman parte de la memoria gr\u00e1fica del estado y el sureste de M\u00e9xico que se preserva en la Fototeca \u201cPedro Guerra\u201d de la Universidad [&hellip;]<\/p>\n","protected":false},"author":2,"featured_media":70043,"comment_status":"closed","ping_status":"closed","sticky":false,"template":"","format":"standard","meta":{"footnotes":""},"categories":[3],"tags":[],"class_list":{"0":"post-70041","1":"post","2":"type-post","3":"status-publish","4":"format-standard","5":"has-post-thumbnail","7":"category-yucatan"},"yoast_head":"<!-- This site is optimized with the Yoast SEO plugin v27.5 - https:\/\/yoast.com\/product\/yoast-seo-wordpress\/ -->\n<title>El Gobernador Mauricio Vila Dosal recorre la Fototeca \u201cPedro Guerra\u201d de la UADY, guardi\u00e1n de la memoria gr\u00e1fica de Yucat\u00e1n - Yucat\u00e1n en corto<\/title>\n<meta name=\"robots\" content=\"index, follow, max-snippet:-1, max-image-preview:large, max-video-preview:-1\" \/>\n<link rel=\"canonical\" href=\"https:\/\/www.yucatanencorto.com\/noticias\/el-gobernador-mauricio-vila-dosal-recorre-la-fototeca-pedro-guerra-de-la-uady-guardian-de-la-memoria-grafica-de-yucatan\/\" \/>\n<meta property=\"og:locale\" content=\"es_ES\" \/>\n<meta property=\"og:type\" content=\"article\" \/>\n<meta property=\"og:title\" content=\"El Gobernador Mauricio Vila Dosal recorre la Fototeca \u201cPedro Guerra\u201d de la UADY, guardi\u00e1n de la memoria gr\u00e1fica de Yucat\u00e1n - Yucat\u00e1n en corto\" \/>\n<meta property=\"og:description\" content=\"M\u00e9rida, Yucat\u00e1n, 11 de febrero de 2021.- Im\u00e1genes sobre hechos hist\u00f3ricos, personalidades, edificios, zonas arqueol\u00f3gicas, calles, oficios, fiestas, actividades deportivas, sucesos de la vida cotidiana, as\u00ed como otros muchos temas m\u00e1s, forman parte de la memoria gr\u00e1fica del estado y el sureste de M\u00e9xico que se preserva en la Fototeca \u201cPedro Guerra\u201d de la Universidad [&hellip;]\" \/>\n<meta property=\"og:url\" content=\"https:\/\/www.yucatanencorto.com\/noticias\/el-gobernador-mauricio-vila-dosal-recorre-la-fototeca-pedro-guerra-de-la-uady-guardian-de-la-memoria-grafica-de-yucatan\/\" \/>\n<meta property=\"og:site_name\" content=\"Yucat\u00e1n en corto\" \/>\n<meta property=\"article:publisher\" content=\"http:\/\/www.facebook.com\/yucatanencorto\" \/>\n<meta property=\"article:published_time\" content=\"2021-02-12T02:45:45+00:00\" \/>\n<meta property=\"og:image\" content=\"https:\/\/www.yucatanencorto.com\/noticias\/wp-content\/uploads\/2021\/02\/CF4FD1A2-93F1-4D2B-9CA8-2BECF4416645-scaled.jpeg\" \/>\n\t<meta property=\"og:image:width\" content=\"768\" \/>\n\t<meta property=\"og:image:height\" content=\"512\" \/>\n\t<meta property=\"og:image:type\" content=\"image\/jpeg\" \/>\n<meta name=\"author\" content=\"Yucat\u00e1n en Corto FC\" \/>\n<meta name=\"twitter:card\" content=\"summary_large_image\" \/>\n<meta name=\"twitter:creator\" content=\"@yucatanencorto\" \/>\n<meta name=\"twitter:site\" content=\"@yucatanencorto\" \/>\n<meta name=\"twitter:label1\" content=\"Escrito por\" \/>\n\t<meta name=\"twitter:data1\" content=\"Yucat\u00e1n en Corto FC\" \/>\n\t<meta name=\"twitter:label2\" content=\"Tiempo de lectura\" \/>\n\t<meta name=\"twitter:data2\" content=\"4 minutos\" \/>\n<script type=\"application\/ld+json\" class=\"yoast-schema-graph\">{\"@context\":\"https:\\\/\\\/schema.org\",\"@graph\":[{\"@type\":\"Article\",\"@id\":\"https:\\\/\\\/www.yucatanencorto.com\\\/noticias\\\/el-gobernador-mauricio-vila-dosal-recorre-la-fototeca-pedro-guerra-de-la-uady-guardian-de-la-memoria-grafica-de-yucatan\\\/#article\",\"isPartOf\":{\"@id\":\"https:\\\/\\\/www.yucatanencorto.com\\\/noticias\\\/el-gobernador-mauricio-vila-dosal-recorre-la-fototeca-pedro-guerra-de-la-uady-guardian-de-la-memoria-grafica-de-yucatan\\\/\"},\"author\":{\"name\":\"Yucat\u00e1n en Corto FC\",\"@id\":\"https:\\\/\\\/www.yucatanencorto.com\\\/noticias\\\/#\\\/schema\\\/person\\\/14f82d355225a1f4075dd84a31f45a72\"},\"headline\":\"El Gobernador Mauricio Vila Dosal recorre la Fototeca \u201cPedro Guerra\u201d de la UADY, guardi\u00e1n de la memoria gr\u00e1fica de Yucat\u00e1n\",\"datePublished\":\"2021-02-12T02:45:45+00:00\",\"mainEntityOfPage\":{\"@id\":\"https:\\\/\\\/www.yucatanencorto.com\\\/noticias\\\/el-gobernador-mauricio-vila-dosal-recorre-la-fototeca-pedro-guerra-de-la-uady-guardian-de-la-memoria-grafica-de-yucatan\\\/\"},\"wordCount\":765,\"image\":{\"@id\":\"https:\\\/\\\/www.yucatanencorto.com\\\/noticias\\\/el-gobernador-mauricio-vila-dosal-recorre-la-fototeca-pedro-guerra-de-la-uady-guardian-de-la-memoria-grafica-de-yucatan\\\/#primaryimage\"},\"thumbnailUrl\":\"https:\\\/\\\/www.yucatanencorto.com\\\/noticias\\\/wp-content\\\/uploads\\\/2021\\\/02\\\/CF4FD1A2-93F1-4D2B-9CA8-2BECF4416645-scaled.jpeg\",\"articleSection\":[\"Yucat\u00e1n\"],\"inLanguage\":\"es\"},{\"@type\":\"WebPage\",\"@id\":\"https:\\\/\\\/www.yucatanencorto.com\\\/noticias\\\/el-gobernador-mauricio-vila-dosal-recorre-la-fototeca-pedro-guerra-de-la-uady-guardian-de-la-memoria-grafica-de-yucatan\\\/\",\"url\":\"https:\\\/\\\/www.yucatanencorto.com\\\/noticias\\\/el-gobernador-mauricio-vila-dosal-recorre-la-fototeca-pedro-guerra-de-la-uady-guardian-de-la-memoria-grafica-de-yucatan\\\/\",\"name\":\"El Gobernador Mauricio Vila Dosal recorre la Fototeca \u201cPedro Guerra\u201d de la UADY, guardi\u00e1n de la memoria gr\u00e1fica de Yucat\u00e1n - Yucat\u00e1n en corto\",\"isPartOf\":{\"@id\":\"https:\\\/\\\/www.yucatanencorto.com\\\/noticias\\\/#website\"},\"primaryImageOfPage\":{\"@id\":\"https:\\\/\\\/www.yucatanencorto.com\\\/noticias\\\/el-gobernador-mauricio-vila-dosal-recorre-la-fototeca-pedro-guerra-de-la-uady-guardian-de-la-memoria-grafica-de-yucatan\\\/#primaryimage\"},\"image\":{\"@id\":\"https:\\\/\\\/www.yucatanencorto.com\\\/noticias\\\/el-gobernador-mauricio-vila-dosal-recorre-la-fototeca-pedro-guerra-de-la-uady-guardian-de-la-memoria-grafica-de-yucatan\\\/#primaryimage\"},\"thumbnailUrl\":\"https:\\\/\\\/www.yucatanencorto.com\\\/noticias\\\/wp-content\\\/uploads\\\/2021\\\/02\\\/CF4FD1A2-93F1-4D2B-9CA8-2BECF4416645-scaled.jpeg\",\"datePublished\":\"2021-02-12T02:45:45+00:00\",\"author\":{\"@id\":\"https:\\\/\\\/www.yucatanencorto.com\\\/noticias\\\/#\\\/schema\\\/person\\\/14f82d355225a1f4075dd84a31f45a72\"},\"breadcrumb\":{\"@id\":\"https:\\\/\\\/www.yucatanencorto.com\\\/noticias\\\/el-gobernador-mauricio-vila-dosal-recorre-la-fototeca-pedro-guerra-de-la-uady-guardian-de-la-memoria-grafica-de-yucatan\\\/#breadcrumb\"},\"inLanguage\":\"es\",\"potentialAction\":[{\"@type\":\"ReadAction\",\"target\":[\"https:\\\/\\\/www.yucatanencorto.com\\\/noticias\\\/el-gobernador-mauricio-vila-dosal-recorre-la-fototeca-pedro-guerra-de-la-uady-guardian-de-la-memoria-grafica-de-yucatan\\\/\"]}]},{\"@type\":\"ImageObject\",\"inLanguage\":\"es\",\"@id\":\"https:\\\/\\\/www.yucatanencorto.com\\\/noticias\\\/el-gobernador-mauricio-vila-dosal-recorre-la-fototeca-pedro-guerra-de-la-uady-guardian-de-la-memoria-grafica-de-yucatan\\\/#primaryimage\",\"url\":\"https:\\\/\\\/www.yucatanencorto.com\\\/noticias\\\/wp-content\\\/uploads\\\/2021\\\/02\\\/CF4FD1A2-93F1-4D2B-9CA8-2BECF4416645-scaled.jpeg\",\"contentUrl\":\"https:\\\/\\\/www.yucatanencorto.com\\\/noticias\\\/wp-content\\\/uploads\\\/2021\\\/02\\\/CF4FD1A2-93F1-4D2B-9CA8-2BECF4416645-scaled.jpeg\",\"width\":768,\"height\":512},{\"@type\":\"BreadcrumbList\",\"@id\":\"https:\\\/\\\/www.yucatanencorto.com\\\/noticias\\\/el-gobernador-mauricio-vila-dosal-recorre-la-fototeca-pedro-guerra-de-la-uady-guardian-de-la-memoria-grafica-de-yucatan\\\/#breadcrumb\",\"itemListElement\":[{\"@type\":\"ListItem\",\"position\":1,\"name\":\"Portada\",\"item\":\"https:\\\/\\\/www.yucatanencorto.com\\\/noticias\\\/\"},{\"@type\":\"ListItem\",\"position\":2,\"name\":\"El Gobernador Mauricio Vila Dosal recorre la Fototeca \u201cPedro Guerra\u201d de la UADY, guardi\u00e1n de la memoria gr\u00e1fica de Yucat\u00e1n\"}]},{\"@type\":\"WebSite\",\"@id\":\"https:\\\/\\\/www.yucatanencorto.com\\\/noticias\\\/#website\",\"url\":\"https:\\\/\\\/www.yucatanencorto.com\\\/noticias\\\/\",\"name\":\"Yucat\u00e1n en corto\",\"description\":\"Noticias\",\"potentialAction\":[{\"@type\":\"SearchAction\",\"target\":{\"@type\":\"EntryPoint\",\"urlTemplate\":\"https:\\\/\\\/www.yucatanencorto.com\\\/noticias\\\/?s={search_term_string}\"},\"query-input\":{\"@type\":\"PropertyValueSpecification\",\"valueRequired\":true,\"valueName\":\"search_term_string\"}}],\"inLanguage\":\"es\"},{\"@type\":\"Person\",\"@id\":\"https:\\\/\\\/www.yucatanencorto.com\\\/noticias\\\/#\\\/schema\\\/person\\\/14f82d355225a1f4075dd84a31f45a72\",\"name\":\"Yucat\u00e1n en Corto FC\",\"image\":{\"@type\":\"ImageObject\",\"inLanguage\":\"es\",\"@id\":\"https:\\\/\\\/secure.gravatar.com\\\/avatar\\\/147d4b30cd728c53c29c49a3f7834dedca33707f4cd259761355846009a88250?s=96&d=mm&r=g\",\"url\":\"https:\\\/\\\/secure.gravatar.com\\\/avatar\\\/147d4b30cd728c53c29c49a3f7834dedca33707f4cd259761355846009a88250?s=96&d=mm&r=g\",\"contentUrl\":\"https:\\\/\\\/secure.gravatar.com\\\/avatar\\\/147d4b30cd728c53c29c49a3f7834dedca33707f4cd259761355846009a88250?s=96&d=mm&r=g\",\"caption\":\"Yucat\u00e1n en Corto FC\"},\"url\":\"https:\\\/\\\/www.yucatanencorto.com\\\/noticias\\\/author\\\/flor\\\/\"}]}<\/script>\n<!-- \/ Yoast SEO plugin. -->","yoast_head_json":{"title":"El Gobernador Mauricio Vila Dosal recorre la Fototeca \u201cPedro Guerra\u201d de la UADY, guardi\u00e1n de la memoria gr\u00e1fica de Yucat\u00e1n - Yucat\u00e1n en corto","robots":{"index":"index","follow":"follow","max-snippet":"max-snippet:-1","max-image-preview":"max-image-preview:large","max-video-preview":"max-video-preview:-1"},"canonical":"https:\/\/www.yucatanencorto.com\/noticias\/el-gobernador-mauricio-vila-dosal-recorre-la-fototeca-pedro-guerra-de-la-uady-guardian-de-la-memoria-grafica-de-yucatan\/","og_locale":"es_ES","og_type":"article","og_title":"El Gobernador Mauricio Vila Dosal recorre la Fototeca \u201cPedro Guerra\u201d de la UADY, guardi\u00e1n de la memoria gr\u00e1fica de Yucat\u00e1n - Yucat\u00e1n en corto","og_description":"M\u00e9rida, Yucat\u00e1n, 11 de febrero de 2021.- Im\u00e1genes sobre hechos hist\u00f3ricos, personalidades, edificios, zonas arqueol\u00f3gicas, calles, oficios, fiestas, actividades deportivas, sucesos de la vida cotidiana, as\u00ed como otros muchos temas m\u00e1s, forman parte de la memoria gr\u00e1fica del estado y el sureste de M\u00e9xico que se preserva en la Fototeca \u201cPedro Guerra\u201d de la Universidad [&hellip;]","og_url":"https:\/\/www.yucatanencorto.com\/noticias\/el-gobernador-mauricio-vila-dosal-recorre-la-fototeca-pedro-guerra-de-la-uady-guardian-de-la-memoria-grafica-de-yucatan\/","og_site_name":"Yucat\u00e1n en corto","article_publisher":"http:\/\/www.facebook.com\/yucatanencorto","article_published_time":"2021-02-12T02:45:45+00:00","og_image":[{"width":768,"height":512,"url":"https:\/\/www.yucatanencorto.com\/noticias\/wp-content\/uploads\/2021\/02\/CF4FD1A2-93F1-4D2B-9CA8-2BECF4416645-scaled.jpeg","type":"image\/jpeg"}],"author":"Yucat\u00e1n en Corto FC","twitter_card":"summary_large_image","twitter_creator":"@yucatanencorto","twitter_site":"@yucatanencorto","twitter_misc":{"Escrito por":"Yucat\u00e1n en Corto FC","Tiempo de lectura":"4 minutos"},"schema":{"@context":"https:\/\/schema.org","@graph":[{"@type":"Article","@id":"https:\/\/www.yucatanencorto.com\/noticias\/el-gobernador-mauricio-vila-dosal-recorre-la-fototeca-pedro-guerra-de-la-uady-guardian-de-la-memoria-grafica-de-yucatan\/#article","isPartOf":{"@id":"https:\/\/www.yucatanencorto.com\/noticias\/el-gobernador-mauricio-vila-dosal-recorre-la-fototeca-pedro-guerra-de-la-uady-guardian-de-la-memoria-grafica-de-yucatan\/"},"author":{"name":"Yucat\u00e1n en Corto FC","@id":"https:\/\/www.yucatanencorto.com\/noticias\/#\/schema\/person\/14f82d355225a1f4075dd84a31f45a72"},"headline":"El Gobernador Mauricio Vila Dosal recorre la Fototeca \u201cPedro Guerra\u201d de la UADY, guardi\u00e1n de la memoria gr\u00e1fica de Yucat\u00e1n","datePublished":"2021-02-12T02:45:45+00:00","mainEntityOfPage":{"@id":"https:\/\/www.yucatanencorto.com\/noticias\/el-gobernador-mauricio-vila-dosal-recorre-la-fototeca-pedro-guerra-de-la-uady-guardian-de-la-memoria-grafica-de-yucatan\/"},"wordCount":765,"image":{"@id":"https:\/\/www.yucatanencorto.com\/noticias\/el-gobernador-mauricio-vila-dosal-recorre-la-fototeca-pedro-guerra-de-la-uady-guardian-de-la-memoria-grafica-de-yucatan\/#primaryimage"},"thumbnailUrl":"https:\/\/www.yucatanencorto.com\/noticias\/wp-content\/uploads\/2021\/02\/CF4FD1A2-93F1-4D2B-9CA8-2BECF4416645-scaled.jpeg","articleSection":["Yucat\u00e1n"],"inLanguage":"es"},{"@type":"WebPage","@id":"https:\/\/www.yucatanencorto.com\/noticias\/el-gobernador-mauricio-vila-dosal-recorre-la-fototeca-pedro-guerra-de-la-uady-guardian-de-la-memoria-grafica-de-yucatan\/","url":"https:\/\/www.yucatanencorto.com\/noticias\/el-gobernador-mauricio-vila-dosal-recorre-la-fototeca-pedro-guerra-de-la-uady-guardian-de-la-memoria-grafica-de-yucatan\/","name":"El Gobernador Mauricio Vila Dosal recorre la Fototeca \u201cPedro Guerra\u201d de la UADY, guardi\u00e1n de la memoria gr\u00e1fica de Yucat\u00e1n - Yucat\u00e1n en corto","isPartOf":{"@id":"https:\/\/www.yucatanencorto.com\/noticias\/#website"},"primaryImageOfPage":{"@id":"https:\/\/www.yucatanencorto.com\/noticias\/el-gobernador-mauricio-vila-dosal-recorre-la-fototeca-pedro-guerra-de-la-uady-guardian-de-la-memoria-grafica-de-yucatan\/#primaryimage"},"image":{"@id":"https:\/\/www.yucatanencorto.com\/noticias\/el-gobernador-mauricio-vila-dosal-recorre-la-fototeca-pedro-guerra-de-la-uady-guardian-de-la-memoria-grafica-de-yucatan\/#primaryimage"},"thumbnailUrl":"https:\/\/www.yucatanencorto.com\/noticias\/wp-content\/uploads\/2021\/02\/CF4FD1A2-93F1-4D2B-9CA8-2BECF4416645-scaled.jpeg","datePublished":"2021-02-12T02:45:45+00:00","author":{"@id":"https:\/\/www.yucatanencorto.com\/noticias\/#\/schema\/person\/14f82d355225a1f4075dd84a31f45a72"},"breadcrumb":{"@id":"https:\/\/www.yucatanencorto.com\/noticias\/el-gobernador-mauricio-vila-dosal-recorre-la-fototeca-pedro-guerra-de-la-uady-guardian-de-la-memoria-grafica-de-yucatan\/#breadcrumb"},"inLanguage":"es","potentialAction":[{"@type":"ReadAction","target":["https:\/\/www.yucatanencorto.com\/noticias\/el-gobernador-mauricio-vila-dosal-recorre-la-fototeca-pedro-guerra-de-la-uady-guardian-de-la-memoria-grafica-de-yucatan\/"]}]},{"@type":"ImageObject","inLanguage":"es","@id":"https:\/\/www.yucatanencorto.com\/noticias\/el-gobernador-mauricio-vila-dosal-recorre-la-fototeca-pedro-guerra-de-la-uady-guardian-de-la-memoria-grafica-de-yucatan\/#primaryimage","url":"https:\/\/www.yucatanencorto.com\/noticias\/wp-content\/uploads\/2021\/02\/CF4FD1A2-93F1-4D2B-9CA8-2BECF4416645-scaled.jpeg","contentUrl":"https:\/\/www.yucatanencorto.com\/noticias\/wp-content\/uploads\/2021\/02\/CF4FD1A2-93F1-4D2B-9CA8-2BECF4416645-scaled.jpeg","width":768,"height":512},{"@type":"BreadcrumbList","@id":"https:\/\/www.yucatanencorto.com\/noticias\/el-gobernador-mauricio-vila-dosal-recorre-la-fototeca-pedro-guerra-de-la-uady-guardian-de-la-memoria-grafica-de-yucatan\/#breadcrumb","itemListElement":[{"@type":"ListItem","position":1,"name":"Portada","item":"https:\/\/www.yucatanencorto.com\/noticias\/"},{"@type":"ListItem","position":2,"name":"El Gobernador Mauricio Vila Dosal recorre la Fototeca \u201cPedro Guerra\u201d de la UADY, guardi\u00e1n de la memoria gr\u00e1fica de Yucat\u00e1n"}]},{"@type":"WebSite","@id":"https:\/\/www.yucatanencorto.com\/noticias\/#website","url":"https:\/\/www.yucatanencorto.com\/noticias\/","name":"Yucat\u00e1n en corto","description":"Noticias","potentialAction":[{"@type":"SearchAction","target":{"@type":"EntryPoint","urlTemplate":"https:\/\/www.yucatanencorto.com\/noticias\/?s={search_term_string}"},"query-input":{"@type":"PropertyValueSpecification","valueRequired":true,"valueName":"search_term_string"}}],"inLanguage":"es"},{"@type":"Person","@id":"https:\/\/www.yucatanencorto.com\/noticias\/#\/schema\/person\/14f82d355225a1f4075dd84a31f45a72","name":"Yucat\u00e1n en Corto FC","image":{"@type":"ImageObject","inLanguage":"es","@id":"https:\/\/secure.gravatar.com\/avatar\/147d4b30cd728c53c29c49a3f7834dedca33707f4cd259761355846009a88250?s=96&d=mm&r=g","url":"https:\/\/secure.gravatar.com\/avatar\/147d4b30cd728c53c29c49a3f7834dedca33707f4cd259761355846009a88250?s=96&d=mm&r=g","contentUrl":"https:\/\/secure.gravatar.com\/avatar\/147d4b30cd728c53c29c49a3f7834dedca33707f4cd259761355846009a88250?s=96&d=mm&r=g","caption":"Yucat\u00e1n en Corto FC"},"url":"https:\/\/www.yucatanencorto.com\/noticias\/author\/flor\/"}]}},"_links":{"self":[{"href":"https:\/\/www.yucatanencorto.com\/noticias\/wp-json\/wp\/v2\/posts\/70041","targetHints":{"allow":["GET"]}}],"collection":[{"href":"https:\/\/www.yucatanencorto.com\/noticias\/wp-json\/wp\/v2\/posts"}],"about":[{"href":"https:\/\/www.yucatanencorto.com\/noticias\/wp-json\/wp\/v2\/types\/post"}],"author":[{"embeddable":true,"href":"https:\/\/www.yucatanencorto.com\/noticias\/wp-json\/wp\/v2\/users\/2"}],"replies":[{"embeddable":true,"href":"https:\/\/www.yucatanencorto.com\/noticias\/wp-json\/wp\/v2\/comments?post=70041"}],"version-history":[{"count":0,"href":"https:\/\/www.yucatanencorto.com\/noticias\/wp-json\/wp\/v2\/posts\/70041\/revisions"}],"wp:featuredmedia":[{"embeddable":true,"href":"https:\/\/www.yucatanencorto.com\/noticias\/wp-json\/wp\/v2\/media\/70043"}],"wp:attachment":[{"href":"https:\/\/www.yucatanencorto.com\/noticias\/wp-json\/wp\/v2\/media?parent=70041"}],"wp:term":[{"taxonomy":"category","embeddable":true,"href":"https:\/\/www.yucatanencorto.com\/noticias\/wp-json\/wp\/v2\/categories?post=70041"},{"taxonomy":"post_tag","embeddable":true,"href":"https:\/\/www.yucatanencorto.com\/noticias\/wp-json\/wp\/v2\/tags?post=70041"}],"curies":[{"name":"wp","href":"https:\/\/api.w.org\/{rel}","templated":true}]}}