{"id":70049,"date":"2021-02-11T20:53:17","date_gmt":"2021-02-12T02:53:17","guid":{"rendered":"https:\/\/www.yucatanencorto.com\/noticias\/?p=70049"},"modified":"2021-02-11T20:53:17","modified_gmt":"2021-02-12T02:53:17","slug":"con-la-implementacion-de-tecnologia-de-punta-en-los-semaforos-de-la-capital-yucateca-la-movilidad-urbana-se-mejorara-y-sera-mas-segura-para-peatones-ciclistas-y-conductores","status":"publish","type":"post","link":"https:\/\/www.yucatanencorto.com\/noticias\/con-la-implementacion-de-tecnologia-de-punta-en-los-semaforos-de-la-capital-yucateca-la-movilidad-urbana-se-mejorara-y-sera-mas-segura-para-peatones-ciclistas-y-conductores\/","title":{"rendered":"Con la implementaci\u00f3n de tecnolog\u00eda de punta en los sem\u00e1foros de la capital yucateca, la movilidad urbana se mejorar\u00e1 y ser\u00e1 m\u00e1s segura para peatones, ciclistas y conductores"},"content":{"rendered":"<div dir=\"ltr\">\n<p><span data-removefontsize=\"true\" data-originalcomputedfontsize=\"16\"><img loading=\"lazy\" decoding=\"async\" class=\"alignnone size-full wp-image-70050\" src=\"https:\/\/www.yucatanencorto.com\/noticias\/wp-content\/uploads\/2021\/02\/2DD6E082-6DE1-49B7-80F3-50A58E979343-scaled.jpeg\" alt=\"\" width=\"768\" height=\"512\" srcset=\"https:\/\/www.yucatanencorto.com\/noticias\/wp-content\/uploads\/2021\/02\/2DD6E082-6DE1-49B7-80F3-50A58E979343-scaled.jpeg 768w, https:\/\/www.yucatanencorto.com\/noticias\/wp-content\/uploads\/2021\/02\/2DD6E082-6DE1-49B7-80F3-50A58E979343-696x464.jpeg 696w, https:\/\/www.yucatanencorto.com\/noticias\/wp-content\/uploads\/2021\/02\/2DD6E082-6DE1-49B7-80F3-50A58E979343-1068x712.jpeg 1068w, https:\/\/www.yucatanencorto.com\/noticias\/wp-content\/uploads\/2021\/02\/2DD6E082-6DE1-49B7-80F3-50A58E979343-630x420.jpeg 630w\" sizes=\"auto, (max-width: 768px) 100vw, 768px\" \/>M\u00e9rida, Yucat\u00e1n, 11 de febrero de 2021.- Con el Programa Conjunto de Mejora a la Movilidad y la Infraestructura Vial en M\u00e9rida, que realiza el Gobierno del Estado con el Ayuntamiento de M\u00e9rida, se implementar\u00e1 el uso de tecnolog\u00eda de punta a trav\u00e9s de la instalaci\u00f3n de 321 controladores que operar\u00e1n en 1,234 sem\u00e1foros ya existentes en la capital yucateca para convertirlos en inteligentes y que estar\u00e1n sincronizados desde el C5i de la SSP con un sistema de control de tr\u00e1fico adaptativo en tiempo real, lo que contribuir\u00e1 a una movilidad urbana mejor y m\u00e1s segura.<\/span><\/p>\n<p>&nbsp;<\/p>\n<p><span data-removefontsize=\"true\" data-originalcomputedfontsize=\"16\">Adem\u00e1s, como parte de este esquema, tambi\u00e9n se instalar\u00e1n 2,646 nuevos sem\u00e1foros peatonales en cruceros que ya cuentan con sem\u00e1foros vehiculares, para mejorar la agilizaci\u00f3n del tr\u00e1nsito, entre otros beneficios a una movilidad m\u00e1s segura tanto para peatones, como para ciclistas y conductores.<\/span><\/p>\n<p>&nbsp;<\/p>\n<p><span data-removefontsize=\"true\" data-originalcomputedfontsize=\"16\">La movilidad urbana de la ciudad de M\u00e9rida ser\u00e1 moderna priorizando la seguridad al contar con sem\u00e1foros inteligentes en 307 intersecciones de la capital yucateca, a trav\u00e9s del empleo de 321 controladores y 212 radares doppler que traer\u00e1n diversos beneficios a la movilidad, entre ellos, el control inteligente del tr\u00e1fico (adaptativo), un sistema central de semaforizaci\u00f3n que se priorizar\u00e1 para veh\u00edculos de emergencia, se optimizar\u00e1 el flujo del transporte p\u00fablico y se mejorar\u00e1 la seguridad de peatones y ciclistas. Todo ello mediante recursos por 441 millones de pesos.<\/span><\/p>\n<p><span data-removefontsize=\"true\" data-originalcomputedfontsize=\"16\">El proyecto de semaforizaci\u00f3n de M\u00e9rida que est\u00e1 incluido dentro del Programa Conjunto de Mejora a la Movilidad y la Infraestructura Vial en M\u00e9rida, presentado recientemente por el Gobernador Mauricio Vila Dosal y el alcalde de M\u00e9rida, Ren\u00e1n Barrera Concha y que pertenece a la Agenda M\u00e9rida 2050, es el m\u00e1s avanzado en M\u00e9xico y est\u00e1 construido con tecnolog\u00eda de vanguardia que en conjunto conforman un sistema de control de tr\u00e1fico adaptativo sincronizado desde el C5i de la SSP en tiempo real que permitir\u00e1 priorizar veh\u00edculos de emergencia, seguridad y transporte p\u00fablico, evitando de esta forma, los congestionamientos.<\/span><\/p>\n<p>&nbsp;<\/p>\n<p><span data-removefontsize=\"true\" data-originalcomputedfontsize=\"16\">Entre sus beneficios tambi\u00e9n destaca su contribuci\u00f3n al desarrollo sustentable del estado ya que con la optimizaci\u00f3n de tiempos reduce hasta el 30% de emisiones al minimizar el tiempo de espera y aceleraci\u00f3n de los veh\u00edculos motorizados, tambi\u00e9n un 40% menos de desplazamiento en las avenidas principales, hasta un 30% de ahorro en tiempo durante la semana y el 38% de desplazamientos m\u00e1s r\u00e1pidos durante las llamadas horas pico.<\/span><\/p>\n<p>&nbsp;<\/p>\n<p><span data-removefontsize=\"true\" data-originalcomputedfontsize=\"16\">Hay que recordar que, para garantizar una movilidad m\u00e1s eficiente, accesible y segura para todos, el Programa Conjunto de Mejora a la Movilidad y la Infraestructura Vial, proyecto dentro de la Agenda M\u00e9rida 2050, presentado recientemente por Vila Dosal y Barrera Concha, contempla una serie de acciones coordinadas que se traducir\u00e1n en la generaci\u00f3n de m\u00e1s de 11,000 empleos, entre directos e indirectos, y una inversi\u00f3n total de 760 millones de pesos.<\/span><\/p>\n<p>&nbsp;<\/p>\n<p><span data-removefontsize=\"true\" data-originalcomputedfontsize=\"16\">El mencionado plan consiste en el impulso de intersecciones seguras mediante la intervenci\u00f3n en 16 cruces y glorietas que registran el mayor tr\u00e1fico en la ciudad, el establecimiento de sem\u00e1foros inteligentes, la instalaci\u00f3n de puentes peatonales, la pavimentaci\u00f3n de 21 kil\u00f3metros de calles al interior del Anillo Perif\u00e9rico y la repavimentaci\u00f3n de 10 kil\u00f3metros del Perif\u00e9rico de M\u00e9rida, el cual, aunque es una v\u00eda federal, hasta la fecha no se han recibido recursos para su mantenimiento.<\/span><\/p>\n<p>&nbsp;<\/p>\n<p><span data-removefontsize=\"true\" data-originalcomputedfontsize=\"16\">Las acciones presentadas tienen el objetivo de responder las necesidades debido al acelerado crecimiento urbano de la capital yucateca, ya que de 2010 a 2019, el tama\u00f1o de la poblaci\u00f3n en M\u00e9rida incremento un 25% y en la misma temporalidad, el n\u00famero de veh\u00edculos por habitantes increment\u00f3 el 45% por lo tanto, se duplic\u00f3 el tr\u00e1fico en el Anillo Perif\u00e9rico, actualmente una de las vialidades m\u00e1s peligrosas. Adem\u00e1s, en los \u00faltimos 10 a\u00f1os, el \u00edndice de siniestros viales increment\u00f3 representativamente el 163%, tan s\u00f3lo del a\u00f1o 2018 al 2019, se elev\u00f3 un 32%.\u00a0 <\/span><\/p>\n<p>&nbsp;<\/p>\n<p><span data-removefontsize=\"true\" data-originalcomputedfontsize=\"16\">Es por ello que, como parte de los beneficios del Programa Conjunto de Mejora a la Movilidad y la Infraestructura Vial, se encuentra lograr una movilidad m\u00e1s segura para los ciudadanos, un flujo vehicular m\u00e1s eficiente, una mejora de la imagen tur\u00edstica, as\u00ed como el incremento de la plusval\u00eda en zonas intervenidas, as\u00ed como la derrama econ\u00f3mica y la creaci\u00f3n de miles de nuevas fuentes de empleo para los yucatecos.<\/span><\/p>\n<p>&nbsp;<\/p>\n<p><span data-removefontsize=\"true\" data-originalcomputedfontsize=\"16\">Vila Dosal ha calificado estos proyectos como una apuesta para mejorar el futuro de la ciudad de M\u00e9rida y que contin\u00faen contribuyendo a los logros de Yucat\u00e1n al destacar como una entidad que encabeza las listas en Percepci\u00f3n de Seguridad del INEGI, \u00cdndice de Desarrollo Democr\u00e1tico de la Fundaci\u00f3n Adenauer, Sub\u00edndice de Derecho del IMCO, \u00cdndice de Estado de Derecho del World Justice Project, \u00cdndice de Paz en M\u00e9xico del Instituto para la Econom\u00eda y la Paz.<\/span><\/p>\n<p>&nbsp;<\/p>\n<p><span data-removefontsize=\"true\" data-originalcomputedfontsize=\"16\">Asimismo, en Reducci\u00f3n de la Incidencia Delictiva seg\u00fan el SESNSP, Empresas que se sienten m\u00e1s seguras del INEGI, Confianza en el Gobierno del INEGI-ENCIG 2019, Estado con menor percepci\u00f3n de corrupci\u00f3n hacia su Gobierno estatal de la ENCIG.<\/span><\/p>\n<p>&nbsp;<\/p>\n<p><span data-removefontsize=\"true\" data-originalcomputedfontsize=\"16\">A estos resultados se suma el reconocimiento del Coneval a Yucat\u00e1n como el estado que m\u00e1s apoyos le dio a la gente durante la contingencia sanitaria por el Coronavirus, al presentar el estudio de Panorama de los programas y acciones sociales en las entidades federativas para dar respuesta a los efectos de la pandemia por el virus SARS-CoV-2 (COVID-19).<\/span><\/p>\n<p>&nbsp;<\/p>\n<p><span data-removefontsize=\"true\" data-originalcomputedfontsize=\"16\">Yucat\u00e1n destac\u00f3 debido al otorgamiento de cr\u00e9ditos, subsidios al empleo e incentivos fiscales dispuestos por el Gobernador Mauricio Vila Dosal para respaldar a las familias yucatecas frente a la contingencia y que forman parte de las 20 intervenciones p\u00fablicas desarrolladas en este sentido que contribuyeron a colocar al estado como la entidad federativa con mayor n\u00famero de programas y acciones implementadas en materia de empleo formal frente a esta situaci\u00f3n.<\/span><\/p>\n<\/div>\n","protected":false},"excerpt":{"rendered":"<p>M\u00e9rida, Yucat\u00e1n, 11 de febrero de 2021.- Con el Programa Conjunto de Mejora a la Movilidad y la Infraestructura Vial en M\u00e9rida, que realiza el Gobierno del Estado con el Ayuntamiento de M\u00e9rida, se implementar\u00e1 el uso de tecnolog\u00eda de punta a trav\u00e9s de la instalaci\u00f3n de 321 controladores que operar\u00e1n en 1,234 sem\u00e1foros ya [&hellip;]<\/p>\n","protected":false},"author":2,"featured_media":70050,"comment_status":"closed","ping_status":"closed","sticky":false,"template":"","format":"standard","meta":{"footnotes":""},"categories":[3],"tags":[],"class_list":{"0":"post-70049","1":"post","2":"type-post","3":"status-publish","4":"format-standard","5":"has-post-thumbnail","7":"category-yucatan"},"yoast_head":"<!-- This site is optimized with the Yoast SEO plugin v27.5 - https:\/\/yoast.com\/product\/yoast-seo-wordpress\/ -->\n<title>Con la implementaci\u00f3n de tecnolog\u00eda de punta en los sem\u00e1foros de la capital yucateca, la movilidad urbana se mejorar\u00e1 y ser\u00e1 m\u00e1s segura para peatones, ciclistas y conductores - Yucat\u00e1n en corto<\/title>\n<meta name=\"robots\" content=\"index, follow, max-snippet:-1, max-image-preview:large, max-video-preview:-1\" \/>\n<link rel=\"canonical\" href=\"https:\/\/www.yucatanencorto.com\/noticias\/con-la-implementacion-de-tecnologia-de-punta-en-los-semaforos-de-la-capital-yucateca-la-movilidad-urbana-se-mejorara-y-sera-mas-segura-para-peatones-ciclistas-y-conductores\/\" \/>\n<meta property=\"og:locale\" content=\"es_ES\" \/>\n<meta property=\"og:type\" content=\"article\" \/>\n<meta property=\"og:title\" content=\"Con la implementaci\u00f3n de tecnolog\u00eda de punta en los sem\u00e1foros de la capital yucateca, la movilidad urbana se mejorar\u00e1 y ser\u00e1 m\u00e1s segura para peatones, ciclistas y conductores - Yucat\u00e1n en corto\" \/>\n<meta property=\"og:description\" content=\"M\u00e9rida, Yucat\u00e1n, 11 de febrero de 2021.- Con el Programa Conjunto de Mejora a la Movilidad y la Infraestructura Vial en M\u00e9rida, que realiza el Gobierno del Estado con el Ayuntamiento de M\u00e9rida, se implementar\u00e1 el uso de tecnolog\u00eda de punta a trav\u00e9s de la instalaci\u00f3n de 321 controladores que operar\u00e1n en 1,234 sem\u00e1foros ya [&hellip;]\" \/>\n<meta property=\"og:url\" content=\"https:\/\/www.yucatanencorto.com\/noticias\/con-la-implementacion-de-tecnologia-de-punta-en-los-semaforos-de-la-capital-yucateca-la-movilidad-urbana-se-mejorara-y-sera-mas-segura-para-peatones-ciclistas-y-conductores\/\" \/>\n<meta property=\"og:site_name\" content=\"Yucat\u00e1n en corto\" \/>\n<meta property=\"article:publisher\" content=\"http:\/\/www.facebook.com\/yucatanencorto\" \/>\n<meta property=\"article:published_time\" content=\"2021-02-12T02:53:17+00:00\" \/>\n<meta property=\"og:image\" content=\"https:\/\/www.yucatanencorto.com\/noticias\/wp-content\/uploads\/2021\/02\/2DD6E082-6DE1-49B7-80F3-50A58E979343-scaled.jpeg\" \/>\n\t<meta property=\"og:image:width\" content=\"768\" \/>\n\t<meta property=\"og:image:height\" content=\"512\" \/>\n\t<meta property=\"og:image:type\" content=\"image\/jpeg\" \/>\n<meta name=\"author\" content=\"Yucat\u00e1n en Corto FC\" \/>\n<meta name=\"twitter:card\" content=\"summary_large_image\" \/>\n<meta name=\"twitter:creator\" content=\"@yucatanencorto\" \/>\n<meta name=\"twitter:site\" content=\"@yucatanencorto\" \/>\n<meta name=\"twitter:label1\" content=\"Escrito por\" \/>\n\t<meta name=\"twitter:data1\" content=\"Yucat\u00e1n en Corto FC\" \/>\n\t<meta name=\"twitter:label2\" content=\"Tiempo de lectura\" \/>\n\t<meta name=\"twitter:data2\" content=\"5 minutos\" \/>\n<script type=\"application\/ld+json\" class=\"yoast-schema-graph\">{\"@context\":\"https:\\\/\\\/schema.org\",\"@graph\":[{\"@type\":\"Article\",\"@id\":\"https:\\\/\\\/www.yucatanencorto.com\\\/noticias\\\/con-la-implementacion-de-tecnologia-de-punta-en-los-semaforos-de-la-capital-yucateca-la-movilidad-urbana-se-mejorara-y-sera-mas-segura-para-peatones-ciclistas-y-conductores\\\/#article\",\"isPartOf\":{\"@id\":\"https:\\\/\\\/www.yucatanencorto.com\\\/noticias\\\/con-la-implementacion-de-tecnologia-de-punta-en-los-semaforos-de-la-capital-yucateca-la-movilidad-urbana-se-mejorara-y-sera-mas-segura-para-peatones-ciclistas-y-conductores\\\/\"},\"author\":{\"name\":\"Yucat\u00e1n en Corto FC\",\"@id\":\"https:\\\/\\\/www.yucatanencorto.com\\\/noticias\\\/#\\\/schema\\\/person\\\/14f82d355225a1f4075dd84a31f45a72\"},\"headline\":\"Con la implementaci\u00f3n de tecnolog\u00eda de punta en los sem\u00e1foros de la capital yucateca, la movilidad urbana se mejorar\u00e1 y ser\u00e1 m\u00e1s segura para peatones, ciclistas y conductores\",\"datePublished\":\"2021-02-12T02:53:17+00:00\",\"mainEntityOfPage\":{\"@id\":\"https:\\\/\\\/www.yucatanencorto.com\\\/noticias\\\/con-la-implementacion-de-tecnologia-de-punta-en-los-semaforos-de-la-capital-yucateca-la-movilidad-urbana-se-mejorara-y-sera-mas-segura-para-peatones-ciclistas-y-conductores\\\/\"},\"wordCount\":1069,\"image\":{\"@id\":\"https:\\\/\\\/www.yucatanencorto.com\\\/noticias\\\/con-la-implementacion-de-tecnologia-de-punta-en-los-semaforos-de-la-capital-yucateca-la-movilidad-urbana-se-mejorara-y-sera-mas-segura-para-peatones-ciclistas-y-conductores\\\/#primaryimage\"},\"thumbnailUrl\":\"https:\\\/\\\/www.yucatanencorto.com\\\/noticias\\\/wp-content\\\/uploads\\\/2021\\\/02\\\/2DD6E082-6DE1-49B7-80F3-50A58E979343-scaled.jpeg\",\"articleSection\":[\"Yucat\u00e1n\"],\"inLanguage\":\"es\"},{\"@type\":\"WebPage\",\"@id\":\"https:\\\/\\\/www.yucatanencorto.com\\\/noticias\\\/con-la-implementacion-de-tecnologia-de-punta-en-los-semaforos-de-la-capital-yucateca-la-movilidad-urbana-se-mejorara-y-sera-mas-segura-para-peatones-ciclistas-y-conductores\\\/\",\"url\":\"https:\\\/\\\/www.yucatanencorto.com\\\/noticias\\\/con-la-implementacion-de-tecnologia-de-punta-en-los-semaforos-de-la-capital-yucateca-la-movilidad-urbana-se-mejorara-y-sera-mas-segura-para-peatones-ciclistas-y-conductores\\\/\",\"name\":\"Con la implementaci\u00f3n de tecnolog\u00eda de punta en los sem\u00e1foros de la capital yucateca, la movilidad urbana se mejorar\u00e1 y ser\u00e1 m\u00e1s segura para peatones, ciclistas y conductores - Yucat\u00e1n en corto\",\"isPartOf\":{\"@id\":\"https:\\\/\\\/www.yucatanencorto.com\\\/noticias\\\/#website\"},\"primaryImageOfPage\":{\"@id\":\"https:\\\/\\\/www.yucatanencorto.com\\\/noticias\\\/con-la-implementacion-de-tecnologia-de-punta-en-los-semaforos-de-la-capital-yucateca-la-movilidad-urbana-se-mejorara-y-sera-mas-segura-para-peatones-ciclistas-y-conductores\\\/#primaryimage\"},\"image\":{\"@id\":\"https:\\\/\\\/www.yucatanencorto.com\\\/noticias\\\/con-la-implementacion-de-tecnologia-de-punta-en-los-semaforos-de-la-capital-yucateca-la-movilidad-urbana-se-mejorara-y-sera-mas-segura-para-peatones-ciclistas-y-conductores\\\/#primaryimage\"},\"thumbnailUrl\":\"https:\\\/\\\/www.yucatanencorto.com\\\/noticias\\\/wp-content\\\/uploads\\\/2021\\\/02\\\/2DD6E082-6DE1-49B7-80F3-50A58E979343-scaled.jpeg\",\"datePublished\":\"2021-02-12T02:53:17+00:00\",\"author\":{\"@id\":\"https:\\\/\\\/www.yucatanencorto.com\\\/noticias\\\/#\\\/schema\\\/person\\\/14f82d355225a1f4075dd84a31f45a72\"},\"breadcrumb\":{\"@id\":\"https:\\\/\\\/www.yucatanencorto.com\\\/noticias\\\/con-la-implementacion-de-tecnologia-de-punta-en-los-semaforos-de-la-capital-yucateca-la-movilidad-urbana-se-mejorara-y-sera-mas-segura-para-peatones-ciclistas-y-conductores\\\/#breadcrumb\"},\"inLanguage\":\"es\",\"potentialAction\":[{\"@type\":\"ReadAction\",\"target\":[\"https:\\\/\\\/www.yucatanencorto.com\\\/noticias\\\/con-la-implementacion-de-tecnologia-de-punta-en-los-semaforos-de-la-capital-yucateca-la-movilidad-urbana-se-mejorara-y-sera-mas-segura-para-peatones-ciclistas-y-conductores\\\/\"]}]},{\"@type\":\"ImageObject\",\"inLanguage\":\"es\",\"@id\":\"https:\\\/\\\/www.yucatanencorto.com\\\/noticias\\\/con-la-implementacion-de-tecnologia-de-punta-en-los-semaforos-de-la-capital-yucateca-la-movilidad-urbana-se-mejorara-y-sera-mas-segura-para-peatones-ciclistas-y-conductores\\\/#primaryimage\",\"url\":\"https:\\\/\\\/www.yucatanencorto.com\\\/noticias\\\/wp-content\\\/uploads\\\/2021\\\/02\\\/2DD6E082-6DE1-49B7-80F3-50A58E979343-scaled.jpeg\",\"contentUrl\":\"https:\\\/\\\/www.yucatanencorto.com\\\/noticias\\\/wp-content\\\/uploads\\\/2021\\\/02\\\/2DD6E082-6DE1-49B7-80F3-50A58E979343-scaled.jpeg\",\"width\":768,\"height\":512},{\"@type\":\"BreadcrumbList\",\"@id\":\"https:\\\/\\\/www.yucatanencorto.com\\\/noticias\\\/con-la-implementacion-de-tecnologia-de-punta-en-los-semaforos-de-la-capital-yucateca-la-movilidad-urbana-se-mejorara-y-sera-mas-segura-para-peatones-ciclistas-y-conductores\\\/#breadcrumb\",\"itemListElement\":[{\"@type\":\"ListItem\",\"position\":1,\"name\":\"Portada\",\"item\":\"https:\\\/\\\/www.yucatanencorto.com\\\/noticias\\\/\"},{\"@type\":\"ListItem\",\"position\":2,\"name\":\"Con la implementaci\u00f3n de tecnolog\u00eda de punta en los sem\u00e1foros de la capital yucateca, la movilidad urbana se mejorar\u00e1 y ser\u00e1 m\u00e1s segura para peatones, ciclistas y conductores\"}]},{\"@type\":\"WebSite\",\"@id\":\"https:\\\/\\\/www.yucatanencorto.com\\\/noticias\\\/#website\",\"url\":\"https:\\\/\\\/www.yucatanencorto.com\\\/noticias\\\/\",\"name\":\"Yucat\u00e1n en corto\",\"description\":\"Noticias\",\"potentialAction\":[{\"@type\":\"SearchAction\",\"target\":{\"@type\":\"EntryPoint\",\"urlTemplate\":\"https:\\\/\\\/www.yucatanencorto.com\\\/noticias\\\/?s={search_term_string}\"},\"query-input\":{\"@type\":\"PropertyValueSpecification\",\"valueRequired\":true,\"valueName\":\"search_term_string\"}}],\"inLanguage\":\"es\"},{\"@type\":\"Person\",\"@id\":\"https:\\\/\\\/www.yucatanencorto.com\\\/noticias\\\/#\\\/schema\\\/person\\\/14f82d355225a1f4075dd84a31f45a72\",\"name\":\"Yucat\u00e1n en Corto FC\",\"image\":{\"@type\":\"ImageObject\",\"inLanguage\":\"es\",\"@id\":\"https:\\\/\\\/secure.gravatar.com\\\/avatar\\\/147d4b30cd728c53c29c49a3f7834dedca33707f4cd259761355846009a88250?s=96&d=mm&r=g\",\"url\":\"https:\\\/\\\/secure.gravatar.com\\\/avatar\\\/147d4b30cd728c53c29c49a3f7834dedca33707f4cd259761355846009a88250?s=96&d=mm&r=g\",\"contentUrl\":\"https:\\\/\\\/secure.gravatar.com\\\/avatar\\\/147d4b30cd728c53c29c49a3f7834dedca33707f4cd259761355846009a88250?s=96&d=mm&r=g\",\"caption\":\"Yucat\u00e1n en Corto FC\"},\"url\":\"https:\\\/\\\/www.yucatanencorto.com\\\/noticias\\\/author\\\/flor\\\/\"}]}<\/script>\n<!-- \/ Yoast SEO plugin. -->","yoast_head_json":{"title":"Con la implementaci\u00f3n de tecnolog\u00eda de punta en los sem\u00e1foros de la capital yucateca, la movilidad urbana se mejorar\u00e1 y ser\u00e1 m\u00e1s segura para peatones, ciclistas y conductores - Yucat\u00e1n en corto","robots":{"index":"index","follow":"follow","max-snippet":"max-snippet:-1","max-image-preview":"max-image-preview:large","max-video-preview":"max-video-preview:-1"},"canonical":"https:\/\/www.yucatanencorto.com\/noticias\/con-la-implementacion-de-tecnologia-de-punta-en-los-semaforos-de-la-capital-yucateca-la-movilidad-urbana-se-mejorara-y-sera-mas-segura-para-peatones-ciclistas-y-conductores\/","og_locale":"es_ES","og_type":"article","og_title":"Con la implementaci\u00f3n de tecnolog\u00eda de punta en los sem\u00e1foros de la capital yucateca, la movilidad urbana se mejorar\u00e1 y ser\u00e1 m\u00e1s segura para peatones, ciclistas y conductores - Yucat\u00e1n en corto","og_description":"M\u00e9rida, Yucat\u00e1n, 11 de febrero de 2021.- Con el Programa Conjunto de Mejora a la Movilidad y la Infraestructura Vial en M\u00e9rida, que realiza el Gobierno del Estado con el Ayuntamiento de M\u00e9rida, se implementar\u00e1 el uso de tecnolog\u00eda de punta a trav\u00e9s de la instalaci\u00f3n de 321 controladores que operar\u00e1n en 1,234 sem\u00e1foros ya [&hellip;]","og_url":"https:\/\/www.yucatanencorto.com\/noticias\/con-la-implementacion-de-tecnologia-de-punta-en-los-semaforos-de-la-capital-yucateca-la-movilidad-urbana-se-mejorara-y-sera-mas-segura-para-peatones-ciclistas-y-conductores\/","og_site_name":"Yucat\u00e1n en corto","article_publisher":"http:\/\/www.facebook.com\/yucatanencorto","article_published_time":"2021-02-12T02:53:17+00:00","og_image":[{"width":768,"height":512,"url":"https:\/\/www.yucatanencorto.com\/noticias\/wp-content\/uploads\/2021\/02\/2DD6E082-6DE1-49B7-80F3-50A58E979343-scaled.jpeg","type":"image\/jpeg"}],"author":"Yucat\u00e1n en Corto FC","twitter_card":"summary_large_image","twitter_creator":"@yucatanencorto","twitter_site":"@yucatanencorto","twitter_misc":{"Escrito por":"Yucat\u00e1n en Corto FC","Tiempo de lectura":"5 minutos"},"schema":{"@context":"https:\/\/schema.org","@graph":[{"@type":"Article","@id":"https:\/\/www.yucatanencorto.com\/noticias\/con-la-implementacion-de-tecnologia-de-punta-en-los-semaforos-de-la-capital-yucateca-la-movilidad-urbana-se-mejorara-y-sera-mas-segura-para-peatones-ciclistas-y-conductores\/#article","isPartOf":{"@id":"https:\/\/www.yucatanencorto.com\/noticias\/con-la-implementacion-de-tecnologia-de-punta-en-los-semaforos-de-la-capital-yucateca-la-movilidad-urbana-se-mejorara-y-sera-mas-segura-para-peatones-ciclistas-y-conductores\/"},"author":{"name":"Yucat\u00e1n en Corto FC","@id":"https:\/\/www.yucatanencorto.com\/noticias\/#\/schema\/person\/14f82d355225a1f4075dd84a31f45a72"},"headline":"Con la implementaci\u00f3n de tecnolog\u00eda de punta en los sem\u00e1foros de la capital yucateca, la movilidad urbana se mejorar\u00e1 y ser\u00e1 m\u00e1s segura para peatones, ciclistas y conductores","datePublished":"2021-02-12T02:53:17+00:00","mainEntityOfPage":{"@id":"https:\/\/www.yucatanencorto.com\/noticias\/con-la-implementacion-de-tecnologia-de-punta-en-los-semaforos-de-la-capital-yucateca-la-movilidad-urbana-se-mejorara-y-sera-mas-segura-para-peatones-ciclistas-y-conductores\/"},"wordCount":1069,"image":{"@id":"https:\/\/www.yucatanencorto.com\/noticias\/con-la-implementacion-de-tecnologia-de-punta-en-los-semaforos-de-la-capital-yucateca-la-movilidad-urbana-se-mejorara-y-sera-mas-segura-para-peatones-ciclistas-y-conductores\/#primaryimage"},"thumbnailUrl":"https:\/\/www.yucatanencorto.com\/noticias\/wp-content\/uploads\/2021\/02\/2DD6E082-6DE1-49B7-80F3-50A58E979343-scaled.jpeg","articleSection":["Yucat\u00e1n"],"inLanguage":"es"},{"@type":"WebPage","@id":"https:\/\/www.yucatanencorto.com\/noticias\/con-la-implementacion-de-tecnologia-de-punta-en-los-semaforos-de-la-capital-yucateca-la-movilidad-urbana-se-mejorara-y-sera-mas-segura-para-peatones-ciclistas-y-conductores\/","url":"https:\/\/www.yucatanencorto.com\/noticias\/con-la-implementacion-de-tecnologia-de-punta-en-los-semaforos-de-la-capital-yucateca-la-movilidad-urbana-se-mejorara-y-sera-mas-segura-para-peatones-ciclistas-y-conductores\/","name":"Con la implementaci\u00f3n de tecnolog\u00eda de punta en los sem\u00e1foros de la capital yucateca, la movilidad urbana se mejorar\u00e1 y ser\u00e1 m\u00e1s segura para peatones, ciclistas y conductores - Yucat\u00e1n en corto","isPartOf":{"@id":"https:\/\/www.yucatanencorto.com\/noticias\/#website"},"primaryImageOfPage":{"@id":"https:\/\/www.yucatanencorto.com\/noticias\/con-la-implementacion-de-tecnologia-de-punta-en-los-semaforos-de-la-capital-yucateca-la-movilidad-urbana-se-mejorara-y-sera-mas-segura-para-peatones-ciclistas-y-conductores\/#primaryimage"},"image":{"@id":"https:\/\/www.yucatanencorto.com\/noticias\/con-la-implementacion-de-tecnologia-de-punta-en-los-semaforos-de-la-capital-yucateca-la-movilidad-urbana-se-mejorara-y-sera-mas-segura-para-peatones-ciclistas-y-conductores\/#primaryimage"},"thumbnailUrl":"https:\/\/www.yucatanencorto.com\/noticias\/wp-content\/uploads\/2021\/02\/2DD6E082-6DE1-49B7-80F3-50A58E979343-scaled.jpeg","datePublished":"2021-02-12T02:53:17+00:00","author":{"@id":"https:\/\/www.yucatanencorto.com\/noticias\/#\/schema\/person\/14f82d355225a1f4075dd84a31f45a72"},"breadcrumb":{"@id":"https:\/\/www.yucatanencorto.com\/noticias\/con-la-implementacion-de-tecnologia-de-punta-en-los-semaforos-de-la-capital-yucateca-la-movilidad-urbana-se-mejorara-y-sera-mas-segura-para-peatones-ciclistas-y-conductores\/#breadcrumb"},"inLanguage":"es","potentialAction":[{"@type":"ReadAction","target":["https:\/\/www.yucatanencorto.com\/noticias\/con-la-implementacion-de-tecnologia-de-punta-en-los-semaforos-de-la-capital-yucateca-la-movilidad-urbana-se-mejorara-y-sera-mas-segura-para-peatones-ciclistas-y-conductores\/"]}]},{"@type":"ImageObject","inLanguage":"es","@id":"https:\/\/www.yucatanencorto.com\/noticias\/con-la-implementacion-de-tecnologia-de-punta-en-los-semaforos-de-la-capital-yucateca-la-movilidad-urbana-se-mejorara-y-sera-mas-segura-para-peatones-ciclistas-y-conductores\/#primaryimage","url":"https:\/\/www.yucatanencorto.com\/noticias\/wp-content\/uploads\/2021\/02\/2DD6E082-6DE1-49B7-80F3-50A58E979343-scaled.jpeg","contentUrl":"https:\/\/www.yucatanencorto.com\/noticias\/wp-content\/uploads\/2021\/02\/2DD6E082-6DE1-49B7-80F3-50A58E979343-scaled.jpeg","width":768,"height":512},{"@type":"BreadcrumbList","@id":"https:\/\/www.yucatanencorto.com\/noticias\/con-la-implementacion-de-tecnologia-de-punta-en-los-semaforos-de-la-capital-yucateca-la-movilidad-urbana-se-mejorara-y-sera-mas-segura-para-peatones-ciclistas-y-conductores\/#breadcrumb","itemListElement":[{"@type":"ListItem","position":1,"name":"Portada","item":"https:\/\/www.yucatanencorto.com\/noticias\/"},{"@type":"ListItem","position":2,"name":"Con la implementaci\u00f3n de tecnolog\u00eda de punta en los sem\u00e1foros de la capital yucateca, la movilidad urbana se mejorar\u00e1 y ser\u00e1 m\u00e1s segura para peatones, ciclistas y conductores"}]},{"@type":"WebSite","@id":"https:\/\/www.yucatanencorto.com\/noticias\/#website","url":"https:\/\/www.yucatanencorto.com\/noticias\/","name":"Yucat\u00e1n en corto","description":"Noticias","potentialAction":[{"@type":"SearchAction","target":{"@type":"EntryPoint","urlTemplate":"https:\/\/www.yucatanencorto.com\/noticias\/?s={search_term_string}"},"query-input":{"@type":"PropertyValueSpecification","valueRequired":true,"valueName":"search_term_string"}}],"inLanguage":"es"},{"@type":"Person","@id":"https:\/\/www.yucatanencorto.com\/noticias\/#\/schema\/person\/14f82d355225a1f4075dd84a31f45a72","name":"Yucat\u00e1n en Corto FC","image":{"@type":"ImageObject","inLanguage":"es","@id":"https:\/\/secure.gravatar.com\/avatar\/147d4b30cd728c53c29c49a3f7834dedca33707f4cd259761355846009a88250?s=96&d=mm&r=g","url":"https:\/\/secure.gravatar.com\/avatar\/147d4b30cd728c53c29c49a3f7834dedca33707f4cd259761355846009a88250?s=96&d=mm&r=g","contentUrl":"https:\/\/secure.gravatar.com\/avatar\/147d4b30cd728c53c29c49a3f7834dedca33707f4cd259761355846009a88250?s=96&d=mm&r=g","caption":"Yucat\u00e1n en Corto FC"},"url":"https:\/\/www.yucatanencorto.com\/noticias\/author\/flor\/"}]}},"_links":{"self":[{"href":"https:\/\/www.yucatanencorto.com\/noticias\/wp-json\/wp\/v2\/posts\/70049","targetHints":{"allow":["GET"]}}],"collection":[{"href":"https:\/\/www.yucatanencorto.com\/noticias\/wp-json\/wp\/v2\/posts"}],"about":[{"href":"https:\/\/www.yucatanencorto.com\/noticias\/wp-json\/wp\/v2\/types\/post"}],"author":[{"embeddable":true,"href":"https:\/\/www.yucatanencorto.com\/noticias\/wp-json\/wp\/v2\/users\/2"}],"replies":[{"embeddable":true,"href":"https:\/\/www.yucatanencorto.com\/noticias\/wp-json\/wp\/v2\/comments?post=70049"}],"version-history":[{"count":0,"href":"https:\/\/www.yucatanencorto.com\/noticias\/wp-json\/wp\/v2\/posts\/70049\/revisions"}],"wp:featuredmedia":[{"embeddable":true,"href":"https:\/\/www.yucatanencorto.com\/noticias\/wp-json\/wp\/v2\/media\/70050"}],"wp:attachment":[{"href":"https:\/\/www.yucatanencorto.com\/noticias\/wp-json\/wp\/v2\/media?parent=70049"}],"wp:term":[{"taxonomy":"category","embeddable":true,"href":"https:\/\/www.yucatanencorto.com\/noticias\/wp-json\/wp\/v2\/categories?post=70049"},{"taxonomy":"post_tag","embeddable":true,"href":"https:\/\/www.yucatanencorto.com\/noticias\/wp-json\/wp\/v2\/tags?post=70049"}],"curies":[{"name":"wp","href":"https:\/\/api.w.org\/{rel}","templated":true}]}}