{"id":70052,"date":"2021-02-12T19:51:15","date_gmt":"2021-02-13T01:51:15","guid":{"rendered":"https:\/\/www.yucatanencorto.com\/noticias\/?p=70052"},"modified":"2021-02-12T19:51:15","modified_gmt":"2021-02-13T01:51:15","slug":"destacan-esfuerzo-de-la-tercera-generacion-de-emprendedores-yo-soy-parte-de-los-100-2020","status":"publish","type":"post","link":"https:\/\/www.yucatanencorto.com\/noticias\/destacan-esfuerzo-de-la-tercera-generacion-de-emprendedores-yo-soy-parte-de-los-100-2020\/","title":{"rendered":"Destacan esfuerzo de la tercera generaci\u00f3n de emprendedores \u201cYo soy parte de los 100\u201d 2020"},"content":{"rendered":"<div dir=\"ltr\">\n<p><img loading=\"lazy\" decoding=\"async\" class=\"alignnone size-full wp-image-70054\" src=\"https:\/\/www.yucatanencorto.com\/noticias\/wp-content\/uploads\/2021\/02\/Emprendedores2021-02-12-at-3.15.56-PM-scaled.jpeg\" alt=\"\" width=\"768\" height=\"512\" srcset=\"https:\/\/www.yucatanencorto.com\/noticias\/wp-content\/uploads\/2021\/02\/Emprendedores2021-02-12-at-3.15.56-PM-scaled.jpeg 768w, https:\/\/www.yucatanencorto.com\/noticias\/wp-content\/uploads\/2021\/02\/Emprendedores2021-02-12-at-3.15.56-PM-696x464.jpeg 696w, https:\/\/www.yucatanencorto.com\/noticias\/wp-content\/uploads\/2021\/02\/Emprendedores2021-02-12-at-3.15.56-PM-1068x712.jpeg 1068w, https:\/\/www.yucatanencorto.com\/noticias\/wp-content\/uploads\/2021\/02\/Emprendedores2021-02-12-at-3.15.56-PM-630x420.jpeg 630w\" sizes=\"auto, (max-width: 768px) 100vw, 768px\" \/>M\u00e9rida, 12 de febrero de 2021. La pandemia ocasionada por el Covid 19 ha puesto a prueba la capacidad y el ingenio de los meridanos para reinventarse y\u00a0 es aqu\u00ed en donde el Ayuntamiento que encabeza el alcalde Ren\u00e1n Barrera Concha refrenda su compromiso de brindar pol\u00edticas p\u00fablicas de vanguardia para apoyar a quienes buscan salir adelante.<\/p>\n<p>Al presidir la entrega de reconocimientos a la tercera generaci\u00f3n de emprendedores del programa \u201cSoy parte de los 100\u201d 2020, el alcalde, reconoci\u00f3 el esfuerzo e inter\u00e9s de los egresados a quienes felicit\u00f3 por ser ejemplo de lucha en la incubaci\u00f3n de negocios a pesar de la adversidad generada por el Covid-19.<\/p>\n<p>\u2014 Ustedes son el mejor ejemplo para las futuras generaciones, porque emprender en estos tiempos de adversidad los convierte en la generaci\u00f3n de la esperanza porque entraron a un mundo que cambi\u00f3 durante su proceso, por eso tiene un gran significado para nosotros poder mostrarles a miles de ciudadanos que s\u00ed se pueden lograr los sue\u00f1os\u2014 expres\u00f3.<\/p>\n<p>El Presidente Municipal dijo que ser testigo de la primera generaci\u00f3n de emprendedores que egresa mediante un formato digital debido a la contingencia sanitaria por el Covid-19, motiva a la autoridad municipal a seguir invirtiendo en pol\u00edticas p\u00fablicas que\u00a0 impulsen iniciativas innovadoras e integrales para seguir vinculando a la ciudadan\u00eda con el emprendedurismo.<\/p>\n<p>A nombre de sus compa\u00f1eros de generaci\u00f3n, Jacqueline Ramos Arce, emprendedora y representante de la marca \u201cNichaak\u201d, coment\u00f3 que formar parte del programa \u201cSoy parte de los 100\u201d ha sido uno de los mejores aciertos en su camino ya que le permiti\u00f3 despejar dudas y temores y le ayud\u00f3 a afrontar con seguridad los riesgos de emprender.<\/p>\n<p>Asimismo, agradeci\u00f3 al Ayuntamiento y en especial al Alcalde por promover este tipo de programas que\u00a0 permiten ayudar al desarrollo econ\u00f3mico del municipio al promover el consumo local y el desarrollo de proyectos familiares.<\/p>\n<p>\u2014Ahora tengo un verdadero plan de trabajo con estrategias definidas y motivaci\u00f3n al \u00e9xito y pronto daremos mejores resultados\u2014indic\u00f3.<\/p>\n<p>Otro de los beneficiados, Carlos Candelero Angulo, representante de la marca \u201cCandeleros decoraciones\u201d, resalt\u00f3 que formar parte de la tercera generaci\u00f3n de emprendedores ha sido un impulso muy grande para\u00a0 materializar su proyecto de negocio.<\/p>\n<p>\u2014Estamos muy agradecidos con el municipio por todo el apoyo que nos ha dado ya que ha sido la plataforma para darnos ese impulso que muchos necesitamos para sacar adelante nuestros proyectos \u2014expres\u00f3.<\/p>\n<p>Por su parte, el Primer Edil subray\u00f3 que para el Ayuntamiento que encabeza es de gran satisfacci\u00f3n contribuir al mejoramiento de este sector con programas y acciones que ayuden a cristalizar sus sue\u00f1os y proyectos que adem\u00e1s de brindar beneficios a sus familias y a la comunidad contribuye a seguir construyendo la M\u00e9rida de Diez que tanto anhelamos los meridanos.<\/p>\n<p>\u2014Esto jam\u00e1s lo alcanzar\u00edamos si no tuvi\u00e9semos ciudadanas y ciudadanos comprometidos como ustedes. El hecho de que hayan decidido acercarse al Ayuntamiento, al Centro Municipal de Emprendedores para arriesgarse y poner todos sus esfuerzos en un producto es sin duda un acto de hero\u00edsmo y como Ayuntamiento aqu\u00ed estaremos siempre para aplaudir su \u00e9xito\u2014 mencion\u00f3.<\/p>\n<p>Acompa\u00f1ado de Eduardo Seijo Sol\u00eds, director de Desarrollo Econ\u00f3mico y Turismo, Barrera Concha agreg\u00f3 que una administraci\u00f3n municipal no solamente se trata de hacer calles, luminarias y parques, sino tambi\u00e9n de invertir en las personas\u00a0 emprendedoras acompa\u00f1\u00e1ndolas durante el proceso para que puedan crear y lograr su propio negocio.<\/p>\n<p>\u2014 Para que un emprendimiento pueda ser exitoso, no solo se trata de darles el capital hay que brindarles tambi\u00e9n el acompa\u00f1amiento y las tutor\u00edas, para que ese capital pueda multiplicarse y dar mejores resultados\u2014 dijo.<\/p>\n<p>En su turno, Seijo Sol\u00eds inform\u00f3 que en esta generaci\u00f3n egresan\u00a0 60 emprendedores de los cuales 37 son mujeres y 23 son hombres.<\/p>\n<p>Asimismo, detall\u00f3 que del total de proyectos impulsados, 44% pertenecen al ramo de alimentos y bebidas; 14% a servicios\u00a0 profesionales; 13% salud y belleza; 11% dise\u00f1o textil; 10% ecolog\u00eda y 8% hogar y decoraci\u00f3n.<\/p>\n<p>El funcionario indic\u00f3 que la contingencia sanitaria oblig\u00f3 al Ayuntamiento a cambiar el formato del programa el cual pas\u00f3 de ser presencial a digital. En ese sentido mencion\u00f3 que a trav\u00e9s de la plataforma digital ZOOM, se ofrecieron en total: 37 cursos y talleres; 2 mil 025 horas de mentor\u00edas para el desarrollo de modelos de negocios que se han llevado a cabo a trav\u00e9s de plataformas virtuales, correo electr\u00f3nico y video llamadas de trabajo personalizado, y se impartieron 190 horas de asesor\u00edas sobre dise\u00f1o e imagen.<\/p>\n<p>Aunado a lo anterior, 35 emprendedores recibieron un apoyo econ\u00f3mico por $2,000 para el pago del registro de su\u00a0 marca ante el Instituto Mexicano de la Propiedad Intelectual. Los beneficiarios recibieron 67 sesiones de asesor\u00eda individual para la revisi\u00f3n de cada marca a registrar.<\/p>\n<p>De igual forma, en apoyo a la formaci\u00f3n de los emprendedores, la Comuna entreg\u00f3 40 tabletas electr\u00f3nicas con una inversi\u00f3n de 61 mil 200 pesos.<\/p>\n<p>Al evento que se realiz\u00f3 en la sala \u201cFernando Espejo\u201d del Centro Cultural de M\u00e9rida Olimpo, acudi\u00f3 la regidora Karla Salazar Gonz\u00e1lez, presidenta de la Comisi\u00f3n de Desarrollo Econ\u00f3mico y Turismo.<\/p>\n<\/div>\n","protected":false},"excerpt":{"rendered":"<p>M\u00e9rida, 12 de febrero de 2021. La pandemia ocasionada por el Covid 19 ha puesto a prueba la capacidad y el ingenio de los meridanos para reinventarse y\u00a0 es aqu\u00ed en donde el Ayuntamiento que encabeza el alcalde Ren\u00e1n Barrera Concha refrenda su compromiso de brindar pol\u00edticas p\u00fablicas de vanguardia para apoyar a quienes buscan [&hellip;]<\/p>\n","protected":false},"author":2,"featured_media":70054,"comment_status":"closed","ping_status":"closed","sticky":false,"template":"","format":"standard","meta":{"footnotes":""},"categories":[2],"tags":[],"class_list":{"0":"post-70052","1":"post","2":"type-post","3":"status-publish","4":"format-standard","5":"has-post-thumbnail","7":"category-merida"},"yoast_head":"<!-- This site is optimized with the Yoast SEO plugin v27.5 - https:\/\/yoast.com\/product\/yoast-seo-wordpress\/ -->\n<title>Destacan esfuerzo de la tercera generaci\u00f3n de emprendedores \u201cYo soy parte de los 100\u201d 2020 - Yucat\u00e1n en corto<\/title>\n<meta name=\"robots\" content=\"index, follow, max-snippet:-1, max-image-preview:large, max-video-preview:-1\" \/>\n<link rel=\"canonical\" href=\"https:\/\/www.yucatanencorto.com\/noticias\/destacan-esfuerzo-de-la-tercera-generacion-de-emprendedores-yo-soy-parte-de-los-100-2020\/\" \/>\n<meta property=\"og:locale\" content=\"es_ES\" \/>\n<meta property=\"og:type\" content=\"article\" \/>\n<meta property=\"og:title\" content=\"Destacan esfuerzo de la tercera generaci\u00f3n de emprendedores \u201cYo soy parte de los 100\u201d 2020 - Yucat\u00e1n en corto\" \/>\n<meta property=\"og:description\" content=\"M\u00e9rida, 12 de febrero de 2021. La pandemia ocasionada por el Covid 19 ha puesto a prueba la capacidad y el ingenio de los meridanos para reinventarse y\u00a0 es aqu\u00ed en donde el Ayuntamiento que encabeza el alcalde Ren\u00e1n Barrera Concha refrenda su compromiso de brindar pol\u00edticas p\u00fablicas de vanguardia para apoyar a quienes buscan [&hellip;]\" \/>\n<meta property=\"og:url\" content=\"https:\/\/www.yucatanencorto.com\/noticias\/destacan-esfuerzo-de-la-tercera-generacion-de-emprendedores-yo-soy-parte-de-los-100-2020\/\" \/>\n<meta property=\"og:site_name\" content=\"Yucat\u00e1n en corto\" \/>\n<meta property=\"article:publisher\" content=\"http:\/\/www.facebook.com\/yucatanencorto\" \/>\n<meta property=\"article:published_time\" content=\"2021-02-13T01:51:15+00:00\" \/>\n<meta property=\"og:image\" content=\"https:\/\/www.yucatanencorto.com\/noticias\/wp-content\/uploads\/2021\/02\/Emprendedores2021-02-12-at-3.15.56-PM-scaled.jpeg\" \/>\n\t<meta property=\"og:image:width\" content=\"768\" \/>\n\t<meta property=\"og:image:height\" content=\"512\" \/>\n\t<meta property=\"og:image:type\" content=\"image\/jpeg\" \/>\n<meta name=\"author\" content=\"Yucat\u00e1n en Corto FC\" \/>\n<meta name=\"twitter:card\" content=\"summary_large_image\" \/>\n<meta name=\"twitter:creator\" content=\"@yucatanencorto\" \/>\n<meta name=\"twitter:site\" content=\"@yucatanencorto\" \/>\n<meta name=\"twitter:label1\" content=\"Escrito por\" \/>\n\t<meta name=\"twitter:data1\" content=\"Yucat\u00e1n en Corto FC\" \/>\n\t<meta name=\"twitter:label2\" content=\"Tiempo de lectura\" \/>\n\t<meta name=\"twitter:data2\" content=\"4 minutos\" \/>\n<script type=\"application\/ld+json\" class=\"yoast-schema-graph\">{\"@context\":\"https:\\\/\\\/schema.org\",\"@graph\":[{\"@type\":\"Article\",\"@id\":\"https:\\\/\\\/www.yucatanencorto.com\\\/noticias\\\/destacan-esfuerzo-de-la-tercera-generacion-de-emprendedores-yo-soy-parte-de-los-100-2020\\\/#article\",\"isPartOf\":{\"@id\":\"https:\\\/\\\/www.yucatanencorto.com\\\/noticias\\\/destacan-esfuerzo-de-la-tercera-generacion-de-emprendedores-yo-soy-parte-de-los-100-2020\\\/\"},\"author\":{\"name\":\"Yucat\u00e1n en Corto FC\",\"@id\":\"https:\\\/\\\/www.yucatanencorto.com\\\/noticias\\\/#\\\/schema\\\/person\\\/14f82d355225a1f4075dd84a31f45a72\"},\"headline\":\"Destacan esfuerzo de la tercera generaci\u00f3n de emprendedores \u201cYo soy parte de los 100\u201d 2020\",\"datePublished\":\"2021-02-13T01:51:15+00:00\",\"mainEntityOfPage\":{\"@id\":\"https:\\\/\\\/www.yucatanencorto.com\\\/noticias\\\/destacan-esfuerzo-de-la-tercera-generacion-de-emprendedores-yo-soy-parte-de-los-100-2020\\\/\"},\"wordCount\":885,\"image\":{\"@id\":\"https:\\\/\\\/www.yucatanencorto.com\\\/noticias\\\/destacan-esfuerzo-de-la-tercera-generacion-de-emprendedores-yo-soy-parte-de-los-100-2020\\\/#primaryimage\"},\"thumbnailUrl\":\"https:\\\/\\\/www.yucatanencorto.com\\\/noticias\\\/wp-content\\\/uploads\\\/2021\\\/02\\\/Emprendedores2021-02-12-at-3.15.56-PM-scaled.jpeg\",\"articleSection\":[\"M\u00e9rida\"],\"inLanguage\":\"es\"},{\"@type\":\"WebPage\",\"@id\":\"https:\\\/\\\/www.yucatanencorto.com\\\/noticias\\\/destacan-esfuerzo-de-la-tercera-generacion-de-emprendedores-yo-soy-parte-de-los-100-2020\\\/\",\"url\":\"https:\\\/\\\/www.yucatanencorto.com\\\/noticias\\\/destacan-esfuerzo-de-la-tercera-generacion-de-emprendedores-yo-soy-parte-de-los-100-2020\\\/\",\"name\":\"Destacan esfuerzo de la tercera generaci\u00f3n de emprendedores \u201cYo soy parte de los 100\u201d 2020 - Yucat\u00e1n en corto\",\"isPartOf\":{\"@id\":\"https:\\\/\\\/www.yucatanencorto.com\\\/noticias\\\/#website\"},\"primaryImageOfPage\":{\"@id\":\"https:\\\/\\\/www.yucatanencorto.com\\\/noticias\\\/destacan-esfuerzo-de-la-tercera-generacion-de-emprendedores-yo-soy-parte-de-los-100-2020\\\/#primaryimage\"},\"image\":{\"@id\":\"https:\\\/\\\/www.yucatanencorto.com\\\/noticias\\\/destacan-esfuerzo-de-la-tercera-generacion-de-emprendedores-yo-soy-parte-de-los-100-2020\\\/#primaryimage\"},\"thumbnailUrl\":\"https:\\\/\\\/www.yucatanencorto.com\\\/noticias\\\/wp-content\\\/uploads\\\/2021\\\/02\\\/Emprendedores2021-02-12-at-3.15.56-PM-scaled.jpeg\",\"datePublished\":\"2021-02-13T01:51:15+00:00\",\"author\":{\"@id\":\"https:\\\/\\\/www.yucatanencorto.com\\\/noticias\\\/#\\\/schema\\\/person\\\/14f82d355225a1f4075dd84a31f45a72\"},\"breadcrumb\":{\"@id\":\"https:\\\/\\\/www.yucatanencorto.com\\\/noticias\\\/destacan-esfuerzo-de-la-tercera-generacion-de-emprendedores-yo-soy-parte-de-los-100-2020\\\/#breadcrumb\"},\"inLanguage\":\"es\",\"potentialAction\":[{\"@type\":\"ReadAction\",\"target\":[\"https:\\\/\\\/www.yucatanencorto.com\\\/noticias\\\/destacan-esfuerzo-de-la-tercera-generacion-de-emprendedores-yo-soy-parte-de-los-100-2020\\\/\"]}]},{\"@type\":\"ImageObject\",\"inLanguage\":\"es\",\"@id\":\"https:\\\/\\\/www.yucatanencorto.com\\\/noticias\\\/destacan-esfuerzo-de-la-tercera-generacion-de-emprendedores-yo-soy-parte-de-los-100-2020\\\/#primaryimage\",\"url\":\"https:\\\/\\\/www.yucatanencorto.com\\\/noticias\\\/wp-content\\\/uploads\\\/2021\\\/02\\\/Emprendedores2021-02-12-at-3.15.56-PM-scaled.jpeg\",\"contentUrl\":\"https:\\\/\\\/www.yucatanencorto.com\\\/noticias\\\/wp-content\\\/uploads\\\/2021\\\/02\\\/Emprendedores2021-02-12-at-3.15.56-PM-scaled.jpeg\",\"width\":768,\"height\":512},{\"@type\":\"BreadcrumbList\",\"@id\":\"https:\\\/\\\/www.yucatanencorto.com\\\/noticias\\\/destacan-esfuerzo-de-la-tercera-generacion-de-emprendedores-yo-soy-parte-de-los-100-2020\\\/#breadcrumb\",\"itemListElement\":[{\"@type\":\"ListItem\",\"position\":1,\"name\":\"Portada\",\"item\":\"https:\\\/\\\/www.yucatanencorto.com\\\/noticias\\\/\"},{\"@type\":\"ListItem\",\"position\":2,\"name\":\"Destacan esfuerzo de la tercera generaci\u00f3n de emprendedores \u201cYo soy parte de los 100\u201d 2020\"}]},{\"@type\":\"WebSite\",\"@id\":\"https:\\\/\\\/www.yucatanencorto.com\\\/noticias\\\/#website\",\"url\":\"https:\\\/\\\/www.yucatanencorto.com\\\/noticias\\\/\",\"name\":\"Yucat\u00e1n en corto\",\"description\":\"Noticias\",\"potentialAction\":[{\"@type\":\"SearchAction\",\"target\":{\"@type\":\"EntryPoint\",\"urlTemplate\":\"https:\\\/\\\/www.yucatanencorto.com\\\/noticias\\\/?s={search_term_string}\"},\"query-input\":{\"@type\":\"PropertyValueSpecification\",\"valueRequired\":true,\"valueName\":\"search_term_string\"}}],\"inLanguage\":\"es\"},{\"@type\":\"Person\",\"@id\":\"https:\\\/\\\/www.yucatanencorto.com\\\/noticias\\\/#\\\/schema\\\/person\\\/14f82d355225a1f4075dd84a31f45a72\",\"name\":\"Yucat\u00e1n en Corto FC\",\"image\":{\"@type\":\"ImageObject\",\"inLanguage\":\"es\",\"@id\":\"https:\\\/\\\/secure.gravatar.com\\\/avatar\\\/147d4b30cd728c53c29c49a3f7834dedca33707f4cd259761355846009a88250?s=96&d=mm&r=g\",\"url\":\"https:\\\/\\\/secure.gravatar.com\\\/avatar\\\/147d4b30cd728c53c29c49a3f7834dedca33707f4cd259761355846009a88250?s=96&d=mm&r=g\",\"contentUrl\":\"https:\\\/\\\/secure.gravatar.com\\\/avatar\\\/147d4b30cd728c53c29c49a3f7834dedca33707f4cd259761355846009a88250?s=96&d=mm&r=g\",\"caption\":\"Yucat\u00e1n en Corto FC\"},\"url\":\"https:\\\/\\\/www.yucatanencorto.com\\\/noticias\\\/author\\\/flor\\\/\"}]}<\/script>\n<!-- \/ Yoast SEO plugin. -->","yoast_head_json":{"title":"Destacan esfuerzo de la tercera generaci\u00f3n de emprendedores \u201cYo soy parte de los 100\u201d 2020 - Yucat\u00e1n en corto","robots":{"index":"index","follow":"follow","max-snippet":"max-snippet:-1","max-image-preview":"max-image-preview:large","max-video-preview":"max-video-preview:-1"},"canonical":"https:\/\/www.yucatanencorto.com\/noticias\/destacan-esfuerzo-de-la-tercera-generacion-de-emprendedores-yo-soy-parte-de-los-100-2020\/","og_locale":"es_ES","og_type":"article","og_title":"Destacan esfuerzo de la tercera generaci\u00f3n de emprendedores \u201cYo soy parte de los 100\u201d 2020 - Yucat\u00e1n en corto","og_description":"M\u00e9rida, 12 de febrero de 2021. La pandemia ocasionada por el Covid 19 ha puesto a prueba la capacidad y el ingenio de los meridanos para reinventarse y\u00a0 es aqu\u00ed en donde el Ayuntamiento que encabeza el alcalde Ren\u00e1n Barrera Concha refrenda su compromiso de brindar pol\u00edticas p\u00fablicas de vanguardia para apoyar a quienes buscan [&hellip;]","og_url":"https:\/\/www.yucatanencorto.com\/noticias\/destacan-esfuerzo-de-la-tercera-generacion-de-emprendedores-yo-soy-parte-de-los-100-2020\/","og_site_name":"Yucat\u00e1n en corto","article_publisher":"http:\/\/www.facebook.com\/yucatanencorto","article_published_time":"2021-02-13T01:51:15+00:00","og_image":[{"width":768,"height":512,"url":"https:\/\/www.yucatanencorto.com\/noticias\/wp-content\/uploads\/2021\/02\/Emprendedores2021-02-12-at-3.15.56-PM-scaled.jpeg","type":"image\/jpeg"}],"author":"Yucat\u00e1n en Corto FC","twitter_card":"summary_large_image","twitter_creator":"@yucatanencorto","twitter_site":"@yucatanencorto","twitter_misc":{"Escrito por":"Yucat\u00e1n en Corto FC","Tiempo de lectura":"4 minutos"},"schema":{"@context":"https:\/\/schema.org","@graph":[{"@type":"Article","@id":"https:\/\/www.yucatanencorto.com\/noticias\/destacan-esfuerzo-de-la-tercera-generacion-de-emprendedores-yo-soy-parte-de-los-100-2020\/#article","isPartOf":{"@id":"https:\/\/www.yucatanencorto.com\/noticias\/destacan-esfuerzo-de-la-tercera-generacion-de-emprendedores-yo-soy-parte-de-los-100-2020\/"},"author":{"name":"Yucat\u00e1n en Corto FC","@id":"https:\/\/www.yucatanencorto.com\/noticias\/#\/schema\/person\/14f82d355225a1f4075dd84a31f45a72"},"headline":"Destacan esfuerzo de la tercera generaci\u00f3n de emprendedores \u201cYo soy parte de los 100\u201d 2020","datePublished":"2021-02-13T01:51:15+00:00","mainEntityOfPage":{"@id":"https:\/\/www.yucatanencorto.com\/noticias\/destacan-esfuerzo-de-la-tercera-generacion-de-emprendedores-yo-soy-parte-de-los-100-2020\/"},"wordCount":885,"image":{"@id":"https:\/\/www.yucatanencorto.com\/noticias\/destacan-esfuerzo-de-la-tercera-generacion-de-emprendedores-yo-soy-parte-de-los-100-2020\/#primaryimage"},"thumbnailUrl":"https:\/\/www.yucatanencorto.com\/noticias\/wp-content\/uploads\/2021\/02\/Emprendedores2021-02-12-at-3.15.56-PM-scaled.jpeg","articleSection":["M\u00e9rida"],"inLanguage":"es"},{"@type":"WebPage","@id":"https:\/\/www.yucatanencorto.com\/noticias\/destacan-esfuerzo-de-la-tercera-generacion-de-emprendedores-yo-soy-parte-de-los-100-2020\/","url":"https:\/\/www.yucatanencorto.com\/noticias\/destacan-esfuerzo-de-la-tercera-generacion-de-emprendedores-yo-soy-parte-de-los-100-2020\/","name":"Destacan esfuerzo de la tercera generaci\u00f3n de emprendedores \u201cYo soy parte de los 100\u201d 2020 - Yucat\u00e1n en corto","isPartOf":{"@id":"https:\/\/www.yucatanencorto.com\/noticias\/#website"},"primaryImageOfPage":{"@id":"https:\/\/www.yucatanencorto.com\/noticias\/destacan-esfuerzo-de-la-tercera-generacion-de-emprendedores-yo-soy-parte-de-los-100-2020\/#primaryimage"},"image":{"@id":"https:\/\/www.yucatanencorto.com\/noticias\/destacan-esfuerzo-de-la-tercera-generacion-de-emprendedores-yo-soy-parte-de-los-100-2020\/#primaryimage"},"thumbnailUrl":"https:\/\/www.yucatanencorto.com\/noticias\/wp-content\/uploads\/2021\/02\/Emprendedores2021-02-12-at-3.15.56-PM-scaled.jpeg","datePublished":"2021-02-13T01:51:15+00:00","author":{"@id":"https:\/\/www.yucatanencorto.com\/noticias\/#\/schema\/person\/14f82d355225a1f4075dd84a31f45a72"},"breadcrumb":{"@id":"https:\/\/www.yucatanencorto.com\/noticias\/destacan-esfuerzo-de-la-tercera-generacion-de-emprendedores-yo-soy-parte-de-los-100-2020\/#breadcrumb"},"inLanguage":"es","potentialAction":[{"@type":"ReadAction","target":["https:\/\/www.yucatanencorto.com\/noticias\/destacan-esfuerzo-de-la-tercera-generacion-de-emprendedores-yo-soy-parte-de-los-100-2020\/"]}]},{"@type":"ImageObject","inLanguage":"es","@id":"https:\/\/www.yucatanencorto.com\/noticias\/destacan-esfuerzo-de-la-tercera-generacion-de-emprendedores-yo-soy-parte-de-los-100-2020\/#primaryimage","url":"https:\/\/www.yucatanencorto.com\/noticias\/wp-content\/uploads\/2021\/02\/Emprendedores2021-02-12-at-3.15.56-PM-scaled.jpeg","contentUrl":"https:\/\/www.yucatanencorto.com\/noticias\/wp-content\/uploads\/2021\/02\/Emprendedores2021-02-12-at-3.15.56-PM-scaled.jpeg","width":768,"height":512},{"@type":"BreadcrumbList","@id":"https:\/\/www.yucatanencorto.com\/noticias\/destacan-esfuerzo-de-la-tercera-generacion-de-emprendedores-yo-soy-parte-de-los-100-2020\/#breadcrumb","itemListElement":[{"@type":"ListItem","position":1,"name":"Portada","item":"https:\/\/www.yucatanencorto.com\/noticias\/"},{"@type":"ListItem","position":2,"name":"Destacan esfuerzo de la tercera generaci\u00f3n de emprendedores \u201cYo soy parte de los 100\u201d 2020"}]},{"@type":"WebSite","@id":"https:\/\/www.yucatanencorto.com\/noticias\/#website","url":"https:\/\/www.yucatanencorto.com\/noticias\/","name":"Yucat\u00e1n en corto","description":"Noticias","potentialAction":[{"@type":"SearchAction","target":{"@type":"EntryPoint","urlTemplate":"https:\/\/www.yucatanencorto.com\/noticias\/?s={search_term_string}"},"query-input":{"@type":"PropertyValueSpecification","valueRequired":true,"valueName":"search_term_string"}}],"inLanguage":"es"},{"@type":"Person","@id":"https:\/\/www.yucatanencorto.com\/noticias\/#\/schema\/person\/14f82d355225a1f4075dd84a31f45a72","name":"Yucat\u00e1n en Corto FC","image":{"@type":"ImageObject","inLanguage":"es","@id":"https:\/\/secure.gravatar.com\/avatar\/147d4b30cd728c53c29c49a3f7834dedca33707f4cd259761355846009a88250?s=96&d=mm&r=g","url":"https:\/\/secure.gravatar.com\/avatar\/147d4b30cd728c53c29c49a3f7834dedca33707f4cd259761355846009a88250?s=96&d=mm&r=g","contentUrl":"https:\/\/secure.gravatar.com\/avatar\/147d4b30cd728c53c29c49a3f7834dedca33707f4cd259761355846009a88250?s=96&d=mm&r=g","caption":"Yucat\u00e1n en Corto FC"},"url":"https:\/\/www.yucatanencorto.com\/noticias\/author\/flor\/"}]}},"_links":{"self":[{"href":"https:\/\/www.yucatanencorto.com\/noticias\/wp-json\/wp\/v2\/posts\/70052","targetHints":{"allow":["GET"]}}],"collection":[{"href":"https:\/\/www.yucatanencorto.com\/noticias\/wp-json\/wp\/v2\/posts"}],"about":[{"href":"https:\/\/www.yucatanencorto.com\/noticias\/wp-json\/wp\/v2\/types\/post"}],"author":[{"embeddable":true,"href":"https:\/\/www.yucatanencorto.com\/noticias\/wp-json\/wp\/v2\/users\/2"}],"replies":[{"embeddable":true,"href":"https:\/\/www.yucatanencorto.com\/noticias\/wp-json\/wp\/v2\/comments?post=70052"}],"version-history":[{"count":0,"href":"https:\/\/www.yucatanencorto.com\/noticias\/wp-json\/wp\/v2\/posts\/70052\/revisions"}],"wp:featuredmedia":[{"embeddable":true,"href":"https:\/\/www.yucatanencorto.com\/noticias\/wp-json\/wp\/v2\/media\/70054"}],"wp:attachment":[{"href":"https:\/\/www.yucatanencorto.com\/noticias\/wp-json\/wp\/v2\/media?parent=70052"}],"wp:term":[{"taxonomy":"category","embeddable":true,"href":"https:\/\/www.yucatanencorto.com\/noticias\/wp-json\/wp\/v2\/categories?post=70052"},{"taxonomy":"post_tag","embeddable":true,"href":"https:\/\/www.yucatanencorto.com\/noticias\/wp-json\/wp\/v2\/tags?post=70052"}],"curies":[{"name":"wp","href":"https:\/\/api.w.org\/{rel}","templated":true}]}}