{"id":70061,"date":"2021-02-12T20:17:21","date_gmt":"2021-02-13T02:17:21","guid":{"rendered":"https:\/\/www.yucatanencorto.com\/noticias\/?p=70061"},"modified":"2021-02-12T20:17:21","modified_gmt":"2021-02-13T02:17:21","slug":"entregan-la-medalla-silvio-zavala-vallado-a-la-cultura-y-las-artes-2021-al-dr-ruben-reyes-ramirez","status":"publish","type":"post","link":"https:\/\/www.yucatanencorto.com\/noticias\/entregan-la-medalla-silvio-zavala-vallado-a-la-cultura-y-las-artes-2021-al-dr-ruben-reyes-ramirez\/","title":{"rendered":"Entregan la Medalla \u201cSilvio Zavala Vallado, a la Cultura y las Artes 2021\u201d al Dr. Rub\u00e9n Reyes Ram\u00edrez"},"content":{"rendered":"<div dir=\"ltr\">\n<p><img loading=\"lazy\" decoding=\"async\" class=\"alignnone size-full wp-image-70062\" src=\"https:\/\/www.yucatanencorto.com\/noticias\/wp-content\/uploads\/2021\/02\/RBC-2021-02-12-at-4.29.08-PM-1-scaled.jpeg\" alt=\"\" width=\"768\" height=\"512\" srcset=\"https:\/\/www.yucatanencorto.com\/noticias\/wp-content\/uploads\/2021\/02\/RBC-2021-02-12-at-4.29.08-PM-1-scaled.jpeg 768w, https:\/\/www.yucatanencorto.com\/noticias\/wp-content\/uploads\/2021\/02\/RBC-2021-02-12-at-4.29.08-PM-1-696x464.jpeg 696w, https:\/\/www.yucatanencorto.com\/noticias\/wp-content\/uploads\/2021\/02\/RBC-2021-02-12-at-4.29.08-PM-1-1068x713.jpeg 1068w, https:\/\/www.yucatanencorto.com\/noticias\/wp-content\/uploads\/2021\/02\/RBC-2021-02-12-at-4.29.08-PM-1-630x420.jpeg 630w\" sizes=\"auto, (max-width: 768px) 100vw, 768px\" \/>M\u00e9rida, 12 de febrero de 2021. \u201cNuestro gobierno se ha propuesto trabajar de manera conjunta con todos los que aspiran a una mejor ciudad, que privilegian la solidaridad y generosidad sobre todo con los que menos tienen, es decir, ser un gobierno responsable que procura bienestar para todas y todos\u201d, dijo el alcalde Ren\u00e1n Barrera Concha.<\/p>\n<p>Al otorgar la medalla \u201cSilvio Zavala Vallado, a la Cultura y las Artes 2021\u201d al distinguido investigador, humanista y hombre de letras, Rub\u00e9n Reyes Ram\u00edrez, el Concejal destac\u00f3 que M\u00e9rida ha consolidado su tejido social basada en el respeto a los derechos humanos y la arm\u00f3nica convivencia.<\/p>\n<p>\u2014Es precisamente este derecho inherente el que nos congrega hoy para celebrar y reconocer las aportaciones de nuestro homenajeado que se comparten en sus obras, trabajos y pensamientos, en los que antepone a sus conocimientos valores como yucateco, orgullosamente meridano, haciendo que se mencione y reconozca el nombre de su tierra, M\u00e9rida, por donde ha caminado y dejado huella con sus conocimientos\u2014expres\u00f3.<\/p>\n<p>En sesi\u00f3n solemne de Cabildo, el\u00a0 Presidente Municipal destac\u00f3 que M\u00e9rida es la primera ciudad mexicana en contar con una Carta de Derechos Culturales para sus habitantes, que abona a ejercer la libertad de expresi\u00f3n, pensamiento, creaci\u00f3n y comunicaci\u00f3n, con el \u00fanico l\u00edmite del respeto a los derechos humanos y a la dignidad de las personas y de las colectividades.<\/p>\n<p>En su mensaje, el Dr. Reyes Ram\u00edrez, se\u00f1al\u00f3 que hoy en M\u00e9rida, como en M\u00e9xico y el mundo, por m\u00faltiples razones, la cultura cobra un valor imprescindible de sobrevivencia, pero al menos tres responden directamente a nuestro contexto actual.<\/p>\n<p>\u2014La cultura vista integralmente, como ciencia, arte y \u00e9tica, nos afirma en el amor a la vida: hoy cuidarnos es procurar cuidar a todos como a un real nosotros\u2014dijo.<\/p>\n<p>La cultura tambi\u00e9n nos preserva: no s\u00f3lo del olvido de los referentes hist\u00f3ricos y simb\u00f3licos que nos han dado sentido de comunidad, sino de la indiferencia ante el espejo de las causas y efectos que la pandemia nos hace mirar con brutal claridad, continu\u00f3.<\/p>\n<p>La cultura nos abre a la sabidur\u00eda y la imaginaci\u00f3n, ahora como nunca es imprescindible para imaginar otro mundo posible y construir juntos una mejor forma de convivir en la paz, a\u00f1adi\u00f3.<\/p>\n<p>El recipiendario subray\u00f3 que el a\u00f1o 2020 fue profundamente disruptivo \u201ccon la pandemia de COVID-19 y la crisis civilizatoria mundial que ha detonado, se interrumpi\u00f3 sorpresivamente nuestra din\u00e1mica familiar y se disloc\u00f3 la econom\u00eda, sacudiendo de ra\u00edz nuestro ritmo y formas de vida. En medio de la incertidumbre, tuvimos que asumir nuestros miedos y soledades e inventar nuevas maneras para sobrevivir, comunicarnos y convivir en la distancia\u201d.<\/p>\n<p>Barrera Concha agreg\u00f3 que con esta sesi\u00f3n solemne de Cabildo, \u201cM\u00e9rida reconoce a un hijo suyo que con su labor y su obra humana, ha contribuido en forma sobresaliente a la realizaci\u00f3n de tareas en el campo de la literatura, el ensayo, la pedagog\u00eda y el periodismo, quien a trav\u00e9s del tiempo y sus atinadas aportaciones, destaca por sus estudios y proyectos sobre el pensamiento y la realidad social, la cultura, la historia, la pol\u00edtica, la educaci\u00f3n y la literatura en M\u00e9xico y Latinoam\u00e9rica, con un enfoque filos\u00f3fico y antropol\u00f3gico\u201d.<\/p>\n<p>Record\u00f3 que esta presea, la Medalla \u201cSilvio Zavala\u201d a la Cultura y las Artes, surgi\u00f3 como un reconocimiento a las ciudadanas y ciudadanos que, con su labor o su obra, han contribuido en forma sobresaliente a la realizaci\u00f3n de las tareas en el campo del arte y la cultura en el municipio de M\u00e9rida.<\/p>\n<p>El homenajeado recibi\u00f3 en premio un diploma alusivo y la medalla de plata Ley .950, misma que contiene en su anverso el escudo de la ciudad de M\u00e9rida, la inscripci\u00f3n de \u201cAyuntamiento de M\u00e9rida\u201d, y en el reverso la efigie del historiador Silvio Arturo Zavala Vallado con la respectiva leyenda: \u201cPresea Silvio Zavala a la Cultura y las Artes\u201d, seguida del a\u00f1o de su otorgamiento.<\/p>\n<p>El recipiendario es originario de M\u00e9rida, Yucat\u00e1n. Es investigador y profesor en humanidades, literatura y ciencias sociales. Tambi\u00e9n es creador literario, especialmente en poes\u00eda y ensayo.<\/p>\n<p>Es doctor cum laude en Estudios Culturales por la Universidad de Sevilla, Espa\u00f1a y en Ciencias Literarias por la Universidad de La Habana, Cuba. Obtuvo licenciatura y maestr\u00eda en Antropolog\u00eda Social en la Universidad Aut\u00f3noma de Yucat\u00e1n; Especializaci\u00f3n en Ciencias y T\u00e9cnicas de la Educaci\u00f3n en la Universidad Nacional Aut\u00f3noma de M\u00e9xico.<\/p>\n<p>Ha sido investigador en las Facultades de Antropolog\u00eda y Arquitectura (UADY). Fue director fundador de la Escuela de Humanidades de la Universidad Modelo, M\u00e9rida; docente y conferencista invitado en la UADY, la Bringhan Young University, Utah; University of Texas El Paso, y la Universidad de Los Andes, en M\u00e9rida, Venezuela.<\/p>\n<p>La medalla \u201cSilvio Zavala Vallado, a la Cultura y las Artes 2020\u201d tambi\u00e9n la han recibido Ing. Adolfo Jos\u00e9 Patr\u00f3n Luj\u00e1n (+), presidente y fundador del Patronato de la Orquesta Sinf\u00f3nica de Yucat\u00e1n, (2014); el Mtro. Armando Manzanero Canch\u00e9 (+) (2015); la Mtra. Bertha de la Pe\u00f1a Casares (+) (2016); el Mtro. Manuel Lizama Salazar (2017); la Mtra. Maricarmen P\u00e9rez Dom\u00ednguez (2018); el Mtro. Pedro Gabriel Ram\u00edrez Aznar (2019) y la Dra. Hilaria Maas Coll\u00ed (2020)<\/p>\n<p>En el evento estuvieron presentes Diana Canto Moreno, s\u00edndico municipal; Alejandro Ruz Castro, secretario municipal; Irving Berl\u00edn Villafa\u00f1a, director de Cultura; Jos\u00e9 de Jes\u00fas Williams, rector de la Universidad Aut\u00f3noma de Yucat\u00e1n (UADY) y Carlos Sauri Duch, rector de la Universidad Modelo.<\/p>\n<p>De manera virtual se cont\u00f3 con la asistencia de las regidoras y regidores integrantes del Cabildo meridano, as\u00ed como funcionarios municipales, estatales, presidentes de c\u00e1maras y colegios\u00a0 e integrantes de la comunidad art\u00edstica y acad\u00e9mica.<\/p>\n<\/div>\n","protected":false},"excerpt":{"rendered":"<p>M\u00e9rida, 12 de febrero de 2021. \u201cNuestro gobierno se ha propuesto trabajar de manera conjunta con todos los que aspiran a una mejor ciudad, que privilegian la solidaridad y generosidad sobre todo con los que menos tienen, es decir, ser un gobierno responsable que procura bienestar para todas y todos\u201d, dijo el alcalde Ren\u00e1n Barrera [&hellip;]<\/p>\n","protected":false},"author":2,"featured_media":70063,"comment_status":"closed","ping_status":"closed","sticky":false,"template":"","format":"standard","meta":{"footnotes":""},"categories":[2],"tags":[],"class_list":{"0":"post-70061","1":"post","2":"type-post","3":"status-publish","4":"format-standard","5":"has-post-thumbnail","7":"category-merida"},"yoast_head":"<!-- This site is optimized with the Yoast SEO plugin v27.5 - https:\/\/yoast.com\/product\/yoast-seo-wordpress\/ -->\n<title>Entregan la Medalla \u201cSilvio Zavala Vallado, a la Cultura y las Artes 2021\u201d al Dr. Rub\u00e9n Reyes Ram\u00edrez - Yucat\u00e1n en corto<\/title>\n<meta name=\"robots\" content=\"index, follow, max-snippet:-1, max-image-preview:large, max-video-preview:-1\" \/>\n<link rel=\"canonical\" href=\"https:\/\/www.yucatanencorto.com\/noticias\/entregan-la-medalla-silvio-zavala-vallado-a-la-cultura-y-las-artes-2021-al-dr-ruben-reyes-ramirez\/\" \/>\n<meta property=\"og:locale\" content=\"es_ES\" \/>\n<meta property=\"og:type\" content=\"article\" \/>\n<meta property=\"og:title\" content=\"Entregan la Medalla \u201cSilvio Zavala Vallado, a la Cultura y las Artes 2021\u201d al Dr. Rub\u00e9n Reyes Ram\u00edrez - Yucat\u00e1n en corto\" \/>\n<meta property=\"og:description\" content=\"M\u00e9rida, 12 de febrero de 2021. \u201cNuestro gobierno se ha propuesto trabajar de manera conjunta con todos los que aspiran a una mejor ciudad, que privilegian la solidaridad y generosidad sobre todo con los que menos tienen, es decir, ser un gobierno responsable que procura bienestar para todas y todos\u201d, dijo el alcalde Ren\u00e1n Barrera [&hellip;]\" \/>\n<meta property=\"og:url\" content=\"https:\/\/www.yucatanencorto.com\/noticias\/entregan-la-medalla-silvio-zavala-vallado-a-la-cultura-y-las-artes-2021-al-dr-ruben-reyes-ramirez\/\" \/>\n<meta property=\"og:site_name\" content=\"Yucat\u00e1n en corto\" \/>\n<meta property=\"article:publisher\" content=\"http:\/\/www.facebook.com\/yucatanencorto\" \/>\n<meta property=\"article:published_time\" content=\"2021-02-13T02:17:21+00:00\" \/>\n<meta property=\"og:image\" content=\"https:\/\/www.yucatanencorto.com\/noticias\/wp-content\/uploads\/2021\/02\/RBC2021-02-12-at-4.29.08-PM-scaled.jpeg\" \/>\n\t<meta property=\"og:image:width\" content=\"768\" \/>\n\t<meta property=\"og:image:height\" content=\"512\" \/>\n\t<meta property=\"og:image:type\" content=\"image\/jpeg\" \/>\n<meta name=\"author\" content=\"Yucat\u00e1n en Corto FC\" \/>\n<meta name=\"twitter:card\" content=\"summary_large_image\" \/>\n<meta name=\"twitter:creator\" content=\"@yucatanencorto\" \/>\n<meta name=\"twitter:site\" content=\"@yucatanencorto\" \/>\n<meta name=\"twitter:label1\" content=\"Escrito por\" \/>\n\t<meta name=\"twitter:data1\" content=\"Yucat\u00e1n en Corto FC\" \/>\n\t<meta name=\"twitter:label2\" content=\"Tiempo de lectura\" \/>\n\t<meta name=\"twitter:data2\" content=\"5 minutos\" \/>\n<script type=\"application\/ld+json\" class=\"yoast-schema-graph\">{\"@context\":\"https:\\\/\\\/schema.org\",\"@graph\":[{\"@type\":\"Article\",\"@id\":\"https:\\\/\\\/www.yucatanencorto.com\\\/noticias\\\/entregan-la-medalla-silvio-zavala-vallado-a-la-cultura-y-las-artes-2021-al-dr-ruben-reyes-ramirez\\\/#article\",\"isPartOf\":{\"@id\":\"https:\\\/\\\/www.yucatanencorto.com\\\/noticias\\\/entregan-la-medalla-silvio-zavala-vallado-a-la-cultura-y-las-artes-2021-al-dr-ruben-reyes-ramirez\\\/\"},\"author\":{\"name\":\"Yucat\u00e1n en Corto FC\",\"@id\":\"https:\\\/\\\/www.yucatanencorto.com\\\/noticias\\\/#\\\/schema\\\/person\\\/14f82d355225a1f4075dd84a31f45a72\"},\"headline\":\"Entregan la Medalla \u201cSilvio Zavala Vallado, a la Cultura y las Artes 2021\u201d al Dr. Rub\u00e9n Reyes Ram\u00edrez\",\"datePublished\":\"2021-02-13T02:17:21+00:00\",\"mainEntityOfPage\":{\"@id\":\"https:\\\/\\\/www.yucatanencorto.com\\\/noticias\\\/entregan-la-medalla-silvio-zavala-vallado-a-la-cultura-y-las-artes-2021-al-dr-ruben-reyes-ramirez\\\/\"},\"wordCount\":1012,\"image\":{\"@id\":\"https:\\\/\\\/www.yucatanencorto.com\\\/noticias\\\/entregan-la-medalla-silvio-zavala-vallado-a-la-cultura-y-las-artes-2021-al-dr-ruben-reyes-ramirez\\\/#primaryimage\"},\"thumbnailUrl\":\"https:\\\/\\\/www.yucatanencorto.com\\\/noticias\\\/wp-content\\\/uploads\\\/2021\\\/02\\\/RBC2021-02-12-at-4.29.08-PM-scaled.jpeg\",\"articleSection\":[\"M\u00e9rida\"],\"inLanguage\":\"es\"},{\"@type\":\"WebPage\",\"@id\":\"https:\\\/\\\/www.yucatanencorto.com\\\/noticias\\\/entregan-la-medalla-silvio-zavala-vallado-a-la-cultura-y-las-artes-2021-al-dr-ruben-reyes-ramirez\\\/\",\"url\":\"https:\\\/\\\/www.yucatanencorto.com\\\/noticias\\\/entregan-la-medalla-silvio-zavala-vallado-a-la-cultura-y-las-artes-2021-al-dr-ruben-reyes-ramirez\\\/\",\"name\":\"Entregan la Medalla \u201cSilvio Zavala Vallado, a la Cultura y las Artes 2021\u201d al Dr. Rub\u00e9n Reyes Ram\u00edrez - Yucat\u00e1n en corto\",\"isPartOf\":{\"@id\":\"https:\\\/\\\/www.yucatanencorto.com\\\/noticias\\\/#website\"},\"primaryImageOfPage\":{\"@id\":\"https:\\\/\\\/www.yucatanencorto.com\\\/noticias\\\/entregan-la-medalla-silvio-zavala-vallado-a-la-cultura-y-las-artes-2021-al-dr-ruben-reyes-ramirez\\\/#primaryimage\"},\"image\":{\"@id\":\"https:\\\/\\\/www.yucatanencorto.com\\\/noticias\\\/entregan-la-medalla-silvio-zavala-vallado-a-la-cultura-y-las-artes-2021-al-dr-ruben-reyes-ramirez\\\/#primaryimage\"},\"thumbnailUrl\":\"https:\\\/\\\/www.yucatanencorto.com\\\/noticias\\\/wp-content\\\/uploads\\\/2021\\\/02\\\/RBC2021-02-12-at-4.29.08-PM-scaled.jpeg\",\"datePublished\":\"2021-02-13T02:17:21+00:00\",\"author\":{\"@id\":\"https:\\\/\\\/www.yucatanencorto.com\\\/noticias\\\/#\\\/schema\\\/person\\\/14f82d355225a1f4075dd84a31f45a72\"},\"breadcrumb\":{\"@id\":\"https:\\\/\\\/www.yucatanencorto.com\\\/noticias\\\/entregan-la-medalla-silvio-zavala-vallado-a-la-cultura-y-las-artes-2021-al-dr-ruben-reyes-ramirez\\\/#breadcrumb\"},\"inLanguage\":\"es\",\"potentialAction\":[{\"@type\":\"ReadAction\",\"target\":[\"https:\\\/\\\/www.yucatanencorto.com\\\/noticias\\\/entregan-la-medalla-silvio-zavala-vallado-a-la-cultura-y-las-artes-2021-al-dr-ruben-reyes-ramirez\\\/\"]}]},{\"@type\":\"ImageObject\",\"inLanguage\":\"es\",\"@id\":\"https:\\\/\\\/www.yucatanencorto.com\\\/noticias\\\/entregan-la-medalla-silvio-zavala-vallado-a-la-cultura-y-las-artes-2021-al-dr-ruben-reyes-ramirez\\\/#primaryimage\",\"url\":\"https:\\\/\\\/www.yucatanencorto.com\\\/noticias\\\/wp-content\\\/uploads\\\/2021\\\/02\\\/RBC2021-02-12-at-4.29.08-PM-scaled.jpeg\",\"contentUrl\":\"https:\\\/\\\/www.yucatanencorto.com\\\/noticias\\\/wp-content\\\/uploads\\\/2021\\\/02\\\/RBC2021-02-12-at-4.29.08-PM-scaled.jpeg\",\"width\":768,\"height\":512},{\"@type\":\"BreadcrumbList\",\"@id\":\"https:\\\/\\\/www.yucatanencorto.com\\\/noticias\\\/entregan-la-medalla-silvio-zavala-vallado-a-la-cultura-y-las-artes-2021-al-dr-ruben-reyes-ramirez\\\/#breadcrumb\",\"itemListElement\":[{\"@type\":\"ListItem\",\"position\":1,\"name\":\"Portada\",\"item\":\"https:\\\/\\\/www.yucatanencorto.com\\\/noticias\\\/\"},{\"@type\":\"ListItem\",\"position\":2,\"name\":\"Entregan la Medalla \u201cSilvio Zavala Vallado, a la Cultura y las Artes 2021\u201d al Dr. Rub\u00e9n Reyes Ram\u00edrez\"}]},{\"@type\":\"WebSite\",\"@id\":\"https:\\\/\\\/www.yucatanencorto.com\\\/noticias\\\/#website\",\"url\":\"https:\\\/\\\/www.yucatanencorto.com\\\/noticias\\\/\",\"name\":\"Yucat\u00e1n en corto\",\"description\":\"Noticias\",\"potentialAction\":[{\"@type\":\"SearchAction\",\"target\":{\"@type\":\"EntryPoint\",\"urlTemplate\":\"https:\\\/\\\/www.yucatanencorto.com\\\/noticias\\\/?s={search_term_string}\"},\"query-input\":{\"@type\":\"PropertyValueSpecification\",\"valueRequired\":true,\"valueName\":\"search_term_string\"}}],\"inLanguage\":\"es\"},{\"@type\":\"Person\",\"@id\":\"https:\\\/\\\/www.yucatanencorto.com\\\/noticias\\\/#\\\/schema\\\/person\\\/14f82d355225a1f4075dd84a31f45a72\",\"name\":\"Yucat\u00e1n en Corto FC\",\"image\":{\"@type\":\"ImageObject\",\"inLanguage\":\"es\",\"@id\":\"https:\\\/\\\/secure.gravatar.com\\\/avatar\\\/147d4b30cd728c53c29c49a3f7834dedca33707f4cd259761355846009a88250?s=96&d=mm&r=g\",\"url\":\"https:\\\/\\\/secure.gravatar.com\\\/avatar\\\/147d4b30cd728c53c29c49a3f7834dedca33707f4cd259761355846009a88250?s=96&d=mm&r=g\",\"contentUrl\":\"https:\\\/\\\/secure.gravatar.com\\\/avatar\\\/147d4b30cd728c53c29c49a3f7834dedca33707f4cd259761355846009a88250?s=96&d=mm&r=g\",\"caption\":\"Yucat\u00e1n en Corto FC\"},\"url\":\"https:\\\/\\\/www.yucatanencorto.com\\\/noticias\\\/author\\\/flor\\\/\"}]}<\/script>\n<!-- \/ Yoast SEO plugin. -->","yoast_head_json":{"title":"Entregan la Medalla \u201cSilvio Zavala Vallado, a la Cultura y las Artes 2021\u201d al Dr. Rub\u00e9n Reyes Ram\u00edrez - Yucat\u00e1n en corto","robots":{"index":"index","follow":"follow","max-snippet":"max-snippet:-1","max-image-preview":"max-image-preview:large","max-video-preview":"max-video-preview:-1"},"canonical":"https:\/\/www.yucatanencorto.com\/noticias\/entregan-la-medalla-silvio-zavala-vallado-a-la-cultura-y-las-artes-2021-al-dr-ruben-reyes-ramirez\/","og_locale":"es_ES","og_type":"article","og_title":"Entregan la Medalla \u201cSilvio Zavala Vallado, a la Cultura y las Artes 2021\u201d al Dr. Rub\u00e9n Reyes Ram\u00edrez - Yucat\u00e1n en corto","og_description":"M\u00e9rida, 12 de febrero de 2021. \u201cNuestro gobierno se ha propuesto trabajar de manera conjunta con todos los que aspiran a una mejor ciudad, que privilegian la solidaridad y generosidad sobre todo con los que menos tienen, es decir, ser un gobierno responsable que procura bienestar para todas y todos\u201d, dijo el alcalde Ren\u00e1n Barrera [&hellip;]","og_url":"https:\/\/www.yucatanencorto.com\/noticias\/entregan-la-medalla-silvio-zavala-vallado-a-la-cultura-y-las-artes-2021-al-dr-ruben-reyes-ramirez\/","og_site_name":"Yucat\u00e1n en corto","article_publisher":"http:\/\/www.facebook.com\/yucatanencorto","article_published_time":"2021-02-13T02:17:21+00:00","og_image":[{"width":768,"height":512,"url":"https:\/\/www.yucatanencorto.com\/noticias\/wp-content\/uploads\/2021\/02\/RBC2021-02-12-at-4.29.08-PM-scaled.jpeg","type":"image\/jpeg"}],"author":"Yucat\u00e1n en Corto FC","twitter_card":"summary_large_image","twitter_creator":"@yucatanencorto","twitter_site":"@yucatanencorto","twitter_misc":{"Escrito por":"Yucat\u00e1n en Corto FC","Tiempo de lectura":"5 minutos"},"schema":{"@context":"https:\/\/schema.org","@graph":[{"@type":"Article","@id":"https:\/\/www.yucatanencorto.com\/noticias\/entregan-la-medalla-silvio-zavala-vallado-a-la-cultura-y-las-artes-2021-al-dr-ruben-reyes-ramirez\/#article","isPartOf":{"@id":"https:\/\/www.yucatanencorto.com\/noticias\/entregan-la-medalla-silvio-zavala-vallado-a-la-cultura-y-las-artes-2021-al-dr-ruben-reyes-ramirez\/"},"author":{"name":"Yucat\u00e1n en Corto FC","@id":"https:\/\/www.yucatanencorto.com\/noticias\/#\/schema\/person\/14f82d355225a1f4075dd84a31f45a72"},"headline":"Entregan la Medalla \u201cSilvio Zavala Vallado, a la Cultura y las Artes 2021\u201d al Dr. Rub\u00e9n Reyes Ram\u00edrez","datePublished":"2021-02-13T02:17:21+00:00","mainEntityOfPage":{"@id":"https:\/\/www.yucatanencorto.com\/noticias\/entregan-la-medalla-silvio-zavala-vallado-a-la-cultura-y-las-artes-2021-al-dr-ruben-reyes-ramirez\/"},"wordCount":1012,"image":{"@id":"https:\/\/www.yucatanencorto.com\/noticias\/entregan-la-medalla-silvio-zavala-vallado-a-la-cultura-y-las-artes-2021-al-dr-ruben-reyes-ramirez\/#primaryimage"},"thumbnailUrl":"https:\/\/www.yucatanencorto.com\/noticias\/wp-content\/uploads\/2021\/02\/RBC2021-02-12-at-4.29.08-PM-scaled.jpeg","articleSection":["M\u00e9rida"],"inLanguage":"es"},{"@type":"WebPage","@id":"https:\/\/www.yucatanencorto.com\/noticias\/entregan-la-medalla-silvio-zavala-vallado-a-la-cultura-y-las-artes-2021-al-dr-ruben-reyes-ramirez\/","url":"https:\/\/www.yucatanencorto.com\/noticias\/entregan-la-medalla-silvio-zavala-vallado-a-la-cultura-y-las-artes-2021-al-dr-ruben-reyes-ramirez\/","name":"Entregan la Medalla \u201cSilvio Zavala Vallado, a la Cultura y las Artes 2021\u201d al Dr. Rub\u00e9n Reyes Ram\u00edrez - Yucat\u00e1n en corto","isPartOf":{"@id":"https:\/\/www.yucatanencorto.com\/noticias\/#website"},"primaryImageOfPage":{"@id":"https:\/\/www.yucatanencorto.com\/noticias\/entregan-la-medalla-silvio-zavala-vallado-a-la-cultura-y-las-artes-2021-al-dr-ruben-reyes-ramirez\/#primaryimage"},"image":{"@id":"https:\/\/www.yucatanencorto.com\/noticias\/entregan-la-medalla-silvio-zavala-vallado-a-la-cultura-y-las-artes-2021-al-dr-ruben-reyes-ramirez\/#primaryimage"},"thumbnailUrl":"https:\/\/www.yucatanencorto.com\/noticias\/wp-content\/uploads\/2021\/02\/RBC2021-02-12-at-4.29.08-PM-scaled.jpeg","datePublished":"2021-02-13T02:17:21+00:00","author":{"@id":"https:\/\/www.yucatanencorto.com\/noticias\/#\/schema\/person\/14f82d355225a1f4075dd84a31f45a72"},"breadcrumb":{"@id":"https:\/\/www.yucatanencorto.com\/noticias\/entregan-la-medalla-silvio-zavala-vallado-a-la-cultura-y-las-artes-2021-al-dr-ruben-reyes-ramirez\/#breadcrumb"},"inLanguage":"es","potentialAction":[{"@type":"ReadAction","target":["https:\/\/www.yucatanencorto.com\/noticias\/entregan-la-medalla-silvio-zavala-vallado-a-la-cultura-y-las-artes-2021-al-dr-ruben-reyes-ramirez\/"]}]},{"@type":"ImageObject","inLanguage":"es","@id":"https:\/\/www.yucatanencorto.com\/noticias\/entregan-la-medalla-silvio-zavala-vallado-a-la-cultura-y-las-artes-2021-al-dr-ruben-reyes-ramirez\/#primaryimage","url":"https:\/\/www.yucatanencorto.com\/noticias\/wp-content\/uploads\/2021\/02\/RBC2021-02-12-at-4.29.08-PM-scaled.jpeg","contentUrl":"https:\/\/www.yucatanencorto.com\/noticias\/wp-content\/uploads\/2021\/02\/RBC2021-02-12-at-4.29.08-PM-scaled.jpeg","width":768,"height":512},{"@type":"BreadcrumbList","@id":"https:\/\/www.yucatanencorto.com\/noticias\/entregan-la-medalla-silvio-zavala-vallado-a-la-cultura-y-las-artes-2021-al-dr-ruben-reyes-ramirez\/#breadcrumb","itemListElement":[{"@type":"ListItem","position":1,"name":"Portada","item":"https:\/\/www.yucatanencorto.com\/noticias\/"},{"@type":"ListItem","position":2,"name":"Entregan la Medalla \u201cSilvio Zavala Vallado, a la Cultura y las Artes 2021\u201d al Dr. Rub\u00e9n Reyes Ram\u00edrez"}]},{"@type":"WebSite","@id":"https:\/\/www.yucatanencorto.com\/noticias\/#website","url":"https:\/\/www.yucatanencorto.com\/noticias\/","name":"Yucat\u00e1n en corto","description":"Noticias","potentialAction":[{"@type":"SearchAction","target":{"@type":"EntryPoint","urlTemplate":"https:\/\/www.yucatanencorto.com\/noticias\/?s={search_term_string}"},"query-input":{"@type":"PropertyValueSpecification","valueRequired":true,"valueName":"search_term_string"}}],"inLanguage":"es"},{"@type":"Person","@id":"https:\/\/www.yucatanencorto.com\/noticias\/#\/schema\/person\/14f82d355225a1f4075dd84a31f45a72","name":"Yucat\u00e1n en Corto FC","image":{"@type":"ImageObject","inLanguage":"es","@id":"https:\/\/secure.gravatar.com\/avatar\/147d4b30cd728c53c29c49a3f7834dedca33707f4cd259761355846009a88250?s=96&d=mm&r=g","url":"https:\/\/secure.gravatar.com\/avatar\/147d4b30cd728c53c29c49a3f7834dedca33707f4cd259761355846009a88250?s=96&d=mm&r=g","contentUrl":"https:\/\/secure.gravatar.com\/avatar\/147d4b30cd728c53c29c49a3f7834dedca33707f4cd259761355846009a88250?s=96&d=mm&r=g","caption":"Yucat\u00e1n en Corto FC"},"url":"https:\/\/www.yucatanencorto.com\/noticias\/author\/flor\/"}]}},"_links":{"self":[{"href":"https:\/\/www.yucatanencorto.com\/noticias\/wp-json\/wp\/v2\/posts\/70061","targetHints":{"allow":["GET"]}}],"collection":[{"href":"https:\/\/www.yucatanencorto.com\/noticias\/wp-json\/wp\/v2\/posts"}],"about":[{"href":"https:\/\/www.yucatanencorto.com\/noticias\/wp-json\/wp\/v2\/types\/post"}],"author":[{"embeddable":true,"href":"https:\/\/www.yucatanencorto.com\/noticias\/wp-json\/wp\/v2\/users\/2"}],"replies":[{"embeddable":true,"href":"https:\/\/www.yucatanencorto.com\/noticias\/wp-json\/wp\/v2\/comments?post=70061"}],"version-history":[{"count":0,"href":"https:\/\/www.yucatanencorto.com\/noticias\/wp-json\/wp\/v2\/posts\/70061\/revisions"}],"wp:featuredmedia":[{"embeddable":true,"href":"https:\/\/www.yucatanencorto.com\/noticias\/wp-json\/wp\/v2\/media\/70063"}],"wp:attachment":[{"href":"https:\/\/www.yucatanencorto.com\/noticias\/wp-json\/wp\/v2\/media?parent=70061"}],"wp:term":[{"taxonomy":"category","embeddable":true,"href":"https:\/\/www.yucatanencorto.com\/noticias\/wp-json\/wp\/v2\/categories?post=70061"},{"taxonomy":"post_tag","embeddable":true,"href":"https:\/\/www.yucatanencorto.com\/noticias\/wp-json\/wp\/v2\/tags?post=70061"}],"curies":[{"name":"wp","href":"https:\/\/api.w.org\/{rel}","templated":true}]}}