{"id":70065,"date":"2021-02-12T20:23:24","date_gmt":"2021-02-13T02:23:24","guid":{"rendered":"https:\/\/www.yucatanencorto.com\/noticias\/?p=70065"},"modified":"2021-02-12T20:23:24","modified_gmt":"2021-02-13T02:23:24","slug":"con-la-construccion-de-puentes-peatonales-en-el-periferico-de-merida-se-eleva-la-calidad-de-vida-y-seguridad-de-los-yucatecos-asegura-gobierno-del-estado","status":"publish","type":"post","link":"https:\/\/www.yucatanencorto.com\/noticias\/con-la-construccion-de-puentes-peatonales-en-el-periferico-de-merida-se-eleva-la-calidad-de-vida-y-seguridad-de-los-yucatecos-asegura-gobierno-del-estado\/","title":{"rendered":"Con la construcci\u00f3n de puentes peatonales en el Perif\u00e9rico de M\u00e9rida se eleva la calidad de vida y seguridad de los yucatecos, Asegura gobierno del Estado"},"content":{"rendered":"<div dir=\"ltr\">\n<p><img loading=\"lazy\" decoding=\"async\" class=\"alignnone size-full wp-image-70066\" src=\"https:\/\/www.yucatanencorto.com\/noticias\/wp-content\/uploads\/2021\/02\/image00005-9-scaled.jpeg\" alt=\"\" width=\"768\" height=\"480\" srcset=\"https:\/\/www.yucatanencorto.com\/noticias\/wp-content\/uploads\/2021\/02\/image00005-9-scaled.jpeg 768w, https:\/\/www.yucatanencorto.com\/noticias\/wp-content\/uploads\/2021\/02\/image00005-9-696x435.jpeg 696w, https:\/\/www.yucatanencorto.com\/noticias\/wp-content\/uploads\/2021\/02\/image00005-9-1068x668.jpeg 1068w, https:\/\/www.yucatanencorto.com\/noticias\/wp-content\/uploads\/2021\/02\/image00005-9-672x420.jpeg 672w\" sizes=\"auto, (max-width: 768px) 100vw, 768px\" \/>M\u00e9rida, Yucat\u00e1n, 12 de febrero de 2021.- A trav\u00e9s del Programa Conjunto de Mejora a la Movilidad y la Infraestructura Vial, el Gobernador Mauricio Vila Dosal y el alcalde de M\u00e9rida, Ren\u00e1n Barrera Concha, trabajan de forma coordinada para construir nuevos puentes peatonales y darle mantenimiento a los ya existentes ubicados en el Anillo Perif\u00e9rico de esta capital, a fin de atender las necesidades de infraestructura para los yucatecos que requieren cruzar esta importante v\u00eda de forma segura.<\/p>\n<p>Para ello, a trav\u00e9s de una inversi\u00f3n de 78 millones de pesos, se construir\u00e1n en el Perif\u00e9rico de M\u00e9rida 5 puentes peatonales nuevos, se instalar\u00e1n 4 m\u00e1s temporales y se dar\u00e1 mantenimiento a 8 existentes para mejorar la seguridad peatonal, el flujo vehicular y garantizar la accesibilidad universal con la construcci\u00f3n de modernos elevadores con capacidad para sillas de ruedas, bicicletas e incluso triciclos.<\/p>\n<p>De los 5 puentes nuevos, 1 ser\u00e1 doble y se ubicar\u00e1 en el kil\u00f3metro (km) 3.8 del Perif\u00e9rico, cerca de la zona del fraccionamiento San Marcos Sustentable; y los 4 restantes, ser\u00e1n tipo \u201cY\u201d y se localizar\u00e1n en a la altura del Centro de Rehabilitaci\u00f3n Infantil Telet\u00f3n (km 34.55), el fraccionamiento Pensiones Amapola (km 38.60) Fiscal\u00eda General del Estado (km 44.50) y en el fraccionamiento Tixcacal Opich\u00e9n (km 48.00)<\/p>\n<p>Respecto a los puentes temporales, cabe aclarar que \u00e9stos se instalar\u00e1n a la altura de\u00a0 la calle 81 del Fraccionamiento Ampliaci\u00f3n Tixcacal Opich\u00e9n esquina con Perif\u00e9rico (Km. 46.50), as\u00ed como las inmediaciones de la Fiscal\u00eda General del Estado (km. 45.20), del fraccionamiento Juan Pablo II (km. 43.00) y de la entrada a la comisar\u00eda de Santa Gertrudis Cop\u00f3 (km 26.50), solo por un determinado periodo, ya que las autoridades estatales y municipales han detectado la necesidad de construir en el\u00a0 futuro un paso a desnivel en esas zonas.<\/p>\n<p>En M\u00e9rida, hace casi 10 a\u00f1os que no se construyen este tipo de estructuras a desnivel para peatones en la v\u00eda federal, debido a que no se han recibido recursos para su mantenimiento, por lo que con este programa coordinado se invertir\u00e1 para su impostergable mejora.<\/p>\n<p>La construcci\u00f3n y mantenimiento de cruces peatonales elevados en el Perif\u00e9rico de M\u00e9rida, es una respuesta al acelerado crecimiento que ha tenido la capital yucateca en los \u00faltimos 10 a\u00f1os, periodo durante el cual se increment\u00f3 la poblaci\u00f3n en m\u00e1s del 25%, el n\u00famero de veh\u00edculos por habitantes aument\u00f3 m\u00e1s de 45% por lo que se duplic\u00f3 el tr\u00e1fico en esta v\u00eda y la tasa de accidentes se elev\u00f3 m\u00e1s de 163% en la misma d\u00e9cada.<\/p>\n<p>Adem\u00e1s, en el Programa Conjunto, tambi\u00e9n se incluyen trabajos de instalaci\u00f3n de sem\u00e1foros inteligentes, repavimentaci\u00f3n de algunos sectores de esta importante v\u00eda de comunicaci\u00f3n federal y la pavimentaci\u00f3n de vialidades al interior de la misma, as\u00ed como la intervenci\u00f3n de intersecciones seguras, que en su conjunto contribuir\u00e1n a la creaci\u00f3n de m\u00e1s de 11,000 empleos, entre directos e indirectos.<\/p>\n<p>Asimismo, entre los beneficios tangibles de esta iniciativa estar\u00e1 contar con una movilidad m\u00e1s segura para los ciudadanos, un flujo vehicular m\u00e1s eficiente, una mejora de la imagen tur\u00edstica, as\u00ed como el incremento de la plusval\u00eda en zonas intervenidas, y la derrama econ\u00f3mica y la creaci\u00f3n de miles de nuevas fuentes de empleo para los yucatecos.<\/p>\n<p>El Gobierno del Estado y el Ayuntamiento meridano efect\u00faan estos trabajos conjuntos, a fin de elevar la calidad de vida de los habitantes de Yucat\u00e1n y para otorgar mayor seguridad en las v\u00edas de comunicaci\u00f3n, c\u00f3mo parte de la Agenda 2050 para la ciudad de M\u00e9rida.<\/p>\n<\/div>\n","protected":false},"excerpt":{"rendered":"<p>M\u00e9rida, Yucat\u00e1n, 12 de febrero de 2021.- A trav\u00e9s del Programa Conjunto de Mejora a la Movilidad y la Infraestructura Vial, el Gobernador Mauricio Vila Dosal y el alcalde de M\u00e9rida, Ren\u00e1n Barrera Concha, trabajan de forma coordinada para construir nuevos puentes peatonales y darle mantenimiento a los ya existentes ubicados en el Anillo Perif\u00e9rico [&hellip;]<\/p>\n","protected":false},"author":2,"featured_media":70066,"comment_status":"closed","ping_status":"closed","sticky":false,"template":"","format":"standard","meta":{"footnotes":""},"categories":[3],"tags":[],"class_list":{"0":"post-70065","1":"post","2":"type-post","3":"status-publish","4":"format-standard","5":"has-post-thumbnail","7":"category-yucatan"},"yoast_head":"<!-- This site is optimized with the Yoast SEO plugin v27.5 - https:\/\/yoast.com\/product\/yoast-seo-wordpress\/ -->\n<title>Con la construcci\u00f3n de puentes peatonales en el Perif\u00e9rico de M\u00e9rida se eleva la calidad de vida y seguridad de los yucatecos, Asegura gobierno del Estado - Yucat\u00e1n en corto<\/title>\n<meta name=\"robots\" content=\"index, follow, max-snippet:-1, max-image-preview:large, max-video-preview:-1\" \/>\n<link rel=\"canonical\" href=\"https:\/\/www.yucatanencorto.com\/noticias\/con-la-construccion-de-puentes-peatonales-en-el-periferico-de-merida-se-eleva-la-calidad-de-vida-y-seguridad-de-los-yucatecos-asegura-gobierno-del-estado\/\" \/>\n<meta property=\"og:locale\" content=\"es_ES\" \/>\n<meta property=\"og:type\" content=\"article\" \/>\n<meta property=\"og:title\" content=\"Con la construcci\u00f3n de puentes peatonales en el Perif\u00e9rico de M\u00e9rida se eleva la calidad de vida y seguridad de los yucatecos, Asegura gobierno del Estado - Yucat\u00e1n en corto\" \/>\n<meta property=\"og:description\" content=\"M\u00e9rida, Yucat\u00e1n, 12 de febrero de 2021.- A trav\u00e9s del Programa Conjunto de Mejora a la Movilidad y la Infraestructura Vial, el Gobernador Mauricio Vila Dosal y el alcalde de M\u00e9rida, Ren\u00e1n Barrera Concha, trabajan de forma coordinada para construir nuevos puentes peatonales y darle mantenimiento a los ya existentes ubicados en el Anillo Perif\u00e9rico [&hellip;]\" \/>\n<meta property=\"og:url\" content=\"https:\/\/www.yucatanencorto.com\/noticias\/con-la-construccion-de-puentes-peatonales-en-el-periferico-de-merida-se-eleva-la-calidad-de-vida-y-seguridad-de-los-yucatecos-asegura-gobierno-del-estado\/\" \/>\n<meta property=\"og:site_name\" content=\"Yucat\u00e1n en corto\" \/>\n<meta property=\"article:publisher\" content=\"http:\/\/www.facebook.com\/yucatanencorto\" \/>\n<meta property=\"article:published_time\" content=\"2021-02-13T02:23:24+00:00\" \/>\n<meta property=\"og:image\" content=\"https:\/\/www.yucatanencorto.com\/noticias\/wp-content\/uploads\/2021\/02\/image00005-9-scaled.jpeg\" \/>\n\t<meta property=\"og:image:width\" content=\"768\" \/>\n\t<meta property=\"og:image:height\" content=\"480\" \/>\n\t<meta property=\"og:image:type\" content=\"image\/jpeg\" \/>\n<meta name=\"author\" content=\"Yucat\u00e1n en Corto FC\" \/>\n<meta name=\"twitter:card\" content=\"summary_large_image\" \/>\n<meta name=\"twitter:creator\" content=\"@yucatanencorto\" \/>\n<meta name=\"twitter:site\" content=\"@yucatanencorto\" \/>\n<meta name=\"twitter:label1\" content=\"Escrito por\" \/>\n\t<meta name=\"twitter:data1\" content=\"Yucat\u00e1n en Corto FC\" \/>\n\t<meta name=\"twitter:label2\" content=\"Tiempo de lectura\" \/>\n\t<meta name=\"twitter:data2\" content=\"3 minutos\" \/>\n<script type=\"application\/ld+json\" class=\"yoast-schema-graph\">{\"@context\":\"https:\\\/\\\/schema.org\",\"@graph\":[{\"@type\":\"Article\",\"@id\":\"https:\\\/\\\/www.yucatanencorto.com\\\/noticias\\\/con-la-construccion-de-puentes-peatonales-en-el-periferico-de-merida-se-eleva-la-calidad-de-vida-y-seguridad-de-los-yucatecos-asegura-gobierno-del-estado\\\/#article\",\"isPartOf\":{\"@id\":\"https:\\\/\\\/www.yucatanencorto.com\\\/noticias\\\/con-la-construccion-de-puentes-peatonales-en-el-periferico-de-merida-se-eleva-la-calidad-de-vida-y-seguridad-de-los-yucatecos-asegura-gobierno-del-estado\\\/\"},\"author\":{\"name\":\"Yucat\u00e1n en Corto FC\",\"@id\":\"https:\\\/\\\/www.yucatanencorto.com\\\/noticias\\\/#\\\/schema\\\/person\\\/14f82d355225a1f4075dd84a31f45a72\"},\"headline\":\"Con la construcci\u00f3n de puentes peatonales en el Perif\u00e9rico de M\u00e9rida se eleva la calidad de vida y seguridad de los yucatecos, Asegura gobierno del Estado\",\"datePublished\":\"2021-02-13T02:23:24+00:00\",\"mainEntityOfPage\":{\"@id\":\"https:\\\/\\\/www.yucatanencorto.com\\\/noticias\\\/con-la-construccion-de-puentes-peatonales-en-el-periferico-de-merida-se-eleva-la-calidad-de-vida-y-seguridad-de-los-yucatecos-asegura-gobierno-del-estado\\\/\"},\"wordCount\":655,\"image\":{\"@id\":\"https:\\\/\\\/www.yucatanencorto.com\\\/noticias\\\/con-la-construccion-de-puentes-peatonales-en-el-periferico-de-merida-se-eleva-la-calidad-de-vida-y-seguridad-de-los-yucatecos-asegura-gobierno-del-estado\\\/#primaryimage\"},\"thumbnailUrl\":\"https:\\\/\\\/www.yucatanencorto.com\\\/noticias\\\/wp-content\\\/uploads\\\/2021\\\/02\\\/image00005-9-scaled.jpeg\",\"articleSection\":[\"Yucat\u00e1n\"],\"inLanguage\":\"es\"},{\"@type\":\"WebPage\",\"@id\":\"https:\\\/\\\/www.yucatanencorto.com\\\/noticias\\\/con-la-construccion-de-puentes-peatonales-en-el-periferico-de-merida-se-eleva-la-calidad-de-vida-y-seguridad-de-los-yucatecos-asegura-gobierno-del-estado\\\/\",\"url\":\"https:\\\/\\\/www.yucatanencorto.com\\\/noticias\\\/con-la-construccion-de-puentes-peatonales-en-el-periferico-de-merida-se-eleva-la-calidad-de-vida-y-seguridad-de-los-yucatecos-asegura-gobierno-del-estado\\\/\",\"name\":\"Con la construcci\u00f3n de puentes peatonales en el Perif\u00e9rico de M\u00e9rida se eleva la calidad de vida y seguridad de los yucatecos, Asegura gobierno del Estado - Yucat\u00e1n en corto\",\"isPartOf\":{\"@id\":\"https:\\\/\\\/www.yucatanencorto.com\\\/noticias\\\/#website\"},\"primaryImageOfPage\":{\"@id\":\"https:\\\/\\\/www.yucatanencorto.com\\\/noticias\\\/con-la-construccion-de-puentes-peatonales-en-el-periferico-de-merida-se-eleva-la-calidad-de-vida-y-seguridad-de-los-yucatecos-asegura-gobierno-del-estado\\\/#primaryimage\"},\"image\":{\"@id\":\"https:\\\/\\\/www.yucatanencorto.com\\\/noticias\\\/con-la-construccion-de-puentes-peatonales-en-el-periferico-de-merida-se-eleva-la-calidad-de-vida-y-seguridad-de-los-yucatecos-asegura-gobierno-del-estado\\\/#primaryimage\"},\"thumbnailUrl\":\"https:\\\/\\\/www.yucatanencorto.com\\\/noticias\\\/wp-content\\\/uploads\\\/2021\\\/02\\\/image00005-9-scaled.jpeg\",\"datePublished\":\"2021-02-13T02:23:24+00:00\",\"author\":{\"@id\":\"https:\\\/\\\/www.yucatanencorto.com\\\/noticias\\\/#\\\/schema\\\/person\\\/14f82d355225a1f4075dd84a31f45a72\"},\"breadcrumb\":{\"@id\":\"https:\\\/\\\/www.yucatanencorto.com\\\/noticias\\\/con-la-construccion-de-puentes-peatonales-en-el-periferico-de-merida-se-eleva-la-calidad-de-vida-y-seguridad-de-los-yucatecos-asegura-gobierno-del-estado\\\/#breadcrumb\"},\"inLanguage\":\"es\",\"potentialAction\":[{\"@type\":\"ReadAction\",\"target\":[\"https:\\\/\\\/www.yucatanencorto.com\\\/noticias\\\/con-la-construccion-de-puentes-peatonales-en-el-periferico-de-merida-se-eleva-la-calidad-de-vida-y-seguridad-de-los-yucatecos-asegura-gobierno-del-estado\\\/\"]}]},{\"@type\":\"ImageObject\",\"inLanguage\":\"es\",\"@id\":\"https:\\\/\\\/www.yucatanencorto.com\\\/noticias\\\/con-la-construccion-de-puentes-peatonales-en-el-periferico-de-merida-se-eleva-la-calidad-de-vida-y-seguridad-de-los-yucatecos-asegura-gobierno-del-estado\\\/#primaryimage\",\"url\":\"https:\\\/\\\/www.yucatanencorto.com\\\/noticias\\\/wp-content\\\/uploads\\\/2021\\\/02\\\/image00005-9-scaled.jpeg\",\"contentUrl\":\"https:\\\/\\\/www.yucatanencorto.com\\\/noticias\\\/wp-content\\\/uploads\\\/2021\\\/02\\\/image00005-9-scaled.jpeg\",\"width\":768,\"height\":480},{\"@type\":\"BreadcrumbList\",\"@id\":\"https:\\\/\\\/www.yucatanencorto.com\\\/noticias\\\/con-la-construccion-de-puentes-peatonales-en-el-periferico-de-merida-se-eleva-la-calidad-de-vida-y-seguridad-de-los-yucatecos-asegura-gobierno-del-estado\\\/#breadcrumb\",\"itemListElement\":[{\"@type\":\"ListItem\",\"position\":1,\"name\":\"Portada\",\"item\":\"https:\\\/\\\/www.yucatanencorto.com\\\/noticias\\\/\"},{\"@type\":\"ListItem\",\"position\":2,\"name\":\"Con la construcci\u00f3n de puentes peatonales en el Perif\u00e9rico de M\u00e9rida se eleva la calidad de vida y seguridad de los yucatecos, Asegura gobierno del Estado\"}]},{\"@type\":\"WebSite\",\"@id\":\"https:\\\/\\\/www.yucatanencorto.com\\\/noticias\\\/#website\",\"url\":\"https:\\\/\\\/www.yucatanencorto.com\\\/noticias\\\/\",\"name\":\"Yucat\u00e1n en corto\",\"description\":\"Noticias\",\"potentialAction\":[{\"@type\":\"SearchAction\",\"target\":{\"@type\":\"EntryPoint\",\"urlTemplate\":\"https:\\\/\\\/www.yucatanencorto.com\\\/noticias\\\/?s={search_term_string}\"},\"query-input\":{\"@type\":\"PropertyValueSpecification\",\"valueRequired\":true,\"valueName\":\"search_term_string\"}}],\"inLanguage\":\"es\"},{\"@type\":\"Person\",\"@id\":\"https:\\\/\\\/www.yucatanencorto.com\\\/noticias\\\/#\\\/schema\\\/person\\\/14f82d355225a1f4075dd84a31f45a72\",\"name\":\"Yucat\u00e1n en Corto FC\",\"image\":{\"@type\":\"ImageObject\",\"inLanguage\":\"es\",\"@id\":\"https:\\\/\\\/secure.gravatar.com\\\/avatar\\\/147d4b30cd728c53c29c49a3f7834dedca33707f4cd259761355846009a88250?s=96&d=mm&r=g\",\"url\":\"https:\\\/\\\/secure.gravatar.com\\\/avatar\\\/147d4b30cd728c53c29c49a3f7834dedca33707f4cd259761355846009a88250?s=96&d=mm&r=g\",\"contentUrl\":\"https:\\\/\\\/secure.gravatar.com\\\/avatar\\\/147d4b30cd728c53c29c49a3f7834dedca33707f4cd259761355846009a88250?s=96&d=mm&r=g\",\"caption\":\"Yucat\u00e1n en Corto FC\"},\"url\":\"https:\\\/\\\/www.yucatanencorto.com\\\/noticias\\\/author\\\/flor\\\/\"}]}<\/script>\n<!-- \/ Yoast SEO plugin. -->","yoast_head_json":{"title":"Con la construcci\u00f3n de puentes peatonales en el Perif\u00e9rico de M\u00e9rida se eleva la calidad de vida y seguridad de los yucatecos, Asegura gobierno del Estado - Yucat\u00e1n en corto","robots":{"index":"index","follow":"follow","max-snippet":"max-snippet:-1","max-image-preview":"max-image-preview:large","max-video-preview":"max-video-preview:-1"},"canonical":"https:\/\/www.yucatanencorto.com\/noticias\/con-la-construccion-de-puentes-peatonales-en-el-periferico-de-merida-se-eleva-la-calidad-de-vida-y-seguridad-de-los-yucatecos-asegura-gobierno-del-estado\/","og_locale":"es_ES","og_type":"article","og_title":"Con la construcci\u00f3n de puentes peatonales en el Perif\u00e9rico de M\u00e9rida se eleva la calidad de vida y seguridad de los yucatecos, Asegura gobierno del Estado - Yucat\u00e1n en corto","og_description":"M\u00e9rida, Yucat\u00e1n, 12 de febrero de 2021.- A trav\u00e9s del Programa Conjunto de Mejora a la Movilidad y la Infraestructura Vial, el Gobernador Mauricio Vila Dosal y el alcalde de M\u00e9rida, Ren\u00e1n Barrera Concha, trabajan de forma coordinada para construir nuevos puentes peatonales y darle mantenimiento a los ya existentes ubicados en el Anillo Perif\u00e9rico [&hellip;]","og_url":"https:\/\/www.yucatanencorto.com\/noticias\/con-la-construccion-de-puentes-peatonales-en-el-periferico-de-merida-se-eleva-la-calidad-de-vida-y-seguridad-de-los-yucatecos-asegura-gobierno-del-estado\/","og_site_name":"Yucat\u00e1n en corto","article_publisher":"http:\/\/www.facebook.com\/yucatanencorto","article_published_time":"2021-02-13T02:23:24+00:00","og_image":[{"width":768,"height":480,"url":"https:\/\/www.yucatanencorto.com\/noticias\/wp-content\/uploads\/2021\/02\/image00005-9-scaled.jpeg","type":"image\/jpeg"}],"author":"Yucat\u00e1n en Corto FC","twitter_card":"summary_large_image","twitter_creator":"@yucatanencorto","twitter_site":"@yucatanencorto","twitter_misc":{"Escrito por":"Yucat\u00e1n en Corto FC","Tiempo de lectura":"3 minutos"},"schema":{"@context":"https:\/\/schema.org","@graph":[{"@type":"Article","@id":"https:\/\/www.yucatanencorto.com\/noticias\/con-la-construccion-de-puentes-peatonales-en-el-periferico-de-merida-se-eleva-la-calidad-de-vida-y-seguridad-de-los-yucatecos-asegura-gobierno-del-estado\/#article","isPartOf":{"@id":"https:\/\/www.yucatanencorto.com\/noticias\/con-la-construccion-de-puentes-peatonales-en-el-periferico-de-merida-se-eleva-la-calidad-de-vida-y-seguridad-de-los-yucatecos-asegura-gobierno-del-estado\/"},"author":{"name":"Yucat\u00e1n en Corto FC","@id":"https:\/\/www.yucatanencorto.com\/noticias\/#\/schema\/person\/14f82d355225a1f4075dd84a31f45a72"},"headline":"Con la construcci\u00f3n de puentes peatonales en el Perif\u00e9rico de M\u00e9rida se eleva la calidad de vida y seguridad de los yucatecos, Asegura gobierno del Estado","datePublished":"2021-02-13T02:23:24+00:00","mainEntityOfPage":{"@id":"https:\/\/www.yucatanencorto.com\/noticias\/con-la-construccion-de-puentes-peatonales-en-el-periferico-de-merida-se-eleva-la-calidad-de-vida-y-seguridad-de-los-yucatecos-asegura-gobierno-del-estado\/"},"wordCount":655,"image":{"@id":"https:\/\/www.yucatanencorto.com\/noticias\/con-la-construccion-de-puentes-peatonales-en-el-periferico-de-merida-se-eleva-la-calidad-de-vida-y-seguridad-de-los-yucatecos-asegura-gobierno-del-estado\/#primaryimage"},"thumbnailUrl":"https:\/\/www.yucatanencorto.com\/noticias\/wp-content\/uploads\/2021\/02\/image00005-9-scaled.jpeg","articleSection":["Yucat\u00e1n"],"inLanguage":"es"},{"@type":"WebPage","@id":"https:\/\/www.yucatanencorto.com\/noticias\/con-la-construccion-de-puentes-peatonales-en-el-periferico-de-merida-se-eleva-la-calidad-de-vida-y-seguridad-de-los-yucatecos-asegura-gobierno-del-estado\/","url":"https:\/\/www.yucatanencorto.com\/noticias\/con-la-construccion-de-puentes-peatonales-en-el-periferico-de-merida-se-eleva-la-calidad-de-vida-y-seguridad-de-los-yucatecos-asegura-gobierno-del-estado\/","name":"Con la construcci\u00f3n de puentes peatonales en el Perif\u00e9rico de M\u00e9rida se eleva la calidad de vida y seguridad de los yucatecos, Asegura gobierno del Estado - Yucat\u00e1n en corto","isPartOf":{"@id":"https:\/\/www.yucatanencorto.com\/noticias\/#website"},"primaryImageOfPage":{"@id":"https:\/\/www.yucatanencorto.com\/noticias\/con-la-construccion-de-puentes-peatonales-en-el-periferico-de-merida-se-eleva-la-calidad-de-vida-y-seguridad-de-los-yucatecos-asegura-gobierno-del-estado\/#primaryimage"},"image":{"@id":"https:\/\/www.yucatanencorto.com\/noticias\/con-la-construccion-de-puentes-peatonales-en-el-periferico-de-merida-se-eleva-la-calidad-de-vida-y-seguridad-de-los-yucatecos-asegura-gobierno-del-estado\/#primaryimage"},"thumbnailUrl":"https:\/\/www.yucatanencorto.com\/noticias\/wp-content\/uploads\/2021\/02\/image00005-9-scaled.jpeg","datePublished":"2021-02-13T02:23:24+00:00","author":{"@id":"https:\/\/www.yucatanencorto.com\/noticias\/#\/schema\/person\/14f82d355225a1f4075dd84a31f45a72"},"breadcrumb":{"@id":"https:\/\/www.yucatanencorto.com\/noticias\/con-la-construccion-de-puentes-peatonales-en-el-periferico-de-merida-se-eleva-la-calidad-de-vida-y-seguridad-de-los-yucatecos-asegura-gobierno-del-estado\/#breadcrumb"},"inLanguage":"es","potentialAction":[{"@type":"ReadAction","target":["https:\/\/www.yucatanencorto.com\/noticias\/con-la-construccion-de-puentes-peatonales-en-el-periferico-de-merida-se-eleva-la-calidad-de-vida-y-seguridad-de-los-yucatecos-asegura-gobierno-del-estado\/"]}]},{"@type":"ImageObject","inLanguage":"es","@id":"https:\/\/www.yucatanencorto.com\/noticias\/con-la-construccion-de-puentes-peatonales-en-el-periferico-de-merida-se-eleva-la-calidad-de-vida-y-seguridad-de-los-yucatecos-asegura-gobierno-del-estado\/#primaryimage","url":"https:\/\/www.yucatanencorto.com\/noticias\/wp-content\/uploads\/2021\/02\/image00005-9-scaled.jpeg","contentUrl":"https:\/\/www.yucatanencorto.com\/noticias\/wp-content\/uploads\/2021\/02\/image00005-9-scaled.jpeg","width":768,"height":480},{"@type":"BreadcrumbList","@id":"https:\/\/www.yucatanencorto.com\/noticias\/con-la-construccion-de-puentes-peatonales-en-el-periferico-de-merida-se-eleva-la-calidad-de-vida-y-seguridad-de-los-yucatecos-asegura-gobierno-del-estado\/#breadcrumb","itemListElement":[{"@type":"ListItem","position":1,"name":"Portada","item":"https:\/\/www.yucatanencorto.com\/noticias\/"},{"@type":"ListItem","position":2,"name":"Con la construcci\u00f3n de puentes peatonales en el Perif\u00e9rico de M\u00e9rida se eleva la calidad de vida y seguridad de los yucatecos, Asegura gobierno del Estado"}]},{"@type":"WebSite","@id":"https:\/\/www.yucatanencorto.com\/noticias\/#website","url":"https:\/\/www.yucatanencorto.com\/noticias\/","name":"Yucat\u00e1n en corto","description":"Noticias","potentialAction":[{"@type":"SearchAction","target":{"@type":"EntryPoint","urlTemplate":"https:\/\/www.yucatanencorto.com\/noticias\/?s={search_term_string}"},"query-input":{"@type":"PropertyValueSpecification","valueRequired":true,"valueName":"search_term_string"}}],"inLanguage":"es"},{"@type":"Person","@id":"https:\/\/www.yucatanencorto.com\/noticias\/#\/schema\/person\/14f82d355225a1f4075dd84a31f45a72","name":"Yucat\u00e1n en Corto FC","image":{"@type":"ImageObject","inLanguage":"es","@id":"https:\/\/secure.gravatar.com\/avatar\/147d4b30cd728c53c29c49a3f7834dedca33707f4cd259761355846009a88250?s=96&d=mm&r=g","url":"https:\/\/secure.gravatar.com\/avatar\/147d4b30cd728c53c29c49a3f7834dedca33707f4cd259761355846009a88250?s=96&d=mm&r=g","contentUrl":"https:\/\/secure.gravatar.com\/avatar\/147d4b30cd728c53c29c49a3f7834dedca33707f4cd259761355846009a88250?s=96&d=mm&r=g","caption":"Yucat\u00e1n en Corto FC"},"url":"https:\/\/www.yucatanencorto.com\/noticias\/author\/flor\/"}]}},"_links":{"self":[{"href":"https:\/\/www.yucatanencorto.com\/noticias\/wp-json\/wp\/v2\/posts\/70065","targetHints":{"allow":["GET"]}}],"collection":[{"href":"https:\/\/www.yucatanencorto.com\/noticias\/wp-json\/wp\/v2\/posts"}],"about":[{"href":"https:\/\/www.yucatanencorto.com\/noticias\/wp-json\/wp\/v2\/types\/post"}],"author":[{"embeddable":true,"href":"https:\/\/www.yucatanencorto.com\/noticias\/wp-json\/wp\/v2\/users\/2"}],"replies":[{"embeddable":true,"href":"https:\/\/www.yucatanencorto.com\/noticias\/wp-json\/wp\/v2\/comments?post=70065"}],"version-history":[{"count":0,"href":"https:\/\/www.yucatanencorto.com\/noticias\/wp-json\/wp\/v2\/posts\/70065\/revisions"}],"wp:featuredmedia":[{"embeddable":true,"href":"https:\/\/www.yucatanencorto.com\/noticias\/wp-json\/wp\/v2\/media\/70066"}],"wp:attachment":[{"href":"https:\/\/www.yucatanencorto.com\/noticias\/wp-json\/wp\/v2\/media?parent=70065"}],"wp:term":[{"taxonomy":"category","embeddable":true,"href":"https:\/\/www.yucatanencorto.com\/noticias\/wp-json\/wp\/v2\/categories?post=70065"},{"taxonomy":"post_tag","embeddable":true,"href":"https:\/\/www.yucatanencorto.com\/noticias\/wp-json\/wp\/v2\/tags?post=70065"}],"curies":[{"name":"wp","href":"https:\/\/api.w.org\/{rel}","templated":true}]}}