{"id":70072,"date":"2021-02-12T21:29:15","date_gmt":"2021-02-13T03:29:15","guid":{"rendered":"https:\/\/www.yucatanencorto.com\/noticias\/?p=70072"},"modified":"2021-02-12T21:29:15","modified_gmt":"2021-02-13T03:29:15","slug":"lunes-inicia-la-vacunacion-contra-covid-19-a-adultos-mayores","status":"publish","type":"post","link":"https:\/\/www.yucatanencorto.com\/noticias\/lunes-inicia-la-vacunacion-contra-covid-19-a-adultos-mayores\/","title":{"rendered":"Lunes inicia la vacunaci\u00f3n contra covid-19 a Adultos Mayores"},"content":{"rendered":"<p><img loading=\"lazy\" decoding=\"async\" class=\"alignnone size-full wp-image-70073\" src=\"https:\/\/www.yucatanencorto.com\/noticias\/wp-content\/uploads\/2021\/02\/esc.png\" alt=\"\" width=\"768\" height=\"522\" srcset=\"https:\/\/www.yucatanencorto.com\/noticias\/wp-content\/uploads\/2021\/02\/esc.png 768w, https:\/\/www.yucatanencorto.com\/noticias\/wp-content\/uploads\/2021\/02\/esc-696x473.png 696w, https:\/\/www.yucatanencorto.com\/noticias\/wp-content\/uploads\/2021\/02\/esc-618x420.png 618w\" sizes=\"auto, (max-width: 768px) 100vw, 768px\" \/>M\u00e9rida, Yucat\u00e1n, a 12 de febrero de 2021.- \u201cEste domingo llegan a M\u00e9xico las primeras vacunas que se aplicar\u00e1n a adultos mayores\u201d, informa el Secretario estatal de Salud, Mauricio Sauri Vivas, quien se reuni\u00f3 con sus hom\u00f3logos de las otras entidades federativas y con autoridades de salud federales, encabezadas por el secretario y subsecretario federales de Salud, Jorge Alcocer Varela y Hugo L\u00f3pez-Gatell.<\/p>\n<p>Los representantes del Gobierno federal a\u00f1adieron que la nueva remesa de vacunas se comenzar\u00e1 a aplicar el lunes a mayores de 60 a\u00f1os. Hay que recordar que estos tratamientos ser\u00e1n aplicados a la poblaci\u00f3n que ha sido previamente registrada y seleccionada por medio de las plataformas del Gobierno federal quien est\u00e1 a cargo del proceso de citas y registros. Se ha informado la autoridad federal llamar\u00e1 por tel\u00e9fono a las personas que recibir\u00e1n la vacuna en esta ocasi\u00f3n.<\/p>\n<p>El Secretario Sauri Vivas explica que, seg\u00fan la estrategia de las autoridades federales, esas vacunas ser\u00e1n aplicadas a adultos mayores. La Federaci\u00f3n tiene a su cargo la planificaci\u00f3n y los protocolos de esta vacunaci\u00f3n; \u201cel Gobierno estatal estar\u00e1\u0301 apoyando y coadyuvando\u201d, especifica el funcionario.<\/p>\n<p>En la reuni\u00f3n, el Secretario Sauri Vivas extern\u00f3 la necesidad de concluir con el proceso de vacunaci\u00f3n del personal de salud, de hospitales p\u00fablicos y privados, y que se asegure la segunda dosis de la vacuna contra el Covid-19 de quienes ya recibieron la primera inoculaci\u00f3n. La postura del secretario yucateco fue secundada por los otros secretarios de salud de las entidades, as\u00ed como otros coordinadores nacionales.<\/p>\n<p>\u201cEs indispensable darle la certeza a nuestro personal de salud, que ha estado en la primera l\u00ednea de batalla durante estos dif\u00edciles meses, de que est\u00e1 en nuestras prioridades en todos los esfuerzos en el tema de la vacunaci\u00f3n\u201d, enfatiz\u00f3 Sauri Vivas. \u201cEs necesario cuidar a quienes nos cuidan\u201d.<\/p>\n","protected":false},"excerpt":{"rendered":"<p>M\u00e9rida, Yucat\u00e1n, a 12 de febrero de 2021.- \u201cEste domingo llegan a M\u00e9xico las primeras vacunas que se aplicar\u00e1n a adultos mayores\u201d, informa el Secretario estatal de Salud, Mauricio Sauri Vivas, quien se reuni\u00f3 con sus hom\u00f3logos de las otras entidades federativas y con autoridades de salud federales, encabezadas por el secretario y subsecretario federales [&hellip;]<\/p>\n","protected":false},"author":2,"featured_media":70073,"comment_status":"closed","ping_status":"closed","sticky":false,"template":"","format":"standard","meta":{"footnotes":""},"categories":[3],"tags":[],"class_list":{"0":"post-70072","1":"post","2":"type-post","3":"status-publish","4":"format-standard","5":"has-post-thumbnail","7":"category-yucatan"},"yoast_head":"<!-- This site is optimized with the Yoast SEO plugin v27.5 - https:\/\/yoast.com\/product\/yoast-seo-wordpress\/ -->\n<title>Lunes inicia la vacunaci\u00f3n contra covid-19 a Adultos Mayores - Yucat\u00e1n en corto<\/title>\n<meta name=\"robots\" content=\"index, follow, max-snippet:-1, max-image-preview:large, max-video-preview:-1\" \/>\n<link rel=\"canonical\" href=\"https:\/\/www.yucatanencorto.com\/noticias\/lunes-inicia-la-vacunacion-contra-covid-19-a-adultos-mayores\/\" \/>\n<meta property=\"og:locale\" content=\"es_ES\" \/>\n<meta property=\"og:type\" content=\"article\" \/>\n<meta property=\"og:title\" content=\"Lunes inicia la vacunaci\u00f3n contra covid-19 a Adultos Mayores - Yucat\u00e1n en corto\" \/>\n<meta property=\"og:description\" content=\"M\u00e9rida, Yucat\u00e1n, a 12 de febrero de 2021.- \u201cEste domingo llegan a M\u00e9xico las primeras vacunas que se aplicar\u00e1n a adultos mayores\u201d, informa el Secretario estatal de Salud, Mauricio Sauri Vivas, quien se reuni\u00f3 con sus hom\u00f3logos de las otras entidades federativas y con autoridades de salud federales, encabezadas por el secretario y subsecretario federales [&hellip;]\" \/>\n<meta property=\"og:url\" content=\"https:\/\/www.yucatanencorto.com\/noticias\/lunes-inicia-la-vacunacion-contra-covid-19-a-adultos-mayores\/\" \/>\n<meta property=\"og:site_name\" content=\"Yucat\u00e1n en corto\" \/>\n<meta property=\"article:publisher\" content=\"http:\/\/www.facebook.com\/yucatanencorto\" \/>\n<meta property=\"article:published_time\" content=\"2021-02-13T03:29:15+00:00\" \/>\n<meta property=\"og:image\" content=\"https:\/\/www.yucatanencorto.com\/noticias\/wp-content\/uploads\/2021\/02\/esc.png\" \/>\n\t<meta property=\"og:image:width\" content=\"768\" \/>\n\t<meta property=\"og:image:height\" content=\"522\" \/>\n\t<meta property=\"og:image:type\" content=\"image\/png\" \/>\n<meta name=\"author\" content=\"Yucat\u00e1n en Corto FC\" \/>\n<meta name=\"twitter:card\" content=\"summary_large_image\" \/>\n<meta name=\"twitter:creator\" content=\"@yucatanencorto\" \/>\n<meta name=\"twitter:site\" content=\"@yucatanencorto\" \/>\n<meta name=\"twitter:label1\" content=\"Escrito por\" \/>\n\t<meta name=\"twitter:data1\" content=\"Yucat\u00e1n en Corto FC\" \/>\n\t<meta name=\"twitter:label2\" content=\"Tiempo de lectura\" \/>\n\t<meta name=\"twitter:data2\" content=\"2 minutos\" \/>\n<script type=\"application\/ld+json\" class=\"yoast-schema-graph\">{\"@context\":\"https:\\\/\\\/schema.org\",\"@graph\":[{\"@type\":\"Article\",\"@id\":\"https:\\\/\\\/www.yucatanencorto.com\\\/noticias\\\/lunes-inicia-la-vacunacion-contra-covid-19-a-adultos-mayores\\\/#article\",\"isPartOf\":{\"@id\":\"https:\\\/\\\/www.yucatanencorto.com\\\/noticias\\\/lunes-inicia-la-vacunacion-contra-covid-19-a-adultos-mayores\\\/\"},\"author\":{\"name\":\"Yucat\u00e1n en Corto FC\",\"@id\":\"https:\\\/\\\/www.yucatanencorto.com\\\/noticias\\\/#\\\/schema\\\/person\\\/14f82d355225a1f4075dd84a31f45a72\"},\"headline\":\"Lunes inicia la vacunaci\u00f3n contra covid-19 a Adultos Mayores\",\"datePublished\":\"2021-02-13T03:29:15+00:00\",\"mainEntityOfPage\":{\"@id\":\"https:\\\/\\\/www.yucatanencorto.com\\\/noticias\\\/lunes-inicia-la-vacunacion-contra-covid-19-a-adultos-mayores\\\/\"},\"wordCount\":334,\"image\":{\"@id\":\"https:\\\/\\\/www.yucatanencorto.com\\\/noticias\\\/lunes-inicia-la-vacunacion-contra-covid-19-a-adultos-mayores\\\/#primaryimage\"},\"thumbnailUrl\":\"https:\\\/\\\/www.yucatanencorto.com\\\/noticias\\\/wp-content\\\/uploads\\\/2021\\\/02\\\/esc.png\",\"articleSection\":[\"Yucat\u00e1n\"],\"inLanguage\":\"es\"},{\"@type\":\"WebPage\",\"@id\":\"https:\\\/\\\/www.yucatanencorto.com\\\/noticias\\\/lunes-inicia-la-vacunacion-contra-covid-19-a-adultos-mayores\\\/\",\"url\":\"https:\\\/\\\/www.yucatanencorto.com\\\/noticias\\\/lunes-inicia-la-vacunacion-contra-covid-19-a-adultos-mayores\\\/\",\"name\":\"Lunes inicia la vacunaci\u00f3n contra covid-19 a Adultos Mayores - Yucat\u00e1n en corto\",\"isPartOf\":{\"@id\":\"https:\\\/\\\/www.yucatanencorto.com\\\/noticias\\\/#website\"},\"primaryImageOfPage\":{\"@id\":\"https:\\\/\\\/www.yucatanencorto.com\\\/noticias\\\/lunes-inicia-la-vacunacion-contra-covid-19-a-adultos-mayores\\\/#primaryimage\"},\"image\":{\"@id\":\"https:\\\/\\\/www.yucatanencorto.com\\\/noticias\\\/lunes-inicia-la-vacunacion-contra-covid-19-a-adultos-mayores\\\/#primaryimage\"},\"thumbnailUrl\":\"https:\\\/\\\/www.yucatanencorto.com\\\/noticias\\\/wp-content\\\/uploads\\\/2021\\\/02\\\/esc.png\",\"datePublished\":\"2021-02-13T03:29:15+00:00\",\"author\":{\"@id\":\"https:\\\/\\\/www.yucatanencorto.com\\\/noticias\\\/#\\\/schema\\\/person\\\/14f82d355225a1f4075dd84a31f45a72\"},\"breadcrumb\":{\"@id\":\"https:\\\/\\\/www.yucatanencorto.com\\\/noticias\\\/lunes-inicia-la-vacunacion-contra-covid-19-a-adultos-mayores\\\/#breadcrumb\"},\"inLanguage\":\"es\",\"potentialAction\":[{\"@type\":\"ReadAction\",\"target\":[\"https:\\\/\\\/www.yucatanencorto.com\\\/noticias\\\/lunes-inicia-la-vacunacion-contra-covid-19-a-adultos-mayores\\\/\"]}]},{\"@type\":\"ImageObject\",\"inLanguage\":\"es\",\"@id\":\"https:\\\/\\\/www.yucatanencorto.com\\\/noticias\\\/lunes-inicia-la-vacunacion-contra-covid-19-a-adultos-mayores\\\/#primaryimage\",\"url\":\"https:\\\/\\\/www.yucatanencorto.com\\\/noticias\\\/wp-content\\\/uploads\\\/2021\\\/02\\\/esc.png\",\"contentUrl\":\"https:\\\/\\\/www.yucatanencorto.com\\\/noticias\\\/wp-content\\\/uploads\\\/2021\\\/02\\\/esc.png\",\"width\":768,\"height\":522},{\"@type\":\"BreadcrumbList\",\"@id\":\"https:\\\/\\\/www.yucatanencorto.com\\\/noticias\\\/lunes-inicia-la-vacunacion-contra-covid-19-a-adultos-mayores\\\/#breadcrumb\",\"itemListElement\":[{\"@type\":\"ListItem\",\"position\":1,\"name\":\"Portada\",\"item\":\"https:\\\/\\\/www.yucatanencorto.com\\\/noticias\\\/\"},{\"@type\":\"ListItem\",\"position\":2,\"name\":\"Lunes inicia la vacunaci\u00f3n contra covid-19 a Adultos Mayores\"}]},{\"@type\":\"WebSite\",\"@id\":\"https:\\\/\\\/www.yucatanencorto.com\\\/noticias\\\/#website\",\"url\":\"https:\\\/\\\/www.yucatanencorto.com\\\/noticias\\\/\",\"name\":\"Yucat\u00e1n en corto\",\"description\":\"Noticias\",\"potentialAction\":[{\"@type\":\"SearchAction\",\"target\":{\"@type\":\"EntryPoint\",\"urlTemplate\":\"https:\\\/\\\/www.yucatanencorto.com\\\/noticias\\\/?s={search_term_string}\"},\"query-input\":{\"@type\":\"PropertyValueSpecification\",\"valueRequired\":true,\"valueName\":\"search_term_string\"}}],\"inLanguage\":\"es\"},{\"@type\":\"Person\",\"@id\":\"https:\\\/\\\/www.yucatanencorto.com\\\/noticias\\\/#\\\/schema\\\/person\\\/14f82d355225a1f4075dd84a31f45a72\",\"name\":\"Yucat\u00e1n en Corto FC\",\"image\":{\"@type\":\"ImageObject\",\"inLanguage\":\"es\",\"@id\":\"https:\\\/\\\/secure.gravatar.com\\\/avatar\\\/147d4b30cd728c53c29c49a3f7834dedca33707f4cd259761355846009a88250?s=96&d=mm&r=g\",\"url\":\"https:\\\/\\\/secure.gravatar.com\\\/avatar\\\/147d4b30cd728c53c29c49a3f7834dedca33707f4cd259761355846009a88250?s=96&d=mm&r=g\",\"contentUrl\":\"https:\\\/\\\/secure.gravatar.com\\\/avatar\\\/147d4b30cd728c53c29c49a3f7834dedca33707f4cd259761355846009a88250?s=96&d=mm&r=g\",\"caption\":\"Yucat\u00e1n en Corto FC\"},\"url\":\"https:\\\/\\\/www.yucatanencorto.com\\\/noticias\\\/author\\\/flor\\\/\"}]}<\/script>\n<!-- \/ Yoast SEO plugin. -->","yoast_head_json":{"title":"Lunes inicia la vacunaci\u00f3n contra covid-19 a Adultos Mayores - Yucat\u00e1n en corto","robots":{"index":"index","follow":"follow","max-snippet":"max-snippet:-1","max-image-preview":"max-image-preview:large","max-video-preview":"max-video-preview:-1"},"canonical":"https:\/\/www.yucatanencorto.com\/noticias\/lunes-inicia-la-vacunacion-contra-covid-19-a-adultos-mayores\/","og_locale":"es_ES","og_type":"article","og_title":"Lunes inicia la vacunaci\u00f3n contra covid-19 a Adultos Mayores - Yucat\u00e1n en corto","og_description":"M\u00e9rida, Yucat\u00e1n, a 12 de febrero de 2021.- \u201cEste domingo llegan a M\u00e9xico las primeras vacunas que se aplicar\u00e1n a adultos mayores\u201d, informa el Secretario estatal de Salud, Mauricio Sauri Vivas, quien se reuni\u00f3 con sus hom\u00f3logos de las otras entidades federativas y con autoridades de salud federales, encabezadas por el secretario y subsecretario federales [&hellip;]","og_url":"https:\/\/www.yucatanencorto.com\/noticias\/lunes-inicia-la-vacunacion-contra-covid-19-a-adultos-mayores\/","og_site_name":"Yucat\u00e1n en corto","article_publisher":"http:\/\/www.facebook.com\/yucatanencorto","article_published_time":"2021-02-13T03:29:15+00:00","og_image":[{"width":768,"height":522,"url":"https:\/\/www.yucatanencorto.com\/noticias\/wp-content\/uploads\/2021\/02\/esc.png","type":"image\/png"}],"author":"Yucat\u00e1n en Corto FC","twitter_card":"summary_large_image","twitter_creator":"@yucatanencorto","twitter_site":"@yucatanencorto","twitter_misc":{"Escrito por":"Yucat\u00e1n en Corto FC","Tiempo de lectura":"2 minutos"},"schema":{"@context":"https:\/\/schema.org","@graph":[{"@type":"Article","@id":"https:\/\/www.yucatanencorto.com\/noticias\/lunes-inicia-la-vacunacion-contra-covid-19-a-adultos-mayores\/#article","isPartOf":{"@id":"https:\/\/www.yucatanencorto.com\/noticias\/lunes-inicia-la-vacunacion-contra-covid-19-a-adultos-mayores\/"},"author":{"name":"Yucat\u00e1n en Corto FC","@id":"https:\/\/www.yucatanencorto.com\/noticias\/#\/schema\/person\/14f82d355225a1f4075dd84a31f45a72"},"headline":"Lunes inicia la vacunaci\u00f3n contra covid-19 a Adultos Mayores","datePublished":"2021-02-13T03:29:15+00:00","mainEntityOfPage":{"@id":"https:\/\/www.yucatanencorto.com\/noticias\/lunes-inicia-la-vacunacion-contra-covid-19-a-adultos-mayores\/"},"wordCount":334,"image":{"@id":"https:\/\/www.yucatanencorto.com\/noticias\/lunes-inicia-la-vacunacion-contra-covid-19-a-adultos-mayores\/#primaryimage"},"thumbnailUrl":"https:\/\/www.yucatanencorto.com\/noticias\/wp-content\/uploads\/2021\/02\/esc.png","articleSection":["Yucat\u00e1n"],"inLanguage":"es"},{"@type":"WebPage","@id":"https:\/\/www.yucatanencorto.com\/noticias\/lunes-inicia-la-vacunacion-contra-covid-19-a-adultos-mayores\/","url":"https:\/\/www.yucatanencorto.com\/noticias\/lunes-inicia-la-vacunacion-contra-covid-19-a-adultos-mayores\/","name":"Lunes inicia la vacunaci\u00f3n contra covid-19 a Adultos Mayores - Yucat\u00e1n en corto","isPartOf":{"@id":"https:\/\/www.yucatanencorto.com\/noticias\/#website"},"primaryImageOfPage":{"@id":"https:\/\/www.yucatanencorto.com\/noticias\/lunes-inicia-la-vacunacion-contra-covid-19-a-adultos-mayores\/#primaryimage"},"image":{"@id":"https:\/\/www.yucatanencorto.com\/noticias\/lunes-inicia-la-vacunacion-contra-covid-19-a-adultos-mayores\/#primaryimage"},"thumbnailUrl":"https:\/\/www.yucatanencorto.com\/noticias\/wp-content\/uploads\/2021\/02\/esc.png","datePublished":"2021-02-13T03:29:15+00:00","author":{"@id":"https:\/\/www.yucatanencorto.com\/noticias\/#\/schema\/person\/14f82d355225a1f4075dd84a31f45a72"},"breadcrumb":{"@id":"https:\/\/www.yucatanencorto.com\/noticias\/lunes-inicia-la-vacunacion-contra-covid-19-a-adultos-mayores\/#breadcrumb"},"inLanguage":"es","potentialAction":[{"@type":"ReadAction","target":["https:\/\/www.yucatanencorto.com\/noticias\/lunes-inicia-la-vacunacion-contra-covid-19-a-adultos-mayores\/"]}]},{"@type":"ImageObject","inLanguage":"es","@id":"https:\/\/www.yucatanencorto.com\/noticias\/lunes-inicia-la-vacunacion-contra-covid-19-a-adultos-mayores\/#primaryimage","url":"https:\/\/www.yucatanencorto.com\/noticias\/wp-content\/uploads\/2021\/02\/esc.png","contentUrl":"https:\/\/www.yucatanencorto.com\/noticias\/wp-content\/uploads\/2021\/02\/esc.png","width":768,"height":522},{"@type":"BreadcrumbList","@id":"https:\/\/www.yucatanencorto.com\/noticias\/lunes-inicia-la-vacunacion-contra-covid-19-a-adultos-mayores\/#breadcrumb","itemListElement":[{"@type":"ListItem","position":1,"name":"Portada","item":"https:\/\/www.yucatanencorto.com\/noticias\/"},{"@type":"ListItem","position":2,"name":"Lunes inicia la vacunaci\u00f3n contra covid-19 a Adultos Mayores"}]},{"@type":"WebSite","@id":"https:\/\/www.yucatanencorto.com\/noticias\/#website","url":"https:\/\/www.yucatanencorto.com\/noticias\/","name":"Yucat\u00e1n en corto","description":"Noticias","potentialAction":[{"@type":"SearchAction","target":{"@type":"EntryPoint","urlTemplate":"https:\/\/www.yucatanencorto.com\/noticias\/?s={search_term_string}"},"query-input":{"@type":"PropertyValueSpecification","valueRequired":true,"valueName":"search_term_string"}}],"inLanguage":"es"},{"@type":"Person","@id":"https:\/\/www.yucatanencorto.com\/noticias\/#\/schema\/person\/14f82d355225a1f4075dd84a31f45a72","name":"Yucat\u00e1n en Corto FC","image":{"@type":"ImageObject","inLanguage":"es","@id":"https:\/\/secure.gravatar.com\/avatar\/147d4b30cd728c53c29c49a3f7834dedca33707f4cd259761355846009a88250?s=96&d=mm&r=g","url":"https:\/\/secure.gravatar.com\/avatar\/147d4b30cd728c53c29c49a3f7834dedca33707f4cd259761355846009a88250?s=96&d=mm&r=g","contentUrl":"https:\/\/secure.gravatar.com\/avatar\/147d4b30cd728c53c29c49a3f7834dedca33707f4cd259761355846009a88250?s=96&d=mm&r=g","caption":"Yucat\u00e1n en Corto FC"},"url":"https:\/\/www.yucatanencorto.com\/noticias\/author\/flor\/"}]}},"_links":{"self":[{"href":"https:\/\/www.yucatanencorto.com\/noticias\/wp-json\/wp\/v2\/posts\/70072","targetHints":{"allow":["GET"]}}],"collection":[{"href":"https:\/\/www.yucatanencorto.com\/noticias\/wp-json\/wp\/v2\/posts"}],"about":[{"href":"https:\/\/www.yucatanencorto.com\/noticias\/wp-json\/wp\/v2\/types\/post"}],"author":[{"embeddable":true,"href":"https:\/\/www.yucatanencorto.com\/noticias\/wp-json\/wp\/v2\/users\/2"}],"replies":[{"embeddable":true,"href":"https:\/\/www.yucatanencorto.com\/noticias\/wp-json\/wp\/v2\/comments?post=70072"}],"version-history":[{"count":0,"href":"https:\/\/www.yucatanencorto.com\/noticias\/wp-json\/wp\/v2\/posts\/70072\/revisions"}],"wp:featuredmedia":[{"embeddable":true,"href":"https:\/\/www.yucatanencorto.com\/noticias\/wp-json\/wp\/v2\/media\/70073"}],"wp:attachment":[{"href":"https:\/\/www.yucatanencorto.com\/noticias\/wp-json\/wp\/v2\/media?parent=70072"}],"wp:term":[{"taxonomy":"category","embeddable":true,"href":"https:\/\/www.yucatanencorto.com\/noticias\/wp-json\/wp\/v2\/categories?post=70072"},{"taxonomy":"post_tag","embeddable":true,"href":"https:\/\/www.yucatanencorto.com\/noticias\/wp-json\/wp\/v2\/tags?post=70072"}],"curies":[{"name":"wp","href":"https:\/\/api.w.org\/{rel}","templated":true}]}}