{"id":70075,"date":"2021-02-13T09:24:39","date_gmt":"2021-02-13T15:24:39","guid":{"rendered":"https:\/\/www.yucatanencorto.com\/noticias\/?p=70075"},"modified":"2021-02-13T09:24:39","modified_gmt":"2021-02-13T15:24:39","slug":"japon-registrado-un-terremoto-de-magnitud-7-cerca-de-fukushima-sin-amenaza-de-tsunami","status":"publish","type":"post","link":"https:\/\/www.yucatanencorto.com\/noticias\/japon-registrado-un-terremoto-de-magnitud-7-cerca-de-fukushima-sin-amenaza-de-tsunami\/","title":{"rendered":"Jap\u00f3n.- Registrado un terremoto de magnitud 7 cerca de Fukushima sin amenaza de tsunami"},"content":{"rendered":"<p><img loading=\"lazy\" decoding=\"async\" class=\"alignnone size-full wp-image-70076\" src=\"https:\/\/www.yucatanencorto.com\/noticias\/wp-content\/uploads\/2021\/02\/3HTXCGI3FRDR5DAUVDSAWT7RKQ.jpg\" alt=\"\" width=\"768\" height=\"512\" srcset=\"https:\/\/www.yucatanencorto.com\/noticias\/wp-content\/uploads\/2021\/02\/3HTXCGI3FRDR5DAUVDSAWT7RKQ.jpg 768w, https:\/\/www.yucatanencorto.com\/noticias\/wp-content\/uploads\/2021\/02\/3HTXCGI3FRDR5DAUVDSAWT7RKQ-696x464.jpg 696w, https:\/\/www.yucatanencorto.com\/noticias\/wp-content\/uploads\/2021\/02\/3HTXCGI3FRDR5DAUVDSAWT7RKQ-630x420.jpg 630w\" sizes=\"auto, (max-width: 768px) 100vw, 768px\" \/>Un terremoto de magnitud preliminar 7 se ha registrado este domingo cerca de la costa japonesa de Fukushima sin que de momento se haya declarado la alerta de tsunami, informa el Servicio Geol\u00f3gico de Estados Unidos (USGS).<\/p>\n<p>El temblor, registrado concretamente a 90 kil\u00f3metros de la localidad de Namie, con hipocentro a 54 kil\u00f3metros de profundidad, se ha percibido en la capital del pa\u00eds, Tokio, donde han vibrado algunos edificios, aunque de momento no se tiene constancia de v\u00edctimas o da\u00f1os materiales.<\/p>\n<p>La zona fue escenario en 2011 de la mayor cat\u00e1strofe natural de la historia reciente de Jap\u00f3n, cuando un se\u00edsmo de magnitud 9 y la posterior ola gigante dej\u00f3 m\u00e1s de 15.000 fallecidos y provoc\u00f3 una crisis radiactiva sin precedentes en la central nuclear de Fukushima.<\/p>\n","protected":false},"excerpt":{"rendered":"<p>Un terremoto de magnitud preliminar 7 se ha registrado este domingo cerca de la costa japonesa de Fukushima sin que de momento se haya declarado la alerta de tsunami, informa el Servicio Geol\u00f3gico de Estados Unidos (USGS). El temblor, registrado concretamente a 90 kil\u00f3metros de la localidad de Namie, con hipocentro a 54 kil\u00f3metros de [&hellip;]<\/p>\n","protected":false},"author":2,"featured_media":70076,"comment_status":"closed","ping_status":"closed","sticky":false,"template":"","format":"standard","meta":{"footnotes":""},"categories":[5],"tags":[],"class_list":{"0":"post-70075","1":"post","2":"type-post","3":"status-publish","4":"format-standard","5":"has-post-thumbnail","7":"category-internacional"},"yoast_head":"<!-- This site is optimized with the Yoast SEO plugin v27.5 - https:\/\/yoast.com\/product\/yoast-seo-wordpress\/ -->\n<title>Jap\u00f3n.- Registrado un terremoto de magnitud 7 cerca de Fukushima sin amenaza de tsunami - Yucat\u00e1n en corto<\/title>\n<meta name=\"robots\" content=\"index, follow, max-snippet:-1, max-image-preview:large, max-video-preview:-1\" \/>\n<link rel=\"canonical\" href=\"https:\/\/www.yucatanencorto.com\/noticias\/japon-registrado-un-terremoto-de-magnitud-7-cerca-de-fukushima-sin-amenaza-de-tsunami\/\" \/>\n<meta property=\"og:locale\" content=\"es_ES\" \/>\n<meta property=\"og:type\" content=\"article\" \/>\n<meta property=\"og:title\" content=\"Jap\u00f3n.- Registrado un terremoto de magnitud 7 cerca de Fukushima sin amenaza de tsunami - Yucat\u00e1n en corto\" \/>\n<meta property=\"og:description\" content=\"Un terremoto de magnitud preliminar 7 se ha registrado este domingo cerca de la costa japonesa de Fukushima sin que de momento se haya declarado la alerta de tsunami, informa el Servicio Geol\u00f3gico de Estados Unidos (USGS). El temblor, registrado concretamente a 90 kil\u00f3metros de la localidad de Namie, con hipocentro a 54 kil\u00f3metros de [&hellip;]\" \/>\n<meta property=\"og:url\" content=\"https:\/\/www.yucatanencorto.com\/noticias\/japon-registrado-un-terremoto-de-magnitud-7-cerca-de-fukushima-sin-amenaza-de-tsunami\/\" \/>\n<meta property=\"og:site_name\" content=\"Yucat\u00e1n en corto\" \/>\n<meta property=\"article:publisher\" content=\"http:\/\/www.facebook.com\/yucatanencorto\" \/>\n<meta property=\"article:published_time\" content=\"2021-02-13T15:24:39+00:00\" \/>\n<meta property=\"og:image\" content=\"https:\/\/www.yucatanencorto.com\/noticias\/wp-content\/uploads\/2021\/02\/3HTXCGI3FRDR5DAUVDSAWT7RKQ.jpg\" \/>\n\t<meta property=\"og:image:width\" content=\"768\" \/>\n\t<meta property=\"og:image:height\" content=\"512\" \/>\n\t<meta property=\"og:image:type\" content=\"image\/jpeg\" \/>\n<meta name=\"author\" content=\"Yucat\u00e1n en Corto FC\" \/>\n<meta name=\"twitter:card\" content=\"summary_large_image\" \/>\n<meta name=\"twitter:creator\" content=\"@yucatanencorto\" \/>\n<meta name=\"twitter:site\" content=\"@yucatanencorto\" \/>\n<meta name=\"twitter:label1\" content=\"Escrito por\" \/>\n\t<meta name=\"twitter:data1\" content=\"Yucat\u00e1n en Corto FC\" \/>\n\t<meta name=\"twitter:label2\" content=\"Tiempo de lectura\" \/>\n\t<meta name=\"twitter:data2\" content=\"1 minuto\" \/>\n<script type=\"application\/ld+json\" class=\"yoast-schema-graph\">{\"@context\":\"https:\\\/\\\/schema.org\",\"@graph\":[{\"@type\":\"Article\",\"@id\":\"https:\\\/\\\/www.yucatanencorto.com\\\/noticias\\\/japon-registrado-un-terremoto-de-magnitud-7-cerca-de-fukushima-sin-amenaza-de-tsunami\\\/#article\",\"isPartOf\":{\"@id\":\"https:\\\/\\\/www.yucatanencorto.com\\\/noticias\\\/japon-registrado-un-terremoto-de-magnitud-7-cerca-de-fukushima-sin-amenaza-de-tsunami\\\/\"},\"author\":{\"name\":\"Yucat\u00e1n en Corto FC\",\"@id\":\"https:\\\/\\\/www.yucatanencorto.com\\\/noticias\\\/#\\\/schema\\\/person\\\/14f82d355225a1f4075dd84a31f45a72\"},\"headline\":\"Jap\u00f3n.- Registrado un terremoto de magnitud 7 cerca de Fukushima sin amenaza de tsunami\",\"datePublished\":\"2021-02-13T15:24:39+00:00\",\"mainEntityOfPage\":{\"@id\":\"https:\\\/\\\/www.yucatanencorto.com\\\/noticias\\\/japon-registrado-un-terremoto-de-magnitud-7-cerca-de-fukushima-sin-amenaza-de-tsunami\\\/\"},\"wordCount\":147,\"image\":{\"@id\":\"https:\\\/\\\/www.yucatanencorto.com\\\/noticias\\\/japon-registrado-un-terremoto-de-magnitud-7-cerca-de-fukushima-sin-amenaza-de-tsunami\\\/#primaryimage\"},\"thumbnailUrl\":\"https:\\\/\\\/www.yucatanencorto.com\\\/noticias\\\/wp-content\\\/uploads\\\/2021\\\/02\\\/3HTXCGI3FRDR5DAUVDSAWT7RKQ.jpg\",\"articleSection\":[\"Internacional\"],\"inLanguage\":\"es\"},{\"@type\":\"WebPage\",\"@id\":\"https:\\\/\\\/www.yucatanencorto.com\\\/noticias\\\/japon-registrado-un-terremoto-de-magnitud-7-cerca-de-fukushima-sin-amenaza-de-tsunami\\\/\",\"url\":\"https:\\\/\\\/www.yucatanencorto.com\\\/noticias\\\/japon-registrado-un-terremoto-de-magnitud-7-cerca-de-fukushima-sin-amenaza-de-tsunami\\\/\",\"name\":\"Jap\u00f3n.- Registrado un terremoto de magnitud 7 cerca de Fukushima sin amenaza de tsunami - Yucat\u00e1n en corto\",\"isPartOf\":{\"@id\":\"https:\\\/\\\/www.yucatanencorto.com\\\/noticias\\\/#website\"},\"primaryImageOfPage\":{\"@id\":\"https:\\\/\\\/www.yucatanencorto.com\\\/noticias\\\/japon-registrado-un-terremoto-de-magnitud-7-cerca-de-fukushima-sin-amenaza-de-tsunami\\\/#primaryimage\"},\"image\":{\"@id\":\"https:\\\/\\\/www.yucatanencorto.com\\\/noticias\\\/japon-registrado-un-terremoto-de-magnitud-7-cerca-de-fukushima-sin-amenaza-de-tsunami\\\/#primaryimage\"},\"thumbnailUrl\":\"https:\\\/\\\/www.yucatanencorto.com\\\/noticias\\\/wp-content\\\/uploads\\\/2021\\\/02\\\/3HTXCGI3FRDR5DAUVDSAWT7RKQ.jpg\",\"datePublished\":\"2021-02-13T15:24:39+00:00\",\"author\":{\"@id\":\"https:\\\/\\\/www.yucatanencorto.com\\\/noticias\\\/#\\\/schema\\\/person\\\/14f82d355225a1f4075dd84a31f45a72\"},\"breadcrumb\":{\"@id\":\"https:\\\/\\\/www.yucatanencorto.com\\\/noticias\\\/japon-registrado-un-terremoto-de-magnitud-7-cerca-de-fukushima-sin-amenaza-de-tsunami\\\/#breadcrumb\"},\"inLanguage\":\"es\",\"potentialAction\":[{\"@type\":\"ReadAction\",\"target\":[\"https:\\\/\\\/www.yucatanencorto.com\\\/noticias\\\/japon-registrado-un-terremoto-de-magnitud-7-cerca-de-fukushima-sin-amenaza-de-tsunami\\\/\"]}]},{\"@type\":\"ImageObject\",\"inLanguage\":\"es\",\"@id\":\"https:\\\/\\\/www.yucatanencorto.com\\\/noticias\\\/japon-registrado-un-terremoto-de-magnitud-7-cerca-de-fukushima-sin-amenaza-de-tsunami\\\/#primaryimage\",\"url\":\"https:\\\/\\\/www.yucatanencorto.com\\\/noticias\\\/wp-content\\\/uploads\\\/2021\\\/02\\\/3HTXCGI3FRDR5DAUVDSAWT7RKQ.jpg\",\"contentUrl\":\"https:\\\/\\\/www.yucatanencorto.com\\\/noticias\\\/wp-content\\\/uploads\\\/2021\\\/02\\\/3HTXCGI3FRDR5DAUVDSAWT7RKQ.jpg\",\"width\":768,\"height\":512},{\"@type\":\"BreadcrumbList\",\"@id\":\"https:\\\/\\\/www.yucatanencorto.com\\\/noticias\\\/japon-registrado-un-terremoto-de-magnitud-7-cerca-de-fukushima-sin-amenaza-de-tsunami\\\/#breadcrumb\",\"itemListElement\":[{\"@type\":\"ListItem\",\"position\":1,\"name\":\"Portada\",\"item\":\"https:\\\/\\\/www.yucatanencorto.com\\\/noticias\\\/\"},{\"@type\":\"ListItem\",\"position\":2,\"name\":\"Jap\u00f3n.- Registrado un terremoto de magnitud 7 cerca de Fukushima sin amenaza de tsunami\"}]},{\"@type\":\"WebSite\",\"@id\":\"https:\\\/\\\/www.yucatanencorto.com\\\/noticias\\\/#website\",\"url\":\"https:\\\/\\\/www.yucatanencorto.com\\\/noticias\\\/\",\"name\":\"Yucat\u00e1n en corto\",\"description\":\"Noticias\",\"potentialAction\":[{\"@type\":\"SearchAction\",\"target\":{\"@type\":\"EntryPoint\",\"urlTemplate\":\"https:\\\/\\\/www.yucatanencorto.com\\\/noticias\\\/?s={search_term_string}\"},\"query-input\":{\"@type\":\"PropertyValueSpecification\",\"valueRequired\":true,\"valueName\":\"search_term_string\"}}],\"inLanguage\":\"es\"},{\"@type\":\"Person\",\"@id\":\"https:\\\/\\\/www.yucatanencorto.com\\\/noticias\\\/#\\\/schema\\\/person\\\/14f82d355225a1f4075dd84a31f45a72\",\"name\":\"Yucat\u00e1n en Corto FC\",\"image\":{\"@type\":\"ImageObject\",\"inLanguage\":\"es\",\"@id\":\"https:\\\/\\\/secure.gravatar.com\\\/avatar\\\/147d4b30cd728c53c29c49a3f7834dedca33707f4cd259761355846009a88250?s=96&d=mm&r=g\",\"url\":\"https:\\\/\\\/secure.gravatar.com\\\/avatar\\\/147d4b30cd728c53c29c49a3f7834dedca33707f4cd259761355846009a88250?s=96&d=mm&r=g\",\"contentUrl\":\"https:\\\/\\\/secure.gravatar.com\\\/avatar\\\/147d4b30cd728c53c29c49a3f7834dedca33707f4cd259761355846009a88250?s=96&d=mm&r=g\",\"caption\":\"Yucat\u00e1n en Corto FC\"},\"url\":\"https:\\\/\\\/www.yucatanencorto.com\\\/noticias\\\/author\\\/flor\\\/\"}]}<\/script>\n<!-- \/ Yoast SEO plugin. -->","yoast_head_json":{"title":"Jap\u00f3n.- Registrado un terremoto de magnitud 7 cerca de Fukushima sin amenaza de tsunami - Yucat\u00e1n en corto","robots":{"index":"index","follow":"follow","max-snippet":"max-snippet:-1","max-image-preview":"max-image-preview:large","max-video-preview":"max-video-preview:-1"},"canonical":"https:\/\/www.yucatanencorto.com\/noticias\/japon-registrado-un-terremoto-de-magnitud-7-cerca-de-fukushima-sin-amenaza-de-tsunami\/","og_locale":"es_ES","og_type":"article","og_title":"Jap\u00f3n.- Registrado un terremoto de magnitud 7 cerca de Fukushima sin amenaza de tsunami - Yucat\u00e1n en corto","og_description":"Un terremoto de magnitud preliminar 7 se ha registrado este domingo cerca de la costa japonesa de Fukushima sin que de momento se haya declarado la alerta de tsunami, informa el Servicio Geol\u00f3gico de Estados Unidos (USGS). El temblor, registrado concretamente a 90 kil\u00f3metros de la localidad de Namie, con hipocentro a 54 kil\u00f3metros de [&hellip;]","og_url":"https:\/\/www.yucatanencorto.com\/noticias\/japon-registrado-un-terremoto-de-magnitud-7-cerca-de-fukushima-sin-amenaza-de-tsunami\/","og_site_name":"Yucat\u00e1n en corto","article_publisher":"http:\/\/www.facebook.com\/yucatanencorto","article_published_time":"2021-02-13T15:24:39+00:00","og_image":[{"width":768,"height":512,"url":"https:\/\/www.yucatanencorto.com\/noticias\/wp-content\/uploads\/2021\/02\/3HTXCGI3FRDR5DAUVDSAWT7RKQ.jpg","type":"image\/jpeg"}],"author":"Yucat\u00e1n en Corto FC","twitter_card":"summary_large_image","twitter_creator":"@yucatanencorto","twitter_site":"@yucatanencorto","twitter_misc":{"Escrito por":"Yucat\u00e1n en Corto FC","Tiempo de lectura":"1 minuto"},"schema":{"@context":"https:\/\/schema.org","@graph":[{"@type":"Article","@id":"https:\/\/www.yucatanencorto.com\/noticias\/japon-registrado-un-terremoto-de-magnitud-7-cerca-de-fukushima-sin-amenaza-de-tsunami\/#article","isPartOf":{"@id":"https:\/\/www.yucatanencorto.com\/noticias\/japon-registrado-un-terremoto-de-magnitud-7-cerca-de-fukushima-sin-amenaza-de-tsunami\/"},"author":{"name":"Yucat\u00e1n en Corto FC","@id":"https:\/\/www.yucatanencorto.com\/noticias\/#\/schema\/person\/14f82d355225a1f4075dd84a31f45a72"},"headline":"Jap\u00f3n.- Registrado un terremoto de magnitud 7 cerca de Fukushima sin amenaza de tsunami","datePublished":"2021-02-13T15:24:39+00:00","mainEntityOfPage":{"@id":"https:\/\/www.yucatanencorto.com\/noticias\/japon-registrado-un-terremoto-de-magnitud-7-cerca-de-fukushima-sin-amenaza-de-tsunami\/"},"wordCount":147,"image":{"@id":"https:\/\/www.yucatanencorto.com\/noticias\/japon-registrado-un-terremoto-de-magnitud-7-cerca-de-fukushima-sin-amenaza-de-tsunami\/#primaryimage"},"thumbnailUrl":"https:\/\/www.yucatanencorto.com\/noticias\/wp-content\/uploads\/2021\/02\/3HTXCGI3FRDR5DAUVDSAWT7RKQ.jpg","articleSection":["Internacional"],"inLanguage":"es"},{"@type":"WebPage","@id":"https:\/\/www.yucatanencorto.com\/noticias\/japon-registrado-un-terremoto-de-magnitud-7-cerca-de-fukushima-sin-amenaza-de-tsunami\/","url":"https:\/\/www.yucatanencorto.com\/noticias\/japon-registrado-un-terremoto-de-magnitud-7-cerca-de-fukushima-sin-amenaza-de-tsunami\/","name":"Jap\u00f3n.- Registrado un terremoto de magnitud 7 cerca de Fukushima sin amenaza de tsunami - Yucat\u00e1n en corto","isPartOf":{"@id":"https:\/\/www.yucatanencorto.com\/noticias\/#website"},"primaryImageOfPage":{"@id":"https:\/\/www.yucatanencorto.com\/noticias\/japon-registrado-un-terremoto-de-magnitud-7-cerca-de-fukushima-sin-amenaza-de-tsunami\/#primaryimage"},"image":{"@id":"https:\/\/www.yucatanencorto.com\/noticias\/japon-registrado-un-terremoto-de-magnitud-7-cerca-de-fukushima-sin-amenaza-de-tsunami\/#primaryimage"},"thumbnailUrl":"https:\/\/www.yucatanencorto.com\/noticias\/wp-content\/uploads\/2021\/02\/3HTXCGI3FRDR5DAUVDSAWT7RKQ.jpg","datePublished":"2021-02-13T15:24:39+00:00","author":{"@id":"https:\/\/www.yucatanencorto.com\/noticias\/#\/schema\/person\/14f82d355225a1f4075dd84a31f45a72"},"breadcrumb":{"@id":"https:\/\/www.yucatanencorto.com\/noticias\/japon-registrado-un-terremoto-de-magnitud-7-cerca-de-fukushima-sin-amenaza-de-tsunami\/#breadcrumb"},"inLanguage":"es","potentialAction":[{"@type":"ReadAction","target":["https:\/\/www.yucatanencorto.com\/noticias\/japon-registrado-un-terremoto-de-magnitud-7-cerca-de-fukushima-sin-amenaza-de-tsunami\/"]}]},{"@type":"ImageObject","inLanguage":"es","@id":"https:\/\/www.yucatanencorto.com\/noticias\/japon-registrado-un-terremoto-de-magnitud-7-cerca-de-fukushima-sin-amenaza-de-tsunami\/#primaryimage","url":"https:\/\/www.yucatanencorto.com\/noticias\/wp-content\/uploads\/2021\/02\/3HTXCGI3FRDR5DAUVDSAWT7RKQ.jpg","contentUrl":"https:\/\/www.yucatanencorto.com\/noticias\/wp-content\/uploads\/2021\/02\/3HTXCGI3FRDR5DAUVDSAWT7RKQ.jpg","width":768,"height":512},{"@type":"BreadcrumbList","@id":"https:\/\/www.yucatanencorto.com\/noticias\/japon-registrado-un-terremoto-de-magnitud-7-cerca-de-fukushima-sin-amenaza-de-tsunami\/#breadcrumb","itemListElement":[{"@type":"ListItem","position":1,"name":"Portada","item":"https:\/\/www.yucatanencorto.com\/noticias\/"},{"@type":"ListItem","position":2,"name":"Jap\u00f3n.- Registrado un terremoto de magnitud 7 cerca de Fukushima sin amenaza de tsunami"}]},{"@type":"WebSite","@id":"https:\/\/www.yucatanencorto.com\/noticias\/#website","url":"https:\/\/www.yucatanencorto.com\/noticias\/","name":"Yucat\u00e1n en corto","description":"Noticias","potentialAction":[{"@type":"SearchAction","target":{"@type":"EntryPoint","urlTemplate":"https:\/\/www.yucatanencorto.com\/noticias\/?s={search_term_string}"},"query-input":{"@type":"PropertyValueSpecification","valueRequired":true,"valueName":"search_term_string"}}],"inLanguage":"es"},{"@type":"Person","@id":"https:\/\/www.yucatanencorto.com\/noticias\/#\/schema\/person\/14f82d355225a1f4075dd84a31f45a72","name":"Yucat\u00e1n en Corto FC","image":{"@type":"ImageObject","inLanguage":"es","@id":"https:\/\/secure.gravatar.com\/avatar\/147d4b30cd728c53c29c49a3f7834dedca33707f4cd259761355846009a88250?s=96&d=mm&r=g","url":"https:\/\/secure.gravatar.com\/avatar\/147d4b30cd728c53c29c49a3f7834dedca33707f4cd259761355846009a88250?s=96&d=mm&r=g","contentUrl":"https:\/\/secure.gravatar.com\/avatar\/147d4b30cd728c53c29c49a3f7834dedca33707f4cd259761355846009a88250?s=96&d=mm&r=g","caption":"Yucat\u00e1n en Corto FC"},"url":"https:\/\/www.yucatanencorto.com\/noticias\/author\/flor\/"}]}},"_links":{"self":[{"href":"https:\/\/www.yucatanencorto.com\/noticias\/wp-json\/wp\/v2\/posts\/70075","targetHints":{"allow":["GET"]}}],"collection":[{"href":"https:\/\/www.yucatanencorto.com\/noticias\/wp-json\/wp\/v2\/posts"}],"about":[{"href":"https:\/\/www.yucatanencorto.com\/noticias\/wp-json\/wp\/v2\/types\/post"}],"author":[{"embeddable":true,"href":"https:\/\/www.yucatanencorto.com\/noticias\/wp-json\/wp\/v2\/users\/2"}],"replies":[{"embeddable":true,"href":"https:\/\/www.yucatanencorto.com\/noticias\/wp-json\/wp\/v2\/comments?post=70075"}],"version-history":[{"count":0,"href":"https:\/\/www.yucatanencorto.com\/noticias\/wp-json\/wp\/v2\/posts\/70075\/revisions"}],"wp:featuredmedia":[{"embeddable":true,"href":"https:\/\/www.yucatanencorto.com\/noticias\/wp-json\/wp\/v2\/media\/70076"}],"wp:attachment":[{"href":"https:\/\/www.yucatanencorto.com\/noticias\/wp-json\/wp\/v2\/media?parent=70075"}],"wp:term":[{"taxonomy":"category","embeddable":true,"href":"https:\/\/www.yucatanencorto.com\/noticias\/wp-json\/wp\/v2\/categories?post=70075"},{"taxonomy":"post_tag","embeddable":true,"href":"https:\/\/www.yucatanencorto.com\/noticias\/wp-json\/wp\/v2\/tags?post=70075"}],"curies":[{"name":"wp","href":"https:\/\/api.w.org\/{rel}","templated":true}]}}