{"id":70079,"date":"2021-02-13T13:11:58","date_gmt":"2021-02-13T19:11:58","guid":{"rendered":"https:\/\/www.yucatanencorto.com\/noticias\/?p=70079"},"modified":"2021-02-13T13:11:58","modified_gmt":"2021-02-13T19:11:58","slug":"el-secretario-estatal-de-salud-ratifica-compromiso-federal-de-enviar-este-domingo-vacunas-a-yucatan","status":"publish","type":"post","link":"https:\/\/www.yucatanencorto.com\/noticias\/el-secretario-estatal-de-salud-ratifica-compromiso-federal-de-enviar-este-domingo-vacunas-a-yucatan\/","title":{"rendered":"El Secretario estatal de salud ratifica compromiso federal de enviar este domingo vacunas a Yucat\u00e1n"},"content":{"rendered":"<div dir=\"ltr\">\n<p><img loading=\"lazy\" decoding=\"async\" class=\"alignnone size-full wp-image-70080\" src=\"https:\/\/www.yucatanencorto.com\/noticias\/wp-content\/uploads\/2021\/02\/vacunas-covid-tercer-lote-cortesia-twitter-salud.jpg_423392900-scaled.jpg\" alt=\"\" width=\"768\" height=\"432\" srcset=\"https:\/\/www.yucatanencorto.com\/noticias\/wp-content\/uploads\/2021\/02\/vacunas-covid-tercer-lote-cortesia-twitter-salud.jpg_423392900-scaled.jpg 768w, https:\/\/www.yucatanencorto.com\/noticias\/wp-content\/uploads\/2021\/02\/vacunas-covid-tercer-lote-cortesia-twitter-salud.jpg_423392900-696x392.jpg 696w, https:\/\/www.yucatanencorto.com\/noticias\/wp-content\/uploads\/2021\/02\/vacunas-covid-tercer-lote-cortesia-twitter-salud.jpg_423392900-1068x601.jpg 1068w, https:\/\/www.yucatanencorto.com\/noticias\/wp-content\/uploads\/2021\/02\/vacunas-covid-tercer-lote-cortesia-twitter-salud.jpg_423392900-747x420.jpg 747w\" sizes=\"auto, (max-width: 768px) 100vw, 768px\" \/>M\u00e9rida, Yucat\u00e1n, a 13 de febrero de 2021.- El Secretario de Salud de Yucat\u00e1n, Mauricio Sauri Vivas, informa que ma\u00f1ana, domingo 14, llegar\u00e1 al estado un nuevo lote de vacunas, mismas que ser\u00e1n aplicadas a adultos mayores.<\/p>\n<p>El funcionario estatal especifica que ser\u00e1n 15,622 dosis de vacunas contra Covid-19 las que arribar\u00e1n ma\u00f1ana. Estas vacunas son del laboratorio AstraZeneca y estar\u00e1n destinadas a la poblaci\u00f3n de 60 a\u00f1os y m\u00e1s de los municipios de Valladolid, Motul y Conkal.<\/p>\n<p>Sauri Vivas reitera que es prioridad para el Gobierno del Estado concluir con el proceso de vacunaci\u00f3n del personal de salud, de hospitales p\u00fablicos y privados, y que se asegure la segunda dosis de la vacuna contra el Covid-19 de quienes ya recibieron la primera inoculaci\u00f3n. \u201cTambi\u00e9n es nuestra prioridad proteger a los adultos mayores\u201d.<\/p>\n<p>Con esa firmeza lo hemos expuesto a las autoridades federales, sostiene Sauri Vivas. \u201cEs necesario cuidar a quienes nos cuidan y darle la certeza a nuestro personal de salud, que ha estado en la primera l\u00ednea de batalla durante estos dif\u00edciles meses, as\u00ed\u0301 como proteger a nuestros adultos mayores\u201d.<\/p>\n<p>Antes que nadie, a\u00f1ade, \u201cel personal de salud y los adultos mayores deben recibir la vacuna\u201d.<\/p>\n<p>Las vacunas que llegar\u00e1n ma\u00f1ana se aplicar\u00e1n de la siguiente manera: 8,736 dosis en Valladolid, que se aplicar\u00e1n en el Hospital General y en el Centro de Salud Urbano de Valladolid, y en las Unidades M\u00e9dicas Familiares del IMSS y del ISSSTE; 5,528 dosis en Motul, en el Hospital del IMSS de esa ciudad, en el Centro de Salud de la SSY y en la Unidad M\u00e9dica Familiar del ISSSTE, y 1,628 en Conkal, en la Unidad M\u00e9dica Familiar del IMSS.<\/p>\n<p>Para evitar aglomeraciones que puedan poner en riesgo a adultos mayores, el Secretario Sauri Vivas recalca la importancia de no acudir directamente, sin cita, a esos centros, sino esperar la llamada que realicen representantes del gobierno federal. \u201cEn esa llamada\u201d, explica Sauri Vivas, \u201cse les dir\u00e1\u0301 a que\u0301 centro de salud deben acudir, as\u00ed\u0301 como la hora espec\u00edfica\u201d. El funcionario estatal hace de nuevo el llamado a no acudir sin cita y evitar as\u00ed riesgos de contagios.<\/p>\n<p>Como se ha informado, las vacunas ser\u00e1n aplicadas a la poblaci\u00f3n que ha sido previamente registrada y seleccionada por medio de las plataformas del Gobierno federal, la que \u201cesta\u0301 a cargo del proceso de citas y registros\u201d, enfatiza.<\/p>\n<p>La Federaci\u00f3n tiene a su cargo la planificaci\u00f3n y los protocolos de esta vacunaci\u00f3n; \u201cel Gobierno estatal estar\u00e1\u0301 apoyando y coadyuvando\u201d.<\/p>\n<p>Para salvaguardar la salud de los yucatecos, el Gobierno del Estado, a\u00f1ade Sauri Vivas, ha solicitado a las autoridades de salud federales que se cumplan con los compromisos ya expuestos, que son darle prioridad al personal de salud y a los adultos mayores, y que las vacunas se apliquen de manera ordenada y sistem\u00e1tica.<\/p>\n<p><img loading=\"lazy\" decoding=\"async\" class=\"CToWUd\" src=\"https:\/\/ci6.googleusercontent.com\/proxy\/lCsfMNIBis1nPyhiH3859PEB0lES1V-x1_FGjf8inHv53SF9CBOhxfF13dZGB-sCX0j7CE3LZxdJ-dsyuWv1Ak0VoqgKLBuxcyURmJhyUa-PHqhb3JVt65xbdbVgkl_XeL56V6qqMFOFTg=s0-d-e1-ft#http:\/\/187.141.74.22:8081\/prensa\/lists\/ut.php?u=3c271edaee75326cf112f2a87ebd6e87&amp;m=1477\" alt=\"\" width=\"1\" height=\"1\" border=\"0\" \/><\/div>\n","protected":false},"excerpt":{"rendered":"<p>M\u00e9rida, Yucat\u00e1n, a 13 de febrero de 2021.- El Secretario de Salud de Yucat\u00e1n, Mauricio Sauri Vivas, informa que ma\u00f1ana, domingo 14, llegar\u00e1 al estado un nuevo lote de vacunas, mismas que ser\u00e1n aplicadas a adultos mayores. El funcionario estatal especifica que ser\u00e1n 15,622 dosis de vacunas contra Covid-19 las que arribar\u00e1n ma\u00f1ana. Estas vacunas [&hellip;]<\/p>\n","protected":false},"author":2,"featured_media":70080,"comment_status":"closed","ping_status":"closed","sticky":false,"template":"","format":"standard","meta":{"footnotes":""},"categories":[3],"tags":[],"class_list":{"0":"post-70079","1":"post","2":"type-post","3":"status-publish","4":"format-standard","5":"has-post-thumbnail","7":"category-yucatan"},"yoast_head":"<!-- This site is optimized with the Yoast SEO plugin v27.5 - https:\/\/yoast.com\/product\/yoast-seo-wordpress\/ -->\n<title>El Secretario estatal de salud ratifica compromiso federal de enviar este domingo vacunas a Yucat\u00e1n - Yucat\u00e1n en corto<\/title>\n<meta name=\"robots\" content=\"index, follow, max-snippet:-1, max-image-preview:large, max-video-preview:-1\" \/>\n<link rel=\"canonical\" href=\"https:\/\/www.yucatanencorto.com\/noticias\/el-secretario-estatal-de-salud-ratifica-compromiso-federal-de-enviar-este-domingo-vacunas-a-yucatan\/\" \/>\n<meta property=\"og:locale\" content=\"es_ES\" \/>\n<meta property=\"og:type\" content=\"article\" \/>\n<meta property=\"og:title\" content=\"El Secretario estatal de salud ratifica compromiso federal de enviar este domingo vacunas a Yucat\u00e1n - Yucat\u00e1n en corto\" \/>\n<meta property=\"og:description\" content=\"M\u00e9rida, Yucat\u00e1n, a 13 de febrero de 2021.- El Secretario de Salud de Yucat\u00e1n, Mauricio Sauri Vivas, informa que ma\u00f1ana, domingo 14, llegar\u00e1 al estado un nuevo lote de vacunas, mismas que ser\u00e1n aplicadas a adultos mayores. El funcionario estatal especifica que ser\u00e1n 15,622 dosis de vacunas contra Covid-19 las que arribar\u00e1n ma\u00f1ana. Estas vacunas [&hellip;]\" \/>\n<meta property=\"og:url\" content=\"https:\/\/www.yucatanencorto.com\/noticias\/el-secretario-estatal-de-salud-ratifica-compromiso-federal-de-enviar-este-domingo-vacunas-a-yucatan\/\" \/>\n<meta property=\"og:site_name\" content=\"Yucat\u00e1n en corto\" \/>\n<meta property=\"article:publisher\" content=\"http:\/\/www.facebook.com\/yucatanencorto\" \/>\n<meta property=\"article:published_time\" content=\"2021-02-13T19:11:58+00:00\" \/>\n<meta property=\"og:image\" content=\"https:\/\/www.yucatanencorto.com\/noticias\/wp-content\/uploads\/2021\/02\/vacunas-covid-tercer-lote-cortesia-twitter-salud.jpg_423392900-scaled.jpg\" \/>\n\t<meta property=\"og:image:width\" content=\"768\" \/>\n\t<meta property=\"og:image:height\" content=\"432\" \/>\n\t<meta property=\"og:image:type\" content=\"image\/jpeg\" \/>\n<meta name=\"author\" content=\"Yucat\u00e1n en Corto FC\" \/>\n<meta name=\"twitter:card\" content=\"summary_large_image\" \/>\n<meta name=\"twitter:creator\" content=\"@yucatanencorto\" \/>\n<meta name=\"twitter:site\" content=\"@yucatanencorto\" \/>\n<meta name=\"twitter:label1\" content=\"Escrito por\" \/>\n\t<meta name=\"twitter:data1\" content=\"Yucat\u00e1n en Corto FC\" \/>\n\t<meta name=\"twitter:label2\" content=\"Tiempo de lectura\" \/>\n\t<meta name=\"twitter:data2\" content=\"3 minutos\" \/>\n<script type=\"application\/ld+json\" class=\"yoast-schema-graph\">{\"@context\":\"https:\\\/\\\/schema.org\",\"@graph\":[{\"@type\":\"Article\",\"@id\":\"https:\\\/\\\/www.yucatanencorto.com\\\/noticias\\\/el-secretario-estatal-de-salud-ratifica-compromiso-federal-de-enviar-este-domingo-vacunas-a-yucatan\\\/#article\",\"isPartOf\":{\"@id\":\"https:\\\/\\\/www.yucatanencorto.com\\\/noticias\\\/el-secretario-estatal-de-salud-ratifica-compromiso-federal-de-enviar-este-domingo-vacunas-a-yucatan\\\/\"},\"author\":{\"name\":\"Yucat\u00e1n en Corto FC\",\"@id\":\"https:\\\/\\\/www.yucatanencorto.com\\\/noticias\\\/#\\\/schema\\\/person\\\/14f82d355225a1f4075dd84a31f45a72\"},\"headline\":\"El Secretario estatal de salud ratifica compromiso federal de enviar este domingo vacunas a Yucat\u00e1n\",\"datePublished\":\"2021-02-13T19:11:58+00:00\",\"mainEntityOfPage\":{\"@id\":\"https:\\\/\\\/www.yucatanencorto.com\\\/noticias\\\/el-secretario-estatal-de-salud-ratifica-compromiso-federal-de-enviar-este-domingo-vacunas-a-yucatan\\\/\"},\"wordCount\":512,\"image\":{\"@id\":\"https:\\\/\\\/www.yucatanencorto.com\\\/noticias\\\/el-secretario-estatal-de-salud-ratifica-compromiso-federal-de-enviar-este-domingo-vacunas-a-yucatan\\\/#primaryimage\"},\"thumbnailUrl\":\"https:\\\/\\\/www.yucatanencorto.com\\\/noticias\\\/wp-content\\\/uploads\\\/2021\\\/02\\\/vacunas-covid-tercer-lote-cortesia-twitter-salud.jpg_423392900-scaled.jpg\",\"articleSection\":[\"Yucat\u00e1n\"],\"inLanguage\":\"es\"},{\"@type\":\"WebPage\",\"@id\":\"https:\\\/\\\/www.yucatanencorto.com\\\/noticias\\\/el-secretario-estatal-de-salud-ratifica-compromiso-federal-de-enviar-este-domingo-vacunas-a-yucatan\\\/\",\"url\":\"https:\\\/\\\/www.yucatanencorto.com\\\/noticias\\\/el-secretario-estatal-de-salud-ratifica-compromiso-federal-de-enviar-este-domingo-vacunas-a-yucatan\\\/\",\"name\":\"El Secretario estatal de salud ratifica compromiso federal de enviar este domingo vacunas a Yucat\u00e1n - Yucat\u00e1n en corto\",\"isPartOf\":{\"@id\":\"https:\\\/\\\/www.yucatanencorto.com\\\/noticias\\\/#website\"},\"primaryImageOfPage\":{\"@id\":\"https:\\\/\\\/www.yucatanencorto.com\\\/noticias\\\/el-secretario-estatal-de-salud-ratifica-compromiso-federal-de-enviar-este-domingo-vacunas-a-yucatan\\\/#primaryimage\"},\"image\":{\"@id\":\"https:\\\/\\\/www.yucatanencorto.com\\\/noticias\\\/el-secretario-estatal-de-salud-ratifica-compromiso-federal-de-enviar-este-domingo-vacunas-a-yucatan\\\/#primaryimage\"},\"thumbnailUrl\":\"https:\\\/\\\/www.yucatanencorto.com\\\/noticias\\\/wp-content\\\/uploads\\\/2021\\\/02\\\/vacunas-covid-tercer-lote-cortesia-twitter-salud.jpg_423392900-scaled.jpg\",\"datePublished\":\"2021-02-13T19:11:58+00:00\",\"author\":{\"@id\":\"https:\\\/\\\/www.yucatanencorto.com\\\/noticias\\\/#\\\/schema\\\/person\\\/14f82d355225a1f4075dd84a31f45a72\"},\"breadcrumb\":{\"@id\":\"https:\\\/\\\/www.yucatanencorto.com\\\/noticias\\\/el-secretario-estatal-de-salud-ratifica-compromiso-federal-de-enviar-este-domingo-vacunas-a-yucatan\\\/#breadcrumb\"},\"inLanguage\":\"es\",\"potentialAction\":[{\"@type\":\"ReadAction\",\"target\":[\"https:\\\/\\\/www.yucatanencorto.com\\\/noticias\\\/el-secretario-estatal-de-salud-ratifica-compromiso-federal-de-enviar-este-domingo-vacunas-a-yucatan\\\/\"]}]},{\"@type\":\"ImageObject\",\"inLanguage\":\"es\",\"@id\":\"https:\\\/\\\/www.yucatanencorto.com\\\/noticias\\\/el-secretario-estatal-de-salud-ratifica-compromiso-federal-de-enviar-este-domingo-vacunas-a-yucatan\\\/#primaryimage\",\"url\":\"https:\\\/\\\/www.yucatanencorto.com\\\/noticias\\\/wp-content\\\/uploads\\\/2021\\\/02\\\/vacunas-covid-tercer-lote-cortesia-twitter-salud.jpg_423392900-scaled.jpg\",\"contentUrl\":\"https:\\\/\\\/www.yucatanencorto.com\\\/noticias\\\/wp-content\\\/uploads\\\/2021\\\/02\\\/vacunas-covid-tercer-lote-cortesia-twitter-salud.jpg_423392900-scaled.jpg\",\"width\":768,\"height\":432},{\"@type\":\"BreadcrumbList\",\"@id\":\"https:\\\/\\\/www.yucatanencorto.com\\\/noticias\\\/el-secretario-estatal-de-salud-ratifica-compromiso-federal-de-enviar-este-domingo-vacunas-a-yucatan\\\/#breadcrumb\",\"itemListElement\":[{\"@type\":\"ListItem\",\"position\":1,\"name\":\"Portada\",\"item\":\"https:\\\/\\\/www.yucatanencorto.com\\\/noticias\\\/\"},{\"@type\":\"ListItem\",\"position\":2,\"name\":\"El Secretario estatal de salud ratifica compromiso federal de enviar este domingo vacunas a Yucat\u00e1n\"}]},{\"@type\":\"WebSite\",\"@id\":\"https:\\\/\\\/www.yucatanencorto.com\\\/noticias\\\/#website\",\"url\":\"https:\\\/\\\/www.yucatanencorto.com\\\/noticias\\\/\",\"name\":\"Yucat\u00e1n en corto\",\"description\":\"Noticias\",\"potentialAction\":[{\"@type\":\"SearchAction\",\"target\":{\"@type\":\"EntryPoint\",\"urlTemplate\":\"https:\\\/\\\/www.yucatanencorto.com\\\/noticias\\\/?s={search_term_string}\"},\"query-input\":{\"@type\":\"PropertyValueSpecification\",\"valueRequired\":true,\"valueName\":\"search_term_string\"}}],\"inLanguage\":\"es\"},{\"@type\":\"Person\",\"@id\":\"https:\\\/\\\/www.yucatanencorto.com\\\/noticias\\\/#\\\/schema\\\/person\\\/14f82d355225a1f4075dd84a31f45a72\",\"name\":\"Yucat\u00e1n en Corto FC\",\"image\":{\"@type\":\"ImageObject\",\"inLanguage\":\"es\",\"@id\":\"https:\\\/\\\/secure.gravatar.com\\\/avatar\\\/147d4b30cd728c53c29c49a3f7834dedca33707f4cd259761355846009a88250?s=96&d=mm&r=g\",\"url\":\"https:\\\/\\\/secure.gravatar.com\\\/avatar\\\/147d4b30cd728c53c29c49a3f7834dedca33707f4cd259761355846009a88250?s=96&d=mm&r=g\",\"contentUrl\":\"https:\\\/\\\/secure.gravatar.com\\\/avatar\\\/147d4b30cd728c53c29c49a3f7834dedca33707f4cd259761355846009a88250?s=96&d=mm&r=g\",\"caption\":\"Yucat\u00e1n en Corto FC\"},\"url\":\"https:\\\/\\\/www.yucatanencorto.com\\\/noticias\\\/author\\\/flor\\\/\"}]}<\/script>\n<!-- \/ Yoast SEO plugin. -->","yoast_head_json":{"title":"El Secretario estatal de salud ratifica compromiso federal de enviar este domingo vacunas a Yucat\u00e1n - Yucat\u00e1n en corto","robots":{"index":"index","follow":"follow","max-snippet":"max-snippet:-1","max-image-preview":"max-image-preview:large","max-video-preview":"max-video-preview:-1"},"canonical":"https:\/\/www.yucatanencorto.com\/noticias\/el-secretario-estatal-de-salud-ratifica-compromiso-federal-de-enviar-este-domingo-vacunas-a-yucatan\/","og_locale":"es_ES","og_type":"article","og_title":"El Secretario estatal de salud ratifica compromiso federal de enviar este domingo vacunas a Yucat\u00e1n - Yucat\u00e1n en corto","og_description":"M\u00e9rida, Yucat\u00e1n, a 13 de febrero de 2021.- El Secretario de Salud de Yucat\u00e1n, Mauricio Sauri Vivas, informa que ma\u00f1ana, domingo 14, llegar\u00e1 al estado un nuevo lote de vacunas, mismas que ser\u00e1n aplicadas a adultos mayores. El funcionario estatal especifica que ser\u00e1n 15,622 dosis de vacunas contra Covid-19 las que arribar\u00e1n ma\u00f1ana. Estas vacunas [&hellip;]","og_url":"https:\/\/www.yucatanencorto.com\/noticias\/el-secretario-estatal-de-salud-ratifica-compromiso-federal-de-enviar-este-domingo-vacunas-a-yucatan\/","og_site_name":"Yucat\u00e1n en corto","article_publisher":"http:\/\/www.facebook.com\/yucatanencorto","article_published_time":"2021-02-13T19:11:58+00:00","og_image":[{"width":768,"height":432,"url":"https:\/\/www.yucatanencorto.com\/noticias\/wp-content\/uploads\/2021\/02\/vacunas-covid-tercer-lote-cortesia-twitter-salud.jpg_423392900-scaled.jpg","type":"image\/jpeg"}],"author":"Yucat\u00e1n en Corto FC","twitter_card":"summary_large_image","twitter_creator":"@yucatanencorto","twitter_site":"@yucatanencorto","twitter_misc":{"Escrito por":"Yucat\u00e1n en Corto FC","Tiempo de lectura":"3 minutos"},"schema":{"@context":"https:\/\/schema.org","@graph":[{"@type":"Article","@id":"https:\/\/www.yucatanencorto.com\/noticias\/el-secretario-estatal-de-salud-ratifica-compromiso-federal-de-enviar-este-domingo-vacunas-a-yucatan\/#article","isPartOf":{"@id":"https:\/\/www.yucatanencorto.com\/noticias\/el-secretario-estatal-de-salud-ratifica-compromiso-federal-de-enviar-este-domingo-vacunas-a-yucatan\/"},"author":{"name":"Yucat\u00e1n en Corto FC","@id":"https:\/\/www.yucatanencorto.com\/noticias\/#\/schema\/person\/14f82d355225a1f4075dd84a31f45a72"},"headline":"El Secretario estatal de salud ratifica compromiso federal de enviar este domingo vacunas a Yucat\u00e1n","datePublished":"2021-02-13T19:11:58+00:00","mainEntityOfPage":{"@id":"https:\/\/www.yucatanencorto.com\/noticias\/el-secretario-estatal-de-salud-ratifica-compromiso-federal-de-enviar-este-domingo-vacunas-a-yucatan\/"},"wordCount":512,"image":{"@id":"https:\/\/www.yucatanencorto.com\/noticias\/el-secretario-estatal-de-salud-ratifica-compromiso-federal-de-enviar-este-domingo-vacunas-a-yucatan\/#primaryimage"},"thumbnailUrl":"https:\/\/www.yucatanencorto.com\/noticias\/wp-content\/uploads\/2021\/02\/vacunas-covid-tercer-lote-cortesia-twitter-salud.jpg_423392900-scaled.jpg","articleSection":["Yucat\u00e1n"],"inLanguage":"es"},{"@type":"WebPage","@id":"https:\/\/www.yucatanencorto.com\/noticias\/el-secretario-estatal-de-salud-ratifica-compromiso-federal-de-enviar-este-domingo-vacunas-a-yucatan\/","url":"https:\/\/www.yucatanencorto.com\/noticias\/el-secretario-estatal-de-salud-ratifica-compromiso-federal-de-enviar-este-domingo-vacunas-a-yucatan\/","name":"El Secretario estatal de salud ratifica compromiso federal de enviar este domingo vacunas a Yucat\u00e1n - Yucat\u00e1n en corto","isPartOf":{"@id":"https:\/\/www.yucatanencorto.com\/noticias\/#website"},"primaryImageOfPage":{"@id":"https:\/\/www.yucatanencorto.com\/noticias\/el-secretario-estatal-de-salud-ratifica-compromiso-federal-de-enviar-este-domingo-vacunas-a-yucatan\/#primaryimage"},"image":{"@id":"https:\/\/www.yucatanencorto.com\/noticias\/el-secretario-estatal-de-salud-ratifica-compromiso-federal-de-enviar-este-domingo-vacunas-a-yucatan\/#primaryimage"},"thumbnailUrl":"https:\/\/www.yucatanencorto.com\/noticias\/wp-content\/uploads\/2021\/02\/vacunas-covid-tercer-lote-cortesia-twitter-salud.jpg_423392900-scaled.jpg","datePublished":"2021-02-13T19:11:58+00:00","author":{"@id":"https:\/\/www.yucatanencorto.com\/noticias\/#\/schema\/person\/14f82d355225a1f4075dd84a31f45a72"},"breadcrumb":{"@id":"https:\/\/www.yucatanencorto.com\/noticias\/el-secretario-estatal-de-salud-ratifica-compromiso-federal-de-enviar-este-domingo-vacunas-a-yucatan\/#breadcrumb"},"inLanguage":"es","potentialAction":[{"@type":"ReadAction","target":["https:\/\/www.yucatanencorto.com\/noticias\/el-secretario-estatal-de-salud-ratifica-compromiso-federal-de-enviar-este-domingo-vacunas-a-yucatan\/"]}]},{"@type":"ImageObject","inLanguage":"es","@id":"https:\/\/www.yucatanencorto.com\/noticias\/el-secretario-estatal-de-salud-ratifica-compromiso-federal-de-enviar-este-domingo-vacunas-a-yucatan\/#primaryimage","url":"https:\/\/www.yucatanencorto.com\/noticias\/wp-content\/uploads\/2021\/02\/vacunas-covid-tercer-lote-cortesia-twitter-salud.jpg_423392900-scaled.jpg","contentUrl":"https:\/\/www.yucatanencorto.com\/noticias\/wp-content\/uploads\/2021\/02\/vacunas-covid-tercer-lote-cortesia-twitter-salud.jpg_423392900-scaled.jpg","width":768,"height":432},{"@type":"BreadcrumbList","@id":"https:\/\/www.yucatanencorto.com\/noticias\/el-secretario-estatal-de-salud-ratifica-compromiso-federal-de-enviar-este-domingo-vacunas-a-yucatan\/#breadcrumb","itemListElement":[{"@type":"ListItem","position":1,"name":"Portada","item":"https:\/\/www.yucatanencorto.com\/noticias\/"},{"@type":"ListItem","position":2,"name":"El Secretario estatal de salud ratifica compromiso federal de enviar este domingo vacunas a Yucat\u00e1n"}]},{"@type":"WebSite","@id":"https:\/\/www.yucatanencorto.com\/noticias\/#website","url":"https:\/\/www.yucatanencorto.com\/noticias\/","name":"Yucat\u00e1n en corto","description":"Noticias","potentialAction":[{"@type":"SearchAction","target":{"@type":"EntryPoint","urlTemplate":"https:\/\/www.yucatanencorto.com\/noticias\/?s={search_term_string}"},"query-input":{"@type":"PropertyValueSpecification","valueRequired":true,"valueName":"search_term_string"}}],"inLanguage":"es"},{"@type":"Person","@id":"https:\/\/www.yucatanencorto.com\/noticias\/#\/schema\/person\/14f82d355225a1f4075dd84a31f45a72","name":"Yucat\u00e1n en Corto FC","image":{"@type":"ImageObject","inLanguage":"es","@id":"https:\/\/secure.gravatar.com\/avatar\/147d4b30cd728c53c29c49a3f7834dedca33707f4cd259761355846009a88250?s=96&d=mm&r=g","url":"https:\/\/secure.gravatar.com\/avatar\/147d4b30cd728c53c29c49a3f7834dedca33707f4cd259761355846009a88250?s=96&d=mm&r=g","contentUrl":"https:\/\/secure.gravatar.com\/avatar\/147d4b30cd728c53c29c49a3f7834dedca33707f4cd259761355846009a88250?s=96&d=mm&r=g","caption":"Yucat\u00e1n en Corto FC"},"url":"https:\/\/www.yucatanencorto.com\/noticias\/author\/flor\/"}]}},"_links":{"self":[{"href":"https:\/\/www.yucatanencorto.com\/noticias\/wp-json\/wp\/v2\/posts\/70079","targetHints":{"allow":["GET"]}}],"collection":[{"href":"https:\/\/www.yucatanencorto.com\/noticias\/wp-json\/wp\/v2\/posts"}],"about":[{"href":"https:\/\/www.yucatanencorto.com\/noticias\/wp-json\/wp\/v2\/types\/post"}],"author":[{"embeddable":true,"href":"https:\/\/www.yucatanencorto.com\/noticias\/wp-json\/wp\/v2\/users\/2"}],"replies":[{"embeddable":true,"href":"https:\/\/www.yucatanencorto.com\/noticias\/wp-json\/wp\/v2\/comments?post=70079"}],"version-history":[{"count":0,"href":"https:\/\/www.yucatanencorto.com\/noticias\/wp-json\/wp\/v2\/posts\/70079\/revisions"}],"wp:featuredmedia":[{"embeddable":true,"href":"https:\/\/www.yucatanencorto.com\/noticias\/wp-json\/wp\/v2\/media\/70080"}],"wp:attachment":[{"href":"https:\/\/www.yucatanencorto.com\/noticias\/wp-json\/wp\/v2\/media?parent=70079"}],"wp:term":[{"taxonomy":"category","embeddable":true,"href":"https:\/\/www.yucatanencorto.com\/noticias\/wp-json\/wp\/v2\/categories?post=70079"},{"taxonomy":"post_tag","embeddable":true,"href":"https:\/\/www.yucatanencorto.com\/noticias\/wp-json\/wp\/v2\/tags?post=70079"}],"curies":[{"name":"wp","href":"https:\/\/api.w.org\/{rel}","templated":true}]}}