{"id":70086,"date":"2021-02-13T20:46:10","date_gmt":"2021-02-14T02:46:10","guid":{"rendered":"https:\/\/www.yucatanencorto.com\/noticias\/?p=70086"},"modified":"2021-02-13T20:46:10","modified_gmt":"2021-02-14T02:46:10","slug":"inegi-presenta-al-alcalde-resultados-municipales-del-cuestionario-basico-del-censo-de-poblacion-y-vivienda-2020","status":"publish","type":"post","link":"https:\/\/www.yucatanencorto.com\/noticias\/inegi-presenta-al-alcalde-resultados-municipales-del-cuestionario-basico-del-censo-de-poblacion-y-vivienda-2020\/","title":{"rendered":"Inegi presenta al alcalde resultados municipales del cuestionario b\u00e1sico del Censo de Poblaci\u00f3n y Vivienda 2020"},"content":{"rendered":"<div dir=\"ltr\">\n<p data-removefontsize=\"true\" data-originalcomputedfontsize=\"16\"><img loading=\"lazy\" decoding=\"async\" class=\"alignnone size-full wp-image-70087\" src=\"https:\/\/www.yucatanencorto.com\/noticias\/wp-content\/uploads\/2021\/02\/F889A5C2-078D-40D6-8822-8E68F1A482EB-scaled.jpeg\" alt=\"\" width=\"768\" height=\"512\" srcset=\"https:\/\/www.yucatanencorto.com\/noticias\/wp-content\/uploads\/2021\/02\/F889A5C2-078D-40D6-8822-8E68F1A482EB-scaled.jpeg 768w, https:\/\/www.yucatanencorto.com\/noticias\/wp-content\/uploads\/2021\/02\/F889A5C2-078D-40D6-8822-8E68F1A482EB-696x464.jpeg 696w, https:\/\/www.yucatanencorto.com\/noticias\/wp-content\/uploads\/2021\/02\/F889A5C2-078D-40D6-8822-8E68F1A482EB-1068x712.jpeg 1068w, https:\/\/www.yucatanencorto.com\/noticias\/wp-content\/uploads\/2021\/02\/F889A5C2-078D-40D6-8822-8E68F1A482EB-630x420.jpeg 630w\" sizes=\"auto, (max-width: 768px) 100vw, 768px\" \/>M\u00e9rida, 13 de febrero de 2021. Generar programas espec\u00edficos para mejorar la calidad de vida de los habitantes de las comisar\u00edas y colonias marginadas es una tarea de todos los d\u00edas en el Ayuntamiento, y un ejemplo de esto es el programa \u201cRezago Cero\u201d, que garantiza servicios p\u00fablicos prioritarios tales como electricidad, servicio sanitario y agua potable en todo M\u00e9rida, asever\u00f3 el alcalde Ren\u00e1n Barrera Concha.<\/p>\n<p data-removefontsize=\"true\" data-originalcomputedfontsize=\"16\">\u2014Desde el inicio de esta administraci\u00f3n hemos privilegiado la pol\u00edtica p\u00fablica, especialmente la de desarrollo social, para que tenga como hilo conductor el acceso efectivo a los derechos ciudadanos como mecanismo principal y que, a la vez, permita cerrar las brechas econ\u00f3micas y sociales\u2014asegur\u00f3.<\/p>\n<p data-removefontsize=\"true\" data-originalcomputedfontsize=\"16\">El Concejal destac\u00f3 lo anterior en el marco de la presentaci\u00f3n de los resultados municipales del cuestionario b\u00e1sico del Censo de Poblaci\u00f3n y Vivienda 2020.<\/p>\n<p data-removefontsize=\"true\" data-originalcomputedfontsize=\"16\">Remarc\u00f3 que con estos datos la Comuna focalizar\u00e1 los recursos para que la tendencia est\u00e9 cada vez m\u00e1s cerca del cero en materia de rezago en los servicios de agua potable y electrificaci\u00f3n en el Municipio.<\/p>\n<p data-removefontsize=\"true\" data-originalcomputedfontsize=\"16\">Durante la reuni\u00f3n, el director regional sureste del Instituto Nacional de Estad\u00edstica y Geograf\u00eda (INEGI), Dr. Arturo G\u00f3mez Fern\u00e1ndez, destac\u00f3 la importancia de presentar los resultados del Censo de Poblaci\u00f3n y Vivienda 2020 al Presidente Municipal, toda vez que M\u00e9rida registra el 42.9% de la poblaci\u00f3n en el Estado.<\/p>\n<p data-removefontsize=\"true\" data-originalcomputedfontsize=\"16\">\u2014El alcalde es una persona muy receptiva y que usa constantemente la informaci\u00f3n; as\u00ed lo ha manifestado. Por ese motivo hoy estamos aqu\u00ed presentando estas estad\u00edsticas que le ayudar\u00e1n a dirigir la pol\u00edtica p\u00fablica con mayor precisi\u00f3n hacia las \u00e1reas que se encuentran m\u00e1s necesitadas en el Municipio\u2014indic\u00f3.<\/p>\n<p data-removefontsize=\"true\" data-originalcomputedfontsize=\"16\">Puntualiz\u00f3 que el desarrollo del Municipio y el avance hacia el combate del rezago, va con buenos resultados, pues de acuerdo con las estad\u00edsticas recientes, el 0.7% de viviendas no cuenta agua entubada, hay pr\u00e1cticamente una cobertura total de la parte de electricidad en el Municipio y el 0.5% de las viviendas tiene piso de tierra.<\/p>\n<p data-removefontsize=\"true\" data-originalcomputedfontsize=\"16\">\u2014Digamos que las condiciones, en t\u00e9rminos generales, de datos que aportan las condiciones reales del Municipio son buenos para M\u00e9rida\u2014manifest\u00f3 en su presentaci\u00f3n.<\/p>\n<p data-removefontsize=\"true\" data-originalcomputedfontsize=\"16\">En cuanto a drenaje, continu\u00f3, el 1.2% de la poblaci\u00f3n meridana no cuenta con este servicio.<\/p>\n<p data-removefontsize=\"true\" data-originalcomputedfontsize=\"16\">Con relaci\u00f3n a los medios de transporte, G\u00f3mez Fern\u00e1ndez, explic\u00f3 que en M\u00e9rida, la bicicleta es utilizada por el 27.4% de la poblaci\u00f3n, mientras que la motocicleta es usada por el 12.2%.<\/p>\n<p data-removefontsize=\"true\" data-originalcomputedfontsize=\"16\">En este sentido, Barrera Concha mencion\u00f3 que estos resultados positivos, son gracias a que el Ayuntamiento ha aplicado de manera correcta y transparente los recursos p\u00fablicos, enfoc\u00e1ndolos a alcanzar la cobertura universal de los servicios b\u00e1sicos de agua potable y electrificaci\u00f3n disminuyendo as\u00ed la carencia de los servicios.<\/p>\n<p data-removefontsize=\"true\" data-originalcomputedfontsize=\"16\">\u2014Estamos combatiendo el hacinamiento en los hogares de nuestra ciudad, adem\u00e1s de mejorar notablemente la calidad de vida de las y los ciudadanos. Vamos a continuar apoy\u00e1ndolos a las y los de escasos recursos con piso, techo, ba\u00f1o, cuarto para cocina y cuarto dormitorio\u2014dijo.<\/p>\n<p data-removefontsize=\"true\" data-originalcomputedfontsize=\"16\">Los resultados del Censo de Poblaci\u00f3n y Vivienda 2020 correspondientes al Cuestionario B\u00e1sico, ofrece informaci\u00f3n sobre la dimensi\u00f3n, estructura y distribuci\u00f3n espacial de la poblaci\u00f3n, as\u00ed como de sus principales caracter\u00edsticas socioecon\u00f3micas y culturales. Adem\u00e1s, da cuenta de las viviendas y algunas de sus caracter\u00edsticas.<\/p>\n<p data-removefontsize=\"true\" data-originalcomputedfontsize=\"16\">El periodo de levantamiento del principal ejercicio censal, que se realiza en M\u00e9xico cada d\u00e9cada, fue del 2 al 27 de marzo de 2020 y, por primera vez, se levant\u00f3 con dispositivos de c\u00f3mputo m\u00f3viles, adem\u00e1s de captar informaci\u00f3n v\u00eda internet y telef\u00f3nica como m\u00e9todos complementarios.<\/p>\n<p data-removefontsize=\"true\" data-originalcomputedfontsize=\"16\">La poblaci\u00f3n total en Yucat\u00e1n es de 2.320,898 habitantes. De ellos, 1.180,619 son mujeres (50.9%) y 1.140,279 son hombres (49.1%). Yucat\u00e1n ocupa el lugar 22 a nivel nacional por n\u00famero de habitantes, en tanto que en 2010 fue el lugar 21.<\/p>\n<p data-removefontsize=\"true\" data-originalcomputedfontsize=\"16\">A la presentaci\u00f3n de estos resultados asistieron los directores Federico Sauri Molina, de Desarrollo Urbano; Jos\u00e9 Luis Mart\u00ednez Semerena, de Desarrollo Social y Eduardo Seijo Sol\u00eds, de Desarrollo Econ\u00f3mico y Turismo.<\/p>\n<p data-removefontsize=\"true\" data-originalcomputedfontsize=\"16\">Por parte del INEGI asistieron, C\u00e9sar Zambrano Ruiz, director regional de estad\u00edstica; Alejandro Gonz\u00e1lez Rodr\u00edguez, subdirector estatal de estad\u00edstica y Nancy S\u00e1nchez S\u00e1nchez, jefa de promoci\u00f3n.<\/p>\n<\/div>\n","protected":false},"excerpt":{"rendered":"<p>M\u00e9rida, 13 de febrero de 2021. Generar programas espec\u00edficos para mejorar la calidad de vida de los habitantes de las comisar\u00edas y colonias marginadas es una tarea de todos los d\u00edas en el Ayuntamiento, y un ejemplo de esto es el programa \u201cRezago Cero\u201d, que garantiza servicios p\u00fablicos prioritarios tales como electricidad, servicio sanitario y [&hellip;]<\/p>\n","protected":false},"author":2,"featured_media":70087,"comment_status":"closed","ping_status":"closed","sticky":false,"template":"","format":"standard","meta":{"footnotes":""},"categories":[3],"tags":[],"class_list":{"0":"post-70086","1":"post","2":"type-post","3":"status-publish","4":"format-standard","5":"has-post-thumbnail","7":"category-yucatan"},"yoast_head":"<!-- This site is optimized with the Yoast SEO plugin v27.5 - https:\/\/yoast.com\/product\/yoast-seo-wordpress\/ -->\n<title>Inegi presenta al alcalde resultados municipales del cuestionario b\u00e1sico del Censo de Poblaci\u00f3n y Vivienda 2020 - Yucat\u00e1n en corto<\/title>\n<meta name=\"robots\" content=\"index, follow, max-snippet:-1, max-image-preview:large, max-video-preview:-1\" \/>\n<link rel=\"canonical\" href=\"https:\/\/www.yucatanencorto.com\/noticias\/inegi-presenta-al-alcalde-resultados-municipales-del-cuestionario-basico-del-censo-de-poblacion-y-vivienda-2020\/\" \/>\n<meta property=\"og:locale\" content=\"es_ES\" \/>\n<meta property=\"og:type\" content=\"article\" \/>\n<meta property=\"og:title\" content=\"Inegi presenta al alcalde resultados municipales del cuestionario b\u00e1sico del Censo de Poblaci\u00f3n y Vivienda 2020 - Yucat\u00e1n en corto\" \/>\n<meta property=\"og:description\" content=\"M\u00e9rida, 13 de febrero de 2021. Generar programas espec\u00edficos para mejorar la calidad de vida de los habitantes de las comisar\u00edas y colonias marginadas es una tarea de todos los d\u00edas en el Ayuntamiento, y un ejemplo de esto es el programa \u201cRezago Cero\u201d, que garantiza servicios p\u00fablicos prioritarios tales como electricidad, servicio sanitario y [&hellip;]\" \/>\n<meta property=\"og:url\" content=\"https:\/\/www.yucatanencorto.com\/noticias\/inegi-presenta-al-alcalde-resultados-municipales-del-cuestionario-basico-del-censo-de-poblacion-y-vivienda-2020\/\" \/>\n<meta property=\"og:site_name\" content=\"Yucat\u00e1n en corto\" \/>\n<meta property=\"article:publisher\" content=\"http:\/\/www.facebook.com\/yucatanencorto\" \/>\n<meta property=\"article:published_time\" content=\"2021-02-14T02:46:10+00:00\" \/>\n<meta property=\"og:image\" content=\"https:\/\/www.yucatanencorto.com\/noticias\/wp-content\/uploads\/2021\/02\/F889A5C2-078D-40D6-8822-8E68F1A482EB-scaled.jpeg\" \/>\n\t<meta property=\"og:image:width\" content=\"768\" \/>\n\t<meta property=\"og:image:height\" content=\"512\" \/>\n\t<meta property=\"og:image:type\" content=\"image\/jpeg\" \/>\n<meta name=\"author\" content=\"Yucat\u00e1n en Corto FC\" \/>\n<meta name=\"twitter:card\" content=\"summary_large_image\" \/>\n<meta name=\"twitter:creator\" content=\"@yucatanencorto\" \/>\n<meta name=\"twitter:site\" content=\"@yucatanencorto\" \/>\n<meta name=\"twitter:label1\" content=\"Escrito por\" \/>\n\t<meta name=\"twitter:data1\" content=\"Yucat\u00e1n en Corto FC\" \/>\n\t<meta name=\"twitter:label2\" content=\"Tiempo de lectura\" \/>\n\t<meta name=\"twitter:data2\" content=\"4 minutos\" \/>\n<script type=\"application\/ld+json\" class=\"yoast-schema-graph\">{\"@context\":\"https:\\\/\\\/schema.org\",\"@graph\":[{\"@type\":\"Article\",\"@id\":\"https:\\\/\\\/www.yucatanencorto.com\\\/noticias\\\/inegi-presenta-al-alcalde-resultados-municipales-del-cuestionario-basico-del-censo-de-poblacion-y-vivienda-2020\\\/#article\",\"isPartOf\":{\"@id\":\"https:\\\/\\\/www.yucatanencorto.com\\\/noticias\\\/inegi-presenta-al-alcalde-resultados-municipales-del-cuestionario-basico-del-censo-de-poblacion-y-vivienda-2020\\\/\"},\"author\":{\"name\":\"Yucat\u00e1n en Corto FC\",\"@id\":\"https:\\\/\\\/www.yucatanencorto.com\\\/noticias\\\/#\\\/schema\\\/person\\\/14f82d355225a1f4075dd84a31f45a72\"},\"headline\":\"Inegi presenta al alcalde resultados municipales del cuestionario b\u00e1sico del Censo de Poblaci\u00f3n y Vivienda 2020\",\"datePublished\":\"2021-02-14T02:46:10+00:00\",\"mainEntityOfPage\":{\"@id\":\"https:\\\/\\\/www.yucatanencorto.com\\\/noticias\\\/inegi-presenta-al-alcalde-resultados-municipales-del-cuestionario-basico-del-censo-de-poblacion-y-vivienda-2020\\\/\"},\"wordCount\":759,\"image\":{\"@id\":\"https:\\\/\\\/www.yucatanencorto.com\\\/noticias\\\/inegi-presenta-al-alcalde-resultados-municipales-del-cuestionario-basico-del-censo-de-poblacion-y-vivienda-2020\\\/#primaryimage\"},\"thumbnailUrl\":\"https:\\\/\\\/www.yucatanencorto.com\\\/noticias\\\/wp-content\\\/uploads\\\/2021\\\/02\\\/F889A5C2-078D-40D6-8822-8E68F1A482EB-scaled.jpeg\",\"articleSection\":[\"Yucat\u00e1n\"],\"inLanguage\":\"es\"},{\"@type\":\"WebPage\",\"@id\":\"https:\\\/\\\/www.yucatanencorto.com\\\/noticias\\\/inegi-presenta-al-alcalde-resultados-municipales-del-cuestionario-basico-del-censo-de-poblacion-y-vivienda-2020\\\/\",\"url\":\"https:\\\/\\\/www.yucatanencorto.com\\\/noticias\\\/inegi-presenta-al-alcalde-resultados-municipales-del-cuestionario-basico-del-censo-de-poblacion-y-vivienda-2020\\\/\",\"name\":\"Inegi presenta al alcalde resultados municipales del cuestionario b\u00e1sico del Censo de Poblaci\u00f3n y Vivienda 2020 - Yucat\u00e1n en corto\",\"isPartOf\":{\"@id\":\"https:\\\/\\\/www.yucatanencorto.com\\\/noticias\\\/#website\"},\"primaryImageOfPage\":{\"@id\":\"https:\\\/\\\/www.yucatanencorto.com\\\/noticias\\\/inegi-presenta-al-alcalde-resultados-municipales-del-cuestionario-basico-del-censo-de-poblacion-y-vivienda-2020\\\/#primaryimage\"},\"image\":{\"@id\":\"https:\\\/\\\/www.yucatanencorto.com\\\/noticias\\\/inegi-presenta-al-alcalde-resultados-municipales-del-cuestionario-basico-del-censo-de-poblacion-y-vivienda-2020\\\/#primaryimage\"},\"thumbnailUrl\":\"https:\\\/\\\/www.yucatanencorto.com\\\/noticias\\\/wp-content\\\/uploads\\\/2021\\\/02\\\/F889A5C2-078D-40D6-8822-8E68F1A482EB-scaled.jpeg\",\"datePublished\":\"2021-02-14T02:46:10+00:00\",\"author\":{\"@id\":\"https:\\\/\\\/www.yucatanencorto.com\\\/noticias\\\/#\\\/schema\\\/person\\\/14f82d355225a1f4075dd84a31f45a72\"},\"breadcrumb\":{\"@id\":\"https:\\\/\\\/www.yucatanencorto.com\\\/noticias\\\/inegi-presenta-al-alcalde-resultados-municipales-del-cuestionario-basico-del-censo-de-poblacion-y-vivienda-2020\\\/#breadcrumb\"},\"inLanguage\":\"es\",\"potentialAction\":[{\"@type\":\"ReadAction\",\"target\":[\"https:\\\/\\\/www.yucatanencorto.com\\\/noticias\\\/inegi-presenta-al-alcalde-resultados-municipales-del-cuestionario-basico-del-censo-de-poblacion-y-vivienda-2020\\\/\"]}]},{\"@type\":\"ImageObject\",\"inLanguage\":\"es\",\"@id\":\"https:\\\/\\\/www.yucatanencorto.com\\\/noticias\\\/inegi-presenta-al-alcalde-resultados-municipales-del-cuestionario-basico-del-censo-de-poblacion-y-vivienda-2020\\\/#primaryimage\",\"url\":\"https:\\\/\\\/www.yucatanencorto.com\\\/noticias\\\/wp-content\\\/uploads\\\/2021\\\/02\\\/F889A5C2-078D-40D6-8822-8E68F1A482EB-scaled.jpeg\",\"contentUrl\":\"https:\\\/\\\/www.yucatanencorto.com\\\/noticias\\\/wp-content\\\/uploads\\\/2021\\\/02\\\/F889A5C2-078D-40D6-8822-8E68F1A482EB-scaled.jpeg\",\"width\":768,\"height\":512},{\"@type\":\"BreadcrumbList\",\"@id\":\"https:\\\/\\\/www.yucatanencorto.com\\\/noticias\\\/inegi-presenta-al-alcalde-resultados-municipales-del-cuestionario-basico-del-censo-de-poblacion-y-vivienda-2020\\\/#breadcrumb\",\"itemListElement\":[{\"@type\":\"ListItem\",\"position\":1,\"name\":\"Portada\",\"item\":\"https:\\\/\\\/www.yucatanencorto.com\\\/noticias\\\/\"},{\"@type\":\"ListItem\",\"position\":2,\"name\":\"Inegi presenta al alcalde resultados municipales del cuestionario b\u00e1sico del Censo de Poblaci\u00f3n y Vivienda 2020\"}]},{\"@type\":\"WebSite\",\"@id\":\"https:\\\/\\\/www.yucatanencorto.com\\\/noticias\\\/#website\",\"url\":\"https:\\\/\\\/www.yucatanencorto.com\\\/noticias\\\/\",\"name\":\"Yucat\u00e1n en corto\",\"description\":\"Noticias\",\"potentialAction\":[{\"@type\":\"SearchAction\",\"target\":{\"@type\":\"EntryPoint\",\"urlTemplate\":\"https:\\\/\\\/www.yucatanencorto.com\\\/noticias\\\/?s={search_term_string}\"},\"query-input\":{\"@type\":\"PropertyValueSpecification\",\"valueRequired\":true,\"valueName\":\"search_term_string\"}}],\"inLanguage\":\"es\"},{\"@type\":\"Person\",\"@id\":\"https:\\\/\\\/www.yucatanencorto.com\\\/noticias\\\/#\\\/schema\\\/person\\\/14f82d355225a1f4075dd84a31f45a72\",\"name\":\"Yucat\u00e1n en Corto FC\",\"image\":{\"@type\":\"ImageObject\",\"inLanguage\":\"es\",\"@id\":\"https:\\\/\\\/secure.gravatar.com\\\/avatar\\\/147d4b30cd728c53c29c49a3f7834dedca33707f4cd259761355846009a88250?s=96&d=mm&r=g\",\"url\":\"https:\\\/\\\/secure.gravatar.com\\\/avatar\\\/147d4b30cd728c53c29c49a3f7834dedca33707f4cd259761355846009a88250?s=96&d=mm&r=g\",\"contentUrl\":\"https:\\\/\\\/secure.gravatar.com\\\/avatar\\\/147d4b30cd728c53c29c49a3f7834dedca33707f4cd259761355846009a88250?s=96&d=mm&r=g\",\"caption\":\"Yucat\u00e1n en Corto FC\"},\"url\":\"https:\\\/\\\/www.yucatanencorto.com\\\/noticias\\\/author\\\/flor\\\/\"}]}<\/script>\n<!-- \/ Yoast SEO plugin. -->","yoast_head_json":{"title":"Inegi presenta al alcalde resultados municipales del cuestionario b\u00e1sico del Censo de Poblaci\u00f3n y Vivienda 2020 - Yucat\u00e1n en corto","robots":{"index":"index","follow":"follow","max-snippet":"max-snippet:-1","max-image-preview":"max-image-preview:large","max-video-preview":"max-video-preview:-1"},"canonical":"https:\/\/www.yucatanencorto.com\/noticias\/inegi-presenta-al-alcalde-resultados-municipales-del-cuestionario-basico-del-censo-de-poblacion-y-vivienda-2020\/","og_locale":"es_ES","og_type":"article","og_title":"Inegi presenta al alcalde resultados municipales del cuestionario b\u00e1sico del Censo de Poblaci\u00f3n y Vivienda 2020 - Yucat\u00e1n en corto","og_description":"M\u00e9rida, 13 de febrero de 2021. Generar programas espec\u00edficos para mejorar la calidad de vida de los habitantes de las comisar\u00edas y colonias marginadas es una tarea de todos los d\u00edas en el Ayuntamiento, y un ejemplo de esto es el programa \u201cRezago Cero\u201d, que garantiza servicios p\u00fablicos prioritarios tales como electricidad, servicio sanitario y [&hellip;]","og_url":"https:\/\/www.yucatanencorto.com\/noticias\/inegi-presenta-al-alcalde-resultados-municipales-del-cuestionario-basico-del-censo-de-poblacion-y-vivienda-2020\/","og_site_name":"Yucat\u00e1n en corto","article_publisher":"http:\/\/www.facebook.com\/yucatanencorto","article_published_time":"2021-02-14T02:46:10+00:00","og_image":[{"width":768,"height":512,"url":"https:\/\/www.yucatanencorto.com\/noticias\/wp-content\/uploads\/2021\/02\/F889A5C2-078D-40D6-8822-8E68F1A482EB-scaled.jpeg","type":"image\/jpeg"}],"author":"Yucat\u00e1n en Corto FC","twitter_card":"summary_large_image","twitter_creator":"@yucatanencorto","twitter_site":"@yucatanencorto","twitter_misc":{"Escrito por":"Yucat\u00e1n en Corto FC","Tiempo de lectura":"4 minutos"},"schema":{"@context":"https:\/\/schema.org","@graph":[{"@type":"Article","@id":"https:\/\/www.yucatanencorto.com\/noticias\/inegi-presenta-al-alcalde-resultados-municipales-del-cuestionario-basico-del-censo-de-poblacion-y-vivienda-2020\/#article","isPartOf":{"@id":"https:\/\/www.yucatanencorto.com\/noticias\/inegi-presenta-al-alcalde-resultados-municipales-del-cuestionario-basico-del-censo-de-poblacion-y-vivienda-2020\/"},"author":{"name":"Yucat\u00e1n en Corto FC","@id":"https:\/\/www.yucatanencorto.com\/noticias\/#\/schema\/person\/14f82d355225a1f4075dd84a31f45a72"},"headline":"Inegi presenta al alcalde resultados municipales del cuestionario b\u00e1sico del Censo de Poblaci\u00f3n y Vivienda 2020","datePublished":"2021-02-14T02:46:10+00:00","mainEntityOfPage":{"@id":"https:\/\/www.yucatanencorto.com\/noticias\/inegi-presenta-al-alcalde-resultados-municipales-del-cuestionario-basico-del-censo-de-poblacion-y-vivienda-2020\/"},"wordCount":759,"image":{"@id":"https:\/\/www.yucatanencorto.com\/noticias\/inegi-presenta-al-alcalde-resultados-municipales-del-cuestionario-basico-del-censo-de-poblacion-y-vivienda-2020\/#primaryimage"},"thumbnailUrl":"https:\/\/www.yucatanencorto.com\/noticias\/wp-content\/uploads\/2021\/02\/F889A5C2-078D-40D6-8822-8E68F1A482EB-scaled.jpeg","articleSection":["Yucat\u00e1n"],"inLanguage":"es"},{"@type":"WebPage","@id":"https:\/\/www.yucatanencorto.com\/noticias\/inegi-presenta-al-alcalde-resultados-municipales-del-cuestionario-basico-del-censo-de-poblacion-y-vivienda-2020\/","url":"https:\/\/www.yucatanencorto.com\/noticias\/inegi-presenta-al-alcalde-resultados-municipales-del-cuestionario-basico-del-censo-de-poblacion-y-vivienda-2020\/","name":"Inegi presenta al alcalde resultados municipales del cuestionario b\u00e1sico del Censo de Poblaci\u00f3n y Vivienda 2020 - Yucat\u00e1n en corto","isPartOf":{"@id":"https:\/\/www.yucatanencorto.com\/noticias\/#website"},"primaryImageOfPage":{"@id":"https:\/\/www.yucatanencorto.com\/noticias\/inegi-presenta-al-alcalde-resultados-municipales-del-cuestionario-basico-del-censo-de-poblacion-y-vivienda-2020\/#primaryimage"},"image":{"@id":"https:\/\/www.yucatanencorto.com\/noticias\/inegi-presenta-al-alcalde-resultados-municipales-del-cuestionario-basico-del-censo-de-poblacion-y-vivienda-2020\/#primaryimage"},"thumbnailUrl":"https:\/\/www.yucatanencorto.com\/noticias\/wp-content\/uploads\/2021\/02\/F889A5C2-078D-40D6-8822-8E68F1A482EB-scaled.jpeg","datePublished":"2021-02-14T02:46:10+00:00","author":{"@id":"https:\/\/www.yucatanencorto.com\/noticias\/#\/schema\/person\/14f82d355225a1f4075dd84a31f45a72"},"breadcrumb":{"@id":"https:\/\/www.yucatanencorto.com\/noticias\/inegi-presenta-al-alcalde-resultados-municipales-del-cuestionario-basico-del-censo-de-poblacion-y-vivienda-2020\/#breadcrumb"},"inLanguage":"es","potentialAction":[{"@type":"ReadAction","target":["https:\/\/www.yucatanencorto.com\/noticias\/inegi-presenta-al-alcalde-resultados-municipales-del-cuestionario-basico-del-censo-de-poblacion-y-vivienda-2020\/"]}]},{"@type":"ImageObject","inLanguage":"es","@id":"https:\/\/www.yucatanencorto.com\/noticias\/inegi-presenta-al-alcalde-resultados-municipales-del-cuestionario-basico-del-censo-de-poblacion-y-vivienda-2020\/#primaryimage","url":"https:\/\/www.yucatanencorto.com\/noticias\/wp-content\/uploads\/2021\/02\/F889A5C2-078D-40D6-8822-8E68F1A482EB-scaled.jpeg","contentUrl":"https:\/\/www.yucatanencorto.com\/noticias\/wp-content\/uploads\/2021\/02\/F889A5C2-078D-40D6-8822-8E68F1A482EB-scaled.jpeg","width":768,"height":512},{"@type":"BreadcrumbList","@id":"https:\/\/www.yucatanencorto.com\/noticias\/inegi-presenta-al-alcalde-resultados-municipales-del-cuestionario-basico-del-censo-de-poblacion-y-vivienda-2020\/#breadcrumb","itemListElement":[{"@type":"ListItem","position":1,"name":"Portada","item":"https:\/\/www.yucatanencorto.com\/noticias\/"},{"@type":"ListItem","position":2,"name":"Inegi presenta al alcalde resultados municipales del cuestionario b\u00e1sico del Censo de Poblaci\u00f3n y Vivienda 2020"}]},{"@type":"WebSite","@id":"https:\/\/www.yucatanencorto.com\/noticias\/#website","url":"https:\/\/www.yucatanencorto.com\/noticias\/","name":"Yucat\u00e1n en corto","description":"Noticias","potentialAction":[{"@type":"SearchAction","target":{"@type":"EntryPoint","urlTemplate":"https:\/\/www.yucatanencorto.com\/noticias\/?s={search_term_string}"},"query-input":{"@type":"PropertyValueSpecification","valueRequired":true,"valueName":"search_term_string"}}],"inLanguage":"es"},{"@type":"Person","@id":"https:\/\/www.yucatanencorto.com\/noticias\/#\/schema\/person\/14f82d355225a1f4075dd84a31f45a72","name":"Yucat\u00e1n en Corto FC","image":{"@type":"ImageObject","inLanguage":"es","@id":"https:\/\/secure.gravatar.com\/avatar\/147d4b30cd728c53c29c49a3f7834dedca33707f4cd259761355846009a88250?s=96&d=mm&r=g","url":"https:\/\/secure.gravatar.com\/avatar\/147d4b30cd728c53c29c49a3f7834dedca33707f4cd259761355846009a88250?s=96&d=mm&r=g","contentUrl":"https:\/\/secure.gravatar.com\/avatar\/147d4b30cd728c53c29c49a3f7834dedca33707f4cd259761355846009a88250?s=96&d=mm&r=g","caption":"Yucat\u00e1n en Corto FC"},"url":"https:\/\/www.yucatanencorto.com\/noticias\/author\/flor\/"}]}},"_links":{"self":[{"href":"https:\/\/www.yucatanencorto.com\/noticias\/wp-json\/wp\/v2\/posts\/70086","targetHints":{"allow":["GET"]}}],"collection":[{"href":"https:\/\/www.yucatanencorto.com\/noticias\/wp-json\/wp\/v2\/posts"}],"about":[{"href":"https:\/\/www.yucatanencorto.com\/noticias\/wp-json\/wp\/v2\/types\/post"}],"author":[{"embeddable":true,"href":"https:\/\/www.yucatanencorto.com\/noticias\/wp-json\/wp\/v2\/users\/2"}],"replies":[{"embeddable":true,"href":"https:\/\/www.yucatanencorto.com\/noticias\/wp-json\/wp\/v2\/comments?post=70086"}],"version-history":[{"count":0,"href":"https:\/\/www.yucatanencorto.com\/noticias\/wp-json\/wp\/v2\/posts\/70086\/revisions"}],"wp:featuredmedia":[{"embeddable":true,"href":"https:\/\/www.yucatanencorto.com\/noticias\/wp-json\/wp\/v2\/media\/70087"}],"wp:attachment":[{"href":"https:\/\/www.yucatanencorto.com\/noticias\/wp-json\/wp\/v2\/media?parent=70086"}],"wp:term":[{"taxonomy":"category","embeddable":true,"href":"https:\/\/www.yucatanencorto.com\/noticias\/wp-json\/wp\/v2\/categories?post=70086"},{"taxonomy":"post_tag","embeddable":true,"href":"https:\/\/www.yucatanencorto.com\/noticias\/wp-json\/wp\/v2\/tags?post=70086"}],"curies":[{"name":"wp","href":"https:\/\/api.w.org\/{rel}","templated":true}]}}