{"id":70089,"date":"2021-02-13T20:54:30","date_gmt":"2021-02-14T02:54:30","guid":{"rendered":"https:\/\/www.yucatanencorto.com\/noticias\/?p=70089"},"modified":"2021-02-13T20:54:30","modified_gmt":"2021-02-14T02:54:30","slug":"intersecciones-seguras-para-peatones-ciclistas-y-conductores-con-el-programa-conjunto-de-mejora-a-la-movilidad-y-la-infraestructura-vial-en-merida","status":"publish","type":"post","link":"https:\/\/www.yucatanencorto.com\/noticias\/intersecciones-seguras-para-peatones-ciclistas-y-conductores-con-el-programa-conjunto-de-mejora-a-la-movilidad-y-la-infraestructura-vial-en-merida\/","title":{"rendered":"Intersecciones seguras para peatones, ciclistas y conductores, con el Programa Conjunto de Mejora a la Movilidad y la Infraestructura Vial en M\u00e9rida"},"content":{"rendered":"<div dir=\"ltr\">\n<p><span data-removefontsize=\"true\" data-originalcomputedfontsize=\"16\"><img loading=\"lazy\" decoding=\"async\" class=\"alignnone size-full wp-image-70090\" src=\"https:\/\/www.yucatanencorto.com\/noticias\/wp-content\/uploads\/2021\/02\/ECBEDFD2-B627-4FA7-A6E7-F6B303000978-scaled.jpeg\" alt=\"\" width=\"768\" height=\"432\" srcset=\"https:\/\/www.yucatanencorto.com\/noticias\/wp-content\/uploads\/2021\/02\/ECBEDFD2-B627-4FA7-A6E7-F6B303000978-scaled.jpeg 768w, https:\/\/www.yucatanencorto.com\/noticias\/wp-content\/uploads\/2021\/02\/ECBEDFD2-B627-4FA7-A6E7-F6B303000978-696x392.jpeg 696w, https:\/\/www.yucatanencorto.com\/noticias\/wp-content\/uploads\/2021\/02\/ECBEDFD2-B627-4FA7-A6E7-F6B303000978-1068x601.jpeg 1068w, https:\/\/www.yucatanencorto.com\/noticias\/wp-content\/uploads\/2021\/02\/ECBEDFD2-B627-4FA7-A6E7-F6B303000978-747x420.jpeg 747w\" sizes=\"auto, (max-width: 768px) 100vw, 768px\" \/>M\u00e9rida, Yucat\u00e1n, 13 de febrero de 2020.- La interacci\u00f3n vial en M\u00e9rida ser\u00e1 m\u00e1s \u00e1gil y con mayor seguridad mediante la intervenci\u00f3n que el Gobierno del Estado y el Ayuntamiento de esta ciudad realizar\u00e1n en 16 cruces y glorietas que registran el mayor tr\u00e1fico vehicular en la urbe para convertirlas en intersecciones m\u00e1s seguras, como parte del Programa Conjunto de Mejora a la Movilidad y la Infraestructura Vial.\u00a0 <\/span><\/p>\n<p>&nbsp;<\/p>\n<p><span data-removefontsize=\"true\" data-originalcomputedfontsize=\"16\">Con ello, los Gobiernos estatal y municipal est\u00e1n dando respuesta a problem\u00e1ticas como el gran congestionamiento y el alto n\u00famero de siniestros viales, como colisiones y atropellamientos, que presentan dichos cruceros, en donde resultan implicados los peatones, que son los usuarios m\u00e1s vulnerables de la v\u00eda p\u00fablica.\u00a0\u00a0 <\/span><\/p>\n<p>&nbsp;<\/p>\n<p><span data-removefontsize=\"true\" data-originalcomputedfontsize=\"16\">Las obras consistir\u00e1n en mejoras t\u00e9cnicas, como cruces peatonales seguros, ampliaci\u00f3n de banquetas, infraestructura para ciclistas, sem\u00e1foros para mejora de flujo vehicular, espacios p\u00fablicos en \u00e1reas en desuso y vueltas derechas canalizadas. Para estas tareas se destina una inversi\u00f3n de 86 millones de pesos. <\/span><\/p>\n<p>&nbsp;<\/p>\n<p><span data-removefontsize=\"true\" data-originalcomputedfontsize=\"16\">Los puntos que ser\u00e1n intervenidos son las Avenidas Yucat\u00e1n (salida a Motul); la Garc\u00eda Lav\u00edn-Perif\u00e9rico (City Center); el monumento a La Mestiza en Francisco de Montejo; el monumento a La Xtabay en Pol\u00edgono; las calles 20 y 40 a la altura de la Unidad Deportivo Pacabt\u00fan; la avenida Fidel Vel\u00e1zquez por calle 16; el crucero a la altura del supermercado Bodega Aurrera de la avenida Quetzalc\u00f3atl; y el Monumento SEDENA, en el cruce de la calle 42 con 115.<\/span><\/p>\n<p>&nbsp;<\/p>\n<p><span data-removefontsize=\"true\" data-originalcomputedfontsize=\"16\">Al igual que el cruce de la avenida Juan Pablo II con la calle 18; la avenida del fraccionamiento del Parque, junto en el cruce donde est\u00e1 la Unidad M\u00e9dica Familiar (UMF) 59 del Instituto Mexicano del Seguro Social (IMSS); avenida Aviaci\u00f3n con calle 100, cerca del aeropuerto;\u00a0 avenida Jacinto Canek con\u00a0 Perif\u00e9rico, en la salida a Caucel; avenida 21 con 60, a la altura del restaurante Toks de Plaza Dorada; avenida Hidalgo con calle 21 con 116 Glorieta de Plaza Las Am\u00e9ricas; la salida Cholul; y, por \u00faltimo, el Monumento a las Haciendas.<\/span><\/p>\n<p>&nbsp;<\/p>\n<p><span data-removefontsize=\"true\" data-originalcomputedfontsize=\"16\">En estos cruces se realizar\u00e1n diversas intervenciones, entre las que destacan la semaforizaci\u00f3n de glorietas, que permitir\u00e1 el paso de un mayor n\u00famero de veh\u00edculos en menor tiempo y el cruce seguro de peatones por medio de las fases semaf\u00f3ricas; simplificaci\u00f3n y separaci\u00f3n de flujos, que tiene el objetivo de reducir el n\u00famero de autos en los puntos de cruce. Las vueltas derechas canalizadas permitir\u00e1n el flujo continuo sin la necesidad de entrar a la glorieta o bien, esperar al cambio de la fase del sem\u00e1foro.<\/span><\/p>\n<p>&nbsp;<\/p>\n<p><span data-removefontsize=\"true\" data-originalcomputedfontsize=\"16\">Tambi\u00e9n, la implementaci\u00f3n de reductores de velocidad, instalados en vueltas continuas para reducir la velocidad de los veh\u00edculos y permitir el cruce seguro, continuo y sin desniveles de peatones.<\/span><\/p>\n<p>&nbsp;<\/p>\n<p><span data-removefontsize=\"true\" data-originalcomputedfontsize=\"16\">Hay que se\u00f1alar que, actualmente, se cuenta con estudios de movilidad de 70 cruces y glorietas saturadas. Con estas obras se estar\u00e1 mejorando tambi\u00e9n el flujo del transporte p\u00fablico y vehicular, se minimizar\u00e1n los tiempos de tr\u00e1fico, reducir\u00e1n los niveles de contaminaci\u00f3n, se mejorar\u00e1 la seguridad peatonal y se crear\u00e1n empleos.<\/span><\/p>\n<p>&nbsp;<\/p>\n<p><span data-removefontsize=\"true\" data-originalcomputedfontsize=\"16\">Estas acciones se complementan con el Plan de Infraestructura de Ciclov\u00edas para M\u00e9rida, el cual considera la construcci\u00f3n de 71.7 kil\u00f3metros de ese tipo de vialidades para la capital yucateca, ya que, en conjunto, llevar\u00e1n a M\u00e9rida a una nueva din\u00e1mica de movilidad, en la cual caminar, pedalear o manejar, sea seguro para todos. <\/span><\/p>\n<p>&nbsp;<\/p>\n<p><span data-removefontsize=\"true\" data-originalcomputedfontsize=\"16\">Las acciones presentadas tienen el objetivo de responder las necesidades debido al acelerado crecimiento urbano de la capital yucateca, ya que de 2010 a 2019, el tama\u00f1o de la poblaci\u00f3n en M\u00e9rida increment\u00f3 un 25% y en la misma temporalidad, el n\u00famero de veh\u00edculos por habitantes increment\u00f3 el 45% por lo tanto, se duplic\u00f3 el tr\u00e1fico en el Anillo Perif\u00e9rico, actualmente una de las vialidades m\u00e1s peligrosas. Adem\u00e1s, en los \u00faltimos 10 a\u00f1os, el \u00edndice de siniestros viales increment\u00f3 representativamente el 163%, tan solo del a\u00f1o 2018 al 2019, se elev\u00f3 un 32%. <\/span><\/p>\n<p>&nbsp;<\/p>\n<p><span data-removefontsize=\"true\" data-originalcomputedfontsize=\"16\">Es por ello que, como parte de los beneficios del Programa Conjunto de Mejora a la Movilidad y la Infraestructura Vial, se encuentra lograr una movilidad m\u00e1s segura para los ciudadanos, un flujo vehicular m\u00e1s eficiente, una mejora de la imagen tur\u00edstica, as\u00ed como el incremento de la plusval\u00eda en zonas intervenidas, as\u00ed como la derrama econ\u00f3mica y la creaci\u00f3n de miles de nuevas fuentes de empleo para los yucatecos.<\/span><\/p>\n<p>&nbsp;<\/p>\n<p><span data-removefontsize=\"true\" data-originalcomputedfontsize=\"16\">El Programa Conjunto de Mejora a la Movilidad y la Infraestructura Vial, proyecto dentro de la Agenda M\u00e9rida 2050, presentado recientemente por Vila Dosal y Barrera Concha, contempla una serie de acciones coordinadas que se traducir\u00e1n en la generaci\u00f3n de m\u00e1s de 11,000 empleos, entre directos e indirectos, y una inversi\u00f3n total de 760 millones de pesos.<\/span><\/p>\n<p>&nbsp;<\/p>\n<p><span data-removefontsize=\"true\" data-originalcomputedfontsize=\"16\">El mencionado plan tambi\u00e9n contempla, adem\u00e1s de las intersecciones seguras, el establecimiento de sem\u00e1foros inteligentes, la instalaci\u00f3n de puentes peatonales, la pavimentaci\u00f3n de 21 kil\u00f3metros de calles al interior del Anillo Perif\u00e9rico y la repavimentaci\u00f3n de 10 kil\u00f3metros del Perif\u00e9rico de M\u00e9rida, el cual, aunque es una v\u00eda federal, hasta la fecha no se han recibido recursos para su mantenimiento.<\/span><\/p>\n<\/div>\n","protected":false},"excerpt":{"rendered":"<p>M\u00e9rida, Yucat\u00e1n, 13 de febrero de 2020.- La interacci\u00f3n vial en M\u00e9rida ser\u00e1 m\u00e1s \u00e1gil y con mayor seguridad mediante la intervenci\u00f3n que el Gobierno del Estado y el Ayuntamiento de esta ciudad realizar\u00e1n en 16 cruces y glorietas que registran el mayor tr\u00e1fico vehicular en la urbe para convertirlas en intersecciones m\u00e1s seguras, como [&hellip;]<\/p>\n","protected":false},"author":2,"featured_media":70090,"comment_status":"closed","ping_status":"closed","sticky":false,"template":"","format":"standard","meta":{"footnotes":""},"categories":[3],"tags":[],"class_list":{"0":"post-70089","1":"post","2":"type-post","3":"status-publish","4":"format-standard","5":"has-post-thumbnail","7":"category-yucatan"},"yoast_head":"<!-- This site is optimized with the Yoast SEO plugin v27.5 - https:\/\/yoast.com\/product\/yoast-seo-wordpress\/ -->\n<title>Intersecciones seguras para peatones, ciclistas y conductores, con el Programa Conjunto de Mejora a la Movilidad y la Infraestructura Vial en M\u00e9rida - Yucat\u00e1n en corto<\/title>\n<meta name=\"robots\" content=\"index, follow, max-snippet:-1, max-image-preview:large, max-video-preview:-1\" \/>\n<link rel=\"canonical\" href=\"https:\/\/www.yucatanencorto.com\/noticias\/intersecciones-seguras-para-peatones-ciclistas-y-conductores-con-el-programa-conjunto-de-mejora-a-la-movilidad-y-la-infraestructura-vial-en-merida\/\" \/>\n<meta property=\"og:locale\" content=\"es_ES\" \/>\n<meta property=\"og:type\" content=\"article\" \/>\n<meta property=\"og:title\" content=\"Intersecciones seguras para peatones, ciclistas y conductores, con el Programa Conjunto de Mejora a la Movilidad y la Infraestructura Vial en M\u00e9rida - Yucat\u00e1n en corto\" \/>\n<meta property=\"og:description\" content=\"M\u00e9rida, Yucat\u00e1n, 13 de febrero de 2020.- La interacci\u00f3n vial en M\u00e9rida ser\u00e1 m\u00e1s \u00e1gil y con mayor seguridad mediante la intervenci\u00f3n que el Gobierno del Estado y el Ayuntamiento de esta ciudad realizar\u00e1n en 16 cruces y glorietas que registran el mayor tr\u00e1fico vehicular en la urbe para convertirlas en intersecciones m\u00e1s seguras, como [&hellip;]\" \/>\n<meta property=\"og:url\" content=\"https:\/\/www.yucatanencorto.com\/noticias\/intersecciones-seguras-para-peatones-ciclistas-y-conductores-con-el-programa-conjunto-de-mejora-a-la-movilidad-y-la-infraestructura-vial-en-merida\/\" \/>\n<meta property=\"og:site_name\" content=\"Yucat\u00e1n en corto\" \/>\n<meta property=\"article:publisher\" content=\"http:\/\/www.facebook.com\/yucatanencorto\" \/>\n<meta property=\"article:published_time\" content=\"2021-02-14T02:54:30+00:00\" \/>\n<meta property=\"og:image\" content=\"https:\/\/www.yucatanencorto.com\/noticias\/wp-content\/uploads\/2021\/02\/ECBEDFD2-B627-4FA7-A6E7-F6B303000978-scaled.jpeg\" \/>\n\t<meta property=\"og:image:width\" content=\"768\" \/>\n\t<meta property=\"og:image:height\" content=\"432\" \/>\n\t<meta property=\"og:image:type\" content=\"image\/jpeg\" \/>\n<meta name=\"author\" content=\"Yucat\u00e1n en Corto FC\" \/>\n<meta name=\"twitter:card\" content=\"summary_large_image\" \/>\n<meta name=\"twitter:creator\" content=\"@yucatanencorto\" \/>\n<meta name=\"twitter:site\" content=\"@yucatanencorto\" \/>\n<meta name=\"twitter:label1\" content=\"Escrito por\" \/>\n\t<meta name=\"twitter:data1\" content=\"Yucat\u00e1n en Corto FC\" \/>\n\t<meta name=\"twitter:label2\" content=\"Tiempo de lectura\" \/>\n\t<meta name=\"twitter:data2\" content=\"4 minutos\" \/>\n<script type=\"application\/ld+json\" class=\"yoast-schema-graph\">{\"@context\":\"https:\\\/\\\/schema.org\",\"@graph\":[{\"@type\":\"Article\",\"@id\":\"https:\\\/\\\/www.yucatanencorto.com\\\/noticias\\\/intersecciones-seguras-para-peatones-ciclistas-y-conductores-con-el-programa-conjunto-de-mejora-a-la-movilidad-y-la-infraestructura-vial-en-merida\\\/#article\",\"isPartOf\":{\"@id\":\"https:\\\/\\\/www.yucatanencorto.com\\\/noticias\\\/intersecciones-seguras-para-peatones-ciclistas-y-conductores-con-el-programa-conjunto-de-mejora-a-la-movilidad-y-la-infraestructura-vial-en-merida\\\/\"},\"author\":{\"name\":\"Yucat\u00e1n en Corto FC\",\"@id\":\"https:\\\/\\\/www.yucatanencorto.com\\\/noticias\\\/#\\\/schema\\\/person\\\/14f82d355225a1f4075dd84a31f45a72\"},\"headline\":\"Intersecciones seguras para peatones, ciclistas y conductores, con el Programa Conjunto de Mejora a la Movilidad y la Infraestructura Vial en M\u00e9rida\",\"datePublished\":\"2021-02-14T02:54:30+00:00\",\"mainEntityOfPage\":{\"@id\":\"https:\\\/\\\/www.yucatanencorto.com\\\/noticias\\\/intersecciones-seguras-para-peatones-ciclistas-y-conductores-con-el-programa-conjunto-de-mejora-a-la-movilidad-y-la-infraestructura-vial-en-merida\\\/\"},\"wordCount\":932,\"image\":{\"@id\":\"https:\\\/\\\/www.yucatanencorto.com\\\/noticias\\\/intersecciones-seguras-para-peatones-ciclistas-y-conductores-con-el-programa-conjunto-de-mejora-a-la-movilidad-y-la-infraestructura-vial-en-merida\\\/#primaryimage\"},\"thumbnailUrl\":\"https:\\\/\\\/www.yucatanencorto.com\\\/noticias\\\/wp-content\\\/uploads\\\/2021\\\/02\\\/ECBEDFD2-B627-4FA7-A6E7-F6B303000978-scaled.jpeg\",\"articleSection\":[\"Yucat\u00e1n\"],\"inLanguage\":\"es\"},{\"@type\":\"WebPage\",\"@id\":\"https:\\\/\\\/www.yucatanencorto.com\\\/noticias\\\/intersecciones-seguras-para-peatones-ciclistas-y-conductores-con-el-programa-conjunto-de-mejora-a-la-movilidad-y-la-infraestructura-vial-en-merida\\\/\",\"url\":\"https:\\\/\\\/www.yucatanencorto.com\\\/noticias\\\/intersecciones-seguras-para-peatones-ciclistas-y-conductores-con-el-programa-conjunto-de-mejora-a-la-movilidad-y-la-infraestructura-vial-en-merida\\\/\",\"name\":\"Intersecciones seguras para peatones, ciclistas y conductores, con el Programa Conjunto de Mejora a la Movilidad y la Infraestructura Vial en M\u00e9rida - Yucat\u00e1n en corto\",\"isPartOf\":{\"@id\":\"https:\\\/\\\/www.yucatanencorto.com\\\/noticias\\\/#website\"},\"primaryImageOfPage\":{\"@id\":\"https:\\\/\\\/www.yucatanencorto.com\\\/noticias\\\/intersecciones-seguras-para-peatones-ciclistas-y-conductores-con-el-programa-conjunto-de-mejora-a-la-movilidad-y-la-infraestructura-vial-en-merida\\\/#primaryimage\"},\"image\":{\"@id\":\"https:\\\/\\\/www.yucatanencorto.com\\\/noticias\\\/intersecciones-seguras-para-peatones-ciclistas-y-conductores-con-el-programa-conjunto-de-mejora-a-la-movilidad-y-la-infraestructura-vial-en-merida\\\/#primaryimage\"},\"thumbnailUrl\":\"https:\\\/\\\/www.yucatanencorto.com\\\/noticias\\\/wp-content\\\/uploads\\\/2021\\\/02\\\/ECBEDFD2-B627-4FA7-A6E7-F6B303000978-scaled.jpeg\",\"datePublished\":\"2021-02-14T02:54:30+00:00\",\"author\":{\"@id\":\"https:\\\/\\\/www.yucatanencorto.com\\\/noticias\\\/#\\\/schema\\\/person\\\/14f82d355225a1f4075dd84a31f45a72\"},\"breadcrumb\":{\"@id\":\"https:\\\/\\\/www.yucatanencorto.com\\\/noticias\\\/intersecciones-seguras-para-peatones-ciclistas-y-conductores-con-el-programa-conjunto-de-mejora-a-la-movilidad-y-la-infraestructura-vial-en-merida\\\/#breadcrumb\"},\"inLanguage\":\"es\",\"potentialAction\":[{\"@type\":\"ReadAction\",\"target\":[\"https:\\\/\\\/www.yucatanencorto.com\\\/noticias\\\/intersecciones-seguras-para-peatones-ciclistas-y-conductores-con-el-programa-conjunto-de-mejora-a-la-movilidad-y-la-infraestructura-vial-en-merida\\\/\"]}]},{\"@type\":\"ImageObject\",\"inLanguage\":\"es\",\"@id\":\"https:\\\/\\\/www.yucatanencorto.com\\\/noticias\\\/intersecciones-seguras-para-peatones-ciclistas-y-conductores-con-el-programa-conjunto-de-mejora-a-la-movilidad-y-la-infraestructura-vial-en-merida\\\/#primaryimage\",\"url\":\"https:\\\/\\\/www.yucatanencorto.com\\\/noticias\\\/wp-content\\\/uploads\\\/2021\\\/02\\\/ECBEDFD2-B627-4FA7-A6E7-F6B303000978-scaled.jpeg\",\"contentUrl\":\"https:\\\/\\\/www.yucatanencorto.com\\\/noticias\\\/wp-content\\\/uploads\\\/2021\\\/02\\\/ECBEDFD2-B627-4FA7-A6E7-F6B303000978-scaled.jpeg\",\"width\":768,\"height\":432},{\"@type\":\"BreadcrumbList\",\"@id\":\"https:\\\/\\\/www.yucatanencorto.com\\\/noticias\\\/intersecciones-seguras-para-peatones-ciclistas-y-conductores-con-el-programa-conjunto-de-mejora-a-la-movilidad-y-la-infraestructura-vial-en-merida\\\/#breadcrumb\",\"itemListElement\":[{\"@type\":\"ListItem\",\"position\":1,\"name\":\"Portada\",\"item\":\"https:\\\/\\\/www.yucatanencorto.com\\\/noticias\\\/\"},{\"@type\":\"ListItem\",\"position\":2,\"name\":\"Intersecciones seguras para peatones, ciclistas y conductores, con el Programa Conjunto de Mejora a la Movilidad y la Infraestructura Vial en M\u00e9rida\"}]},{\"@type\":\"WebSite\",\"@id\":\"https:\\\/\\\/www.yucatanencorto.com\\\/noticias\\\/#website\",\"url\":\"https:\\\/\\\/www.yucatanencorto.com\\\/noticias\\\/\",\"name\":\"Yucat\u00e1n en corto\",\"description\":\"Noticias\",\"potentialAction\":[{\"@type\":\"SearchAction\",\"target\":{\"@type\":\"EntryPoint\",\"urlTemplate\":\"https:\\\/\\\/www.yucatanencorto.com\\\/noticias\\\/?s={search_term_string}\"},\"query-input\":{\"@type\":\"PropertyValueSpecification\",\"valueRequired\":true,\"valueName\":\"search_term_string\"}}],\"inLanguage\":\"es\"},{\"@type\":\"Person\",\"@id\":\"https:\\\/\\\/www.yucatanencorto.com\\\/noticias\\\/#\\\/schema\\\/person\\\/14f82d355225a1f4075dd84a31f45a72\",\"name\":\"Yucat\u00e1n en Corto FC\",\"image\":{\"@type\":\"ImageObject\",\"inLanguage\":\"es\",\"@id\":\"https:\\\/\\\/secure.gravatar.com\\\/avatar\\\/147d4b30cd728c53c29c49a3f7834dedca33707f4cd259761355846009a88250?s=96&d=mm&r=g\",\"url\":\"https:\\\/\\\/secure.gravatar.com\\\/avatar\\\/147d4b30cd728c53c29c49a3f7834dedca33707f4cd259761355846009a88250?s=96&d=mm&r=g\",\"contentUrl\":\"https:\\\/\\\/secure.gravatar.com\\\/avatar\\\/147d4b30cd728c53c29c49a3f7834dedca33707f4cd259761355846009a88250?s=96&d=mm&r=g\",\"caption\":\"Yucat\u00e1n en Corto FC\"},\"url\":\"https:\\\/\\\/www.yucatanencorto.com\\\/noticias\\\/author\\\/flor\\\/\"}]}<\/script>\n<!-- \/ Yoast SEO plugin. -->","yoast_head_json":{"title":"Intersecciones seguras para peatones, ciclistas y conductores, con el Programa Conjunto de Mejora a la Movilidad y la Infraestructura Vial en M\u00e9rida - Yucat\u00e1n en corto","robots":{"index":"index","follow":"follow","max-snippet":"max-snippet:-1","max-image-preview":"max-image-preview:large","max-video-preview":"max-video-preview:-1"},"canonical":"https:\/\/www.yucatanencorto.com\/noticias\/intersecciones-seguras-para-peatones-ciclistas-y-conductores-con-el-programa-conjunto-de-mejora-a-la-movilidad-y-la-infraestructura-vial-en-merida\/","og_locale":"es_ES","og_type":"article","og_title":"Intersecciones seguras para peatones, ciclistas y conductores, con el Programa Conjunto de Mejora a la Movilidad y la Infraestructura Vial en M\u00e9rida - Yucat\u00e1n en corto","og_description":"M\u00e9rida, Yucat\u00e1n, 13 de febrero de 2020.- La interacci\u00f3n vial en M\u00e9rida ser\u00e1 m\u00e1s \u00e1gil y con mayor seguridad mediante la intervenci\u00f3n que el Gobierno del Estado y el Ayuntamiento de esta ciudad realizar\u00e1n en 16 cruces y glorietas que registran el mayor tr\u00e1fico vehicular en la urbe para convertirlas en intersecciones m\u00e1s seguras, como [&hellip;]","og_url":"https:\/\/www.yucatanencorto.com\/noticias\/intersecciones-seguras-para-peatones-ciclistas-y-conductores-con-el-programa-conjunto-de-mejora-a-la-movilidad-y-la-infraestructura-vial-en-merida\/","og_site_name":"Yucat\u00e1n en corto","article_publisher":"http:\/\/www.facebook.com\/yucatanencorto","article_published_time":"2021-02-14T02:54:30+00:00","og_image":[{"width":768,"height":432,"url":"https:\/\/www.yucatanencorto.com\/noticias\/wp-content\/uploads\/2021\/02\/ECBEDFD2-B627-4FA7-A6E7-F6B303000978-scaled.jpeg","type":"image\/jpeg"}],"author":"Yucat\u00e1n en Corto FC","twitter_card":"summary_large_image","twitter_creator":"@yucatanencorto","twitter_site":"@yucatanencorto","twitter_misc":{"Escrito por":"Yucat\u00e1n en Corto FC","Tiempo de lectura":"4 minutos"},"schema":{"@context":"https:\/\/schema.org","@graph":[{"@type":"Article","@id":"https:\/\/www.yucatanencorto.com\/noticias\/intersecciones-seguras-para-peatones-ciclistas-y-conductores-con-el-programa-conjunto-de-mejora-a-la-movilidad-y-la-infraestructura-vial-en-merida\/#article","isPartOf":{"@id":"https:\/\/www.yucatanencorto.com\/noticias\/intersecciones-seguras-para-peatones-ciclistas-y-conductores-con-el-programa-conjunto-de-mejora-a-la-movilidad-y-la-infraestructura-vial-en-merida\/"},"author":{"name":"Yucat\u00e1n en Corto FC","@id":"https:\/\/www.yucatanencorto.com\/noticias\/#\/schema\/person\/14f82d355225a1f4075dd84a31f45a72"},"headline":"Intersecciones seguras para peatones, ciclistas y conductores, con el Programa Conjunto de Mejora a la Movilidad y la Infraestructura Vial en M\u00e9rida","datePublished":"2021-02-14T02:54:30+00:00","mainEntityOfPage":{"@id":"https:\/\/www.yucatanencorto.com\/noticias\/intersecciones-seguras-para-peatones-ciclistas-y-conductores-con-el-programa-conjunto-de-mejora-a-la-movilidad-y-la-infraestructura-vial-en-merida\/"},"wordCount":932,"image":{"@id":"https:\/\/www.yucatanencorto.com\/noticias\/intersecciones-seguras-para-peatones-ciclistas-y-conductores-con-el-programa-conjunto-de-mejora-a-la-movilidad-y-la-infraestructura-vial-en-merida\/#primaryimage"},"thumbnailUrl":"https:\/\/www.yucatanencorto.com\/noticias\/wp-content\/uploads\/2021\/02\/ECBEDFD2-B627-4FA7-A6E7-F6B303000978-scaled.jpeg","articleSection":["Yucat\u00e1n"],"inLanguage":"es"},{"@type":"WebPage","@id":"https:\/\/www.yucatanencorto.com\/noticias\/intersecciones-seguras-para-peatones-ciclistas-y-conductores-con-el-programa-conjunto-de-mejora-a-la-movilidad-y-la-infraestructura-vial-en-merida\/","url":"https:\/\/www.yucatanencorto.com\/noticias\/intersecciones-seguras-para-peatones-ciclistas-y-conductores-con-el-programa-conjunto-de-mejora-a-la-movilidad-y-la-infraestructura-vial-en-merida\/","name":"Intersecciones seguras para peatones, ciclistas y conductores, con el Programa Conjunto de Mejora a la Movilidad y la Infraestructura Vial en M\u00e9rida - Yucat\u00e1n en corto","isPartOf":{"@id":"https:\/\/www.yucatanencorto.com\/noticias\/#website"},"primaryImageOfPage":{"@id":"https:\/\/www.yucatanencorto.com\/noticias\/intersecciones-seguras-para-peatones-ciclistas-y-conductores-con-el-programa-conjunto-de-mejora-a-la-movilidad-y-la-infraestructura-vial-en-merida\/#primaryimage"},"image":{"@id":"https:\/\/www.yucatanencorto.com\/noticias\/intersecciones-seguras-para-peatones-ciclistas-y-conductores-con-el-programa-conjunto-de-mejora-a-la-movilidad-y-la-infraestructura-vial-en-merida\/#primaryimage"},"thumbnailUrl":"https:\/\/www.yucatanencorto.com\/noticias\/wp-content\/uploads\/2021\/02\/ECBEDFD2-B627-4FA7-A6E7-F6B303000978-scaled.jpeg","datePublished":"2021-02-14T02:54:30+00:00","author":{"@id":"https:\/\/www.yucatanencorto.com\/noticias\/#\/schema\/person\/14f82d355225a1f4075dd84a31f45a72"},"breadcrumb":{"@id":"https:\/\/www.yucatanencorto.com\/noticias\/intersecciones-seguras-para-peatones-ciclistas-y-conductores-con-el-programa-conjunto-de-mejora-a-la-movilidad-y-la-infraestructura-vial-en-merida\/#breadcrumb"},"inLanguage":"es","potentialAction":[{"@type":"ReadAction","target":["https:\/\/www.yucatanencorto.com\/noticias\/intersecciones-seguras-para-peatones-ciclistas-y-conductores-con-el-programa-conjunto-de-mejora-a-la-movilidad-y-la-infraestructura-vial-en-merida\/"]}]},{"@type":"ImageObject","inLanguage":"es","@id":"https:\/\/www.yucatanencorto.com\/noticias\/intersecciones-seguras-para-peatones-ciclistas-y-conductores-con-el-programa-conjunto-de-mejora-a-la-movilidad-y-la-infraestructura-vial-en-merida\/#primaryimage","url":"https:\/\/www.yucatanencorto.com\/noticias\/wp-content\/uploads\/2021\/02\/ECBEDFD2-B627-4FA7-A6E7-F6B303000978-scaled.jpeg","contentUrl":"https:\/\/www.yucatanencorto.com\/noticias\/wp-content\/uploads\/2021\/02\/ECBEDFD2-B627-4FA7-A6E7-F6B303000978-scaled.jpeg","width":768,"height":432},{"@type":"BreadcrumbList","@id":"https:\/\/www.yucatanencorto.com\/noticias\/intersecciones-seguras-para-peatones-ciclistas-y-conductores-con-el-programa-conjunto-de-mejora-a-la-movilidad-y-la-infraestructura-vial-en-merida\/#breadcrumb","itemListElement":[{"@type":"ListItem","position":1,"name":"Portada","item":"https:\/\/www.yucatanencorto.com\/noticias\/"},{"@type":"ListItem","position":2,"name":"Intersecciones seguras para peatones, ciclistas y conductores, con el Programa Conjunto de Mejora a la Movilidad y la Infraestructura Vial en M\u00e9rida"}]},{"@type":"WebSite","@id":"https:\/\/www.yucatanencorto.com\/noticias\/#website","url":"https:\/\/www.yucatanencorto.com\/noticias\/","name":"Yucat\u00e1n en corto","description":"Noticias","potentialAction":[{"@type":"SearchAction","target":{"@type":"EntryPoint","urlTemplate":"https:\/\/www.yucatanencorto.com\/noticias\/?s={search_term_string}"},"query-input":{"@type":"PropertyValueSpecification","valueRequired":true,"valueName":"search_term_string"}}],"inLanguage":"es"},{"@type":"Person","@id":"https:\/\/www.yucatanencorto.com\/noticias\/#\/schema\/person\/14f82d355225a1f4075dd84a31f45a72","name":"Yucat\u00e1n en Corto FC","image":{"@type":"ImageObject","inLanguage":"es","@id":"https:\/\/secure.gravatar.com\/avatar\/147d4b30cd728c53c29c49a3f7834dedca33707f4cd259761355846009a88250?s=96&d=mm&r=g","url":"https:\/\/secure.gravatar.com\/avatar\/147d4b30cd728c53c29c49a3f7834dedca33707f4cd259761355846009a88250?s=96&d=mm&r=g","contentUrl":"https:\/\/secure.gravatar.com\/avatar\/147d4b30cd728c53c29c49a3f7834dedca33707f4cd259761355846009a88250?s=96&d=mm&r=g","caption":"Yucat\u00e1n en Corto FC"},"url":"https:\/\/www.yucatanencorto.com\/noticias\/author\/flor\/"}]}},"_links":{"self":[{"href":"https:\/\/www.yucatanencorto.com\/noticias\/wp-json\/wp\/v2\/posts\/70089","targetHints":{"allow":["GET"]}}],"collection":[{"href":"https:\/\/www.yucatanencorto.com\/noticias\/wp-json\/wp\/v2\/posts"}],"about":[{"href":"https:\/\/www.yucatanencorto.com\/noticias\/wp-json\/wp\/v2\/types\/post"}],"author":[{"embeddable":true,"href":"https:\/\/www.yucatanencorto.com\/noticias\/wp-json\/wp\/v2\/users\/2"}],"replies":[{"embeddable":true,"href":"https:\/\/www.yucatanencorto.com\/noticias\/wp-json\/wp\/v2\/comments?post=70089"}],"version-history":[{"count":0,"href":"https:\/\/www.yucatanencorto.com\/noticias\/wp-json\/wp\/v2\/posts\/70089\/revisions"}],"wp:featuredmedia":[{"embeddable":true,"href":"https:\/\/www.yucatanencorto.com\/noticias\/wp-json\/wp\/v2\/media\/70090"}],"wp:attachment":[{"href":"https:\/\/www.yucatanencorto.com\/noticias\/wp-json\/wp\/v2\/media?parent=70089"}],"wp:term":[{"taxonomy":"category","embeddable":true,"href":"https:\/\/www.yucatanencorto.com\/noticias\/wp-json\/wp\/v2\/categories?post=70089"},{"taxonomy":"post_tag","embeddable":true,"href":"https:\/\/www.yucatanencorto.com\/noticias\/wp-json\/wp\/v2\/tags?post=70089"}],"curies":[{"name":"wp","href":"https:\/\/api.w.org\/{rel}","templated":true}]}}