{"id":70092,"date":"2021-02-14T20:03:16","date_gmt":"2021-02-15T02:03:16","guid":{"rendered":"https:\/\/www.yucatanencorto.com\/noticias\/?p=70092"},"modified":"2021-02-14T20:03:16","modified_gmt":"2021-02-15T02:03:16","slug":"obras-de-repavimentacion-del-anillo-de-periferico-de-merida-y-de-pavimentacion-de-sus-calles-aledanas-mejoraran-y-volveran-mas-segura-la-movilidad-en-la-ciudad","status":"publish","type":"post","link":"https:\/\/www.yucatanencorto.com\/noticias\/obras-de-repavimentacion-del-anillo-de-periferico-de-merida-y-de-pavimentacion-de-sus-calles-aledanas-mejoraran-y-volveran-mas-segura-la-movilidad-en-la-ciudad\/","title":{"rendered":"Obras de repavimentaci\u00f3n del Anillo de Perif\u00e9rico de M\u00e9rida y de pavimentaci\u00f3n de sus calles aleda\u00f1as mejorar\u00e1n y volver\u00e1n m\u00e1s segura la movilidad en la ciudad"},"content":{"rendered":"<div dir=\"ltr\">\n<p><span data-removefontsize=\"true\" data-originalcomputedfontsize=\"16\"><img loading=\"lazy\" decoding=\"async\" class=\"alignnone size-full wp-image-70093\" src=\"https:\/\/www.yucatanencorto.com\/noticias\/wp-content\/uploads\/2021\/02\/528235A8-EFA9-4FB3-BCB7-EEFC44C3A52D-scaled.jpeg\" alt=\"\" width=\"768\" height=\"512\" srcset=\"https:\/\/www.yucatanencorto.com\/noticias\/wp-content\/uploads\/2021\/02\/528235A8-EFA9-4FB3-BCB7-EEFC44C3A52D-scaled.jpeg 768w, https:\/\/www.yucatanencorto.com\/noticias\/wp-content\/uploads\/2021\/02\/528235A8-EFA9-4FB3-BCB7-EEFC44C3A52D-696x464.jpeg 696w, https:\/\/www.yucatanencorto.com\/noticias\/wp-content\/uploads\/2021\/02\/528235A8-EFA9-4FB3-BCB7-EEFC44C3A52D-1068x712.jpeg 1068w, https:\/\/www.yucatanencorto.com\/noticias\/wp-content\/uploads\/2021\/02\/528235A8-EFA9-4FB3-BCB7-EEFC44C3A52D-630x420.jpeg 630w\" sizes=\"auto, (max-width: 768px) 100vw, 768px\" \/>M\u00e9rida, Yucat\u00e1n, 14 de febrero de 2021.- Como parte del Programa Conjunto de Mejora a la Movilidad y la Infraestructura Vial que impulsan el Gobernador Mauricio Vila Dosal y el alcalde de esta ciudad, Ren\u00e1n Barrera Concha, se estar\u00e1n repavimentando 10 kil\u00f3metros cr\u00edticos del Anillo Perif\u00e9rico de M\u00e9rida y se pavimentar\u00e1n 21 kil\u00f3metros de calles al interior de la misma, proyectos que contribuir\u00e1n a una circulaci\u00f3n m\u00e1s \u00e1gil y segura.<\/span><\/p>\n<p>&nbsp;<\/p>\n<p><span data-removefontsize=\"true\" data-originalcomputedfontsize=\"16\">Ambas acciones surgen como respuesta al significativo crecimiento que ha tenido M\u00e9rida en los \u00faltimos 10 a\u00f1os, por lo que Vila Dosal y Barrera Concha se decidieron a sumar esfuerzos, en el marco de la Agenda 2050, con el objetivo de mejorar la calidad de la poblaci\u00f3n y atender las necesidades de infraestructura con miras a construir la ciudad del futuro.<\/span><\/p>\n<p>&nbsp;<\/p>\n<p><span data-removefontsize=\"true\" data-originalcomputedfontsize=\"16\">En atenci\u00f3n a una de las problem\u00e1ticas m\u00e1s sentidas e impostergables para mejorar significativamente la movilidad en el Anillo Perif\u00e9rico de M\u00e9rida, se estar\u00e1n repavimentando, de manera inicial, 10 kil\u00f3metros cr\u00edticos de esta arteria, lo que se estar\u00e1 haciendo a trav\u00e9s de una inversi\u00f3n de 50 millones de pesos.<\/span><\/p>\n<p>&nbsp;<\/p>\n<p><span data-removefontsize=\"true\" data-originalcomputedfontsize=\"16\">Aunque se trata de una v\u00eda federal, el Gobernador y el alcalde de M\u00e9rida decidieron considerar su repavimentaci\u00f3n dentro del Programa Conjunto de Mejora a la Movilidad y la Infraestructura Vial debido a que no se han recibido recursos para su rehabilitaci\u00f3n, adem\u00e1s de que es una de las arterias en donde se registran mayor n\u00famero de accidentes, por lo que su intervenci\u00f3n se ha vuelto una necesidad que no puede ser aplazada ante el exponencial crecimiento que la ciudad ha presentado en los \u00faltimos a\u00f1os.<\/span><\/p>\n<p>&nbsp;<\/p>\n<p><span data-removefontsize=\"true\" data-originalcomputedfontsize=\"16\">El Anillo Perif\u00e9rico de la ciudad de M\u00e9rida cuenta con una longitud de casi 50 kil\u00f3metros, por cada cuerpo de la v\u00eda, por lo que se decidi\u00f3 dar el primer paso para su mejoramiento e intervenir, de manera inicial, los primeros 10 kil\u00f3metros cr\u00edticos, esperando a que el Gobierno Federal pueda sumarse a este proyecto para poder abarcar una mayor distancia.<\/span><\/p>\n<p>&nbsp;<\/p>\n<p><span data-removefontsize=\"true\" data-originalcomputedfontsize=\"16\">Se estar\u00e1 interviniendo el cuerpo interior del Anillo Perif\u00e9rico de M\u00e9rida en los siguientes tramos: del kil\u00f3metro 6+500 metros antes del Paso Superior Vehicular de la calle 86 hasta antes de subir la rampa del Paso Superior Vehicular de la calle 86; desde frente a Soluci\u00f3n N\u00e1utica hasta gasolinera antes de Torre Ori\u00f3n; del Paso Inferior Vehicular hacia Celest\u00fan hasta 200 metros antes del CEDIS YZA; y desde los bajos del Paso Inferior Vehicular de Um\u00e1n hasta 100 metros despu\u00e9s de los rieles del ferrocarril.<\/span><\/p>\n<p>&nbsp;<\/p>\n<p><span data-removefontsize=\"true\" data-originalcomputedfontsize=\"16\">De igual forma, se estar\u00e1 trabajando en los tramos que van desde donde se encuentra el negocio de gr\u00faas Monarca hasta 500 metros antes de la rampa del Paso Superior Vehicular de la calle 86; de la gasolinera antes de Torre Ori\u00f3n a donde est\u00e1 ubicado Torre Ori\u00f3n; desde 200 metros antes del CEDIS YZA hasta las bodegas de Liverpool; y desde 400 metros despu\u00e9s del Motel Eros hasta 120 metros despu\u00e9s del Motel Moon.<\/span><\/p>\n<p>&nbsp;<\/p>\n<p><span data-removefontsize=\"true\" data-originalcomputedfontsize=\"16\">Al exterior de esta v\u00eda, se estar\u00e1n repavimentando las siguientes distancias: desde frente a las oficinas de CEMEX hasta la altura de las oficinas de Ciltra; de Hotel Villas Verde al frente de la tienda de impermeabilizantes Curacreto; de donde se encuentra la empresa Mido hasta 100 metros despu\u00e9s de Cotolengo; desde 600 metros antes del Interceramic hasta la rampa de Paso Superior Vehicular de Sodzil Norte; y, por \u00faltimo, desde 100 metros despu\u00e9s del Se\u00f1orial Moteles Gran Lujo hasta la rampa del Paseo Superior Vehicular de Caucel. Tambi\u00e9n se estar\u00e1n repavimentando la distancia que va desde 100 metros despu\u00e9s de Cotolengo hasta la rampa del Paso Superior Vehicular hacia Motul (Avenida Yucat\u00e1n).<\/span><\/p>\n<p>&nbsp;<\/p>\n<p><span data-removefontsize=\"true\" data-originalcomputedfontsize=\"16\">Al respecto, se explic\u00f3 que este proyecto no contempla la intervenci\u00f3n a ambos carriles de los tramos considerados, sino que se estar\u00e1 dando prioridad a aquellos donde se han detectado da\u00f1os m\u00e1s importantes y que requieren la atenci\u00f3n con urgencia.<\/span><\/p>\n<p>&nbsp;<\/p>\n<p><span data-removefontsize=\"true\" data-originalcomputedfontsize=\"16\">Asimismo, dentro del Programa Conjunto, se incluye la pavimentaci\u00f3n de las calles al interior del anillo perif\u00e9rico, lo cual es parte del compromiso hecho por el Gobernador y el alcalde meridano en la agenda M\u00e9rida 2050 y por tal raz\u00f3n, este a\u00f1o se invertir\u00e1n 105 millones de pesos para repavimentar 21 kil\u00f3metros de calles ubicadas interior del anillo perif\u00e9rico, con lo que se mejorar\u00e1 el flujo vehicular, las condiciones viales y los tiempos de traslado y, adem\u00e1s, seguir\u00e1 impulsando la generaci\u00f3n de fuentes de empleo.<\/span><\/p>\n<p>&nbsp;<\/p>\n<p><span data-removefontsize=\"true\" data-originalcomputedfontsize=\"16\">Cabe recordar que, en 2020, el Gobierno del Estado y el Ayuntamiento de M\u00e9rida realizaron trabajos de repavimentaci\u00f3n en 35.7 kil\u00f3metros de calles al interior del Anillo Perif\u00e9rico de esta ciudad, como parte de la misma agenda.<\/span><\/p>\n<p>&nbsp;<\/p>\n<p><span data-removefontsize=\"true\" data-originalcomputedfontsize=\"16\">Dichas obras representaron en conjunto una inversi\u00f3n de casi 124 millones de pesos para mejorar la calidad de vida de los habitantes de 18 colonias y fraccionamientos de M\u00e9rida, as\u00ed como para eficientar el flujo vial en esas zonas. Los trabajos conjuntos incluyeron obras complementarias de drenaje pluvial, se\u00f1alamientos, guarniciones y relleno para banquetas.<\/span><\/p>\n<p>&nbsp;<\/p>\n<p><span data-removefontsize=\"true\" data-originalcomputedfontsize=\"16\">Estas acciones forman parte de la serie de proyectos en materia de movilidad e infraestructura vial que se estar\u00e1n realizando en el estado como parte de la suma de esfuerzos del Gobierno del Estado y el Ayuntamiento de M\u00e9rida, lo cual se traducir\u00e1n en la generaci\u00f3n de m\u00e1s de 11,000 empleos, entre directos e indirectos, y una inversi\u00f3n total de 760 millones de pesos.<\/span><\/p>\n<p>&nbsp;<\/p>\n<p><span data-removefontsize=\"true\" data-originalcomputedfontsize=\"16\">En ese sentido, el Gobierno del Estado y el Ayuntamiento meridano piden a la ciudadan\u00eda ser pacientes ante los cambios que los trabajos de repavimentaci\u00f3n estar\u00e1n generando, puesto que se trata de algo que estar\u00e1 generando amplios beneficios para todos y se necesita el cambio para seguir mejorando M\u00e9rida. <\/span><\/p>\n<p>&nbsp;<\/p>\n<p><span data-removefontsize=\"true\" data-originalcomputedfontsize=\"16\">Estos proyectos, junto con el impulso de intersecciones seguras mediante la intervenci\u00f3n en 16 cruces y glorietas que registran el mayor tr\u00e1fico en la ciudad, el establecimiento de sem\u00e1foros inteligentes, la instalaci\u00f3n de puentes peatonales, forman parte del Programa Conjunto de Mejora a la Movilidad y la Infraestructura Vial, el cual se traducir\u00e1n en la generaci\u00f3n de m\u00e1s de 11,000 empleos, entre directos e indirectos, y una inversi\u00f3n total de 760 millones de pesos.<\/span><\/p>\n<p>&nbsp;<\/p>\n<p><span data-removefontsize=\"true\" data-originalcomputedfontsize=\"16\">Asimismo, surgen en respuesta al acelerado crecimiento que ha tenido la capital yucateca en los \u00faltimos 10 a\u00f1os, periodo durante el cual se increment\u00f3 la poblaci\u00f3n en m\u00e1s del 25%, el n\u00famero de veh\u00edculos por habitantes aument\u00f3 m\u00e1s de 45% por lo que se duplic\u00f3 el tr\u00e1fico en esta v\u00eda y la tasa de accidentes se elev\u00f3 m\u00e1s de 163% en la misma d\u00e9cada.<\/span><\/p>\n<\/div>\n","protected":false},"excerpt":{"rendered":"<p>M\u00e9rida, Yucat\u00e1n, 14 de febrero de 2021.- Como parte del Programa Conjunto de Mejora a la Movilidad y la Infraestructura Vial que impulsan el Gobernador Mauricio Vila Dosal y el alcalde de esta ciudad, Ren\u00e1n Barrera Concha, se estar\u00e1n repavimentando 10 kil\u00f3metros cr\u00edticos del Anillo Perif\u00e9rico de M\u00e9rida y se pavimentar\u00e1n 21 kil\u00f3metros de calles [&hellip;]<\/p>\n","protected":false},"author":2,"featured_media":70093,"comment_status":"closed","ping_status":"closed","sticky":false,"template":"","format":"standard","meta":{"footnotes":""},"categories":[3],"tags":[],"class_list":{"0":"post-70092","1":"post","2":"type-post","3":"status-publish","4":"format-standard","5":"has-post-thumbnail","7":"category-yucatan"},"yoast_head":"<!-- This site is optimized with the Yoast SEO plugin v27.5 - https:\/\/yoast.com\/product\/yoast-seo-wordpress\/ -->\n<title>Obras de repavimentaci\u00f3n del Anillo de Perif\u00e9rico de M\u00e9rida y de pavimentaci\u00f3n de sus calles aleda\u00f1as mejorar\u00e1n y volver\u00e1n m\u00e1s segura la movilidad en la ciudad - Yucat\u00e1n en corto<\/title>\n<meta name=\"robots\" content=\"index, follow, max-snippet:-1, max-image-preview:large, max-video-preview:-1\" \/>\n<link rel=\"canonical\" href=\"https:\/\/www.yucatanencorto.com\/noticias\/obras-de-repavimentacion-del-anillo-de-periferico-de-merida-y-de-pavimentacion-de-sus-calles-aledanas-mejoraran-y-volveran-mas-segura-la-movilidad-en-la-ciudad\/\" \/>\n<meta property=\"og:locale\" content=\"es_ES\" \/>\n<meta property=\"og:type\" content=\"article\" \/>\n<meta property=\"og:title\" content=\"Obras de repavimentaci\u00f3n del Anillo de Perif\u00e9rico de M\u00e9rida y de pavimentaci\u00f3n de sus calles aleda\u00f1as mejorar\u00e1n y volver\u00e1n m\u00e1s segura la movilidad en la ciudad - Yucat\u00e1n en corto\" \/>\n<meta property=\"og:description\" content=\"M\u00e9rida, Yucat\u00e1n, 14 de febrero de 2021.- Como parte del Programa Conjunto de Mejora a la Movilidad y la Infraestructura Vial que impulsan el Gobernador Mauricio Vila Dosal y el alcalde de esta ciudad, Ren\u00e1n Barrera Concha, se estar\u00e1n repavimentando 10 kil\u00f3metros cr\u00edticos del Anillo Perif\u00e9rico de M\u00e9rida y se pavimentar\u00e1n 21 kil\u00f3metros de calles [&hellip;]\" \/>\n<meta property=\"og:url\" content=\"https:\/\/www.yucatanencorto.com\/noticias\/obras-de-repavimentacion-del-anillo-de-periferico-de-merida-y-de-pavimentacion-de-sus-calles-aledanas-mejoraran-y-volveran-mas-segura-la-movilidad-en-la-ciudad\/\" \/>\n<meta property=\"og:site_name\" content=\"Yucat\u00e1n en corto\" \/>\n<meta property=\"article:publisher\" content=\"http:\/\/www.facebook.com\/yucatanencorto\" \/>\n<meta property=\"article:published_time\" content=\"2021-02-15T02:03:16+00:00\" \/>\n<meta property=\"og:image\" content=\"https:\/\/www.yucatanencorto.com\/noticias\/wp-content\/uploads\/2021\/02\/528235A8-EFA9-4FB3-BCB7-EEFC44C3A52D-scaled.jpeg\" \/>\n\t<meta property=\"og:image:width\" content=\"768\" \/>\n\t<meta property=\"og:image:height\" content=\"512\" \/>\n\t<meta property=\"og:image:type\" content=\"image\/jpeg\" \/>\n<meta name=\"author\" content=\"Yucat\u00e1n en Corto FC\" \/>\n<meta name=\"twitter:card\" content=\"summary_large_image\" \/>\n<meta name=\"twitter:creator\" content=\"@yucatanencorto\" \/>\n<meta name=\"twitter:site\" content=\"@yucatanencorto\" \/>\n<meta name=\"twitter:label1\" content=\"Escrito por\" \/>\n\t<meta name=\"twitter:data1\" content=\"Yucat\u00e1n en Corto FC\" \/>\n\t<meta name=\"twitter:label2\" content=\"Tiempo de lectura\" \/>\n\t<meta name=\"twitter:data2\" content=\"5 minutos\" \/>\n<script type=\"application\/ld+json\" class=\"yoast-schema-graph\">{\"@context\":\"https:\\\/\\\/schema.org\",\"@graph\":[{\"@type\":\"Article\",\"@id\":\"https:\\\/\\\/www.yucatanencorto.com\\\/noticias\\\/obras-de-repavimentacion-del-anillo-de-periferico-de-merida-y-de-pavimentacion-de-sus-calles-aledanas-mejoraran-y-volveran-mas-segura-la-movilidad-en-la-ciudad\\\/#article\",\"isPartOf\":{\"@id\":\"https:\\\/\\\/www.yucatanencorto.com\\\/noticias\\\/obras-de-repavimentacion-del-anillo-de-periferico-de-merida-y-de-pavimentacion-de-sus-calles-aledanas-mejoraran-y-volveran-mas-segura-la-movilidad-en-la-ciudad\\\/\"},\"author\":{\"name\":\"Yucat\u00e1n en Corto FC\",\"@id\":\"https:\\\/\\\/www.yucatanencorto.com\\\/noticias\\\/#\\\/schema\\\/person\\\/14f82d355225a1f4075dd84a31f45a72\"},\"headline\":\"Obras de repavimentaci\u00f3n del Anillo de Perif\u00e9rico de M\u00e9rida y de pavimentaci\u00f3n de sus calles aleda\u00f1as mejorar\u00e1n y volver\u00e1n m\u00e1s segura la movilidad en la ciudad\",\"datePublished\":\"2021-02-15T02:03:16+00:00\",\"mainEntityOfPage\":{\"@id\":\"https:\\\/\\\/www.yucatanencorto.com\\\/noticias\\\/obras-de-repavimentacion-del-anillo-de-periferico-de-merida-y-de-pavimentacion-de-sus-calles-aledanas-mejoraran-y-volveran-mas-segura-la-movilidad-en-la-ciudad\\\/\"},\"wordCount\":1189,\"image\":{\"@id\":\"https:\\\/\\\/www.yucatanencorto.com\\\/noticias\\\/obras-de-repavimentacion-del-anillo-de-periferico-de-merida-y-de-pavimentacion-de-sus-calles-aledanas-mejoraran-y-volveran-mas-segura-la-movilidad-en-la-ciudad\\\/#primaryimage\"},\"thumbnailUrl\":\"https:\\\/\\\/www.yucatanencorto.com\\\/noticias\\\/wp-content\\\/uploads\\\/2021\\\/02\\\/528235A8-EFA9-4FB3-BCB7-EEFC44C3A52D-scaled.jpeg\",\"articleSection\":[\"Yucat\u00e1n\"],\"inLanguage\":\"es\"},{\"@type\":\"WebPage\",\"@id\":\"https:\\\/\\\/www.yucatanencorto.com\\\/noticias\\\/obras-de-repavimentacion-del-anillo-de-periferico-de-merida-y-de-pavimentacion-de-sus-calles-aledanas-mejoraran-y-volveran-mas-segura-la-movilidad-en-la-ciudad\\\/\",\"url\":\"https:\\\/\\\/www.yucatanencorto.com\\\/noticias\\\/obras-de-repavimentacion-del-anillo-de-periferico-de-merida-y-de-pavimentacion-de-sus-calles-aledanas-mejoraran-y-volveran-mas-segura-la-movilidad-en-la-ciudad\\\/\",\"name\":\"Obras de repavimentaci\u00f3n del Anillo de Perif\u00e9rico de M\u00e9rida y de pavimentaci\u00f3n de sus calles aleda\u00f1as mejorar\u00e1n y volver\u00e1n m\u00e1s segura la movilidad en la ciudad - Yucat\u00e1n en corto\",\"isPartOf\":{\"@id\":\"https:\\\/\\\/www.yucatanencorto.com\\\/noticias\\\/#website\"},\"primaryImageOfPage\":{\"@id\":\"https:\\\/\\\/www.yucatanencorto.com\\\/noticias\\\/obras-de-repavimentacion-del-anillo-de-periferico-de-merida-y-de-pavimentacion-de-sus-calles-aledanas-mejoraran-y-volveran-mas-segura-la-movilidad-en-la-ciudad\\\/#primaryimage\"},\"image\":{\"@id\":\"https:\\\/\\\/www.yucatanencorto.com\\\/noticias\\\/obras-de-repavimentacion-del-anillo-de-periferico-de-merida-y-de-pavimentacion-de-sus-calles-aledanas-mejoraran-y-volveran-mas-segura-la-movilidad-en-la-ciudad\\\/#primaryimage\"},\"thumbnailUrl\":\"https:\\\/\\\/www.yucatanencorto.com\\\/noticias\\\/wp-content\\\/uploads\\\/2021\\\/02\\\/528235A8-EFA9-4FB3-BCB7-EEFC44C3A52D-scaled.jpeg\",\"datePublished\":\"2021-02-15T02:03:16+00:00\",\"author\":{\"@id\":\"https:\\\/\\\/www.yucatanencorto.com\\\/noticias\\\/#\\\/schema\\\/person\\\/14f82d355225a1f4075dd84a31f45a72\"},\"breadcrumb\":{\"@id\":\"https:\\\/\\\/www.yucatanencorto.com\\\/noticias\\\/obras-de-repavimentacion-del-anillo-de-periferico-de-merida-y-de-pavimentacion-de-sus-calles-aledanas-mejoraran-y-volveran-mas-segura-la-movilidad-en-la-ciudad\\\/#breadcrumb\"},\"inLanguage\":\"es\",\"potentialAction\":[{\"@type\":\"ReadAction\",\"target\":[\"https:\\\/\\\/www.yucatanencorto.com\\\/noticias\\\/obras-de-repavimentacion-del-anillo-de-periferico-de-merida-y-de-pavimentacion-de-sus-calles-aledanas-mejoraran-y-volveran-mas-segura-la-movilidad-en-la-ciudad\\\/\"]}]},{\"@type\":\"ImageObject\",\"inLanguage\":\"es\",\"@id\":\"https:\\\/\\\/www.yucatanencorto.com\\\/noticias\\\/obras-de-repavimentacion-del-anillo-de-periferico-de-merida-y-de-pavimentacion-de-sus-calles-aledanas-mejoraran-y-volveran-mas-segura-la-movilidad-en-la-ciudad\\\/#primaryimage\",\"url\":\"https:\\\/\\\/www.yucatanencorto.com\\\/noticias\\\/wp-content\\\/uploads\\\/2021\\\/02\\\/528235A8-EFA9-4FB3-BCB7-EEFC44C3A52D-scaled.jpeg\",\"contentUrl\":\"https:\\\/\\\/www.yucatanencorto.com\\\/noticias\\\/wp-content\\\/uploads\\\/2021\\\/02\\\/528235A8-EFA9-4FB3-BCB7-EEFC44C3A52D-scaled.jpeg\",\"width\":768,\"height\":512},{\"@type\":\"BreadcrumbList\",\"@id\":\"https:\\\/\\\/www.yucatanencorto.com\\\/noticias\\\/obras-de-repavimentacion-del-anillo-de-periferico-de-merida-y-de-pavimentacion-de-sus-calles-aledanas-mejoraran-y-volveran-mas-segura-la-movilidad-en-la-ciudad\\\/#breadcrumb\",\"itemListElement\":[{\"@type\":\"ListItem\",\"position\":1,\"name\":\"Portada\",\"item\":\"https:\\\/\\\/www.yucatanencorto.com\\\/noticias\\\/\"},{\"@type\":\"ListItem\",\"position\":2,\"name\":\"Obras de repavimentaci\u00f3n del Anillo de Perif\u00e9rico de M\u00e9rida y de pavimentaci\u00f3n de sus calles aleda\u00f1as mejorar\u00e1n y volver\u00e1n m\u00e1s segura la movilidad en la ciudad\"}]},{\"@type\":\"WebSite\",\"@id\":\"https:\\\/\\\/www.yucatanencorto.com\\\/noticias\\\/#website\",\"url\":\"https:\\\/\\\/www.yucatanencorto.com\\\/noticias\\\/\",\"name\":\"Yucat\u00e1n en corto\",\"description\":\"Noticias\",\"potentialAction\":[{\"@type\":\"SearchAction\",\"target\":{\"@type\":\"EntryPoint\",\"urlTemplate\":\"https:\\\/\\\/www.yucatanencorto.com\\\/noticias\\\/?s={search_term_string}\"},\"query-input\":{\"@type\":\"PropertyValueSpecification\",\"valueRequired\":true,\"valueName\":\"search_term_string\"}}],\"inLanguage\":\"es\"},{\"@type\":\"Person\",\"@id\":\"https:\\\/\\\/www.yucatanencorto.com\\\/noticias\\\/#\\\/schema\\\/person\\\/14f82d355225a1f4075dd84a31f45a72\",\"name\":\"Yucat\u00e1n en Corto FC\",\"image\":{\"@type\":\"ImageObject\",\"inLanguage\":\"es\",\"@id\":\"https:\\\/\\\/secure.gravatar.com\\\/avatar\\\/147d4b30cd728c53c29c49a3f7834dedca33707f4cd259761355846009a88250?s=96&d=mm&r=g\",\"url\":\"https:\\\/\\\/secure.gravatar.com\\\/avatar\\\/147d4b30cd728c53c29c49a3f7834dedca33707f4cd259761355846009a88250?s=96&d=mm&r=g\",\"contentUrl\":\"https:\\\/\\\/secure.gravatar.com\\\/avatar\\\/147d4b30cd728c53c29c49a3f7834dedca33707f4cd259761355846009a88250?s=96&d=mm&r=g\",\"caption\":\"Yucat\u00e1n en Corto FC\"},\"url\":\"https:\\\/\\\/www.yucatanencorto.com\\\/noticias\\\/author\\\/flor\\\/\"}]}<\/script>\n<!-- \/ Yoast SEO plugin. -->","yoast_head_json":{"title":"Obras de repavimentaci\u00f3n del Anillo de Perif\u00e9rico de M\u00e9rida y de pavimentaci\u00f3n de sus calles aleda\u00f1as mejorar\u00e1n y volver\u00e1n m\u00e1s segura la movilidad en la ciudad - Yucat\u00e1n en corto","robots":{"index":"index","follow":"follow","max-snippet":"max-snippet:-1","max-image-preview":"max-image-preview:large","max-video-preview":"max-video-preview:-1"},"canonical":"https:\/\/www.yucatanencorto.com\/noticias\/obras-de-repavimentacion-del-anillo-de-periferico-de-merida-y-de-pavimentacion-de-sus-calles-aledanas-mejoraran-y-volveran-mas-segura-la-movilidad-en-la-ciudad\/","og_locale":"es_ES","og_type":"article","og_title":"Obras de repavimentaci\u00f3n del Anillo de Perif\u00e9rico de M\u00e9rida y de pavimentaci\u00f3n de sus calles aleda\u00f1as mejorar\u00e1n y volver\u00e1n m\u00e1s segura la movilidad en la ciudad - Yucat\u00e1n en corto","og_description":"M\u00e9rida, Yucat\u00e1n, 14 de febrero de 2021.- Como parte del Programa Conjunto de Mejora a la Movilidad y la Infraestructura Vial que impulsan el Gobernador Mauricio Vila Dosal y el alcalde de esta ciudad, Ren\u00e1n Barrera Concha, se estar\u00e1n repavimentando 10 kil\u00f3metros cr\u00edticos del Anillo Perif\u00e9rico de M\u00e9rida y se pavimentar\u00e1n 21 kil\u00f3metros de calles [&hellip;]","og_url":"https:\/\/www.yucatanencorto.com\/noticias\/obras-de-repavimentacion-del-anillo-de-periferico-de-merida-y-de-pavimentacion-de-sus-calles-aledanas-mejoraran-y-volveran-mas-segura-la-movilidad-en-la-ciudad\/","og_site_name":"Yucat\u00e1n en corto","article_publisher":"http:\/\/www.facebook.com\/yucatanencorto","article_published_time":"2021-02-15T02:03:16+00:00","og_image":[{"width":768,"height":512,"url":"https:\/\/www.yucatanencorto.com\/noticias\/wp-content\/uploads\/2021\/02\/528235A8-EFA9-4FB3-BCB7-EEFC44C3A52D-scaled.jpeg","type":"image\/jpeg"}],"author":"Yucat\u00e1n en Corto FC","twitter_card":"summary_large_image","twitter_creator":"@yucatanencorto","twitter_site":"@yucatanencorto","twitter_misc":{"Escrito por":"Yucat\u00e1n en Corto FC","Tiempo de lectura":"5 minutos"},"schema":{"@context":"https:\/\/schema.org","@graph":[{"@type":"Article","@id":"https:\/\/www.yucatanencorto.com\/noticias\/obras-de-repavimentacion-del-anillo-de-periferico-de-merida-y-de-pavimentacion-de-sus-calles-aledanas-mejoraran-y-volveran-mas-segura-la-movilidad-en-la-ciudad\/#article","isPartOf":{"@id":"https:\/\/www.yucatanencorto.com\/noticias\/obras-de-repavimentacion-del-anillo-de-periferico-de-merida-y-de-pavimentacion-de-sus-calles-aledanas-mejoraran-y-volveran-mas-segura-la-movilidad-en-la-ciudad\/"},"author":{"name":"Yucat\u00e1n en Corto FC","@id":"https:\/\/www.yucatanencorto.com\/noticias\/#\/schema\/person\/14f82d355225a1f4075dd84a31f45a72"},"headline":"Obras de repavimentaci\u00f3n del Anillo de Perif\u00e9rico de M\u00e9rida y de pavimentaci\u00f3n de sus calles aleda\u00f1as mejorar\u00e1n y volver\u00e1n m\u00e1s segura la movilidad en la ciudad","datePublished":"2021-02-15T02:03:16+00:00","mainEntityOfPage":{"@id":"https:\/\/www.yucatanencorto.com\/noticias\/obras-de-repavimentacion-del-anillo-de-periferico-de-merida-y-de-pavimentacion-de-sus-calles-aledanas-mejoraran-y-volveran-mas-segura-la-movilidad-en-la-ciudad\/"},"wordCount":1189,"image":{"@id":"https:\/\/www.yucatanencorto.com\/noticias\/obras-de-repavimentacion-del-anillo-de-periferico-de-merida-y-de-pavimentacion-de-sus-calles-aledanas-mejoraran-y-volveran-mas-segura-la-movilidad-en-la-ciudad\/#primaryimage"},"thumbnailUrl":"https:\/\/www.yucatanencorto.com\/noticias\/wp-content\/uploads\/2021\/02\/528235A8-EFA9-4FB3-BCB7-EEFC44C3A52D-scaled.jpeg","articleSection":["Yucat\u00e1n"],"inLanguage":"es"},{"@type":"WebPage","@id":"https:\/\/www.yucatanencorto.com\/noticias\/obras-de-repavimentacion-del-anillo-de-periferico-de-merida-y-de-pavimentacion-de-sus-calles-aledanas-mejoraran-y-volveran-mas-segura-la-movilidad-en-la-ciudad\/","url":"https:\/\/www.yucatanencorto.com\/noticias\/obras-de-repavimentacion-del-anillo-de-periferico-de-merida-y-de-pavimentacion-de-sus-calles-aledanas-mejoraran-y-volveran-mas-segura-la-movilidad-en-la-ciudad\/","name":"Obras de repavimentaci\u00f3n del Anillo de Perif\u00e9rico de M\u00e9rida y de pavimentaci\u00f3n de sus calles aleda\u00f1as mejorar\u00e1n y volver\u00e1n m\u00e1s segura la movilidad en la ciudad - Yucat\u00e1n en corto","isPartOf":{"@id":"https:\/\/www.yucatanencorto.com\/noticias\/#website"},"primaryImageOfPage":{"@id":"https:\/\/www.yucatanencorto.com\/noticias\/obras-de-repavimentacion-del-anillo-de-periferico-de-merida-y-de-pavimentacion-de-sus-calles-aledanas-mejoraran-y-volveran-mas-segura-la-movilidad-en-la-ciudad\/#primaryimage"},"image":{"@id":"https:\/\/www.yucatanencorto.com\/noticias\/obras-de-repavimentacion-del-anillo-de-periferico-de-merida-y-de-pavimentacion-de-sus-calles-aledanas-mejoraran-y-volveran-mas-segura-la-movilidad-en-la-ciudad\/#primaryimage"},"thumbnailUrl":"https:\/\/www.yucatanencorto.com\/noticias\/wp-content\/uploads\/2021\/02\/528235A8-EFA9-4FB3-BCB7-EEFC44C3A52D-scaled.jpeg","datePublished":"2021-02-15T02:03:16+00:00","author":{"@id":"https:\/\/www.yucatanencorto.com\/noticias\/#\/schema\/person\/14f82d355225a1f4075dd84a31f45a72"},"breadcrumb":{"@id":"https:\/\/www.yucatanencorto.com\/noticias\/obras-de-repavimentacion-del-anillo-de-periferico-de-merida-y-de-pavimentacion-de-sus-calles-aledanas-mejoraran-y-volveran-mas-segura-la-movilidad-en-la-ciudad\/#breadcrumb"},"inLanguage":"es","potentialAction":[{"@type":"ReadAction","target":["https:\/\/www.yucatanencorto.com\/noticias\/obras-de-repavimentacion-del-anillo-de-periferico-de-merida-y-de-pavimentacion-de-sus-calles-aledanas-mejoraran-y-volveran-mas-segura-la-movilidad-en-la-ciudad\/"]}]},{"@type":"ImageObject","inLanguage":"es","@id":"https:\/\/www.yucatanencorto.com\/noticias\/obras-de-repavimentacion-del-anillo-de-periferico-de-merida-y-de-pavimentacion-de-sus-calles-aledanas-mejoraran-y-volveran-mas-segura-la-movilidad-en-la-ciudad\/#primaryimage","url":"https:\/\/www.yucatanencorto.com\/noticias\/wp-content\/uploads\/2021\/02\/528235A8-EFA9-4FB3-BCB7-EEFC44C3A52D-scaled.jpeg","contentUrl":"https:\/\/www.yucatanencorto.com\/noticias\/wp-content\/uploads\/2021\/02\/528235A8-EFA9-4FB3-BCB7-EEFC44C3A52D-scaled.jpeg","width":768,"height":512},{"@type":"BreadcrumbList","@id":"https:\/\/www.yucatanencorto.com\/noticias\/obras-de-repavimentacion-del-anillo-de-periferico-de-merida-y-de-pavimentacion-de-sus-calles-aledanas-mejoraran-y-volveran-mas-segura-la-movilidad-en-la-ciudad\/#breadcrumb","itemListElement":[{"@type":"ListItem","position":1,"name":"Portada","item":"https:\/\/www.yucatanencorto.com\/noticias\/"},{"@type":"ListItem","position":2,"name":"Obras de repavimentaci\u00f3n del Anillo de Perif\u00e9rico de M\u00e9rida y de pavimentaci\u00f3n de sus calles aleda\u00f1as mejorar\u00e1n y volver\u00e1n m\u00e1s segura la movilidad en la ciudad"}]},{"@type":"WebSite","@id":"https:\/\/www.yucatanencorto.com\/noticias\/#website","url":"https:\/\/www.yucatanencorto.com\/noticias\/","name":"Yucat\u00e1n en corto","description":"Noticias","potentialAction":[{"@type":"SearchAction","target":{"@type":"EntryPoint","urlTemplate":"https:\/\/www.yucatanencorto.com\/noticias\/?s={search_term_string}"},"query-input":{"@type":"PropertyValueSpecification","valueRequired":true,"valueName":"search_term_string"}}],"inLanguage":"es"},{"@type":"Person","@id":"https:\/\/www.yucatanencorto.com\/noticias\/#\/schema\/person\/14f82d355225a1f4075dd84a31f45a72","name":"Yucat\u00e1n en Corto FC","image":{"@type":"ImageObject","inLanguage":"es","@id":"https:\/\/secure.gravatar.com\/avatar\/147d4b30cd728c53c29c49a3f7834dedca33707f4cd259761355846009a88250?s=96&d=mm&r=g","url":"https:\/\/secure.gravatar.com\/avatar\/147d4b30cd728c53c29c49a3f7834dedca33707f4cd259761355846009a88250?s=96&d=mm&r=g","contentUrl":"https:\/\/secure.gravatar.com\/avatar\/147d4b30cd728c53c29c49a3f7834dedca33707f4cd259761355846009a88250?s=96&d=mm&r=g","caption":"Yucat\u00e1n en Corto FC"},"url":"https:\/\/www.yucatanencorto.com\/noticias\/author\/flor\/"}]}},"_links":{"self":[{"href":"https:\/\/www.yucatanencorto.com\/noticias\/wp-json\/wp\/v2\/posts\/70092","targetHints":{"allow":["GET"]}}],"collection":[{"href":"https:\/\/www.yucatanencorto.com\/noticias\/wp-json\/wp\/v2\/posts"}],"about":[{"href":"https:\/\/www.yucatanencorto.com\/noticias\/wp-json\/wp\/v2\/types\/post"}],"author":[{"embeddable":true,"href":"https:\/\/www.yucatanencorto.com\/noticias\/wp-json\/wp\/v2\/users\/2"}],"replies":[{"embeddable":true,"href":"https:\/\/www.yucatanencorto.com\/noticias\/wp-json\/wp\/v2\/comments?post=70092"}],"version-history":[{"count":0,"href":"https:\/\/www.yucatanencorto.com\/noticias\/wp-json\/wp\/v2\/posts\/70092\/revisions"}],"wp:featuredmedia":[{"embeddable":true,"href":"https:\/\/www.yucatanencorto.com\/noticias\/wp-json\/wp\/v2\/media\/70093"}],"wp:attachment":[{"href":"https:\/\/www.yucatanencorto.com\/noticias\/wp-json\/wp\/v2\/media?parent=70092"}],"wp:term":[{"taxonomy":"category","embeddable":true,"href":"https:\/\/www.yucatanencorto.com\/noticias\/wp-json\/wp\/v2\/categories?post=70092"},{"taxonomy":"post_tag","embeddable":true,"href":"https:\/\/www.yucatanencorto.com\/noticias\/wp-json\/wp\/v2\/tags?post=70092"}],"curies":[{"name":"wp","href":"https:\/\/api.w.org\/{rel}","templated":true}]}}