{"id":70866,"date":"2021-03-27T20:18:23","date_gmt":"2021-03-28T02:18:23","guid":{"rendered":"https:\/\/www.yucatanencorto.com\/noticias\/?p=70866"},"modified":"2021-03-27T20:18:23","modified_gmt":"2021-03-28T02:18:23","slug":"la-fundacion-wilma-marin-se-une-con-la-fundacion-amigos-de-tus-ojos-para-brindar-atencion-oftalmologica","status":"publish","type":"post","link":"https:\/\/www.yucatanencorto.com\/noticias\/la-fundacion-wilma-marin-se-une-con-la-fundacion-amigos-de-tus-ojos-para-brindar-atencion-oftalmologica\/","title":{"rendered":"La Fundaci\u00f3n Wilma Mar\u00edn se une con la Fundaci\u00f3n Amigos de tus Ojos para brindar atenci\u00f3n oftalmol\u00f3gica"},"content":{"rendered":"<p><span data-removefontsize=\"true\" data-originalcomputedfontsize=\"16\"><img loading=\"lazy\" decoding=\"async\" class=\"alignnone size-full wp-image-70867\" src=\"https:\/\/www.yucatanencorto.com\/noticias\/wp-content\/uploads\/2021\/03\/7AF390FF-0C88-41BC-B416-A1DF25E8CEEC-scaled.jpeg\" alt=\"\" width=\"768\" height=\"569\" srcset=\"https:\/\/www.yucatanencorto.com\/noticias\/wp-content\/uploads\/2021\/03\/7AF390FF-0C88-41BC-B416-A1DF25E8CEEC-scaled.jpeg 768w, https:\/\/www.yucatanencorto.com\/noticias\/wp-content\/uploads\/2021\/03\/7AF390FF-0C88-41BC-B416-A1DF25E8CEEC-485x360.jpeg 485w, https:\/\/www.yucatanencorto.com\/noticias\/wp-content\/uploads\/2021\/03\/7AF390FF-0C88-41BC-B416-A1DF25E8CEEC-696x516.jpeg 696w, https:\/\/www.yucatanencorto.com\/noticias\/wp-content\/uploads\/2021\/03\/7AF390FF-0C88-41BC-B416-A1DF25E8CEEC-1068x792.jpeg 1068w, https:\/\/www.yucatanencorto.com\/noticias\/wp-content\/uploads\/2021\/03\/7AF390FF-0C88-41BC-B416-A1DF25E8CEEC-566x420.jpeg 566w, https:\/\/www.yucatanencorto.com\/noticias\/wp-content\/uploads\/2021\/03\/7AF390FF-0C88-41BC-B416-A1DF25E8CEEC-80x60.jpeg 80w\" sizes=\"auto, (max-width: 768px) 100vw, 768px\" \/>La fundaci\u00f3n \u2018Amigos de tus Ojos\u2019 en alianza con la cl\u00ednica\u00a0<em data-removefontsize=\"true\" data-originalcomputedfontsize=\"16\">Wilma Mar\u00edn\u00a0<\/em>lograr\u00e1 que las personas de escasos recursos tengan acceso a consultas de especialidad en oftalmolog\u00eda.\u00a0\u00a0<\/span><\/p>\n<p>&nbsp;<\/p>\n<p><span data-removefontsize=\"true\" data-originalcomputedfontsize=\"16\">El senador Jorge Carlos Ram\u00edrez Mar\u00edn atestigu\u00f3 la firma de un acuerdo de colaboraci\u00f3n entre las organizaciones sin fines de lucro, por el que se canalizar\u00e1 a los\u00a0\u00a0los pacientes que acudan a la cl\u00ednica y\u00a0\u00a0requieran la atenci\u00f3n de especialistas en oftalmolog\u00eda que integran la Fundaci\u00f3n Amigos de tus ojos.<\/span><\/p>\n<p>&nbsp;<\/p>\n<p><span data-removefontsize=\"true\" data-originalcomputedfontsize=\"16\">\u201c<\/span><span data-removefontsize=\"true\" data-originalcomputedfontsize=\"16\">Creo sinceramente en esto:\u00a0\u00a0Se puede dar calidad, no hay ninguna raz\u00f3n para no hacerlo. Basta decir que en Yucat\u00e1n m\u00e1s del 40 por ciento no cuenta con ning\u00fan tipo de cobertura de seguro m\u00e9dico, por lo que este es un espacio donde las personas puedan atender su bien m\u00e1s preciado; la salud\u201d, asegur\u00f3 Ram\u00edrez Mar\u00edn.\u00a0<\/span><\/p>\n<p>&nbsp;<\/p>\n<p><span data-removefontsize=\"true\" data-originalcomputedfontsize=\"16\">La cl\u00ednica\u00a0<em data-removefontsize=\"true\" data-originalcomputedfontsize=\"16\">Wilma Mar\u00edn<\/em>\u00a0otorgar\u00e1 un subsidio para que sus pacientes sean remitidos con los especialistas de la fundaci\u00f3n \u2018Amigos de tus Ojos\u2019, accediendo as\u00ed a la atenci\u00f3n de m\u00e9dicos a precios accesibles.\u00a0\u00a0<\/span><\/p>\n<p>&nbsp;<\/p>\n<p><span data-removefontsize=\"true\" data-originalcomputedfontsize=\"16\">Otra de las labores que realizan en \u2018Amigos de tus Ojos\u2019, es brindar acceso a cirug\u00edas oculares con un costo de hasta 60 por ciento debajo del mercado.\u00a0<\/span><\/p>\n<p>&nbsp;<\/p>\n<p><span data-removefontsize=\"true\" data-originalcomputedfontsize=\"16\">\u201cAlgunas personas que requieren de este servicio para recuperar la visi\u00f3n y calidad de vida no cuentan con los recursos suficientes para erogar este pago\u201d, asegur\u00f3 Lorena Escalante P\u00e9rez, presidenta de la fundaci\u00f3n Amigos de tus Ojos A.C.<\/span><\/p>\n<p>&nbsp;<\/p>\n<p><span data-removefontsize=\"true\" data-originalcomputedfontsize=\"16\">Es por ello que, producto de la gesti\u00f3n ante empresarios yucatecos comprometidos con la salud de los ciudadanos, Ram\u00edrez Mar\u00edn, donar\u00e1 mensualmente dos cirug\u00edas para personas de escasos recursos.\u00a0<\/span><\/p>\n<p>&nbsp;<\/p>\n<p><span data-removefontsize=\"true\" data-originalcomputedfontsize=\"16\">Lorena Escalante P\u00e9rez agradeci\u00f3 la suma de esfuerzos entre ambas organizaciones y las gestiones de Ram\u00edrez Mar\u00edn en pro de la salud de los yucatecos.<\/span><\/p>\n<p>&nbsp;<\/p>\n<p><span data-removefontsize=\"true\" data-originalcomputedfontsize=\"16\">\u201cA trav\u00e9s del apoyo que el senador Mar\u00edn nos est\u00e1 dando podremos apoyar a m\u00e1s gente, con un aporte para el costo de las consultas y tambi\u00e9n con las cirug\u00edas, que ser\u00e1n 2 cada mes y eso nos va a ayudar mucho, porque hay personas que no tienen la posibilidad de pagarse este tratamiento\u201d, asegur\u00f3.\u00a0<\/span><\/p>\n<p>&nbsp;<\/p>\n<p><span data-removefontsize=\"true\" data-originalcomputedfontsize=\"16\">Ram\u00edrez Mar\u00edn asegur\u00f3 que estas acciones demuestran \u201cque las cosas si se pueden hacer, con la suma de voluntades, trabajando para un mismo objetivo\u201d, especialmente en el contexto actual, donde las personas requieren tener acceso a servicios m\u00e9dicos de calidad que no comprometan su econom\u00eda.\u00a0<\/span><\/p>\n<p>&nbsp;<\/p>\n<p><span data-removefontsize=\"true\" data-originalcomputedfontsize=\"16\">En la firma de convenio, tambi\u00e9n particip\u00f3, el administrador de la fundaci\u00f3n \u2018Amigos de tus Ojos\u2019, Luis Correa Ortiz.\u00a0<\/span><\/p>\n","protected":false},"excerpt":{"rendered":"<p>La fundaci\u00f3n \u2018Amigos de tus Ojos\u2019 en alianza con la cl\u00ednica\u00a0Wilma Mar\u00edn\u00a0lograr\u00e1 que las personas de escasos recursos tengan acceso a consultas de especialidad en oftalmolog\u00eda.\u00a0\u00a0 &nbsp; El senador Jorge Carlos Ram\u00edrez Mar\u00edn atestigu\u00f3 la firma de un acuerdo de colaboraci\u00f3n entre las organizaciones sin fines de lucro, por el que se canalizar\u00e1 a los\u00a0\u00a0los [&hellip;]<\/p>\n","protected":false},"author":2,"featured_media":70867,"comment_status":"closed","ping_status":"closed","sticky":false,"template":"","format":"standard","meta":{"footnotes":""},"categories":[3],"tags":[],"class_list":{"0":"post-70866","1":"post","2":"type-post","3":"status-publish","4":"format-standard","5":"has-post-thumbnail","7":"category-yucatan"},"yoast_head":"<!-- This site is optimized with the Yoast SEO plugin v27.4 - https:\/\/yoast.com\/product\/yoast-seo-wordpress\/ -->\n<title>La Fundaci\u00f3n Wilma Mar\u00edn se une con la Fundaci\u00f3n Amigos de tus Ojos para brindar atenci\u00f3n oftalmol\u00f3gica - Yucat\u00e1n en corto<\/title>\n<meta name=\"robots\" content=\"index, follow, max-snippet:-1, max-image-preview:large, max-video-preview:-1\" \/>\n<link rel=\"canonical\" href=\"https:\/\/www.yucatanencorto.com\/noticias\/la-fundacion-wilma-marin-se-une-con-la-fundacion-amigos-de-tus-ojos-para-brindar-atencion-oftalmologica\/\" \/>\n<meta property=\"og:locale\" content=\"es_ES\" \/>\n<meta property=\"og:type\" content=\"article\" \/>\n<meta property=\"og:title\" content=\"La Fundaci\u00f3n Wilma Mar\u00edn se une con la Fundaci\u00f3n Amigos de tus Ojos para brindar atenci\u00f3n oftalmol\u00f3gica - Yucat\u00e1n en corto\" \/>\n<meta property=\"og:description\" content=\"La fundaci\u00f3n \u2018Amigos de tus Ojos\u2019 en alianza con la cl\u00ednica\u00a0Wilma Mar\u00edn\u00a0lograr\u00e1 que las personas de escasos recursos tengan acceso a consultas de especialidad en oftalmolog\u00eda.\u00a0\u00a0 &nbsp; El senador Jorge Carlos Ram\u00edrez Mar\u00edn atestigu\u00f3 la firma de un acuerdo de colaboraci\u00f3n entre las organizaciones sin fines de lucro, por el que se canalizar\u00e1 a los\u00a0\u00a0los [&hellip;]\" \/>\n<meta property=\"og:url\" content=\"https:\/\/www.yucatanencorto.com\/noticias\/la-fundacion-wilma-marin-se-une-con-la-fundacion-amigos-de-tus-ojos-para-brindar-atencion-oftalmologica\/\" \/>\n<meta property=\"og:site_name\" content=\"Yucat\u00e1n en corto\" \/>\n<meta property=\"article:publisher\" content=\"http:\/\/www.facebook.com\/yucatanencorto\" \/>\n<meta property=\"article:published_time\" content=\"2021-03-28T02:18:23+00:00\" \/>\n<meta property=\"og:image\" content=\"https:\/\/www.yucatanencorto.com\/noticias\/wp-content\/uploads\/2021\/03\/7AF390FF-0C88-41BC-B416-A1DF25E8CEEC-scaled.jpeg\" \/>\n\t<meta property=\"og:image:width\" content=\"768\" \/>\n\t<meta property=\"og:image:height\" content=\"569\" \/>\n\t<meta property=\"og:image:type\" content=\"image\/jpeg\" \/>\n<meta name=\"author\" content=\"Yucat\u00e1n en Corto FC\" \/>\n<meta name=\"twitter:card\" content=\"summary_large_image\" \/>\n<meta name=\"twitter:creator\" content=\"@yucatanencorto\" \/>\n<meta name=\"twitter:site\" content=\"@yucatanencorto\" \/>\n<meta name=\"twitter:label1\" content=\"Escrito por\" \/>\n\t<meta name=\"twitter:data1\" content=\"Yucat\u00e1n en Corto FC\" \/>\n\t<meta name=\"twitter:label2\" content=\"Tiempo de lectura\" \/>\n\t<meta name=\"twitter:data2\" content=\"2 minutos\" \/>\n<script type=\"application\/ld+json\" class=\"yoast-schema-graph\">{\"@context\":\"https:\\\/\\\/schema.org\",\"@graph\":[{\"@type\":\"Article\",\"@id\":\"https:\\\/\\\/www.yucatanencorto.com\\\/noticias\\\/la-fundacion-wilma-marin-se-une-con-la-fundacion-amigos-de-tus-ojos-para-brindar-atencion-oftalmologica\\\/#article\",\"isPartOf\":{\"@id\":\"https:\\\/\\\/www.yucatanencorto.com\\\/noticias\\\/la-fundacion-wilma-marin-se-une-con-la-fundacion-amigos-de-tus-ojos-para-brindar-atencion-oftalmologica\\\/\"},\"author\":{\"name\":\"Yucat\u00e1n en Corto FC\",\"@id\":\"https:\\\/\\\/www.yucatanencorto.com\\\/noticias\\\/#\\\/schema\\\/person\\\/14f82d355225a1f4075dd84a31f45a72\"},\"headline\":\"La Fundaci\u00f3n Wilma Mar\u00edn se une con la Fundaci\u00f3n Amigos de tus Ojos para brindar atenci\u00f3n oftalmol\u00f3gica\",\"datePublished\":\"2021-03-28T02:18:23+00:00\",\"mainEntityOfPage\":{\"@id\":\"https:\\\/\\\/www.yucatanencorto.com\\\/noticias\\\/la-fundacion-wilma-marin-se-une-con-la-fundacion-amigos-de-tus-ojos-para-brindar-atencion-oftalmologica\\\/\"},\"wordCount\":484,\"image\":{\"@id\":\"https:\\\/\\\/www.yucatanencorto.com\\\/noticias\\\/la-fundacion-wilma-marin-se-une-con-la-fundacion-amigos-de-tus-ojos-para-brindar-atencion-oftalmologica\\\/#primaryimage\"},\"thumbnailUrl\":\"https:\\\/\\\/www.yucatanencorto.com\\\/noticias\\\/wp-content\\\/uploads\\\/2021\\\/03\\\/7AF390FF-0C88-41BC-B416-A1DF25E8CEEC-scaled.jpeg\",\"articleSection\":[\"Yucat\u00e1n\"],\"inLanguage\":\"es\"},{\"@type\":\"WebPage\",\"@id\":\"https:\\\/\\\/www.yucatanencorto.com\\\/noticias\\\/la-fundacion-wilma-marin-se-une-con-la-fundacion-amigos-de-tus-ojos-para-brindar-atencion-oftalmologica\\\/\",\"url\":\"https:\\\/\\\/www.yucatanencorto.com\\\/noticias\\\/la-fundacion-wilma-marin-se-une-con-la-fundacion-amigos-de-tus-ojos-para-brindar-atencion-oftalmologica\\\/\",\"name\":\"La Fundaci\u00f3n Wilma Mar\u00edn se une con la Fundaci\u00f3n Amigos de tus Ojos para brindar atenci\u00f3n oftalmol\u00f3gica - Yucat\u00e1n en corto\",\"isPartOf\":{\"@id\":\"https:\\\/\\\/www.yucatanencorto.com\\\/noticias\\\/#website\"},\"primaryImageOfPage\":{\"@id\":\"https:\\\/\\\/www.yucatanencorto.com\\\/noticias\\\/la-fundacion-wilma-marin-se-une-con-la-fundacion-amigos-de-tus-ojos-para-brindar-atencion-oftalmologica\\\/#primaryimage\"},\"image\":{\"@id\":\"https:\\\/\\\/www.yucatanencorto.com\\\/noticias\\\/la-fundacion-wilma-marin-se-une-con-la-fundacion-amigos-de-tus-ojos-para-brindar-atencion-oftalmologica\\\/#primaryimage\"},\"thumbnailUrl\":\"https:\\\/\\\/www.yucatanencorto.com\\\/noticias\\\/wp-content\\\/uploads\\\/2021\\\/03\\\/7AF390FF-0C88-41BC-B416-A1DF25E8CEEC-scaled.jpeg\",\"datePublished\":\"2021-03-28T02:18:23+00:00\",\"author\":{\"@id\":\"https:\\\/\\\/www.yucatanencorto.com\\\/noticias\\\/#\\\/schema\\\/person\\\/14f82d355225a1f4075dd84a31f45a72\"},\"breadcrumb\":{\"@id\":\"https:\\\/\\\/www.yucatanencorto.com\\\/noticias\\\/la-fundacion-wilma-marin-se-une-con-la-fundacion-amigos-de-tus-ojos-para-brindar-atencion-oftalmologica\\\/#breadcrumb\"},\"inLanguage\":\"es\",\"potentialAction\":[{\"@type\":\"ReadAction\",\"target\":[\"https:\\\/\\\/www.yucatanencorto.com\\\/noticias\\\/la-fundacion-wilma-marin-se-une-con-la-fundacion-amigos-de-tus-ojos-para-brindar-atencion-oftalmologica\\\/\"]}]},{\"@type\":\"ImageObject\",\"inLanguage\":\"es\",\"@id\":\"https:\\\/\\\/www.yucatanencorto.com\\\/noticias\\\/la-fundacion-wilma-marin-se-une-con-la-fundacion-amigos-de-tus-ojos-para-brindar-atencion-oftalmologica\\\/#primaryimage\",\"url\":\"https:\\\/\\\/www.yucatanencorto.com\\\/noticias\\\/wp-content\\\/uploads\\\/2021\\\/03\\\/7AF390FF-0C88-41BC-B416-A1DF25E8CEEC-scaled.jpeg\",\"contentUrl\":\"https:\\\/\\\/www.yucatanencorto.com\\\/noticias\\\/wp-content\\\/uploads\\\/2021\\\/03\\\/7AF390FF-0C88-41BC-B416-A1DF25E8CEEC-scaled.jpeg\",\"width\":768,\"height\":569},{\"@type\":\"BreadcrumbList\",\"@id\":\"https:\\\/\\\/www.yucatanencorto.com\\\/noticias\\\/la-fundacion-wilma-marin-se-une-con-la-fundacion-amigos-de-tus-ojos-para-brindar-atencion-oftalmologica\\\/#breadcrumb\",\"itemListElement\":[{\"@type\":\"ListItem\",\"position\":1,\"name\":\"Portada\",\"item\":\"https:\\\/\\\/www.yucatanencorto.com\\\/noticias\\\/\"},{\"@type\":\"ListItem\",\"position\":2,\"name\":\"La Fundaci\u00f3n Wilma Mar\u00edn se une con la Fundaci\u00f3n Amigos de tus Ojos para brindar atenci\u00f3n oftalmol\u00f3gica\"}]},{\"@type\":\"WebSite\",\"@id\":\"https:\\\/\\\/www.yucatanencorto.com\\\/noticias\\\/#website\",\"url\":\"https:\\\/\\\/www.yucatanencorto.com\\\/noticias\\\/\",\"name\":\"Yucat\u00e1n en corto\",\"description\":\"Noticias\",\"potentialAction\":[{\"@type\":\"SearchAction\",\"target\":{\"@type\":\"EntryPoint\",\"urlTemplate\":\"https:\\\/\\\/www.yucatanencorto.com\\\/noticias\\\/?s={search_term_string}\"},\"query-input\":{\"@type\":\"PropertyValueSpecification\",\"valueRequired\":true,\"valueName\":\"search_term_string\"}}],\"inLanguage\":\"es\"},{\"@type\":\"Person\",\"@id\":\"https:\\\/\\\/www.yucatanencorto.com\\\/noticias\\\/#\\\/schema\\\/person\\\/14f82d355225a1f4075dd84a31f45a72\",\"name\":\"Yucat\u00e1n en Corto FC\",\"image\":{\"@type\":\"ImageObject\",\"inLanguage\":\"es\",\"@id\":\"https:\\\/\\\/secure.gravatar.com\\\/avatar\\\/147d4b30cd728c53c29c49a3f7834dedca33707f4cd259761355846009a88250?s=96&d=mm&r=g\",\"url\":\"https:\\\/\\\/secure.gravatar.com\\\/avatar\\\/147d4b30cd728c53c29c49a3f7834dedca33707f4cd259761355846009a88250?s=96&d=mm&r=g\",\"contentUrl\":\"https:\\\/\\\/secure.gravatar.com\\\/avatar\\\/147d4b30cd728c53c29c49a3f7834dedca33707f4cd259761355846009a88250?s=96&d=mm&r=g\",\"caption\":\"Yucat\u00e1n en Corto FC\"},\"url\":\"https:\\\/\\\/www.yucatanencorto.com\\\/noticias\\\/author\\\/flor\\\/\"}]}<\/script>\n<!-- \/ Yoast SEO plugin. -->","yoast_head_json":{"title":"La Fundaci\u00f3n Wilma Mar\u00edn se une con la Fundaci\u00f3n Amigos de tus Ojos para brindar atenci\u00f3n oftalmol\u00f3gica - Yucat\u00e1n en corto","robots":{"index":"index","follow":"follow","max-snippet":"max-snippet:-1","max-image-preview":"max-image-preview:large","max-video-preview":"max-video-preview:-1"},"canonical":"https:\/\/www.yucatanencorto.com\/noticias\/la-fundacion-wilma-marin-se-une-con-la-fundacion-amigos-de-tus-ojos-para-brindar-atencion-oftalmologica\/","og_locale":"es_ES","og_type":"article","og_title":"La Fundaci\u00f3n Wilma Mar\u00edn se une con la Fundaci\u00f3n Amigos de tus Ojos para brindar atenci\u00f3n oftalmol\u00f3gica - Yucat\u00e1n en corto","og_description":"La fundaci\u00f3n \u2018Amigos de tus Ojos\u2019 en alianza con la cl\u00ednica\u00a0Wilma Mar\u00edn\u00a0lograr\u00e1 que las personas de escasos recursos tengan acceso a consultas de especialidad en oftalmolog\u00eda.\u00a0\u00a0 &nbsp; El senador Jorge Carlos Ram\u00edrez Mar\u00edn atestigu\u00f3 la firma de un acuerdo de colaboraci\u00f3n entre las organizaciones sin fines de lucro, por el que se canalizar\u00e1 a los\u00a0\u00a0los [&hellip;]","og_url":"https:\/\/www.yucatanencorto.com\/noticias\/la-fundacion-wilma-marin-se-une-con-la-fundacion-amigos-de-tus-ojos-para-brindar-atencion-oftalmologica\/","og_site_name":"Yucat\u00e1n en corto","article_publisher":"http:\/\/www.facebook.com\/yucatanencorto","article_published_time":"2021-03-28T02:18:23+00:00","og_image":[{"width":768,"height":569,"url":"https:\/\/www.yucatanencorto.com\/noticias\/wp-content\/uploads\/2021\/03\/7AF390FF-0C88-41BC-B416-A1DF25E8CEEC-scaled.jpeg","type":"image\/jpeg"}],"author":"Yucat\u00e1n en Corto FC","twitter_card":"summary_large_image","twitter_creator":"@yucatanencorto","twitter_site":"@yucatanencorto","twitter_misc":{"Escrito por":"Yucat\u00e1n en Corto FC","Tiempo de lectura":"2 minutos"},"schema":{"@context":"https:\/\/schema.org","@graph":[{"@type":"Article","@id":"https:\/\/www.yucatanencorto.com\/noticias\/la-fundacion-wilma-marin-se-une-con-la-fundacion-amigos-de-tus-ojos-para-brindar-atencion-oftalmologica\/#article","isPartOf":{"@id":"https:\/\/www.yucatanencorto.com\/noticias\/la-fundacion-wilma-marin-se-une-con-la-fundacion-amigos-de-tus-ojos-para-brindar-atencion-oftalmologica\/"},"author":{"name":"Yucat\u00e1n en Corto FC","@id":"https:\/\/www.yucatanencorto.com\/noticias\/#\/schema\/person\/14f82d355225a1f4075dd84a31f45a72"},"headline":"La Fundaci\u00f3n Wilma Mar\u00edn se une con la Fundaci\u00f3n Amigos de tus Ojos para brindar atenci\u00f3n oftalmol\u00f3gica","datePublished":"2021-03-28T02:18:23+00:00","mainEntityOfPage":{"@id":"https:\/\/www.yucatanencorto.com\/noticias\/la-fundacion-wilma-marin-se-une-con-la-fundacion-amigos-de-tus-ojos-para-brindar-atencion-oftalmologica\/"},"wordCount":484,"image":{"@id":"https:\/\/www.yucatanencorto.com\/noticias\/la-fundacion-wilma-marin-se-une-con-la-fundacion-amigos-de-tus-ojos-para-brindar-atencion-oftalmologica\/#primaryimage"},"thumbnailUrl":"https:\/\/www.yucatanencorto.com\/noticias\/wp-content\/uploads\/2021\/03\/7AF390FF-0C88-41BC-B416-A1DF25E8CEEC-scaled.jpeg","articleSection":["Yucat\u00e1n"],"inLanguage":"es"},{"@type":"WebPage","@id":"https:\/\/www.yucatanencorto.com\/noticias\/la-fundacion-wilma-marin-se-une-con-la-fundacion-amigos-de-tus-ojos-para-brindar-atencion-oftalmologica\/","url":"https:\/\/www.yucatanencorto.com\/noticias\/la-fundacion-wilma-marin-se-une-con-la-fundacion-amigos-de-tus-ojos-para-brindar-atencion-oftalmologica\/","name":"La Fundaci\u00f3n Wilma Mar\u00edn se une con la Fundaci\u00f3n Amigos de tus Ojos para brindar atenci\u00f3n oftalmol\u00f3gica - Yucat\u00e1n en corto","isPartOf":{"@id":"https:\/\/www.yucatanencorto.com\/noticias\/#website"},"primaryImageOfPage":{"@id":"https:\/\/www.yucatanencorto.com\/noticias\/la-fundacion-wilma-marin-se-une-con-la-fundacion-amigos-de-tus-ojos-para-brindar-atencion-oftalmologica\/#primaryimage"},"image":{"@id":"https:\/\/www.yucatanencorto.com\/noticias\/la-fundacion-wilma-marin-se-une-con-la-fundacion-amigos-de-tus-ojos-para-brindar-atencion-oftalmologica\/#primaryimage"},"thumbnailUrl":"https:\/\/www.yucatanencorto.com\/noticias\/wp-content\/uploads\/2021\/03\/7AF390FF-0C88-41BC-B416-A1DF25E8CEEC-scaled.jpeg","datePublished":"2021-03-28T02:18:23+00:00","author":{"@id":"https:\/\/www.yucatanencorto.com\/noticias\/#\/schema\/person\/14f82d355225a1f4075dd84a31f45a72"},"breadcrumb":{"@id":"https:\/\/www.yucatanencorto.com\/noticias\/la-fundacion-wilma-marin-se-une-con-la-fundacion-amigos-de-tus-ojos-para-brindar-atencion-oftalmologica\/#breadcrumb"},"inLanguage":"es","potentialAction":[{"@type":"ReadAction","target":["https:\/\/www.yucatanencorto.com\/noticias\/la-fundacion-wilma-marin-se-une-con-la-fundacion-amigos-de-tus-ojos-para-brindar-atencion-oftalmologica\/"]}]},{"@type":"ImageObject","inLanguage":"es","@id":"https:\/\/www.yucatanencorto.com\/noticias\/la-fundacion-wilma-marin-se-une-con-la-fundacion-amigos-de-tus-ojos-para-brindar-atencion-oftalmologica\/#primaryimage","url":"https:\/\/www.yucatanencorto.com\/noticias\/wp-content\/uploads\/2021\/03\/7AF390FF-0C88-41BC-B416-A1DF25E8CEEC-scaled.jpeg","contentUrl":"https:\/\/www.yucatanencorto.com\/noticias\/wp-content\/uploads\/2021\/03\/7AF390FF-0C88-41BC-B416-A1DF25E8CEEC-scaled.jpeg","width":768,"height":569},{"@type":"BreadcrumbList","@id":"https:\/\/www.yucatanencorto.com\/noticias\/la-fundacion-wilma-marin-se-une-con-la-fundacion-amigos-de-tus-ojos-para-brindar-atencion-oftalmologica\/#breadcrumb","itemListElement":[{"@type":"ListItem","position":1,"name":"Portada","item":"https:\/\/www.yucatanencorto.com\/noticias\/"},{"@type":"ListItem","position":2,"name":"La Fundaci\u00f3n Wilma Mar\u00edn se une con la Fundaci\u00f3n Amigos de tus Ojos para brindar atenci\u00f3n oftalmol\u00f3gica"}]},{"@type":"WebSite","@id":"https:\/\/www.yucatanencorto.com\/noticias\/#website","url":"https:\/\/www.yucatanencorto.com\/noticias\/","name":"Yucat\u00e1n en corto","description":"Noticias","potentialAction":[{"@type":"SearchAction","target":{"@type":"EntryPoint","urlTemplate":"https:\/\/www.yucatanencorto.com\/noticias\/?s={search_term_string}"},"query-input":{"@type":"PropertyValueSpecification","valueRequired":true,"valueName":"search_term_string"}}],"inLanguage":"es"},{"@type":"Person","@id":"https:\/\/www.yucatanencorto.com\/noticias\/#\/schema\/person\/14f82d355225a1f4075dd84a31f45a72","name":"Yucat\u00e1n en Corto FC","image":{"@type":"ImageObject","inLanguage":"es","@id":"https:\/\/secure.gravatar.com\/avatar\/147d4b30cd728c53c29c49a3f7834dedca33707f4cd259761355846009a88250?s=96&d=mm&r=g","url":"https:\/\/secure.gravatar.com\/avatar\/147d4b30cd728c53c29c49a3f7834dedca33707f4cd259761355846009a88250?s=96&d=mm&r=g","contentUrl":"https:\/\/secure.gravatar.com\/avatar\/147d4b30cd728c53c29c49a3f7834dedca33707f4cd259761355846009a88250?s=96&d=mm&r=g","caption":"Yucat\u00e1n en Corto FC"},"url":"https:\/\/www.yucatanencorto.com\/noticias\/author\/flor\/"}]}},"_links":{"self":[{"href":"https:\/\/www.yucatanencorto.com\/noticias\/wp-json\/wp\/v2\/posts\/70866","targetHints":{"allow":["GET"]}}],"collection":[{"href":"https:\/\/www.yucatanencorto.com\/noticias\/wp-json\/wp\/v2\/posts"}],"about":[{"href":"https:\/\/www.yucatanencorto.com\/noticias\/wp-json\/wp\/v2\/types\/post"}],"author":[{"embeddable":true,"href":"https:\/\/www.yucatanencorto.com\/noticias\/wp-json\/wp\/v2\/users\/2"}],"replies":[{"embeddable":true,"href":"https:\/\/www.yucatanencorto.com\/noticias\/wp-json\/wp\/v2\/comments?post=70866"}],"version-history":[{"count":0,"href":"https:\/\/www.yucatanencorto.com\/noticias\/wp-json\/wp\/v2\/posts\/70866\/revisions"}],"wp:featuredmedia":[{"embeddable":true,"href":"https:\/\/www.yucatanencorto.com\/noticias\/wp-json\/wp\/v2\/media\/70867"}],"wp:attachment":[{"href":"https:\/\/www.yucatanencorto.com\/noticias\/wp-json\/wp\/v2\/media?parent=70866"}],"wp:term":[{"taxonomy":"category","embeddable":true,"href":"https:\/\/www.yucatanencorto.com\/noticias\/wp-json\/wp\/v2\/categories?post=70866"},{"taxonomy":"post_tag","embeddable":true,"href":"https:\/\/www.yucatanencorto.com\/noticias\/wp-json\/wp\/v2\/tags?post=70866"}],"curies":[{"name":"wp","href":"https:\/\/api.w.org\/{rel}","templated":true}]}}