{"id":70869,"date":"2021-03-27T20:26:52","date_gmt":"2021-03-28T02:26:52","guid":{"rendered":"https:\/\/www.yucatanencorto.com\/noticias\/?p=70869"},"modified":"2021-03-27T20:28:19","modified_gmt":"2021-03-28T02:28:19","slug":"merida-se-declara-lista-y-en-espera-para-la-aplicacion-de-vacunas-contra-covid-19-afirma-renan-barrera","status":"publish","type":"post","link":"https:\/\/www.yucatanencorto.com\/noticias\/merida-se-declara-lista-y-en-espera-para-la-aplicacion-de-vacunas-contra-covid-19-afirma-renan-barrera\/","title":{"rendered":"M\u00e9rida se declara lista y en espera para la aplicaci\u00f3n de vacunas contra Covid-19, afirma Ren\u00e1n Barrera"},"content":{"rendered":"<p data-removefontsize=\"true\" data-originalcomputedfontsize=\"13.333333015441895\"><img loading=\"lazy\" decoding=\"async\" class=\"alignnone size-full wp-image-70870\" src=\"https:\/\/www.yucatanencorto.com\/noticias\/wp-content\/uploads\/2021\/03\/BBE95AEC-304B-4498-9D7D-9ED90FDF4A29-scaled.jpeg\" alt=\"\" width=\"768\" height=\"668\" srcset=\"https:\/\/www.yucatanencorto.com\/noticias\/wp-content\/uploads\/2021\/03\/BBE95AEC-304B-4498-9D7D-9ED90FDF4A29-scaled.jpeg 768w, https:\/\/www.yucatanencorto.com\/noticias\/wp-content\/uploads\/2021\/03\/BBE95AEC-304B-4498-9D7D-9ED90FDF4A29-696x605.jpeg 696w, https:\/\/www.yucatanencorto.com\/noticias\/wp-content\/uploads\/2021\/03\/BBE95AEC-304B-4498-9D7D-9ED90FDF4A29-483x420.jpeg 483w\" sizes=\"auto, (max-width: 768px) 100vw, 768px\" \/>M\u00e9rida, 27 de marzo de 2021. Contribuir a lograr el mayor bienestar de la ciudadan\u00eda es el impulso m\u00e1s fuerte que tenemos como servidores p\u00fablicos a la hora de elaborar pol\u00edticas p\u00fablicas que nos permitan alcanzar esas metas para mejorar la calidad de vida de todos los que habitamos en el municipio, indic\u00f3 el alcalde Ren\u00e1n Barrera Concha.<\/p>\n<p data-removefontsize=\"true\" data-originalcomputedfontsize=\"13.333333015441895\">El Concejal mencion\u00f3 que aunque el rubro de la salud no es de total competencia para el gobierno municipal, la mejora y prevenci\u00f3n de la salud de los meridanos ha sido desde su primera administraci\u00f3n uno de los principales ejes de acci\u00f3n para mejorar la calidad de vida de las familias de M\u00e9rida y sus comisar\u00edas.<\/p>\n<p data-removefontsize=\"true\" data-originalcomputedfontsize=\"13.333333015441895\">Barrera Concha dijo que hoy m\u00e1s que nunca es necesario garantizar la salud de las personas, por lo que seguir\u00e1 firme en el llamado al gobierno federal para que priorice el env\u00edo de vacunas a M\u00e9rida, a fin de proteger de manera prioritaria a las cerca de 140 mil personas mayores de 60 a\u00f1os que hay en el municipio.<\/p>\n<p data-removefontsize=\"true\" data-originalcomputedfontsize=\"13.333333015441895\">\u201cDespu\u00e9s de nuestro llamado al Gobierno Federal para agilizar el env\u00edo de vacunas, finalmente\u00a0 hemos sido convocados este pr\u00f3ximo lunes para la primera reuni\u00f3n de organizaci\u00f3n y log\u00edstica en la aplicaci\u00f3n de las vacunas para combatir el Covid-19 en M\u00e9rida.\u201d, se\u00f1al\u00f3.<\/p>\n<p data-removefontsize=\"true\" data-originalcomputedfontsize=\"13.333333015441895\">\u00a0\u2014Nosotros estamos listos y en espera de esta reuni\u00f3n. La priorizaci\u00f3n de la salud de las y los meridanos ha sido un tema fundamental para nosotros como Ayuntamiento, por eso desde el inicio de nuestra administraci\u00f3n pusimos en marcha acciones que se reforzaron a\u00fan m\u00e1s ante la contingencia sanitaria por el COVID-19 sobre todo para el cuidar a nuestros abuelitos\u2014apunt\u00f3 Barrera Concha.<\/p>\n<p data-removefontsize=\"true\" data-originalcomputedfontsize=\"13.333333015441895\">En ese contexto, el Concejal\u00a0 record\u00f3 que se tiene a disposici\u00f3n de la comunidad el programa \u201cM\u00e9dico a Domicilio\u201d, mediante el cual se brindan servicios de consulta emergente principalmente a mujeres embarazadas y personas mayores o con alg\u00fan padecimiento que les impida desplazarse f\u00e1cilmente a alg\u00fan consultorio u hospital.<\/p>\n<p data-removefontsize=\"true\" data-originalcomputedfontsize=\"13.333333015441895\">\u2014Aunque la salud no sea tema de injerencia municipal, no podemos mantenernos ajenos a las necesidades de la poblaci\u00f3n y en la medida de nuestras posibilidades seguiremos buscando m\u00e1s y mejores maneras de apoyar a todos, porque esto tambi\u00e9n es aportar a la construcci\u00f3n de nuestra M\u00e9rida de 10 \u2014enfatiz\u00f3.<\/p>\n<p data-removefontsize=\"true\" data-originalcomputedfontsize=\"13.333333015441895\">El Presidente Municipal coment\u00f3 que una de esas acciones fue precisamente la ampliaci\u00f3n del horario de servicio m\u00e9dico domiciliario, que a partir del 10 de agosto del 2019 se extendi\u00f3 hasta los s\u00e1bados y domingos.<\/p>\n<p data-removefontsize=\"true\" data-originalcomputedfontsize=\"13.333333015441895\">\u201cEste servicio permite que las personas que lo requieran sean atendidas en horario de 8 a 20 horas de lunes a s\u00e1bado y de 8 a 14 horas los domingos, facilitando las visitas domiciliarias del personal de enfermer\u00eda\u201d, dijo.<\/p>\n<p data-removefontsize=\"true\" data-originalcomputedfontsize=\"13.333333015441895\">Ren\u00e1n Barrera inform\u00f3 que\u00a0 partir de la pandemia por el COVID-19, el programa \u201cM\u00e9dico a Domicilio\u201d a cargo de la direcci\u00f3n de Bienestar Social se reorient\u00f3 para que a trav\u00e9s de una l\u00ednea telef\u00f3nica se pudiera brindar asistencia y orientaci\u00f3n sanitaria.<\/p>\n<p data-removefontsize=\"true\" data-originalcomputedfontsize=\"13.333333015441895\">\u2014En ese sentido, este programa de asistencia telef\u00f3nica se reforz\u00f3 con int\u00e9rpretes en lengua maya para que la atenci\u00f3n y orientaci\u00f3n sea integral y tambi\u00e9n llegue hasta las familias que viven en la ciudad y sus comisar\u00edas y tienen como su lengua nativa la maya \u2014mencion\u00f3.<\/p>\n<p data-removefontsize=\"true\" data-originalcomputedfontsize=\"13.333333015441895\">Detall\u00f3 que de 2018 a febrero de 2020, a trav\u00e9s\u00a0 de este programa, el personal m\u00e9dico brind\u00f3 a domicilio 15,850 consultas m\u00e9dicas;<\/p>\n<p data-removefontsize=\"true\" data-originalcomputedfontsize=\"13.333333015441895\">Mientras que de enero de 2019 a febrero de 2020, luego de que se ampliara el horario de atenci\u00f3n los fines de semana, se proporcion\u00f3 atenci\u00f3n m\u00e9dica a domicilio los d\u00edas s\u00e1bado y domingo, a 3,561 pacientes.<\/p>\n<p data-removefontsize=\"true\" data-originalcomputedfontsize=\"13.333333015441895\">\u2014La pandemia nos puso a todos en una situaci\u00f3n in\u00e9dita en la que tuvimos que aprender a luchar juntos contra una enfermedad de la cual ten\u00edamos total desconocimiento y\u00a0 por ende buscar los recursos para mantener el bienestar individual y colectivo de la mejor manera posible\u00a0 \u2014afirm\u00f3 el alcalde.<\/p>\n<p data-removefontsize=\"true\" data-originalcomputedfontsize=\"13.333333015441895\">Por lo anterior, dijo, el Ayuntamiento reforz\u00f3 las acciones ya emprendidas mediante el apoyo de la asistencia telef\u00f3nica a trav\u00e9s del\u00a0 n\u00famero 999 982 33 29, en el horario de lunes a viernes de 8 a 20 horas, s\u00e1bado y domingo de 8 a 14 horas. La l\u00ednea es atendida por 1 m\u00e9dico y 1 enfermera.<\/p>\n<p data-removefontsize=\"true\" data-originalcomputedfontsize=\"13.333333015441895\">\u2014Se atienden en promedio alrededor de 18 llamadas diarias en las que se ofrece principalmente orientaci\u00f3n sobre el coronavirus \u2014expuso.<\/p>\n<p data-removefontsize=\"true\" data-originalcomputedfontsize=\"13.333333015441895\">Asimismo, explic\u00f3 que\u00a0 el programa \u201cM\u00e9dico a Domicilio\u201d opera con dos unidades, cada una con un m\u00e9dico y una enfermera, quienes ante el llamado acuden de inmediato ya sea a domicilios particulares o a los albergues a practicar revisiones a las familias que llegan para descartar cualquier complicaci\u00f3n de saludo o, en su caso, brindarle la atenci\u00f3n necesaria.<\/p>\n<p data-removefontsize=\"true\" data-originalcomputedfontsize=\"13.333333015441895\">Como medida preventiva ante la propagaci\u00f3n del coronavirus, antes y despu\u00e9s de cada visita domiciliaria, el equipo m\u00e9dico desinfecta el veh\u00edculo que utilizan para su traslado, as\u00ed como todo su material de trabajo; igualmente m\u00e9dico y enfermera asisten con su equipo completo de protecci\u00f3n que incluye bata, careta, guantes y cubrebocas.<\/p>\n<p data-removefontsize=\"true\" data-originalcomputedfontsize=\"13.333333015441895\">Cabe se\u00f1alar que desde el inicio de esta contingencia, el Ayuntamiento de M\u00e9rida tambi\u00e9n puso a disposici\u00f3n de las y los meridanos el micrositio <a href=\"https:\/\/www.merida.gob.mx\/covid19\/index.phpx\" target=\"_blank\" rel=\"noopener\" data-saferedirecturl=\"https:\/\/www.google.com\/url?q=https:\/\/www.merida.gob.mx\/covid19\/index.phpx&amp;source=gmail&amp;ust=1616983469159000&amp;usg=AFQjCNE58TSeadYali6k1Z_yaXnWse1jZg\" data-removefontsize=\"true\" data-originalcomputedfontsize=\"13.333333015441895\">https:\/\/www.merida.gob.mx\/<wbr \/>covid19\/index.phpx<\/a>, donde cualquier ciudadano puede acceder a la informaci\u00f3n relacionada con el COVID-19.<\/p>\n","protected":false},"excerpt":{"rendered":"<p>M\u00e9rida, 27 de marzo de 2021. Contribuir a lograr el mayor bienestar de la ciudadan\u00eda es el impulso m\u00e1s fuerte que tenemos como servidores p\u00fablicos a la hora de elaborar pol\u00edticas p\u00fablicas que nos permitan alcanzar esas metas para mejorar la calidad de vida de todos los que habitamos en el municipio, indic\u00f3 el alcalde [&hellip;]<\/p>\n","protected":false},"author":2,"featured_media":70870,"comment_status":"closed","ping_status":"closed","sticky":false,"template":"","format":"standard","meta":{"footnotes":""},"categories":[2],"tags":[],"class_list":{"0":"post-70869","1":"post","2":"type-post","3":"status-publish","4":"format-standard","5":"has-post-thumbnail","7":"category-merida"},"yoast_head":"<!-- This site is optimized with the Yoast SEO plugin v27.4 - https:\/\/yoast.com\/product\/yoast-seo-wordpress\/ -->\n<title>M\u00e9rida se declara lista y en espera para la aplicaci\u00f3n de vacunas contra Covid-19, afirma Ren\u00e1n Barrera - Yucat\u00e1n en corto<\/title>\n<meta name=\"robots\" content=\"index, follow, max-snippet:-1, max-image-preview:large, max-video-preview:-1\" \/>\n<link rel=\"canonical\" href=\"https:\/\/www.yucatanencorto.com\/noticias\/merida-se-declara-lista-y-en-espera-para-la-aplicacion-de-vacunas-contra-covid-19-afirma-renan-barrera\/\" \/>\n<meta property=\"og:locale\" content=\"es_ES\" \/>\n<meta property=\"og:type\" content=\"article\" \/>\n<meta property=\"og:title\" content=\"M\u00e9rida se declara lista y en espera para la aplicaci\u00f3n de vacunas contra Covid-19, afirma Ren\u00e1n Barrera - Yucat\u00e1n en corto\" \/>\n<meta property=\"og:description\" content=\"M\u00e9rida, 27 de marzo de 2021. Contribuir a lograr el mayor bienestar de la ciudadan\u00eda es el impulso m\u00e1s fuerte que tenemos como servidores p\u00fablicos a la hora de elaborar pol\u00edticas p\u00fablicas que nos permitan alcanzar esas metas para mejorar la calidad de vida de todos los que habitamos en el municipio, indic\u00f3 el alcalde [&hellip;]\" \/>\n<meta property=\"og:url\" content=\"https:\/\/www.yucatanencorto.com\/noticias\/merida-se-declara-lista-y-en-espera-para-la-aplicacion-de-vacunas-contra-covid-19-afirma-renan-barrera\/\" \/>\n<meta property=\"og:site_name\" content=\"Yucat\u00e1n en corto\" \/>\n<meta property=\"article:publisher\" content=\"http:\/\/www.facebook.com\/yucatanencorto\" \/>\n<meta property=\"article:published_time\" content=\"2021-03-28T02:26:52+00:00\" \/>\n<meta property=\"article:modified_time\" content=\"2021-03-28T02:28:19+00:00\" \/>\n<meta property=\"og:image\" content=\"https:\/\/www.yucatanencorto.com\/noticias\/wp-content\/uploads\/2021\/03\/BBE95AEC-304B-4498-9D7D-9ED90FDF4A29-scaled.jpeg\" \/>\n\t<meta property=\"og:image:width\" content=\"768\" \/>\n\t<meta property=\"og:image:height\" content=\"668\" \/>\n\t<meta property=\"og:image:type\" content=\"image\/jpeg\" \/>\n<meta name=\"author\" content=\"Yucat\u00e1n en Corto FC\" \/>\n<meta name=\"twitter:card\" content=\"summary_large_image\" \/>\n<meta name=\"twitter:creator\" content=\"@yucatanencorto\" \/>\n<meta name=\"twitter:site\" content=\"@yucatanencorto\" \/>\n<meta name=\"twitter:label1\" content=\"Escrito por\" \/>\n\t<meta name=\"twitter:data1\" content=\"Yucat\u00e1n en Corto FC\" \/>\n\t<meta name=\"twitter:label2\" content=\"Tiempo de lectura\" \/>\n\t<meta name=\"twitter:data2\" content=\"5 minutos\" \/>\n<script type=\"application\/ld+json\" class=\"yoast-schema-graph\">{\"@context\":\"https:\\\/\\\/schema.org\",\"@graph\":[{\"@type\":\"Article\",\"@id\":\"https:\\\/\\\/www.yucatanencorto.com\\\/noticias\\\/merida-se-declara-lista-y-en-espera-para-la-aplicacion-de-vacunas-contra-covid-19-afirma-renan-barrera\\\/#article\",\"isPartOf\":{\"@id\":\"https:\\\/\\\/www.yucatanencorto.com\\\/noticias\\\/merida-se-declara-lista-y-en-espera-para-la-aplicacion-de-vacunas-contra-covid-19-afirma-renan-barrera\\\/\"},\"author\":{\"name\":\"Yucat\u00e1n en Corto FC\",\"@id\":\"https:\\\/\\\/www.yucatanencorto.com\\\/noticias\\\/#\\\/schema\\\/person\\\/14f82d355225a1f4075dd84a31f45a72\"},\"headline\":\"M\u00e9rida se declara lista y en espera para la aplicaci\u00f3n de vacunas contra Covid-19, afirma Ren\u00e1n Barrera\",\"datePublished\":\"2021-03-28T02:26:52+00:00\",\"dateModified\":\"2021-03-28T02:28:19+00:00\",\"mainEntityOfPage\":{\"@id\":\"https:\\\/\\\/www.yucatanencorto.com\\\/noticias\\\/merida-se-declara-lista-y-en-espera-para-la-aplicacion-de-vacunas-contra-covid-19-afirma-renan-barrera\\\/\"},\"wordCount\":957,\"image\":{\"@id\":\"https:\\\/\\\/www.yucatanencorto.com\\\/noticias\\\/merida-se-declara-lista-y-en-espera-para-la-aplicacion-de-vacunas-contra-covid-19-afirma-renan-barrera\\\/#primaryimage\"},\"thumbnailUrl\":\"https:\\\/\\\/www.yucatanencorto.com\\\/noticias\\\/wp-content\\\/uploads\\\/2021\\\/03\\\/BBE95AEC-304B-4498-9D7D-9ED90FDF4A29-scaled.jpeg\",\"articleSection\":[\"M\u00e9rida\"],\"inLanguage\":\"es\"},{\"@type\":\"WebPage\",\"@id\":\"https:\\\/\\\/www.yucatanencorto.com\\\/noticias\\\/merida-se-declara-lista-y-en-espera-para-la-aplicacion-de-vacunas-contra-covid-19-afirma-renan-barrera\\\/\",\"url\":\"https:\\\/\\\/www.yucatanencorto.com\\\/noticias\\\/merida-se-declara-lista-y-en-espera-para-la-aplicacion-de-vacunas-contra-covid-19-afirma-renan-barrera\\\/\",\"name\":\"M\u00e9rida se declara lista y en espera para la aplicaci\u00f3n de vacunas contra Covid-19, afirma Ren\u00e1n Barrera - Yucat\u00e1n en corto\",\"isPartOf\":{\"@id\":\"https:\\\/\\\/www.yucatanencorto.com\\\/noticias\\\/#website\"},\"primaryImageOfPage\":{\"@id\":\"https:\\\/\\\/www.yucatanencorto.com\\\/noticias\\\/merida-se-declara-lista-y-en-espera-para-la-aplicacion-de-vacunas-contra-covid-19-afirma-renan-barrera\\\/#primaryimage\"},\"image\":{\"@id\":\"https:\\\/\\\/www.yucatanencorto.com\\\/noticias\\\/merida-se-declara-lista-y-en-espera-para-la-aplicacion-de-vacunas-contra-covid-19-afirma-renan-barrera\\\/#primaryimage\"},\"thumbnailUrl\":\"https:\\\/\\\/www.yucatanencorto.com\\\/noticias\\\/wp-content\\\/uploads\\\/2021\\\/03\\\/BBE95AEC-304B-4498-9D7D-9ED90FDF4A29-scaled.jpeg\",\"datePublished\":\"2021-03-28T02:26:52+00:00\",\"dateModified\":\"2021-03-28T02:28:19+00:00\",\"author\":{\"@id\":\"https:\\\/\\\/www.yucatanencorto.com\\\/noticias\\\/#\\\/schema\\\/person\\\/14f82d355225a1f4075dd84a31f45a72\"},\"breadcrumb\":{\"@id\":\"https:\\\/\\\/www.yucatanencorto.com\\\/noticias\\\/merida-se-declara-lista-y-en-espera-para-la-aplicacion-de-vacunas-contra-covid-19-afirma-renan-barrera\\\/#breadcrumb\"},\"inLanguage\":\"es\",\"potentialAction\":[{\"@type\":\"ReadAction\",\"target\":[\"https:\\\/\\\/www.yucatanencorto.com\\\/noticias\\\/merida-se-declara-lista-y-en-espera-para-la-aplicacion-de-vacunas-contra-covid-19-afirma-renan-barrera\\\/\"]}]},{\"@type\":\"ImageObject\",\"inLanguage\":\"es\",\"@id\":\"https:\\\/\\\/www.yucatanencorto.com\\\/noticias\\\/merida-se-declara-lista-y-en-espera-para-la-aplicacion-de-vacunas-contra-covid-19-afirma-renan-barrera\\\/#primaryimage\",\"url\":\"https:\\\/\\\/www.yucatanencorto.com\\\/noticias\\\/wp-content\\\/uploads\\\/2021\\\/03\\\/BBE95AEC-304B-4498-9D7D-9ED90FDF4A29-scaled.jpeg\",\"contentUrl\":\"https:\\\/\\\/www.yucatanencorto.com\\\/noticias\\\/wp-content\\\/uploads\\\/2021\\\/03\\\/BBE95AEC-304B-4498-9D7D-9ED90FDF4A29-scaled.jpeg\",\"width\":768,\"height\":668},{\"@type\":\"BreadcrumbList\",\"@id\":\"https:\\\/\\\/www.yucatanencorto.com\\\/noticias\\\/merida-se-declara-lista-y-en-espera-para-la-aplicacion-de-vacunas-contra-covid-19-afirma-renan-barrera\\\/#breadcrumb\",\"itemListElement\":[{\"@type\":\"ListItem\",\"position\":1,\"name\":\"Portada\",\"item\":\"https:\\\/\\\/www.yucatanencorto.com\\\/noticias\\\/\"},{\"@type\":\"ListItem\",\"position\":2,\"name\":\"M\u00e9rida se declara lista y en espera para la aplicaci\u00f3n de vacunas contra Covid-19, afirma Ren\u00e1n Barrera\"}]},{\"@type\":\"WebSite\",\"@id\":\"https:\\\/\\\/www.yucatanencorto.com\\\/noticias\\\/#website\",\"url\":\"https:\\\/\\\/www.yucatanencorto.com\\\/noticias\\\/\",\"name\":\"Yucat\u00e1n en corto\",\"description\":\"Noticias\",\"potentialAction\":[{\"@type\":\"SearchAction\",\"target\":{\"@type\":\"EntryPoint\",\"urlTemplate\":\"https:\\\/\\\/www.yucatanencorto.com\\\/noticias\\\/?s={search_term_string}\"},\"query-input\":{\"@type\":\"PropertyValueSpecification\",\"valueRequired\":true,\"valueName\":\"search_term_string\"}}],\"inLanguage\":\"es\"},{\"@type\":\"Person\",\"@id\":\"https:\\\/\\\/www.yucatanencorto.com\\\/noticias\\\/#\\\/schema\\\/person\\\/14f82d355225a1f4075dd84a31f45a72\",\"name\":\"Yucat\u00e1n en Corto FC\",\"image\":{\"@type\":\"ImageObject\",\"inLanguage\":\"es\",\"@id\":\"https:\\\/\\\/secure.gravatar.com\\\/avatar\\\/147d4b30cd728c53c29c49a3f7834dedca33707f4cd259761355846009a88250?s=96&d=mm&r=g\",\"url\":\"https:\\\/\\\/secure.gravatar.com\\\/avatar\\\/147d4b30cd728c53c29c49a3f7834dedca33707f4cd259761355846009a88250?s=96&d=mm&r=g\",\"contentUrl\":\"https:\\\/\\\/secure.gravatar.com\\\/avatar\\\/147d4b30cd728c53c29c49a3f7834dedca33707f4cd259761355846009a88250?s=96&d=mm&r=g\",\"caption\":\"Yucat\u00e1n en Corto FC\"},\"url\":\"https:\\\/\\\/www.yucatanencorto.com\\\/noticias\\\/author\\\/flor\\\/\"}]}<\/script>\n<!-- \/ Yoast SEO plugin. -->","yoast_head_json":{"title":"M\u00e9rida se declara lista y en espera para la aplicaci\u00f3n de vacunas contra Covid-19, afirma Ren\u00e1n Barrera - Yucat\u00e1n en corto","robots":{"index":"index","follow":"follow","max-snippet":"max-snippet:-1","max-image-preview":"max-image-preview:large","max-video-preview":"max-video-preview:-1"},"canonical":"https:\/\/www.yucatanencorto.com\/noticias\/merida-se-declara-lista-y-en-espera-para-la-aplicacion-de-vacunas-contra-covid-19-afirma-renan-barrera\/","og_locale":"es_ES","og_type":"article","og_title":"M\u00e9rida se declara lista y en espera para la aplicaci\u00f3n de vacunas contra Covid-19, afirma Ren\u00e1n Barrera - Yucat\u00e1n en corto","og_description":"M\u00e9rida, 27 de marzo de 2021. Contribuir a lograr el mayor bienestar de la ciudadan\u00eda es el impulso m\u00e1s fuerte que tenemos como servidores p\u00fablicos a la hora de elaborar pol\u00edticas p\u00fablicas que nos permitan alcanzar esas metas para mejorar la calidad de vida de todos los que habitamos en el municipio, indic\u00f3 el alcalde [&hellip;]","og_url":"https:\/\/www.yucatanencorto.com\/noticias\/merida-se-declara-lista-y-en-espera-para-la-aplicacion-de-vacunas-contra-covid-19-afirma-renan-barrera\/","og_site_name":"Yucat\u00e1n en corto","article_publisher":"http:\/\/www.facebook.com\/yucatanencorto","article_published_time":"2021-03-28T02:26:52+00:00","article_modified_time":"2021-03-28T02:28:19+00:00","og_image":[{"width":768,"height":668,"url":"https:\/\/www.yucatanencorto.com\/noticias\/wp-content\/uploads\/2021\/03\/BBE95AEC-304B-4498-9D7D-9ED90FDF4A29-scaled.jpeg","type":"image\/jpeg"}],"author":"Yucat\u00e1n en Corto FC","twitter_card":"summary_large_image","twitter_creator":"@yucatanencorto","twitter_site":"@yucatanencorto","twitter_misc":{"Escrito por":"Yucat\u00e1n en Corto FC","Tiempo de lectura":"5 minutos"},"schema":{"@context":"https:\/\/schema.org","@graph":[{"@type":"Article","@id":"https:\/\/www.yucatanencorto.com\/noticias\/merida-se-declara-lista-y-en-espera-para-la-aplicacion-de-vacunas-contra-covid-19-afirma-renan-barrera\/#article","isPartOf":{"@id":"https:\/\/www.yucatanencorto.com\/noticias\/merida-se-declara-lista-y-en-espera-para-la-aplicacion-de-vacunas-contra-covid-19-afirma-renan-barrera\/"},"author":{"name":"Yucat\u00e1n en Corto FC","@id":"https:\/\/www.yucatanencorto.com\/noticias\/#\/schema\/person\/14f82d355225a1f4075dd84a31f45a72"},"headline":"M\u00e9rida se declara lista y en espera para la aplicaci\u00f3n de vacunas contra Covid-19, afirma Ren\u00e1n Barrera","datePublished":"2021-03-28T02:26:52+00:00","dateModified":"2021-03-28T02:28:19+00:00","mainEntityOfPage":{"@id":"https:\/\/www.yucatanencorto.com\/noticias\/merida-se-declara-lista-y-en-espera-para-la-aplicacion-de-vacunas-contra-covid-19-afirma-renan-barrera\/"},"wordCount":957,"image":{"@id":"https:\/\/www.yucatanencorto.com\/noticias\/merida-se-declara-lista-y-en-espera-para-la-aplicacion-de-vacunas-contra-covid-19-afirma-renan-barrera\/#primaryimage"},"thumbnailUrl":"https:\/\/www.yucatanencorto.com\/noticias\/wp-content\/uploads\/2021\/03\/BBE95AEC-304B-4498-9D7D-9ED90FDF4A29-scaled.jpeg","articleSection":["M\u00e9rida"],"inLanguage":"es"},{"@type":"WebPage","@id":"https:\/\/www.yucatanencorto.com\/noticias\/merida-se-declara-lista-y-en-espera-para-la-aplicacion-de-vacunas-contra-covid-19-afirma-renan-barrera\/","url":"https:\/\/www.yucatanencorto.com\/noticias\/merida-se-declara-lista-y-en-espera-para-la-aplicacion-de-vacunas-contra-covid-19-afirma-renan-barrera\/","name":"M\u00e9rida se declara lista y en espera para la aplicaci\u00f3n de vacunas contra Covid-19, afirma Ren\u00e1n Barrera - Yucat\u00e1n en corto","isPartOf":{"@id":"https:\/\/www.yucatanencorto.com\/noticias\/#website"},"primaryImageOfPage":{"@id":"https:\/\/www.yucatanencorto.com\/noticias\/merida-se-declara-lista-y-en-espera-para-la-aplicacion-de-vacunas-contra-covid-19-afirma-renan-barrera\/#primaryimage"},"image":{"@id":"https:\/\/www.yucatanencorto.com\/noticias\/merida-se-declara-lista-y-en-espera-para-la-aplicacion-de-vacunas-contra-covid-19-afirma-renan-barrera\/#primaryimage"},"thumbnailUrl":"https:\/\/www.yucatanencorto.com\/noticias\/wp-content\/uploads\/2021\/03\/BBE95AEC-304B-4498-9D7D-9ED90FDF4A29-scaled.jpeg","datePublished":"2021-03-28T02:26:52+00:00","dateModified":"2021-03-28T02:28:19+00:00","author":{"@id":"https:\/\/www.yucatanencorto.com\/noticias\/#\/schema\/person\/14f82d355225a1f4075dd84a31f45a72"},"breadcrumb":{"@id":"https:\/\/www.yucatanencorto.com\/noticias\/merida-se-declara-lista-y-en-espera-para-la-aplicacion-de-vacunas-contra-covid-19-afirma-renan-barrera\/#breadcrumb"},"inLanguage":"es","potentialAction":[{"@type":"ReadAction","target":["https:\/\/www.yucatanencorto.com\/noticias\/merida-se-declara-lista-y-en-espera-para-la-aplicacion-de-vacunas-contra-covid-19-afirma-renan-barrera\/"]}]},{"@type":"ImageObject","inLanguage":"es","@id":"https:\/\/www.yucatanencorto.com\/noticias\/merida-se-declara-lista-y-en-espera-para-la-aplicacion-de-vacunas-contra-covid-19-afirma-renan-barrera\/#primaryimage","url":"https:\/\/www.yucatanencorto.com\/noticias\/wp-content\/uploads\/2021\/03\/BBE95AEC-304B-4498-9D7D-9ED90FDF4A29-scaled.jpeg","contentUrl":"https:\/\/www.yucatanencorto.com\/noticias\/wp-content\/uploads\/2021\/03\/BBE95AEC-304B-4498-9D7D-9ED90FDF4A29-scaled.jpeg","width":768,"height":668},{"@type":"BreadcrumbList","@id":"https:\/\/www.yucatanencorto.com\/noticias\/merida-se-declara-lista-y-en-espera-para-la-aplicacion-de-vacunas-contra-covid-19-afirma-renan-barrera\/#breadcrumb","itemListElement":[{"@type":"ListItem","position":1,"name":"Portada","item":"https:\/\/www.yucatanencorto.com\/noticias\/"},{"@type":"ListItem","position":2,"name":"M\u00e9rida se declara lista y en espera para la aplicaci\u00f3n de vacunas contra Covid-19, afirma Ren\u00e1n Barrera"}]},{"@type":"WebSite","@id":"https:\/\/www.yucatanencorto.com\/noticias\/#website","url":"https:\/\/www.yucatanencorto.com\/noticias\/","name":"Yucat\u00e1n en corto","description":"Noticias","potentialAction":[{"@type":"SearchAction","target":{"@type":"EntryPoint","urlTemplate":"https:\/\/www.yucatanencorto.com\/noticias\/?s={search_term_string}"},"query-input":{"@type":"PropertyValueSpecification","valueRequired":true,"valueName":"search_term_string"}}],"inLanguage":"es"},{"@type":"Person","@id":"https:\/\/www.yucatanencorto.com\/noticias\/#\/schema\/person\/14f82d355225a1f4075dd84a31f45a72","name":"Yucat\u00e1n en Corto FC","image":{"@type":"ImageObject","inLanguage":"es","@id":"https:\/\/secure.gravatar.com\/avatar\/147d4b30cd728c53c29c49a3f7834dedca33707f4cd259761355846009a88250?s=96&d=mm&r=g","url":"https:\/\/secure.gravatar.com\/avatar\/147d4b30cd728c53c29c49a3f7834dedca33707f4cd259761355846009a88250?s=96&d=mm&r=g","contentUrl":"https:\/\/secure.gravatar.com\/avatar\/147d4b30cd728c53c29c49a3f7834dedca33707f4cd259761355846009a88250?s=96&d=mm&r=g","caption":"Yucat\u00e1n en Corto FC"},"url":"https:\/\/www.yucatanencorto.com\/noticias\/author\/flor\/"}]}},"_links":{"self":[{"href":"https:\/\/www.yucatanencorto.com\/noticias\/wp-json\/wp\/v2\/posts\/70869","targetHints":{"allow":["GET"]}}],"collection":[{"href":"https:\/\/www.yucatanencorto.com\/noticias\/wp-json\/wp\/v2\/posts"}],"about":[{"href":"https:\/\/www.yucatanencorto.com\/noticias\/wp-json\/wp\/v2\/types\/post"}],"author":[{"embeddable":true,"href":"https:\/\/www.yucatanencorto.com\/noticias\/wp-json\/wp\/v2\/users\/2"}],"replies":[{"embeddable":true,"href":"https:\/\/www.yucatanencorto.com\/noticias\/wp-json\/wp\/v2\/comments?post=70869"}],"version-history":[{"count":0,"href":"https:\/\/www.yucatanencorto.com\/noticias\/wp-json\/wp\/v2\/posts\/70869\/revisions"}],"wp:featuredmedia":[{"embeddable":true,"href":"https:\/\/www.yucatanencorto.com\/noticias\/wp-json\/wp\/v2\/media\/70870"}],"wp:attachment":[{"href":"https:\/\/www.yucatanencorto.com\/noticias\/wp-json\/wp\/v2\/media?parent=70869"}],"wp:term":[{"taxonomy":"category","embeddable":true,"href":"https:\/\/www.yucatanencorto.com\/noticias\/wp-json\/wp\/v2\/categories?post=70869"},{"taxonomy":"post_tag","embeddable":true,"href":"https:\/\/www.yucatanencorto.com\/noticias\/wp-json\/wp\/v2\/tags?post=70869"}],"curies":[{"name":"wp","href":"https:\/\/api.w.org\/{rel}","templated":true}]}}