{"id":70872,"date":"2021-03-27T20:32:23","date_gmt":"2021-03-28T02:32:23","guid":{"rendered":"https:\/\/www.yucatanencorto.com\/noticias\/?p=70872"},"modified":"2021-03-27T20:32:23","modified_gmt":"2021-03-28T02:32:23","slug":"supervisan-nuevas-calles-en-chablekal-y-el-inicio-de-una-ciclopista-en-xcunya","status":"publish","type":"post","link":"https:\/\/www.yucatanencorto.com\/noticias\/supervisan-nuevas-calles-en-chablekal-y-el-inicio-de-una-ciclopista-en-xcunya\/","title":{"rendered":"Supervisan nuevas calles en Chablekal y el inicio de una ciclopista en Xcuny\u00e1"},"content":{"rendered":"<p data-removefontsize=\"true\" data-originalcomputedfontsize=\"13.333333015441895\"><img loading=\"lazy\" decoding=\"async\" class=\"alignnone size-full wp-image-70873\" src=\"https:\/\/www.yucatanencorto.com\/noticias\/wp-content\/uploads\/2021\/03\/9E120E65-A395-4566-B872-D61B97955410-scaled.jpeg\" alt=\"\" width=\"746\" height=\"768\" srcset=\"https:\/\/www.yucatanencorto.com\/noticias\/wp-content\/uploads\/2021\/03\/9E120E65-A395-4566-B872-D61B97955410-scaled.jpeg 746w, https:\/\/www.yucatanencorto.com\/noticias\/wp-content\/uploads\/2021\/03\/9E120E65-A395-4566-B872-D61B97955410-768x791.jpeg 768w, https:\/\/www.yucatanencorto.com\/noticias\/wp-content\/uploads\/2021\/03\/9E120E65-A395-4566-B872-D61B97955410-696x717.jpeg 696w, https:\/\/www.yucatanencorto.com\/noticias\/wp-content\/uploads\/2021\/03\/9E120E65-A395-4566-B872-D61B97955410-1068x1100.jpeg 1068w, https:\/\/www.yucatanencorto.com\/noticias\/wp-content\/uploads\/2021\/03\/9E120E65-A395-4566-B872-D61B97955410-408x420.jpeg 408w\" sizes=\"auto, (max-width: 746px) 100vw, 746px\" \/>M\u00e9rida, 27 de marzo de 2021. Parte de las pol\u00edticas p\u00fablicas que impulsa este Ayuntamiento se encaminan a ofrecer m\u00e1s y mejores opciones de movilidad para la ciudadan\u00eda, mediante una planeaci\u00f3n que nos permita trazar un futuro m\u00e1s sustentable, asever\u00f3 el alcalde Ren\u00e1n Barrera Concha durante una jornada de trabajo en las comisar\u00edas de Chablekal e Xcuny\u00e1, donde supervis\u00f3 la construcci\u00f3n de calles y dio el banderazo de inicio de una ciclopista.<\/p>\n<p data-removefontsize=\"true\" data-originalcomputedfontsize=\"13.333333015441895\">En la entrada a la comisar\u00eda de Xcuny\u00e1, el Presidente Municipal, acompa\u00f1ado por la comisaria Fidelia May Chal\u00e9, dio el banderazo de inicio de la construcci\u00f3n de ciclopista, obra de 3.05 km que conectar\u00e1 a la comisar\u00eda con la carretera a Dzibilchalt\u00fan y la calle 20 al cementerio de Xcuny\u00e1.<\/p>\n<p data-removefontsize=\"true\" data-originalcomputedfontsize=\"13.333333015441895\">\u201cEsta carretera ustedes la conocen y transitan a diario; la inversi\u00f3n que estamos haciendo es in\u00e9dita, asciende a $3.198,392.16 provenientes de recursos de infraestructura del Ramo 33 correspondiente a la cuarta priorizaci\u00f3n del 2020. En esta obra lo que buscamos es garantizar la seguridad de los casi mil habitantes de la comunidad y de modo indirecto a todos los pobladores de las comisarias vecinas\u201d, indic\u00f3.<\/p>\n<p data-removefontsize=\"true\" data-originalcomputedfontsize=\"13.333333015441895\">Mencion\u00f3 que esta obra tiene una importancia adicional, ya que servir\u00e1 para dar mayor impulso al Proyecto de Paseos Rurales Ecotur\u00edsticos, que se desarrolla en la comunidad y que incluye paseos en bicicletas por diferentes rutas tem\u00e1ticas de la zona, como la ecol\u00f3gica o la de aventura.<\/p>\n<p data-removefontsize=\"true\" data-originalcomputedfontsize=\"13.333333015441895\">De igual manera inform\u00f3 que en Xcuny\u00e1 el Ayuntamiento ha realizado 17 acciones de vivienda, la construcci\u00f3n de 150 metros lineales de ampliaci\u00f3n de red de agua potable, as\u00ed como un osario en el cementerio del lugar.<\/p>\n<p data-removefontsize=\"true\" data-originalcomputedfontsize=\"13.333333015441895\">Adem\u00e1s, este a\u00f1o se realizar\u00e1n 26 acciones de vivienda, una calle pavimentada y 14 sistemas de drenaje pluvial, todo esto con una inversi\u00f3n total de $27.241,455.52, a\u00f1adi\u00f3.<\/p>\n<p data-removefontsize=\"true\" data-originalcomputedfontsize=\"13.333333015441895\">En Chablekal, acompa\u00f1ado de la comisaria Mar\u00eda Chim Chim, de los directores David Lor\u00eda Magdub, de Obras P\u00fablicas y Jos\u00e9 Luis Mart\u00ednez Semerena, de Desarrollo Social, as\u00ed como del subdirector de Servicios P\u00fablicos Oriente, Ricardo Negroe Acosta, Barrera Concha recorri\u00f3 la nueva vialidad ubicada en la calle 27 x 14 y 18.<\/p>\n<p data-removefontsize=\"true\" data-originalcomputedfontsize=\"13.333333015441895\">El Concejal inform\u00f3 que esta y otras vialidades que se construyen en la comisar\u00eda, as\u00ed como su equipamiento de sistemas de drenaje y guarniciones y banquetas, suman casi 209.85 metros lineales, aunados a 729.75 metros cuadrados de guarniciones y banquetas y 8 sistemas de drenaje pluvial, que son el resultado del compromiso asumido con la ciudad y sobre todo con los habitantes de las comisarias.<\/p>\n<p data-removefontsize=\"true\" data-originalcomputedfontsize=\"13.333333015441895\">La inversi\u00f3n asciende a $931,767.98, recurso que forma parte de Infraestructura del Ramo 33 autorizado en la segunda priorizaci\u00f3n de 2020.<\/p>\n<p data-removefontsize=\"true\" data-originalcomputedfontsize=\"13.333333015441895\">Barrera Concha se\u00f1al\u00f3 que con estas obras cumple con su compromiso de ofrecerles una mejor infraestructura urbana a las comisar\u00edas, toda vez que abonan a la estrategia de fortalecer el desarrollo de la zona rural.<\/p>\n<p data-removefontsize=\"true\" data-originalcomputedfontsize=\"13.333333015441895\">Mencion\u00f3 que incluyendo estas obras, el Ayuntamiento ha invertido en esta comisar\u00eda la cantidad de $20.517,130.06 en la construcci\u00f3n de calles, sistemas de drenajes, guarniciones y banquetas, acciones de vivienda y ampliaciones de redes de agua potable y el\u00e9ctrica.<\/p>\n<p data-removefontsize=\"true\" data-originalcomputedfontsize=\"13.333333015441895\">Finalmente, Barrera Concha refrend\u00f3 su compromiso de continuar trabajando para seguir avanzando por el camino del desarrollo integral de M\u00e9rida y sus 47 comisar\u00edas, manteniendo al municipio como un lugar pac\u00edfico y con servicios p\u00fablicos de calidad para todos sus habitantes.<\/p>\n","protected":false},"excerpt":{"rendered":"<p>M\u00e9rida, 27 de marzo de 2021. Parte de las pol\u00edticas p\u00fablicas que impulsa este Ayuntamiento se encaminan a ofrecer m\u00e1s y mejores opciones de movilidad para la ciudadan\u00eda, mediante una planeaci\u00f3n que nos permita trazar un futuro m\u00e1s sustentable, asever\u00f3 el alcalde Ren\u00e1n Barrera Concha durante una jornada de trabajo en las comisar\u00edas de Chablekal [&hellip;]<\/p>\n","protected":false},"author":2,"featured_media":70873,"comment_status":"closed","ping_status":"closed","sticky":false,"template":"","format":"standard","meta":{"footnotes":""},"categories":[2],"tags":[],"class_list":{"0":"post-70872","1":"post","2":"type-post","3":"status-publish","4":"format-standard","5":"has-post-thumbnail","7":"category-merida"},"yoast_head":"<!-- This site is optimized with the Yoast SEO plugin v27.4 - https:\/\/yoast.com\/product\/yoast-seo-wordpress\/ -->\n<title>Supervisan nuevas calles en Chablekal y el inicio de una ciclopista en Xcuny\u00e1 - Yucat\u00e1n en corto<\/title>\n<meta name=\"robots\" content=\"index, follow, max-snippet:-1, max-image-preview:large, max-video-preview:-1\" \/>\n<link rel=\"canonical\" href=\"https:\/\/www.yucatanencorto.com\/noticias\/supervisan-nuevas-calles-en-chablekal-y-el-inicio-de-una-ciclopista-en-xcunya\/\" \/>\n<meta property=\"og:locale\" content=\"es_ES\" \/>\n<meta property=\"og:type\" content=\"article\" \/>\n<meta property=\"og:title\" content=\"Supervisan nuevas calles en Chablekal y el inicio de una ciclopista en Xcuny\u00e1 - Yucat\u00e1n en corto\" \/>\n<meta property=\"og:description\" content=\"M\u00e9rida, 27 de marzo de 2021. Parte de las pol\u00edticas p\u00fablicas que impulsa este Ayuntamiento se encaminan a ofrecer m\u00e1s y mejores opciones de movilidad para la ciudadan\u00eda, mediante una planeaci\u00f3n que nos permita trazar un futuro m\u00e1s sustentable, asever\u00f3 el alcalde Ren\u00e1n Barrera Concha durante una jornada de trabajo en las comisar\u00edas de Chablekal [&hellip;]\" \/>\n<meta property=\"og:url\" content=\"https:\/\/www.yucatanencorto.com\/noticias\/supervisan-nuevas-calles-en-chablekal-y-el-inicio-de-una-ciclopista-en-xcunya\/\" \/>\n<meta property=\"og:site_name\" content=\"Yucat\u00e1n en corto\" \/>\n<meta property=\"article:publisher\" content=\"http:\/\/www.facebook.com\/yucatanencorto\" \/>\n<meta property=\"article:published_time\" content=\"2021-03-28T02:32:23+00:00\" \/>\n<meta property=\"og:image\" content=\"https:\/\/www.yucatanencorto.com\/noticias\/wp-content\/uploads\/2021\/03\/9E120E65-A395-4566-B872-D61B97955410-scaled.jpeg\" \/>\n\t<meta property=\"og:image:width\" content=\"746\" \/>\n\t<meta property=\"og:image:height\" content=\"768\" \/>\n\t<meta property=\"og:image:type\" content=\"image\/jpeg\" \/>\n<meta name=\"author\" content=\"Yucat\u00e1n en Corto FC\" \/>\n<meta name=\"twitter:card\" content=\"summary_large_image\" \/>\n<meta name=\"twitter:creator\" content=\"@yucatanencorto\" \/>\n<meta name=\"twitter:site\" content=\"@yucatanencorto\" \/>\n<meta name=\"twitter:label1\" content=\"Escrito por\" \/>\n\t<meta name=\"twitter:data1\" content=\"Yucat\u00e1n en Corto FC\" \/>\n\t<meta name=\"twitter:label2\" content=\"Tiempo de lectura\" \/>\n\t<meta name=\"twitter:data2\" content=\"3 minutos\" \/>\n<script type=\"application\/ld+json\" class=\"yoast-schema-graph\">{\"@context\":\"https:\\\/\\\/schema.org\",\"@graph\":[{\"@type\":\"Article\",\"@id\":\"https:\\\/\\\/www.yucatanencorto.com\\\/noticias\\\/supervisan-nuevas-calles-en-chablekal-y-el-inicio-de-una-ciclopista-en-xcunya\\\/#article\",\"isPartOf\":{\"@id\":\"https:\\\/\\\/www.yucatanencorto.com\\\/noticias\\\/supervisan-nuevas-calles-en-chablekal-y-el-inicio-de-una-ciclopista-en-xcunya\\\/\"},\"author\":{\"name\":\"Yucat\u00e1n en Corto FC\",\"@id\":\"https:\\\/\\\/www.yucatanencorto.com\\\/noticias\\\/#\\\/schema\\\/person\\\/14f82d355225a1f4075dd84a31f45a72\"},\"headline\":\"Supervisan nuevas calles en Chablekal y el inicio de una ciclopista en Xcuny\u00e1\",\"datePublished\":\"2021-03-28T02:32:23+00:00\",\"mainEntityOfPage\":{\"@id\":\"https:\\\/\\\/www.yucatanencorto.com\\\/noticias\\\/supervisan-nuevas-calles-en-chablekal-y-el-inicio-de-una-ciclopista-en-xcunya\\\/\"},\"wordCount\":587,\"image\":{\"@id\":\"https:\\\/\\\/www.yucatanencorto.com\\\/noticias\\\/supervisan-nuevas-calles-en-chablekal-y-el-inicio-de-una-ciclopista-en-xcunya\\\/#primaryimage\"},\"thumbnailUrl\":\"https:\\\/\\\/www.yucatanencorto.com\\\/noticias\\\/wp-content\\\/uploads\\\/2021\\\/03\\\/9E120E65-A395-4566-B872-D61B97955410-scaled.jpeg\",\"articleSection\":[\"M\u00e9rida\"],\"inLanguage\":\"es\"},{\"@type\":\"WebPage\",\"@id\":\"https:\\\/\\\/www.yucatanencorto.com\\\/noticias\\\/supervisan-nuevas-calles-en-chablekal-y-el-inicio-de-una-ciclopista-en-xcunya\\\/\",\"url\":\"https:\\\/\\\/www.yucatanencorto.com\\\/noticias\\\/supervisan-nuevas-calles-en-chablekal-y-el-inicio-de-una-ciclopista-en-xcunya\\\/\",\"name\":\"Supervisan nuevas calles en Chablekal y el inicio de una ciclopista en Xcuny\u00e1 - Yucat\u00e1n en corto\",\"isPartOf\":{\"@id\":\"https:\\\/\\\/www.yucatanencorto.com\\\/noticias\\\/#website\"},\"primaryImageOfPage\":{\"@id\":\"https:\\\/\\\/www.yucatanencorto.com\\\/noticias\\\/supervisan-nuevas-calles-en-chablekal-y-el-inicio-de-una-ciclopista-en-xcunya\\\/#primaryimage\"},\"image\":{\"@id\":\"https:\\\/\\\/www.yucatanencorto.com\\\/noticias\\\/supervisan-nuevas-calles-en-chablekal-y-el-inicio-de-una-ciclopista-en-xcunya\\\/#primaryimage\"},\"thumbnailUrl\":\"https:\\\/\\\/www.yucatanencorto.com\\\/noticias\\\/wp-content\\\/uploads\\\/2021\\\/03\\\/9E120E65-A395-4566-B872-D61B97955410-scaled.jpeg\",\"datePublished\":\"2021-03-28T02:32:23+00:00\",\"author\":{\"@id\":\"https:\\\/\\\/www.yucatanencorto.com\\\/noticias\\\/#\\\/schema\\\/person\\\/14f82d355225a1f4075dd84a31f45a72\"},\"breadcrumb\":{\"@id\":\"https:\\\/\\\/www.yucatanencorto.com\\\/noticias\\\/supervisan-nuevas-calles-en-chablekal-y-el-inicio-de-una-ciclopista-en-xcunya\\\/#breadcrumb\"},\"inLanguage\":\"es\",\"potentialAction\":[{\"@type\":\"ReadAction\",\"target\":[\"https:\\\/\\\/www.yucatanencorto.com\\\/noticias\\\/supervisan-nuevas-calles-en-chablekal-y-el-inicio-de-una-ciclopista-en-xcunya\\\/\"]}]},{\"@type\":\"ImageObject\",\"inLanguage\":\"es\",\"@id\":\"https:\\\/\\\/www.yucatanencorto.com\\\/noticias\\\/supervisan-nuevas-calles-en-chablekal-y-el-inicio-de-una-ciclopista-en-xcunya\\\/#primaryimage\",\"url\":\"https:\\\/\\\/www.yucatanencorto.com\\\/noticias\\\/wp-content\\\/uploads\\\/2021\\\/03\\\/9E120E65-A395-4566-B872-D61B97955410-scaled.jpeg\",\"contentUrl\":\"https:\\\/\\\/www.yucatanencorto.com\\\/noticias\\\/wp-content\\\/uploads\\\/2021\\\/03\\\/9E120E65-A395-4566-B872-D61B97955410-scaled.jpeg\",\"width\":746,\"height\":768},{\"@type\":\"BreadcrumbList\",\"@id\":\"https:\\\/\\\/www.yucatanencorto.com\\\/noticias\\\/supervisan-nuevas-calles-en-chablekal-y-el-inicio-de-una-ciclopista-en-xcunya\\\/#breadcrumb\",\"itemListElement\":[{\"@type\":\"ListItem\",\"position\":1,\"name\":\"Portada\",\"item\":\"https:\\\/\\\/www.yucatanencorto.com\\\/noticias\\\/\"},{\"@type\":\"ListItem\",\"position\":2,\"name\":\"Supervisan nuevas calles en Chablekal y el inicio de una ciclopista en Xcuny\u00e1\"}]},{\"@type\":\"WebSite\",\"@id\":\"https:\\\/\\\/www.yucatanencorto.com\\\/noticias\\\/#website\",\"url\":\"https:\\\/\\\/www.yucatanencorto.com\\\/noticias\\\/\",\"name\":\"Yucat\u00e1n en corto\",\"description\":\"Noticias\",\"potentialAction\":[{\"@type\":\"SearchAction\",\"target\":{\"@type\":\"EntryPoint\",\"urlTemplate\":\"https:\\\/\\\/www.yucatanencorto.com\\\/noticias\\\/?s={search_term_string}\"},\"query-input\":{\"@type\":\"PropertyValueSpecification\",\"valueRequired\":true,\"valueName\":\"search_term_string\"}}],\"inLanguage\":\"es\"},{\"@type\":\"Person\",\"@id\":\"https:\\\/\\\/www.yucatanencorto.com\\\/noticias\\\/#\\\/schema\\\/person\\\/14f82d355225a1f4075dd84a31f45a72\",\"name\":\"Yucat\u00e1n en Corto FC\",\"image\":{\"@type\":\"ImageObject\",\"inLanguage\":\"es\",\"@id\":\"https:\\\/\\\/secure.gravatar.com\\\/avatar\\\/147d4b30cd728c53c29c49a3f7834dedca33707f4cd259761355846009a88250?s=96&d=mm&r=g\",\"url\":\"https:\\\/\\\/secure.gravatar.com\\\/avatar\\\/147d4b30cd728c53c29c49a3f7834dedca33707f4cd259761355846009a88250?s=96&d=mm&r=g\",\"contentUrl\":\"https:\\\/\\\/secure.gravatar.com\\\/avatar\\\/147d4b30cd728c53c29c49a3f7834dedca33707f4cd259761355846009a88250?s=96&d=mm&r=g\",\"caption\":\"Yucat\u00e1n en Corto FC\"},\"url\":\"https:\\\/\\\/www.yucatanencorto.com\\\/noticias\\\/author\\\/flor\\\/\"}]}<\/script>\n<!-- \/ Yoast SEO plugin. -->","yoast_head_json":{"title":"Supervisan nuevas calles en Chablekal y el inicio de una ciclopista en Xcuny\u00e1 - Yucat\u00e1n en corto","robots":{"index":"index","follow":"follow","max-snippet":"max-snippet:-1","max-image-preview":"max-image-preview:large","max-video-preview":"max-video-preview:-1"},"canonical":"https:\/\/www.yucatanencorto.com\/noticias\/supervisan-nuevas-calles-en-chablekal-y-el-inicio-de-una-ciclopista-en-xcunya\/","og_locale":"es_ES","og_type":"article","og_title":"Supervisan nuevas calles en Chablekal y el inicio de una ciclopista en Xcuny\u00e1 - Yucat\u00e1n en corto","og_description":"M\u00e9rida, 27 de marzo de 2021. Parte de las pol\u00edticas p\u00fablicas que impulsa este Ayuntamiento se encaminan a ofrecer m\u00e1s y mejores opciones de movilidad para la ciudadan\u00eda, mediante una planeaci\u00f3n que nos permita trazar un futuro m\u00e1s sustentable, asever\u00f3 el alcalde Ren\u00e1n Barrera Concha durante una jornada de trabajo en las comisar\u00edas de Chablekal [&hellip;]","og_url":"https:\/\/www.yucatanencorto.com\/noticias\/supervisan-nuevas-calles-en-chablekal-y-el-inicio-de-una-ciclopista-en-xcunya\/","og_site_name":"Yucat\u00e1n en corto","article_publisher":"http:\/\/www.facebook.com\/yucatanencorto","article_published_time":"2021-03-28T02:32:23+00:00","og_image":[{"width":746,"height":768,"url":"https:\/\/www.yucatanencorto.com\/noticias\/wp-content\/uploads\/2021\/03\/9E120E65-A395-4566-B872-D61B97955410-scaled.jpeg","type":"image\/jpeg"}],"author":"Yucat\u00e1n en Corto FC","twitter_card":"summary_large_image","twitter_creator":"@yucatanencorto","twitter_site":"@yucatanencorto","twitter_misc":{"Escrito por":"Yucat\u00e1n en Corto FC","Tiempo de lectura":"3 minutos"},"schema":{"@context":"https:\/\/schema.org","@graph":[{"@type":"Article","@id":"https:\/\/www.yucatanencorto.com\/noticias\/supervisan-nuevas-calles-en-chablekal-y-el-inicio-de-una-ciclopista-en-xcunya\/#article","isPartOf":{"@id":"https:\/\/www.yucatanencorto.com\/noticias\/supervisan-nuevas-calles-en-chablekal-y-el-inicio-de-una-ciclopista-en-xcunya\/"},"author":{"name":"Yucat\u00e1n en Corto FC","@id":"https:\/\/www.yucatanencorto.com\/noticias\/#\/schema\/person\/14f82d355225a1f4075dd84a31f45a72"},"headline":"Supervisan nuevas calles en Chablekal y el inicio de una ciclopista en Xcuny\u00e1","datePublished":"2021-03-28T02:32:23+00:00","mainEntityOfPage":{"@id":"https:\/\/www.yucatanencorto.com\/noticias\/supervisan-nuevas-calles-en-chablekal-y-el-inicio-de-una-ciclopista-en-xcunya\/"},"wordCount":587,"image":{"@id":"https:\/\/www.yucatanencorto.com\/noticias\/supervisan-nuevas-calles-en-chablekal-y-el-inicio-de-una-ciclopista-en-xcunya\/#primaryimage"},"thumbnailUrl":"https:\/\/www.yucatanencorto.com\/noticias\/wp-content\/uploads\/2021\/03\/9E120E65-A395-4566-B872-D61B97955410-scaled.jpeg","articleSection":["M\u00e9rida"],"inLanguage":"es"},{"@type":"WebPage","@id":"https:\/\/www.yucatanencorto.com\/noticias\/supervisan-nuevas-calles-en-chablekal-y-el-inicio-de-una-ciclopista-en-xcunya\/","url":"https:\/\/www.yucatanencorto.com\/noticias\/supervisan-nuevas-calles-en-chablekal-y-el-inicio-de-una-ciclopista-en-xcunya\/","name":"Supervisan nuevas calles en Chablekal y el inicio de una ciclopista en Xcuny\u00e1 - Yucat\u00e1n en corto","isPartOf":{"@id":"https:\/\/www.yucatanencorto.com\/noticias\/#website"},"primaryImageOfPage":{"@id":"https:\/\/www.yucatanencorto.com\/noticias\/supervisan-nuevas-calles-en-chablekal-y-el-inicio-de-una-ciclopista-en-xcunya\/#primaryimage"},"image":{"@id":"https:\/\/www.yucatanencorto.com\/noticias\/supervisan-nuevas-calles-en-chablekal-y-el-inicio-de-una-ciclopista-en-xcunya\/#primaryimage"},"thumbnailUrl":"https:\/\/www.yucatanencorto.com\/noticias\/wp-content\/uploads\/2021\/03\/9E120E65-A395-4566-B872-D61B97955410-scaled.jpeg","datePublished":"2021-03-28T02:32:23+00:00","author":{"@id":"https:\/\/www.yucatanencorto.com\/noticias\/#\/schema\/person\/14f82d355225a1f4075dd84a31f45a72"},"breadcrumb":{"@id":"https:\/\/www.yucatanencorto.com\/noticias\/supervisan-nuevas-calles-en-chablekal-y-el-inicio-de-una-ciclopista-en-xcunya\/#breadcrumb"},"inLanguage":"es","potentialAction":[{"@type":"ReadAction","target":["https:\/\/www.yucatanencorto.com\/noticias\/supervisan-nuevas-calles-en-chablekal-y-el-inicio-de-una-ciclopista-en-xcunya\/"]}]},{"@type":"ImageObject","inLanguage":"es","@id":"https:\/\/www.yucatanencorto.com\/noticias\/supervisan-nuevas-calles-en-chablekal-y-el-inicio-de-una-ciclopista-en-xcunya\/#primaryimage","url":"https:\/\/www.yucatanencorto.com\/noticias\/wp-content\/uploads\/2021\/03\/9E120E65-A395-4566-B872-D61B97955410-scaled.jpeg","contentUrl":"https:\/\/www.yucatanencorto.com\/noticias\/wp-content\/uploads\/2021\/03\/9E120E65-A395-4566-B872-D61B97955410-scaled.jpeg","width":746,"height":768},{"@type":"BreadcrumbList","@id":"https:\/\/www.yucatanencorto.com\/noticias\/supervisan-nuevas-calles-en-chablekal-y-el-inicio-de-una-ciclopista-en-xcunya\/#breadcrumb","itemListElement":[{"@type":"ListItem","position":1,"name":"Portada","item":"https:\/\/www.yucatanencorto.com\/noticias\/"},{"@type":"ListItem","position":2,"name":"Supervisan nuevas calles en Chablekal y el inicio de una ciclopista en Xcuny\u00e1"}]},{"@type":"WebSite","@id":"https:\/\/www.yucatanencorto.com\/noticias\/#website","url":"https:\/\/www.yucatanencorto.com\/noticias\/","name":"Yucat\u00e1n en corto","description":"Noticias","potentialAction":[{"@type":"SearchAction","target":{"@type":"EntryPoint","urlTemplate":"https:\/\/www.yucatanencorto.com\/noticias\/?s={search_term_string}"},"query-input":{"@type":"PropertyValueSpecification","valueRequired":true,"valueName":"search_term_string"}}],"inLanguage":"es"},{"@type":"Person","@id":"https:\/\/www.yucatanencorto.com\/noticias\/#\/schema\/person\/14f82d355225a1f4075dd84a31f45a72","name":"Yucat\u00e1n en Corto FC","image":{"@type":"ImageObject","inLanguage":"es","@id":"https:\/\/secure.gravatar.com\/avatar\/147d4b30cd728c53c29c49a3f7834dedca33707f4cd259761355846009a88250?s=96&d=mm&r=g","url":"https:\/\/secure.gravatar.com\/avatar\/147d4b30cd728c53c29c49a3f7834dedca33707f4cd259761355846009a88250?s=96&d=mm&r=g","contentUrl":"https:\/\/secure.gravatar.com\/avatar\/147d4b30cd728c53c29c49a3f7834dedca33707f4cd259761355846009a88250?s=96&d=mm&r=g","caption":"Yucat\u00e1n en Corto FC"},"url":"https:\/\/www.yucatanencorto.com\/noticias\/author\/flor\/"}]}},"_links":{"self":[{"href":"https:\/\/www.yucatanencorto.com\/noticias\/wp-json\/wp\/v2\/posts\/70872","targetHints":{"allow":["GET"]}}],"collection":[{"href":"https:\/\/www.yucatanencorto.com\/noticias\/wp-json\/wp\/v2\/posts"}],"about":[{"href":"https:\/\/www.yucatanencorto.com\/noticias\/wp-json\/wp\/v2\/types\/post"}],"author":[{"embeddable":true,"href":"https:\/\/www.yucatanencorto.com\/noticias\/wp-json\/wp\/v2\/users\/2"}],"replies":[{"embeddable":true,"href":"https:\/\/www.yucatanencorto.com\/noticias\/wp-json\/wp\/v2\/comments?post=70872"}],"version-history":[{"count":0,"href":"https:\/\/www.yucatanencorto.com\/noticias\/wp-json\/wp\/v2\/posts\/70872\/revisions"}],"wp:featuredmedia":[{"embeddable":true,"href":"https:\/\/www.yucatanencorto.com\/noticias\/wp-json\/wp\/v2\/media\/70873"}],"wp:attachment":[{"href":"https:\/\/www.yucatanencorto.com\/noticias\/wp-json\/wp\/v2\/media?parent=70872"}],"wp:term":[{"taxonomy":"category","embeddable":true,"href":"https:\/\/www.yucatanencorto.com\/noticias\/wp-json\/wp\/v2\/categories?post=70872"},{"taxonomy":"post_tag","embeddable":true,"href":"https:\/\/www.yucatanencorto.com\/noticias\/wp-json\/wp\/v2\/tags?post=70872"}],"curies":[{"name":"wp","href":"https:\/\/api.w.org\/{rel}","templated":true}]}}