{"id":70875,"date":"2021-03-27T20:52:42","date_gmt":"2021-03-28T02:52:42","guid":{"rendered":"https:\/\/www.yucatanencorto.com\/noticias\/?p=70875"},"modified":"2021-03-27T20:52:42","modified_gmt":"2021-03-28T02:52:42","slug":"entregan-los-trabajos-de-ciclovia-en-paseo-de-montejo","status":"publish","type":"post","link":"https:\/\/www.yucatanencorto.com\/noticias\/entregan-los-trabajos-de-ciclovia-en-paseo-de-montejo\/","title":{"rendered":"Entregan los trabajos de ciclov\u00eda en Paseo de Montejo"},"content":{"rendered":"<p><span data-removefontsize=\"true\" data-originalcomputedfontsize=\"16\"><img loading=\"lazy\" decoding=\"async\" class=\"alignnone size-full wp-image-70876\" src=\"https:\/\/www.yucatanencorto.com\/noticias\/wp-content\/uploads\/2021\/03\/0F687EE3-6BCC-425A-A08C-62722A792CFE-scaled.jpeg\" alt=\"\" width=\"768\" height=\"432\" srcset=\"https:\/\/www.yucatanencorto.com\/noticias\/wp-content\/uploads\/2021\/03\/0F687EE3-6BCC-425A-A08C-62722A792CFE-scaled.jpeg 768w, https:\/\/www.yucatanencorto.com\/noticias\/wp-content\/uploads\/2021\/03\/0F687EE3-6BCC-425A-A08C-62722A792CFE-696x392.jpeg 696w, https:\/\/www.yucatanencorto.com\/noticias\/wp-content\/uploads\/2021\/03\/0F687EE3-6BCC-425A-A08C-62722A792CFE-1068x601.jpeg 1068w, https:\/\/www.yucatanencorto.com\/noticias\/wp-content\/uploads\/2021\/03\/0F687EE3-6BCC-425A-A08C-62722A792CFE-747x420.jpeg 747w\" sizes=\"auto, (max-width: 768px) 100vw, 768px\" \/>M\u00e9rida, Yucat\u00e1n, 27 de marzo de 2021.- Personas que se mueven en bicicleta por Paseo de Montejo cuentan ahora con la infraestructura vial adecuada para hacer viajes m\u00e1s \u00e1giles, pero sobre todo m\u00e1s seguros, luego de que el Gobernador Mauricio Vila Dosal y el Alcalde de M\u00e9rida, Ren\u00e1n Barrera Concha, entregaron los trabajos de la ciclov\u00eda en esta emblem\u00e1tica avenida, los cuales forman parte de los 71.7 kil\u00f3metros que se est\u00e1n realizando dentro del Plan de Infraestructura de Ciclov\u00edas. <\/span><\/p>\n<p>&nbsp;<\/p>\n<p><span data-removefontsize=\"true\" data-originalcomputedfontsize=\"16\">Vila Dosal y Barrera Concha inauguraron este d\u00eda los trabajos de construcci\u00f3n e implementaci\u00f3n de ciclov\u00edas en este punto de la ciudad y est\u00e1 considerado dentro del primer frente de intervenci\u00f3n, donde ahora los ciclistas pueden disfrutar de entornos m\u00e1s seguros y ordenados en sus traslados, con lo que se avanza hacia una M\u00e9rida sustentable, incluyente y con movilidad urbana segura para proteger la vida de los peatones, ciclistas y personas con discapacidad. <\/span><\/p>\n<p>&nbsp;<\/p>\n<p>&nbsp;<\/p>\n<p><span data-removefontsize=\"true\" data-originalcomputedfontsize=\"16\">A bordo de bicicletas, el Gobernador y el alcalde meridano recorrieron el tramo de ciclov\u00eda sobre Paseo de Montejo, en donde corroboraron la se\u00f1al\u00e9tica y lo seguro que se ha convertido circular dentro de esta nueva infraestructura en una de las v\u00edas m\u00e1s transitadas de la capital yucateca. <\/span><\/p>\n<p>&nbsp;<\/p>\n<p><span data-removefontsize=\"true\" data-originalcomputedfontsize=\"16\">Cabe recordar que, con el Plan de Infraestructura de Ciclov\u00edas, el Gobierno del Estado, en coordinaci\u00f3n con el Ayuntamiento de M\u00e9rida, est\u00e1n construyendo un total de 71.7 km de infraestructura ciclista, a trav\u00e9s de una inversi\u00f3n de 111 millones de pesos, as\u00ed como la generaci\u00f3n de 280 empleos directos y 700 indirectos. Estas nuevas v\u00edas permitir\u00e1n que los yucatecos puedan trasladarse en distancias cortas en menor tiempo sin contaminar el medio ambiente y fomentando un estilo de vida saludable.<\/span><\/p>\n<p>&nbsp;<\/p>\n<p><span data-removefontsize=\"true\" data-originalcomputedfontsize=\"16\">Este proyecto viene a reordenar el espacio p\u00fablico, actualmente dominado por el transporte motorizado, brindando mayor seguridad a quienes se desplazan a pie o por medio de la bicicleta, al tiempo que, con la infraestructura ciclista generada por \u00e9ste, representa una oportunidad de ahorro para muchas familias, ya que al privilegiar el uso de la bicicleta se ahorran los gastos del transporte p\u00fablico o los que genera un autom\u00f3vil, como seguro, combustible y mantenimiento.<\/span><\/p>\n<p>&nbsp;<\/p>\n<p><span data-removefontsize=\"true\" data-originalcomputedfontsize=\"16\">Luego de realizar el recorrido, Vila Dosal y Barrera Concha escucharon las explicaciones t\u00e9cnicas de las obras a cargo del director del Instituto de Movilidad y Desarrollo Urbano Territorial (Imdut), Aref Karam Esp\u00f3sitos, quien precis\u00f3 el significado de cada uno de los elementos de la se\u00f1al\u00e9tica. <\/span><\/p>\n<p>&nbsp;<\/p>\n<p><span data-removefontsize=\"true\" data-originalcomputedfontsize=\"16\">A su vez, el Alcalde Ren\u00e1n Barrera dijo que la ciclov\u00eda en el Paseo de Montejo, adem\u00e1s de ser uno de los proyectos m\u00e1s importantes y trascendentes que se dan en la ciudad, brinda a las y los meridanos la seguridad de poder desplazarse con seguridad, conviviendo en modos de traslado y usando el espacio p\u00fablico de manera arm\u00f3nica.<\/span><\/p>\n<p>&nbsp;<\/p>\n<p><span data-removefontsize=\"true\" data-originalcomputedfontsize=\"16\">\u201cEn su momento, como Alcalde de M\u00e9rida y ahora Gobernador, el Lic. Mauricio Vila, ha trabajado en una visi\u00f3n de movilidad urbana sustentable para M\u00e9rida y el estado expresada en el PIMUS, que desde el Ayuntamiento estamos apoyando para que en el 2040 como indica el documento, M\u00e9rida consolide un sistema integrado de movilidad que garantice a todos el derecho a la ciudad\u201d, expres\u00f3.<\/span><\/p>\n<p>&nbsp;<\/p>\n<p><span data-removefontsize=\"true\" data-originalcomputedfontsize=\"16\">\u201cEl d\u00eda de hoy M\u00e9rida y Yucat\u00e1n, dan un paso m\u00e1s hacia la intermodalidad, es decir, a la transferibilidad entre todos los modos de transporte en la ciudad, con eficiencia, cobertura y conectividad, con un plan de acci\u00f3n que constantemente se actualice para estar a la vanguardia en este apartado\u201d, abund\u00f3.<\/span><\/p>\n<p>&nbsp;<\/p>\n<p><span data-removefontsize=\"true\" data-originalcomputedfontsize=\"16\">Por su parte, el titular de la Secretar\u00eda de Obras P\u00fablicas (SOP), Virgilio Crespo M\u00e9ndez, explic\u00f3 que en Paseo de Montejo los trabajos consistieron en la colocaci\u00f3n de 7,328 boyas reflejantes, la aplicaci\u00f3n de pinturas termopl\u00e1sticas en pavimentos, as\u00ed como color verde Brasil en ciclopista, se pintaron logos del tipo flechas, cruce ciclista, personas con discapacidad, carril de preferencia, entre otros.\u00a0 <\/span><\/p>\n<p>&nbsp;<\/p>\n<p><span data-removefontsize=\"true\" data-originalcomputedfontsize=\"16\">\u201cTambi\u00e9n se contempl\u00f3 bah\u00edas de transporte p\u00fablico y turismo con \u00e1reas de transici\u00f3n de preferencia peatonal para ascenso y descenso en 11 puntos, se colocaron 127 bicipuertos, 121 cajones de estacionamiento, banquetas de concreto, rampas, pintura blanca en guarniciones, camellones con jardines y se\u00f1al\u00e9ticas\u201d, abund\u00f3 el funcionario estatal. <\/span><\/p>\n<p>&nbsp;<\/p>\n<p><span data-removefontsize=\"true\" data-originalcomputedfontsize=\"16\">Asimismo, Crespo M\u00e9ndez indic\u00f3 que las labores tambi\u00e9n incluyeron el arreglo de glorietas de la zona conocida como el Remate, la de Felipe Carrillo Puerto y la de Justo Sierra, donde se realizaron tareas para privilegiar al peat\u00f3n y los ciclistas. <\/span><\/p>\n<p>&nbsp;<\/p>\n<p><span data-removefontsize=\"true\" data-originalcomputedfontsize=\"16\">En ese marco, el titular de la Secretar\u00eda de Seguridad P\u00fablica (SSP), Luis Felipe Said\u00e9n Ojeda, explic\u00f3 que, como parte los esfuerzos que est\u00e1 realizando el Gobierno del Estado en materia de movilidad, en este punto tambi\u00e9n se cuenta con sem\u00e1foros inteligentes sincronizados desde el C5i de la polic\u00eda con un sistema de control de tr\u00e1fico adaptativo en tiempo real, lo cual se logra a trav\u00e9s de modernos controladores. <\/span><\/p>\n<p>&nbsp;<\/p>\n<p><span data-removefontsize=\"true\" data-originalcomputedfontsize=\"16\">Ah\u00ed, Said\u00e9n Ojeda detall\u00f3 que la instalaci\u00f3n de esta moderna tecnolog\u00eda forma parte del Programa Conjunto de Mejora a la Movilidad y la Infraestructura Vial en M\u00e9rida, que realizan el Gobierno del Estado con el Ayuntamiento de M\u00e9rida. Son 307 las cajas controladoras que est\u00e1n siendo instaladas en la ciudad, las cuales tienen detector de conflictos, que ayudan a evitar accidentes. <\/span><\/p>\n<p>&nbsp;<\/p>\n<p><span data-removefontsize=\"true\" data-originalcomputedfontsize=\"16\">Tambi\u00e9n, el funcionario estatal se\u00f1al\u00f3 que se est\u00e1n instalando 2,616 sem\u00e1foros peatonales, que se sumar\u00e1n a los 853 actualmente existentes, haciendo un total de 3,469 en toda la ciudad, los cuales contar\u00e1n con 166 GPS doppler, que entrar\u00e1n en funcionamiento para analizar el tr\u00e1nsito en las arterias, poder agilizarlo y evitar congestionamiento.<\/span><\/p>\n<p>&nbsp;<\/p>\n<p><span data-removefontsize=\"true\" data-originalcomputedfontsize=\"16\">La entrega de este d\u00eda consisti\u00f3 en de 1.6 kil\u00f3metros de los 15 que contempla el tramo de Paseo de Montejo-Entronque Dzibilchalt\u00fan. Una vez listos, los 15 kil\u00f3metros de ciclov\u00eda se conectar\u00e1n con los 17 ya existentes, sumando as\u00ed m\u00e1s de 30 kil\u00f3metros de v\u00eda continua. Abarcar\u00e1 en calles desde el Remate de Paseo de Montejo hasta dicho entronque, pasando por Prolongaci\u00f3n de Montejo y la Carretera de Progreso, adem\u00e1s que conecta varias ciclov\u00edas existentes como la de Dzibilchalt\u00fan, Komch\u00e9n y Temoz\u00f3n.<\/span><\/p>\n<p>&nbsp;<\/p>\n<p><span data-removefontsize=\"true\" data-originalcomputedfontsize=\"16\">Cabe mencionar que, en total, mediante el Plan de Infraestructura de Ciclov\u00edas, se est\u00e1n interviniendo los siguientes tramos: Paseo de Montejo-Entronque Dzibilchalt\u00fan, 15 kil\u00f3metros; Zona Norponiente, 21.15 kil\u00f3metros, Norte de M\u00e9rida\u2013Uc\u00fa, 15.5 km y Zona Sur, 20 kil\u00f3metros.<\/span><\/p>\n<p>&nbsp;<\/p>\n<p><span data-removefontsize=\"true\" data-originalcomputedfontsize=\"16\">En el evento estuvieron el miembro fundador y director de Cicloturixes, Everardo Flores G\u00f3mez, el diputado federal El\u00edas Lixa Abimerhi; as\u00ed como el representante del Consejo Coordinador Empresarial, Jorge Iglesias Berm\u00fadez.<\/span><\/p>\n","protected":false},"excerpt":{"rendered":"<p>M\u00e9rida, Yucat\u00e1n, 27 de marzo de 2021.- Personas que se mueven en bicicleta por Paseo de Montejo cuentan ahora con la infraestructura vial adecuada para hacer viajes m\u00e1s \u00e1giles, pero sobre todo m\u00e1s seguros, luego de que el Gobernador Mauricio Vila Dosal y el Alcalde de M\u00e9rida, Ren\u00e1n Barrera Concha, entregaron los trabajos de la [&hellip;]<\/p>\n","protected":false},"author":2,"featured_media":70876,"comment_status":"closed","ping_status":"closed","sticky":false,"template":"","format":"standard","meta":{"footnotes":""},"categories":[3],"tags":[],"class_list":{"0":"post-70875","1":"post","2":"type-post","3":"status-publish","4":"format-standard","5":"has-post-thumbnail","7":"category-yucatan"},"yoast_head":"<!-- This site is optimized with the Yoast SEO plugin v27.4 - https:\/\/yoast.com\/product\/yoast-seo-wordpress\/ -->\n<title>Entregan los trabajos de ciclov\u00eda en Paseo de Montejo - Yucat\u00e1n en corto<\/title>\n<meta name=\"robots\" content=\"index, follow, max-snippet:-1, max-image-preview:large, max-video-preview:-1\" \/>\n<link rel=\"canonical\" href=\"https:\/\/www.yucatanencorto.com\/noticias\/entregan-los-trabajos-de-ciclovia-en-paseo-de-montejo\/\" \/>\n<meta property=\"og:locale\" content=\"es_ES\" \/>\n<meta property=\"og:type\" content=\"article\" \/>\n<meta property=\"og:title\" content=\"Entregan los trabajos de ciclov\u00eda en Paseo de Montejo - Yucat\u00e1n en corto\" \/>\n<meta property=\"og:description\" content=\"M\u00e9rida, Yucat\u00e1n, 27 de marzo de 2021.- Personas que se mueven en bicicleta por Paseo de Montejo cuentan ahora con la infraestructura vial adecuada para hacer viajes m\u00e1s \u00e1giles, pero sobre todo m\u00e1s seguros, luego de que el Gobernador Mauricio Vila Dosal y el Alcalde de M\u00e9rida, Ren\u00e1n Barrera Concha, entregaron los trabajos de la [&hellip;]\" \/>\n<meta property=\"og:url\" content=\"https:\/\/www.yucatanencorto.com\/noticias\/entregan-los-trabajos-de-ciclovia-en-paseo-de-montejo\/\" \/>\n<meta property=\"og:site_name\" content=\"Yucat\u00e1n en corto\" \/>\n<meta property=\"article:publisher\" content=\"http:\/\/www.facebook.com\/yucatanencorto\" \/>\n<meta property=\"article:published_time\" content=\"2021-03-28T02:52:42+00:00\" \/>\n<meta property=\"og:image\" content=\"https:\/\/www.yucatanencorto.com\/noticias\/wp-content\/uploads\/2021\/03\/0F687EE3-6BCC-425A-A08C-62722A792CFE-scaled.jpeg\" \/>\n\t<meta property=\"og:image:width\" content=\"768\" \/>\n\t<meta property=\"og:image:height\" content=\"432\" \/>\n\t<meta property=\"og:image:type\" content=\"image\/jpeg\" \/>\n<meta name=\"author\" content=\"Yucat\u00e1n en Corto FC\" \/>\n<meta name=\"twitter:card\" content=\"summary_large_image\" \/>\n<meta name=\"twitter:creator\" content=\"@yucatanencorto\" \/>\n<meta name=\"twitter:site\" content=\"@yucatanencorto\" \/>\n<meta name=\"twitter:label1\" content=\"Escrito por\" \/>\n\t<meta name=\"twitter:data1\" content=\"Yucat\u00e1n en Corto FC\" \/>\n\t<meta name=\"twitter:label2\" content=\"Tiempo de lectura\" \/>\n\t<meta name=\"twitter:data2\" content=\"5 minutos\" \/>\n<script type=\"application\/ld+json\" class=\"yoast-schema-graph\">{\"@context\":\"https:\\\/\\\/schema.org\",\"@graph\":[{\"@type\":\"Article\",\"@id\":\"https:\\\/\\\/www.yucatanencorto.com\\\/noticias\\\/entregan-los-trabajos-de-ciclovia-en-paseo-de-montejo\\\/#article\",\"isPartOf\":{\"@id\":\"https:\\\/\\\/www.yucatanencorto.com\\\/noticias\\\/entregan-los-trabajos-de-ciclovia-en-paseo-de-montejo\\\/\"},\"author\":{\"name\":\"Yucat\u00e1n en Corto FC\",\"@id\":\"https:\\\/\\\/www.yucatanencorto.com\\\/noticias\\\/#\\\/schema\\\/person\\\/14f82d355225a1f4075dd84a31f45a72\"},\"headline\":\"Entregan los trabajos de ciclov\u00eda en Paseo de Montejo\",\"datePublished\":\"2021-03-28T02:52:42+00:00\",\"mainEntityOfPage\":{\"@id\":\"https:\\\/\\\/www.yucatanencorto.com\\\/noticias\\\/entregan-los-trabajos-de-ciclovia-en-paseo-de-montejo\\\/\"},\"wordCount\":1177,\"image\":{\"@id\":\"https:\\\/\\\/www.yucatanencorto.com\\\/noticias\\\/entregan-los-trabajos-de-ciclovia-en-paseo-de-montejo\\\/#primaryimage\"},\"thumbnailUrl\":\"https:\\\/\\\/www.yucatanencorto.com\\\/noticias\\\/wp-content\\\/uploads\\\/2021\\\/03\\\/0F687EE3-6BCC-425A-A08C-62722A792CFE-scaled.jpeg\",\"articleSection\":[\"Yucat\u00e1n\"],\"inLanguage\":\"es\"},{\"@type\":\"WebPage\",\"@id\":\"https:\\\/\\\/www.yucatanencorto.com\\\/noticias\\\/entregan-los-trabajos-de-ciclovia-en-paseo-de-montejo\\\/\",\"url\":\"https:\\\/\\\/www.yucatanencorto.com\\\/noticias\\\/entregan-los-trabajos-de-ciclovia-en-paseo-de-montejo\\\/\",\"name\":\"Entregan los trabajos de ciclov\u00eda en Paseo de Montejo - Yucat\u00e1n en corto\",\"isPartOf\":{\"@id\":\"https:\\\/\\\/www.yucatanencorto.com\\\/noticias\\\/#website\"},\"primaryImageOfPage\":{\"@id\":\"https:\\\/\\\/www.yucatanencorto.com\\\/noticias\\\/entregan-los-trabajos-de-ciclovia-en-paseo-de-montejo\\\/#primaryimage\"},\"image\":{\"@id\":\"https:\\\/\\\/www.yucatanencorto.com\\\/noticias\\\/entregan-los-trabajos-de-ciclovia-en-paseo-de-montejo\\\/#primaryimage\"},\"thumbnailUrl\":\"https:\\\/\\\/www.yucatanencorto.com\\\/noticias\\\/wp-content\\\/uploads\\\/2021\\\/03\\\/0F687EE3-6BCC-425A-A08C-62722A792CFE-scaled.jpeg\",\"datePublished\":\"2021-03-28T02:52:42+00:00\",\"author\":{\"@id\":\"https:\\\/\\\/www.yucatanencorto.com\\\/noticias\\\/#\\\/schema\\\/person\\\/14f82d355225a1f4075dd84a31f45a72\"},\"breadcrumb\":{\"@id\":\"https:\\\/\\\/www.yucatanencorto.com\\\/noticias\\\/entregan-los-trabajos-de-ciclovia-en-paseo-de-montejo\\\/#breadcrumb\"},\"inLanguage\":\"es\",\"potentialAction\":[{\"@type\":\"ReadAction\",\"target\":[\"https:\\\/\\\/www.yucatanencorto.com\\\/noticias\\\/entregan-los-trabajos-de-ciclovia-en-paseo-de-montejo\\\/\"]}]},{\"@type\":\"ImageObject\",\"inLanguage\":\"es\",\"@id\":\"https:\\\/\\\/www.yucatanencorto.com\\\/noticias\\\/entregan-los-trabajos-de-ciclovia-en-paseo-de-montejo\\\/#primaryimage\",\"url\":\"https:\\\/\\\/www.yucatanencorto.com\\\/noticias\\\/wp-content\\\/uploads\\\/2021\\\/03\\\/0F687EE3-6BCC-425A-A08C-62722A792CFE-scaled.jpeg\",\"contentUrl\":\"https:\\\/\\\/www.yucatanencorto.com\\\/noticias\\\/wp-content\\\/uploads\\\/2021\\\/03\\\/0F687EE3-6BCC-425A-A08C-62722A792CFE-scaled.jpeg\",\"width\":768,\"height\":432},{\"@type\":\"BreadcrumbList\",\"@id\":\"https:\\\/\\\/www.yucatanencorto.com\\\/noticias\\\/entregan-los-trabajos-de-ciclovia-en-paseo-de-montejo\\\/#breadcrumb\",\"itemListElement\":[{\"@type\":\"ListItem\",\"position\":1,\"name\":\"Portada\",\"item\":\"https:\\\/\\\/www.yucatanencorto.com\\\/noticias\\\/\"},{\"@type\":\"ListItem\",\"position\":2,\"name\":\"Entregan los trabajos de ciclov\u00eda en Paseo de Montejo\"}]},{\"@type\":\"WebSite\",\"@id\":\"https:\\\/\\\/www.yucatanencorto.com\\\/noticias\\\/#website\",\"url\":\"https:\\\/\\\/www.yucatanencorto.com\\\/noticias\\\/\",\"name\":\"Yucat\u00e1n en corto\",\"description\":\"Noticias\",\"potentialAction\":[{\"@type\":\"SearchAction\",\"target\":{\"@type\":\"EntryPoint\",\"urlTemplate\":\"https:\\\/\\\/www.yucatanencorto.com\\\/noticias\\\/?s={search_term_string}\"},\"query-input\":{\"@type\":\"PropertyValueSpecification\",\"valueRequired\":true,\"valueName\":\"search_term_string\"}}],\"inLanguage\":\"es\"},{\"@type\":\"Person\",\"@id\":\"https:\\\/\\\/www.yucatanencorto.com\\\/noticias\\\/#\\\/schema\\\/person\\\/14f82d355225a1f4075dd84a31f45a72\",\"name\":\"Yucat\u00e1n en Corto FC\",\"image\":{\"@type\":\"ImageObject\",\"inLanguage\":\"es\",\"@id\":\"https:\\\/\\\/secure.gravatar.com\\\/avatar\\\/147d4b30cd728c53c29c49a3f7834dedca33707f4cd259761355846009a88250?s=96&d=mm&r=g\",\"url\":\"https:\\\/\\\/secure.gravatar.com\\\/avatar\\\/147d4b30cd728c53c29c49a3f7834dedca33707f4cd259761355846009a88250?s=96&d=mm&r=g\",\"contentUrl\":\"https:\\\/\\\/secure.gravatar.com\\\/avatar\\\/147d4b30cd728c53c29c49a3f7834dedca33707f4cd259761355846009a88250?s=96&d=mm&r=g\",\"caption\":\"Yucat\u00e1n en Corto FC\"},\"url\":\"https:\\\/\\\/www.yucatanencorto.com\\\/noticias\\\/author\\\/flor\\\/\"}]}<\/script>\n<!-- \/ Yoast SEO plugin. -->","yoast_head_json":{"title":"Entregan los trabajos de ciclov\u00eda en Paseo de Montejo - Yucat\u00e1n en corto","robots":{"index":"index","follow":"follow","max-snippet":"max-snippet:-1","max-image-preview":"max-image-preview:large","max-video-preview":"max-video-preview:-1"},"canonical":"https:\/\/www.yucatanencorto.com\/noticias\/entregan-los-trabajos-de-ciclovia-en-paseo-de-montejo\/","og_locale":"es_ES","og_type":"article","og_title":"Entregan los trabajos de ciclov\u00eda en Paseo de Montejo - Yucat\u00e1n en corto","og_description":"M\u00e9rida, Yucat\u00e1n, 27 de marzo de 2021.- Personas que se mueven en bicicleta por Paseo de Montejo cuentan ahora con la infraestructura vial adecuada para hacer viajes m\u00e1s \u00e1giles, pero sobre todo m\u00e1s seguros, luego de que el Gobernador Mauricio Vila Dosal y el Alcalde de M\u00e9rida, Ren\u00e1n Barrera Concha, entregaron los trabajos de la [&hellip;]","og_url":"https:\/\/www.yucatanencorto.com\/noticias\/entregan-los-trabajos-de-ciclovia-en-paseo-de-montejo\/","og_site_name":"Yucat\u00e1n en corto","article_publisher":"http:\/\/www.facebook.com\/yucatanencorto","article_published_time":"2021-03-28T02:52:42+00:00","og_image":[{"width":768,"height":432,"url":"https:\/\/www.yucatanencorto.com\/noticias\/wp-content\/uploads\/2021\/03\/0F687EE3-6BCC-425A-A08C-62722A792CFE-scaled.jpeg","type":"image\/jpeg"}],"author":"Yucat\u00e1n en Corto FC","twitter_card":"summary_large_image","twitter_creator":"@yucatanencorto","twitter_site":"@yucatanencorto","twitter_misc":{"Escrito por":"Yucat\u00e1n en Corto FC","Tiempo de lectura":"5 minutos"},"schema":{"@context":"https:\/\/schema.org","@graph":[{"@type":"Article","@id":"https:\/\/www.yucatanencorto.com\/noticias\/entregan-los-trabajos-de-ciclovia-en-paseo-de-montejo\/#article","isPartOf":{"@id":"https:\/\/www.yucatanencorto.com\/noticias\/entregan-los-trabajos-de-ciclovia-en-paseo-de-montejo\/"},"author":{"name":"Yucat\u00e1n en Corto FC","@id":"https:\/\/www.yucatanencorto.com\/noticias\/#\/schema\/person\/14f82d355225a1f4075dd84a31f45a72"},"headline":"Entregan los trabajos de ciclov\u00eda en Paseo de Montejo","datePublished":"2021-03-28T02:52:42+00:00","mainEntityOfPage":{"@id":"https:\/\/www.yucatanencorto.com\/noticias\/entregan-los-trabajos-de-ciclovia-en-paseo-de-montejo\/"},"wordCount":1177,"image":{"@id":"https:\/\/www.yucatanencorto.com\/noticias\/entregan-los-trabajos-de-ciclovia-en-paseo-de-montejo\/#primaryimage"},"thumbnailUrl":"https:\/\/www.yucatanencorto.com\/noticias\/wp-content\/uploads\/2021\/03\/0F687EE3-6BCC-425A-A08C-62722A792CFE-scaled.jpeg","articleSection":["Yucat\u00e1n"],"inLanguage":"es"},{"@type":"WebPage","@id":"https:\/\/www.yucatanencorto.com\/noticias\/entregan-los-trabajos-de-ciclovia-en-paseo-de-montejo\/","url":"https:\/\/www.yucatanencorto.com\/noticias\/entregan-los-trabajos-de-ciclovia-en-paseo-de-montejo\/","name":"Entregan los trabajos de ciclov\u00eda en Paseo de Montejo - Yucat\u00e1n en corto","isPartOf":{"@id":"https:\/\/www.yucatanencorto.com\/noticias\/#website"},"primaryImageOfPage":{"@id":"https:\/\/www.yucatanencorto.com\/noticias\/entregan-los-trabajos-de-ciclovia-en-paseo-de-montejo\/#primaryimage"},"image":{"@id":"https:\/\/www.yucatanencorto.com\/noticias\/entregan-los-trabajos-de-ciclovia-en-paseo-de-montejo\/#primaryimage"},"thumbnailUrl":"https:\/\/www.yucatanencorto.com\/noticias\/wp-content\/uploads\/2021\/03\/0F687EE3-6BCC-425A-A08C-62722A792CFE-scaled.jpeg","datePublished":"2021-03-28T02:52:42+00:00","author":{"@id":"https:\/\/www.yucatanencorto.com\/noticias\/#\/schema\/person\/14f82d355225a1f4075dd84a31f45a72"},"breadcrumb":{"@id":"https:\/\/www.yucatanencorto.com\/noticias\/entregan-los-trabajos-de-ciclovia-en-paseo-de-montejo\/#breadcrumb"},"inLanguage":"es","potentialAction":[{"@type":"ReadAction","target":["https:\/\/www.yucatanencorto.com\/noticias\/entregan-los-trabajos-de-ciclovia-en-paseo-de-montejo\/"]}]},{"@type":"ImageObject","inLanguage":"es","@id":"https:\/\/www.yucatanencorto.com\/noticias\/entregan-los-trabajos-de-ciclovia-en-paseo-de-montejo\/#primaryimage","url":"https:\/\/www.yucatanencorto.com\/noticias\/wp-content\/uploads\/2021\/03\/0F687EE3-6BCC-425A-A08C-62722A792CFE-scaled.jpeg","contentUrl":"https:\/\/www.yucatanencorto.com\/noticias\/wp-content\/uploads\/2021\/03\/0F687EE3-6BCC-425A-A08C-62722A792CFE-scaled.jpeg","width":768,"height":432},{"@type":"BreadcrumbList","@id":"https:\/\/www.yucatanencorto.com\/noticias\/entregan-los-trabajos-de-ciclovia-en-paseo-de-montejo\/#breadcrumb","itemListElement":[{"@type":"ListItem","position":1,"name":"Portada","item":"https:\/\/www.yucatanencorto.com\/noticias\/"},{"@type":"ListItem","position":2,"name":"Entregan los trabajos de ciclov\u00eda en Paseo de Montejo"}]},{"@type":"WebSite","@id":"https:\/\/www.yucatanencorto.com\/noticias\/#website","url":"https:\/\/www.yucatanencorto.com\/noticias\/","name":"Yucat\u00e1n en corto","description":"Noticias","potentialAction":[{"@type":"SearchAction","target":{"@type":"EntryPoint","urlTemplate":"https:\/\/www.yucatanencorto.com\/noticias\/?s={search_term_string}"},"query-input":{"@type":"PropertyValueSpecification","valueRequired":true,"valueName":"search_term_string"}}],"inLanguage":"es"},{"@type":"Person","@id":"https:\/\/www.yucatanencorto.com\/noticias\/#\/schema\/person\/14f82d355225a1f4075dd84a31f45a72","name":"Yucat\u00e1n en Corto FC","image":{"@type":"ImageObject","inLanguage":"es","@id":"https:\/\/secure.gravatar.com\/avatar\/147d4b30cd728c53c29c49a3f7834dedca33707f4cd259761355846009a88250?s=96&d=mm&r=g","url":"https:\/\/secure.gravatar.com\/avatar\/147d4b30cd728c53c29c49a3f7834dedca33707f4cd259761355846009a88250?s=96&d=mm&r=g","contentUrl":"https:\/\/secure.gravatar.com\/avatar\/147d4b30cd728c53c29c49a3f7834dedca33707f4cd259761355846009a88250?s=96&d=mm&r=g","caption":"Yucat\u00e1n en Corto FC"},"url":"https:\/\/www.yucatanencorto.com\/noticias\/author\/flor\/"}]}},"_links":{"self":[{"href":"https:\/\/www.yucatanencorto.com\/noticias\/wp-json\/wp\/v2\/posts\/70875","targetHints":{"allow":["GET"]}}],"collection":[{"href":"https:\/\/www.yucatanencorto.com\/noticias\/wp-json\/wp\/v2\/posts"}],"about":[{"href":"https:\/\/www.yucatanencorto.com\/noticias\/wp-json\/wp\/v2\/types\/post"}],"author":[{"embeddable":true,"href":"https:\/\/www.yucatanencorto.com\/noticias\/wp-json\/wp\/v2\/users\/2"}],"replies":[{"embeddable":true,"href":"https:\/\/www.yucatanencorto.com\/noticias\/wp-json\/wp\/v2\/comments?post=70875"}],"version-history":[{"count":0,"href":"https:\/\/www.yucatanencorto.com\/noticias\/wp-json\/wp\/v2\/posts\/70875\/revisions"}],"wp:featuredmedia":[{"embeddable":true,"href":"https:\/\/www.yucatanencorto.com\/noticias\/wp-json\/wp\/v2\/media\/70876"}],"wp:attachment":[{"href":"https:\/\/www.yucatanencorto.com\/noticias\/wp-json\/wp\/v2\/media?parent=70875"}],"wp:term":[{"taxonomy":"category","embeddable":true,"href":"https:\/\/www.yucatanencorto.com\/noticias\/wp-json\/wp\/v2\/categories?post=70875"},{"taxonomy":"post_tag","embeddable":true,"href":"https:\/\/www.yucatanencorto.com\/noticias\/wp-json\/wp\/v2\/tags?post=70875"}],"curies":[{"name":"wp","href":"https:\/\/api.w.org\/{rel}","templated":true}]}}