{"id":72397,"date":"2021-05-05T09:57:21","date_gmt":"2021-05-05T14:57:21","guid":{"rendered":"https:\/\/www.yucatanencorto.com\/noticias\/?p=72397"},"modified":"2021-05-05T09:57:21","modified_gmt":"2021-05-05T14:57:21","slug":"los-de-40-anos-reactivaran-la-economia-del-pais-asegura-lopez-gatell","status":"publish","type":"post","link":"https:\/\/www.yucatanencorto.com\/noticias\/los-de-40-anos-reactivaran-la-economia-del-pais-asegura-lopez-gatell\/","title":{"rendered":"Los de 40 a\u00f1os reactivar\u00e1n la econom\u00eda del Pa\u00eds asegura L\u00f3pez Gatell"},"content":{"rendered":"<p>&nbsp;<\/p>\n<p><img loading=\"lazy\" decoding=\"async\" class=\"alignnone size-full wp-image-72398\" src=\"https:\/\/www.yucatanencorto.com\/noticias\/wp-content\/uploads\/2021\/05\/gatell--scaled.jpg\" alt=\"\" width=\"768\" height=\"576\" srcset=\"https:\/\/www.yucatanencorto.com\/noticias\/wp-content\/uploads\/2021\/05\/gatell--scaled.jpg 768w, https:\/\/www.yucatanencorto.com\/noticias\/wp-content\/uploads\/2021\/05\/gatell--696x522.jpg 696w, https:\/\/www.yucatanencorto.com\/noticias\/wp-content\/uploads\/2021\/05\/gatell--560x420.jpg 560w, https:\/\/www.yucatanencorto.com\/noticias\/wp-content\/uploads\/2021\/05\/gatell--80x60.jpg 80w, https:\/\/www.yucatanencorto.com\/noticias\/wp-content\/uploads\/2021\/05\/gatell--265x198.jpg 265w\" sizes=\"auto, (max-width: 768px) 100vw, 768px\" \/><\/p>\n<p>Hugo L\u00f3pez-Gatell, Subsecretario de Prevenci\u00f3n y Promoci\u00f3n de la Salud, se\u00f1al\u00f3 que cuando inicie la tercera etapa de vacunaci\u00f3n contra covid-19 para la\u00a0 poblaci\u00f3n entre 40 y 49 a\u00f1os, no solo se continuar\u00e1 cumpliendo el objetivo de disminuir la mortalidad de la epidemia sino que se lograr\u00e1 reactivar la vida social y econ\u00f3mica en el pa\u00eds.<\/p>\n<p>Cuando ya vacunemos a personas de 40 a 49, el objetivo ser\u00e1 el mismo, pero all\u00ed aparecen tambi\u00e9n otros impactos muy positivos, como el hecho de facilitar la reactivaci\u00f3n\u00a0 de la vida social y econ\u00f3mica.<\/p>\n<p>Ese ser\u00e1 un impacto adicional, cuando vacunemos a las personas de 40 a 49 porque una proporci\u00f3n muy grande de las personas empleadas, trabajadoras o las personas que tienen una ocupaci\u00f3n generadora de riqueza para la comunidad, para el pa\u00eds, tienen esas edades y lo mismo ir\u00e1 ocurriendo con la poblaci\u00f3n de 30 a 39 y de 20 a 29\u201d, explic\u00f3.<\/p>\n<p>Al corte del 3 de mayo, 8 millones 062 mil 112\u00a0 personas tienen el esquema completo de vacunaci\u00f3n contra covid-19 y 12 millones 740 mil 897 son las dosis aplicadas hasta el momento.<\/p>\n<p>Mientras 10 millones 686 mil 277 corresponden a los adultos mayores; un mill\u00f3n 25 mil 373 a trabajadores de la salud; 943 mil 423 a personal educativo y 85 mil 824 a la poblaci\u00f3n entre 50 y 59 a\u00f1os de edad.<\/p>\n<p>Se han reportado 17 mil 315 casos de reacciones adversas a las vacunas, de estos 299 han sido graves, por lo que 102 personas est\u00e1n hospitalizadas.<\/p>\n<p>Por otra parte, el subsecretario de Salud se refiri\u00f3 a los amparos que algunos ciudadanos han interpuesto para ser vacunados antes de la fecha de su grupo poblacional de vacunaci\u00f3n y se\u00f1al\u00f3 que la Secretar\u00eda de Salud siempre acatar\u00e1 los fallos, pero record\u00f3 que el objetivo de salud p\u00fablica del Plan Nacional de Vacunaci\u00f3n es lograr una protecci\u00f3n general de la poblaci\u00f3n y no individual.<\/p>\n<p>L\u00f3pez-Gatell reiter\u00f3 que la dependencia federal ha recibido casi dos mil denuncias penales, donde destacan acusaciones de partidos pol\u00edticos.<\/p>\n<p>\u00abHemos tenido hasta denuncias penales\u00a0 de partidos pol\u00edticos, legisladoras, legisladores y dirigentes de partidos pol\u00edticos nos han acusado penalmente de cosas como homicidio, genocidio y cosas de esta naturaleza. Afortunadamente,\u00a0 todas han sido desechadas por ser notoriamente improcedentes\u201d, indic\u00f3.<\/p>\n<p>Fuente: El Exc\u00e9lsior<\/p>\n","protected":false},"excerpt":{"rendered":"<p>&nbsp; Hugo L\u00f3pez-Gatell, Subsecretario de Prevenci\u00f3n y Promoci\u00f3n de la Salud, se\u00f1al\u00f3 que cuando inicie la tercera etapa de vacunaci\u00f3n contra covid-19 para la\u00a0 poblaci\u00f3n entre 40 y 49 a\u00f1os, no solo se continuar\u00e1 cumpliendo el objetivo de disminuir la mortalidad de la epidemia sino que se lograr\u00e1 reactivar la vida social y econ\u00f3mica en [&hellip;]<\/p>\n","protected":false},"author":2,"featured_media":72398,"comment_status":"closed","ping_status":"closed","sticky":false,"template":"","format":"standard","meta":{"footnotes":""},"categories":[4],"tags":[],"class_list":["post-72397","post","type-post","status-publish","format-standard","has-post-thumbnail","category-mexico"],"yoast_head":"<!-- This site is optimized with the Yoast SEO plugin v28.4 - https:\/\/yoast.com\/product\/yoast-seo-wordpress\/ -->\n<title>Los de 40 a\u00f1os reactivar\u00e1n la econom\u00eda del Pa\u00eds asegura L\u00f3pez Gatell - Yucat\u00e1n en corto<\/title>\n<meta name=\"robots\" content=\"index, follow, max-snippet:-1, max-image-preview:large, max-video-preview:-1\" \/>\n<link rel=\"canonical\" href=\"https:\/\/www.yucatanencorto.com\/noticias\/los-de-40-anos-reactivaran-la-economia-del-pais-asegura-lopez-gatell\/\" \/>\n<meta property=\"og:locale\" content=\"es_ES\" \/>\n<meta property=\"og:type\" content=\"article\" \/>\n<meta property=\"og:title\" content=\"Los de 40 a\u00f1os reactivar\u00e1n la econom\u00eda del Pa\u00eds asegura L\u00f3pez Gatell - Yucat\u00e1n en corto\" \/>\n<meta property=\"og:description\" content=\"&nbsp; Hugo L\u00f3pez-Gatell, Subsecretario de Prevenci\u00f3n y Promoci\u00f3n de la Salud, se\u00f1al\u00f3 que cuando inicie la tercera etapa de vacunaci\u00f3n contra covid-19 para la\u00a0 poblaci\u00f3n entre 40 y 49 a\u00f1os, no solo se continuar\u00e1 cumpliendo el objetivo de disminuir la mortalidad de la epidemia sino que se lograr\u00e1 reactivar la vida social y econ\u00f3mica en [&hellip;]\" \/>\n<meta property=\"og:url\" content=\"https:\/\/www.yucatanencorto.com\/noticias\/los-de-40-anos-reactivaran-la-economia-del-pais-asegura-lopez-gatell\/\" \/>\n<meta property=\"og:site_name\" content=\"Yucat\u00e1n en corto\" \/>\n<meta property=\"article:publisher\" content=\"http:\/\/www.facebook.com\/yucatanencorto\" \/>\n<meta property=\"article:published_time\" content=\"2021-05-05T14:57:21+00:00\" \/>\n<meta property=\"og:image\" content=\"https:\/\/www.yucatanencorto.com\/noticias\/wp-content\/uploads\/2021\/05\/gatell--scaled.jpg\" \/>\n\t<meta property=\"og:image:width\" content=\"768\" \/>\n\t<meta property=\"og:image:height\" content=\"576\" \/>\n\t<meta property=\"og:image:type\" content=\"image\/jpeg\" \/>\n<meta name=\"author\" content=\"Yucat\u00e1n en Corto FC\" \/>\n<meta name=\"twitter:card\" content=\"summary_large_image\" \/>\n<meta name=\"twitter:creator\" content=\"@yucatanencorto\" \/>\n<meta name=\"twitter:site\" content=\"@yucatanencorto\" \/>\n<meta name=\"twitter:label1\" content=\"Escrito por\" \/>\n\t<meta name=\"twitter:data1\" content=\"Yucat\u00e1n en Corto FC\" \/>\n\t<meta name=\"twitter:label2\" content=\"Tiempo de lectura\" \/>\n\t<meta name=\"twitter:data2\" content=\"2 minutos\" \/>\n<script type=\"application\/ld+json\" class=\"yoast-schema-graph\">{\"@context\":\"https:\\\/\\\/schema.org\",\"@graph\":[{\"@type\":\"Article\",\"@id\":\"https:\\\/\\\/www.yucatanencorto.com\\\/noticias\\\/los-de-40-anos-reactivaran-la-economia-del-pais-asegura-lopez-gatell\\\/#article\",\"isPartOf\":{\"@id\":\"https:\\\/\\\/www.yucatanencorto.com\\\/noticias\\\/los-de-40-anos-reactivaran-la-economia-del-pais-asegura-lopez-gatell\\\/\"},\"author\":{\"name\":\"Yucat\u00e1n en Corto FC\",\"@id\":\"https:\\\/\\\/www.yucatanencorto.com\\\/noticias\\\/#\\\/schema\\\/person\\\/14f82d355225a1f4075dd84a31f45a72\"},\"headline\":\"Los de 40 a\u00f1os reactivar\u00e1n la econom\u00eda del Pa\u00eds asegura L\u00f3pez Gatell\",\"datePublished\":\"2021-05-05T14:57:21+00:00\",\"mainEntityOfPage\":{\"@id\":\"https:\\\/\\\/www.yucatanencorto.com\\\/noticias\\\/los-de-40-anos-reactivaran-la-economia-del-pais-asegura-lopez-gatell\\\/\"},\"wordCount\":396,\"publisher\":{\"@id\":\"https:\\\/\\\/www.yucatanencorto.com\\\/noticias\\\/#organization\"},\"image\":{\"@id\":\"https:\\\/\\\/www.yucatanencorto.com\\\/noticias\\\/los-de-40-anos-reactivaran-la-economia-del-pais-asegura-lopez-gatell\\\/#primaryimage\"},\"thumbnailUrl\":\"https:\\\/\\\/www.yucatanencorto.com\\\/noticias\\\/wp-content\\\/uploads\\\/2021\\\/05\\\/gatell--scaled.jpg\",\"articleSection\":[\"M\u00e9xico\"],\"inLanguage\":\"es\"},{\"@type\":\"WebPage\",\"@id\":\"https:\\\/\\\/www.yucatanencorto.com\\\/noticias\\\/los-de-40-anos-reactivaran-la-economia-del-pais-asegura-lopez-gatell\\\/\",\"url\":\"https:\\\/\\\/www.yucatanencorto.com\\\/noticias\\\/los-de-40-anos-reactivaran-la-economia-del-pais-asegura-lopez-gatell\\\/\",\"name\":\"Los de 40 a\u00f1os reactivar\u00e1n la econom\u00eda del Pa\u00eds asegura L\u00f3pez Gatell - Yucat\u00e1n en corto\",\"isPartOf\":{\"@id\":\"https:\\\/\\\/www.yucatanencorto.com\\\/noticias\\\/#website\"},\"primaryImageOfPage\":{\"@id\":\"https:\\\/\\\/www.yucatanencorto.com\\\/noticias\\\/los-de-40-anos-reactivaran-la-economia-del-pais-asegura-lopez-gatell\\\/#primaryimage\"},\"image\":{\"@id\":\"https:\\\/\\\/www.yucatanencorto.com\\\/noticias\\\/los-de-40-anos-reactivaran-la-economia-del-pais-asegura-lopez-gatell\\\/#primaryimage\"},\"thumbnailUrl\":\"https:\\\/\\\/www.yucatanencorto.com\\\/noticias\\\/wp-content\\\/uploads\\\/2021\\\/05\\\/gatell--scaled.jpg\",\"datePublished\":\"2021-05-05T14:57:21+00:00\",\"breadcrumb\":{\"@id\":\"https:\\\/\\\/www.yucatanencorto.com\\\/noticias\\\/los-de-40-anos-reactivaran-la-economia-del-pais-asegura-lopez-gatell\\\/#breadcrumb\"},\"inLanguage\":\"es\",\"potentialAction\":[{\"@type\":\"ReadAction\",\"target\":[\"https:\\\/\\\/www.yucatanencorto.com\\\/noticias\\\/los-de-40-anos-reactivaran-la-economia-del-pais-asegura-lopez-gatell\\\/\"]}]},{\"@type\":\"ImageObject\",\"inLanguage\":\"es\",\"@id\":\"https:\\\/\\\/www.yucatanencorto.com\\\/noticias\\\/los-de-40-anos-reactivaran-la-economia-del-pais-asegura-lopez-gatell\\\/#primaryimage\",\"url\":\"https:\\\/\\\/www.yucatanencorto.com\\\/noticias\\\/wp-content\\\/uploads\\\/2021\\\/05\\\/gatell--scaled.jpg\",\"contentUrl\":\"https:\\\/\\\/www.yucatanencorto.com\\\/noticias\\\/wp-content\\\/uploads\\\/2021\\\/05\\\/gatell--scaled.jpg\",\"width\":768,\"height\":576},{\"@type\":\"BreadcrumbList\",\"@id\":\"https:\\\/\\\/www.yucatanencorto.com\\\/noticias\\\/los-de-40-anos-reactivaran-la-economia-del-pais-asegura-lopez-gatell\\\/#breadcrumb\",\"itemListElement\":[{\"@type\":\"ListItem\",\"position\":1,\"name\":\"Portada\",\"item\":\"https:\\\/\\\/www.yucatanencorto.com\\\/noticias\\\/\"},{\"@type\":\"ListItem\",\"position\":2,\"name\":\"Los de 40 a\u00f1os reactivar\u00e1n la econom\u00eda del Pa\u00eds asegura L\u00f3pez Gatell\"}]},{\"@type\":\"WebSite\",\"@id\":\"https:\\\/\\\/www.yucatanencorto.com\\\/noticias\\\/#website\",\"url\":\"https:\\\/\\\/www.yucatanencorto.com\\\/noticias\\\/\",\"name\":\"Yucat\u00e1n en corto\",\"description\":\"Noticias\",\"publisher\":{\"@id\":\"https:\\\/\\\/www.yucatanencorto.com\\\/noticias\\\/#organization\"},\"potentialAction\":[{\"@type\":\"SearchAction\",\"target\":{\"@type\":\"EntryPoint\",\"urlTemplate\":\"https:\\\/\\\/www.yucatanencorto.com\\\/noticias\\\/?s={search_term_string}\"},\"query-input\":{\"@type\":\"PropertyValueSpecification\",\"valueRequired\":true,\"valueName\":\"search_term_string\"}}],\"inLanguage\":\"es\"},{\"@type\":\"Organization\",\"@id\":\"https:\\\/\\\/www.yucatanencorto.com\\\/noticias\\\/#organization\",\"name\":\"Yucat\u00e1n en corto\",\"url\":\"https:\\\/\\\/www.yucatanencorto.com\\\/noticias\\\/\",\"logo\":{\"@type\":\"ImageObject\",\"inLanguage\":\"es\",\"@id\":\"https:\\\/\\\/www.yucatanencorto.com\\\/noticias\\\/#\\\/schema\\\/logo\\\/image\\\/\",\"url\":\"https:\\\/\\\/www.yucatanencorto.com\\\/noticias\\\/wp-content\\\/uploads\\\/2026\\\/08\\\/Logo-web.png\",\"contentUrl\":\"https:\\\/\\\/www.yucatanencorto.com\\\/noticias\\\/wp-content\\\/uploads\\\/2026\\\/08\\\/Logo-web.png\",\"width\":272,\"height\":90,\"caption\":\"Yucat\u00e1n en corto\"},\"image\":{\"@id\":\"https:\\\/\\\/www.yucatanencorto.com\\\/noticias\\\/#\\\/schema\\\/logo\\\/image\\\/\"},\"sameAs\":[\"http:\\\/\\\/www.facebook.com\\\/yucatanencorto\",\"https:\\\/\\\/x.com\\\/yucatanencorto\"]},{\"@type\":\"Person\",\"@id\":\"https:\\\/\\\/www.yucatanencorto.com\\\/noticias\\\/#\\\/schema\\\/person\\\/14f82d355225a1f4075dd84a31f45a72\",\"name\":\"Yucat\u00e1n en Corto FC\",\"image\":{\"@type\":\"ImageObject\",\"inLanguage\":\"es\",\"@id\":\"https:\\\/\\\/secure.gravatar.com\\\/avatar\\\/147d4b30cd728c53c29c49a3f7834dedca33707f4cd259761355846009a88250?s=96&d=mm&r=g\",\"url\":\"https:\\\/\\\/secure.gravatar.com\\\/avatar\\\/147d4b30cd728c53c29c49a3f7834dedca33707f4cd259761355846009a88250?s=96&d=mm&r=g\",\"contentUrl\":\"https:\\\/\\\/secure.gravatar.com\\\/avatar\\\/147d4b30cd728c53c29c49a3f7834dedca33707f4cd259761355846009a88250?s=96&d=mm&r=g\",\"caption\":\"Yucat\u00e1n en Corto FC\"},\"url\":\"https:\\\/\\\/www.yucatanencorto.com\\\/noticias\\\/author\\\/flor\\\/\"}]}<\/script>\n<!-- \/ Yoast SEO plugin. -->","yoast_head_json":{"title":"Los de 40 a\u00f1os reactivar\u00e1n la econom\u00eda del Pa\u00eds asegura L\u00f3pez Gatell - Yucat\u00e1n en corto","robots":{"index":"index","follow":"follow","max-snippet":"max-snippet:-1","max-image-preview":"max-image-preview:large","max-video-preview":"max-video-preview:-1"},"canonical":"https:\/\/www.yucatanencorto.com\/noticias\/los-de-40-anos-reactivaran-la-economia-del-pais-asegura-lopez-gatell\/","og_locale":"es_ES","og_type":"article","og_title":"Los de 40 a\u00f1os reactivar\u00e1n la econom\u00eda del Pa\u00eds asegura L\u00f3pez Gatell - Yucat\u00e1n en corto","og_description":"&nbsp; Hugo L\u00f3pez-Gatell, Subsecretario de Prevenci\u00f3n y Promoci\u00f3n de la Salud, se\u00f1al\u00f3 que cuando inicie la tercera etapa de vacunaci\u00f3n contra covid-19 para la\u00a0 poblaci\u00f3n entre 40 y 49 a\u00f1os, no solo se continuar\u00e1 cumpliendo el objetivo de disminuir la mortalidad de la epidemia sino que se lograr\u00e1 reactivar la vida social y econ\u00f3mica en [&hellip;]","og_url":"https:\/\/www.yucatanencorto.com\/noticias\/los-de-40-anos-reactivaran-la-economia-del-pais-asegura-lopez-gatell\/","og_site_name":"Yucat\u00e1n en corto","article_publisher":"http:\/\/www.facebook.com\/yucatanencorto","article_published_time":"2021-05-05T14:57:21+00:00","og_image":[{"width":768,"height":576,"url":"https:\/\/www.yucatanencorto.com\/noticias\/wp-content\/uploads\/2021\/05\/gatell--scaled.jpg","type":"image\/jpeg"}],"author":"Yucat\u00e1n en Corto FC","twitter_card":"summary_large_image","twitter_creator":"@yucatanencorto","twitter_site":"@yucatanencorto","twitter_misc":{"Escrito por":"Yucat\u00e1n en Corto FC","Tiempo de lectura":"2 minutos"},"schema":{"@context":"https:\/\/schema.org","@graph":[{"@type":"Article","@id":"https:\/\/www.yucatanencorto.com\/noticias\/los-de-40-anos-reactivaran-la-economia-del-pais-asegura-lopez-gatell\/#article","isPartOf":{"@id":"https:\/\/www.yucatanencorto.com\/noticias\/los-de-40-anos-reactivaran-la-economia-del-pais-asegura-lopez-gatell\/"},"author":{"name":"Yucat\u00e1n en Corto FC","@id":"https:\/\/www.yucatanencorto.com\/noticias\/#\/schema\/person\/14f82d355225a1f4075dd84a31f45a72"},"headline":"Los de 40 a\u00f1os reactivar\u00e1n la econom\u00eda del Pa\u00eds asegura L\u00f3pez Gatell","datePublished":"2021-05-05T14:57:21+00:00","mainEntityOfPage":{"@id":"https:\/\/www.yucatanencorto.com\/noticias\/los-de-40-anos-reactivaran-la-economia-del-pais-asegura-lopez-gatell\/"},"wordCount":396,"publisher":{"@id":"https:\/\/www.yucatanencorto.com\/noticias\/#organization"},"image":{"@id":"https:\/\/www.yucatanencorto.com\/noticias\/los-de-40-anos-reactivaran-la-economia-del-pais-asegura-lopez-gatell\/#primaryimage"},"thumbnailUrl":"https:\/\/www.yucatanencorto.com\/noticias\/wp-content\/uploads\/2021\/05\/gatell--scaled.jpg","articleSection":["M\u00e9xico"],"inLanguage":"es"},{"@type":"WebPage","@id":"https:\/\/www.yucatanencorto.com\/noticias\/los-de-40-anos-reactivaran-la-economia-del-pais-asegura-lopez-gatell\/","url":"https:\/\/www.yucatanencorto.com\/noticias\/los-de-40-anos-reactivaran-la-economia-del-pais-asegura-lopez-gatell\/","name":"Los de 40 a\u00f1os reactivar\u00e1n la econom\u00eda del Pa\u00eds asegura L\u00f3pez Gatell - Yucat\u00e1n en corto","isPartOf":{"@id":"https:\/\/www.yucatanencorto.com\/noticias\/#website"},"primaryImageOfPage":{"@id":"https:\/\/www.yucatanencorto.com\/noticias\/los-de-40-anos-reactivaran-la-economia-del-pais-asegura-lopez-gatell\/#primaryimage"},"image":{"@id":"https:\/\/www.yucatanencorto.com\/noticias\/los-de-40-anos-reactivaran-la-economia-del-pais-asegura-lopez-gatell\/#primaryimage"},"thumbnailUrl":"https:\/\/www.yucatanencorto.com\/noticias\/wp-content\/uploads\/2021\/05\/gatell--scaled.jpg","datePublished":"2021-05-05T14:57:21+00:00","breadcrumb":{"@id":"https:\/\/www.yucatanencorto.com\/noticias\/los-de-40-anos-reactivaran-la-economia-del-pais-asegura-lopez-gatell\/#breadcrumb"},"inLanguage":"es","potentialAction":[{"@type":"ReadAction","target":["https:\/\/www.yucatanencorto.com\/noticias\/los-de-40-anos-reactivaran-la-economia-del-pais-asegura-lopez-gatell\/"]}]},{"@type":"ImageObject","inLanguage":"es","@id":"https:\/\/www.yucatanencorto.com\/noticias\/los-de-40-anos-reactivaran-la-economia-del-pais-asegura-lopez-gatell\/#primaryimage","url":"https:\/\/www.yucatanencorto.com\/noticias\/wp-content\/uploads\/2021\/05\/gatell--scaled.jpg","contentUrl":"https:\/\/www.yucatanencorto.com\/noticias\/wp-content\/uploads\/2021\/05\/gatell--scaled.jpg","width":768,"height":576},{"@type":"BreadcrumbList","@id":"https:\/\/www.yucatanencorto.com\/noticias\/los-de-40-anos-reactivaran-la-economia-del-pais-asegura-lopez-gatell\/#breadcrumb","itemListElement":[{"@type":"ListItem","position":1,"name":"Portada","item":"https:\/\/www.yucatanencorto.com\/noticias\/"},{"@type":"ListItem","position":2,"name":"Los de 40 a\u00f1os reactivar\u00e1n la econom\u00eda del Pa\u00eds asegura L\u00f3pez Gatell"}]},{"@type":"WebSite","@id":"https:\/\/www.yucatanencorto.com\/noticias\/#website","url":"https:\/\/www.yucatanencorto.com\/noticias\/","name":"Yucat\u00e1n en corto","description":"Noticias","publisher":{"@id":"https:\/\/www.yucatanencorto.com\/noticias\/#organization"},"potentialAction":[{"@type":"SearchAction","target":{"@type":"EntryPoint","urlTemplate":"https:\/\/www.yucatanencorto.com\/noticias\/?s={search_term_string}"},"query-input":{"@type":"PropertyValueSpecification","valueRequired":true,"valueName":"search_term_string"}}],"inLanguage":"es"},{"@type":"Organization","@id":"https:\/\/www.yucatanencorto.com\/noticias\/#organization","name":"Yucat\u00e1n en corto","url":"https:\/\/www.yucatanencorto.com\/noticias\/","logo":{"@type":"ImageObject","inLanguage":"es","@id":"https:\/\/www.yucatanencorto.com\/noticias\/#\/schema\/logo\/image\/","url":"https:\/\/www.yucatanencorto.com\/noticias\/wp-content\/uploads\/2026\/08\/Logo-web.png","contentUrl":"https:\/\/www.yucatanencorto.com\/noticias\/wp-content\/uploads\/2026\/08\/Logo-web.png","width":272,"height":90,"caption":"Yucat\u00e1n en corto"},"image":{"@id":"https:\/\/www.yucatanencorto.com\/noticias\/#\/schema\/logo\/image\/"},"sameAs":["http:\/\/www.facebook.com\/yucatanencorto","https:\/\/x.com\/yucatanencorto"]},{"@type":"Person","@id":"https:\/\/www.yucatanencorto.com\/noticias\/#\/schema\/person\/14f82d355225a1f4075dd84a31f45a72","name":"Yucat\u00e1n en Corto FC","image":{"@type":"ImageObject","inLanguage":"es","@id":"https:\/\/secure.gravatar.com\/avatar\/147d4b30cd728c53c29c49a3f7834dedca33707f4cd259761355846009a88250?s=96&d=mm&r=g","url":"https:\/\/secure.gravatar.com\/avatar\/147d4b30cd728c53c29c49a3f7834dedca33707f4cd259761355846009a88250?s=96&d=mm&r=g","contentUrl":"https:\/\/secure.gravatar.com\/avatar\/147d4b30cd728c53c29c49a3f7834dedca33707f4cd259761355846009a88250?s=96&d=mm&r=g","caption":"Yucat\u00e1n en Corto FC"},"url":"https:\/\/www.yucatanencorto.com\/noticias\/author\/flor\/"}]}},"_links":{"self":[{"href":"https:\/\/www.yucatanencorto.com\/noticias\/wp-json\/wp\/v2\/posts\/72397","targetHints":{"allow":["GET"]}}],"collection":[{"href":"https:\/\/www.yucatanencorto.com\/noticias\/wp-json\/wp\/v2\/posts"}],"about":[{"href":"https:\/\/www.yucatanencorto.com\/noticias\/wp-json\/wp\/v2\/types\/post"}],"author":[{"embeddable":true,"href":"https:\/\/www.yucatanencorto.com\/noticias\/wp-json\/wp\/v2\/users\/2"}],"replies":[{"embeddable":true,"href":"https:\/\/www.yucatanencorto.com\/noticias\/wp-json\/wp\/v2\/comments?post=72397"}],"version-history":[{"count":0,"href":"https:\/\/www.yucatanencorto.com\/noticias\/wp-json\/wp\/v2\/posts\/72397\/revisions"}],"wp:featuredmedia":[{"embeddable":true,"href":"https:\/\/www.yucatanencorto.com\/noticias\/wp-json\/wp\/v2\/media\/72398"}],"wp:attachment":[{"href":"https:\/\/www.yucatanencorto.com\/noticias\/wp-json\/wp\/v2\/media?parent=72397"}],"wp:term":[{"taxonomy":"category","embeddable":true,"href":"https:\/\/www.yucatanencorto.com\/noticias\/wp-json\/wp\/v2\/categories?post=72397"},{"taxonomy":"post_tag","embeddable":true,"href":"https:\/\/www.yucatanencorto.com\/noticias\/wp-json\/wp\/v2\/tags?post=72397"}],"curies":[{"name":"wp","href":"https:\/\/api.w.org\/{rel}","templated":true}]}}