{"id":83119,"date":"2021-06-30T16:51:53","date_gmt":"2021-06-30T21:51:53","guid":{"rendered":"https:\/\/www.yucatanencorto.com\/noticias\/?p=83119"},"modified":"2021-06-30T16:51:53","modified_gmt":"2021-06-30T21:51:53","slug":"el-ayuntamiento-de-merida-avanza-en-el-desarrollo-sostenible-apegado-a-la-agenda-2030","status":"publish","type":"post","link":"https:\/\/www.yucatanencorto.com\/noticias\/el-ayuntamiento-de-merida-avanza-en-el-desarrollo-sostenible-apegado-a-la-agenda-2030\/","title":{"rendered":"El Ayuntamiento de M\u00e9rida avanza en el desarrollo sostenible apegado a la Agenda 2030"},"content":{"rendered":"<p>&nbsp;<\/p>\n<p><img loading=\"lazy\" decoding=\"async\" class=\"alignnone size-full wp-image-83536\" src=\"https:\/\/www.yucatanencorto.com\/noticias\/wp-content\/uploads\/2021\/06\/alcalde-.jpg\" alt=\"\" width=\"640\" height=\"480\" srcset=\"https:\/\/www.yucatanencorto.com\/noticias\/wp-content\/uploads\/2021\/06\/alcalde-.jpg 640w, https:\/\/www.yucatanencorto.com\/noticias\/wp-content\/uploads\/2021\/06\/alcalde--560x420.jpg 560w, https:\/\/www.yucatanencorto.com\/noticias\/wp-content\/uploads\/2021\/06\/alcalde--80x60.jpg 80w, https:\/\/www.yucatanencorto.com\/noticias\/wp-content\/uploads\/2021\/06\/alcalde--265x198.jpg 265w\" sizes=\"auto, (max-width: 640px) 100vw, 640px\" \/><\/p>\n<p>&nbsp;<\/p>\n<p>&nbsp;<\/p>\n<p>&nbsp;<\/p>\n<div dir=\"ltr\">\n<p style=\"text-align: justify;\">M\u00e9rida, 30 de junio de 2021. Con una elevada participaci\u00f3n y compromiso de la ciudadan\u00eda, M\u00e9rida camina con paso firme hacia el desarrollo sostenible, con pol\u00edticas p\u00fablicas que privilegian la sostenibilidad econ\u00f3mica, social y ambiental, as\u00ed como el fortalecimiento de la visi\u00f3n humanista del Ayuntamiento, asegur\u00f3 el alcalde Alejandro Ruz Castro.<\/p>\n<\/div>\n<div dir=\"ltr\" style=\"text-align: justify;\">\n<p>Asegur\u00f3 que el municipio trabaja de acuerdo con los Objetivos de Desarrollo Sostenible (ODS) de la Agenda 2030, que son el marco de referencia para el dise\u00f1o y elaboraci\u00f3n de las pol\u00edticas p\u00fablicas que aplica.<\/p>\n<p>Durante su participaci\u00f3n en el foro \u201cLa importancia de los gobiernos locales en Latinoam\u00e9rica\u201d, organizado por la Red de Alcaldes y Ciudades Sostenibles para la Democracia y la Konrad Adenauer Stiftung, Ruz Castro reiter\u00f3 el compromiso municipal para continuar esta l\u00ednea de trabajo participativa y de colaboraci\u00f3n entre autoridades, ciudadanos y los diversos sectores de la ciudad.<\/p>\n<p>De esta manera, dijo, seguimos avanzando en el cumplimiento de los compromisos de la Agenda 2030 y a trav\u00e9s de la Revisi\u00f3n Local Voluntaria (RLV), que realizaremos en julio pr\u00f3ximo y donde tendremos la gran oportunidad de reflexionar y analizar retos por enfrentar para alcanzar las metas en los pr\u00f3ximos 9 a\u00f1os.<\/p>\n<p>Ante alcaldes de distintas partes del mundo que integran la citada red, el Edil se\u00f1al\u00f3 que en concordancia con la Agenda 2030 y el Plan Estatal de Desarrollo 2018-2024, el Ayuntamiento de M\u00e9rida continuar\u00e1 ejerciendo un gobierno humanista, colocando a las personas en el centro de toda gesti\u00f3n, con un enfoque de derechos basado en el desarrollo sostenible global como un plan de acci\u00f3n para las personas, la prosperidad, la paz y el trabajo conjunto.<\/p>\n<p>Record\u00f3 que desde la elaboraci\u00f3n del Plan Municipal de Desarrollo se consider\u00f3 al desarrollo sostenible como una estrategia municipal y se estableci\u00f3 como uno de sus ejes transversales m\u00e1s importantes.<\/p>\n<p>\u201cPara la realizaci\u00f3n del plan y basados en la agenda 2030, se involucraron m\u00e1s de mil meridanas y meridanos en la toma de decisiones a favor de la ciudad, con lo que se convirti\u00f3 en el PMD m\u00e1s participativo de la historia de M\u00e9rida\u201d, subray\u00f3.<\/p>\n<p>Remarc\u00f3 que la agenda 2030 para el Desarrollo Sostenible es la gu\u00eda del Ayuntamiento para establecer una visi\u00f3n transformadora hacia la sostenibilidad econ\u00f3mica, social y ambiental, que permita satisfacer necesidades actuales sin comprometer el futuro.<\/p>\n<p>Ruz Castro coment\u00f3 que la visi\u00f3n del futuro de M\u00e9rida ante la pandemia llev\u00f3 al Ayuntamiento en agosto de 2020 a modificar el PMD por primera vez en la historia para reorientar los objetivos de la administraci\u00f3n y poder hacer frente a los nuevos retos, atendiendo necesidades estrat\u00e9gicas.<\/p>\n<p>\u201cSe jerarquizaron programas principalmente encaminados al cuidado de la salud, el impulso econ\u00f3mico y la reactivaci\u00f3n gradual y ordenada del municipio, lo que impact\u00f3 de manera directa en los objetivos del desarrollo sustentable: fin de la pobreza, salud y bienestar, trabajo y crecimiento econ\u00f3mico\u201d, dijo.<\/p>\n<p>Destac\u00f3 tambi\u00e9n que el programa M\u00e9rida nos Une ha sido recientemente reconocida por la ONU entre las pr\u00e1cticas m\u00e1s innovadoras e inspiradoras de los Objetivos de Desarrollo Sustentable.<\/p>\n<p>A trav\u00e9s de ese reconocimiento ser\u00e1 publicitada y difundida a nivel mundial en los espacios digitales de la ONU, lo que la sit\u00faa entre las mejores pr\u00e1cticas a trav\u00e9s de las cuales los gobiernos, organizaciones internacionales y regionales dan cumplimiento a la Agenda 2030.<\/p>\n<p>Subray\u00f3 tambi\u00e9n la integraci\u00f3n del Ayuntamiento al Consejo Estatal de la Agenda 2030, que se instal\u00f3 en 2018, as\u00ed como al Comit\u00e9 Regional de dicho consejo, lo que ha permitido una coordinaci\u00f3n m\u00e1s cercana para implementar y dar seguimiento a la agenda 2030 en el municipio, que se ha enriquecido con capacitaci\u00f3n para el mayor conocimiento y difusi\u00f3n de los ODS<\/p>\n<p>Asimismo, remarc\u00f3 la importancia de la coordinaci\u00f3n activa de todos los miembros del OSI de la agenda 2030 del Municipio de M\u00e9rida, la Agencia de Cooperaci\u00f3n Alemana para el Desarrollo (GIZ, por sus siglas en alem\u00e1n), la Secretar\u00eda T\u00e9cnica de Planeaci\u00f3n y Evaluaci\u00f3n (SEPLAN Yucat\u00e1n) as\u00ed como la Secretar\u00eda de Econom\u00eda del Gobierno Federal.<\/p>\n<p>\u201cEste trabajo coordinado nos ha apoyado y orientado con experiencia, pero principalmente con los actores sociales como la academia y el sector empresarial local, con los que seguimos fomentando y creando juntos un mejor lugar para vivir\u201d, dijo.<\/p>\n<p>Adem\u00e1s de Ruz Castro, en el foro intervinieron la alcaldesa de Pe\u00f1alol\u00e9n, Chile; Carolina Leitao \u00c1lvarez y los alcaldes Giancarlo Casassa S\u00e1nchez, de Surquillo, Lima, y Juan Mart\u00edn V\u00e1squez, de T\u00e1mesis, Colombia.<\/p>\n<p>El foro se realiz\u00f3 con el apoyo del Programa Regional Seguridad Energ\u00e9tica y Cambio Clim\u00e1tico en Am\u00e9rica Latina (EKLA), la Fundaci\u00f3n Konrad Adenauer (KAS) y el Centro Regional de Crecimiento Verde y Cambio Clim\u00e1tico.<\/p>\n<\/div>\n<p style=\"text-align: justify;\">\n","protected":false},"excerpt":{"rendered":"<p>&nbsp; &nbsp; &nbsp; &nbsp; M\u00e9rida, 30 de junio de 2021. Con una elevada participaci\u00f3n y compromiso de la ciudadan\u00eda, M\u00e9rida camina con paso firme hacia el desarrollo sostenible, con pol\u00edticas p\u00fablicas que privilegian la sostenibilidad econ\u00f3mica, social y ambiental, as\u00ed como el fortalecimiento de la visi\u00f3n humanista del Ayuntamiento, asegur\u00f3 el alcalde Alejandro Ruz Castro. [&hellip;]<\/p>\n","protected":false},"author":2,"featured_media":83536,"comment_status":"closed","ping_status":"closed","sticky":false,"template":"","format":"standard","meta":{"footnotes":""},"categories":[2],"tags":[],"class_list":{"0":"post-83119","1":"post","2":"type-post","3":"status-publish","4":"format-standard","5":"has-post-thumbnail","7":"category-merida"},"yoast_head":"<!-- This site is optimized with the Yoast SEO plugin v27.5 - https:\/\/yoast.com\/product\/yoast-seo-wordpress\/ -->\n<title>El Ayuntamiento de M\u00e9rida avanza en el desarrollo sostenible apegado a la Agenda 2030 - Yucat\u00e1n en corto<\/title>\n<meta name=\"robots\" content=\"index, follow, max-snippet:-1, max-image-preview:large, max-video-preview:-1\" \/>\n<link rel=\"canonical\" href=\"https:\/\/www.yucatanencorto.com\/noticias\/el-ayuntamiento-de-merida-avanza-en-el-desarrollo-sostenible-apegado-a-la-agenda-2030\/\" \/>\n<meta property=\"og:locale\" content=\"es_ES\" \/>\n<meta property=\"og:type\" content=\"article\" \/>\n<meta property=\"og:title\" content=\"El Ayuntamiento de M\u00e9rida avanza en el desarrollo sostenible apegado a la Agenda 2030 - Yucat\u00e1n en corto\" \/>\n<meta property=\"og:description\" content=\"&nbsp; &nbsp; &nbsp; &nbsp; M\u00e9rida, 30 de junio de 2021. Con una elevada participaci\u00f3n y compromiso de la ciudadan\u00eda, M\u00e9rida camina con paso firme hacia el desarrollo sostenible, con pol\u00edticas p\u00fablicas que privilegian la sostenibilidad econ\u00f3mica, social y ambiental, as\u00ed como el fortalecimiento de la visi\u00f3n humanista del Ayuntamiento, asegur\u00f3 el alcalde Alejandro Ruz Castro. [&hellip;]\" \/>\n<meta property=\"og:url\" content=\"https:\/\/www.yucatanencorto.com\/noticias\/el-ayuntamiento-de-merida-avanza-en-el-desarrollo-sostenible-apegado-a-la-agenda-2030\/\" \/>\n<meta property=\"og:site_name\" content=\"Yucat\u00e1n en corto\" \/>\n<meta property=\"article:publisher\" content=\"http:\/\/www.facebook.com\/yucatanencorto\" \/>\n<meta property=\"article:published_time\" content=\"2021-06-30T21:51:53+00:00\" \/>\n<meta property=\"og:image\" content=\"https:\/\/www.yucatanencorto.com\/noticias\/wp-content\/uploads\/2021\/06\/alcalde-.jpg\" \/>\n\t<meta property=\"og:image:width\" content=\"640\" \/>\n\t<meta property=\"og:image:height\" content=\"480\" \/>\n\t<meta property=\"og:image:type\" content=\"image\/jpeg\" \/>\n<meta name=\"author\" content=\"Yucat\u00e1n en Corto FC\" \/>\n<meta name=\"twitter:card\" content=\"summary_large_image\" \/>\n<meta name=\"twitter:creator\" content=\"@yucatanencorto\" \/>\n<meta name=\"twitter:site\" content=\"@yucatanencorto\" \/>\n<meta name=\"twitter:label1\" content=\"Escrito por\" \/>\n\t<meta name=\"twitter:data1\" content=\"Yucat\u00e1n en Corto FC\" \/>\n\t<meta name=\"twitter:label2\" content=\"Tiempo de lectura\" \/>\n\t<meta name=\"twitter:data2\" content=\"4 minutos\" \/>\n<script type=\"application\/ld+json\" class=\"yoast-schema-graph\">{\"@context\":\"https:\\\/\\\/schema.org\",\"@graph\":[{\"@type\":\"Article\",\"@id\":\"https:\\\/\\\/www.yucatanencorto.com\\\/noticias\\\/el-ayuntamiento-de-merida-avanza-en-el-desarrollo-sostenible-apegado-a-la-agenda-2030\\\/#article\",\"isPartOf\":{\"@id\":\"https:\\\/\\\/www.yucatanencorto.com\\\/noticias\\\/el-ayuntamiento-de-merida-avanza-en-el-desarrollo-sostenible-apegado-a-la-agenda-2030\\\/\"},\"author\":{\"name\":\"Yucat\u00e1n en Corto FC\",\"@id\":\"https:\\\/\\\/www.yucatanencorto.com\\\/noticias\\\/#\\\/schema\\\/person\\\/14f82d355225a1f4075dd84a31f45a72\"},\"headline\":\"El Ayuntamiento de M\u00e9rida avanza en el desarrollo sostenible apegado a la Agenda 2030\",\"datePublished\":\"2021-06-30T21:51:53+00:00\",\"mainEntityOfPage\":{\"@id\":\"https:\\\/\\\/www.yucatanencorto.com\\\/noticias\\\/el-ayuntamiento-de-merida-avanza-en-el-desarrollo-sostenible-apegado-a-la-agenda-2030\\\/\"},\"wordCount\":846,\"image\":{\"@id\":\"https:\\\/\\\/www.yucatanencorto.com\\\/noticias\\\/el-ayuntamiento-de-merida-avanza-en-el-desarrollo-sostenible-apegado-a-la-agenda-2030\\\/#primaryimage\"},\"thumbnailUrl\":\"https:\\\/\\\/www.yucatanencorto.com\\\/noticias\\\/wp-content\\\/uploads\\\/2021\\\/06\\\/alcalde-.jpg\",\"articleSection\":[\"M\u00e9rida\"],\"inLanguage\":\"es\"},{\"@type\":\"WebPage\",\"@id\":\"https:\\\/\\\/www.yucatanencorto.com\\\/noticias\\\/el-ayuntamiento-de-merida-avanza-en-el-desarrollo-sostenible-apegado-a-la-agenda-2030\\\/\",\"url\":\"https:\\\/\\\/www.yucatanencorto.com\\\/noticias\\\/el-ayuntamiento-de-merida-avanza-en-el-desarrollo-sostenible-apegado-a-la-agenda-2030\\\/\",\"name\":\"El Ayuntamiento de M\u00e9rida avanza en el desarrollo sostenible apegado a la Agenda 2030 - Yucat\u00e1n en corto\",\"isPartOf\":{\"@id\":\"https:\\\/\\\/www.yucatanencorto.com\\\/noticias\\\/#website\"},\"primaryImageOfPage\":{\"@id\":\"https:\\\/\\\/www.yucatanencorto.com\\\/noticias\\\/el-ayuntamiento-de-merida-avanza-en-el-desarrollo-sostenible-apegado-a-la-agenda-2030\\\/#primaryimage\"},\"image\":{\"@id\":\"https:\\\/\\\/www.yucatanencorto.com\\\/noticias\\\/el-ayuntamiento-de-merida-avanza-en-el-desarrollo-sostenible-apegado-a-la-agenda-2030\\\/#primaryimage\"},\"thumbnailUrl\":\"https:\\\/\\\/www.yucatanencorto.com\\\/noticias\\\/wp-content\\\/uploads\\\/2021\\\/06\\\/alcalde-.jpg\",\"datePublished\":\"2021-06-30T21:51:53+00:00\",\"author\":{\"@id\":\"https:\\\/\\\/www.yucatanencorto.com\\\/noticias\\\/#\\\/schema\\\/person\\\/14f82d355225a1f4075dd84a31f45a72\"},\"breadcrumb\":{\"@id\":\"https:\\\/\\\/www.yucatanencorto.com\\\/noticias\\\/el-ayuntamiento-de-merida-avanza-en-el-desarrollo-sostenible-apegado-a-la-agenda-2030\\\/#breadcrumb\"},\"inLanguage\":\"es\",\"potentialAction\":[{\"@type\":\"ReadAction\",\"target\":[\"https:\\\/\\\/www.yucatanencorto.com\\\/noticias\\\/el-ayuntamiento-de-merida-avanza-en-el-desarrollo-sostenible-apegado-a-la-agenda-2030\\\/\"]}]},{\"@type\":\"ImageObject\",\"inLanguage\":\"es\",\"@id\":\"https:\\\/\\\/www.yucatanencorto.com\\\/noticias\\\/el-ayuntamiento-de-merida-avanza-en-el-desarrollo-sostenible-apegado-a-la-agenda-2030\\\/#primaryimage\",\"url\":\"https:\\\/\\\/www.yucatanencorto.com\\\/noticias\\\/wp-content\\\/uploads\\\/2021\\\/06\\\/alcalde-.jpg\",\"contentUrl\":\"https:\\\/\\\/www.yucatanencorto.com\\\/noticias\\\/wp-content\\\/uploads\\\/2021\\\/06\\\/alcalde-.jpg\",\"width\":640,\"height\":480},{\"@type\":\"BreadcrumbList\",\"@id\":\"https:\\\/\\\/www.yucatanencorto.com\\\/noticias\\\/el-ayuntamiento-de-merida-avanza-en-el-desarrollo-sostenible-apegado-a-la-agenda-2030\\\/#breadcrumb\",\"itemListElement\":[{\"@type\":\"ListItem\",\"position\":1,\"name\":\"Portada\",\"item\":\"https:\\\/\\\/www.yucatanencorto.com\\\/noticias\\\/\"},{\"@type\":\"ListItem\",\"position\":2,\"name\":\"El Ayuntamiento de M\u00e9rida avanza en el desarrollo sostenible apegado a la Agenda 2030\"}]},{\"@type\":\"WebSite\",\"@id\":\"https:\\\/\\\/www.yucatanencorto.com\\\/noticias\\\/#website\",\"url\":\"https:\\\/\\\/www.yucatanencorto.com\\\/noticias\\\/\",\"name\":\"Yucat\u00e1n en corto\",\"description\":\"Noticias\",\"potentialAction\":[{\"@type\":\"SearchAction\",\"target\":{\"@type\":\"EntryPoint\",\"urlTemplate\":\"https:\\\/\\\/www.yucatanencorto.com\\\/noticias\\\/?s={search_term_string}\"},\"query-input\":{\"@type\":\"PropertyValueSpecification\",\"valueRequired\":true,\"valueName\":\"search_term_string\"}}],\"inLanguage\":\"es\"},{\"@type\":\"Person\",\"@id\":\"https:\\\/\\\/www.yucatanencorto.com\\\/noticias\\\/#\\\/schema\\\/person\\\/14f82d355225a1f4075dd84a31f45a72\",\"name\":\"Yucat\u00e1n en Corto FC\",\"image\":{\"@type\":\"ImageObject\",\"inLanguage\":\"es\",\"@id\":\"https:\\\/\\\/secure.gravatar.com\\\/avatar\\\/147d4b30cd728c53c29c49a3f7834dedca33707f4cd259761355846009a88250?s=96&d=mm&r=g\",\"url\":\"https:\\\/\\\/secure.gravatar.com\\\/avatar\\\/147d4b30cd728c53c29c49a3f7834dedca33707f4cd259761355846009a88250?s=96&d=mm&r=g\",\"contentUrl\":\"https:\\\/\\\/secure.gravatar.com\\\/avatar\\\/147d4b30cd728c53c29c49a3f7834dedca33707f4cd259761355846009a88250?s=96&d=mm&r=g\",\"caption\":\"Yucat\u00e1n en Corto FC\"},\"url\":\"https:\\\/\\\/www.yucatanencorto.com\\\/noticias\\\/author\\\/flor\\\/\"}]}<\/script>\n<!-- \/ Yoast SEO plugin. -->","yoast_head_json":{"title":"El Ayuntamiento de M\u00e9rida avanza en el desarrollo sostenible apegado a la Agenda 2030 - Yucat\u00e1n en corto","robots":{"index":"index","follow":"follow","max-snippet":"max-snippet:-1","max-image-preview":"max-image-preview:large","max-video-preview":"max-video-preview:-1"},"canonical":"https:\/\/www.yucatanencorto.com\/noticias\/el-ayuntamiento-de-merida-avanza-en-el-desarrollo-sostenible-apegado-a-la-agenda-2030\/","og_locale":"es_ES","og_type":"article","og_title":"El Ayuntamiento de M\u00e9rida avanza en el desarrollo sostenible apegado a la Agenda 2030 - Yucat\u00e1n en corto","og_description":"&nbsp; &nbsp; &nbsp; &nbsp; M\u00e9rida, 30 de junio de 2021. Con una elevada participaci\u00f3n y compromiso de la ciudadan\u00eda, M\u00e9rida camina con paso firme hacia el desarrollo sostenible, con pol\u00edticas p\u00fablicas que privilegian la sostenibilidad econ\u00f3mica, social y ambiental, as\u00ed como el fortalecimiento de la visi\u00f3n humanista del Ayuntamiento, asegur\u00f3 el alcalde Alejandro Ruz Castro. [&hellip;]","og_url":"https:\/\/www.yucatanencorto.com\/noticias\/el-ayuntamiento-de-merida-avanza-en-el-desarrollo-sostenible-apegado-a-la-agenda-2030\/","og_site_name":"Yucat\u00e1n en corto","article_publisher":"http:\/\/www.facebook.com\/yucatanencorto","article_published_time":"2021-06-30T21:51:53+00:00","og_image":[{"width":640,"height":480,"url":"https:\/\/www.yucatanencorto.com\/noticias\/wp-content\/uploads\/2021\/06\/alcalde-.jpg","type":"image\/jpeg"}],"author":"Yucat\u00e1n en Corto FC","twitter_card":"summary_large_image","twitter_creator":"@yucatanencorto","twitter_site":"@yucatanencorto","twitter_misc":{"Escrito por":"Yucat\u00e1n en Corto FC","Tiempo de lectura":"4 minutos"},"schema":{"@context":"https:\/\/schema.org","@graph":[{"@type":"Article","@id":"https:\/\/www.yucatanencorto.com\/noticias\/el-ayuntamiento-de-merida-avanza-en-el-desarrollo-sostenible-apegado-a-la-agenda-2030\/#article","isPartOf":{"@id":"https:\/\/www.yucatanencorto.com\/noticias\/el-ayuntamiento-de-merida-avanza-en-el-desarrollo-sostenible-apegado-a-la-agenda-2030\/"},"author":{"name":"Yucat\u00e1n en Corto FC","@id":"https:\/\/www.yucatanencorto.com\/noticias\/#\/schema\/person\/14f82d355225a1f4075dd84a31f45a72"},"headline":"El Ayuntamiento de M\u00e9rida avanza en el desarrollo sostenible apegado a la Agenda 2030","datePublished":"2021-06-30T21:51:53+00:00","mainEntityOfPage":{"@id":"https:\/\/www.yucatanencorto.com\/noticias\/el-ayuntamiento-de-merida-avanza-en-el-desarrollo-sostenible-apegado-a-la-agenda-2030\/"},"wordCount":846,"image":{"@id":"https:\/\/www.yucatanencorto.com\/noticias\/el-ayuntamiento-de-merida-avanza-en-el-desarrollo-sostenible-apegado-a-la-agenda-2030\/#primaryimage"},"thumbnailUrl":"https:\/\/www.yucatanencorto.com\/noticias\/wp-content\/uploads\/2021\/06\/alcalde-.jpg","articleSection":["M\u00e9rida"],"inLanguage":"es"},{"@type":"WebPage","@id":"https:\/\/www.yucatanencorto.com\/noticias\/el-ayuntamiento-de-merida-avanza-en-el-desarrollo-sostenible-apegado-a-la-agenda-2030\/","url":"https:\/\/www.yucatanencorto.com\/noticias\/el-ayuntamiento-de-merida-avanza-en-el-desarrollo-sostenible-apegado-a-la-agenda-2030\/","name":"El Ayuntamiento de M\u00e9rida avanza en el desarrollo sostenible apegado a la Agenda 2030 - Yucat\u00e1n en corto","isPartOf":{"@id":"https:\/\/www.yucatanencorto.com\/noticias\/#website"},"primaryImageOfPage":{"@id":"https:\/\/www.yucatanencorto.com\/noticias\/el-ayuntamiento-de-merida-avanza-en-el-desarrollo-sostenible-apegado-a-la-agenda-2030\/#primaryimage"},"image":{"@id":"https:\/\/www.yucatanencorto.com\/noticias\/el-ayuntamiento-de-merida-avanza-en-el-desarrollo-sostenible-apegado-a-la-agenda-2030\/#primaryimage"},"thumbnailUrl":"https:\/\/www.yucatanencorto.com\/noticias\/wp-content\/uploads\/2021\/06\/alcalde-.jpg","datePublished":"2021-06-30T21:51:53+00:00","author":{"@id":"https:\/\/www.yucatanencorto.com\/noticias\/#\/schema\/person\/14f82d355225a1f4075dd84a31f45a72"},"breadcrumb":{"@id":"https:\/\/www.yucatanencorto.com\/noticias\/el-ayuntamiento-de-merida-avanza-en-el-desarrollo-sostenible-apegado-a-la-agenda-2030\/#breadcrumb"},"inLanguage":"es","potentialAction":[{"@type":"ReadAction","target":["https:\/\/www.yucatanencorto.com\/noticias\/el-ayuntamiento-de-merida-avanza-en-el-desarrollo-sostenible-apegado-a-la-agenda-2030\/"]}]},{"@type":"ImageObject","inLanguage":"es","@id":"https:\/\/www.yucatanencorto.com\/noticias\/el-ayuntamiento-de-merida-avanza-en-el-desarrollo-sostenible-apegado-a-la-agenda-2030\/#primaryimage","url":"https:\/\/www.yucatanencorto.com\/noticias\/wp-content\/uploads\/2021\/06\/alcalde-.jpg","contentUrl":"https:\/\/www.yucatanencorto.com\/noticias\/wp-content\/uploads\/2021\/06\/alcalde-.jpg","width":640,"height":480},{"@type":"BreadcrumbList","@id":"https:\/\/www.yucatanencorto.com\/noticias\/el-ayuntamiento-de-merida-avanza-en-el-desarrollo-sostenible-apegado-a-la-agenda-2030\/#breadcrumb","itemListElement":[{"@type":"ListItem","position":1,"name":"Portada","item":"https:\/\/www.yucatanencorto.com\/noticias\/"},{"@type":"ListItem","position":2,"name":"El Ayuntamiento de M\u00e9rida avanza en el desarrollo sostenible apegado a la Agenda 2030"}]},{"@type":"WebSite","@id":"https:\/\/www.yucatanencorto.com\/noticias\/#website","url":"https:\/\/www.yucatanencorto.com\/noticias\/","name":"Yucat\u00e1n en corto","description":"Noticias","potentialAction":[{"@type":"SearchAction","target":{"@type":"EntryPoint","urlTemplate":"https:\/\/www.yucatanencorto.com\/noticias\/?s={search_term_string}"},"query-input":{"@type":"PropertyValueSpecification","valueRequired":true,"valueName":"search_term_string"}}],"inLanguage":"es"},{"@type":"Person","@id":"https:\/\/www.yucatanencorto.com\/noticias\/#\/schema\/person\/14f82d355225a1f4075dd84a31f45a72","name":"Yucat\u00e1n en Corto FC","image":{"@type":"ImageObject","inLanguage":"es","@id":"https:\/\/secure.gravatar.com\/avatar\/147d4b30cd728c53c29c49a3f7834dedca33707f4cd259761355846009a88250?s=96&d=mm&r=g","url":"https:\/\/secure.gravatar.com\/avatar\/147d4b30cd728c53c29c49a3f7834dedca33707f4cd259761355846009a88250?s=96&d=mm&r=g","contentUrl":"https:\/\/secure.gravatar.com\/avatar\/147d4b30cd728c53c29c49a3f7834dedca33707f4cd259761355846009a88250?s=96&d=mm&r=g","caption":"Yucat\u00e1n en Corto FC"},"url":"https:\/\/www.yucatanencorto.com\/noticias\/author\/flor\/"}]}},"_links":{"self":[{"href":"https:\/\/www.yucatanencorto.com\/noticias\/wp-json\/wp\/v2\/posts\/83119","targetHints":{"allow":["GET"]}}],"collection":[{"href":"https:\/\/www.yucatanencorto.com\/noticias\/wp-json\/wp\/v2\/posts"}],"about":[{"href":"https:\/\/www.yucatanencorto.com\/noticias\/wp-json\/wp\/v2\/types\/post"}],"author":[{"embeddable":true,"href":"https:\/\/www.yucatanencorto.com\/noticias\/wp-json\/wp\/v2\/users\/2"}],"replies":[{"embeddable":true,"href":"https:\/\/www.yucatanencorto.com\/noticias\/wp-json\/wp\/v2\/comments?post=83119"}],"version-history":[{"count":0,"href":"https:\/\/www.yucatanencorto.com\/noticias\/wp-json\/wp\/v2\/posts\/83119\/revisions"}],"wp:featuredmedia":[{"embeddable":true,"href":"https:\/\/www.yucatanencorto.com\/noticias\/wp-json\/wp\/v2\/media\/83536"}],"wp:attachment":[{"href":"https:\/\/www.yucatanencorto.com\/noticias\/wp-json\/wp\/v2\/media?parent=83119"}],"wp:term":[{"taxonomy":"category","embeddable":true,"href":"https:\/\/www.yucatanencorto.com\/noticias\/wp-json\/wp\/v2\/categories?post=83119"},{"taxonomy":"post_tag","embeddable":true,"href":"https:\/\/www.yucatanencorto.com\/noticias\/wp-json\/wp\/v2\/tags?post=83119"}],"curies":[{"name":"wp","href":"https:\/\/api.w.org\/{rel}","templated":true}]}}