{"id":85036,"date":"2021-06-30T21:29:31","date_gmt":"2021-07-01T02:29:31","guid":{"rendered":"https:\/\/www.yucatanencorto.com\/noticias\/?p=85036"},"modified":"2021-06-30T21:29:31","modified_gmt":"2021-07-01T02:29:31","slug":"el-alcalde-electo-de-merida-renan-barrera-concha-se-reunio-con-el-presidente-municipal-alejandro-ruz-castro-con-miras-a-una-transicion-transparente-y-sin-contratiempos","status":"publish","type":"post","link":"https:\/\/www.yucatanencorto.com\/noticias\/el-alcalde-electo-de-merida-renan-barrera-concha-se-reunio-con-el-presidente-municipal-alejandro-ruz-castro-con-miras-a-una-transicion-transparente-y-sin-contratiempos\/","title":{"rendered":"El alcalde electo de M\u00e9rida Ren\u00e1n Barrera Concha se reuni\u00f3 con el presidente municipal Alejandro Ruz Castro con miras a una transici\u00f3n transparente y sin contratiempos"},"content":{"rendered":"<p><img loading=\"lazy\" decoding=\"async\" class=\"alignnone size-full wp-image-85037\" src=\"https:\/\/www.yucatanencorto.com\/noticias\/wp-content\/uploads\/2021\/06\/7B8C573C-C3C3-4873-BE0B-01E0E66C31BD-scaled.jpeg\" alt=\"\" width=\"768\" height=\"512\" srcset=\"https:\/\/www.yucatanencorto.com\/noticias\/wp-content\/uploads\/2021\/06\/7B8C573C-C3C3-4873-BE0B-01E0E66C31BD-scaled.jpeg 768w, https:\/\/www.yucatanencorto.com\/noticias\/wp-content\/uploads\/2021\/06\/7B8C573C-C3C3-4873-BE0B-01E0E66C31BD-696x464.jpeg 696w, https:\/\/www.yucatanencorto.com\/noticias\/wp-content\/uploads\/2021\/06\/7B8C573C-C3C3-4873-BE0B-01E0E66C31BD-631x420.jpeg 631w\" sizes=\"auto, (max-width: 768px) 100vw, 768px\" \/><\/p>\n<p>M\u00e9rida, 30 de junio de 2021. El alcalde electo de M\u00e9rida Ren\u00e1n Barrera Concha se reuni\u00f3 este d\u00eda con el presidente municipal Alejandro Ruz Castro, para intercambiar ideas sobre el proceso de reincorporaci\u00f3n al Ayuntamiento, as\u00ed como para compartir detalles rumbo al III informe de actividades. Adem\u00e1s, fue oportunidad para afinar y coordinar acciones con miras a una transici\u00f3n de administraci\u00f3n transparente y sin contratiempos, dando paso a nuevos proyectos y rindiendo cuentas de los recursos humanos, materiales y financieros para el pr\u00f3ximo periodo de gobierno municipal.<\/p>\n<p>En el encuentro que se llev\u00f3 a cabo en Palacio Municipal, hablaron sobre la pr\u00f3xima reincorporaci\u00f3n de Barrera Concha, as\u00ed como del proceso de transici\u00f3n y la entrega-recepci\u00f3n para dar inicio a la administraci\u00f3n municipal 2021-2024.<\/p>\n<p>El proceso de entrega-recepci\u00f3n queda establecido por ley para garantizar una transici\u00f3n transparente y apegada tambi\u00e9n al Reglamento del Municipio de M\u00e9rida.<\/p>\n<p>En la visita, tambi\u00e9n abordaron sobre los nuevos proyectos que comenzar\u00e1n a realizarse a partir del 1 de septiembre cuando entre en funciones la nueva administraci\u00f3n municipal encabezada por Barrera Concha.<\/p>\n<p>Igualmente, se inform\u00f3 del estado en que se encuentran los recursos humanos, materiales y financieros, que han contribuido a hacer m\u00e1s eficiente la actual administraci\u00f3n municipal.<\/p>\n<p>Durante la reuni\u00f3n, se expusieron algunos aspectos del trabajo que se realiza en torno al Tercer Informe de gobierno municipal, que se llevar\u00e1 a cabo durante el mes de agosto, aunque todav\u00eda no se especifica una fecha en particular.<\/p>\n","protected":false},"excerpt":{"rendered":"<p>M\u00e9rida, 30 de junio de 2021. El alcalde electo de M\u00e9rida Ren\u00e1n Barrera Concha se reuni\u00f3 este d\u00eda con el presidente municipal Alejandro Ruz Castro, para intercambiar ideas sobre el proceso de reincorporaci\u00f3n al Ayuntamiento, as\u00ed como para compartir detalles rumbo al III informe de actividades. Adem\u00e1s, fue oportunidad para afinar y coordinar acciones con [&hellip;]<\/p>\n","protected":false},"author":2,"featured_media":85037,"comment_status":"closed","ping_status":"closed","sticky":false,"template":"","format":"standard","meta":{"footnotes":""},"categories":[2],"tags":[],"class_list":{"0":"post-85036","1":"post","2":"type-post","3":"status-publish","4":"format-standard","5":"has-post-thumbnail","7":"category-merida"},"yoast_head":"<!-- This site is optimized with the Yoast SEO plugin v27.5 - https:\/\/yoast.com\/product\/yoast-seo-wordpress\/ -->\n<title>El alcalde electo de M\u00e9rida Ren\u00e1n Barrera Concha se reuni\u00f3 con el presidente municipal Alejandro Ruz Castro con miras a una transici\u00f3n transparente y sin contratiempos - Yucat\u00e1n en corto<\/title>\n<meta name=\"robots\" content=\"index, follow, max-snippet:-1, max-image-preview:large, max-video-preview:-1\" \/>\n<link rel=\"canonical\" href=\"https:\/\/www.yucatanencorto.com\/noticias\/el-alcalde-electo-de-merida-renan-barrera-concha-se-reunio-con-el-presidente-municipal-alejandro-ruz-castro-con-miras-a-una-transicion-transparente-y-sin-contratiempos\/\" \/>\n<meta property=\"og:locale\" content=\"es_ES\" \/>\n<meta property=\"og:type\" content=\"article\" \/>\n<meta property=\"og:title\" content=\"El alcalde electo de M\u00e9rida Ren\u00e1n Barrera Concha se reuni\u00f3 con el presidente municipal Alejandro Ruz Castro con miras a una transici\u00f3n transparente y sin contratiempos - Yucat\u00e1n en corto\" \/>\n<meta property=\"og:description\" content=\"M\u00e9rida, 30 de junio de 2021. El alcalde electo de M\u00e9rida Ren\u00e1n Barrera Concha se reuni\u00f3 este d\u00eda con el presidente municipal Alejandro Ruz Castro, para intercambiar ideas sobre el proceso de reincorporaci\u00f3n al Ayuntamiento, as\u00ed como para compartir detalles rumbo al III informe de actividades. Adem\u00e1s, fue oportunidad para afinar y coordinar acciones con [&hellip;]\" \/>\n<meta property=\"og:url\" content=\"https:\/\/www.yucatanencorto.com\/noticias\/el-alcalde-electo-de-merida-renan-barrera-concha-se-reunio-con-el-presidente-municipal-alejandro-ruz-castro-con-miras-a-una-transicion-transparente-y-sin-contratiempos\/\" \/>\n<meta property=\"og:site_name\" content=\"Yucat\u00e1n en corto\" \/>\n<meta property=\"article:publisher\" content=\"http:\/\/www.facebook.com\/yucatanencorto\" \/>\n<meta property=\"article:published_time\" content=\"2021-07-01T02:29:31+00:00\" \/>\n<meta property=\"og:image\" content=\"https:\/\/www.yucatanencorto.com\/noticias\/wp-content\/uploads\/2021\/06\/7B8C573C-C3C3-4873-BE0B-01E0E66C31BD-scaled.jpeg\" \/>\n\t<meta property=\"og:image:width\" content=\"768\" \/>\n\t<meta property=\"og:image:height\" content=\"512\" \/>\n\t<meta property=\"og:image:type\" content=\"image\/jpeg\" \/>\n<meta name=\"author\" content=\"Yucat\u00e1n en Corto FC\" \/>\n<meta name=\"twitter:card\" content=\"summary_large_image\" \/>\n<meta name=\"twitter:creator\" content=\"@yucatanencorto\" \/>\n<meta name=\"twitter:site\" content=\"@yucatanencorto\" \/>\n<meta name=\"twitter:label1\" content=\"Escrito por\" \/>\n\t<meta name=\"twitter:data1\" content=\"Yucat\u00e1n en Corto FC\" \/>\n\t<meta name=\"twitter:label2\" content=\"Tiempo de lectura\" \/>\n\t<meta name=\"twitter:data2\" content=\"2 minutos\" \/>\n<script type=\"application\/ld+json\" class=\"yoast-schema-graph\">{\"@context\":\"https:\\\/\\\/schema.org\",\"@graph\":[{\"@type\":\"Article\",\"@id\":\"https:\\\/\\\/www.yucatanencorto.com\\\/noticias\\\/el-alcalde-electo-de-merida-renan-barrera-concha-se-reunio-con-el-presidente-municipal-alejandro-ruz-castro-con-miras-a-una-transicion-transparente-y-sin-contratiempos\\\/#article\",\"isPartOf\":{\"@id\":\"https:\\\/\\\/www.yucatanencorto.com\\\/noticias\\\/el-alcalde-electo-de-merida-renan-barrera-concha-se-reunio-con-el-presidente-municipal-alejandro-ruz-castro-con-miras-a-una-transicion-transparente-y-sin-contratiempos\\\/\"},\"author\":{\"name\":\"Yucat\u00e1n en Corto FC\",\"@id\":\"https:\\\/\\\/www.yucatanencorto.com\\\/noticias\\\/#\\\/schema\\\/person\\\/14f82d355225a1f4075dd84a31f45a72\"},\"headline\":\"El alcalde electo de M\u00e9rida Ren\u00e1n Barrera Concha se reuni\u00f3 con el presidente municipal Alejandro Ruz Castro con miras a una transici\u00f3n transparente y sin contratiempos\",\"datePublished\":\"2021-07-01T02:29:31+00:00\",\"mainEntityOfPage\":{\"@id\":\"https:\\\/\\\/www.yucatanencorto.com\\\/noticias\\\/el-alcalde-electo-de-merida-renan-barrera-concha-se-reunio-con-el-presidente-municipal-alejandro-ruz-castro-con-miras-a-una-transicion-transparente-y-sin-contratiempos\\\/\"},\"wordCount\":292,\"image\":{\"@id\":\"https:\\\/\\\/www.yucatanencorto.com\\\/noticias\\\/el-alcalde-electo-de-merida-renan-barrera-concha-se-reunio-con-el-presidente-municipal-alejandro-ruz-castro-con-miras-a-una-transicion-transparente-y-sin-contratiempos\\\/#primaryimage\"},\"thumbnailUrl\":\"https:\\\/\\\/www.yucatanencorto.com\\\/noticias\\\/wp-content\\\/uploads\\\/2021\\\/06\\\/7B8C573C-C3C3-4873-BE0B-01E0E66C31BD-scaled.jpeg\",\"articleSection\":[\"M\u00e9rida\"],\"inLanguage\":\"es\"},{\"@type\":\"WebPage\",\"@id\":\"https:\\\/\\\/www.yucatanencorto.com\\\/noticias\\\/el-alcalde-electo-de-merida-renan-barrera-concha-se-reunio-con-el-presidente-municipal-alejandro-ruz-castro-con-miras-a-una-transicion-transparente-y-sin-contratiempos\\\/\",\"url\":\"https:\\\/\\\/www.yucatanencorto.com\\\/noticias\\\/el-alcalde-electo-de-merida-renan-barrera-concha-se-reunio-con-el-presidente-municipal-alejandro-ruz-castro-con-miras-a-una-transicion-transparente-y-sin-contratiempos\\\/\",\"name\":\"El alcalde electo de M\u00e9rida Ren\u00e1n Barrera Concha se reuni\u00f3 con el presidente municipal Alejandro Ruz Castro con miras a una transici\u00f3n transparente y sin contratiempos - Yucat\u00e1n en corto\",\"isPartOf\":{\"@id\":\"https:\\\/\\\/www.yucatanencorto.com\\\/noticias\\\/#website\"},\"primaryImageOfPage\":{\"@id\":\"https:\\\/\\\/www.yucatanencorto.com\\\/noticias\\\/el-alcalde-electo-de-merida-renan-barrera-concha-se-reunio-con-el-presidente-municipal-alejandro-ruz-castro-con-miras-a-una-transicion-transparente-y-sin-contratiempos\\\/#primaryimage\"},\"image\":{\"@id\":\"https:\\\/\\\/www.yucatanencorto.com\\\/noticias\\\/el-alcalde-electo-de-merida-renan-barrera-concha-se-reunio-con-el-presidente-municipal-alejandro-ruz-castro-con-miras-a-una-transicion-transparente-y-sin-contratiempos\\\/#primaryimage\"},\"thumbnailUrl\":\"https:\\\/\\\/www.yucatanencorto.com\\\/noticias\\\/wp-content\\\/uploads\\\/2021\\\/06\\\/7B8C573C-C3C3-4873-BE0B-01E0E66C31BD-scaled.jpeg\",\"datePublished\":\"2021-07-01T02:29:31+00:00\",\"author\":{\"@id\":\"https:\\\/\\\/www.yucatanencorto.com\\\/noticias\\\/#\\\/schema\\\/person\\\/14f82d355225a1f4075dd84a31f45a72\"},\"breadcrumb\":{\"@id\":\"https:\\\/\\\/www.yucatanencorto.com\\\/noticias\\\/el-alcalde-electo-de-merida-renan-barrera-concha-se-reunio-con-el-presidente-municipal-alejandro-ruz-castro-con-miras-a-una-transicion-transparente-y-sin-contratiempos\\\/#breadcrumb\"},\"inLanguage\":\"es\",\"potentialAction\":[{\"@type\":\"ReadAction\",\"target\":[\"https:\\\/\\\/www.yucatanencorto.com\\\/noticias\\\/el-alcalde-electo-de-merida-renan-barrera-concha-se-reunio-con-el-presidente-municipal-alejandro-ruz-castro-con-miras-a-una-transicion-transparente-y-sin-contratiempos\\\/\"]}]},{\"@type\":\"ImageObject\",\"inLanguage\":\"es\",\"@id\":\"https:\\\/\\\/www.yucatanencorto.com\\\/noticias\\\/el-alcalde-electo-de-merida-renan-barrera-concha-se-reunio-con-el-presidente-municipal-alejandro-ruz-castro-con-miras-a-una-transicion-transparente-y-sin-contratiempos\\\/#primaryimage\",\"url\":\"https:\\\/\\\/www.yucatanencorto.com\\\/noticias\\\/wp-content\\\/uploads\\\/2021\\\/06\\\/7B8C573C-C3C3-4873-BE0B-01E0E66C31BD-scaled.jpeg\",\"contentUrl\":\"https:\\\/\\\/www.yucatanencorto.com\\\/noticias\\\/wp-content\\\/uploads\\\/2021\\\/06\\\/7B8C573C-C3C3-4873-BE0B-01E0E66C31BD-scaled.jpeg\",\"width\":768,\"height\":512},{\"@type\":\"BreadcrumbList\",\"@id\":\"https:\\\/\\\/www.yucatanencorto.com\\\/noticias\\\/el-alcalde-electo-de-merida-renan-barrera-concha-se-reunio-con-el-presidente-municipal-alejandro-ruz-castro-con-miras-a-una-transicion-transparente-y-sin-contratiempos\\\/#breadcrumb\",\"itemListElement\":[{\"@type\":\"ListItem\",\"position\":1,\"name\":\"Portada\",\"item\":\"https:\\\/\\\/www.yucatanencorto.com\\\/noticias\\\/\"},{\"@type\":\"ListItem\",\"position\":2,\"name\":\"El alcalde electo de M\u00e9rida Ren\u00e1n Barrera Concha se reuni\u00f3 con el presidente municipal Alejandro Ruz Castro con miras a una transici\u00f3n transparente y sin contratiempos\"}]},{\"@type\":\"WebSite\",\"@id\":\"https:\\\/\\\/www.yucatanencorto.com\\\/noticias\\\/#website\",\"url\":\"https:\\\/\\\/www.yucatanencorto.com\\\/noticias\\\/\",\"name\":\"Yucat\u00e1n en corto\",\"description\":\"Noticias\",\"potentialAction\":[{\"@type\":\"SearchAction\",\"target\":{\"@type\":\"EntryPoint\",\"urlTemplate\":\"https:\\\/\\\/www.yucatanencorto.com\\\/noticias\\\/?s={search_term_string}\"},\"query-input\":{\"@type\":\"PropertyValueSpecification\",\"valueRequired\":true,\"valueName\":\"search_term_string\"}}],\"inLanguage\":\"es\"},{\"@type\":\"Person\",\"@id\":\"https:\\\/\\\/www.yucatanencorto.com\\\/noticias\\\/#\\\/schema\\\/person\\\/14f82d355225a1f4075dd84a31f45a72\",\"name\":\"Yucat\u00e1n en Corto FC\",\"image\":{\"@type\":\"ImageObject\",\"inLanguage\":\"es\",\"@id\":\"https:\\\/\\\/secure.gravatar.com\\\/avatar\\\/147d4b30cd728c53c29c49a3f7834dedca33707f4cd259761355846009a88250?s=96&d=mm&r=g\",\"url\":\"https:\\\/\\\/secure.gravatar.com\\\/avatar\\\/147d4b30cd728c53c29c49a3f7834dedca33707f4cd259761355846009a88250?s=96&d=mm&r=g\",\"contentUrl\":\"https:\\\/\\\/secure.gravatar.com\\\/avatar\\\/147d4b30cd728c53c29c49a3f7834dedca33707f4cd259761355846009a88250?s=96&d=mm&r=g\",\"caption\":\"Yucat\u00e1n en Corto FC\"},\"url\":\"https:\\\/\\\/www.yucatanencorto.com\\\/noticias\\\/author\\\/flor\\\/\"}]}<\/script>\n<!-- \/ Yoast SEO plugin. -->","yoast_head_json":{"title":"El alcalde electo de M\u00e9rida Ren\u00e1n Barrera Concha se reuni\u00f3 con el presidente municipal Alejandro Ruz Castro con miras a una transici\u00f3n transparente y sin contratiempos - Yucat\u00e1n en corto","robots":{"index":"index","follow":"follow","max-snippet":"max-snippet:-1","max-image-preview":"max-image-preview:large","max-video-preview":"max-video-preview:-1"},"canonical":"https:\/\/www.yucatanencorto.com\/noticias\/el-alcalde-electo-de-merida-renan-barrera-concha-se-reunio-con-el-presidente-municipal-alejandro-ruz-castro-con-miras-a-una-transicion-transparente-y-sin-contratiempos\/","og_locale":"es_ES","og_type":"article","og_title":"El alcalde electo de M\u00e9rida Ren\u00e1n Barrera Concha se reuni\u00f3 con el presidente municipal Alejandro Ruz Castro con miras a una transici\u00f3n transparente y sin contratiempos - Yucat\u00e1n en corto","og_description":"M\u00e9rida, 30 de junio de 2021. El alcalde electo de M\u00e9rida Ren\u00e1n Barrera Concha se reuni\u00f3 este d\u00eda con el presidente municipal Alejandro Ruz Castro, para intercambiar ideas sobre el proceso de reincorporaci\u00f3n al Ayuntamiento, as\u00ed como para compartir detalles rumbo al III informe de actividades. Adem\u00e1s, fue oportunidad para afinar y coordinar acciones con [&hellip;]","og_url":"https:\/\/www.yucatanencorto.com\/noticias\/el-alcalde-electo-de-merida-renan-barrera-concha-se-reunio-con-el-presidente-municipal-alejandro-ruz-castro-con-miras-a-una-transicion-transparente-y-sin-contratiempos\/","og_site_name":"Yucat\u00e1n en corto","article_publisher":"http:\/\/www.facebook.com\/yucatanencorto","article_published_time":"2021-07-01T02:29:31+00:00","og_image":[{"width":768,"height":512,"url":"https:\/\/www.yucatanencorto.com\/noticias\/wp-content\/uploads\/2021\/06\/7B8C573C-C3C3-4873-BE0B-01E0E66C31BD-scaled.jpeg","type":"image\/jpeg"}],"author":"Yucat\u00e1n en Corto FC","twitter_card":"summary_large_image","twitter_creator":"@yucatanencorto","twitter_site":"@yucatanencorto","twitter_misc":{"Escrito por":"Yucat\u00e1n en Corto FC","Tiempo de lectura":"2 minutos"},"schema":{"@context":"https:\/\/schema.org","@graph":[{"@type":"Article","@id":"https:\/\/www.yucatanencorto.com\/noticias\/el-alcalde-electo-de-merida-renan-barrera-concha-se-reunio-con-el-presidente-municipal-alejandro-ruz-castro-con-miras-a-una-transicion-transparente-y-sin-contratiempos\/#article","isPartOf":{"@id":"https:\/\/www.yucatanencorto.com\/noticias\/el-alcalde-electo-de-merida-renan-barrera-concha-se-reunio-con-el-presidente-municipal-alejandro-ruz-castro-con-miras-a-una-transicion-transparente-y-sin-contratiempos\/"},"author":{"name":"Yucat\u00e1n en Corto FC","@id":"https:\/\/www.yucatanencorto.com\/noticias\/#\/schema\/person\/14f82d355225a1f4075dd84a31f45a72"},"headline":"El alcalde electo de M\u00e9rida Ren\u00e1n Barrera Concha se reuni\u00f3 con el presidente municipal Alejandro Ruz Castro con miras a una transici\u00f3n transparente y sin contratiempos","datePublished":"2021-07-01T02:29:31+00:00","mainEntityOfPage":{"@id":"https:\/\/www.yucatanencorto.com\/noticias\/el-alcalde-electo-de-merida-renan-barrera-concha-se-reunio-con-el-presidente-municipal-alejandro-ruz-castro-con-miras-a-una-transicion-transparente-y-sin-contratiempos\/"},"wordCount":292,"image":{"@id":"https:\/\/www.yucatanencorto.com\/noticias\/el-alcalde-electo-de-merida-renan-barrera-concha-se-reunio-con-el-presidente-municipal-alejandro-ruz-castro-con-miras-a-una-transicion-transparente-y-sin-contratiempos\/#primaryimage"},"thumbnailUrl":"https:\/\/www.yucatanencorto.com\/noticias\/wp-content\/uploads\/2021\/06\/7B8C573C-C3C3-4873-BE0B-01E0E66C31BD-scaled.jpeg","articleSection":["M\u00e9rida"],"inLanguage":"es"},{"@type":"WebPage","@id":"https:\/\/www.yucatanencorto.com\/noticias\/el-alcalde-electo-de-merida-renan-barrera-concha-se-reunio-con-el-presidente-municipal-alejandro-ruz-castro-con-miras-a-una-transicion-transparente-y-sin-contratiempos\/","url":"https:\/\/www.yucatanencorto.com\/noticias\/el-alcalde-electo-de-merida-renan-barrera-concha-se-reunio-con-el-presidente-municipal-alejandro-ruz-castro-con-miras-a-una-transicion-transparente-y-sin-contratiempos\/","name":"El alcalde electo de M\u00e9rida Ren\u00e1n Barrera Concha se reuni\u00f3 con el presidente municipal Alejandro Ruz Castro con miras a una transici\u00f3n transparente y sin contratiempos - Yucat\u00e1n en corto","isPartOf":{"@id":"https:\/\/www.yucatanencorto.com\/noticias\/#website"},"primaryImageOfPage":{"@id":"https:\/\/www.yucatanencorto.com\/noticias\/el-alcalde-electo-de-merida-renan-barrera-concha-se-reunio-con-el-presidente-municipal-alejandro-ruz-castro-con-miras-a-una-transicion-transparente-y-sin-contratiempos\/#primaryimage"},"image":{"@id":"https:\/\/www.yucatanencorto.com\/noticias\/el-alcalde-electo-de-merida-renan-barrera-concha-se-reunio-con-el-presidente-municipal-alejandro-ruz-castro-con-miras-a-una-transicion-transparente-y-sin-contratiempos\/#primaryimage"},"thumbnailUrl":"https:\/\/www.yucatanencorto.com\/noticias\/wp-content\/uploads\/2021\/06\/7B8C573C-C3C3-4873-BE0B-01E0E66C31BD-scaled.jpeg","datePublished":"2021-07-01T02:29:31+00:00","author":{"@id":"https:\/\/www.yucatanencorto.com\/noticias\/#\/schema\/person\/14f82d355225a1f4075dd84a31f45a72"},"breadcrumb":{"@id":"https:\/\/www.yucatanencorto.com\/noticias\/el-alcalde-electo-de-merida-renan-barrera-concha-se-reunio-con-el-presidente-municipal-alejandro-ruz-castro-con-miras-a-una-transicion-transparente-y-sin-contratiempos\/#breadcrumb"},"inLanguage":"es","potentialAction":[{"@type":"ReadAction","target":["https:\/\/www.yucatanencorto.com\/noticias\/el-alcalde-electo-de-merida-renan-barrera-concha-se-reunio-con-el-presidente-municipal-alejandro-ruz-castro-con-miras-a-una-transicion-transparente-y-sin-contratiempos\/"]}]},{"@type":"ImageObject","inLanguage":"es","@id":"https:\/\/www.yucatanencorto.com\/noticias\/el-alcalde-electo-de-merida-renan-barrera-concha-se-reunio-con-el-presidente-municipal-alejandro-ruz-castro-con-miras-a-una-transicion-transparente-y-sin-contratiempos\/#primaryimage","url":"https:\/\/www.yucatanencorto.com\/noticias\/wp-content\/uploads\/2021\/06\/7B8C573C-C3C3-4873-BE0B-01E0E66C31BD-scaled.jpeg","contentUrl":"https:\/\/www.yucatanencorto.com\/noticias\/wp-content\/uploads\/2021\/06\/7B8C573C-C3C3-4873-BE0B-01E0E66C31BD-scaled.jpeg","width":768,"height":512},{"@type":"BreadcrumbList","@id":"https:\/\/www.yucatanencorto.com\/noticias\/el-alcalde-electo-de-merida-renan-barrera-concha-se-reunio-con-el-presidente-municipal-alejandro-ruz-castro-con-miras-a-una-transicion-transparente-y-sin-contratiempos\/#breadcrumb","itemListElement":[{"@type":"ListItem","position":1,"name":"Portada","item":"https:\/\/www.yucatanencorto.com\/noticias\/"},{"@type":"ListItem","position":2,"name":"El alcalde electo de M\u00e9rida Ren\u00e1n Barrera Concha se reuni\u00f3 con el presidente municipal Alejandro Ruz Castro con miras a una transici\u00f3n transparente y sin contratiempos"}]},{"@type":"WebSite","@id":"https:\/\/www.yucatanencorto.com\/noticias\/#website","url":"https:\/\/www.yucatanencorto.com\/noticias\/","name":"Yucat\u00e1n en corto","description":"Noticias","potentialAction":[{"@type":"SearchAction","target":{"@type":"EntryPoint","urlTemplate":"https:\/\/www.yucatanencorto.com\/noticias\/?s={search_term_string}"},"query-input":{"@type":"PropertyValueSpecification","valueRequired":true,"valueName":"search_term_string"}}],"inLanguage":"es"},{"@type":"Person","@id":"https:\/\/www.yucatanencorto.com\/noticias\/#\/schema\/person\/14f82d355225a1f4075dd84a31f45a72","name":"Yucat\u00e1n en Corto FC","image":{"@type":"ImageObject","inLanguage":"es","@id":"https:\/\/secure.gravatar.com\/avatar\/147d4b30cd728c53c29c49a3f7834dedca33707f4cd259761355846009a88250?s=96&d=mm&r=g","url":"https:\/\/secure.gravatar.com\/avatar\/147d4b30cd728c53c29c49a3f7834dedca33707f4cd259761355846009a88250?s=96&d=mm&r=g","contentUrl":"https:\/\/secure.gravatar.com\/avatar\/147d4b30cd728c53c29c49a3f7834dedca33707f4cd259761355846009a88250?s=96&d=mm&r=g","caption":"Yucat\u00e1n en Corto FC"},"url":"https:\/\/www.yucatanencorto.com\/noticias\/author\/flor\/"}]}},"_links":{"self":[{"href":"https:\/\/www.yucatanencorto.com\/noticias\/wp-json\/wp\/v2\/posts\/85036","targetHints":{"allow":["GET"]}}],"collection":[{"href":"https:\/\/www.yucatanencorto.com\/noticias\/wp-json\/wp\/v2\/posts"}],"about":[{"href":"https:\/\/www.yucatanencorto.com\/noticias\/wp-json\/wp\/v2\/types\/post"}],"author":[{"embeddable":true,"href":"https:\/\/www.yucatanencorto.com\/noticias\/wp-json\/wp\/v2\/users\/2"}],"replies":[{"embeddable":true,"href":"https:\/\/www.yucatanencorto.com\/noticias\/wp-json\/wp\/v2\/comments?post=85036"}],"version-history":[{"count":0,"href":"https:\/\/www.yucatanencorto.com\/noticias\/wp-json\/wp\/v2\/posts\/85036\/revisions"}],"wp:featuredmedia":[{"embeddable":true,"href":"https:\/\/www.yucatanencorto.com\/noticias\/wp-json\/wp\/v2\/media\/85037"}],"wp:attachment":[{"href":"https:\/\/www.yucatanencorto.com\/noticias\/wp-json\/wp\/v2\/media?parent=85036"}],"wp:term":[{"taxonomy":"category","embeddable":true,"href":"https:\/\/www.yucatanencorto.com\/noticias\/wp-json\/wp\/v2\/categories?post=85036"},{"taxonomy":"post_tag","embeddable":true,"href":"https:\/\/www.yucatanencorto.com\/noticias\/wp-json\/wp\/v2\/tags?post=85036"}],"curies":[{"name":"wp","href":"https:\/\/api.w.org\/{rel}","templated":true}]}}