{"id":85042,"date":"2021-07-01T18:57:40","date_gmt":"2021-07-01T23:57:40","guid":{"rendered":"https:\/\/www.yucatanencorto.com\/noticias\/?p=85042"},"modified":"2021-07-01T18:57:40","modified_gmt":"2021-07-01T23:57:40","slug":"el-gobernador-mauricio-vila-dosal-solicita-afiliacion-del-consejo-consultivo-de-turismo-de-yucatan-a-la-omt","status":"publish","type":"post","link":"https:\/\/www.yucatanencorto.com\/noticias\/el-gobernador-mauricio-vila-dosal-solicita-afiliacion-del-consejo-consultivo-de-turismo-de-yucatan-a-la-omt\/","title":{"rendered":"El Gobernador Mauricio Vila Dosal solicita afiliaci\u00f3n del Consejo Consultivo de Turismo de Yucat\u00e1n a la OMT"},"content":{"rendered":"<p><span data-removefontsize=\"true\" data-originalcomputedfontsize=\"16\"><img loading=\"lazy\" decoding=\"async\" class=\"alignnone size-full wp-image-85043\" src=\"https:\/\/www.yucatanencorto.com\/noticias\/wp-content\/uploads\/2021\/07\/EE505005-9CFE-49B6-9365-0731AF9954BD-scaled.jpeg\" alt=\"\" width=\"768\" height=\"512\" srcset=\"https:\/\/www.yucatanencorto.com\/noticias\/wp-content\/uploads\/2021\/07\/EE505005-9CFE-49B6-9365-0731AF9954BD-scaled.jpeg 768w, https:\/\/www.yucatanencorto.com\/noticias\/wp-content\/uploads\/2021\/07\/EE505005-9CFE-49B6-9365-0731AF9954BD-696x464.jpeg 696w, https:\/\/www.yucatanencorto.com\/noticias\/wp-content\/uploads\/2021\/07\/EE505005-9CFE-49B6-9365-0731AF9954BD-1068x712.jpeg 1068w, https:\/\/www.yucatanencorto.com\/noticias\/wp-content\/uploads\/2021\/07\/EE505005-9CFE-49B6-9365-0731AF9954BD-630x420.jpeg 630w\" sizes=\"auto, (max-width: 768px) 100vw, 768px\" \/>M\u00e9rida, Yucat\u00e1n, 1 de julio de 2021.- El Gobernador Mauricio Vila Dosal entreg\u00f3 este d\u00eda la propuesta de afiliaci\u00f3n del Consejo Consultivo de Turismo de Yucat\u00e1n a la Organizaci\u00f3n Mundial de Turismo (OMT), como parte de las acciones de cooperaci\u00f3n con organismos mundiales que contribuyan a impulsar la recuperaci\u00f3n econ\u00f3mica del sector y genere empleos para los yucatecos.<\/span><\/p>\n<p><span data-removefontsize=\"true\" data-originalcomputedfontsize=\"16\">Teniendo como testigo al titular de la Secretar\u00eda de Turismo federal, Miguel Torruco Marqu\u00e9s y al alcalde de M\u00e9rida, Alejandro Ruz Castro, Vila Dosal hizo entrega de dicho documento al secretario general de la OMT, Zurab Polilokashvili, con lo que tambi\u00e9n se busca implementar pol\u00edticas tur\u00edsticas sostenibles que permitan consolidar al estado como un referente tur\u00edstico a nivel internacional. \u00a0\u00a0<\/span><\/p>\n<p><span data-removefontsize=\"true\" data-originalcomputedfontsize=\"16\">Al tomar la palabra, Zurab Polilokashvili destac\u00f3 la importancia de Yucat\u00e1n como actor del desarrollo del turismo rural e indic\u00f3 que la OMT necesita de socios como el estado, \u201cque es un destino y un ejemplo piloto para nosotros y por eso empezamos nuestras actividades a partir de hoy para apostar en el turismo rural que tiene Yucat\u00e1n y sus Pueblos M\u00e1gicos para ofrecer al resto del mundo\u201d.<\/span><\/p>\n<p>Ante representantes del sector empresarial del turismo en Yucat\u00e1n, el secretario general de la OMT explic\u00f3 sobre el lanzamiento del nuevo proyecto \u201cBest Tourist Villages in The World\u201d, en el que pretende crecer la red de los mejores pueblos del mundo a trav\u00e9s de una plataforma y p\u00e1gina web donde se promocionar\u00e1n dichos destinos tur\u00edsticos a nivel mundial, proyecto en el que, apunt\u00f3, vamos a presentar 20 de los mejores pueblos del mundo y uno de ellos va a ser de Yucat\u00e1n.<\/p>\n<p><span data-removefontsize=\"true\" data-originalcomputedfontsize=\"16\">\u201cCreo que hay muchas cosas para hacer y por eso estamos aqu\u00ed, aprovecharemos estos d\u00edas para pensar y preparar los proyectos para los pr\u00f3ximos 3,4 o 5 a\u00f1os, donde veo mucho futuro con ustedes, les agradezco por su hospitalidad magn\u00edfica, queremos traer m\u00e1s amigos y miembros de pa\u00edses que conozcan y vean la belleza de esta tierra tan bonita y aprender m\u00e1s, por eso, Gobernador, cuenta con nuestro pleno apoyo y colaboraci\u00f3n\u201d, concluy\u00f3 Zurab Polilokashvili.<\/span><\/p>\n<p><span data-removefontsize=\"true\" data-originalcomputedfontsize=\"16\">Al dirigir un mensaje desde el Centro Internacional de Congresos (CIC), el Gobernador llam\u00f3 a cerrar filas, unir fuerzas y hacer a un lado las divisiones en materia tur\u00edstica, \u201cpues hoy estamos dando un paso importante para darle al Consejo Consultivo Tur\u00edstico de Yucat\u00e1n una mayor relevancia en las decisiones tur\u00edsticas y, para eso, tenemos que tener los mejores aliados\u201d.<\/span><\/p>\n<p><span data-removefontsize=\"true\" data-originalcomputedfontsize=\"16\">\u201cTenemos que poner cu\u00e1les son las prioridades, no solamente de aqu\u00ed al 2024, sino de aqu\u00ed al 2030 y en adelante. Tenemos todo para ser una potencia tur\u00edstica, tenemos el apoyo del Gobierno federal, tenemos el apoyo de la Organizaci\u00f3n Mundial del Turismo, pero ahora, lo que necesitamos es cerrar filas aqu\u00ed, en Yucat\u00e1n. De nuestra parte, del Gobierno del Estado, de la Secretar\u00eda de Fomento Tur\u00edstico, van a contar con esa disposici\u00f3n y se necesita que todos asumamos nuestra responsabilidad\u201d, asever\u00f3.<\/span><\/p>\n<p>Vila Dosal record\u00f3 que el 2019 hab\u00eda sido el mejor a\u00f1o tur\u00edstico en la historia de Yucat\u00e1n, sin embargo, la pandemia y el paso de 5 fen\u00f3menos naturales por el estado, cambiaron las prioridades, por lo que hoy, es momento de retomar el rumbo que ten\u00eda Yucat\u00e1n de crecimiento econ\u00f3mico, donde el estado crec\u00eda 10 veces m\u00e1s de lo que estaba creciendo el resto del pa\u00eds y donde el turismo ten\u00eda un incremento importante.<\/p>\n<p><span data-removefontsize=\"true\" data-originalcomputedfontsize=\"16\">Tras realizar el banderazo nacional del inicio del Operativo Vacacional Verano 2021, Vila Dosal se\u00f1al\u00f3 que, de concretarse esta afiliaci\u00f3n a la Organizaci\u00f3n Mundial de Turismo (OMT) en la pr\u00f3xima asamblea que van a llevar a cabo durante este a\u00f1o, Yucat\u00e1n avanzar\u00e1 significativamente en su consolidaci\u00f3n como referente de este sector a nivel internacional.<\/span><\/p>\n<p><span data-removefontsize=\"true\" data-originalcomputedfontsize=\"16\">\u201cLa raz\u00f3n por la cual queremos afiliarnos a esta organizaci\u00f3n es porque conocemos el compromiso de la OMT, como la principal organizaci\u00f3n internacional del \u00e1mbito tur\u00edstico, para buscar que este sector se desenvuelva bajo un ambiente de inclusi\u00f3n y sostenibilidad, mediante sus pol\u00edticas tur\u00edsticas y la transmisi\u00f3n de conocimientos a todas las naciones\u201d, indic\u00f3 el Gobernador.<\/span><\/p>\n<p><span data-removefontsize=\"true\" data-originalcomputedfontsize=\"16\">Por eso, nuestra intenci\u00f3n es clara, buscamos que este organismo, integrado por sociedad civil, empresarios, academia y sector p\u00fablico, nos referimos al Consejo Consultivo de Turismo en Yucat\u00e1n, pueda crear pol\u00edticas con acciones de desarrollo tur\u00edstico para beneficio de las y los yucatecos, pero ahora, con la experiencia, el respaldo y la gu\u00eda de la Organizaci\u00f3n Mundial de Turismo, puntualiz\u00f3 Vila Dosal.<\/span><\/p>\n<p><span data-removefontsize=\"true\" data-originalcomputedfontsize=\"16\">De igual forma, el Gobernador expuso que conf\u00eda en que, con esta afiliaci\u00f3n, en caso de ser aceptada, Yucat\u00e1n lograr\u00e1 encaminarse hacia el turismo que queremos para nuestras futuras generaciones a trav\u00e9s de la promoci\u00f3n de la visi\u00f3n del turismo sustentable, el cual est\u00e1 plasmada en el Programa Especial de Turismo 2019-2024, el cual, a su vez, est\u00e1 alineado a la Agenda 2030, con los Objetivos del Desarrollo Sostenible de las Naciones Unidas.<\/span><\/p>\n<p><span data-removefontsize=\"true\" data-originalcomputedfontsize=\"16\">\u201cCon esa visi\u00f3n tur\u00edstica es que, desde el inicio de esta administraci\u00f3n, estamos d\u00e1ndole un impulso a la promoci\u00f3n de nuestros atractivos naturales y culturales, que no se encuentran en ning\u00fan otro lugar del mundo, y por supuesto, campa\u00f1as exitosas como la de \u2018365 d\u00edas en Yucat\u00e1n\u2019 y, por supuesto, el Tianguis Tur\u00edstico, que se estar\u00e1 llevando a cabo en el mes de noviembre\u201d, se\u00f1al\u00f3 Vila Dosal.<\/span><\/p>\n<p><span data-removefontsize=\"true\" data-originalcomputedfontsize=\"16\">Vila Dosal record\u00f3 que, adem\u00e1s de los atractivos tur\u00edsticos con los que cuenta Yucat\u00e1n, tambi\u00e9n destaca ser el estado m\u00e1s seguro de todo el pa\u00eds, seg\u00fan el Instituto para la Econom\u00eda y la Paz, as\u00ed como en el a\u00f1o 2020, la revista Travel &amp; Leisure seleccion\u00f3 a M\u00e9rida como uno de los mejores 25 destinos del mundo para poder visitar y la revista Cond\u00e9 Nast Traveler la calific\u00f3 en 2019 como la \u201cMejor ciudad peque\u00f1a del mundo\u201d para visitar.<\/span><\/p>\n<p><span data-removefontsize=\"true\" data-originalcomputedfontsize=\"16\">\u201cTodo esto es lo que tenemos que aprovechar para que, con el potencial tur\u00edstico que tenemos, con nuestras zonas arqueol\u00f3gicas, las bellezas naturales, nuestros cenotes, nuestras reservas naturales, nuestras playas, podamos generar una reactivaci\u00f3n econ\u00f3mica del turismo\u201d, finaliz\u00f3 el Gobernador.<\/span><\/p>\n<p><span data-removefontsize=\"true\" data-originalcomputedfontsize=\"16\">Al hablar sobre el impulso al sector tur\u00edstico y que brindar\u00e1 el proyecto del Tren Maya, el titular de la Secretar\u00eda de Turismo federal, Miguel Torruco Marqu\u00e9s reconoci\u00f3 al Gobernador por lograr incluir a Yucat\u00e1n en el c\u00edrculo de los 2,525 kil\u00f3metros de recorrido del Tren Maya pasando por 190 atractivos tur\u00edsticos de alto impacto, \u201c por lo que ser\u00e1 un ejemplo de integraci\u00f3n de desarrollo tur\u00edstico regional en el que M\u00e9rida con la estaci\u00f3n y otras estaciones que se tienen programadas, ser\u00e1 punto obligado para las nuevas corrientes tur\u00edsticas\u201d.<\/span><\/p>\n<p><span data-removefontsize=\"true\" data-originalcomputedfontsize=\"16\">\u00a0\u201cPor ello es importante la visita a Yucat\u00e1n de la m\u00e1xima autoridad del turismo mundial para la vinculaci\u00f3n y firma de convenio de adhesi\u00f3n de este gran estado como participantes en tal organizaci\u00f3n y que tambi\u00e9n formar\u00e1n parte de grandes eventos que estaremos pr\u00f3ximos a anunciar, as\u00ed que seguiremos trabajando para bien del turismo y M\u00e9xico\u201d, finaliz\u00f3.<\/span><\/p>\n<p><span data-removefontsize=\"true\" data-originalcomputedfontsize=\"16\">Al presentar la descripci\u00f3n t\u00e9cnica del expediente y carta entregadas a la OMT, la titular de la Sefotur, Michelle Fridman, asegur\u00f3 que, la encomienda del Gobernador ha sido continuar en el camino del buen turismo, \u201cpor lo que hacemos la entrega del expediente t\u00e9cnico en el que le solicitamos la afiliaci\u00f3n de nuestro Consejo Consultivo Estatal de Turismo de Yucat\u00e1n, para que sea un miembro m\u00e1s activo de la OMT y poder con ello impulsar m\u00e1s y mejores pol\u00edticas de desarrollo sostenible con est\u00e1ndares mundiales\u201d.<\/span><\/p>\n<p><span data-removefontsize=\"true\" data-originalcomputedfontsize=\"16\">\u201cEn Yucat\u00e1n hemos trabajado bajo la gu\u00eda de un plan de desarrollo tur\u00edstico sostenible que nos ha permitido a trav\u00e9s de la descentralizaci\u00f3n llevar m\u00e1s beneficios a m\u00e1s comunidades, a trav\u00e9s de la inclusi\u00f3n, la participaci\u00f3n de una mayor y m\u00e1s diversa poblaci\u00f3n, a trav\u00e9s de la diversificaci\u00f3n, el apoyo a nuevos destinos, segmentos y mercados, a trav\u00e9s de nuestro nuevo observatorio tur\u00edstico que pretendemos inscribir en la red de observatorios tur\u00edsticos de la OMT, procuramos medir m\u00e1s all\u00e1 de los indicadores convencionales para as\u00ed entender como pude el turismo ser un mejor motor de prosperidad y riqueza para m\u00e1s personas\u201d, puntualiz\u00f3 la funcionaria estatal.<\/span><\/p>\n<p><span data-removefontsize=\"true\" data-originalcomputedfontsize=\"16\">Al realizar un recuento sobre los logros alcanzados en materia de turismo post pandemia, Michelle Fridman destac\u00f3 que se ha reestablecido el 75% de la conectividad dom\u00e9stica, es decir nacional y el 100% de la internacional incluso con 2 nuevas rutas, adem\u00e1s, en pocos d\u00edas se ver\u00e1 el regreso de cruceros al puerto Progreso, se han desarrollado campa\u00f1as de mercados clave, Yucat\u00e1n ha participado en ferias y giras y recientemente concluy\u00f3 la tercera edici\u00f3n de Yucat\u00e1n Travel Mart que permiti\u00f3 a 221 empresas de distintas regiones de Yucat\u00e1n, comercializar sus productos, incluso comunidades ind\u00edgenas donde se practica el turismo rural.<\/span><\/p>\n<p><span data-removefontsize=\"true\" data-originalcomputedfontsize=\"16\">En un a\u00f1o, se obtuvo el nombramiento de m\u00e1s pueblos m\u00e1gicos que en los \u00faltimos 12 a\u00f1os, es decir, se duplic\u00f3 el n\u00famero de nombramientos lo que ha permitido la llegada de nueva inversi\u00f3n y producto tur\u00edstico a Sisal y Man\u00ed. Asimismo, se completaron m\u00e1s de 100 nuevos productos tur\u00edsticos en 6 regiones del estado y para diversos segmentos, se trata de tantos productos que la dependencia estatal realiza actualmente una campa\u00f1a que se titula \u201c365 D\u00edas en Yucat\u00e1n\u201d a trav\u00e9s de la cual se presenta al turismo una experiencia diferente cada d\u00eda del a\u00f1o.<\/span><\/p>\n","protected":false},"excerpt":{"rendered":"<p>M\u00e9rida, Yucat\u00e1n, 1 de julio de 2021.- El Gobernador Mauricio Vila Dosal entreg\u00f3 este d\u00eda la propuesta de afiliaci\u00f3n del Consejo Consultivo de Turismo de Yucat\u00e1n a la Organizaci\u00f3n Mundial de Turismo (OMT), como parte de las acciones de cooperaci\u00f3n con organismos mundiales que contribuyan a impulsar la recuperaci\u00f3n econ\u00f3mica del sector y genere empleos [&hellip;]<\/p>\n","protected":false},"author":2,"featured_media":85043,"comment_status":"closed","ping_status":"closed","sticky":false,"template":"","format":"standard","meta":{"footnotes":""},"categories":[3],"tags":[],"class_list":{"0":"post-85042","1":"post","2":"type-post","3":"status-publish","4":"format-standard","5":"has-post-thumbnail","7":"category-yucatan"},"yoast_head":"<!-- This site is optimized with the Yoast SEO plugin v27.5 - https:\/\/yoast.com\/product\/yoast-seo-wordpress\/ -->\n<title>El Gobernador Mauricio Vila Dosal solicita afiliaci\u00f3n del Consejo Consultivo de Turismo de Yucat\u00e1n a la OMT - Yucat\u00e1n en corto<\/title>\n<meta name=\"robots\" content=\"index, follow, max-snippet:-1, max-image-preview:large, max-video-preview:-1\" \/>\n<link rel=\"canonical\" href=\"https:\/\/www.yucatanencorto.com\/noticias\/el-gobernador-mauricio-vila-dosal-solicita-afiliacion-del-consejo-consultivo-de-turismo-de-yucatan-a-la-omt\/\" \/>\n<meta property=\"og:locale\" content=\"es_ES\" \/>\n<meta property=\"og:type\" content=\"article\" \/>\n<meta property=\"og:title\" content=\"El Gobernador Mauricio Vila Dosal solicita afiliaci\u00f3n del Consejo Consultivo de Turismo de Yucat\u00e1n a la OMT - Yucat\u00e1n en corto\" \/>\n<meta property=\"og:description\" content=\"M\u00e9rida, Yucat\u00e1n, 1 de julio de 2021.- El Gobernador Mauricio Vila Dosal entreg\u00f3 este d\u00eda la propuesta de afiliaci\u00f3n del Consejo Consultivo de Turismo de Yucat\u00e1n a la Organizaci\u00f3n Mundial de Turismo (OMT), como parte de las acciones de cooperaci\u00f3n con organismos mundiales que contribuyan a impulsar la recuperaci\u00f3n econ\u00f3mica del sector y genere empleos [&hellip;]\" \/>\n<meta property=\"og:url\" content=\"https:\/\/www.yucatanencorto.com\/noticias\/el-gobernador-mauricio-vila-dosal-solicita-afiliacion-del-consejo-consultivo-de-turismo-de-yucatan-a-la-omt\/\" \/>\n<meta property=\"og:site_name\" content=\"Yucat\u00e1n en corto\" \/>\n<meta property=\"article:publisher\" content=\"http:\/\/www.facebook.com\/yucatanencorto\" \/>\n<meta property=\"article:published_time\" content=\"2021-07-01T23:57:40+00:00\" \/>\n<meta property=\"og:image\" content=\"https:\/\/www.yucatanencorto.com\/noticias\/wp-content\/uploads\/2021\/07\/EE505005-9CFE-49B6-9365-0731AF9954BD-scaled.jpeg\" \/>\n\t<meta property=\"og:image:width\" content=\"768\" \/>\n\t<meta property=\"og:image:height\" content=\"512\" \/>\n\t<meta property=\"og:image:type\" content=\"image\/jpeg\" \/>\n<meta name=\"author\" content=\"Yucat\u00e1n en Corto FC\" \/>\n<meta name=\"twitter:card\" content=\"summary_large_image\" \/>\n<meta name=\"twitter:creator\" content=\"@yucatanencorto\" \/>\n<meta name=\"twitter:site\" content=\"@yucatanencorto\" \/>\n<meta name=\"twitter:label1\" content=\"Escrito por\" \/>\n\t<meta name=\"twitter:data1\" content=\"Yucat\u00e1n en Corto FC\" \/>\n\t<meta name=\"twitter:label2\" content=\"Tiempo de lectura\" \/>\n\t<meta name=\"twitter:data2\" content=\"7 minutos\" \/>\n<script type=\"application\/ld+json\" class=\"yoast-schema-graph\">{\"@context\":\"https:\\\/\\\/schema.org\",\"@graph\":[{\"@type\":\"Article\",\"@id\":\"https:\\\/\\\/www.yucatanencorto.com\\\/noticias\\\/el-gobernador-mauricio-vila-dosal-solicita-afiliacion-del-consejo-consultivo-de-turismo-de-yucatan-a-la-omt\\\/#article\",\"isPartOf\":{\"@id\":\"https:\\\/\\\/www.yucatanencorto.com\\\/noticias\\\/el-gobernador-mauricio-vila-dosal-solicita-afiliacion-del-consejo-consultivo-de-turismo-de-yucatan-a-la-omt\\\/\"},\"author\":{\"name\":\"Yucat\u00e1n en Corto FC\",\"@id\":\"https:\\\/\\\/www.yucatanencorto.com\\\/noticias\\\/#\\\/schema\\\/person\\\/14f82d355225a1f4075dd84a31f45a72\"},\"headline\":\"El Gobernador Mauricio Vila Dosal solicita afiliaci\u00f3n del Consejo Consultivo de Turismo de Yucat\u00e1n a la OMT\",\"datePublished\":\"2021-07-01T23:57:40+00:00\",\"mainEntityOfPage\":{\"@id\":\"https:\\\/\\\/www.yucatanencorto.com\\\/noticias\\\/el-gobernador-mauricio-vila-dosal-solicita-afiliacion-del-consejo-consultivo-de-turismo-de-yucatan-a-la-omt\\\/\"},\"wordCount\":1697,\"image\":{\"@id\":\"https:\\\/\\\/www.yucatanencorto.com\\\/noticias\\\/el-gobernador-mauricio-vila-dosal-solicita-afiliacion-del-consejo-consultivo-de-turismo-de-yucatan-a-la-omt\\\/#primaryimage\"},\"thumbnailUrl\":\"https:\\\/\\\/www.yucatanencorto.com\\\/noticias\\\/wp-content\\\/uploads\\\/2021\\\/07\\\/EE505005-9CFE-49B6-9365-0731AF9954BD-scaled.jpeg\",\"articleSection\":[\"Yucat\u00e1n\"],\"inLanguage\":\"es\"},{\"@type\":\"WebPage\",\"@id\":\"https:\\\/\\\/www.yucatanencorto.com\\\/noticias\\\/el-gobernador-mauricio-vila-dosal-solicita-afiliacion-del-consejo-consultivo-de-turismo-de-yucatan-a-la-omt\\\/\",\"url\":\"https:\\\/\\\/www.yucatanencorto.com\\\/noticias\\\/el-gobernador-mauricio-vila-dosal-solicita-afiliacion-del-consejo-consultivo-de-turismo-de-yucatan-a-la-omt\\\/\",\"name\":\"El Gobernador Mauricio Vila Dosal solicita afiliaci\u00f3n del Consejo Consultivo de Turismo de Yucat\u00e1n a la OMT - Yucat\u00e1n en corto\",\"isPartOf\":{\"@id\":\"https:\\\/\\\/www.yucatanencorto.com\\\/noticias\\\/#website\"},\"primaryImageOfPage\":{\"@id\":\"https:\\\/\\\/www.yucatanencorto.com\\\/noticias\\\/el-gobernador-mauricio-vila-dosal-solicita-afiliacion-del-consejo-consultivo-de-turismo-de-yucatan-a-la-omt\\\/#primaryimage\"},\"image\":{\"@id\":\"https:\\\/\\\/www.yucatanencorto.com\\\/noticias\\\/el-gobernador-mauricio-vila-dosal-solicita-afiliacion-del-consejo-consultivo-de-turismo-de-yucatan-a-la-omt\\\/#primaryimage\"},\"thumbnailUrl\":\"https:\\\/\\\/www.yucatanencorto.com\\\/noticias\\\/wp-content\\\/uploads\\\/2021\\\/07\\\/EE505005-9CFE-49B6-9365-0731AF9954BD-scaled.jpeg\",\"datePublished\":\"2021-07-01T23:57:40+00:00\",\"author\":{\"@id\":\"https:\\\/\\\/www.yucatanencorto.com\\\/noticias\\\/#\\\/schema\\\/person\\\/14f82d355225a1f4075dd84a31f45a72\"},\"breadcrumb\":{\"@id\":\"https:\\\/\\\/www.yucatanencorto.com\\\/noticias\\\/el-gobernador-mauricio-vila-dosal-solicita-afiliacion-del-consejo-consultivo-de-turismo-de-yucatan-a-la-omt\\\/#breadcrumb\"},\"inLanguage\":\"es\",\"potentialAction\":[{\"@type\":\"ReadAction\",\"target\":[\"https:\\\/\\\/www.yucatanencorto.com\\\/noticias\\\/el-gobernador-mauricio-vila-dosal-solicita-afiliacion-del-consejo-consultivo-de-turismo-de-yucatan-a-la-omt\\\/\"]}]},{\"@type\":\"ImageObject\",\"inLanguage\":\"es\",\"@id\":\"https:\\\/\\\/www.yucatanencorto.com\\\/noticias\\\/el-gobernador-mauricio-vila-dosal-solicita-afiliacion-del-consejo-consultivo-de-turismo-de-yucatan-a-la-omt\\\/#primaryimage\",\"url\":\"https:\\\/\\\/www.yucatanencorto.com\\\/noticias\\\/wp-content\\\/uploads\\\/2021\\\/07\\\/EE505005-9CFE-49B6-9365-0731AF9954BD-scaled.jpeg\",\"contentUrl\":\"https:\\\/\\\/www.yucatanencorto.com\\\/noticias\\\/wp-content\\\/uploads\\\/2021\\\/07\\\/EE505005-9CFE-49B6-9365-0731AF9954BD-scaled.jpeg\",\"width\":768,\"height\":512},{\"@type\":\"BreadcrumbList\",\"@id\":\"https:\\\/\\\/www.yucatanencorto.com\\\/noticias\\\/el-gobernador-mauricio-vila-dosal-solicita-afiliacion-del-consejo-consultivo-de-turismo-de-yucatan-a-la-omt\\\/#breadcrumb\",\"itemListElement\":[{\"@type\":\"ListItem\",\"position\":1,\"name\":\"Portada\",\"item\":\"https:\\\/\\\/www.yucatanencorto.com\\\/noticias\\\/\"},{\"@type\":\"ListItem\",\"position\":2,\"name\":\"El Gobernador Mauricio Vila Dosal solicita afiliaci\u00f3n del Consejo Consultivo de Turismo de Yucat\u00e1n a la OMT\"}]},{\"@type\":\"WebSite\",\"@id\":\"https:\\\/\\\/www.yucatanencorto.com\\\/noticias\\\/#website\",\"url\":\"https:\\\/\\\/www.yucatanencorto.com\\\/noticias\\\/\",\"name\":\"Yucat\u00e1n en corto\",\"description\":\"Noticias\",\"potentialAction\":[{\"@type\":\"SearchAction\",\"target\":{\"@type\":\"EntryPoint\",\"urlTemplate\":\"https:\\\/\\\/www.yucatanencorto.com\\\/noticias\\\/?s={search_term_string}\"},\"query-input\":{\"@type\":\"PropertyValueSpecification\",\"valueRequired\":true,\"valueName\":\"search_term_string\"}}],\"inLanguage\":\"es\"},{\"@type\":\"Person\",\"@id\":\"https:\\\/\\\/www.yucatanencorto.com\\\/noticias\\\/#\\\/schema\\\/person\\\/14f82d355225a1f4075dd84a31f45a72\",\"name\":\"Yucat\u00e1n en Corto FC\",\"image\":{\"@type\":\"ImageObject\",\"inLanguage\":\"es\",\"@id\":\"https:\\\/\\\/secure.gravatar.com\\\/avatar\\\/147d4b30cd728c53c29c49a3f7834dedca33707f4cd259761355846009a88250?s=96&d=mm&r=g\",\"url\":\"https:\\\/\\\/secure.gravatar.com\\\/avatar\\\/147d4b30cd728c53c29c49a3f7834dedca33707f4cd259761355846009a88250?s=96&d=mm&r=g\",\"contentUrl\":\"https:\\\/\\\/secure.gravatar.com\\\/avatar\\\/147d4b30cd728c53c29c49a3f7834dedca33707f4cd259761355846009a88250?s=96&d=mm&r=g\",\"caption\":\"Yucat\u00e1n en Corto FC\"},\"url\":\"https:\\\/\\\/www.yucatanencorto.com\\\/noticias\\\/author\\\/flor\\\/\"}]}<\/script>\n<!-- \/ Yoast SEO plugin. -->","yoast_head_json":{"title":"El Gobernador Mauricio Vila Dosal solicita afiliaci\u00f3n del Consejo Consultivo de Turismo de Yucat\u00e1n a la OMT - Yucat\u00e1n en corto","robots":{"index":"index","follow":"follow","max-snippet":"max-snippet:-1","max-image-preview":"max-image-preview:large","max-video-preview":"max-video-preview:-1"},"canonical":"https:\/\/www.yucatanencorto.com\/noticias\/el-gobernador-mauricio-vila-dosal-solicita-afiliacion-del-consejo-consultivo-de-turismo-de-yucatan-a-la-omt\/","og_locale":"es_ES","og_type":"article","og_title":"El Gobernador Mauricio Vila Dosal solicita afiliaci\u00f3n del Consejo Consultivo de Turismo de Yucat\u00e1n a la OMT - Yucat\u00e1n en corto","og_description":"M\u00e9rida, Yucat\u00e1n, 1 de julio de 2021.- El Gobernador Mauricio Vila Dosal entreg\u00f3 este d\u00eda la propuesta de afiliaci\u00f3n del Consejo Consultivo de Turismo de Yucat\u00e1n a la Organizaci\u00f3n Mundial de Turismo (OMT), como parte de las acciones de cooperaci\u00f3n con organismos mundiales que contribuyan a impulsar la recuperaci\u00f3n econ\u00f3mica del sector y genere empleos [&hellip;]","og_url":"https:\/\/www.yucatanencorto.com\/noticias\/el-gobernador-mauricio-vila-dosal-solicita-afiliacion-del-consejo-consultivo-de-turismo-de-yucatan-a-la-omt\/","og_site_name":"Yucat\u00e1n en corto","article_publisher":"http:\/\/www.facebook.com\/yucatanencorto","article_published_time":"2021-07-01T23:57:40+00:00","og_image":[{"width":768,"height":512,"url":"https:\/\/www.yucatanencorto.com\/noticias\/wp-content\/uploads\/2021\/07\/EE505005-9CFE-49B6-9365-0731AF9954BD-scaled.jpeg","type":"image\/jpeg"}],"author":"Yucat\u00e1n en Corto FC","twitter_card":"summary_large_image","twitter_creator":"@yucatanencorto","twitter_site":"@yucatanencorto","twitter_misc":{"Escrito por":"Yucat\u00e1n en Corto FC","Tiempo de lectura":"7 minutos"},"schema":{"@context":"https:\/\/schema.org","@graph":[{"@type":"Article","@id":"https:\/\/www.yucatanencorto.com\/noticias\/el-gobernador-mauricio-vila-dosal-solicita-afiliacion-del-consejo-consultivo-de-turismo-de-yucatan-a-la-omt\/#article","isPartOf":{"@id":"https:\/\/www.yucatanencorto.com\/noticias\/el-gobernador-mauricio-vila-dosal-solicita-afiliacion-del-consejo-consultivo-de-turismo-de-yucatan-a-la-omt\/"},"author":{"name":"Yucat\u00e1n en Corto FC","@id":"https:\/\/www.yucatanencorto.com\/noticias\/#\/schema\/person\/14f82d355225a1f4075dd84a31f45a72"},"headline":"El Gobernador Mauricio Vila Dosal solicita afiliaci\u00f3n del Consejo Consultivo de Turismo de Yucat\u00e1n a la OMT","datePublished":"2021-07-01T23:57:40+00:00","mainEntityOfPage":{"@id":"https:\/\/www.yucatanencorto.com\/noticias\/el-gobernador-mauricio-vila-dosal-solicita-afiliacion-del-consejo-consultivo-de-turismo-de-yucatan-a-la-omt\/"},"wordCount":1697,"image":{"@id":"https:\/\/www.yucatanencorto.com\/noticias\/el-gobernador-mauricio-vila-dosal-solicita-afiliacion-del-consejo-consultivo-de-turismo-de-yucatan-a-la-omt\/#primaryimage"},"thumbnailUrl":"https:\/\/www.yucatanencorto.com\/noticias\/wp-content\/uploads\/2021\/07\/EE505005-9CFE-49B6-9365-0731AF9954BD-scaled.jpeg","articleSection":["Yucat\u00e1n"],"inLanguage":"es"},{"@type":"WebPage","@id":"https:\/\/www.yucatanencorto.com\/noticias\/el-gobernador-mauricio-vila-dosal-solicita-afiliacion-del-consejo-consultivo-de-turismo-de-yucatan-a-la-omt\/","url":"https:\/\/www.yucatanencorto.com\/noticias\/el-gobernador-mauricio-vila-dosal-solicita-afiliacion-del-consejo-consultivo-de-turismo-de-yucatan-a-la-omt\/","name":"El Gobernador Mauricio Vila Dosal solicita afiliaci\u00f3n del Consejo Consultivo de Turismo de Yucat\u00e1n a la OMT - Yucat\u00e1n en corto","isPartOf":{"@id":"https:\/\/www.yucatanencorto.com\/noticias\/#website"},"primaryImageOfPage":{"@id":"https:\/\/www.yucatanencorto.com\/noticias\/el-gobernador-mauricio-vila-dosal-solicita-afiliacion-del-consejo-consultivo-de-turismo-de-yucatan-a-la-omt\/#primaryimage"},"image":{"@id":"https:\/\/www.yucatanencorto.com\/noticias\/el-gobernador-mauricio-vila-dosal-solicita-afiliacion-del-consejo-consultivo-de-turismo-de-yucatan-a-la-omt\/#primaryimage"},"thumbnailUrl":"https:\/\/www.yucatanencorto.com\/noticias\/wp-content\/uploads\/2021\/07\/EE505005-9CFE-49B6-9365-0731AF9954BD-scaled.jpeg","datePublished":"2021-07-01T23:57:40+00:00","author":{"@id":"https:\/\/www.yucatanencorto.com\/noticias\/#\/schema\/person\/14f82d355225a1f4075dd84a31f45a72"},"breadcrumb":{"@id":"https:\/\/www.yucatanencorto.com\/noticias\/el-gobernador-mauricio-vila-dosal-solicita-afiliacion-del-consejo-consultivo-de-turismo-de-yucatan-a-la-omt\/#breadcrumb"},"inLanguage":"es","potentialAction":[{"@type":"ReadAction","target":["https:\/\/www.yucatanencorto.com\/noticias\/el-gobernador-mauricio-vila-dosal-solicita-afiliacion-del-consejo-consultivo-de-turismo-de-yucatan-a-la-omt\/"]}]},{"@type":"ImageObject","inLanguage":"es","@id":"https:\/\/www.yucatanencorto.com\/noticias\/el-gobernador-mauricio-vila-dosal-solicita-afiliacion-del-consejo-consultivo-de-turismo-de-yucatan-a-la-omt\/#primaryimage","url":"https:\/\/www.yucatanencorto.com\/noticias\/wp-content\/uploads\/2021\/07\/EE505005-9CFE-49B6-9365-0731AF9954BD-scaled.jpeg","contentUrl":"https:\/\/www.yucatanencorto.com\/noticias\/wp-content\/uploads\/2021\/07\/EE505005-9CFE-49B6-9365-0731AF9954BD-scaled.jpeg","width":768,"height":512},{"@type":"BreadcrumbList","@id":"https:\/\/www.yucatanencorto.com\/noticias\/el-gobernador-mauricio-vila-dosal-solicita-afiliacion-del-consejo-consultivo-de-turismo-de-yucatan-a-la-omt\/#breadcrumb","itemListElement":[{"@type":"ListItem","position":1,"name":"Portada","item":"https:\/\/www.yucatanencorto.com\/noticias\/"},{"@type":"ListItem","position":2,"name":"El Gobernador Mauricio Vila Dosal solicita afiliaci\u00f3n del Consejo Consultivo de Turismo de Yucat\u00e1n a la OMT"}]},{"@type":"WebSite","@id":"https:\/\/www.yucatanencorto.com\/noticias\/#website","url":"https:\/\/www.yucatanencorto.com\/noticias\/","name":"Yucat\u00e1n en corto","description":"Noticias","potentialAction":[{"@type":"SearchAction","target":{"@type":"EntryPoint","urlTemplate":"https:\/\/www.yucatanencorto.com\/noticias\/?s={search_term_string}"},"query-input":{"@type":"PropertyValueSpecification","valueRequired":true,"valueName":"search_term_string"}}],"inLanguage":"es"},{"@type":"Person","@id":"https:\/\/www.yucatanencorto.com\/noticias\/#\/schema\/person\/14f82d355225a1f4075dd84a31f45a72","name":"Yucat\u00e1n en Corto FC","image":{"@type":"ImageObject","inLanguage":"es","@id":"https:\/\/secure.gravatar.com\/avatar\/147d4b30cd728c53c29c49a3f7834dedca33707f4cd259761355846009a88250?s=96&d=mm&r=g","url":"https:\/\/secure.gravatar.com\/avatar\/147d4b30cd728c53c29c49a3f7834dedca33707f4cd259761355846009a88250?s=96&d=mm&r=g","contentUrl":"https:\/\/secure.gravatar.com\/avatar\/147d4b30cd728c53c29c49a3f7834dedca33707f4cd259761355846009a88250?s=96&d=mm&r=g","caption":"Yucat\u00e1n en Corto FC"},"url":"https:\/\/www.yucatanencorto.com\/noticias\/author\/flor\/"}]}},"_links":{"self":[{"href":"https:\/\/www.yucatanencorto.com\/noticias\/wp-json\/wp\/v2\/posts\/85042","targetHints":{"allow":["GET"]}}],"collection":[{"href":"https:\/\/www.yucatanencorto.com\/noticias\/wp-json\/wp\/v2\/posts"}],"about":[{"href":"https:\/\/www.yucatanencorto.com\/noticias\/wp-json\/wp\/v2\/types\/post"}],"author":[{"embeddable":true,"href":"https:\/\/www.yucatanencorto.com\/noticias\/wp-json\/wp\/v2\/users\/2"}],"replies":[{"embeddable":true,"href":"https:\/\/www.yucatanencorto.com\/noticias\/wp-json\/wp\/v2\/comments?post=85042"}],"version-history":[{"count":0,"href":"https:\/\/www.yucatanencorto.com\/noticias\/wp-json\/wp\/v2\/posts\/85042\/revisions"}],"wp:featuredmedia":[{"embeddable":true,"href":"https:\/\/www.yucatanencorto.com\/noticias\/wp-json\/wp\/v2\/media\/85043"}],"wp:attachment":[{"href":"https:\/\/www.yucatanencorto.com\/noticias\/wp-json\/wp\/v2\/media?parent=85042"}],"wp:term":[{"taxonomy":"category","embeddable":true,"href":"https:\/\/www.yucatanencorto.com\/noticias\/wp-json\/wp\/v2\/categories?post=85042"},{"taxonomy":"post_tag","embeddable":true,"href":"https:\/\/www.yucatanencorto.com\/noticias\/wp-json\/wp\/v2\/tags?post=85042"}],"curies":[{"name":"wp","href":"https:\/\/api.w.org\/{rel}","templated":true}]}}