{"id":85045,"date":"2021-07-01T19:01:15","date_gmt":"2021-07-02T00:01:15","guid":{"rendered":"https:\/\/www.yucatanencorto.com\/noticias\/?p=85045"},"modified":"2021-07-01T19:01:15","modified_gmt":"2021-07-02T00:01:15","slug":"el-ayuntamiento-le-apuesta-al-desarrollo-de-merida-de-la-mano-del-sector-de-la-construccion-asegura-el-alcalde-alejandro-ruz","status":"publish","type":"post","link":"https:\/\/www.yucatanencorto.com\/noticias\/el-ayuntamiento-le-apuesta-al-desarrollo-de-merida-de-la-mano-del-sector-de-la-construccion-asegura-el-alcalde-alejandro-ruz\/","title":{"rendered":"El Ayuntamiento le apuesta al desarrollo de M\u00e9rida de la mano del sector de la construcci\u00f3n, asegura el alcalde Alejandro Ruz"},"content":{"rendered":"<div dir=\"ltr\">\n<p data-removefontsize=\"true\" data-originalcomputedfontsize=\"16\"><img loading=\"lazy\" decoding=\"async\" class=\"alignnone size-full wp-image-85046\" src=\"https:\/\/www.yucatanencorto.com\/noticias\/wp-content\/uploads\/2021\/07\/DFD4EA08-8999-4D4D-84EA-06AD69F7ADC0-scaled.jpeg\" alt=\"\" width=\"768\" height=\"512\" srcset=\"https:\/\/www.yucatanencorto.com\/noticias\/wp-content\/uploads\/2021\/07\/DFD4EA08-8999-4D4D-84EA-06AD69F7ADC0-scaled.jpeg 768w, https:\/\/www.yucatanencorto.com\/noticias\/wp-content\/uploads\/2021\/07\/DFD4EA08-8999-4D4D-84EA-06AD69F7ADC0-696x464.jpeg 696w, https:\/\/www.yucatanencorto.com\/noticias\/wp-content\/uploads\/2021\/07\/DFD4EA08-8999-4D4D-84EA-06AD69F7ADC0-1068x712.jpeg 1068w, https:\/\/www.yucatanencorto.com\/noticias\/wp-content\/uploads\/2021\/07\/DFD4EA08-8999-4D4D-84EA-06AD69F7ADC0-630x420.jpeg 630w\" sizes=\"auto, (max-width: 768px) 100vw, 768px\" \/>M\u00e9rida, 1 de julio de 2021. Con el fin de mantener la reactivaci\u00f3n econ\u00f3mica del municipio y trabajar de la mano con el sector de la construcci\u00f3n, el alcalde Alejandro Ruz Castro present\u00f3 el Programa de Infraestructura y el ejercicio de recursos en acciones de Obras P\u00fablicas de M\u00e9rida en esta administraci\u00f3n y hasta el cierre del a\u00f1o 2021.<\/p>\n<p data-removefontsize=\"true\" data-originalcomputedfontsize=\"16\">En el marco del Foro Estatal de Infraestructura, organizado por la C\u00e1mara Mexicana de la Industria de la Construcci\u00f3n (CMIC), delegaci\u00f3n Yucat\u00e1n, el Presidente Municipal inform\u00f3 que en el per\u00edodo se\u00f1alado se han contratado obras por un total $1,310. 883,226.22.<\/p>\n<p data-removefontsize=\"true\" data-originalcomputedfontsize=\"16\">\u201cEsta administraci\u00f3n decidi\u00f3 construir una ciudad creativa, inclusiva e innovadora, que sea un referente en materia de desarrollo sustentable en los aspectos econ\u00f3micos, urbanos, culturales, sociales y de movilidad\u201d, dijo.<\/p>\n<p data-removefontsize=\"true\" data-originalcomputedfontsize=\"16\">Ante el presidente local de la CMIC, Ra\u00fal Aguilar Baqueiro, explic\u00f3 que ese monto se ha distribuido entre otros rubros: $63.388,122.44 para Yaaxtal \u201cGran Pulm\u00f3n de M\u00e9rida\u201d; $133.304,019.99 para parques, $128.320,268.58 para equipamiento; $142.386,899.76, infraestructura, $289.953,056.30 en vivienda y $573.580,859.15, movilidad.<\/p>\n<p data-removefontsize=\"true\" data-originalcomputedfontsize=\"16\">Para el segundo semestre de 2021, continu\u00f3, invertiremos $72.852,633 para obras en parques, equipamiento e infraestructura, vivienda y movilidad en toda M\u00e9rida para mejorar la calidad de vida de las y los meridanos.<\/p>\n<p data-removefontsize=\"true\" data-originalcomputedfontsize=\"16\">El Concejal remarc\u00f3 que en la actualidad estas inversiones cobran mayor relevancia porque abonan a la reactivaci\u00f3n econ\u00f3mica del municipio y del Estado.<\/p>\n<p data-removefontsize=\"true\" data-originalcomputedfontsize=\"16\">\u201cSabemos que el sector de la construcci\u00f3n ha sido afectado tambi\u00e9n por esta pandemia causada por el COVID-19, pero estamos ciertos que es fiel par\u00e1metro de la din\u00e1mica econ\u00f3mica en la entidad\u201d, indic\u00f3.<\/p>\n<p data-removefontsize=\"true\" data-originalcomputedfontsize=\"16\">En ese sentido, Ruz Castro se\u00f1al\u00f3 que la industria de la construcci\u00f3n en M\u00e9xico tiene el reto de posicionarse como uno de los principales motores que impulse la reactivaci\u00f3n econ\u00f3mica del pa\u00eds \u201cy aunque las actuales circunstancias no son del todo f\u00e1ciles sabemos que los socios de la CMIC trabajan en ampliar las oportunidades de empleo y dinamizar el crecimiento de este sector como el impulso a proyectos de infraestructura local, estatal y regional, as\u00ed como a nivel federal\u201d.<\/p>\n<p data-removefontsize=\"true\" data-originalcomputedfontsize=\"16\">Por su parte, Aguilar Baqueiro destac\u00f3 la buena coordinaci\u00f3n que hay con la autoridad estatal y municipal en esta materia, ya que a pesar de que el gasto se tuvo que reorientar al sector salud, no se dejaron de ejecutar y entregar obras en toda la ciudad.<\/p>\n<p data-removefontsize=\"true\" data-originalcomputedfontsize=\"16\">\u201cEn M\u00e9rida una parte importante de los recursos para las v\u00edas de comunicaci\u00f3n e infraestructura urbana vienen de la efectiva recaudaci\u00f3n de ingresos propio, esfuerzo que deber\u00edamos ver en el resto de los municipios de nuestra entidad para no depender exclusivamente de los recursos de la federaci\u00f3n para la ejecuci\u00f3n de obras\u201d, mencion\u00f3.<\/p>\n<p data-removefontsize=\"true\" data-originalcomputedfontsize=\"16\">El Alcalde asegur\u00f3 que la Comuna seguir\u00e1 apostando a macro proyectos que traigan prosperidad y beneficio al Municipio porque son pieza clave no solo para la recuperaci\u00f3n de la econom\u00eda, sino tambi\u00e9n para garantizar un mejor futuro a las nuevas generaciones.<\/p>\n<p data-removefontsize=\"true\" data-originalcomputedfontsize=\"16\">\u201cConsideren al Ayuntamiento un aliado que, junto con ustedes, trabaja en la construcci\u00f3n de un municipio que avanza hacia la sustentabilidad, gracias a su desarrollo sostenido mediante la promoci\u00f3n del orden urbano, la congruencia en las condiciones de equidad, y el pleno derecho de sus habitantes, con acciones que permitan a todas y todos los meridanos alcanzar mejores niveles de bienestar\u201d, subray\u00f3.<\/p>\n<p data-removefontsize=\"true\" data-originalcomputedfontsize=\"16\">En el Foro Estatal de Infraestructura estuvieron presentes los directores Jos\u00e9 Collado Soberanis, de Servicios P\u00fablicos; Federico Sauri Molina, de Desarrollo Urbano; Eugenia Correa Arce, de la Unidad de Desarrollo Sustentable; Jos\u00e9 Luis Mart\u00ednez Semerena, de Desarrollo Social y David Lor\u00eda Magdub, de Obras P\u00fablicas.<\/p>\n<\/div>\n","protected":false},"excerpt":{"rendered":"<p>M\u00e9rida, 1 de julio de 2021. Con el fin de mantener la reactivaci\u00f3n econ\u00f3mica del municipio y trabajar de la mano con el sector de la construcci\u00f3n, el alcalde Alejandro Ruz Castro present\u00f3 el Programa de Infraestructura y el ejercicio de recursos en acciones de Obras P\u00fablicas de M\u00e9rida en esta administraci\u00f3n y hasta el [&hellip;]<\/p>\n","protected":false},"author":2,"featured_media":85046,"comment_status":"closed","ping_status":"closed","sticky":false,"template":"","format":"standard","meta":{"footnotes":""},"categories":[2],"tags":[],"class_list":{"0":"post-85045","1":"post","2":"type-post","3":"status-publish","4":"format-standard","5":"has-post-thumbnail","7":"category-merida"},"yoast_head":"<!-- This site is optimized with the Yoast SEO plugin v27.5 - https:\/\/yoast.com\/product\/yoast-seo-wordpress\/ -->\n<title>El Ayuntamiento le apuesta al desarrollo de M\u00e9rida de la mano del sector de la construcci\u00f3n, asegura el alcalde Alejandro Ruz - Yucat\u00e1n en corto<\/title>\n<meta name=\"robots\" content=\"index, follow, max-snippet:-1, max-image-preview:large, max-video-preview:-1\" \/>\n<link rel=\"canonical\" href=\"https:\/\/www.yucatanencorto.com\/noticias\/el-ayuntamiento-le-apuesta-al-desarrollo-de-merida-de-la-mano-del-sector-de-la-construccion-asegura-el-alcalde-alejandro-ruz\/\" \/>\n<meta property=\"og:locale\" content=\"es_ES\" \/>\n<meta property=\"og:type\" content=\"article\" \/>\n<meta property=\"og:title\" content=\"El Ayuntamiento le apuesta al desarrollo de M\u00e9rida de la mano del sector de la construcci\u00f3n, asegura el alcalde Alejandro Ruz - Yucat\u00e1n en corto\" \/>\n<meta property=\"og:description\" content=\"M\u00e9rida, 1 de julio de 2021. Con el fin de mantener la reactivaci\u00f3n econ\u00f3mica del municipio y trabajar de la mano con el sector de la construcci\u00f3n, el alcalde Alejandro Ruz Castro present\u00f3 el Programa de Infraestructura y el ejercicio de recursos en acciones de Obras P\u00fablicas de M\u00e9rida en esta administraci\u00f3n y hasta el [&hellip;]\" \/>\n<meta property=\"og:url\" content=\"https:\/\/www.yucatanencorto.com\/noticias\/el-ayuntamiento-le-apuesta-al-desarrollo-de-merida-de-la-mano-del-sector-de-la-construccion-asegura-el-alcalde-alejandro-ruz\/\" \/>\n<meta property=\"og:site_name\" content=\"Yucat\u00e1n en corto\" \/>\n<meta property=\"article:publisher\" content=\"http:\/\/www.facebook.com\/yucatanencorto\" \/>\n<meta property=\"article:published_time\" content=\"2021-07-02T00:01:15+00:00\" \/>\n<meta property=\"og:image\" content=\"https:\/\/www.yucatanencorto.com\/noticias\/wp-content\/uploads\/2021\/07\/DFD4EA08-8999-4D4D-84EA-06AD69F7ADC0-scaled.jpeg\" \/>\n\t<meta property=\"og:image:width\" content=\"768\" \/>\n\t<meta property=\"og:image:height\" content=\"512\" \/>\n\t<meta property=\"og:image:type\" content=\"image\/jpeg\" \/>\n<meta name=\"author\" content=\"Yucat\u00e1n en Corto FC\" \/>\n<meta name=\"twitter:card\" content=\"summary_large_image\" \/>\n<meta name=\"twitter:creator\" content=\"@yucatanencorto\" \/>\n<meta name=\"twitter:site\" content=\"@yucatanencorto\" \/>\n<meta name=\"twitter:label1\" content=\"Escrito por\" \/>\n\t<meta name=\"twitter:data1\" content=\"Yucat\u00e1n en Corto FC\" \/>\n\t<meta name=\"twitter:label2\" content=\"Tiempo de lectura\" \/>\n\t<meta name=\"twitter:data2\" content=\"3 minutos\" \/>\n<script type=\"application\/ld+json\" class=\"yoast-schema-graph\">{\"@context\":\"https:\\\/\\\/schema.org\",\"@graph\":[{\"@type\":\"Article\",\"@id\":\"https:\\\/\\\/www.yucatanencorto.com\\\/noticias\\\/el-ayuntamiento-le-apuesta-al-desarrollo-de-merida-de-la-mano-del-sector-de-la-construccion-asegura-el-alcalde-alejandro-ruz\\\/#article\",\"isPartOf\":{\"@id\":\"https:\\\/\\\/www.yucatanencorto.com\\\/noticias\\\/el-ayuntamiento-le-apuesta-al-desarrollo-de-merida-de-la-mano-del-sector-de-la-construccion-asegura-el-alcalde-alejandro-ruz\\\/\"},\"author\":{\"name\":\"Yucat\u00e1n en Corto FC\",\"@id\":\"https:\\\/\\\/www.yucatanencorto.com\\\/noticias\\\/#\\\/schema\\\/person\\\/14f82d355225a1f4075dd84a31f45a72\"},\"headline\":\"El Ayuntamiento le apuesta al desarrollo de M\u00e9rida de la mano del sector de la construcci\u00f3n, asegura el alcalde Alejandro Ruz\",\"datePublished\":\"2021-07-02T00:01:15+00:00\",\"mainEntityOfPage\":{\"@id\":\"https:\\\/\\\/www.yucatanencorto.com\\\/noticias\\\/el-ayuntamiento-le-apuesta-al-desarrollo-de-merida-de-la-mano-del-sector-de-la-construccion-asegura-el-alcalde-alejandro-ruz\\\/\"},\"wordCount\":647,\"image\":{\"@id\":\"https:\\\/\\\/www.yucatanencorto.com\\\/noticias\\\/el-ayuntamiento-le-apuesta-al-desarrollo-de-merida-de-la-mano-del-sector-de-la-construccion-asegura-el-alcalde-alejandro-ruz\\\/#primaryimage\"},\"thumbnailUrl\":\"https:\\\/\\\/www.yucatanencorto.com\\\/noticias\\\/wp-content\\\/uploads\\\/2021\\\/07\\\/DFD4EA08-8999-4D4D-84EA-06AD69F7ADC0-scaled.jpeg\",\"articleSection\":[\"M\u00e9rida\"],\"inLanguage\":\"es\"},{\"@type\":\"WebPage\",\"@id\":\"https:\\\/\\\/www.yucatanencorto.com\\\/noticias\\\/el-ayuntamiento-le-apuesta-al-desarrollo-de-merida-de-la-mano-del-sector-de-la-construccion-asegura-el-alcalde-alejandro-ruz\\\/\",\"url\":\"https:\\\/\\\/www.yucatanencorto.com\\\/noticias\\\/el-ayuntamiento-le-apuesta-al-desarrollo-de-merida-de-la-mano-del-sector-de-la-construccion-asegura-el-alcalde-alejandro-ruz\\\/\",\"name\":\"El Ayuntamiento le apuesta al desarrollo de M\u00e9rida de la mano del sector de la construcci\u00f3n, asegura el alcalde Alejandro Ruz - Yucat\u00e1n en corto\",\"isPartOf\":{\"@id\":\"https:\\\/\\\/www.yucatanencorto.com\\\/noticias\\\/#website\"},\"primaryImageOfPage\":{\"@id\":\"https:\\\/\\\/www.yucatanencorto.com\\\/noticias\\\/el-ayuntamiento-le-apuesta-al-desarrollo-de-merida-de-la-mano-del-sector-de-la-construccion-asegura-el-alcalde-alejandro-ruz\\\/#primaryimage\"},\"image\":{\"@id\":\"https:\\\/\\\/www.yucatanencorto.com\\\/noticias\\\/el-ayuntamiento-le-apuesta-al-desarrollo-de-merida-de-la-mano-del-sector-de-la-construccion-asegura-el-alcalde-alejandro-ruz\\\/#primaryimage\"},\"thumbnailUrl\":\"https:\\\/\\\/www.yucatanencorto.com\\\/noticias\\\/wp-content\\\/uploads\\\/2021\\\/07\\\/DFD4EA08-8999-4D4D-84EA-06AD69F7ADC0-scaled.jpeg\",\"datePublished\":\"2021-07-02T00:01:15+00:00\",\"author\":{\"@id\":\"https:\\\/\\\/www.yucatanencorto.com\\\/noticias\\\/#\\\/schema\\\/person\\\/14f82d355225a1f4075dd84a31f45a72\"},\"breadcrumb\":{\"@id\":\"https:\\\/\\\/www.yucatanencorto.com\\\/noticias\\\/el-ayuntamiento-le-apuesta-al-desarrollo-de-merida-de-la-mano-del-sector-de-la-construccion-asegura-el-alcalde-alejandro-ruz\\\/#breadcrumb\"},\"inLanguage\":\"es\",\"potentialAction\":[{\"@type\":\"ReadAction\",\"target\":[\"https:\\\/\\\/www.yucatanencorto.com\\\/noticias\\\/el-ayuntamiento-le-apuesta-al-desarrollo-de-merida-de-la-mano-del-sector-de-la-construccion-asegura-el-alcalde-alejandro-ruz\\\/\"]}]},{\"@type\":\"ImageObject\",\"inLanguage\":\"es\",\"@id\":\"https:\\\/\\\/www.yucatanencorto.com\\\/noticias\\\/el-ayuntamiento-le-apuesta-al-desarrollo-de-merida-de-la-mano-del-sector-de-la-construccion-asegura-el-alcalde-alejandro-ruz\\\/#primaryimage\",\"url\":\"https:\\\/\\\/www.yucatanencorto.com\\\/noticias\\\/wp-content\\\/uploads\\\/2021\\\/07\\\/DFD4EA08-8999-4D4D-84EA-06AD69F7ADC0-scaled.jpeg\",\"contentUrl\":\"https:\\\/\\\/www.yucatanencorto.com\\\/noticias\\\/wp-content\\\/uploads\\\/2021\\\/07\\\/DFD4EA08-8999-4D4D-84EA-06AD69F7ADC0-scaled.jpeg\",\"width\":768,\"height\":512},{\"@type\":\"BreadcrumbList\",\"@id\":\"https:\\\/\\\/www.yucatanencorto.com\\\/noticias\\\/el-ayuntamiento-le-apuesta-al-desarrollo-de-merida-de-la-mano-del-sector-de-la-construccion-asegura-el-alcalde-alejandro-ruz\\\/#breadcrumb\",\"itemListElement\":[{\"@type\":\"ListItem\",\"position\":1,\"name\":\"Portada\",\"item\":\"https:\\\/\\\/www.yucatanencorto.com\\\/noticias\\\/\"},{\"@type\":\"ListItem\",\"position\":2,\"name\":\"El Ayuntamiento le apuesta al desarrollo de M\u00e9rida de la mano del sector de la construcci\u00f3n, asegura el alcalde Alejandro Ruz\"}]},{\"@type\":\"WebSite\",\"@id\":\"https:\\\/\\\/www.yucatanencorto.com\\\/noticias\\\/#website\",\"url\":\"https:\\\/\\\/www.yucatanencorto.com\\\/noticias\\\/\",\"name\":\"Yucat\u00e1n en corto\",\"description\":\"Noticias\",\"potentialAction\":[{\"@type\":\"SearchAction\",\"target\":{\"@type\":\"EntryPoint\",\"urlTemplate\":\"https:\\\/\\\/www.yucatanencorto.com\\\/noticias\\\/?s={search_term_string}\"},\"query-input\":{\"@type\":\"PropertyValueSpecification\",\"valueRequired\":true,\"valueName\":\"search_term_string\"}}],\"inLanguage\":\"es\"},{\"@type\":\"Person\",\"@id\":\"https:\\\/\\\/www.yucatanencorto.com\\\/noticias\\\/#\\\/schema\\\/person\\\/14f82d355225a1f4075dd84a31f45a72\",\"name\":\"Yucat\u00e1n en Corto FC\",\"image\":{\"@type\":\"ImageObject\",\"inLanguage\":\"es\",\"@id\":\"https:\\\/\\\/secure.gravatar.com\\\/avatar\\\/147d4b30cd728c53c29c49a3f7834dedca33707f4cd259761355846009a88250?s=96&d=mm&r=g\",\"url\":\"https:\\\/\\\/secure.gravatar.com\\\/avatar\\\/147d4b30cd728c53c29c49a3f7834dedca33707f4cd259761355846009a88250?s=96&d=mm&r=g\",\"contentUrl\":\"https:\\\/\\\/secure.gravatar.com\\\/avatar\\\/147d4b30cd728c53c29c49a3f7834dedca33707f4cd259761355846009a88250?s=96&d=mm&r=g\",\"caption\":\"Yucat\u00e1n en Corto FC\"},\"url\":\"https:\\\/\\\/www.yucatanencorto.com\\\/noticias\\\/author\\\/flor\\\/\"}]}<\/script>\n<!-- \/ Yoast SEO plugin. -->","yoast_head_json":{"title":"El Ayuntamiento le apuesta al desarrollo de M\u00e9rida de la mano del sector de la construcci\u00f3n, asegura el alcalde Alejandro Ruz - Yucat\u00e1n en corto","robots":{"index":"index","follow":"follow","max-snippet":"max-snippet:-1","max-image-preview":"max-image-preview:large","max-video-preview":"max-video-preview:-1"},"canonical":"https:\/\/www.yucatanencorto.com\/noticias\/el-ayuntamiento-le-apuesta-al-desarrollo-de-merida-de-la-mano-del-sector-de-la-construccion-asegura-el-alcalde-alejandro-ruz\/","og_locale":"es_ES","og_type":"article","og_title":"El Ayuntamiento le apuesta al desarrollo de M\u00e9rida de la mano del sector de la construcci\u00f3n, asegura el alcalde Alejandro Ruz - Yucat\u00e1n en corto","og_description":"M\u00e9rida, 1 de julio de 2021. Con el fin de mantener la reactivaci\u00f3n econ\u00f3mica del municipio y trabajar de la mano con el sector de la construcci\u00f3n, el alcalde Alejandro Ruz Castro present\u00f3 el Programa de Infraestructura y el ejercicio de recursos en acciones de Obras P\u00fablicas de M\u00e9rida en esta administraci\u00f3n y hasta el [&hellip;]","og_url":"https:\/\/www.yucatanencorto.com\/noticias\/el-ayuntamiento-le-apuesta-al-desarrollo-de-merida-de-la-mano-del-sector-de-la-construccion-asegura-el-alcalde-alejandro-ruz\/","og_site_name":"Yucat\u00e1n en corto","article_publisher":"http:\/\/www.facebook.com\/yucatanencorto","article_published_time":"2021-07-02T00:01:15+00:00","og_image":[{"width":768,"height":512,"url":"https:\/\/www.yucatanencorto.com\/noticias\/wp-content\/uploads\/2021\/07\/DFD4EA08-8999-4D4D-84EA-06AD69F7ADC0-scaled.jpeg","type":"image\/jpeg"}],"author":"Yucat\u00e1n en Corto FC","twitter_card":"summary_large_image","twitter_creator":"@yucatanencorto","twitter_site":"@yucatanencorto","twitter_misc":{"Escrito por":"Yucat\u00e1n en Corto FC","Tiempo de lectura":"3 minutos"},"schema":{"@context":"https:\/\/schema.org","@graph":[{"@type":"Article","@id":"https:\/\/www.yucatanencorto.com\/noticias\/el-ayuntamiento-le-apuesta-al-desarrollo-de-merida-de-la-mano-del-sector-de-la-construccion-asegura-el-alcalde-alejandro-ruz\/#article","isPartOf":{"@id":"https:\/\/www.yucatanencorto.com\/noticias\/el-ayuntamiento-le-apuesta-al-desarrollo-de-merida-de-la-mano-del-sector-de-la-construccion-asegura-el-alcalde-alejandro-ruz\/"},"author":{"name":"Yucat\u00e1n en Corto FC","@id":"https:\/\/www.yucatanencorto.com\/noticias\/#\/schema\/person\/14f82d355225a1f4075dd84a31f45a72"},"headline":"El Ayuntamiento le apuesta al desarrollo de M\u00e9rida de la mano del sector de la construcci\u00f3n, asegura el alcalde Alejandro Ruz","datePublished":"2021-07-02T00:01:15+00:00","mainEntityOfPage":{"@id":"https:\/\/www.yucatanencorto.com\/noticias\/el-ayuntamiento-le-apuesta-al-desarrollo-de-merida-de-la-mano-del-sector-de-la-construccion-asegura-el-alcalde-alejandro-ruz\/"},"wordCount":647,"image":{"@id":"https:\/\/www.yucatanencorto.com\/noticias\/el-ayuntamiento-le-apuesta-al-desarrollo-de-merida-de-la-mano-del-sector-de-la-construccion-asegura-el-alcalde-alejandro-ruz\/#primaryimage"},"thumbnailUrl":"https:\/\/www.yucatanencorto.com\/noticias\/wp-content\/uploads\/2021\/07\/DFD4EA08-8999-4D4D-84EA-06AD69F7ADC0-scaled.jpeg","articleSection":["M\u00e9rida"],"inLanguage":"es"},{"@type":"WebPage","@id":"https:\/\/www.yucatanencorto.com\/noticias\/el-ayuntamiento-le-apuesta-al-desarrollo-de-merida-de-la-mano-del-sector-de-la-construccion-asegura-el-alcalde-alejandro-ruz\/","url":"https:\/\/www.yucatanencorto.com\/noticias\/el-ayuntamiento-le-apuesta-al-desarrollo-de-merida-de-la-mano-del-sector-de-la-construccion-asegura-el-alcalde-alejandro-ruz\/","name":"El Ayuntamiento le apuesta al desarrollo de M\u00e9rida de la mano del sector de la construcci\u00f3n, asegura el alcalde Alejandro Ruz - Yucat\u00e1n en corto","isPartOf":{"@id":"https:\/\/www.yucatanencorto.com\/noticias\/#website"},"primaryImageOfPage":{"@id":"https:\/\/www.yucatanencorto.com\/noticias\/el-ayuntamiento-le-apuesta-al-desarrollo-de-merida-de-la-mano-del-sector-de-la-construccion-asegura-el-alcalde-alejandro-ruz\/#primaryimage"},"image":{"@id":"https:\/\/www.yucatanencorto.com\/noticias\/el-ayuntamiento-le-apuesta-al-desarrollo-de-merida-de-la-mano-del-sector-de-la-construccion-asegura-el-alcalde-alejandro-ruz\/#primaryimage"},"thumbnailUrl":"https:\/\/www.yucatanencorto.com\/noticias\/wp-content\/uploads\/2021\/07\/DFD4EA08-8999-4D4D-84EA-06AD69F7ADC0-scaled.jpeg","datePublished":"2021-07-02T00:01:15+00:00","author":{"@id":"https:\/\/www.yucatanencorto.com\/noticias\/#\/schema\/person\/14f82d355225a1f4075dd84a31f45a72"},"breadcrumb":{"@id":"https:\/\/www.yucatanencorto.com\/noticias\/el-ayuntamiento-le-apuesta-al-desarrollo-de-merida-de-la-mano-del-sector-de-la-construccion-asegura-el-alcalde-alejandro-ruz\/#breadcrumb"},"inLanguage":"es","potentialAction":[{"@type":"ReadAction","target":["https:\/\/www.yucatanencorto.com\/noticias\/el-ayuntamiento-le-apuesta-al-desarrollo-de-merida-de-la-mano-del-sector-de-la-construccion-asegura-el-alcalde-alejandro-ruz\/"]}]},{"@type":"ImageObject","inLanguage":"es","@id":"https:\/\/www.yucatanencorto.com\/noticias\/el-ayuntamiento-le-apuesta-al-desarrollo-de-merida-de-la-mano-del-sector-de-la-construccion-asegura-el-alcalde-alejandro-ruz\/#primaryimage","url":"https:\/\/www.yucatanencorto.com\/noticias\/wp-content\/uploads\/2021\/07\/DFD4EA08-8999-4D4D-84EA-06AD69F7ADC0-scaled.jpeg","contentUrl":"https:\/\/www.yucatanencorto.com\/noticias\/wp-content\/uploads\/2021\/07\/DFD4EA08-8999-4D4D-84EA-06AD69F7ADC0-scaled.jpeg","width":768,"height":512},{"@type":"BreadcrumbList","@id":"https:\/\/www.yucatanencorto.com\/noticias\/el-ayuntamiento-le-apuesta-al-desarrollo-de-merida-de-la-mano-del-sector-de-la-construccion-asegura-el-alcalde-alejandro-ruz\/#breadcrumb","itemListElement":[{"@type":"ListItem","position":1,"name":"Portada","item":"https:\/\/www.yucatanencorto.com\/noticias\/"},{"@type":"ListItem","position":2,"name":"El Ayuntamiento le apuesta al desarrollo de M\u00e9rida de la mano del sector de la construcci\u00f3n, asegura el alcalde Alejandro Ruz"}]},{"@type":"WebSite","@id":"https:\/\/www.yucatanencorto.com\/noticias\/#website","url":"https:\/\/www.yucatanencorto.com\/noticias\/","name":"Yucat\u00e1n en corto","description":"Noticias","potentialAction":[{"@type":"SearchAction","target":{"@type":"EntryPoint","urlTemplate":"https:\/\/www.yucatanencorto.com\/noticias\/?s={search_term_string}"},"query-input":{"@type":"PropertyValueSpecification","valueRequired":true,"valueName":"search_term_string"}}],"inLanguage":"es"},{"@type":"Person","@id":"https:\/\/www.yucatanencorto.com\/noticias\/#\/schema\/person\/14f82d355225a1f4075dd84a31f45a72","name":"Yucat\u00e1n en Corto FC","image":{"@type":"ImageObject","inLanguage":"es","@id":"https:\/\/secure.gravatar.com\/avatar\/147d4b30cd728c53c29c49a3f7834dedca33707f4cd259761355846009a88250?s=96&d=mm&r=g","url":"https:\/\/secure.gravatar.com\/avatar\/147d4b30cd728c53c29c49a3f7834dedca33707f4cd259761355846009a88250?s=96&d=mm&r=g","contentUrl":"https:\/\/secure.gravatar.com\/avatar\/147d4b30cd728c53c29c49a3f7834dedca33707f4cd259761355846009a88250?s=96&d=mm&r=g","caption":"Yucat\u00e1n en Corto FC"},"url":"https:\/\/www.yucatanencorto.com\/noticias\/author\/flor\/"}]}},"_links":{"self":[{"href":"https:\/\/www.yucatanencorto.com\/noticias\/wp-json\/wp\/v2\/posts\/85045","targetHints":{"allow":["GET"]}}],"collection":[{"href":"https:\/\/www.yucatanencorto.com\/noticias\/wp-json\/wp\/v2\/posts"}],"about":[{"href":"https:\/\/www.yucatanencorto.com\/noticias\/wp-json\/wp\/v2\/types\/post"}],"author":[{"embeddable":true,"href":"https:\/\/www.yucatanencorto.com\/noticias\/wp-json\/wp\/v2\/users\/2"}],"replies":[{"embeddable":true,"href":"https:\/\/www.yucatanencorto.com\/noticias\/wp-json\/wp\/v2\/comments?post=85045"}],"version-history":[{"count":0,"href":"https:\/\/www.yucatanencorto.com\/noticias\/wp-json\/wp\/v2\/posts\/85045\/revisions"}],"wp:featuredmedia":[{"embeddable":true,"href":"https:\/\/www.yucatanencorto.com\/noticias\/wp-json\/wp\/v2\/media\/85046"}],"wp:attachment":[{"href":"https:\/\/www.yucatanencorto.com\/noticias\/wp-json\/wp\/v2\/media?parent=85045"}],"wp:term":[{"taxonomy":"category","embeddable":true,"href":"https:\/\/www.yucatanencorto.com\/noticias\/wp-json\/wp\/v2\/categories?post=85045"},{"taxonomy":"post_tag","embeddable":true,"href":"https:\/\/www.yucatanencorto.com\/noticias\/wp-json\/wp\/v2\/tags?post=85045"}],"curies":[{"name":"wp","href":"https:\/\/api.w.org\/{rel}","templated":true}]}}