{"id":85048,"date":"2021-07-01T19:09:22","date_gmt":"2021-07-02T00:09:22","guid":{"rendered":"https:\/\/www.yucatanencorto.com\/noticias\/?p=85048"},"modified":"2021-07-01T19:09:22","modified_gmt":"2021-07-02T00:09:22","slug":"destinaran-este-ano-casi-2000-millones-de-pesos-en-proyectos-de-obra-publica-productiva","status":"publish","type":"post","link":"https:\/\/www.yucatanencorto.com\/noticias\/destinaran-este-ano-casi-2000-millones-de-pesos-en-proyectos-de-obra-publica-productiva\/","title":{"rendered":"Destinar\u00e1n este a\u00f1o casi 2,000 millones de pesos en proyectos de obra p\u00fablica productiva"},"content":{"rendered":"<div dir=\"ltr\">\n<p><span data-removefontsize=\"true\" data-originalcomputedfontsize=\"16\"><img loading=\"lazy\" decoding=\"async\" class=\"alignnone size-full wp-image-85049\" src=\"https:\/\/www.yucatanencorto.com\/noticias\/wp-content\/uploads\/2021\/07\/0B95B86B-B9D1-421A-A1EA-BD62CB333D55-scaled.jpeg\" alt=\"\" width=\"768\" height=\"437\" srcset=\"https:\/\/www.yucatanencorto.com\/noticias\/wp-content\/uploads\/2021\/07\/0B95B86B-B9D1-421A-A1EA-BD62CB333D55-scaled.jpeg 768w, https:\/\/www.yucatanencorto.com\/noticias\/wp-content\/uploads\/2021\/07\/0B95B86B-B9D1-421A-A1EA-BD62CB333D55-696x396.jpeg 696w, https:\/\/www.yucatanencorto.com\/noticias\/wp-content\/uploads\/2021\/07\/0B95B86B-B9D1-421A-A1EA-BD62CB333D55-1068x607.jpeg 1068w, https:\/\/www.yucatanencorto.com\/noticias\/wp-content\/uploads\/2021\/07\/0B95B86B-B9D1-421A-A1EA-BD62CB333D55-738x420.jpeg 738w\" sizes=\"auto, (max-width: 768px) 100vw, 768px\" \/>M\u00e9rida, Yucat\u00e1n, 1 de julio de 2021.- Durante este a\u00f1o, el Gobierno del Estado destinar\u00e1 casi 2,000 millones de pesos para continuar con la reactivaci\u00f3n econ\u00f3mica y creaci\u00f3n de empleos en Yucat\u00e1n a trav\u00e9s de proyectos de obra p\u00fablica productiva, se inform\u00f3 durante la inauguraci\u00f3n del Foro Estatal de Infraestructura 2021 que encabez\u00f3 el Gobernador Mauricio Vila Dosal. \u00a0<\/span><\/p>\n<p><span data-removefontsize=\"true\" data-originalcomputedfontsize=\"16\">Acompa\u00f1ado del presidente local de la C\u00e1mara Mexicana de la Industria de la Construcci\u00f3n (CMIC), Ra\u00fal Aguilar Baqueiro, Vila Dosal inaugur\u00f3 dicho encuentro en la Sala Maya Max del Gran Museo del Mundo Maya de M\u00e9rida, en donde se detall\u00f3 que se estar\u00e1n desarrollando un total de 13,412 acciones y 264 obras en los sectores de seguridad p\u00fablica, salud, urbanizaci\u00f3n, educaci\u00f3n, zonas tur\u00edsticas, vivienda, agua potable y saneamiento.\u00a0<\/span><\/p>\n<p><span data-removefontsize=\"true\" data-originalcomputedfontsize=\"16\">En ese marco, se precis\u00f3 que dichas acciones y obras ser\u00e1n ejecutadas a trav\u00e9s de diferentes dependencias estatales, entre las que se incluyen los institutos para la Construcci\u00f3n y Conservaci\u00f3n de Obra P\u00fablica (Inccopy);\u00a0 de Infraestructura Carretera (Incay); de Vivienda del Estado (IVEY); para el Desarrollo y Certificaci\u00f3n de la Infraestructura F\u00edsica Educativa y El\u00e9ctrica (Idefeey); as\u00ed como de\u00a0 la Junta de Alcantarillado y Agua Potable de Yucat\u00e1n (Japay).\u00a0<\/span><\/p>\n<p><span data-removefontsize=\"true\" data-originalcomputedfontsize=\"16\">Ante empresarios constructores afiliados a la CMIC, el Gobernador coment\u00f3 que hace poco m\u00e1s de un a\u00f1o Yucat\u00e1n se caracterizaba por ser un estado en crecimiento gracias a las ventajas competitivas con las que cuenta y record\u00f3 que desde el Gobierno del Estado se impulsaron cambios estructurales que comenzaban a rendir frutos para posicionar al estado como referente en seguridad, generaci\u00f3n de empleo, inversiones y turismo.<\/span><\/p>\n<p><span data-removefontsize=\"true\" data-originalcomputedfontsize=\"16\">Muestra de ello fue que mientras la econom\u00eda nacional atravesaba momentos cr\u00edticos, en Yucat\u00e1n crec\u00edamos 15 veces m\u00e1s que el promedio nacional, lo que posicion\u00f3 a Yucat\u00e1n ante los ojos de todo M\u00e9xico y del mundo, con lo que el estado se proyectaba a nivel internacional y eso propici\u00f3 la atracci\u00f3n de inversi\u00f3n extranjera directa, y de acuerdo con datos de la Secretar\u00eda de Econom\u00eda federal, \u00e9sta creci\u00f3 un 86% m\u00e1s de los que hab\u00eda sucedido en 2018, abund\u00f3 Vila Dosal.<\/span><\/p>\n<p><span data-removefontsize=\"true\" data-originalcomputedfontsize=\"16\">Previo a la llegada de la pandemia del Coronavirus, en materia de turismo, Yucat\u00e1n tuvo el a\u00f1o m\u00e1s importante de su historia con la llegada de 3.2 millones de turistas por v\u00eda a\u00e9rea y, por primera vez, medio mill\u00f3n de cruceristas que llegaron al puerto de Progreso, record\u00f3 el Gobernador en presencia del titular de la Secretar\u00eda de Obras P\u00fablicas (SOP), Aref Karam Esp\u00f3sitos y del director del Instituto de Movilidad y Desarrollo Urbano Territoria (Imdu), Rafael Hern\u00e1ndez Kotasek.<\/span><\/p>\n<p><span data-removefontsize=\"true\" data-originalcomputedfontsize=\"16\">Adem\u00e1s, agreg\u00f3 Vila Dosal, en el sector de la construcci\u00f3n tuvimos buenos resultados, ya que seg\u00fan el Instituto Nacional de Estad\u00edstica y Geograf\u00eda (Inegi), el valor de la producci\u00f3n de las empresas constructoras en Yucat\u00e1n cerr\u00f3 el a\u00f1o 2019 con un crecimiento del 2.8%, el cual fue mayor al promedio de crecimiento a nivel nacional.<\/span><\/p>\n<p><span data-removefontsize=\"true\" data-originalcomputedfontsize=\"16\">Sin embargo, expuso el Gobernador, el 13 de marzo de 2020 se registr\u00f3 el primer caso positivo de Coronavirus en Yucat\u00e1n, lo cual ocasion\u00f3 que la econom\u00eda estatal y la del pa\u00eds se paralizara, y ello se sum\u00f3 a la presencia de 3 tormentas tropicales, 2 huracanes y la peor \u00e9poca de lluvias de la que se tiene registro, donde 86 municipios del estado de Yucat\u00e1n fueron declarados como zonas de desastre y algunos de ellos, 2 o 3 veces, lo cual tambi\u00e9n provoc\u00f3 la p\u00e9rdida del 90% de las cosechas en el estado.<\/span><\/p>\n<p><span data-removefontsize=\"true\" data-originalcomputedfontsize=\"16\">Ante este contexto, Vila Dosal mencion\u00f3 que el Gobierno del Estado puso en marcha un plan para cuidar a los ciudadanos, sin dejar de enfocarse en los sectores que son prioritarios para Yucat\u00e1n y entre los cuales se encuentra el de la construcci\u00f3n, \u201ces por esto que concebimos la infraestructura y la construcci\u00f3n no como un fin, sino como un medio para alcanzar nuestros objetivos en diversos frentes y, adem\u00e1s, recordemos que el impulso en la actividad de la construcci\u00f3n implica en otras 66 ramas de la econom\u00eda, siendo un catalizador del desarrollo y generador de empleos que se traduce en bienestar para las familias\u201d.<\/span><\/p>\n<p>Por ello desde el Gobierno del Estado, no dejamos de trabajar de manera coordinada con el sector de la construcci\u00f3n, a pesar de los retos que trajo consigo la pandemia y por ello fue este sector el primero en reiniciar labores tras la etapa de confinamiento, incluso antes de la apertura econ\u00f3mica en el mes de junio, con el fin de poder impulsar la econom\u00eda estatal y as\u00ed conservar los empleos de las y los yucatecos, manifest\u00f3 el Gobernador.<\/p>\n<p>En este contexto, Vila Dosal record\u00f3 que mediante un esfuerzo presupuestal se logr\u00f3 poner en marcha, junto con la C\u00e1mara Nacional de la Vivienda (Canadevi), un programa de cr\u00e9ditos a la vivienda por 120 millones de pesos, para seguir incentivando el sector de la construcci\u00f3n y apoyar a los yucatecos que lo soliciten en la compra de una vivienda nueva, a trav\u00e9s de un subsidio de hasta 45 mil pesos y adem\u00e1s se ampliaron las alternativas de financiamiento para las empresas de este y otros sectores a trav\u00e9s de un convenio con Nafin.<\/p>\n<p><span data-removefontsize=\"true\" data-originalcomputedfontsize=\"16\">Tambi\u00e9n, en un esfuerzo colaborativo con el Ayuntamiento de M\u00e9rida se puso en Marcha el Programa Conjunto de Mejora a la Movilidad y la Infraestructura Vial en M\u00e9rida, que se encuentra dentro de la Agenda M\u00e9rida 2050 y mediante el cual se efectuaron una serie de acciones en materia de movilidad, y en el que se est\u00e1n invirtiendo 760 millones de pesos, mencion\u00f3 el Gobernador.<\/span><\/p>\n<p><span data-removefontsize=\"true\" data-originalcomputedfontsize=\"16\">Dichos esfuerzos, indic\u00f3 Vila Dosal, se sumaron a las condiciones que ha creado su Gobierno para atraer las inversiones extrajeras y desarrollar proyectos en el estado as\u00ed como al trabajo dedicado para mejorar en distintos indicadores nacionales e internacionales, para que de esta forma las empresas contin\u00faen confiando en Yucat\u00e1n como el estado m\u00e1s seguro de todo el pa\u00eds, as\u00ed como para efectuar diversos planes e inversiones en beneficio de los yucatecos.<\/span><\/p>\n<p><span data-removefontsize=\"true\" data-originalcomputedfontsize=\"16\">Como muestra de dichos proyectos, se encuentra el Estadio sostenible en el cual se invertir\u00e1n m\u00e1s de 2,000 millones de pesos y que estar\u00e1 generando alrededor de 4,000 empleos durante su edificaci\u00f3n y 1,000 empleos en su operaci\u00f3n, adem\u00e1s de la inauguraci\u00f3n del Centro Log\u00edstico de Amazon en Um\u00e1n y la agencia de autos Tesla, mientras que, en materia de vivienda, el Gobierno estatal ha trabajado en conjunto con la Canadevi para crear un programa de inversiones y construcci\u00f3n de viviendas para generar miles de empleos.<\/span><\/p>\n<p><span data-removefontsize=\"true\" data-originalcomputedfontsize=\"16\">Gracias a estos esfuerzos del Gobierno del Estado, destac\u00f3 Vila Dosal, se han logrado recuperar 14,600 empleos de los 25,000 que se perdieron en la pandemia lo que significa que a pesar de haber atravesado un a\u00f1o muy dif\u00edcil, la recuperaci\u00f3n contin\u00faa y se siguen recuperando las fuentes de empleo a causa de la pandemia del Coronavirus.<\/span><\/p>\n<p><span data-removefontsize=\"true\" data-originalcomputedfontsize=\"16\">En este sentido, el Gobernador enfatiz\u00f3 que seguir\u00e1 trabajando en conjunto con el sector de la construcci\u00f3n, pero record\u00f3 que la pandemia a\u00fan contin\u00faa y solo podr\u00e1 considerarse concluida una vez que el 100% de la poblaci\u00f3n sea vacunada, y mientras tanto todos debemos mantener las medidas de sanitarias para evitar mayores riesgos de contagio.<\/span><\/p>\n<p><span data-removefontsize=\"true\" data-originalcomputedfontsize=\"16\">Durante su intervenci\u00f3n, el presidente de la CMIC Yucat\u00e1n, Ra\u00fal Aguilar Baqueiro, se\u00f1al\u00f3 los dif\u00edciles momentos que ha atravesado el sector de la construcci\u00f3n destac\u00f3 el papel de las autoridades estatales al establecer y crear las condiciones para la reactivaci\u00f3n de la econom\u00eda y la atracci\u00f3n de inversiones de la iniciativa privada, por lo que dijo es el momento de fortalecer la industria de la construcci\u00f3n junto con el resto de los sectores econ\u00f3micos.\u00a0<\/span><\/p>\n<p><span data-removefontsize=\"true\" data-originalcomputedfontsize=\"16\">\u201cSi cada uno hace su parte se fortalecer\u00e1 al sector y las inversiones seguir\u00e1n llegando y est\u00e1 demostrado que el futuro y el desarrollo van de la mano, espero que este foro sea una ruta importante en la ruta de la recuperaci\u00f3n para los constructores y la sociedad yucateca\u201d enfatiz\u00f3 el dirigente empresarial.<\/span><\/p>\n<\/div>\n","protected":false},"excerpt":{"rendered":"<p>M\u00e9rida, Yucat\u00e1n, 1 de julio de 2021.- Durante este a\u00f1o, el Gobierno del Estado destinar\u00e1 casi 2,000 millones de pesos para continuar con la reactivaci\u00f3n econ\u00f3mica y creaci\u00f3n de empleos en Yucat\u00e1n a trav\u00e9s de proyectos de obra p\u00fablica productiva, se inform\u00f3 durante la inauguraci\u00f3n del Foro Estatal de Infraestructura 2021 que encabez\u00f3 el Gobernador [&hellip;]<\/p>\n","protected":false},"author":2,"featured_media":85049,"comment_status":"closed","ping_status":"closed","sticky":false,"template":"","format":"standard","meta":{"footnotes":""},"categories":[3],"tags":[],"class_list":{"0":"post-85048","1":"post","2":"type-post","3":"status-publish","4":"format-standard","5":"has-post-thumbnail","7":"category-yucatan"},"yoast_head":"<!-- This site is optimized with the Yoast SEO plugin v27.5 - https:\/\/yoast.com\/product\/yoast-seo-wordpress\/ -->\n<title>Destinar\u00e1n este a\u00f1o casi 2,000 millones de pesos en proyectos de obra p\u00fablica productiva - Yucat\u00e1n en corto<\/title>\n<meta name=\"robots\" content=\"index, follow, max-snippet:-1, max-image-preview:large, max-video-preview:-1\" \/>\n<link rel=\"canonical\" href=\"https:\/\/www.yucatanencorto.com\/noticias\/destinaran-este-ano-casi-2000-millones-de-pesos-en-proyectos-de-obra-publica-productiva\/\" \/>\n<meta property=\"og:locale\" content=\"es_ES\" \/>\n<meta property=\"og:type\" content=\"article\" \/>\n<meta property=\"og:title\" content=\"Destinar\u00e1n este a\u00f1o casi 2,000 millones de pesos en proyectos de obra p\u00fablica productiva - Yucat\u00e1n en corto\" \/>\n<meta property=\"og:description\" content=\"M\u00e9rida, Yucat\u00e1n, 1 de julio de 2021.- Durante este a\u00f1o, el Gobierno del Estado destinar\u00e1 casi 2,000 millones de pesos para continuar con la reactivaci\u00f3n econ\u00f3mica y creaci\u00f3n de empleos en Yucat\u00e1n a trav\u00e9s de proyectos de obra p\u00fablica productiva, se inform\u00f3 durante la inauguraci\u00f3n del Foro Estatal de Infraestructura 2021 que encabez\u00f3 el Gobernador [&hellip;]\" \/>\n<meta property=\"og:url\" content=\"https:\/\/www.yucatanencorto.com\/noticias\/destinaran-este-ano-casi-2000-millones-de-pesos-en-proyectos-de-obra-publica-productiva\/\" \/>\n<meta property=\"og:site_name\" content=\"Yucat\u00e1n en corto\" \/>\n<meta property=\"article:publisher\" content=\"http:\/\/www.facebook.com\/yucatanencorto\" \/>\n<meta property=\"article:published_time\" content=\"2021-07-02T00:09:22+00:00\" \/>\n<meta property=\"og:image\" content=\"https:\/\/www.yucatanencorto.com\/noticias\/wp-content\/uploads\/2021\/07\/0B95B86B-B9D1-421A-A1EA-BD62CB333D55-scaled.jpeg\" \/>\n\t<meta property=\"og:image:width\" content=\"768\" \/>\n\t<meta property=\"og:image:height\" content=\"437\" \/>\n\t<meta property=\"og:image:type\" content=\"image\/jpeg\" \/>\n<meta name=\"author\" content=\"Yucat\u00e1n en Corto FC\" \/>\n<meta name=\"twitter:card\" content=\"summary_large_image\" \/>\n<meta name=\"twitter:creator\" content=\"@yucatanencorto\" \/>\n<meta name=\"twitter:site\" content=\"@yucatanencorto\" \/>\n<meta name=\"twitter:label1\" content=\"Escrito por\" \/>\n\t<meta name=\"twitter:data1\" content=\"Yucat\u00e1n en Corto FC\" \/>\n\t<meta name=\"twitter:label2\" content=\"Tiempo de lectura\" \/>\n\t<meta name=\"twitter:data2\" content=\"6 minutos\" \/>\n<script type=\"application\/ld+json\" class=\"yoast-schema-graph\">{\"@context\":\"https:\\\/\\\/schema.org\",\"@graph\":[{\"@type\":\"Article\",\"@id\":\"https:\\\/\\\/www.yucatanencorto.com\\\/noticias\\\/destinaran-este-ano-casi-2000-millones-de-pesos-en-proyectos-de-obra-publica-productiva\\\/#article\",\"isPartOf\":{\"@id\":\"https:\\\/\\\/www.yucatanencorto.com\\\/noticias\\\/destinaran-este-ano-casi-2000-millones-de-pesos-en-proyectos-de-obra-publica-productiva\\\/\"},\"author\":{\"name\":\"Yucat\u00e1n en Corto FC\",\"@id\":\"https:\\\/\\\/www.yucatanencorto.com\\\/noticias\\\/#\\\/schema\\\/person\\\/14f82d355225a1f4075dd84a31f45a72\"},\"headline\":\"Destinar\u00e1n este a\u00f1o casi 2,000 millones de pesos en proyectos de obra p\u00fablica productiva\",\"datePublished\":\"2021-07-02T00:09:22+00:00\",\"mainEntityOfPage\":{\"@id\":\"https:\\\/\\\/www.yucatanencorto.com\\\/noticias\\\/destinaran-este-ano-casi-2000-millones-de-pesos-en-proyectos-de-obra-publica-productiva\\\/\"},\"wordCount\":1419,\"image\":{\"@id\":\"https:\\\/\\\/www.yucatanencorto.com\\\/noticias\\\/destinaran-este-ano-casi-2000-millones-de-pesos-en-proyectos-de-obra-publica-productiva\\\/#primaryimage\"},\"thumbnailUrl\":\"https:\\\/\\\/www.yucatanencorto.com\\\/noticias\\\/wp-content\\\/uploads\\\/2021\\\/07\\\/0B95B86B-B9D1-421A-A1EA-BD62CB333D55-scaled.jpeg\",\"articleSection\":[\"Yucat\u00e1n\"],\"inLanguage\":\"es\"},{\"@type\":\"WebPage\",\"@id\":\"https:\\\/\\\/www.yucatanencorto.com\\\/noticias\\\/destinaran-este-ano-casi-2000-millones-de-pesos-en-proyectos-de-obra-publica-productiva\\\/\",\"url\":\"https:\\\/\\\/www.yucatanencorto.com\\\/noticias\\\/destinaran-este-ano-casi-2000-millones-de-pesos-en-proyectos-de-obra-publica-productiva\\\/\",\"name\":\"Destinar\u00e1n este a\u00f1o casi 2,000 millones de pesos en proyectos de obra p\u00fablica productiva - Yucat\u00e1n en corto\",\"isPartOf\":{\"@id\":\"https:\\\/\\\/www.yucatanencorto.com\\\/noticias\\\/#website\"},\"primaryImageOfPage\":{\"@id\":\"https:\\\/\\\/www.yucatanencorto.com\\\/noticias\\\/destinaran-este-ano-casi-2000-millones-de-pesos-en-proyectos-de-obra-publica-productiva\\\/#primaryimage\"},\"image\":{\"@id\":\"https:\\\/\\\/www.yucatanencorto.com\\\/noticias\\\/destinaran-este-ano-casi-2000-millones-de-pesos-en-proyectos-de-obra-publica-productiva\\\/#primaryimage\"},\"thumbnailUrl\":\"https:\\\/\\\/www.yucatanencorto.com\\\/noticias\\\/wp-content\\\/uploads\\\/2021\\\/07\\\/0B95B86B-B9D1-421A-A1EA-BD62CB333D55-scaled.jpeg\",\"datePublished\":\"2021-07-02T00:09:22+00:00\",\"author\":{\"@id\":\"https:\\\/\\\/www.yucatanencorto.com\\\/noticias\\\/#\\\/schema\\\/person\\\/14f82d355225a1f4075dd84a31f45a72\"},\"breadcrumb\":{\"@id\":\"https:\\\/\\\/www.yucatanencorto.com\\\/noticias\\\/destinaran-este-ano-casi-2000-millones-de-pesos-en-proyectos-de-obra-publica-productiva\\\/#breadcrumb\"},\"inLanguage\":\"es\",\"potentialAction\":[{\"@type\":\"ReadAction\",\"target\":[\"https:\\\/\\\/www.yucatanencorto.com\\\/noticias\\\/destinaran-este-ano-casi-2000-millones-de-pesos-en-proyectos-de-obra-publica-productiva\\\/\"]}]},{\"@type\":\"ImageObject\",\"inLanguage\":\"es\",\"@id\":\"https:\\\/\\\/www.yucatanencorto.com\\\/noticias\\\/destinaran-este-ano-casi-2000-millones-de-pesos-en-proyectos-de-obra-publica-productiva\\\/#primaryimage\",\"url\":\"https:\\\/\\\/www.yucatanencorto.com\\\/noticias\\\/wp-content\\\/uploads\\\/2021\\\/07\\\/0B95B86B-B9D1-421A-A1EA-BD62CB333D55-scaled.jpeg\",\"contentUrl\":\"https:\\\/\\\/www.yucatanencorto.com\\\/noticias\\\/wp-content\\\/uploads\\\/2021\\\/07\\\/0B95B86B-B9D1-421A-A1EA-BD62CB333D55-scaled.jpeg\",\"width\":768,\"height\":437},{\"@type\":\"BreadcrumbList\",\"@id\":\"https:\\\/\\\/www.yucatanencorto.com\\\/noticias\\\/destinaran-este-ano-casi-2000-millones-de-pesos-en-proyectos-de-obra-publica-productiva\\\/#breadcrumb\",\"itemListElement\":[{\"@type\":\"ListItem\",\"position\":1,\"name\":\"Portada\",\"item\":\"https:\\\/\\\/www.yucatanencorto.com\\\/noticias\\\/\"},{\"@type\":\"ListItem\",\"position\":2,\"name\":\"Destinar\u00e1n este a\u00f1o casi 2,000 millones de pesos en proyectos de obra p\u00fablica productiva\"}]},{\"@type\":\"WebSite\",\"@id\":\"https:\\\/\\\/www.yucatanencorto.com\\\/noticias\\\/#website\",\"url\":\"https:\\\/\\\/www.yucatanencorto.com\\\/noticias\\\/\",\"name\":\"Yucat\u00e1n en corto\",\"description\":\"Noticias\",\"potentialAction\":[{\"@type\":\"SearchAction\",\"target\":{\"@type\":\"EntryPoint\",\"urlTemplate\":\"https:\\\/\\\/www.yucatanencorto.com\\\/noticias\\\/?s={search_term_string}\"},\"query-input\":{\"@type\":\"PropertyValueSpecification\",\"valueRequired\":true,\"valueName\":\"search_term_string\"}}],\"inLanguage\":\"es\"},{\"@type\":\"Person\",\"@id\":\"https:\\\/\\\/www.yucatanencorto.com\\\/noticias\\\/#\\\/schema\\\/person\\\/14f82d355225a1f4075dd84a31f45a72\",\"name\":\"Yucat\u00e1n en Corto FC\",\"image\":{\"@type\":\"ImageObject\",\"inLanguage\":\"es\",\"@id\":\"https:\\\/\\\/secure.gravatar.com\\\/avatar\\\/147d4b30cd728c53c29c49a3f7834dedca33707f4cd259761355846009a88250?s=96&d=mm&r=g\",\"url\":\"https:\\\/\\\/secure.gravatar.com\\\/avatar\\\/147d4b30cd728c53c29c49a3f7834dedca33707f4cd259761355846009a88250?s=96&d=mm&r=g\",\"contentUrl\":\"https:\\\/\\\/secure.gravatar.com\\\/avatar\\\/147d4b30cd728c53c29c49a3f7834dedca33707f4cd259761355846009a88250?s=96&d=mm&r=g\",\"caption\":\"Yucat\u00e1n en Corto FC\"},\"url\":\"https:\\\/\\\/www.yucatanencorto.com\\\/noticias\\\/author\\\/flor\\\/\"}]}<\/script>\n<!-- \/ Yoast SEO plugin. -->","yoast_head_json":{"title":"Destinar\u00e1n este a\u00f1o casi 2,000 millones de pesos en proyectos de obra p\u00fablica productiva - Yucat\u00e1n en corto","robots":{"index":"index","follow":"follow","max-snippet":"max-snippet:-1","max-image-preview":"max-image-preview:large","max-video-preview":"max-video-preview:-1"},"canonical":"https:\/\/www.yucatanencorto.com\/noticias\/destinaran-este-ano-casi-2000-millones-de-pesos-en-proyectos-de-obra-publica-productiva\/","og_locale":"es_ES","og_type":"article","og_title":"Destinar\u00e1n este a\u00f1o casi 2,000 millones de pesos en proyectos de obra p\u00fablica productiva - Yucat\u00e1n en corto","og_description":"M\u00e9rida, Yucat\u00e1n, 1 de julio de 2021.- Durante este a\u00f1o, el Gobierno del Estado destinar\u00e1 casi 2,000 millones de pesos para continuar con la reactivaci\u00f3n econ\u00f3mica y creaci\u00f3n de empleos en Yucat\u00e1n a trav\u00e9s de proyectos de obra p\u00fablica productiva, se inform\u00f3 durante la inauguraci\u00f3n del Foro Estatal de Infraestructura 2021 que encabez\u00f3 el Gobernador [&hellip;]","og_url":"https:\/\/www.yucatanencorto.com\/noticias\/destinaran-este-ano-casi-2000-millones-de-pesos-en-proyectos-de-obra-publica-productiva\/","og_site_name":"Yucat\u00e1n en corto","article_publisher":"http:\/\/www.facebook.com\/yucatanencorto","article_published_time":"2021-07-02T00:09:22+00:00","og_image":[{"width":768,"height":437,"url":"https:\/\/www.yucatanencorto.com\/noticias\/wp-content\/uploads\/2021\/07\/0B95B86B-B9D1-421A-A1EA-BD62CB333D55-scaled.jpeg","type":"image\/jpeg"}],"author":"Yucat\u00e1n en Corto FC","twitter_card":"summary_large_image","twitter_creator":"@yucatanencorto","twitter_site":"@yucatanencorto","twitter_misc":{"Escrito por":"Yucat\u00e1n en Corto FC","Tiempo de lectura":"6 minutos"},"schema":{"@context":"https:\/\/schema.org","@graph":[{"@type":"Article","@id":"https:\/\/www.yucatanencorto.com\/noticias\/destinaran-este-ano-casi-2000-millones-de-pesos-en-proyectos-de-obra-publica-productiva\/#article","isPartOf":{"@id":"https:\/\/www.yucatanencorto.com\/noticias\/destinaran-este-ano-casi-2000-millones-de-pesos-en-proyectos-de-obra-publica-productiva\/"},"author":{"name":"Yucat\u00e1n en Corto FC","@id":"https:\/\/www.yucatanencorto.com\/noticias\/#\/schema\/person\/14f82d355225a1f4075dd84a31f45a72"},"headline":"Destinar\u00e1n este a\u00f1o casi 2,000 millones de pesos en proyectos de obra p\u00fablica productiva","datePublished":"2021-07-02T00:09:22+00:00","mainEntityOfPage":{"@id":"https:\/\/www.yucatanencorto.com\/noticias\/destinaran-este-ano-casi-2000-millones-de-pesos-en-proyectos-de-obra-publica-productiva\/"},"wordCount":1419,"image":{"@id":"https:\/\/www.yucatanencorto.com\/noticias\/destinaran-este-ano-casi-2000-millones-de-pesos-en-proyectos-de-obra-publica-productiva\/#primaryimage"},"thumbnailUrl":"https:\/\/www.yucatanencorto.com\/noticias\/wp-content\/uploads\/2021\/07\/0B95B86B-B9D1-421A-A1EA-BD62CB333D55-scaled.jpeg","articleSection":["Yucat\u00e1n"],"inLanguage":"es"},{"@type":"WebPage","@id":"https:\/\/www.yucatanencorto.com\/noticias\/destinaran-este-ano-casi-2000-millones-de-pesos-en-proyectos-de-obra-publica-productiva\/","url":"https:\/\/www.yucatanencorto.com\/noticias\/destinaran-este-ano-casi-2000-millones-de-pesos-en-proyectos-de-obra-publica-productiva\/","name":"Destinar\u00e1n este a\u00f1o casi 2,000 millones de pesos en proyectos de obra p\u00fablica productiva - Yucat\u00e1n en corto","isPartOf":{"@id":"https:\/\/www.yucatanencorto.com\/noticias\/#website"},"primaryImageOfPage":{"@id":"https:\/\/www.yucatanencorto.com\/noticias\/destinaran-este-ano-casi-2000-millones-de-pesos-en-proyectos-de-obra-publica-productiva\/#primaryimage"},"image":{"@id":"https:\/\/www.yucatanencorto.com\/noticias\/destinaran-este-ano-casi-2000-millones-de-pesos-en-proyectos-de-obra-publica-productiva\/#primaryimage"},"thumbnailUrl":"https:\/\/www.yucatanencorto.com\/noticias\/wp-content\/uploads\/2021\/07\/0B95B86B-B9D1-421A-A1EA-BD62CB333D55-scaled.jpeg","datePublished":"2021-07-02T00:09:22+00:00","author":{"@id":"https:\/\/www.yucatanencorto.com\/noticias\/#\/schema\/person\/14f82d355225a1f4075dd84a31f45a72"},"breadcrumb":{"@id":"https:\/\/www.yucatanencorto.com\/noticias\/destinaran-este-ano-casi-2000-millones-de-pesos-en-proyectos-de-obra-publica-productiva\/#breadcrumb"},"inLanguage":"es","potentialAction":[{"@type":"ReadAction","target":["https:\/\/www.yucatanencorto.com\/noticias\/destinaran-este-ano-casi-2000-millones-de-pesos-en-proyectos-de-obra-publica-productiva\/"]}]},{"@type":"ImageObject","inLanguage":"es","@id":"https:\/\/www.yucatanencorto.com\/noticias\/destinaran-este-ano-casi-2000-millones-de-pesos-en-proyectos-de-obra-publica-productiva\/#primaryimage","url":"https:\/\/www.yucatanencorto.com\/noticias\/wp-content\/uploads\/2021\/07\/0B95B86B-B9D1-421A-A1EA-BD62CB333D55-scaled.jpeg","contentUrl":"https:\/\/www.yucatanencorto.com\/noticias\/wp-content\/uploads\/2021\/07\/0B95B86B-B9D1-421A-A1EA-BD62CB333D55-scaled.jpeg","width":768,"height":437},{"@type":"BreadcrumbList","@id":"https:\/\/www.yucatanencorto.com\/noticias\/destinaran-este-ano-casi-2000-millones-de-pesos-en-proyectos-de-obra-publica-productiva\/#breadcrumb","itemListElement":[{"@type":"ListItem","position":1,"name":"Portada","item":"https:\/\/www.yucatanencorto.com\/noticias\/"},{"@type":"ListItem","position":2,"name":"Destinar\u00e1n este a\u00f1o casi 2,000 millones de pesos en proyectos de obra p\u00fablica productiva"}]},{"@type":"WebSite","@id":"https:\/\/www.yucatanencorto.com\/noticias\/#website","url":"https:\/\/www.yucatanencorto.com\/noticias\/","name":"Yucat\u00e1n en corto","description":"Noticias","potentialAction":[{"@type":"SearchAction","target":{"@type":"EntryPoint","urlTemplate":"https:\/\/www.yucatanencorto.com\/noticias\/?s={search_term_string}"},"query-input":{"@type":"PropertyValueSpecification","valueRequired":true,"valueName":"search_term_string"}}],"inLanguage":"es"},{"@type":"Person","@id":"https:\/\/www.yucatanencorto.com\/noticias\/#\/schema\/person\/14f82d355225a1f4075dd84a31f45a72","name":"Yucat\u00e1n en Corto FC","image":{"@type":"ImageObject","inLanguage":"es","@id":"https:\/\/secure.gravatar.com\/avatar\/147d4b30cd728c53c29c49a3f7834dedca33707f4cd259761355846009a88250?s=96&d=mm&r=g","url":"https:\/\/secure.gravatar.com\/avatar\/147d4b30cd728c53c29c49a3f7834dedca33707f4cd259761355846009a88250?s=96&d=mm&r=g","contentUrl":"https:\/\/secure.gravatar.com\/avatar\/147d4b30cd728c53c29c49a3f7834dedca33707f4cd259761355846009a88250?s=96&d=mm&r=g","caption":"Yucat\u00e1n en Corto FC"},"url":"https:\/\/www.yucatanencorto.com\/noticias\/author\/flor\/"}]}},"_links":{"self":[{"href":"https:\/\/www.yucatanencorto.com\/noticias\/wp-json\/wp\/v2\/posts\/85048","targetHints":{"allow":["GET"]}}],"collection":[{"href":"https:\/\/www.yucatanencorto.com\/noticias\/wp-json\/wp\/v2\/posts"}],"about":[{"href":"https:\/\/www.yucatanencorto.com\/noticias\/wp-json\/wp\/v2\/types\/post"}],"author":[{"embeddable":true,"href":"https:\/\/www.yucatanencorto.com\/noticias\/wp-json\/wp\/v2\/users\/2"}],"replies":[{"embeddable":true,"href":"https:\/\/www.yucatanencorto.com\/noticias\/wp-json\/wp\/v2\/comments?post=85048"}],"version-history":[{"count":0,"href":"https:\/\/www.yucatanencorto.com\/noticias\/wp-json\/wp\/v2\/posts\/85048\/revisions"}],"wp:featuredmedia":[{"embeddable":true,"href":"https:\/\/www.yucatanencorto.com\/noticias\/wp-json\/wp\/v2\/media\/85049"}],"wp:attachment":[{"href":"https:\/\/www.yucatanencorto.com\/noticias\/wp-json\/wp\/v2\/media?parent=85048"}],"wp:term":[{"taxonomy":"category","embeddable":true,"href":"https:\/\/www.yucatanencorto.com\/noticias\/wp-json\/wp\/v2\/categories?post=85048"},{"taxonomy":"post_tag","embeddable":true,"href":"https:\/\/www.yucatanencorto.com\/noticias\/wp-json\/wp\/v2\/tags?post=85048"}],"curies":[{"name":"wp","href":"https:\/\/api.w.org\/{rel}","templated":true}]}}