{"id":85058,"date":"2021-07-03T13:59:57","date_gmt":"2021-07-03T18:59:57","guid":{"rendered":"https:\/\/www.yucatanencorto.com\/noticias\/?p=85058"},"modified":"2021-07-03T13:59:57","modified_gmt":"2021-07-03T18:59:57","slug":"curso-de-lengua-de-senas-pintura-atletismo-nutricion-y-mas-en-los-cursos-de-verano-gratuitos-del-ayuntamiento-de-merida","status":"publish","type":"post","link":"https:\/\/www.yucatanencorto.com\/noticias\/curso-de-lengua-de-senas-pintura-atletismo-nutricion-y-mas-en-los-cursos-de-verano-gratuitos-del-ayuntamiento-de-merida\/","title":{"rendered":"Curso de Lengua de Se\u00f1as, pintura, atletismo, nutrici\u00f3n y m\u00e1s; en los Cursos de Verano GRATUITOS del Ayuntamiento de M\u00e9rida"},"content":{"rendered":"<p>&nbsp;<\/p>\n<p><img loading=\"lazy\" decoding=\"async\" class=\"alignnone size-full wp-image-85059\" src=\"https:\/\/www.yucatanencorto.com\/noticias\/wp-content\/uploads\/2021\/07\/1AD1A747-7D3F-43F4-8BE8-4B8AF92F56F2-scaled.jpeg\" alt=\"\" width=\"768\" height=\"480\" srcset=\"https:\/\/www.yucatanencorto.com\/noticias\/wp-content\/uploads\/2021\/07\/1AD1A747-7D3F-43F4-8BE8-4B8AF92F56F2-scaled.jpeg 768w, https:\/\/www.yucatanencorto.com\/noticias\/wp-content\/uploads\/2021\/07\/1AD1A747-7D3F-43F4-8BE8-4B8AF92F56F2-696x435.jpeg 696w, https:\/\/www.yucatanencorto.com\/noticias\/wp-content\/uploads\/2021\/07\/1AD1A747-7D3F-43F4-8BE8-4B8AF92F56F2-1068x668.jpeg 1068w, https:\/\/www.yucatanencorto.com\/noticias\/wp-content\/uploads\/2021\/07\/1AD1A747-7D3F-43F4-8BE8-4B8AF92F56F2-672x420.jpeg 672w\" sizes=\"auto, (max-width: 768px) 100vw, 768px\" \/>M\u00e9rida, 3 de julio de 2021. El Ayuntamiento de M\u00e9rida, a trav\u00e9s de la Direcci\u00f3n de Bienestar Social y el DIF Municipal, ofrecer\u00e1 por segundo a\u00f1o consecutivo los Cursos de Verano Virtual 2021, para acercar a los hogares de las familias momentos de sano esparcimiento sin tener que salir de casa, anunci\u00f3 el alcalde Alejandro Ruz Castro.<\/p>\n<p>\u201cLa pandemia por COVID-19 a\u00fan contin\u00faa latente en el Municipio, pero a pesar de ello no podemos dejar de lado la importancia de la salud f\u00edsica y mental de nuestras ni\u00f1as, ni\u00f1os, adolescentes y adultos mayores, por ese motivo ofreceremos una vez m\u00e1s las actividades en l\u00ednea de diferentes disciplinas\u201d, afirm\u00f3.<br \/>\nCon un amplio abanico de actividades, que se realizar\u00e1n a trav\u00e9s de diversas plataformas virtuales, el Ayuntamiento ofrecer\u00e1 opciones para hacer de este per\u00edodo un verano divertido, abund\u00f3.<br \/>\nEl Concejal explic\u00f3 que las distintas \u00e1reas del municipio han elaborado programas para ofrecer a los infantes y adultos mayores unas vacaciones divertidas que favorezcan su desarrollo f\u00edsico y mental, adem\u00e1s de acercarlos a la cultura y medioambiente a trav\u00e9s de actividades f\u00edsicas, deportivas, educativas, manualidades y de salud orientadas a la convivencia familiar.<br \/>\nE DIF Municipal ofrecer\u00e1 un amplio abanico de actividades para todas las edades.<br \/>\nContinuando con los trabajos de inclusi\u00f3n se realizar\u00e1 Curso de Lengua de Se\u00f1as Mexicana Nivel I dirigido a ni\u00f1as, ni\u00f1os y adolescentes, de 9 a 15 a\u00f1os, a trav\u00e9s de la plataforma zoom los d\u00edas 12 y 13 de julio.<br \/>\nEl departamento de Nutrici\u00f3n realizar\u00e1 \u201cJ\u00f3venes Saludables\u201d, con el fin de fomentar en las y los adolescentes estilos de vida saludables a trav\u00e9s de talleres, orientaciones y din\u00e1micas v\u00eda plataforma zoom. Esta actividad iniciar\u00e1 el 12 de julio con dos semanas de actividades los lunes, mi\u00e9rcoles y viernes, con sesiones de 2 horas por d\u00eda.<br \/>\nDel 19 de julio al 6 de agosto, el departamento de Psicolog\u00eda llevar\u00e1 a cabo \u201cKo\u00b4ox B\u00e1axal\u201d (Vamos a jugar) con los temas de estimulaci\u00f3n del proceso socioafectivo, convivencia pac\u00edfica, la equidad y autonom\u00eda, encontrando el uso del juguete, el juego y la recreaci\u00f3n en el desarrollo de sus competencias f\u00edsicas, sociales, psicol\u00f3gicas y afectivas orientadas a la protecci\u00f3n de sus derechos. Dichas actividades se realizar\u00e1n a trav\u00e9s del Google Meet.<br \/>\nCon \u201cPienso en Verde\u201d se promover\u00e1n actitudes favorables hacia el medioambiente en las ni\u00f1as, ni\u00f1os y adolescentes. El taller se realizar\u00e1 del 2 al 6 de agosto en la plataforma zoom.<br \/>\nY para los adultos mayores del 6 al 9 de julio, tambi\u00e9n a trav\u00e9s de zoom, se realizar\u00e1 \u201cActiva tus Sentidos\u201d con actividades recreativas que les ayudar\u00e1 a mantenerse positivos, generando vitalidad y evitando sentimientos de depresi\u00f3n o aislamiento.<br \/>\nEn el caso de Bienestar Social realizar\u00e1n tambi\u00e9n m\u00e1s de 10 actividades diferentes, como m\u00f3dulo veterinario, activaci\u00f3n f\u00edsica, nutrici\u00f3n, recreaci\u00f3n, pintura, f\u00fatbol, atletismo, show infantil, entre otros, en el que intervendr\u00e1n 50 personas, entre maestros e instructores.<br \/>\nSer\u00e1n 10 d\u00edas de transmisi\u00f3n en vivo por las redes Deportes M\u00e9rida Oficial, M\u00e9rida Saludable, M\u00e9rida Educaci\u00f3n y M\u00e9rida Joven con m\u00e1s de 200 minutos de contenido infantil.<br \/>\nEstos cursos se llevar\u00e1n a cabo del 3 al 13 de agosto y se transmitir\u00e1n de 10:30 a 12 horas.<br \/>\nLas inscripciones son gratuitas y se podr\u00e1n enlistar del 15 al 30 de julio en merida.gob.mx\/cursosdeverano.<\/p>\n","protected":false},"excerpt":{"rendered":"<p>&nbsp; M\u00e9rida, 3 de julio de 2021. El Ayuntamiento de M\u00e9rida, a trav\u00e9s de la Direcci\u00f3n de Bienestar Social y el DIF Municipal, ofrecer\u00e1 por segundo a\u00f1o consecutivo los Cursos de Verano Virtual 2021, para acercar a los hogares de las familias momentos de sano esparcimiento sin tener que salir de casa, anunci\u00f3 el alcalde [&hellip;]<\/p>\n","protected":false},"author":2,"featured_media":85059,"comment_status":"closed","ping_status":"closed","sticky":false,"template":"","format":"standard","meta":{"footnotes":""},"categories":[2],"tags":[],"class_list":{"0":"post-85058","1":"post","2":"type-post","3":"status-publish","4":"format-standard","5":"has-post-thumbnail","7":"category-merida"},"yoast_head":"<!-- This site is optimized with the Yoast SEO plugin v27.5 - https:\/\/yoast.com\/product\/yoast-seo-wordpress\/ -->\n<title>Curso de Lengua de Se\u00f1as, pintura, atletismo, nutrici\u00f3n y m\u00e1s; en los Cursos de Verano GRATUITOS del Ayuntamiento de M\u00e9rida - Yucat\u00e1n en corto<\/title>\n<meta name=\"robots\" content=\"index, follow, max-snippet:-1, max-image-preview:large, max-video-preview:-1\" \/>\n<link rel=\"canonical\" href=\"https:\/\/www.yucatanencorto.com\/noticias\/curso-de-lengua-de-senas-pintura-atletismo-nutricion-y-mas-en-los-cursos-de-verano-gratuitos-del-ayuntamiento-de-merida\/\" \/>\n<meta property=\"og:locale\" content=\"es_ES\" \/>\n<meta property=\"og:type\" content=\"article\" \/>\n<meta property=\"og:title\" content=\"Curso de Lengua de Se\u00f1as, pintura, atletismo, nutrici\u00f3n y m\u00e1s; en los Cursos de Verano GRATUITOS del Ayuntamiento de M\u00e9rida - Yucat\u00e1n en corto\" \/>\n<meta property=\"og:description\" content=\"&nbsp; M\u00e9rida, 3 de julio de 2021. El Ayuntamiento de M\u00e9rida, a trav\u00e9s de la Direcci\u00f3n de Bienestar Social y el DIF Municipal, ofrecer\u00e1 por segundo a\u00f1o consecutivo los Cursos de Verano Virtual 2021, para acercar a los hogares de las familias momentos de sano esparcimiento sin tener que salir de casa, anunci\u00f3 el alcalde [&hellip;]\" \/>\n<meta property=\"og:url\" content=\"https:\/\/www.yucatanencorto.com\/noticias\/curso-de-lengua-de-senas-pintura-atletismo-nutricion-y-mas-en-los-cursos-de-verano-gratuitos-del-ayuntamiento-de-merida\/\" \/>\n<meta property=\"og:site_name\" content=\"Yucat\u00e1n en corto\" \/>\n<meta property=\"article:publisher\" content=\"http:\/\/www.facebook.com\/yucatanencorto\" \/>\n<meta property=\"article:published_time\" content=\"2021-07-03T18:59:57+00:00\" \/>\n<meta property=\"og:image\" content=\"https:\/\/www.yucatanencorto.com\/noticias\/wp-content\/uploads\/2021\/07\/1AD1A747-7D3F-43F4-8BE8-4B8AF92F56F2-scaled.jpeg\" \/>\n\t<meta property=\"og:image:width\" content=\"768\" \/>\n\t<meta property=\"og:image:height\" content=\"480\" \/>\n\t<meta property=\"og:image:type\" content=\"image\/jpeg\" \/>\n<meta name=\"author\" content=\"Yucat\u00e1n en Corto FC\" \/>\n<meta name=\"twitter:card\" content=\"summary_large_image\" \/>\n<meta name=\"twitter:creator\" content=\"@yucatanencorto\" \/>\n<meta name=\"twitter:site\" content=\"@yucatanencorto\" \/>\n<meta name=\"twitter:label1\" content=\"Escrito por\" \/>\n\t<meta name=\"twitter:data1\" content=\"Yucat\u00e1n en Corto FC\" \/>\n\t<meta name=\"twitter:label2\" content=\"Tiempo de lectura\" \/>\n\t<meta name=\"twitter:data2\" content=\"3 minutos\" \/>\n<script type=\"application\/ld+json\" class=\"yoast-schema-graph\">{\"@context\":\"https:\\\/\\\/schema.org\",\"@graph\":[{\"@type\":\"Article\",\"@id\":\"https:\\\/\\\/www.yucatanencorto.com\\\/noticias\\\/curso-de-lengua-de-senas-pintura-atletismo-nutricion-y-mas-en-los-cursos-de-verano-gratuitos-del-ayuntamiento-de-merida\\\/#article\",\"isPartOf\":{\"@id\":\"https:\\\/\\\/www.yucatanencorto.com\\\/noticias\\\/curso-de-lengua-de-senas-pintura-atletismo-nutricion-y-mas-en-los-cursos-de-verano-gratuitos-del-ayuntamiento-de-merida\\\/\"},\"author\":{\"name\":\"Yucat\u00e1n en Corto FC\",\"@id\":\"https:\\\/\\\/www.yucatanencorto.com\\\/noticias\\\/#\\\/schema\\\/person\\\/14f82d355225a1f4075dd84a31f45a72\"},\"headline\":\"Curso de Lengua de Se\u00f1as, pintura, atletismo, nutrici\u00f3n y m\u00e1s; en los Cursos de Verano GRATUITOS del Ayuntamiento de M\u00e9rida\",\"datePublished\":\"2021-07-03T18:59:57+00:00\",\"mainEntityOfPage\":{\"@id\":\"https:\\\/\\\/www.yucatanencorto.com\\\/noticias\\\/curso-de-lengua-de-senas-pintura-atletismo-nutricion-y-mas-en-los-cursos-de-verano-gratuitos-del-ayuntamiento-de-merida\\\/\"},\"wordCount\":616,\"image\":{\"@id\":\"https:\\\/\\\/www.yucatanencorto.com\\\/noticias\\\/curso-de-lengua-de-senas-pintura-atletismo-nutricion-y-mas-en-los-cursos-de-verano-gratuitos-del-ayuntamiento-de-merida\\\/#primaryimage\"},\"thumbnailUrl\":\"https:\\\/\\\/www.yucatanencorto.com\\\/noticias\\\/wp-content\\\/uploads\\\/2021\\\/07\\\/1AD1A747-7D3F-43F4-8BE8-4B8AF92F56F2-scaled.jpeg\",\"articleSection\":[\"M\u00e9rida\"],\"inLanguage\":\"es\"},{\"@type\":\"WebPage\",\"@id\":\"https:\\\/\\\/www.yucatanencorto.com\\\/noticias\\\/curso-de-lengua-de-senas-pintura-atletismo-nutricion-y-mas-en-los-cursos-de-verano-gratuitos-del-ayuntamiento-de-merida\\\/\",\"url\":\"https:\\\/\\\/www.yucatanencorto.com\\\/noticias\\\/curso-de-lengua-de-senas-pintura-atletismo-nutricion-y-mas-en-los-cursos-de-verano-gratuitos-del-ayuntamiento-de-merida\\\/\",\"name\":\"Curso de Lengua de Se\u00f1as, pintura, atletismo, nutrici\u00f3n y m\u00e1s; en los Cursos de Verano GRATUITOS del Ayuntamiento de M\u00e9rida - Yucat\u00e1n en corto\",\"isPartOf\":{\"@id\":\"https:\\\/\\\/www.yucatanencorto.com\\\/noticias\\\/#website\"},\"primaryImageOfPage\":{\"@id\":\"https:\\\/\\\/www.yucatanencorto.com\\\/noticias\\\/curso-de-lengua-de-senas-pintura-atletismo-nutricion-y-mas-en-los-cursos-de-verano-gratuitos-del-ayuntamiento-de-merida\\\/#primaryimage\"},\"image\":{\"@id\":\"https:\\\/\\\/www.yucatanencorto.com\\\/noticias\\\/curso-de-lengua-de-senas-pintura-atletismo-nutricion-y-mas-en-los-cursos-de-verano-gratuitos-del-ayuntamiento-de-merida\\\/#primaryimage\"},\"thumbnailUrl\":\"https:\\\/\\\/www.yucatanencorto.com\\\/noticias\\\/wp-content\\\/uploads\\\/2021\\\/07\\\/1AD1A747-7D3F-43F4-8BE8-4B8AF92F56F2-scaled.jpeg\",\"datePublished\":\"2021-07-03T18:59:57+00:00\",\"author\":{\"@id\":\"https:\\\/\\\/www.yucatanencorto.com\\\/noticias\\\/#\\\/schema\\\/person\\\/14f82d355225a1f4075dd84a31f45a72\"},\"breadcrumb\":{\"@id\":\"https:\\\/\\\/www.yucatanencorto.com\\\/noticias\\\/curso-de-lengua-de-senas-pintura-atletismo-nutricion-y-mas-en-los-cursos-de-verano-gratuitos-del-ayuntamiento-de-merida\\\/#breadcrumb\"},\"inLanguage\":\"es\",\"potentialAction\":[{\"@type\":\"ReadAction\",\"target\":[\"https:\\\/\\\/www.yucatanencorto.com\\\/noticias\\\/curso-de-lengua-de-senas-pintura-atletismo-nutricion-y-mas-en-los-cursos-de-verano-gratuitos-del-ayuntamiento-de-merida\\\/\"]}]},{\"@type\":\"ImageObject\",\"inLanguage\":\"es\",\"@id\":\"https:\\\/\\\/www.yucatanencorto.com\\\/noticias\\\/curso-de-lengua-de-senas-pintura-atletismo-nutricion-y-mas-en-los-cursos-de-verano-gratuitos-del-ayuntamiento-de-merida\\\/#primaryimage\",\"url\":\"https:\\\/\\\/www.yucatanencorto.com\\\/noticias\\\/wp-content\\\/uploads\\\/2021\\\/07\\\/1AD1A747-7D3F-43F4-8BE8-4B8AF92F56F2-scaled.jpeg\",\"contentUrl\":\"https:\\\/\\\/www.yucatanencorto.com\\\/noticias\\\/wp-content\\\/uploads\\\/2021\\\/07\\\/1AD1A747-7D3F-43F4-8BE8-4B8AF92F56F2-scaled.jpeg\",\"width\":768,\"height\":480},{\"@type\":\"BreadcrumbList\",\"@id\":\"https:\\\/\\\/www.yucatanencorto.com\\\/noticias\\\/curso-de-lengua-de-senas-pintura-atletismo-nutricion-y-mas-en-los-cursos-de-verano-gratuitos-del-ayuntamiento-de-merida\\\/#breadcrumb\",\"itemListElement\":[{\"@type\":\"ListItem\",\"position\":1,\"name\":\"Portada\",\"item\":\"https:\\\/\\\/www.yucatanencorto.com\\\/noticias\\\/\"},{\"@type\":\"ListItem\",\"position\":2,\"name\":\"Curso de Lengua de Se\u00f1as, pintura, atletismo, nutrici\u00f3n y m\u00e1s; en los Cursos de Verano GRATUITOS del Ayuntamiento de M\u00e9rida\"}]},{\"@type\":\"WebSite\",\"@id\":\"https:\\\/\\\/www.yucatanencorto.com\\\/noticias\\\/#website\",\"url\":\"https:\\\/\\\/www.yucatanencorto.com\\\/noticias\\\/\",\"name\":\"Yucat\u00e1n en corto\",\"description\":\"Noticias\",\"potentialAction\":[{\"@type\":\"SearchAction\",\"target\":{\"@type\":\"EntryPoint\",\"urlTemplate\":\"https:\\\/\\\/www.yucatanencorto.com\\\/noticias\\\/?s={search_term_string}\"},\"query-input\":{\"@type\":\"PropertyValueSpecification\",\"valueRequired\":true,\"valueName\":\"search_term_string\"}}],\"inLanguage\":\"es\"},{\"@type\":\"Person\",\"@id\":\"https:\\\/\\\/www.yucatanencorto.com\\\/noticias\\\/#\\\/schema\\\/person\\\/14f82d355225a1f4075dd84a31f45a72\",\"name\":\"Yucat\u00e1n en Corto FC\",\"image\":{\"@type\":\"ImageObject\",\"inLanguage\":\"es\",\"@id\":\"https:\\\/\\\/secure.gravatar.com\\\/avatar\\\/147d4b30cd728c53c29c49a3f7834dedca33707f4cd259761355846009a88250?s=96&d=mm&r=g\",\"url\":\"https:\\\/\\\/secure.gravatar.com\\\/avatar\\\/147d4b30cd728c53c29c49a3f7834dedca33707f4cd259761355846009a88250?s=96&d=mm&r=g\",\"contentUrl\":\"https:\\\/\\\/secure.gravatar.com\\\/avatar\\\/147d4b30cd728c53c29c49a3f7834dedca33707f4cd259761355846009a88250?s=96&d=mm&r=g\",\"caption\":\"Yucat\u00e1n en Corto FC\"},\"url\":\"https:\\\/\\\/www.yucatanencorto.com\\\/noticias\\\/author\\\/flor\\\/\"}]}<\/script>\n<!-- \/ Yoast SEO plugin. -->","yoast_head_json":{"title":"Curso de Lengua de Se\u00f1as, pintura, atletismo, nutrici\u00f3n y m\u00e1s; en los Cursos de Verano GRATUITOS del Ayuntamiento de M\u00e9rida - Yucat\u00e1n en corto","robots":{"index":"index","follow":"follow","max-snippet":"max-snippet:-1","max-image-preview":"max-image-preview:large","max-video-preview":"max-video-preview:-1"},"canonical":"https:\/\/www.yucatanencorto.com\/noticias\/curso-de-lengua-de-senas-pintura-atletismo-nutricion-y-mas-en-los-cursos-de-verano-gratuitos-del-ayuntamiento-de-merida\/","og_locale":"es_ES","og_type":"article","og_title":"Curso de Lengua de Se\u00f1as, pintura, atletismo, nutrici\u00f3n y m\u00e1s; en los Cursos de Verano GRATUITOS del Ayuntamiento de M\u00e9rida - Yucat\u00e1n en corto","og_description":"&nbsp; M\u00e9rida, 3 de julio de 2021. El Ayuntamiento de M\u00e9rida, a trav\u00e9s de la Direcci\u00f3n de Bienestar Social y el DIF Municipal, ofrecer\u00e1 por segundo a\u00f1o consecutivo los Cursos de Verano Virtual 2021, para acercar a los hogares de las familias momentos de sano esparcimiento sin tener que salir de casa, anunci\u00f3 el alcalde [&hellip;]","og_url":"https:\/\/www.yucatanencorto.com\/noticias\/curso-de-lengua-de-senas-pintura-atletismo-nutricion-y-mas-en-los-cursos-de-verano-gratuitos-del-ayuntamiento-de-merida\/","og_site_name":"Yucat\u00e1n en corto","article_publisher":"http:\/\/www.facebook.com\/yucatanencorto","article_published_time":"2021-07-03T18:59:57+00:00","og_image":[{"width":768,"height":480,"url":"https:\/\/www.yucatanencorto.com\/noticias\/wp-content\/uploads\/2021\/07\/1AD1A747-7D3F-43F4-8BE8-4B8AF92F56F2-scaled.jpeg","type":"image\/jpeg"}],"author":"Yucat\u00e1n en Corto FC","twitter_card":"summary_large_image","twitter_creator":"@yucatanencorto","twitter_site":"@yucatanencorto","twitter_misc":{"Escrito por":"Yucat\u00e1n en Corto FC","Tiempo de lectura":"3 minutos"},"schema":{"@context":"https:\/\/schema.org","@graph":[{"@type":"Article","@id":"https:\/\/www.yucatanencorto.com\/noticias\/curso-de-lengua-de-senas-pintura-atletismo-nutricion-y-mas-en-los-cursos-de-verano-gratuitos-del-ayuntamiento-de-merida\/#article","isPartOf":{"@id":"https:\/\/www.yucatanencorto.com\/noticias\/curso-de-lengua-de-senas-pintura-atletismo-nutricion-y-mas-en-los-cursos-de-verano-gratuitos-del-ayuntamiento-de-merida\/"},"author":{"name":"Yucat\u00e1n en Corto FC","@id":"https:\/\/www.yucatanencorto.com\/noticias\/#\/schema\/person\/14f82d355225a1f4075dd84a31f45a72"},"headline":"Curso de Lengua de Se\u00f1as, pintura, atletismo, nutrici\u00f3n y m\u00e1s; en los Cursos de Verano GRATUITOS del Ayuntamiento de M\u00e9rida","datePublished":"2021-07-03T18:59:57+00:00","mainEntityOfPage":{"@id":"https:\/\/www.yucatanencorto.com\/noticias\/curso-de-lengua-de-senas-pintura-atletismo-nutricion-y-mas-en-los-cursos-de-verano-gratuitos-del-ayuntamiento-de-merida\/"},"wordCount":616,"image":{"@id":"https:\/\/www.yucatanencorto.com\/noticias\/curso-de-lengua-de-senas-pintura-atletismo-nutricion-y-mas-en-los-cursos-de-verano-gratuitos-del-ayuntamiento-de-merida\/#primaryimage"},"thumbnailUrl":"https:\/\/www.yucatanencorto.com\/noticias\/wp-content\/uploads\/2021\/07\/1AD1A747-7D3F-43F4-8BE8-4B8AF92F56F2-scaled.jpeg","articleSection":["M\u00e9rida"],"inLanguage":"es"},{"@type":"WebPage","@id":"https:\/\/www.yucatanencorto.com\/noticias\/curso-de-lengua-de-senas-pintura-atletismo-nutricion-y-mas-en-los-cursos-de-verano-gratuitos-del-ayuntamiento-de-merida\/","url":"https:\/\/www.yucatanencorto.com\/noticias\/curso-de-lengua-de-senas-pintura-atletismo-nutricion-y-mas-en-los-cursos-de-verano-gratuitos-del-ayuntamiento-de-merida\/","name":"Curso de Lengua de Se\u00f1as, pintura, atletismo, nutrici\u00f3n y m\u00e1s; en los Cursos de Verano GRATUITOS del Ayuntamiento de M\u00e9rida - Yucat\u00e1n en corto","isPartOf":{"@id":"https:\/\/www.yucatanencorto.com\/noticias\/#website"},"primaryImageOfPage":{"@id":"https:\/\/www.yucatanencorto.com\/noticias\/curso-de-lengua-de-senas-pintura-atletismo-nutricion-y-mas-en-los-cursos-de-verano-gratuitos-del-ayuntamiento-de-merida\/#primaryimage"},"image":{"@id":"https:\/\/www.yucatanencorto.com\/noticias\/curso-de-lengua-de-senas-pintura-atletismo-nutricion-y-mas-en-los-cursos-de-verano-gratuitos-del-ayuntamiento-de-merida\/#primaryimage"},"thumbnailUrl":"https:\/\/www.yucatanencorto.com\/noticias\/wp-content\/uploads\/2021\/07\/1AD1A747-7D3F-43F4-8BE8-4B8AF92F56F2-scaled.jpeg","datePublished":"2021-07-03T18:59:57+00:00","author":{"@id":"https:\/\/www.yucatanencorto.com\/noticias\/#\/schema\/person\/14f82d355225a1f4075dd84a31f45a72"},"breadcrumb":{"@id":"https:\/\/www.yucatanencorto.com\/noticias\/curso-de-lengua-de-senas-pintura-atletismo-nutricion-y-mas-en-los-cursos-de-verano-gratuitos-del-ayuntamiento-de-merida\/#breadcrumb"},"inLanguage":"es","potentialAction":[{"@type":"ReadAction","target":["https:\/\/www.yucatanencorto.com\/noticias\/curso-de-lengua-de-senas-pintura-atletismo-nutricion-y-mas-en-los-cursos-de-verano-gratuitos-del-ayuntamiento-de-merida\/"]}]},{"@type":"ImageObject","inLanguage":"es","@id":"https:\/\/www.yucatanencorto.com\/noticias\/curso-de-lengua-de-senas-pintura-atletismo-nutricion-y-mas-en-los-cursos-de-verano-gratuitos-del-ayuntamiento-de-merida\/#primaryimage","url":"https:\/\/www.yucatanencorto.com\/noticias\/wp-content\/uploads\/2021\/07\/1AD1A747-7D3F-43F4-8BE8-4B8AF92F56F2-scaled.jpeg","contentUrl":"https:\/\/www.yucatanencorto.com\/noticias\/wp-content\/uploads\/2021\/07\/1AD1A747-7D3F-43F4-8BE8-4B8AF92F56F2-scaled.jpeg","width":768,"height":480},{"@type":"BreadcrumbList","@id":"https:\/\/www.yucatanencorto.com\/noticias\/curso-de-lengua-de-senas-pintura-atletismo-nutricion-y-mas-en-los-cursos-de-verano-gratuitos-del-ayuntamiento-de-merida\/#breadcrumb","itemListElement":[{"@type":"ListItem","position":1,"name":"Portada","item":"https:\/\/www.yucatanencorto.com\/noticias\/"},{"@type":"ListItem","position":2,"name":"Curso de Lengua de Se\u00f1as, pintura, atletismo, nutrici\u00f3n y m\u00e1s; en los Cursos de Verano GRATUITOS del Ayuntamiento de M\u00e9rida"}]},{"@type":"WebSite","@id":"https:\/\/www.yucatanencorto.com\/noticias\/#website","url":"https:\/\/www.yucatanencorto.com\/noticias\/","name":"Yucat\u00e1n en corto","description":"Noticias","potentialAction":[{"@type":"SearchAction","target":{"@type":"EntryPoint","urlTemplate":"https:\/\/www.yucatanencorto.com\/noticias\/?s={search_term_string}"},"query-input":{"@type":"PropertyValueSpecification","valueRequired":true,"valueName":"search_term_string"}}],"inLanguage":"es"},{"@type":"Person","@id":"https:\/\/www.yucatanencorto.com\/noticias\/#\/schema\/person\/14f82d355225a1f4075dd84a31f45a72","name":"Yucat\u00e1n en Corto FC","image":{"@type":"ImageObject","inLanguage":"es","@id":"https:\/\/secure.gravatar.com\/avatar\/147d4b30cd728c53c29c49a3f7834dedca33707f4cd259761355846009a88250?s=96&d=mm&r=g","url":"https:\/\/secure.gravatar.com\/avatar\/147d4b30cd728c53c29c49a3f7834dedca33707f4cd259761355846009a88250?s=96&d=mm&r=g","contentUrl":"https:\/\/secure.gravatar.com\/avatar\/147d4b30cd728c53c29c49a3f7834dedca33707f4cd259761355846009a88250?s=96&d=mm&r=g","caption":"Yucat\u00e1n en Corto FC"},"url":"https:\/\/www.yucatanencorto.com\/noticias\/author\/flor\/"}]}},"_links":{"self":[{"href":"https:\/\/www.yucatanencorto.com\/noticias\/wp-json\/wp\/v2\/posts\/85058","targetHints":{"allow":["GET"]}}],"collection":[{"href":"https:\/\/www.yucatanencorto.com\/noticias\/wp-json\/wp\/v2\/posts"}],"about":[{"href":"https:\/\/www.yucatanencorto.com\/noticias\/wp-json\/wp\/v2\/types\/post"}],"author":[{"embeddable":true,"href":"https:\/\/www.yucatanencorto.com\/noticias\/wp-json\/wp\/v2\/users\/2"}],"replies":[{"embeddable":true,"href":"https:\/\/www.yucatanencorto.com\/noticias\/wp-json\/wp\/v2\/comments?post=85058"}],"version-history":[{"count":0,"href":"https:\/\/www.yucatanencorto.com\/noticias\/wp-json\/wp\/v2\/posts\/85058\/revisions"}],"wp:featuredmedia":[{"embeddable":true,"href":"https:\/\/www.yucatanencorto.com\/noticias\/wp-json\/wp\/v2\/media\/85059"}],"wp:attachment":[{"href":"https:\/\/www.yucatanencorto.com\/noticias\/wp-json\/wp\/v2\/media?parent=85058"}],"wp:term":[{"taxonomy":"category","embeddable":true,"href":"https:\/\/www.yucatanencorto.com\/noticias\/wp-json\/wp\/v2\/categories?post=85058"},{"taxonomy":"post_tag","embeddable":true,"href":"https:\/\/www.yucatanencorto.com\/noticias\/wp-json\/wp\/v2\/tags?post=85058"}],"curies":[{"name":"wp","href":"https:\/\/api.w.org\/{rel}","templated":true}]}}