{"id":85083,"date":"2021-07-05T17:15:50","date_gmt":"2021-07-05T22:15:50","guid":{"rendered":"https:\/\/www.yucatanencorto.com\/noticias\/?p=85083"},"modified":"2021-07-05T17:15:50","modified_gmt":"2021-07-05T22:15:50","slug":"anuncian-feria-de-becas-para-estudiantes-de-escuelas-particulares-en-merida","status":"publish","type":"post","link":"https:\/\/www.yucatanencorto.com\/noticias\/anuncian-feria-de-becas-para-estudiantes-de-escuelas-particulares-en-merida\/","title":{"rendered":"Anuncian Feria de Becas para estudiantes de Escuelas Particulares en M\u00e9rida"},"content":{"rendered":"<p><img loading=\"lazy\" decoding=\"async\" class=\"alignnone size-full wp-image-85084\" src=\"https:\/\/www.yucatanencorto.com\/noticias\/wp-content\/uploads\/2021\/07\/WhatsApp-Image-2021-07-05-at-3.25.43-PM-scaled.jpeg\" alt=\"\" width=\"768\" height=\"431\" srcset=\"https:\/\/www.yucatanencorto.com\/noticias\/wp-content\/uploads\/2021\/07\/WhatsApp-Image-2021-07-05-at-3.25.43-PM-scaled.jpeg 768w, https:\/\/www.yucatanencorto.com\/noticias\/wp-content\/uploads\/2021\/07\/WhatsApp-Image-2021-07-05-at-3.25.43-PM-696x391.jpeg 696w, https:\/\/www.yucatanencorto.com\/noticias\/wp-content\/uploads\/2021\/07\/WhatsApp-Image-2021-07-05-at-3.25.43-PM-748x420.jpeg 748w\" sizes=\"auto, (max-width: 768px) 100vw, 768px\" \/>M\u00e9rida, 5 de julio de 2021. Como parte del compromiso del Ayuntamiento con la educaci\u00f3n de la juventud y con una oferta educativa de 3,600 becas, del 7 al 21 de julio pr\u00f3ximo se realizar\u00e1 la Feria de Becas de Descuento 2021, en la que participar\u00e1n 42 escuelas particulares de M\u00e9rida y que ser\u00e1 en formato virtual ante las condiciones actuales de la pandemia.<\/p>\n<p>En representaci\u00f3n del alcalde Alejandro Ruz Castro, el director de Bienestar Social, Jes\u00fas Aguilar y Aguilar presidi\u00f3 esta ma\u00f1ana una rueda de prensa que se realiz\u00f3 a trav\u00e9s de la plataforma Zoom, y en la que dio a conocer que las escuelas participantes presentar\u00e1n sus propuestas educativas a trav\u00e9s de la p\u00e1gina\u00a0<a href=\"http:\/\/www.meridaaprendeenlinea.com\/\" target=\"_blank\" rel=\"noopener\" data-saferedirecturl=\"https:\/\/www.google.com\/url?q=http:\/\/www.meridaaprendeenlinea.com&amp;source=gmail&amp;ust=1625609362386000&amp;usg=AFQjCNEGdIkWXSI0S2d7Bdk1Kc6TbTIZ2g\">www.meridaaprendeenlinea.com<\/a>\u00a0y durante 14 d\u00edas de transmisi\u00f3n en vivo por la p\u00e1gina de Facebook M\u00e9rida Aprende en L\u00ednea.<\/p>\n<p>Precis\u00f3 que las transmisiones en vivo se realizar\u00e1n de 9 a 11 am y de 5 a 7 pm, de lunes a viernes.<\/p>\n<p>Aguilar y Aguilar mencion\u00f3 que los descuentos van desde el 10 al 65% de descuento, en bachillerato, licenciatura, posgrado, cursos y diplomado.<\/p>\n<p>En la rueda de prensa tambi\u00e9n participaron Gabriela V\u00e1zquez Abdeljalek, directora del Centro de Estudios Superiores del Sureste e Irma Daniela Vecino Cervantes, rectora de la Universidad del Sur, quienes agradecieron el trabajo de la comuna en materia de educaci\u00f3n, a trav\u00e9s de programas que impulsan el desarrollo de las y los j\u00f3venes de M\u00e9rida. De igual manera estuvo Aldo D\u00edaz Novelo, subdirector de Educaci\u00f3n Municipal.<\/p>\n<p>La Feria de Becas de Descuento, como parte del Plan Municipal para la Educaci\u00f3n, tiene como objetivo ofrecer a la comunidad estudiantil beneficios para que contin\u00faen con sus estudios de educaci\u00f3n media superior o superior; creando un espacio de promoci\u00f3n y difusi\u00f3n para las diversas instituciones particulares. Las becas de descuento son aplicables a colegiaturas, inscripciones o ambas.<\/p>\n<p>En esta edici\u00f3n 2021 participar\u00e1n instituciones acad\u00e9micas como el Centro de Estudios Educare A.C., Centro de Estudios Superiores CTM, Justo Sierra O\u00b4Reilly, Centro de Estudios Superiores del Sureste, Centro de Formaci\u00f3n Profesional de Yucat\u00e1n, Universidad Maya, Centro Educativo Jos\u00e9 Dolores Rodr\u00edguez Tamayo, Centro Educativo Mar\u00eda Gonz\u00e1lez Palma, Centro Escolar del Mayab, Centro Interamericano De Estudios Superiores, Centro Universitario Felipe Carrillo Puerto, Centro Universitario Rep\u00fablica De M\u00e9xico, Colegio Libre De Estudios Universitarios, Colegio Yucat\u00e1n,\u00a0 Escuela Bancaria y Comercial, Universidad Marista De M\u00e9rida, Universidad Modelo, Universidad Privada de la Pen\u00ednsula, Universidad Tecmilenio, Universidad Tecnolog\u00eda Tur\u00edstica Total A.C. y Universidad Vizcaya de las Am\u00e9ricas Campus M\u00e9rida.<\/p>\n<p>As\u00ed como la Escuela Internacional de Chefs, Instituto de Estudios Superiores Yucat\u00e1n, Instituto Escolar del Sureste A.C., Instituto Las Am\u00e9ricas, Instituto Superior Jos\u00e9 Vasconcelos, Instituto Universitario de Yucat\u00e1n, Instituto Universitario del Sureste,, Instituto Universitario M\u00e9rida, Instituto Universitario Puebla, Preparatoria Estado de Yucat\u00e1n, Preparatoria Francisco de Montejo y Le\u00f3n, Preparatoria Latino A.C. \u00abMiguel De Cervantes Saavedra\u00bb, Preparatoria Lux, Preparatoria Luz Mena, Preparatoria M\u00e9xico Universidad del Sur, Universidad del Valle de M\u00e9xico, Universidad Interamericana del Norte, Universidad Interamericana para el Desarrollo, Universidad Interglobal y Universidad Latino.<\/p>\n<p>Los requisitos son ser alumno de nuevo ingreso (no estar inscrito en alguna de las escuelas participantes), copia del \u00faltimo certificado de estudios con promedio o constancia de estudios con promedio final (promedio m\u00ednimo de 80).<\/p>\n<p>Tambi\u00e9n presentar copia de comprobante de domicilio con residencia en el municipio de M\u00e9rida (CFE o JAPAY, m\u00e1ximo 3 meses de antig\u00fcedad) y copia de identificaci\u00f3n oficial con fotograf\u00eda si es mayor de edad o copia de acta de nacimiento en caso de ser menor de edad.<\/p>\n","protected":false},"excerpt":{"rendered":"<p>M\u00e9rida, 5 de julio de 2021. Como parte del compromiso del Ayuntamiento con la educaci\u00f3n de la juventud y con una oferta educativa de 3,600 becas, del 7 al 21 de julio pr\u00f3ximo se realizar\u00e1 la Feria de Becas de Descuento 2021, en la que participar\u00e1n 42 escuelas particulares de M\u00e9rida y que ser\u00e1 en [&hellip;]<\/p>\n","protected":false},"author":2,"featured_media":85084,"comment_status":"closed","ping_status":"closed","sticky":false,"template":"","format":"standard","meta":{"footnotes":""},"categories":[2],"tags":[],"class_list":{"0":"post-85083","1":"post","2":"type-post","3":"status-publish","4":"format-standard","5":"has-post-thumbnail","7":"category-merida"},"yoast_head":"<!-- This site is optimized with the Yoast SEO plugin v27.5 - https:\/\/yoast.com\/product\/yoast-seo-wordpress\/ -->\n<title>Anuncian Feria de Becas para estudiantes de Escuelas Particulares en M\u00e9rida - Yucat\u00e1n en corto<\/title>\n<meta name=\"robots\" content=\"index, follow, max-snippet:-1, max-image-preview:large, max-video-preview:-1\" \/>\n<link rel=\"canonical\" href=\"https:\/\/www.yucatanencorto.com\/noticias\/anuncian-feria-de-becas-para-estudiantes-de-escuelas-particulares-en-merida\/\" \/>\n<meta property=\"og:locale\" content=\"es_ES\" \/>\n<meta property=\"og:type\" content=\"article\" \/>\n<meta property=\"og:title\" content=\"Anuncian Feria de Becas para estudiantes de Escuelas Particulares en M\u00e9rida - Yucat\u00e1n en corto\" \/>\n<meta property=\"og:description\" content=\"M\u00e9rida, 5 de julio de 2021. Como parte del compromiso del Ayuntamiento con la educaci\u00f3n de la juventud y con una oferta educativa de 3,600 becas, del 7 al 21 de julio pr\u00f3ximo se realizar\u00e1 la Feria de Becas de Descuento 2021, en la que participar\u00e1n 42 escuelas particulares de M\u00e9rida y que ser\u00e1 en [&hellip;]\" \/>\n<meta property=\"og:url\" content=\"https:\/\/www.yucatanencorto.com\/noticias\/anuncian-feria-de-becas-para-estudiantes-de-escuelas-particulares-en-merida\/\" \/>\n<meta property=\"og:site_name\" content=\"Yucat\u00e1n en corto\" \/>\n<meta property=\"article:publisher\" content=\"http:\/\/www.facebook.com\/yucatanencorto\" \/>\n<meta property=\"article:published_time\" content=\"2021-07-05T22:15:50+00:00\" \/>\n<meta property=\"og:image\" content=\"https:\/\/www.yucatanencorto.com\/noticias\/wp-content\/uploads\/2021\/07\/WhatsApp-Image-2021-07-05-at-3.25.43-PM-scaled.jpeg\" \/>\n\t<meta property=\"og:image:width\" content=\"768\" \/>\n\t<meta property=\"og:image:height\" content=\"431\" \/>\n\t<meta property=\"og:image:type\" content=\"image\/jpeg\" \/>\n<meta name=\"author\" content=\"Yucat\u00e1n en Corto FC\" \/>\n<meta name=\"twitter:card\" content=\"summary_large_image\" \/>\n<meta name=\"twitter:creator\" content=\"@yucatanencorto\" \/>\n<meta name=\"twitter:site\" content=\"@yucatanencorto\" \/>\n<meta name=\"twitter:label1\" content=\"Escrito por\" \/>\n\t<meta name=\"twitter:data1\" content=\"Yucat\u00e1n en Corto FC\" \/>\n\t<meta name=\"twitter:label2\" content=\"Tiempo de lectura\" \/>\n\t<meta name=\"twitter:data2\" content=\"3 minutos\" \/>\n<script type=\"application\/ld+json\" class=\"yoast-schema-graph\">{\"@context\":\"https:\\\/\\\/schema.org\",\"@graph\":[{\"@type\":\"Article\",\"@id\":\"https:\\\/\\\/www.yucatanencorto.com\\\/noticias\\\/anuncian-feria-de-becas-para-estudiantes-de-escuelas-particulares-en-merida\\\/#article\",\"isPartOf\":{\"@id\":\"https:\\\/\\\/www.yucatanencorto.com\\\/noticias\\\/anuncian-feria-de-becas-para-estudiantes-de-escuelas-particulares-en-merida\\\/\"},\"author\":{\"name\":\"Yucat\u00e1n en Corto FC\",\"@id\":\"https:\\\/\\\/www.yucatanencorto.com\\\/noticias\\\/#\\\/schema\\\/person\\\/14f82d355225a1f4075dd84a31f45a72\"},\"headline\":\"Anuncian Feria de Becas para estudiantes de Escuelas Particulares en M\u00e9rida\",\"datePublished\":\"2021-07-05T22:15:50+00:00\",\"mainEntityOfPage\":{\"@id\":\"https:\\\/\\\/www.yucatanencorto.com\\\/noticias\\\/anuncian-feria-de-becas-para-estudiantes-de-escuelas-particulares-en-merida\\\/\"},\"wordCount\":638,\"image\":{\"@id\":\"https:\\\/\\\/www.yucatanencorto.com\\\/noticias\\\/anuncian-feria-de-becas-para-estudiantes-de-escuelas-particulares-en-merida\\\/#primaryimage\"},\"thumbnailUrl\":\"https:\\\/\\\/www.yucatanencorto.com\\\/noticias\\\/wp-content\\\/uploads\\\/2021\\\/07\\\/WhatsApp-Image-2021-07-05-at-3.25.43-PM-scaled.jpeg\",\"articleSection\":[\"M\u00e9rida\"],\"inLanguage\":\"es\"},{\"@type\":\"WebPage\",\"@id\":\"https:\\\/\\\/www.yucatanencorto.com\\\/noticias\\\/anuncian-feria-de-becas-para-estudiantes-de-escuelas-particulares-en-merida\\\/\",\"url\":\"https:\\\/\\\/www.yucatanencorto.com\\\/noticias\\\/anuncian-feria-de-becas-para-estudiantes-de-escuelas-particulares-en-merida\\\/\",\"name\":\"Anuncian Feria de Becas para estudiantes de Escuelas Particulares en M\u00e9rida - Yucat\u00e1n en corto\",\"isPartOf\":{\"@id\":\"https:\\\/\\\/www.yucatanencorto.com\\\/noticias\\\/#website\"},\"primaryImageOfPage\":{\"@id\":\"https:\\\/\\\/www.yucatanencorto.com\\\/noticias\\\/anuncian-feria-de-becas-para-estudiantes-de-escuelas-particulares-en-merida\\\/#primaryimage\"},\"image\":{\"@id\":\"https:\\\/\\\/www.yucatanencorto.com\\\/noticias\\\/anuncian-feria-de-becas-para-estudiantes-de-escuelas-particulares-en-merida\\\/#primaryimage\"},\"thumbnailUrl\":\"https:\\\/\\\/www.yucatanencorto.com\\\/noticias\\\/wp-content\\\/uploads\\\/2021\\\/07\\\/WhatsApp-Image-2021-07-05-at-3.25.43-PM-scaled.jpeg\",\"datePublished\":\"2021-07-05T22:15:50+00:00\",\"author\":{\"@id\":\"https:\\\/\\\/www.yucatanencorto.com\\\/noticias\\\/#\\\/schema\\\/person\\\/14f82d355225a1f4075dd84a31f45a72\"},\"breadcrumb\":{\"@id\":\"https:\\\/\\\/www.yucatanencorto.com\\\/noticias\\\/anuncian-feria-de-becas-para-estudiantes-de-escuelas-particulares-en-merida\\\/#breadcrumb\"},\"inLanguage\":\"es\",\"potentialAction\":[{\"@type\":\"ReadAction\",\"target\":[\"https:\\\/\\\/www.yucatanencorto.com\\\/noticias\\\/anuncian-feria-de-becas-para-estudiantes-de-escuelas-particulares-en-merida\\\/\"]}]},{\"@type\":\"ImageObject\",\"inLanguage\":\"es\",\"@id\":\"https:\\\/\\\/www.yucatanencorto.com\\\/noticias\\\/anuncian-feria-de-becas-para-estudiantes-de-escuelas-particulares-en-merida\\\/#primaryimage\",\"url\":\"https:\\\/\\\/www.yucatanencorto.com\\\/noticias\\\/wp-content\\\/uploads\\\/2021\\\/07\\\/WhatsApp-Image-2021-07-05-at-3.25.43-PM-scaled.jpeg\",\"contentUrl\":\"https:\\\/\\\/www.yucatanencorto.com\\\/noticias\\\/wp-content\\\/uploads\\\/2021\\\/07\\\/WhatsApp-Image-2021-07-05-at-3.25.43-PM-scaled.jpeg\",\"width\":768,\"height\":431},{\"@type\":\"BreadcrumbList\",\"@id\":\"https:\\\/\\\/www.yucatanencorto.com\\\/noticias\\\/anuncian-feria-de-becas-para-estudiantes-de-escuelas-particulares-en-merida\\\/#breadcrumb\",\"itemListElement\":[{\"@type\":\"ListItem\",\"position\":1,\"name\":\"Portada\",\"item\":\"https:\\\/\\\/www.yucatanencorto.com\\\/noticias\\\/\"},{\"@type\":\"ListItem\",\"position\":2,\"name\":\"Anuncian Feria de Becas para estudiantes de Escuelas Particulares en M\u00e9rida\"}]},{\"@type\":\"WebSite\",\"@id\":\"https:\\\/\\\/www.yucatanencorto.com\\\/noticias\\\/#website\",\"url\":\"https:\\\/\\\/www.yucatanencorto.com\\\/noticias\\\/\",\"name\":\"Yucat\u00e1n en corto\",\"description\":\"Noticias\",\"potentialAction\":[{\"@type\":\"SearchAction\",\"target\":{\"@type\":\"EntryPoint\",\"urlTemplate\":\"https:\\\/\\\/www.yucatanencorto.com\\\/noticias\\\/?s={search_term_string}\"},\"query-input\":{\"@type\":\"PropertyValueSpecification\",\"valueRequired\":true,\"valueName\":\"search_term_string\"}}],\"inLanguage\":\"es\"},{\"@type\":\"Person\",\"@id\":\"https:\\\/\\\/www.yucatanencorto.com\\\/noticias\\\/#\\\/schema\\\/person\\\/14f82d355225a1f4075dd84a31f45a72\",\"name\":\"Yucat\u00e1n en Corto FC\",\"image\":{\"@type\":\"ImageObject\",\"inLanguage\":\"es\",\"@id\":\"https:\\\/\\\/secure.gravatar.com\\\/avatar\\\/147d4b30cd728c53c29c49a3f7834dedca33707f4cd259761355846009a88250?s=96&d=mm&r=g\",\"url\":\"https:\\\/\\\/secure.gravatar.com\\\/avatar\\\/147d4b30cd728c53c29c49a3f7834dedca33707f4cd259761355846009a88250?s=96&d=mm&r=g\",\"contentUrl\":\"https:\\\/\\\/secure.gravatar.com\\\/avatar\\\/147d4b30cd728c53c29c49a3f7834dedca33707f4cd259761355846009a88250?s=96&d=mm&r=g\",\"caption\":\"Yucat\u00e1n en Corto FC\"},\"url\":\"https:\\\/\\\/www.yucatanencorto.com\\\/noticias\\\/author\\\/flor\\\/\"}]}<\/script>\n<!-- \/ Yoast SEO plugin. -->","yoast_head_json":{"title":"Anuncian Feria de Becas para estudiantes de Escuelas Particulares en M\u00e9rida - Yucat\u00e1n en corto","robots":{"index":"index","follow":"follow","max-snippet":"max-snippet:-1","max-image-preview":"max-image-preview:large","max-video-preview":"max-video-preview:-1"},"canonical":"https:\/\/www.yucatanencorto.com\/noticias\/anuncian-feria-de-becas-para-estudiantes-de-escuelas-particulares-en-merida\/","og_locale":"es_ES","og_type":"article","og_title":"Anuncian Feria de Becas para estudiantes de Escuelas Particulares en M\u00e9rida - Yucat\u00e1n en corto","og_description":"M\u00e9rida, 5 de julio de 2021. Como parte del compromiso del Ayuntamiento con la educaci\u00f3n de la juventud y con una oferta educativa de 3,600 becas, del 7 al 21 de julio pr\u00f3ximo se realizar\u00e1 la Feria de Becas de Descuento 2021, en la que participar\u00e1n 42 escuelas particulares de M\u00e9rida y que ser\u00e1 en [&hellip;]","og_url":"https:\/\/www.yucatanencorto.com\/noticias\/anuncian-feria-de-becas-para-estudiantes-de-escuelas-particulares-en-merida\/","og_site_name":"Yucat\u00e1n en corto","article_publisher":"http:\/\/www.facebook.com\/yucatanencorto","article_published_time":"2021-07-05T22:15:50+00:00","og_image":[{"width":768,"height":431,"url":"https:\/\/www.yucatanencorto.com\/noticias\/wp-content\/uploads\/2021\/07\/WhatsApp-Image-2021-07-05-at-3.25.43-PM-scaled.jpeg","type":"image\/jpeg"}],"author":"Yucat\u00e1n en Corto FC","twitter_card":"summary_large_image","twitter_creator":"@yucatanencorto","twitter_site":"@yucatanencorto","twitter_misc":{"Escrito por":"Yucat\u00e1n en Corto FC","Tiempo de lectura":"3 minutos"},"schema":{"@context":"https:\/\/schema.org","@graph":[{"@type":"Article","@id":"https:\/\/www.yucatanencorto.com\/noticias\/anuncian-feria-de-becas-para-estudiantes-de-escuelas-particulares-en-merida\/#article","isPartOf":{"@id":"https:\/\/www.yucatanencorto.com\/noticias\/anuncian-feria-de-becas-para-estudiantes-de-escuelas-particulares-en-merida\/"},"author":{"name":"Yucat\u00e1n en Corto FC","@id":"https:\/\/www.yucatanencorto.com\/noticias\/#\/schema\/person\/14f82d355225a1f4075dd84a31f45a72"},"headline":"Anuncian Feria de Becas para estudiantes de Escuelas Particulares en M\u00e9rida","datePublished":"2021-07-05T22:15:50+00:00","mainEntityOfPage":{"@id":"https:\/\/www.yucatanencorto.com\/noticias\/anuncian-feria-de-becas-para-estudiantes-de-escuelas-particulares-en-merida\/"},"wordCount":638,"image":{"@id":"https:\/\/www.yucatanencorto.com\/noticias\/anuncian-feria-de-becas-para-estudiantes-de-escuelas-particulares-en-merida\/#primaryimage"},"thumbnailUrl":"https:\/\/www.yucatanencorto.com\/noticias\/wp-content\/uploads\/2021\/07\/WhatsApp-Image-2021-07-05-at-3.25.43-PM-scaled.jpeg","articleSection":["M\u00e9rida"],"inLanguage":"es"},{"@type":"WebPage","@id":"https:\/\/www.yucatanencorto.com\/noticias\/anuncian-feria-de-becas-para-estudiantes-de-escuelas-particulares-en-merida\/","url":"https:\/\/www.yucatanencorto.com\/noticias\/anuncian-feria-de-becas-para-estudiantes-de-escuelas-particulares-en-merida\/","name":"Anuncian Feria de Becas para estudiantes de Escuelas Particulares en M\u00e9rida - Yucat\u00e1n en corto","isPartOf":{"@id":"https:\/\/www.yucatanencorto.com\/noticias\/#website"},"primaryImageOfPage":{"@id":"https:\/\/www.yucatanencorto.com\/noticias\/anuncian-feria-de-becas-para-estudiantes-de-escuelas-particulares-en-merida\/#primaryimage"},"image":{"@id":"https:\/\/www.yucatanencorto.com\/noticias\/anuncian-feria-de-becas-para-estudiantes-de-escuelas-particulares-en-merida\/#primaryimage"},"thumbnailUrl":"https:\/\/www.yucatanencorto.com\/noticias\/wp-content\/uploads\/2021\/07\/WhatsApp-Image-2021-07-05-at-3.25.43-PM-scaled.jpeg","datePublished":"2021-07-05T22:15:50+00:00","author":{"@id":"https:\/\/www.yucatanencorto.com\/noticias\/#\/schema\/person\/14f82d355225a1f4075dd84a31f45a72"},"breadcrumb":{"@id":"https:\/\/www.yucatanencorto.com\/noticias\/anuncian-feria-de-becas-para-estudiantes-de-escuelas-particulares-en-merida\/#breadcrumb"},"inLanguage":"es","potentialAction":[{"@type":"ReadAction","target":["https:\/\/www.yucatanencorto.com\/noticias\/anuncian-feria-de-becas-para-estudiantes-de-escuelas-particulares-en-merida\/"]}]},{"@type":"ImageObject","inLanguage":"es","@id":"https:\/\/www.yucatanencorto.com\/noticias\/anuncian-feria-de-becas-para-estudiantes-de-escuelas-particulares-en-merida\/#primaryimage","url":"https:\/\/www.yucatanencorto.com\/noticias\/wp-content\/uploads\/2021\/07\/WhatsApp-Image-2021-07-05-at-3.25.43-PM-scaled.jpeg","contentUrl":"https:\/\/www.yucatanencorto.com\/noticias\/wp-content\/uploads\/2021\/07\/WhatsApp-Image-2021-07-05-at-3.25.43-PM-scaled.jpeg","width":768,"height":431},{"@type":"BreadcrumbList","@id":"https:\/\/www.yucatanencorto.com\/noticias\/anuncian-feria-de-becas-para-estudiantes-de-escuelas-particulares-en-merida\/#breadcrumb","itemListElement":[{"@type":"ListItem","position":1,"name":"Portada","item":"https:\/\/www.yucatanencorto.com\/noticias\/"},{"@type":"ListItem","position":2,"name":"Anuncian Feria de Becas para estudiantes de Escuelas Particulares en M\u00e9rida"}]},{"@type":"WebSite","@id":"https:\/\/www.yucatanencorto.com\/noticias\/#website","url":"https:\/\/www.yucatanencorto.com\/noticias\/","name":"Yucat\u00e1n en corto","description":"Noticias","potentialAction":[{"@type":"SearchAction","target":{"@type":"EntryPoint","urlTemplate":"https:\/\/www.yucatanencorto.com\/noticias\/?s={search_term_string}"},"query-input":{"@type":"PropertyValueSpecification","valueRequired":true,"valueName":"search_term_string"}}],"inLanguage":"es"},{"@type":"Person","@id":"https:\/\/www.yucatanencorto.com\/noticias\/#\/schema\/person\/14f82d355225a1f4075dd84a31f45a72","name":"Yucat\u00e1n en Corto FC","image":{"@type":"ImageObject","inLanguage":"es","@id":"https:\/\/secure.gravatar.com\/avatar\/147d4b30cd728c53c29c49a3f7834dedca33707f4cd259761355846009a88250?s=96&d=mm&r=g","url":"https:\/\/secure.gravatar.com\/avatar\/147d4b30cd728c53c29c49a3f7834dedca33707f4cd259761355846009a88250?s=96&d=mm&r=g","contentUrl":"https:\/\/secure.gravatar.com\/avatar\/147d4b30cd728c53c29c49a3f7834dedca33707f4cd259761355846009a88250?s=96&d=mm&r=g","caption":"Yucat\u00e1n en Corto FC"},"url":"https:\/\/www.yucatanencorto.com\/noticias\/author\/flor\/"}]}},"_links":{"self":[{"href":"https:\/\/www.yucatanencorto.com\/noticias\/wp-json\/wp\/v2\/posts\/85083","targetHints":{"allow":["GET"]}}],"collection":[{"href":"https:\/\/www.yucatanencorto.com\/noticias\/wp-json\/wp\/v2\/posts"}],"about":[{"href":"https:\/\/www.yucatanencorto.com\/noticias\/wp-json\/wp\/v2\/types\/post"}],"author":[{"embeddable":true,"href":"https:\/\/www.yucatanencorto.com\/noticias\/wp-json\/wp\/v2\/users\/2"}],"replies":[{"embeddable":true,"href":"https:\/\/www.yucatanencorto.com\/noticias\/wp-json\/wp\/v2\/comments?post=85083"}],"version-history":[{"count":0,"href":"https:\/\/www.yucatanencorto.com\/noticias\/wp-json\/wp\/v2\/posts\/85083\/revisions"}],"wp:featuredmedia":[{"embeddable":true,"href":"https:\/\/www.yucatanencorto.com\/noticias\/wp-json\/wp\/v2\/media\/85084"}],"wp:attachment":[{"href":"https:\/\/www.yucatanencorto.com\/noticias\/wp-json\/wp\/v2\/media?parent=85083"}],"wp:term":[{"taxonomy":"category","embeddable":true,"href":"https:\/\/www.yucatanencorto.com\/noticias\/wp-json\/wp\/v2\/categories?post=85083"},{"taxonomy":"post_tag","embeddable":true,"href":"https:\/\/www.yucatanencorto.com\/noticias\/wp-json\/wp\/v2\/tags?post=85083"}],"curies":[{"name":"wp","href":"https:\/\/api.w.org\/{rel}","templated":true}]}}