{"id":85437,"date":"2021-08-04T17:19:04","date_gmt":"2021-08-04T22:19:04","guid":{"rendered":"https:\/\/www.yucatanencorto.com\/noticias\/?p=85437"},"modified":"2021-08-04T17:19:04","modified_gmt":"2021-08-04T22:19:04","slug":"clausuran-restaurante-el-meson-yucateco-por-aglomeraciones","status":"publish","type":"post","link":"https:\/\/www.yucatanencorto.com\/noticias\/clausuran-restaurante-el-meson-yucateco-por-aglomeraciones\/","title":{"rendered":"Clausuran restaurante \u00abEl Mes\u00f3n Yucateco\u00bb por aglomeraciones"},"content":{"rendered":"<p><img loading=\"lazy\" decoding=\"async\" class=\"alignnone size-full wp-image-85439\" src=\"https:\/\/www.yucatanencorto.com\/noticias\/wp-content\/uploads\/2021\/08\/WhatsApp-Image-2021-08-04-at-5.07.07-PM-1-scaled.jpeg\" alt=\"\" width=\"768\" height=\"613\" srcset=\"https:\/\/www.yucatanencorto.com\/noticias\/wp-content\/uploads\/2021\/08\/WhatsApp-Image-2021-08-04-at-5.07.07-PM-1-scaled.jpeg 768w, https:\/\/www.yucatanencorto.com\/noticias\/wp-content\/uploads\/2021\/08\/WhatsApp-Image-2021-08-04-at-5.07.07-PM-1-696x556.jpeg 696w, https:\/\/www.yucatanencorto.com\/noticias\/wp-content\/uploads\/2021\/08\/WhatsApp-Image-2021-08-04-at-5.07.07-PM-1-1068x853.jpeg 1068w, https:\/\/www.yucatanencorto.com\/noticias\/wp-content\/uploads\/2021\/08\/WhatsApp-Image-2021-08-04-at-5.07.07-PM-1-526x420.jpeg 526w\" sizes=\"auto, (max-width: 768px) 100vw, 768px\" \/>M\u00e9rida, Yucat\u00e1n, 4 de agosto de 2021.- Por incumplir con las medidas y protocolos sanitarios, personal del Gobierno del Estado clausur\u00f3 el restaurante el Mes\u00f3n Yucateco, el cual se ubica en el oriente de esta ciudad, por lo que el\u00a0 responsable del lugar podr\u00eda ser acreedor a una multa de hasta 180,000 pesos.<\/p>\n<p>El Gobierno estatal hace un llamado a los establecimientos y negocios a respetar las medidas y protocolos sanitarios debido a que a\u00fan nos encontramos en pandemia y con el fin de salvaguardar la salud de las personas que acuden a esos lugares en esta etapa de la reactivaci\u00f3n econ\u00f3mica segura del estado.<\/p>\n<p>Personal del Gobierno del Estado, conformado por elementos de las Secretar\u00edas de Salud (SSY), General de Gobierno (SGG) y de Seguridad P\u00fablica (SSP), as\u00ed como de la Coordinaci\u00f3n Estatal de Protecci\u00f3n Civil (Procivy), realiz\u00f3 un operativo de vigilancia en el restaurante Mes\u00f3n Yucateco, localizado en la colonia Amalia Sol\u00f3rzano II, y en el lugar constataron que la cantidad de personas presentes superaba el aforo permitido y corroboraron que se incumpl\u00edan otras medidas sanitarias correspondientes para este tipo de establecimientos, por lo que procedieron a la colocaci\u00f3n de los sellos de clausura.<\/p>\n<p><img loading=\"lazy\" decoding=\"async\" class=\"alignnone size-full wp-image-85438\" src=\"https:\/\/www.yucatanencorto.com\/noticias\/wp-content\/uploads\/2021\/08\/WhatsApp-Image-2021-08-04-at-5.07.06-PM-scaled.jpeg\" alt=\"\" width=\"768\" height=\"432\" srcset=\"https:\/\/www.yucatanencorto.com\/noticias\/wp-content\/uploads\/2021\/08\/WhatsApp-Image-2021-08-04-at-5.07.06-PM-scaled.jpeg 768w, https:\/\/www.yucatanencorto.com\/noticias\/wp-content\/uploads\/2021\/08\/WhatsApp-Image-2021-08-04-at-5.07.06-PM-696x392.jpeg 696w, https:\/\/www.yucatanencorto.com\/noticias\/wp-content\/uploads\/2021\/08\/WhatsApp-Image-2021-08-04-at-5.07.06-PM-1068x601.jpeg 1068w, https:\/\/www.yucatanencorto.com\/noticias\/wp-content\/uploads\/2021\/08\/WhatsApp-Image-2021-08-04-at-5.07.06-PM-747x420.jpeg 747w\" sizes=\"auto, (max-width: 768px) 100vw, 768px\" \/>A consecuencia del incumplimiento de los protocolos sanitarios, personal del Gobierno del Estado notific\u00f3 al responsable del lugar que debido a las anomal\u00edas encontradas podr\u00eda aplicarse una multa de hasta 180,000 pesos.<\/p>\n<p>Es importante resaltar que los operativos de vigilancia implementados por el Gobierno estatal, se efect\u00faan con el objetivo de salvaguardar la salud de los yucatecos y son en atenci\u00f3n al Acuerdo de Reactivaci\u00f3n Econ\u00f3mica Segura, conforme al sem\u00e1foro epidemiol\u00f3gico a fin de vigilar y verificar el cumplimiento de las medidas y protocolos sanitarios correspondientes a esta etapa de la pandemia.<\/p>\n<p>El Gobierno del Estado reitera seguir\u00e1 siendo firme y aplicar\u00e1 cero tolerancia para aquellos que atenten contra la salud de los yucatecos e incumplan con las disposiciones sanitarias por lo que se mantendr\u00e1 una vigilancia permanente de todos los negocios y establecimientos que est\u00e1n autorizados a operar dentro del Acuerdo de Reactivaci\u00f3n Econ\u00f3mica Segura.<\/p>\n","protected":false},"excerpt":{"rendered":"<p>M\u00e9rida, Yucat\u00e1n, 4 de agosto de 2021.- Por incumplir con las medidas y protocolos sanitarios, personal del Gobierno del Estado clausur\u00f3 el restaurante el Mes\u00f3n Yucateco, el cual se ubica en el oriente de esta ciudad, por lo que el\u00a0 responsable del lugar podr\u00eda ser acreedor a una multa de hasta 180,000 pesos. El Gobierno [&hellip;]<\/p>\n","protected":false},"author":2,"featured_media":85439,"comment_status":"closed","ping_status":"closed","sticky":false,"template":"","format":"standard","meta":{"footnotes":""},"categories":[3],"tags":[],"class_list":["post-85437","post","type-post","status-publish","format-standard","has-post-thumbnail","category-yucatan"],"yoast_head":"<!-- This site is optimized with the Yoast SEO plugin v28.4 - https:\/\/yoast.com\/product\/yoast-seo-wordpress\/ -->\n<title>Clausuran restaurante &quot;El Mes\u00f3n Yucateco&quot; por aglomeraciones - Yucat\u00e1n en corto<\/title>\n<meta name=\"robots\" content=\"index, follow, max-snippet:-1, max-image-preview:large, max-video-preview:-1\" \/>\n<link rel=\"canonical\" href=\"https:\/\/www.yucatanencorto.com\/noticias\/clausuran-restaurante-el-meson-yucateco-por-aglomeraciones\/\" \/>\n<meta property=\"og:locale\" content=\"es_ES\" \/>\n<meta property=\"og:type\" content=\"article\" \/>\n<meta property=\"og:title\" content=\"Clausuran restaurante &quot;El Mes\u00f3n Yucateco&quot; por aglomeraciones - Yucat\u00e1n en corto\" \/>\n<meta property=\"og:description\" content=\"M\u00e9rida, Yucat\u00e1n, 4 de agosto de 2021.- Por incumplir con las medidas y protocolos sanitarios, personal del Gobierno del Estado clausur\u00f3 el restaurante el Mes\u00f3n Yucateco, el cual se ubica en el oriente de esta ciudad, por lo que el\u00a0 responsable del lugar podr\u00eda ser acreedor a una multa de hasta 180,000 pesos. El Gobierno [&hellip;]\" \/>\n<meta property=\"og:url\" content=\"https:\/\/www.yucatanencorto.com\/noticias\/clausuran-restaurante-el-meson-yucateco-por-aglomeraciones\/\" \/>\n<meta property=\"og:site_name\" content=\"Yucat\u00e1n en corto\" \/>\n<meta property=\"article:publisher\" content=\"http:\/\/www.facebook.com\/yucatanencorto\" \/>\n<meta property=\"article:published_time\" content=\"2021-08-04T22:19:04+00:00\" \/>\n<meta property=\"og:image\" content=\"https:\/\/www.yucatanencorto.com\/noticias\/wp-content\/uploads\/2021\/08\/WhatsApp-Image-2021-08-04-at-5.07.07-PM-1-scaled.jpeg\" \/>\n\t<meta property=\"og:image:width\" content=\"768\" \/>\n\t<meta property=\"og:image:height\" content=\"613\" \/>\n\t<meta property=\"og:image:type\" content=\"image\/jpeg\" \/>\n<meta name=\"author\" content=\"Yucat\u00e1n en Corto FC\" \/>\n<meta name=\"twitter:card\" content=\"summary_large_image\" \/>\n<meta name=\"twitter:creator\" content=\"@yucatanencorto\" \/>\n<meta name=\"twitter:site\" content=\"@yucatanencorto\" \/>\n<meta name=\"twitter:label1\" content=\"Escrito por\" \/>\n\t<meta name=\"twitter:data1\" content=\"Yucat\u00e1n en Corto FC\" \/>\n\t<meta name=\"twitter:label2\" content=\"Tiempo de lectura\" \/>\n\t<meta name=\"twitter:data2\" content=\"2 minutos\" \/>\n<script type=\"application\/ld+json\" class=\"yoast-schema-graph\">{\"@context\":\"https:\\\/\\\/schema.org\",\"@graph\":[{\"@type\":\"Article\",\"@id\":\"https:\\\/\\\/www.yucatanencorto.com\\\/noticias\\\/clausuran-restaurante-el-meson-yucateco-por-aglomeraciones\\\/#article\",\"isPartOf\":{\"@id\":\"https:\\\/\\\/www.yucatanencorto.com\\\/noticias\\\/clausuran-restaurante-el-meson-yucateco-por-aglomeraciones\\\/\"},\"author\":{\"name\":\"Yucat\u00e1n en Corto FC\",\"@id\":\"https:\\\/\\\/www.yucatanencorto.com\\\/noticias\\\/#\\\/schema\\\/person\\\/14f82d355225a1f4075dd84a31f45a72\"},\"headline\":\"Clausuran restaurante \u00abEl Mes\u00f3n Yucateco\u00bb por aglomeraciones\",\"datePublished\":\"2021-08-04T22:19:04+00:00\",\"mainEntityOfPage\":{\"@id\":\"https:\\\/\\\/www.yucatanencorto.com\\\/noticias\\\/clausuran-restaurante-el-meson-yucateco-por-aglomeraciones\\\/\"},\"wordCount\":373,\"publisher\":{\"@id\":\"https:\\\/\\\/www.yucatanencorto.com\\\/noticias\\\/#organization\"},\"image\":{\"@id\":\"https:\\\/\\\/www.yucatanencorto.com\\\/noticias\\\/clausuran-restaurante-el-meson-yucateco-por-aglomeraciones\\\/#primaryimage\"},\"thumbnailUrl\":\"https:\\\/\\\/www.yucatanencorto.com\\\/noticias\\\/wp-content\\\/uploads\\\/2021\\\/08\\\/WhatsApp-Image-2021-08-04-at-5.07.07-PM-1-scaled.jpeg\",\"articleSection\":[\"Yucat\u00e1n\"],\"inLanguage\":\"es\"},{\"@type\":\"WebPage\",\"@id\":\"https:\\\/\\\/www.yucatanencorto.com\\\/noticias\\\/clausuran-restaurante-el-meson-yucateco-por-aglomeraciones\\\/\",\"url\":\"https:\\\/\\\/www.yucatanencorto.com\\\/noticias\\\/clausuran-restaurante-el-meson-yucateco-por-aglomeraciones\\\/\",\"name\":\"Clausuran restaurante \\\"El Mes\u00f3n Yucateco\\\" por aglomeraciones - Yucat\u00e1n en corto\",\"isPartOf\":{\"@id\":\"https:\\\/\\\/www.yucatanencorto.com\\\/noticias\\\/#website\"},\"primaryImageOfPage\":{\"@id\":\"https:\\\/\\\/www.yucatanencorto.com\\\/noticias\\\/clausuran-restaurante-el-meson-yucateco-por-aglomeraciones\\\/#primaryimage\"},\"image\":{\"@id\":\"https:\\\/\\\/www.yucatanencorto.com\\\/noticias\\\/clausuran-restaurante-el-meson-yucateco-por-aglomeraciones\\\/#primaryimage\"},\"thumbnailUrl\":\"https:\\\/\\\/www.yucatanencorto.com\\\/noticias\\\/wp-content\\\/uploads\\\/2021\\\/08\\\/WhatsApp-Image-2021-08-04-at-5.07.07-PM-1-scaled.jpeg\",\"datePublished\":\"2021-08-04T22:19:04+00:00\",\"breadcrumb\":{\"@id\":\"https:\\\/\\\/www.yucatanencorto.com\\\/noticias\\\/clausuran-restaurante-el-meson-yucateco-por-aglomeraciones\\\/#breadcrumb\"},\"inLanguage\":\"es\",\"potentialAction\":[{\"@type\":\"ReadAction\",\"target\":[\"https:\\\/\\\/www.yucatanencorto.com\\\/noticias\\\/clausuran-restaurante-el-meson-yucateco-por-aglomeraciones\\\/\"]}]},{\"@type\":\"ImageObject\",\"inLanguage\":\"es\",\"@id\":\"https:\\\/\\\/www.yucatanencorto.com\\\/noticias\\\/clausuran-restaurante-el-meson-yucateco-por-aglomeraciones\\\/#primaryimage\",\"url\":\"https:\\\/\\\/www.yucatanencorto.com\\\/noticias\\\/wp-content\\\/uploads\\\/2021\\\/08\\\/WhatsApp-Image-2021-08-04-at-5.07.07-PM-1-scaled.jpeg\",\"contentUrl\":\"https:\\\/\\\/www.yucatanencorto.com\\\/noticias\\\/wp-content\\\/uploads\\\/2021\\\/08\\\/WhatsApp-Image-2021-08-04-at-5.07.07-PM-1-scaled.jpeg\",\"width\":768,\"height\":613},{\"@type\":\"BreadcrumbList\",\"@id\":\"https:\\\/\\\/www.yucatanencorto.com\\\/noticias\\\/clausuran-restaurante-el-meson-yucateco-por-aglomeraciones\\\/#breadcrumb\",\"itemListElement\":[{\"@type\":\"ListItem\",\"position\":1,\"name\":\"Portada\",\"item\":\"https:\\\/\\\/www.yucatanencorto.com\\\/noticias\\\/\"},{\"@type\":\"ListItem\",\"position\":2,\"name\":\"Clausuran restaurante \u00abEl Mes\u00f3n Yucateco\u00bb por aglomeraciones\"}]},{\"@type\":\"WebSite\",\"@id\":\"https:\\\/\\\/www.yucatanencorto.com\\\/noticias\\\/#website\",\"url\":\"https:\\\/\\\/www.yucatanencorto.com\\\/noticias\\\/\",\"name\":\"Yucat\u00e1n en corto\",\"description\":\"Noticias\",\"publisher\":{\"@id\":\"https:\\\/\\\/www.yucatanencorto.com\\\/noticias\\\/#organization\"},\"potentialAction\":[{\"@type\":\"SearchAction\",\"target\":{\"@type\":\"EntryPoint\",\"urlTemplate\":\"https:\\\/\\\/www.yucatanencorto.com\\\/noticias\\\/?s={search_term_string}\"},\"query-input\":{\"@type\":\"PropertyValueSpecification\",\"valueRequired\":true,\"valueName\":\"search_term_string\"}}],\"inLanguage\":\"es\"},{\"@type\":\"Organization\",\"@id\":\"https:\\\/\\\/www.yucatanencorto.com\\\/noticias\\\/#organization\",\"name\":\"Yucat\u00e1n en corto\",\"url\":\"https:\\\/\\\/www.yucatanencorto.com\\\/noticias\\\/\",\"logo\":{\"@type\":\"ImageObject\",\"inLanguage\":\"es\",\"@id\":\"https:\\\/\\\/www.yucatanencorto.com\\\/noticias\\\/#\\\/schema\\\/logo\\\/image\\\/\",\"url\":\"https:\\\/\\\/www.yucatanencorto.com\\\/noticias\\\/wp-content\\\/uploads\\\/2026\\\/08\\\/Logo-web.png\",\"contentUrl\":\"https:\\\/\\\/www.yucatanencorto.com\\\/noticias\\\/wp-content\\\/uploads\\\/2026\\\/08\\\/Logo-web.png\",\"width\":272,\"height\":90,\"caption\":\"Yucat\u00e1n en corto\"},\"image\":{\"@id\":\"https:\\\/\\\/www.yucatanencorto.com\\\/noticias\\\/#\\\/schema\\\/logo\\\/image\\\/\"},\"sameAs\":[\"http:\\\/\\\/www.facebook.com\\\/yucatanencorto\",\"https:\\\/\\\/x.com\\\/yucatanencorto\"]},{\"@type\":\"Person\",\"@id\":\"https:\\\/\\\/www.yucatanencorto.com\\\/noticias\\\/#\\\/schema\\\/person\\\/14f82d355225a1f4075dd84a31f45a72\",\"name\":\"Yucat\u00e1n en Corto FC\",\"image\":{\"@type\":\"ImageObject\",\"inLanguage\":\"es\",\"@id\":\"https:\\\/\\\/secure.gravatar.com\\\/avatar\\\/147d4b30cd728c53c29c49a3f7834dedca33707f4cd259761355846009a88250?s=96&d=mm&r=g\",\"url\":\"https:\\\/\\\/secure.gravatar.com\\\/avatar\\\/147d4b30cd728c53c29c49a3f7834dedca33707f4cd259761355846009a88250?s=96&d=mm&r=g\",\"contentUrl\":\"https:\\\/\\\/secure.gravatar.com\\\/avatar\\\/147d4b30cd728c53c29c49a3f7834dedca33707f4cd259761355846009a88250?s=96&d=mm&r=g\",\"caption\":\"Yucat\u00e1n en Corto FC\"},\"url\":\"https:\\\/\\\/www.yucatanencorto.com\\\/noticias\\\/author\\\/flor\\\/\"}]}<\/script>\n<!-- \/ Yoast SEO plugin. -->","yoast_head_json":{"title":"Clausuran restaurante \"El Mes\u00f3n Yucateco\" por aglomeraciones - Yucat\u00e1n en corto","robots":{"index":"index","follow":"follow","max-snippet":"max-snippet:-1","max-image-preview":"max-image-preview:large","max-video-preview":"max-video-preview:-1"},"canonical":"https:\/\/www.yucatanencorto.com\/noticias\/clausuran-restaurante-el-meson-yucateco-por-aglomeraciones\/","og_locale":"es_ES","og_type":"article","og_title":"Clausuran restaurante \"El Mes\u00f3n Yucateco\" por aglomeraciones - Yucat\u00e1n en corto","og_description":"M\u00e9rida, Yucat\u00e1n, 4 de agosto de 2021.- Por incumplir con las medidas y protocolos sanitarios, personal del Gobierno del Estado clausur\u00f3 el restaurante el Mes\u00f3n Yucateco, el cual se ubica en el oriente de esta ciudad, por lo que el\u00a0 responsable del lugar podr\u00eda ser acreedor a una multa de hasta 180,000 pesos. El Gobierno [&hellip;]","og_url":"https:\/\/www.yucatanencorto.com\/noticias\/clausuran-restaurante-el-meson-yucateco-por-aglomeraciones\/","og_site_name":"Yucat\u00e1n en corto","article_publisher":"http:\/\/www.facebook.com\/yucatanencorto","article_published_time":"2021-08-04T22:19:04+00:00","og_image":[{"width":768,"height":613,"url":"https:\/\/www.yucatanencorto.com\/noticias\/wp-content\/uploads\/2021\/08\/WhatsApp-Image-2021-08-04-at-5.07.07-PM-1-scaled.jpeg","type":"image\/jpeg"}],"author":"Yucat\u00e1n en Corto FC","twitter_card":"summary_large_image","twitter_creator":"@yucatanencorto","twitter_site":"@yucatanencorto","twitter_misc":{"Escrito por":"Yucat\u00e1n en Corto FC","Tiempo de lectura":"2 minutos"},"schema":{"@context":"https:\/\/schema.org","@graph":[{"@type":"Article","@id":"https:\/\/www.yucatanencorto.com\/noticias\/clausuran-restaurante-el-meson-yucateco-por-aglomeraciones\/#article","isPartOf":{"@id":"https:\/\/www.yucatanencorto.com\/noticias\/clausuran-restaurante-el-meson-yucateco-por-aglomeraciones\/"},"author":{"name":"Yucat\u00e1n en Corto FC","@id":"https:\/\/www.yucatanencorto.com\/noticias\/#\/schema\/person\/14f82d355225a1f4075dd84a31f45a72"},"headline":"Clausuran restaurante \u00abEl Mes\u00f3n Yucateco\u00bb por aglomeraciones","datePublished":"2021-08-04T22:19:04+00:00","mainEntityOfPage":{"@id":"https:\/\/www.yucatanencorto.com\/noticias\/clausuran-restaurante-el-meson-yucateco-por-aglomeraciones\/"},"wordCount":373,"publisher":{"@id":"https:\/\/www.yucatanencorto.com\/noticias\/#organization"},"image":{"@id":"https:\/\/www.yucatanencorto.com\/noticias\/clausuran-restaurante-el-meson-yucateco-por-aglomeraciones\/#primaryimage"},"thumbnailUrl":"https:\/\/www.yucatanencorto.com\/noticias\/wp-content\/uploads\/2021\/08\/WhatsApp-Image-2021-08-04-at-5.07.07-PM-1-scaled.jpeg","articleSection":["Yucat\u00e1n"],"inLanguage":"es"},{"@type":"WebPage","@id":"https:\/\/www.yucatanencorto.com\/noticias\/clausuran-restaurante-el-meson-yucateco-por-aglomeraciones\/","url":"https:\/\/www.yucatanencorto.com\/noticias\/clausuran-restaurante-el-meson-yucateco-por-aglomeraciones\/","name":"Clausuran restaurante \"El Mes\u00f3n Yucateco\" por aglomeraciones - Yucat\u00e1n en corto","isPartOf":{"@id":"https:\/\/www.yucatanencorto.com\/noticias\/#website"},"primaryImageOfPage":{"@id":"https:\/\/www.yucatanencorto.com\/noticias\/clausuran-restaurante-el-meson-yucateco-por-aglomeraciones\/#primaryimage"},"image":{"@id":"https:\/\/www.yucatanencorto.com\/noticias\/clausuran-restaurante-el-meson-yucateco-por-aglomeraciones\/#primaryimage"},"thumbnailUrl":"https:\/\/www.yucatanencorto.com\/noticias\/wp-content\/uploads\/2021\/08\/WhatsApp-Image-2021-08-04-at-5.07.07-PM-1-scaled.jpeg","datePublished":"2021-08-04T22:19:04+00:00","breadcrumb":{"@id":"https:\/\/www.yucatanencorto.com\/noticias\/clausuran-restaurante-el-meson-yucateco-por-aglomeraciones\/#breadcrumb"},"inLanguage":"es","potentialAction":[{"@type":"ReadAction","target":["https:\/\/www.yucatanencorto.com\/noticias\/clausuran-restaurante-el-meson-yucateco-por-aglomeraciones\/"]}]},{"@type":"ImageObject","inLanguage":"es","@id":"https:\/\/www.yucatanencorto.com\/noticias\/clausuran-restaurante-el-meson-yucateco-por-aglomeraciones\/#primaryimage","url":"https:\/\/www.yucatanencorto.com\/noticias\/wp-content\/uploads\/2021\/08\/WhatsApp-Image-2021-08-04-at-5.07.07-PM-1-scaled.jpeg","contentUrl":"https:\/\/www.yucatanencorto.com\/noticias\/wp-content\/uploads\/2021\/08\/WhatsApp-Image-2021-08-04-at-5.07.07-PM-1-scaled.jpeg","width":768,"height":613},{"@type":"BreadcrumbList","@id":"https:\/\/www.yucatanencorto.com\/noticias\/clausuran-restaurante-el-meson-yucateco-por-aglomeraciones\/#breadcrumb","itemListElement":[{"@type":"ListItem","position":1,"name":"Portada","item":"https:\/\/www.yucatanencorto.com\/noticias\/"},{"@type":"ListItem","position":2,"name":"Clausuran restaurante \u00abEl Mes\u00f3n Yucateco\u00bb por aglomeraciones"}]},{"@type":"WebSite","@id":"https:\/\/www.yucatanencorto.com\/noticias\/#website","url":"https:\/\/www.yucatanencorto.com\/noticias\/","name":"Yucat\u00e1n en corto","description":"Noticias","publisher":{"@id":"https:\/\/www.yucatanencorto.com\/noticias\/#organization"},"potentialAction":[{"@type":"SearchAction","target":{"@type":"EntryPoint","urlTemplate":"https:\/\/www.yucatanencorto.com\/noticias\/?s={search_term_string}"},"query-input":{"@type":"PropertyValueSpecification","valueRequired":true,"valueName":"search_term_string"}}],"inLanguage":"es"},{"@type":"Organization","@id":"https:\/\/www.yucatanencorto.com\/noticias\/#organization","name":"Yucat\u00e1n en corto","url":"https:\/\/www.yucatanencorto.com\/noticias\/","logo":{"@type":"ImageObject","inLanguage":"es","@id":"https:\/\/www.yucatanencorto.com\/noticias\/#\/schema\/logo\/image\/","url":"https:\/\/www.yucatanencorto.com\/noticias\/wp-content\/uploads\/2026\/08\/Logo-web.png","contentUrl":"https:\/\/www.yucatanencorto.com\/noticias\/wp-content\/uploads\/2026\/08\/Logo-web.png","width":272,"height":90,"caption":"Yucat\u00e1n en corto"},"image":{"@id":"https:\/\/www.yucatanencorto.com\/noticias\/#\/schema\/logo\/image\/"},"sameAs":["http:\/\/www.facebook.com\/yucatanencorto","https:\/\/x.com\/yucatanencorto"]},{"@type":"Person","@id":"https:\/\/www.yucatanencorto.com\/noticias\/#\/schema\/person\/14f82d355225a1f4075dd84a31f45a72","name":"Yucat\u00e1n en Corto FC","image":{"@type":"ImageObject","inLanguage":"es","@id":"https:\/\/secure.gravatar.com\/avatar\/147d4b30cd728c53c29c49a3f7834dedca33707f4cd259761355846009a88250?s=96&d=mm&r=g","url":"https:\/\/secure.gravatar.com\/avatar\/147d4b30cd728c53c29c49a3f7834dedca33707f4cd259761355846009a88250?s=96&d=mm&r=g","contentUrl":"https:\/\/secure.gravatar.com\/avatar\/147d4b30cd728c53c29c49a3f7834dedca33707f4cd259761355846009a88250?s=96&d=mm&r=g","caption":"Yucat\u00e1n en Corto FC"},"url":"https:\/\/www.yucatanencorto.com\/noticias\/author\/flor\/"}]}},"_links":{"self":[{"href":"https:\/\/www.yucatanencorto.com\/noticias\/wp-json\/wp\/v2\/posts\/85437","targetHints":{"allow":["GET"]}}],"collection":[{"href":"https:\/\/www.yucatanencorto.com\/noticias\/wp-json\/wp\/v2\/posts"}],"about":[{"href":"https:\/\/www.yucatanencorto.com\/noticias\/wp-json\/wp\/v2\/types\/post"}],"author":[{"embeddable":true,"href":"https:\/\/www.yucatanencorto.com\/noticias\/wp-json\/wp\/v2\/users\/2"}],"replies":[{"embeddable":true,"href":"https:\/\/www.yucatanencorto.com\/noticias\/wp-json\/wp\/v2\/comments?post=85437"}],"version-history":[{"count":0,"href":"https:\/\/www.yucatanencorto.com\/noticias\/wp-json\/wp\/v2\/posts\/85437\/revisions"}],"wp:featuredmedia":[{"embeddable":true,"href":"https:\/\/www.yucatanencorto.com\/noticias\/wp-json\/wp\/v2\/media\/85439"}],"wp:attachment":[{"href":"https:\/\/www.yucatanencorto.com\/noticias\/wp-json\/wp\/v2\/media?parent=85437"}],"wp:term":[{"taxonomy":"category","embeddable":true,"href":"https:\/\/www.yucatanencorto.com\/noticias\/wp-json\/wp\/v2\/categories?post=85437"},{"taxonomy":"post_tag","embeddable":true,"href":"https:\/\/www.yucatanencorto.com\/noticias\/wp-json\/wp\/v2\/tags?post=85437"}],"curies":[{"name":"wp","href":"https:\/\/api.w.org\/{rel}","templated":true}]}}