{"id":85450,"date":"2021-08-05T15:10:18","date_gmt":"2021-08-05T20:10:18","guid":{"rendered":"https:\/\/www.yucatanencorto.com\/noticias\/?p=85450"},"modified":"2021-08-05T15:10:18","modified_gmt":"2021-08-05T20:10:18","slug":"4-millones-de-mexicanos-entre-ellos-165-mil-yucatecos-caen-bajo-la-linea-de-la-pobreza-a-causa-de-la-pandemia","status":"publish","type":"post","link":"https:\/\/www.yucatanencorto.com\/noticias\/4-millones-de-mexicanos-entre-ellos-165-mil-yucatecos-caen-bajo-la-linea-de-la-pobreza-a-causa-de-la-pandemia\/","title":{"rendered":"4 millones de mexicanos, entre ellos 165 mil yucatecos, caen bajo la l\u00ednea de la pobreza a causa de la pandem\u00eda"},"content":{"rendered":"<p>&nbsp;<\/p>\n<p>&nbsp;<\/p>\n<p><img loading=\"lazy\" decoding=\"async\" class=\"alignnone size-full wp-image-85451\" src=\"https:\/\/www.yucatanencorto.com\/noticias\/wp-content\/uploads\/2021\/08\/apoyos-.jpg\" alt=\"\" width=\"640\" height=\"427\" srcset=\"https:\/\/www.yucatanencorto.com\/noticias\/wp-content\/uploads\/2021\/08\/apoyos-.jpg 640w, https:\/\/www.yucatanencorto.com\/noticias\/wp-content\/uploads\/2021\/08\/apoyos--630x420.jpg 630w\" sizes=\"auto, (max-width: 640px) 100vw, 640px\" \/><\/p>\n<p>&nbsp;<\/p>\n<p style=\"text-align: justify;\">M\u00e9rida, Yucat\u00e1n, 5 de agosto de 2021.- Las afectaciones sociales y el impacto econ\u00f3mico de la pandemia del Coronavirus afectaron duramente los ingresos de la sociedad mexicana, empujando a m\u00e1s de cuatro millones de compatriotas bajo la l\u00ednea de la pobreza, de acuerdo con los resultados de la medici\u00f3n multidimensional de la pobreza para el a\u00f1o 2020, emitido por el Consejo Nacional de Evaluaci\u00f3n de la Pol\u00edtica de Desarrollo Social (Coneval).<\/p>\n<p style=\"text-align: justify;\">De acuerdo con los resultados emitidos hoy, en M\u00e9xico existen m\u00e1s de 155 millones de personas en situaci\u00f3n de pobreza, lo que signific\u00f3 un incremento de 2 puntos porcentuales, en comparaci\u00f3n con el 2018.<\/p>\n<p style=\"text-align: justify;\">Mientras tanto, en Yucat\u00e1n, los datos presentados ratifican las primeras estimaciones del Gobierno del estado, realizadas en mayo de 2020, cuando se consider\u00f3 que la contingencia sanitaria causada por COVID-19 generar\u00eda un incremento potencial de 163 mil pobres.<\/p>\n<p style=\"text-align: justify;\">La medici\u00f3n de la pobreza se realiz\u00f3 del 21 de agosto al 28 de noviembre de 2020 a partir de la Encuesta Nacional de Ingreso-Gasto de los Hogares que levant\u00f3 el Instituto Nacional de Estad\u00edstica y Geograf\u00eda (Inegi), por lo que los resultados presentados el d\u00eda de hoy reflejan el impacto, no s\u00f3lo de la contingencia sanitaria, sino tambi\u00e9n los efectos de cinco fen\u00f3menos meteorol\u00f3gicos: las tormentas tropicales Amanda, Crist\u00f3bal, Gamma y los huracanes Delta y Zeta, que provocaron inundaciones y p\u00e9rdidas millonarias de materiales no s\u00f3lo en el campo, sino tambi\u00e9n en zonas urbanas.<\/p>\n<p style=\"text-align: justify;\">De las seis carencias consideradas para la medici\u00f3n de pobreza multidimensional y reportadas por el Coneval, la entidad redujo el porcentaje de poblaci\u00f3n en tres y registr\u00f3 incrementos en las otras restantes. Las tres carencias que incrementaron entre 2018 y 2020 fueron las de acceso a servicios de salud, que increment\u00f3 10.7 puntos porcentuales para ubicarse en 24.7%; la de acceso a la alimentaci\u00f3n nutritiva y de calidad que subi\u00f3 3.3 puntos porcentuales y se coloc\u00f3 en 24.6%, y finalmente, el Rezago Educativo, que increment\u00f3 0.3 puntos respecto de 2018 para colocarse en 21.8% en 2020.<\/p>\n<p style=\"text-align: justify;\">De manera particular, las carencias que disminuyeron respecto de 2018 fueron las de acceso a la seguridad social, que disminuy\u00f3 -0.4 puntos porcentuales para ubicarse en 49.4%; carencia por calidad y espacios de la vivienda que se redujo -1.6 puntos porcentuales para ubicarse en 12%, y carencia por servicios b\u00e1sicos en la vivienda que disminuy\u00f3 -3.8 puntos porcentuales, para ubicarse en 34.6 por ciento.<\/p>\n<p style=\"text-align: justify;\">As\u00ed, en la comparaci\u00f3n nacional, el reporte registra que Yucat\u00e1n se mantiene en el n\u00famero 16 en cuanto al mayor n\u00famero de pobres, misma posici\u00f3n que ocup\u00f3 en 2018, a pesar de enfrentar el a\u00f1o m\u00e1s dif\u00edcil de la historia moderna con la llegada de la pandemia y cinco fen\u00f3menos meteorol\u00f3gicos que causaron diversas afectaciones. Puesto en contexto, las 164,600 personas en condiciones de pobreza registradas en el estado significan el 2.1% del total nacional.<\/p>\n<p style=\"text-align: justify;\">Ante ello, el Gobierno del Estado ha implementado una serie de programas y acciones en materia de empleo formal durante la contingencia sanitaria, al desarrollar 20 intervenciones p\u00fablicas que contemplan el otorgamiento de cr\u00e9ditos, subsidios al empleo e incentivos fiscales, por lo que el Coneval ha reconocido que Yucat\u00e1n es la entidad del pa\u00eds con el mayor n\u00famero de iniciativas impulsadas para contrarrestar los efectos de la pandemia.<\/p>\n<p style=\"text-align: justify;\">Cabe recordar que en el pasado mes de julio se report\u00f3 que, durante los \u00faltimos 11 meses, de agosto de 2020 a junio de 2021, en Yucat\u00e1n se han recuperado un total de 20,299 empleos. Este resultado fruto del trabajo coordinado entre gobierno, sociedad e iniciativa privada sienta las bases para seguir adelante en la reactivaci\u00f3n y transformaci\u00f3n de la econom\u00eda yucateca.<\/p>\n<p style=\"text-align: justify;\">Yucat\u00e1n no pudo contar con una mayor inversi\u00f3n p\u00fablica por el rechazo del Congreso local al plan de creaci\u00f3n de empleos presentado por el Ejecutivo, el que hubiera evitado que miles de familias cayeran en la pobreza al ver desaparecido su empleo por las condiciones sanitarias.<\/p>\n<p style=\"text-align: justify;\">\n<p style=\"text-align: justify;\">\n","protected":false},"excerpt":{"rendered":"<p>&nbsp; &nbsp; &nbsp; M\u00e9rida, Yucat\u00e1n, 5 de agosto de 2021.- Las afectaciones sociales y el impacto econ\u00f3mico de la pandemia del Coronavirus afectaron duramente los ingresos de la sociedad mexicana, empujando a m\u00e1s de cuatro millones de compatriotas bajo la l\u00ednea de la pobreza, de acuerdo con los resultados de la medici\u00f3n multidimensional de la [&hellip;]<\/p>\n","protected":false},"author":2,"featured_media":85451,"comment_status":"closed","ping_status":"closed","sticky":false,"template":"","format":"standard","meta":{"footnotes":""},"categories":[3],"tags":[512,9564,711,592],"class_list":{"0":"post-85450","1":"post","2":"type-post","3":"status-publish","4":"format-standard","5":"has-post-thumbnail","7":"category-yucatan","8":"tag-mexicanos","9":"tag-pandemia","10":"tag-pobreza","11":"tag-yucatecos"},"yoast_head":"<!-- This site is optimized with the Yoast SEO plugin v27.4 - https:\/\/yoast.com\/product\/yoast-seo-wordpress\/ -->\n<title>4 millones de mexicanos, entre ellos 165 mil yucatecos, caen bajo la l\u00ednea de la pobreza a causa de la pandem\u00eda - Yucat\u00e1n en corto<\/title>\n<meta name=\"robots\" content=\"index, follow, max-snippet:-1, max-image-preview:large, max-video-preview:-1\" \/>\n<link rel=\"canonical\" href=\"https:\/\/www.yucatanencorto.com\/noticias\/4-millones-de-mexicanos-entre-ellos-165-mil-yucatecos-caen-bajo-la-linea-de-la-pobreza-a-causa-de-la-pandemia\/\" \/>\n<meta property=\"og:locale\" content=\"es_ES\" \/>\n<meta property=\"og:type\" content=\"article\" \/>\n<meta property=\"og:title\" content=\"4 millones de mexicanos, entre ellos 165 mil yucatecos, caen bajo la l\u00ednea de la pobreza a causa de la pandem\u00eda - Yucat\u00e1n en corto\" \/>\n<meta property=\"og:description\" content=\"&nbsp; &nbsp; &nbsp; M\u00e9rida, Yucat\u00e1n, 5 de agosto de 2021.- Las afectaciones sociales y el impacto econ\u00f3mico de la pandemia del Coronavirus afectaron duramente los ingresos de la sociedad mexicana, empujando a m\u00e1s de cuatro millones de compatriotas bajo la l\u00ednea de la pobreza, de acuerdo con los resultados de la medici\u00f3n multidimensional de la [&hellip;]\" \/>\n<meta property=\"og:url\" content=\"https:\/\/www.yucatanencorto.com\/noticias\/4-millones-de-mexicanos-entre-ellos-165-mil-yucatecos-caen-bajo-la-linea-de-la-pobreza-a-causa-de-la-pandemia\/\" \/>\n<meta property=\"og:site_name\" content=\"Yucat\u00e1n en corto\" \/>\n<meta property=\"article:publisher\" content=\"http:\/\/www.facebook.com\/yucatanencorto\" \/>\n<meta property=\"article:published_time\" content=\"2021-08-05T20:10:18+00:00\" \/>\n<meta property=\"og:image\" content=\"https:\/\/www.yucatanencorto.com\/noticias\/wp-content\/uploads\/2021\/08\/apoyos-.jpg\" \/>\n\t<meta property=\"og:image:width\" content=\"640\" \/>\n\t<meta property=\"og:image:height\" content=\"427\" \/>\n\t<meta property=\"og:image:type\" content=\"image\/jpeg\" \/>\n<meta name=\"author\" content=\"Yucat\u00e1n en Corto FC\" \/>\n<meta name=\"twitter:card\" content=\"summary_large_image\" \/>\n<meta name=\"twitter:creator\" content=\"@yucatanencorto\" \/>\n<meta name=\"twitter:site\" content=\"@yucatanencorto\" \/>\n<meta name=\"twitter:label1\" content=\"Escrito por\" \/>\n\t<meta name=\"twitter:data1\" content=\"Yucat\u00e1n en Corto FC\" \/>\n\t<meta name=\"twitter:label2\" content=\"Tiempo de lectura\" \/>\n\t<meta name=\"twitter:data2\" content=\"4 minutos\" \/>\n<script type=\"application\/ld+json\" class=\"yoast-schema-graph\">{\"@context\":\"https:\\\/\\\/schema.org\",\"@graph\":[{\"@type\":\"Article\",\"@id\":\"https:\\\/\\\/www.yucatanencorto.com\\\/noticias\\\/4-millones-de-mexicanos-entre-ellos-165-mil-yucatecos-caen-bajo-la-linea-de-la-pobreza-a-causa-de-la-pandemia\\\/#article\",\"isPartOf\":{\"@id\":\"https:\\\/\\\/www.yucatanencorto.com\\\/noticias\\\/4-millones-de-mexicanos-entre-ellos-165-mil-yucatecos-caen-bajo-la-linea-de-la-pobreza-a-causa-de-la-pandemia\\\/\"},\"author\":{\"name\":\"Yucat\u00e1n en Corto FC\",\"@id\":\"https:\\\/\\\/www.yucatanencorto.com\\\/noticias\\\/#\\\/schema\\\/person\\\/14f82d355225a1f4075dd84a31f45a72\"},\"headline\":\"4 millones de mexicanos, entre ellos 165 mil yucatecos, caen bajo la l\u00ednea de la pobreza a causa de la pandem\u00eda\",\"datePublished\":\"2021-08-05T20:10:18+00:00\",\"mainEntityOfPage\":{\"@id\":\"https:\\\/\\\/www.yucatanencorto.com\\\/noticias\\\/4-millones-de-mexicanos-entre-ellos-165-mil-yucatecos-caen-bajo-la-linea-de-la-pobreza-a-causa-de-la-pandemia\\\/\"},\"wordCount\":694,\"image\":{\"@id\":\"https:\\\/\\\/www.yucatanencorto.com\\\/noticias\\\/4-millones-de-mexicanos-entre-ellos-165-mil-yucatecos-caen-bajo-la-linea-de-la-pobreza-a-causa-de-la-pandemia\\\/#primaryimage\"},\"thumbnailUrl\":\"https:\\\/\\\/www.yucatanencorto.com\\\/noticias\\\/wp-content\\\/uploads\\\/2021\\\/08\\\/apoyos-.jpg\",\"keywords\":[\"Mexicanos\",\"pandemia\",\"Pobreza\",\"yucatecos\"],\"articleSection\":[\"Yucat\u00e1n\"],\"inLanguage\":\"es\"},{\"@type\":\"WebPage\",\"@id\":\"https:\\\/\\\/www.yucatanencorto.com\\\/noticias\\\/4-millones-de-mexicanos-entre-ellos-165-mil-yucatecos-caen-bajo-la-linea-de-la-pobreza-a-causa-de-la-pandemia\\\/\",\"url\":\"https:\\\/\\\/www.yucatanencorto.com\\\/noticias\\\/4-millones-de-mexicanos-entre-ellos-165-mil-yucatecos-caen-bajo-la-linea-de-la-pobreza-a-causa-de-la-pandemia\\\/\",\"name\":\"4 millones de mexicanos, entre ellos 165 mil yucatecos, caen bajo la l\u00ednea de la pobreza a causa de la pandem\u00eda - Yucat\u00e1n en corto\",\"isPartOf\":{\"@id\":\"https:\\\/\\\/www.yucatanencorto.com\\\/noticias\\\/#website\"},\"primaryImageOfPage\":{\"@id\":\"https:\\\/\\\/www.yucatanencorto.com\\\/noticias\\\/4-millones-de-mexicanos-entre-ellos-165-mil-yucatecos-caen-bajo-la-linea-de-la-pobreza-a-causa-de-la-pandemia\\\/#primaryimage\"},\"image\":{\"@id\":\"https:\\\/\\\/www.yucatanencorto.com\\\/noticias\\\/4-millones-de-mexicanos-entre-ellos-165-mil-yucatecos-caen-bajo-la-linea-de-la-pobreza-a-causa-de-la-pandemia\\\/#primaryimage\"},\"thumbnailUrl\":\"https:\\\/\\\/www.yucatanencorto.com\\\/noticias\\\/wp-content\\\/uploads\\\/2021\\\/08\\\/apoyos-.jpg\",\"datePublished\":\"2021-08-05T20:10:18+00:00\",\"author\":{\"@id\":\"https:\\\/\\\/www.yucatanencorto.com\\\/noticias\\\/#\\\/schema\\\/person\\\/14f82d355225a1f4075dd84a31f45a72\"},\"breadcrumb\":{\"@id\":\"https:\\\/\\\/www.yucatanencorto.com\\\/noticias\\\/4-millones-de-mexicanos-entre-ellos-165-mil-yucatecos-caen-bajo-la-linea-de-la-pobreza-a-causa-de-la-pandemia\\\/#breadcrumb\"},\"inLanguage\":\"es\",\"potentialAction\":[{\"@type\":\"ReadAction\",\"target\":[\"https:\\\/\\\/www.yucatanencorto.com\\\/noticias\\\/4-millones-de-mexicanos-entre-ellos-165-mil-yucatecos-caen-bajo-la-linea-de-la-pobreza-a-causa-de-la-pandemia\\\/\"]}]},{\"@type\":\"ImageObject\",\"inLanguage\":\"es\",\"@id\":\"https:\\\/\\\/www.yucatanencorto.com\\\/noticias\\\/4-millones-de-mexicanos-entre-ellos-165-mil-yucatecos-caen-bajo-la-linea-de-la-pobreza-a-causa-de-la-pandemia\\\/#primaryimage\",\"url\":\"https:\\\/\\\/www.yucatanencorto.com\\\/noticias\\\/wp-content\\\/uploads\\\/2021\\\/08\\\/apoyos-.jpg\",\"contentUrl\":\"https:\\\/\\\/www.yucatanencorto.com\\\/noticias\\\/wp-content\\\/uploads\\\/2021\\\/08\\\/apoyos-.jpg\",\"width\":640,\"height\":427},{\"@type\":\"BreadcrumbList\",\"@id\":\"https:\\\/\\\/www.yucatanencorto.com\\\/noticias\\\/4-millones-de-mexicanos-entre-ellos-165-mil-yucatecos-caen-bajo-la-linea-de-la-pobreza-a-causa-de-la-pandemia\\\/#breadcrumb\",\"itemListElement\":[{\"@type\":\"ListItem\",\"position\":1,\"name\":\"Portada\",\"item\":\"https:\\\/\\\/www.yucatanencorto.com\\\/noticias\\\/\"},{\"@type\":\"ListItem\",\"position\":2,\"name\":\"4 millones de mexicanos, entre ellos 165 mil yucatecos, caen bajo la l\u00ednea de la pobreza a causa de la pandem\u00eda\"}]},{\"@type\":\"WebSite\",\"@id\":\"https:\\\/\\\/www.yucatanencorto.com\\\/noticias\\\/#website\",\"url\":\"https:\\\/\\\/www.yucatanencorto.com\\\/noticias\\\/\",\"name\":\"Yucat\u00e1n en corto\",\"description\":\"Noticias\",\"potentialAction\":[{\"@type\":\"SearchAction\",\"target\":{\"@type\":\"EntryPoint\",\"urlTemplate\":\"https:\\\/\\\/www.yucatanencorto.com\\\/noticias\\\/?s={search_term_string}\"},\"query-input\":{\"@type\":\"PropertyValueSpecification\",\"valueRequired\":true,\"valueName\":\"search_term_string\"}}],\"inLanguage\":\"es\"},{\"@type\":\"Person\",\"@id\":\"https:\\\/\\\/www.yucatanencorto.com\\\/noticias\\\/#\\\/schema\\\/person\\\/14f82d355225a1f4075dd84a31f45a72\",\"name\":\"Yucat\u00e1n en Corto FC\",\"image\":{\"@type\":\"ImageObject\",\"inLanguage\":\"es\",\"@id\":\"https:\\\/\\\/secure.gravatar.com\\\/avatar\\\/147d4b30cd728c53c29c49a3f7834dedca33707f4cd259761355846009a88250?s=96&d=mm&r=g\",\"url\":\"https:\\\/\\\/secure.gravatar.com\\\/avatar\\\/147d4b30cd728c53c29c49a3f7834dedca33707f4cd259761355846009a88250?s=96&d=mm&r=g\",\"contentUrl\":\"https:\\\/\\\/secure.gravatar.com\\\/avatar\\\/147d4b30cd728c53c29c49a3f7834dedca33707f4cd259761355846009a88250?s=96&d=mm&r=g\",\"caption\":\"Yucat\u00e1n en Corto FC\"},\"url\":\"https:\\\/\\\/www.yucatanencorto.com\\\/noticias\\\/author\\\/flor\\\/\"}]}<\/script>\n<!-- \/ Yoast SEO plugin. -->","yoast_head_json":{"title":"4 millones de mexicanos, entre ellos 165 mil yucatecos, caen bajo la l\u00ednea de la pobreza a causa de la pandem\u00eda - Yucat\u00e1n en corto","robots":{"index":"index","follow":"follow","max-snippet":"max-snippet:-1","max-image-preview":"max-image-preview:large","max-video-preview":"max-video-preview:-1"},"canonical":"https:\/\/www.yucatanencorto.com\/noticias\/4-millones-de-mexicanos-entre-ellos-165-mil-yucatecos-caen-bajo-la-linea-de-la-pobreza-a-causa-de-la-pandemia\/","og_locale":"es_ES","og_type":"article","og_title":"4 millones de mexicanos, entre ellos 165 mil yucatecos, caen bajo la l\u00ednea de la pobreza a causa de la pandem\u00eda - Yucat\u00e1n en corto","og_description":"&nbsp; &nbsp; &nbsp; M\u00e9rida, Yucat\u00e1n, 5 de agosto de 2021.- Las afectaciones sociales y el impacto econ\u00f3mico de la pandemia del Coronavirus afectaron duramente los ingresos de la sociedad mexicana, empujando a m\u00e1s de cuatro millones de compatriotas bajo la l\u00ednea de la pobreza, de acuerdo con los resultados de la medici\u00f3n multidimensional de la [&hellip;]","og_url":"https:\/\/www.yucatanencorto.com\/noticias\/4-millones-de-mexicanos-entre-ellos-165-mil-yucatecos-caen-bajo-la-linea-de-la-pobreza-a-causa-de-la-pandemia\/","og_site_name":"Yucat\u00e1n en corto","article_publisher":"http:\/\/www.facebook.com\/yucatanencorto","article_published_time":"2021-08-05T20:10:18+00:00","og_image":[{"width":640,"height":427,"url":"https:\/\/www.yucatanencorto.com\/noticias\/wp-content\/uploads\/2021\/08\/apoyos-.jpg","type":"image\/jpeg"}],"author":"Yucat\u00e1n en Corto FC","twitter_card":"summary_large_image","twitter_creator":"@yucatanencorto","twitter_site":"@yucatanencorto","twitter_misc":{"Escrito por":"Yucat\u00e1n en Corto FC","Tiempo de lectura":"4 minutos"},"schema":{"@context":"https:\/\/schema.org","@graph":[{"@type":"Article","@id":"https:\/\/www.yucatanencorto.com\/noticias\/4-millones-de-mexicanos-entre-ellos-165-mil-yucatecos-caen-bajo-la-linea-de-la-pobreza-a-causa-de-la-pandemia\/#article","isPartOf":{"@id":"https:\/\/www.yucatanencorto.com\/noticias\/4-millones-de-mexicanos-entre-ellos-165-mil-yucatecos-caen-bajo-la-linea-de-la-pobreza-a-causa-de-la-pandemia\/"},"author":{"name":"Yucat\u00e1n en Corto FC","@id":"https:\/\/www.yucatanencorto.com\/noticias\/#\/schema\/person\/14f82d355225a1f4075dd84a31f45a72"},"headline":"4 millones de mexicanos, entre ellos 165 mil yucatecos, caen bajo la l\u00ednea de la pobreza a causa de la pandem\u00eda","datePublished":"2021-08-05T20:10:18+00:00","mainEntityOfPage":{"@id":"https:\/\/www.yucatanencorto.com\/noticias\/4-millones-de-mexicanos-entre-ellos-165-mil-yucatecos-caen-bajo-la-linea-de-la-pobreza-a-causa-de-la-pandemia\/"},"wordCount":694,"image":{"@id":"https:\/\/www.yucatanencorto.com\/noticias\/4-millones-de-mexicanos-entre-ellos-165-mil-yucatecos-caen-bajo-la-linea-de-la-pobreza-a-causa-de-la-pandemia\/#primaryimage"},"thumbnailUrl":"https:\/\/www.yucatanencorto.com\/noticias\/wp-content\/uploads\/2021\/08\/apoyos-.jpg","keywords":["Mexicanos","pandemia","Pobreza","yucatecos"],"articleSection":["Yucat\u00e1n"],"inLanguage":"es"},{"@type":"WebPage","@id":"https:\/\/www.yucatanencorto.com\/noticias\/4-millones-de-mexicanos-entre-ellos-165-mil-yucatecos-caen-bajo-la-linea-de-la-pobreza-a-causa-de-la-pandemia\/","url":"https:\/\/www.yucatanencorto.com\/noticias\/4-millones-de-mexicanos-entre-ellos-165-mil-yucatecos-caen-bajo-la-linea-de-la-pobreza-a-causa-de-la-pandemia\/","name":"4 millones de mexicanos, entre ellos 165 mil yucatecos, caen bajo la l\u00ednea de la pobreza a causa de la pandem\u00eda - Yucat\u00e1n en corto","isPartOf":{"@id":"https:\/\/www.yucatanencorto.com\/noticias\/#website"},"primaryImageOfPage":{"@id":"https:\/\/www.yucatanencorto.com\/noticias\/4-millones-de-mexicanos-entre-ellos-165-mil-yucatecos-caen-bajo-la-linea-de-la-pobreza-a-causa-de-la-pandemia\/#primaryimage"},"image":{"@id":"https:\/\/www.yucatanencorto.com\/noticias\/4-millones-de-mexicanos-entre-ellos-165-mil-yucatecos-caen-bajo-la-linea-de-la-pobreza-a-causa-de-la-pandemia\/#primaryimage"},"thumbnailUrl":"https:\/\/www.yucatanencorto.com\/noticias\/wp-content\/uploads\/2021\/08\/apoyos-.jpg","datePublished":"2021-08-05T20:10:18+00:00","author":{"@id":"https:\/\/www.yucatanencorto.com\/noticias\/#\/schema\/person\/14f82d355225a1f4075dd84a31f45a72"},"breadcrumb":{"@id":"https:\/\/www.yucatanencorto.com\/noticias\/4-millones-de-mexicanos-entre-ellos-165-mil-yucatecos-caen-bajo-la-linea-de-la-pobreza-a-causa-de-la-pandemia\/#breadcrumb"},"inLanguage":"es","potentialAction":[{"@type":"ReadAction","target":["https:\/\/www.yucatanencorto.com\/noticias\/4-millones-de-mexicanos-entre-ellos-165-mil-yucatecos-caen-bajo-la-linea-de-la-pobreza-a-causa-de-la-pandemia\/"]}]},{"@type":"ImageObject","inLanguage":"es","@id":"https:\/\/www.yucatanencorto.com\/noticias\/4-millones-de-mexicanos-entre-ellos-165-mil-yucatecos-caen-bajo-la-linea-de-la-pobreza-a-causa-de-la-pandemia\/#primaryimage","url":"https:\/\/www.yucatanencorto.com\/noticias\/wp-content\/uploads\/2021\/08\/apoyos-.jpg","contentUrl":"https:\/\/www.yucatanencorto.com\/noticias\/wp-content\/uploads\/2021\/08\/apoyos-.jpg","width":640,"height":427},{"@type":"BreadcrumbList","@id":"https:\/\/www.yucatanencorto.com\/noticias\/4-millones-de-mexicanos-entre-ellos-165-mil-yucatecos-caen-bajo-la-linea-de-la-pobreza-a-causa-de-la-pandemia\/#breadcrumb","itemListElement":[{"@type":"ListItem","position":1,"name":"Portada","item":"https:\/\/www.yucatanencorto.com\/noticias\/"},{"@type":"ListItem","position":2,"name":"4 millones de mexicanos, entre ellos 165 mil yucatecos, caen bajo la l\u00ednea de la pobreza a causa de la pandem\u00eda"}]},{"@type":"WebSite","@id":"https:\/\/www.yucatanencorto.com\/noticias\/#website","url":"https:\/\/www.yucatanencorto.com\/noticias\/","name":"Yucat\u00e1n en corto","description":"Noticias","potentialAction":[{"@type":"SearchAction","target":{"@type":"EntryPoint","urlTemplate":"https:\/\/www.yucatanencorto.com\/noticias\/?s={search_term_string}"},"query-input":{"@type":"PropertyValueSpecification","valueRequired":true,"valueName":"search_term_string"}}],"inLanguage":"es"},{"@type":"Person","@id":"https:\/\/www.yucatanencorto.com\/noticias\/#\/schema\/person\/14f82d355225a1f4075dd84a31f45a72","name":"Yucat\u00e1n en Corto FC","image":{"@type":"ImageObject","inLanguage":"es","@id":"https:\/\/secure.gravatar.com\/avatar\/147d4b30cd728c53c29c49a3f7834dedca33707f4cd259761355846009a88250?s=96&d=mm&r=g","url":"https:\/\/secure.gravatar.com\/avatar\/147d4b30cd728c53c29c49a3f7834dedca33707f4cd259761355846009a88250?s=96&d=mm&r=g","contentUrl":"https:\/\/secure.gravatar.com\/avatar\/147d4b30cd728c53c29c49a3f7834dedca33707f4cd259761355846009a88250?s=96&d=mm&r=g","caption":"Yucat\u00e1n en Corto FC"},"url":"https:\/\/www.yucatanencorto.com\/noticias\/author\/flor\/"}]}},"_links":{"self":[{"href":"https:\/\/www.yucatanencorto.com\/noticias\/wp-json\/wp\/v2\/posts\/85450","targetHints":{"allow":["GET"]}}],"collection":[{"href":"https:\/\/www.yucatanencorto.com\/noticias\/wp-json\/wp\/v2\/posts"}],"about":[{"href":"https:\/\/www.yucatanencorto.com\/noticias\/wp-json\/wp\/v2\/types\/post"}],"author":[{"embeddable":true,"href":"https:\/\/www.yucatanencorto.com\/noticias\/wp-json\/wp\/v2\/users\/2"}],"replies":[{"embeddable":true,"href":"https:\/\/www.yucatanencorto.com\/noticias\/wp-json\/wp\/v2\/comments?post=85450"}],"version-history":[{"count":0,"href":"https:\/\/www.yucatanencorto.com\/noticias\/wp-json\/wp\/v2\/posts\/85450\/revisions"}],"wp:featuredmedia":[{"embeddable":true,"href":"https:\/\/www.yucatanencorto.com\/noticias\/wp-json\/wp\/v2\/media\/85451"}],"wp:attachment":[{"href":"https:\/\/www.yucatanencorto.com\/noticias\/wp-json\/wp\/v2\/media?parent=85450"}],"wp:term":[{"taxonomy":"category","embeddable":true,"href":"https:\/\/www.yucatanencorto.com\/noticias\/wp-json\/wp\/v2\/categories?post=85450"},{"taxonomy":"post_tag","embeddable":true,"href":"https:\/\/www.yucatanencorto.com\/noticias\/wp-json\/wp\/v2\/tags?post=85450"}],"curies":[{"name":"wp","href":"https:\/\/api.w.org\/{rel}","templated":true}]}}