{"id":85454,"date":"2021-08-05T17:50:04","date_gmt":"2021-08-05T22:50:04","guid":{"rendered":"https:\/\/www.yucatanencorto.com\/noticias\/?p=85454"},"modified":"2021-08-05T17:50:04","modified_gmt":"2021-08-05T22:50:04","slug":"mauricio-vila-se-reune-con-amlo-para-tratar-el-tema-de-reubicacion-del-aeropuerto-de-merida","status":"publish","type":"post","link":"https:\/\/www.yucatanencorto.com\/noticias\/mauricio-vila-se-reune-con-amlo-para-tratar-el-tema-de-reubicacion-del-aeropuerto-de-merida\/","title":{"rendered":"Mauricio Vila se re\u00fane con AMLO para tratar el tema de reubicaci\u00f3n del aeropuerto de M\u00e9rida"},"content":{"rendered":"<p><img loading=\"lazy\" decoding=\"async\" class=\"alignnone size-full wp-image-85456\" src=\"https:\/\/www.yucatanencorto.com\/noticias\/wp-content\/uploads\/2021\/08\/image00001-scaled.jpeg\" alt=\"\" width=\"768\" height=\"614\" srcset=\"https:\/\/www.yucatanencorto.com\/noticias\/wp-content\/uploads\/2021\/08\/image00001-scaled.jpeg 768w, https:\/\/www.yucatanencorto.com\/noticias\/wp-content\/uploads\/2021\/08\/image00001-696x557.jpeg 696w, https:\/\/www.yucatanencorto.com\/noticias\/wp-content\/uploads\/2021\/08\/image00001-1068x854.jpeg 1068w, https:\/\/www.yucatanencorto.com\/noticias\/wp-content\/uploads\/2021\/08\/image00001-525x420.jpeg 525w\" sizes=\"auto, (max-width: 768px) 100vw, 768px\" \/>Ciudad de M\u00e9xico, 5 de agosto de 2021.- El Gobernador Mauricio Vila Dosal sostuvo este d\u00eda un encuentro con el presidente Andr\u00e9s Manuel L\u00f3pez Obrador en Palacio Nacional, donde estuvieron tratando temas relacionados a los diversos proyectos que se realizan en el estado como el Tren Maya, la ampliaci\u00f3n del Puerto de Altura de Progreso y la reubicaci\u00f3n del Aeropuerto de M\u00e9rida.<\/p>\n<p>Durante esa reuni\u00f3n, el Gobernador y el presidente de M\u00e9xico tambi\u00e9n abordaron nuevos proyectos de infraestructura que atiendan las necesidades de los yucatecos, tales como trabajos en las carreteras que fueron da\u00f1adas por las tormentas tropicales y los huracanes del a\u00f1o pasado, as\u00ed como la construcci\u00f3n del hospital de Ticul y la posibilidad de edificar un nuevo nosocomio en el estado.<\/p>\n<p>\u201cLos proyectos que la Federaci\u00f3n, algunas veces junto con la iniciativa privada, est\u00e1n llevando a cabo van a buen ritmo porque hay muy buena coordinaci\u00f3n entre el Gobierno Estatal y el Federal porque es un trabajo en equipo\u201d, asever\u00f3 Vila Dosal.<\/p>\n<p>En ese sentido, el Gobernador agradeci\u00f3 al Presidente su disposici\u00f3n para escuchar las necesidades de las y los yucatecos, as\u00ed como su inter\u00e9s en desarrollar importantes proyectos para detonar el desarrollo del estado, pues significan muy buenas noticias para Yucat\u00e1n.<\/p>\n<p>En el tema de la ampliaci\u00f3n del Puerto de Altura de Progreso, Vila Dosal y L\u00f3pez Obrador revisaron los tiempos y detalles de ese proyecto, para el cual se ha autorizado la ampliaci\u00f3n de alrededor de 40 hect\u00e1reas, con la posibilidad de que se pueda incrementar a m\u00e1s, pero antes haciendo los estudios pertinentes.<\/p>\n<p>Cabe se\u00f1alar que el aumento de calado de ese puerto permitir\u00e1 que lleguen al estado barcos m\u00e1s grandes a los que ahora llegan, toda vez que actualmente llegan embarcaciones 40 mil toneladas y con ese proyecto podr\u00e1n arribar buques de hasta 100 mil toneladas. Adem\u00e1s, con el aumento del ancho del canal, que pasar\u00e1 de 120 a 180 metros, podr\u00e1n arribar cruceros de 8 mil a 10 mil turistas, cuando ahora solo pueden llegar embarcaciones de 3 mil a 4 mil pasajeros.<\/p>\n<p>Tambi\u00e9n, Vila Dosal coment\u00f3 con el Presidente sobre la llegada a Yucat\u00e1n de la empresa italiana Fincantieri, que tan solo con su proyecto para la construcci\u00f3n de un astillero podr\u00eda ocupar aproximadamente 40 hect\u00e1reas y representar\u00e1 la inversi\u00f3n de 3,000 millones de pesos, la cual ser\u00eda adicional a lo que invertir\u00e1 en la modernizaci\u00f3n y ampliaci\u00f3n del Puerto.<\/p>\n<p>Sobre los avances de los tramos del Tren Maya en Yucat\u00e1n, el Gobernador y el Presidente hablaron sobre las estaciones contempladas en territorio yucateco, as\u00ed como la posibilidad de dar un buen uso a terrenos donde se ubican estaciones de tren antiguas. En ese sentido, tambi\u00e9n dialogaron sobre los planes a futuro para el rescate y aprovechamiento del terreno de la ex-estaci\u00f3n de trenes \u201cLa Plancha\u201d.<\/p>\n<p>Por su parte, la reubicaci\u00f3n del Aeropuerto de M\u00e9rida es un proyecto que se dar\u00e1 a conocer pr\u00f3ximamente y, a trav\u00e9s del cual, se realizar\u00e1 una importante inversi\u00f3n privada que contribuir\u00e1 a la reactivaci\u00f3n econ\u00f3mica del estado con la generaci\u00f3n de m\u00e1s de 8,000 nuevos empleos durante su construcci\u00f3n y traer\u00e1 diversos beneficios a la poblaci\u00f3n yucateca.<\/p>\n<p>Cabe recalcar que el Gobierno estatal no va a poner un solo peso para que se pueda realizar la reubicaci\u00f3n de la terminal a\u00e9rea meridana, por lo que, tras 2 a\u00f1os de gestiones ante el Gobierno federal, en las pr\u00f3ximas semanas se anunciar\u00e1n los pormenores del proyecto, el cual permitir\u00e1 eliminar la barda de 6 kil\u00f3metros del aeropuerto, que ha contribuido a crear la zona de m\u00e1s alta marginaci\u00f3n de toda la capital yucateca.<\/p>\n<p>En esta \u00e1rea viven m\u00e1s de 100 mil personas en situaci\u00f3n de pobreza, por lo que eliminar la barda va a permitir acercar mayores servicios y que puedan tener mejores condiciones de vida para que puedan salir adelante. Es decir, se va acabar con la separaci\u00f3n que origina el actual aeropuerto y permitir\u00e1 una mejor atenci\u00f3n de las zonas m\u00e1s all\u00e1 de la barda de la terminal a\u00e9rea<\/p>\n<p>Adem\u00e1s, este proyecto permitir\u00e1 liberar 600 hect\u00e1reas dentro del Anillo Perif\u00e9rico que permitir\u00e1n el crecimiento de la ciudad sin salirse de los l\u00edmites de la misma.<\/p>\n<p>En el tema del cuidado del medio ambiente, permitir\u00e1 la reducci\u00f3n del ruido y la emisi\u00f3n de contaminantes generados por las aeronaves en gran parte de la ciudad, al igual que mejorar la calidad de vida de los habitantes del sur de M\u00e9rida.<\/p>\n<p>Solo en su construcci\u00f3n, la reubicaci\u00f3n del aeropuerto de M\u00e9rida que va a estar generando m\u00e1s de 8,000 empleos durante su construcci\u00f3n. Con la reubicaci\u00f3n de la terminal a\u00e9rea, se pone a la par de grandes ciudades del pa\u00eds, generando mayores conexiones con otros estados y pa\u00edses del mundo, atrayendo m\u00e1s turismo y convirti\u00e9ndose en un centro log\u00edstico de relevancia nacional y para Latinoam\u00e9rica.<\/p>\n<p>Finalmente, Vila Dosal reiter\u00f3 a L\u00f3pez Obrador su disposici\u00f3n y completo respaldo a los proyectos que la administraci\u00f3n federal realiza en Yucat\u00e1n, as\u00ed como la apertura del Gobierno del Estado para trabajar en equipo y llevarlos a buen t\u00e9rmino.<\/p>\n","protected":false},"excerpt":{"rendered":"<p>Ciudad de M\u00e9xico, 5 de agosto de 2021.- El Gobernador Mauricio Vila Dosal sostuvo este d\u00eda un encuentro con el presidente Andr\u00e9s Manuel L\u00f3pez Obrador en Palacio Nacional, donde estuvieron tratando temas relacionados a los diversos proyectos que se realizan en el estado como el Tren Maya, la ampliaci\u00f3n del Puerto de Altura de Progreso [&hellip;]<\/p>\n","protected":false},"author":2,"featured_media":85456,"comment_status":"closed","ping_status":"closed","sticky":false,"template":"","format":"standard","meta":{"footnotes":""},"categories":[3],"tags":[],"class_list":{"0":"post-85454","1":"post","2":"type-post","3":"status-publish","4":"format-standard","5":"has-post-thumbnail","7":"category-yucatan"},"yoast_head":"<!-- This site is optimized with the Yoast SEO plugin v27.4 - https:\/\/yoast.com\/product\/yoast-seo-wordpress\/ -->\n<title>Mauricio Vila se re\u00fane con AMLO para tratar el tema de reubicaci\u00f3n del aeropuerto de M\u00e9rida - Yucat\u00e1n en corto<\/title>\n<meta name=\"robots\" content=\"index, follow, max-snippet:-1, max-image-preview:large, max-video-preview:-1\" \/>\n<link rel=\"canonical\" href=\"https:\/\/www.yucatanencorto.com\/noticias\/mauricio-vila-se-reune-con-amlo-para-tratar-el-tema-de-reubicacion-del-aeropuerto-de-merida\/\" \/>\n<meta property=\"og:locale\" content=\"es_ES\" \/>\n<meta property=\"og:type\" content=\"article\" \/>\n<meta property=\"og:title\" content=\"Mauricio Vila se re\u00fane con AMLO para tratar el tema de reubicaci\u00f3n del aeropuerto de M\u00e9rida - Yucat\u00e1n en corto\" \/>\n<meta property=\"og:description\" content=\"Ciudad de M\u00e9xico, 5 de agosto de 2021.- El Gobernador Mauricio Vila Dosal sostuvo este d\u00eda un encuentro con el presidente Andr\u00e9s Manuel L\u00f3pez Obrador en Palacio Nacional, donde estuvieron tratando temas relacionados a los diversos proyectos que se realizan en el estado como el Tren Maya, la ampliaci\u00f3n del Puerto de Altura de Progreso [&hellip;]\" \/>\n<meta property=\"og:url\" content=\"https:\/\/www.yucatanencorto.com\/noticias\/mauricio-vila-se-reune-con-amlo-para-tratar-el-tema-de-reubicacion-del-aeropuerto-de-merida\/\" \/>\n<meta property=\"og:site_name\" content=\"Yucat\u00e1n en corto\" \/>\n<meta property=\"article:publisher\" content=\"http:\/\/www.facebook.com\/yucatanencorto\" \/>\n<meta property=\"article:published_time\" content=\"2021-08-05T22:50:04+00:00\" \/>\n<meta property=\"og:image\" content=\"https:\/\/www.yucatanencorto.com\/noticias\/wp-content\/uploads\/2021\/08\/image00001-scaled.jpeg\" \/>\n\t<meta property=\"og:image:width\" content=\"768\" \/>\n\t<meta property=\"og:image:height\" content=\"614\" \/>\n\t<meta property=\"og:image:type\" content=\"image\/jpeg\" \/>\n<meta name=\"author\" content=\"Yucat\u00e1n en Corto FC\" \/>\n<meta name=\"twitter:card\" content=\"summary_large_image\" \/>\n<meta name=\"twitter:creator\" content=\"@yucatanencorto\" \/>\n<meta name=\"twitter:site\" content=\"@yucatanencorto\" \/>\n<meta name=\"twitter:label1\" content=\"Escrito por\" \/>\n\t<meta name=\"twitter:data1\" content=\"Yucat\u00e1n en Corto FC\" \/>\n\t<meta name=\"twitter:label2\" content=\"Tiempo de lectura\" \/>\n\t<meta name=\"twitter:data2\" content=\"4 minutos\" \/>\n<script type=\"application\/ld+json\" class=\"yoast-schema-graph\">{\"@context\":\"https:\\\/\\\/schema.org\",\"@graph\":[{\"@type\":\"Article\",\"@id\":\"https:\\\/\\\/www.yucatanencorto.com\\\/noticias\\\/mauricio-vila-se-reune-con-amlo-para-tratar-el-tema-de-reubicacion-del-aeropuerto-de-merida\\\/#article\",\"isPartOf\":{\"@id\":\"https:\\\/\\\/www.yucatanencorto.com\\\/noticias\\\/mauricio-vila-se-reune-con-amlo-para-tratar-el-tema-de-reubicacion-del-aeropuerto-de-merida\\\/\"},\"author\":{\"name\":\"Yucat\u00e1n en Corto FC\",\"@id\":\"https:\\\/\\\/www.yucatanencorto.com\\\/noticias\\\/#\\\/schema\\\/person\\\/14f82d355225a1f4075dd84a31f45a72\"},\"headline\":\"Mauricio Vila se re\u00fane con AMLO para tratar el tema de reubicaci\u00f3n del aeropuerto de M\u00e9rida\",\"datePublished\":\"2021-08-05T22:50:04+00:00\",\"mainEntityOfPage\":{\"@id\":\"https:\\\/\\\/www.yucatanencorto.com\\\/noticias\\\/mauricio-vila-se-reune-con-amlo-para-tratar-el-tema-de-reubicacion-del-aeropuerto-de-merida\\\/\"},\"wordCount\":928,\"image\":{\"@id\":\"https:\\\/\\\/www.yucatanencorto.com\\\/noticias\\\/mauricio-vila-se-reune-con-amlo-para-tratar-el-tema-de-reubicacion-del-aeropuerto-de-merida\\\/#primaryimage\"},\"thumbnailUrl\":\"https:\\\/\\\/www.yucatanencorto.com\\\/noticias\\\/wp-content\\\/uploads\\\/2021\\\/08\\\/image00001-scaled.jpeg\",\"articleSection\":[\"Yucat\u00e1n\"],\"inLanguage\":\"es\"},{\"@type\":\"WebPage\",\"@id\":\"https:\\\/\\\/www.yucatanencorto.com\\\/noticias\\\/mauricio-vila-se-reune-con-amlo-para-tratar-el-tema-de-reubicacion-del-aeropuerto-de-merida\\\/\",\"url\":\"https:\\\/\\\/www.yucatanencorto.com\\\/noticias\\\/mauricio-vila-se-reune-con-amlo-para-tratar-el-tema-de-reubicacion-del-aeropuerto-de-merida\\\/\",\"name\":\"Mauricio Vila se re\u00fane con AMLO para tratar el tema de reubicaci\u00f3n del aeropuerto de M\u00e9rida - Yucat\u00e1n en corto\",\"isPartOf\":{\"@id\":\"https:\\\/\\\/www.yucatanencorto.com\\\/noticias\\\/#website\"},\"primaryImageOfPage\":{\"@id\":\"https:\\\/\\\/www.yucatanencorto.com\\\/noticias\\\/mauricio-vila-se-reune-con-amlo-para-tratar-el-tema-de-reubicacion-del-aeropuerto-de-merida\\\/#primaryimage\"},\"image\":{\"@id\":\"https:\\\/\\\/www.yucatanencorto.com\\\/noticias\\\/mauricio-vila-se-reune-con-amlo-para-tratar-el-tema-de-reubicacion-del-aeropuerto-de-merida\\\/#primaryimage\"},\"thumbnailUrl\":\"https:\\\/\\\/www.yucatanencorto.com\\\/noticias\\\/wp-content\\\/uploads\\\/2021\\\/08\\\/image00001-scaled.jpeg\",\"datePublished\":\"2021-08-05T22:50:04+00:00\",\"author\":{\"@id\":\"https:\\\/\\\/www.yucatanencorto.com\\\/noticias\\\/#\\\/schema\\\/person\\\/14f82d355225a1f4075dd84a31f45a72\"},\"breadcrumb\":{\"@id\":\"https:\\\/\\\/www.yucatanencorto.com\\\/noticias\\\/mauricio-vila-se-reune-con-amlo-para-tratar-el-tema-de-reubicacion-del-aeropuerto-de-merida\\\/#breadcrumb\"},\"inLanguage\":\"es\",\"potentialAction\":[{\"@type\":\"ReadAction\",\"target\":[\"https:\\\/\\\/www.yucatanencorto.com\\\/noticias\\\/mauricio-vila-se-reune-con-amlo-para-tratar-el-tema-de-reubicacion-del-aeropuerto-de-merida\\\/\"]}]},{\"@type\":\"ImageObject\",\"inLanguage\":\"es\",\"@id\":\"https:\\\/\\\/www.yucatanencorto.com\\\/noticias\\\/mauricio-vila-se-reune-con-amlo-para-tratar-el-tema-de-reubicacion-del-aeropuerto-de-merida\\\/#primaryimage\",\"url\":\"https:\\\/\\\/www.yucatanencorto.com\\\/noticias\\\/wp-content\\\/uploads\\\/2021\\\/08\\\/image00001-scaled.jpeg\",\"contentUrl\":\"https:\\\/\\\/www.yucatanencorto.com\\\/noticias\\\/wp-content\\\/uploads\\\/2021\\\/08\\\/image00001-scaled.jpeg\",\"width\":768,\"height\":614},{\"@type\":\"BreadcrumbList\",\"@id\":\"https:\\\/\\\/www.yucatanencorto.com\\\/noticias\\\/mauricio-vila-se-reune-con-amlo-para-tratar-el-tema-de-reubicacion-del-aeropuerto-de-merida\\\/#breadcrumb\",\"itemListElement\":[{\"@type\":\"ListItem\",\"position\":1,\"name\":\"Portada\",\"item\":\"https:\\\/\\\/www.yucatanencorto.com\\\/noticias\\\/\"},{\"@type\":\"ListItem\",\"position\":2,\"name\":\"Mauricio Vila se re\u00fane con AMLO para tratar el tema de reubicaci\u00f3n del aeropuerto de M\u00e9rida\"}]},{\"@type\":\"WebSite\",\"@id\":\"https:\\\/\\\/www.yucatanencorto.com\\\/noticias\\\/#website\",\"url\":\"https:\\\/\\\/www.yucatanencorto.com\\\/noticias\\\/\",\"name\":\"Yucat\u00e1n en corto\",\"description\":\"Noticias\",\"potentialAction\":[{\"@type\":\"SearchAction\",\"target\":{\"@type\":\"EntryPoint\",\"urlTemplate\":\"https:\\\/\\\/www.yucatanencorto.com\\\/noticias\\\/?s={search_term_string}\"},\"query-input\":{\"@type\":\"PropertyValueSpecification\",\"valueRequired\":true,\"valueName\":\"search_term_string\"}}],\"inLanguage\":\"es\"},{\"@type\":\"Person\",\"@id\":\"https:\\\/\\\/www.yucatanencorto.com\\\/noticias\\\/#\\\/schema\\\/person\\\/14f82d355225a1f4075dd84a31f45a72\",\"name\":\"Yucat\u00e1n en Corto FC\",\"image\":{\"@type\":\"ImageObject\",\"inLanguage\":\"es\",\"@id\":\"https:\\\/\\\/secure.gravatar.com\\\/avatar\\\/147d4b30cd728c53c29c49a3f7834dedca33707f4cd259761355846009a88250?s=96&d=mm&r=g\",\"url\":\"https:\\\/\\\/secure.gravatar.com\\\/avatar\\\/147d4b30cd728c53c29c49a3f7834dedca33707f4cd259761355846009a88250?s=96&d=mm&r=g\",\"contentUrl\":\"https:\\\/\\\/secure.gravatar.com\\\/avatar\\\/147d4b30cd728c53c29c49a3f7834dedca33707f4cd259761355846009a88250?s=96&d=mm&r=g\",\"caption\":\"Yucat\u00e1n en Corto FC\"},\"url\":\"https:\\\/\\\/www.yucatanencorto.com\\\/noticias\\\/author\\\/flor\\\/\"}]}<\/script>\n<!-- \/ Yoast SEO plugin. -->","yoast_head_json":{"title":"Mauricio Vila se re\u00fane con AMLO para tratar el tema de reubicaci\u00f3n del aeropuerto de M\u00e9rida - Yucat\u00e1n en corto","robots":{"index":"index","follow":"follow","max-snippet":"max-snippet:-1","max-image-preview":"max-image-preview:large","max-video-preview":"max-video-preview:-1"},"canonical":"https:\/\/www.yucatanencorto.com\/noticias\/mauricio-vila-se-reune-con-amlo-para-tratar-el-tema-de-reubicacion-del-aeropuerto-de-merida\/","og_locale":"es_ES","og_type":"article","og_title":"Mauricio Vila se re\u00fane con AMLO para tratar el tema de reubicaci\u00f3n del aeropuerto de M\u00e9rida - Yucat\u00e1n en corto","og_description":"Ciudad de M\u00e9xico, 5 de agosto de 2021.- El Gobernador Mauricio Vila Dosal sostuvo este d\u00eda un encuentro con el presidente Andr\u00e9s Manuel L\u00f3pez Obrador en Palacio Nacional, donde estuvieron tratando temas relacionados a los diversos proyectos que se realizan en el estado como el Tren Maya, la ampliaci\u00f3n del Puerto de Altura de Progreso [&hellip;]","og_url":"https:\/\/www.yucatanencorto.com\/noticias\/mauricio-vila-se-reune-con-amlo-para-tratar-el-tema-de-reubicacion-del-aeropuerto-de-merida\/","og_site_name":"Yucat\u00e1n en corto","article_publisher":"http:\/\/www.facebook.com\/yucatanencorto","article_published_time":"2021-08-05T22:50:04+00:00","og_image":[{"width":768,"height":614,"url":"https:\/\/www.yucatanencorto.com\/noticias\/wp-content\/uploads\/2021\/08\/image00001-scaled.jpeg","type":"image\/jpeg"}],"author":"Yucat\u00e1n en Corto FC","twitter_card":"summary_large_image","twitter_creator":"@yucatanencorto","twitter_site":"@yucatanencorto","twitter_misc":{"Escrito por":"Yucat\u00e1n en Corto FC","Tiempo de lectura":"4 minutos"},"schema":{"@context":"https:\/\/schema.org","@graph":[{"@type":"Article","@id":"https:\/\/www.yucatanencorto.com\/noticias\/mauricio-vila-se-reune-con-amlo-para-tratar-el-tema-de-reubicacion-del-aeropuerto-de-merida\/#article","isPartOf":{"@id":"https:\/\/www.yucatanencorto.com\/noticias\/mauricio-vila-se-reune-con-amlo-para-tratar-el-tema-de-reubicacion-del-aeropuerto-de-merida\/"},"author":{"name":"Yucat\u00e1n en Corto FC","@id":"https:\/\/www.yucatanencorto.com\/noticias\/#\/schema\/person\/14f82d355225a1f4075dd84a31f45a72"},"headline":"Mauricio Vila se re\u00fane con AMLO para tratar el tema de reubicaci\u00f3n del aeropuerto de M\u00e9rida","datePublished":"2021-08-05T22:50:04+00:00","mainEntityOfPage":{"@id":"https:\/\/www.yucatanencorto.com\/noticias\/mauricio-vila-se-reune-con-amlo-para-tratar-el-tema-de-reubicacion-del-aeropuerto-de-merida\/"},"wordCount":928,"image":{"@id":"https:\/\/www.yucatanencorto.com\/noticias\/mauricio-vila-se-reune-con-amlo-para-tratar-el-tema-de-reubicacion-del-aeropuerto-de-merida\/#primaryimage"},"thumbnailUrl":"https:\/\/www.yucatanencorto.com\/noticias\/wp-content\/uploads\/2021\/08\/image00001-scaled.jpeg","articleSection":["Yucat\u00e1n"],"inLanguage":"es"},{"@type":"WebPage","@id":"https:\/\/www.yucatanencorto.com\/noticias\/mauricio-vila-se-reune-con-amlo-para-tratar-el-tema-de-reubicacion-del-aeropuerto-de-merida\/","url":"https:\/\/www.yucatanencorto.com\/noticias\/mauricio-vila-se-reune-con-amlo-para-tratar-el-tema-de-reubicacion-del-aeropuerto-de-merida\/","name":"Mauricio Vila se re\u00fane con AMLO para tratar el tema de reubicaci\u00f3n del aeropuerto de M\u00e9rida - Yucat\u00e1n en corto","isPartOf":{"@id":"https:\/\/www.yucatanencorto.com\/noticias\/#website"},"primaryImageOfPage":{"@id":"https:\/\/www.yucatanencorto.com\/noticias\/mauricio-vila-se-reune-con-amlo-para-tratar-el-tema-de-reubicacion-del-aeropuerto-de-merida\/#primaryimage"},"image":{"@id":"https:\/\/www.yucatanencorto.com\/noticias\/mauricio-vila-se-reune-con-amlo-para-tratar-el-tema-de-reubicacion-del-aeropuerto-de-merida\/#primaryimage"},"thumbnailUrl":"https:\/\/www.yucatanencorto.com\/noticias\/wp-content\/uploads\/2021\/08\/image00001-scaled.jpeg","datePublished":"2021-08-05T22:50:04+00:00","author":{"@id":"https:\/\/www.yucatanencorto.com\/noticias\/#\/schema\/person\/14f82d355225a1f4075dd84a31f45a72"},"breadcrumb":{"@id":"https:\/\/www.yucatanencorto.com\/noticias\/mauricio-vila-se-reune-con-amlo-para-tratar-el-tema-de-reubicacion-del-aeropuerto-de-merida\/#breadcrumb"},"inLanguage":"es","potentialAction":[{"@type":"ReadAction","target":["https:\/\/www.yucatanencorto.com\/noticias\/mauricio-vila-se-reune-con-amlo-para-tratar-el-tema-de-reubicacion-del-aeropuerto-de-merida\/"]}]},{"@type":"ImageObject","inLanguage":"es","@id":"https:\/\/www.yucatanencorto.com\/noticias\/mauricio-vila-se-reune-con-amlo-para-tratar-el-tema-de-reubicacion-del-aeropuerto-de-merida\/#primaryimage","url":"https:\/\/www.yucatanencorto.com\/noticias\/wp-content\/uploads\/2021\/08\/image00001-scaled.jpeg","contentUrl":"https:\/\/www.yucatanencorto.com\/noticias\/wp-content\/uploads\/2021\/08\/image00001-scaled.jpeg","width":768,"height":614},{"@type":"BreadcrumbList","@id":"https:\/\/www.yucatanencorto.com\/noticias\/mauricio-vila-se-reune-con-amlo-para-tratar-el-tema-de-reubicacion-del-aeropuerto-de-merida\/#breadcrumb","itemListElement":[{"@type":"ListItem","position":1,"name":"Portada","item":"https:\/\/www.yucatanencorto.com\/noticias\/"},{"@type":"ListItem","position":2,"name":"Mauricio Vila se re\u00fane con AMLO para tratar el tema de reubicaci\u00f3n del aeropuerto de M\u00e9rida"}]},{"@type":"WebSite","@id":"https:\/\/www.yucatanencorto.com\/noticias\/#website","url":"https:\/\/www.yucatanencorto.com\/noticias\/","name":"Yucat\u00e1n en corto","description":"Noticias","potentialAction":[{"@type":"SearchAction","target":{"@type":"EntryPoint","urlTemplate":"https:\/\/www.yucatanencorto.com\/noticias\/?s={search_term_string}"},"query-input":{"@type":"PropertyValueSpecification","valueRequired":true,"valueName":"search_term_string"}}],"inLanguage":"es"},{"@type":"Person","@id":"https:\/\/www.yucatanencorto.com\/noticias\/#\/schema\/person\/14f82d355225a1f4075dd84a31f45a72","name":"Yucat\u00e1n en Corto FC","image":{"@type":"ImageObject","inLanguage":"es","@id":"https:\/\/secure.gravatar.com\/avatar\/147d4b30cd728c53c29c49a3f7834dedca33707f4cd259761355846009a88250?s=96&d=mm&r=g","url":"https:\/\/secure.gravatar.com\/avatar\/147d4b30cd728c53c29c49a3f7834dedca33707f4cd259761355846009a88250?s=96&d=mm&r=g","contentUrl":"https:\/\/secure.gravatar.com\/avatar\/147d4b30cd728c53c29c49a3f7834dedca33707f4cd259761355846009a88250?s=96&d=mm&r=g","caption":"Yucat\u00e1n en Corto FC"},"url":"https:\/\/www.yucatanencorto.com\/noticias\/author\/flor\/"}]}},"_links":{"self":[{"href":"https:\/\/www.yucatanencorto.com\/noticias\/wp-json\/wp\/v2\/posts\/85454","targetHints":{"allow":["GET"]}}],"collection":[{"href":"https:\/\/www.yucatanencorto.com\/noticias\/wp-json\/wp\/v2\/posts"}],"about":[{"href":"https:\/\/www.yucatanencorto.com\/noticias\/wp-json\/wp\/v2\/types\/post"}],"author":[{"embeddable":true,"href":"https:\/\/www.yucatanencorto.com\/noticias\/wp-json\/wp\/v2\/users\/2"}],"replies":[{"embeddable":true,"href":"https:\/\/www.yucatanencorto.com\/noticias\/wp-json\/wp\/v2\/comments?post=85454"}],"version-history":[{"count":0,"href":"https:\/\/www.yucatanencorto.com\/noticias\/wp-json\/wp\/v2\/posts\/85454\/revisions"}],"wp:featuredmedia":[{"embeddable":true,"href":"https:\/\/www.yucatanencorto.com\/noticias\/wp-json\/wp\/v2\/media\/85456"}],"wp:attachment":[{"href":"https:\/\/www.yucatanencorto.com\/noticias\/wp-json\/wp\/v2\/media?parent=85454"}],"wp:term":[{"taxonomy":"category","embeddable":true,"href":"https:\/\/www.yucatanencorto.com\/noticias\/wp-json\/wp\/v2\/categories?post=85454"},{"taxonomy":"post_tag","embeddable":true,"href":"https:\/\/www.yucatanencorto.com\/noticias\/wp-json\/wp\/v2\/tags?post=85454"}],"curies":[{"name":"wp","href":"https:\/\/api.w.org\/{rel}","templated":true}]}}