{"id":85472,"date":"2021-08-06T15:02:29","date_gmt":"2021-08-06T20:02:29","guid":{"rendered":"https:\/\/www.yucatanencorto.com\/noticias\/?p=85472"},"modified":"2021-08-06T17:27:03","modified_gmt":"2021-08-06T22:27:03","slug":"super-esencial-retornar-a-clases-asegura-lopez-obrador","status":"publish","type":"post","link":"https:\/\/www.yucatanencorto.com\/noticias\/super-esencial-retornar-a-clases-asegura-lopez-obrador\/","title":{"rendered":"&#8216;Super esencial&#8217; retornar a clases, asegura L\u00f3pez Obrador"},"content":{"rendered":"<p>&nbsp;<\/p>\n<p><img loading=\"lazy\" decoding=\"async\" class=\"size-full wp-image-85481 aligncenter\" src=\"https:\/\/www.yucatanencorto.com\/noticias\/wp-content\/uploads\/2021\/08\/amlo-clases.jpg\" alt=\"\" width=\"400\" height=\"300\" srcset=\"https:\/\/www.yucatanencorto.com\/noticias\/wp-content\/uploads\/2021\/08\/amlo-clases.jpg 400w, https:\/\/www.yucatanencorto.com\/noticias\/wp-content\/uploads\/2021\/08\/amlo-clases-80x60.jpg 80w, https:\/\/www.yucatanencorto.com\/noticias\/wp-content\/uploads\/2021\/08\/amlo-clases-265x198.jpg 265w\" sizes=\"auto, (max-width: 400px) 100vw, 400px\" \/><\/p>\n<p>El\u00a0<strong>retorno a clases en escuelas p\u00fablicas<\/strong>\u00a0a partir del 30 de agosto ser\u00e1 una actividad \u00absuper esencial\u00bb, asegur\u00f3 el presidente\u00a0<strong>Andr\u00e9s Manuel L\u00f3pez Obrador.<\/strong><\/p>\n<p>El jueves, en la reuni\u00f3n virtual de la\u00a0<strong>Conferencia Nacional de gobernadores<\/strong>\u00a0(Conago) con el subsecretario de salud Hugo Lopez Gatell, el funcionario dijo que se modificar\u00e1 el sentido del sem\u00e1foro epidemiol\u00f3gico para considerar a la educaci\u00f3n como actividad esencial y reabrir las escuelas a\u00fan en sem\u00e1foro rojo por contagios y muertes por Covid 19.<\/p>\n<p>En su rueda de prensa matutina desde Cabo San Lucas, Baja California Sur, dijo que si bien el retorno a clases presenciales ser\u00e1 opcional, se har\u00e1 un proceso de convencimiento para que los padres que se niegan a enviar a sus hijos a las escuelas, acepten hacerlo voluntariamente.<\/p>\n<p>El titular del Ejecutivo reiter\u00f3 que todos los involucrados en la actividad escolar deben participar para tener los planteles en buenas condiciones para el retorno a clases.<\/p>\n<p>Se requiere regresar a clases, y todos tenemos que ayudar, padres, madres de familia, maestras, maestros, gobiernos municipales, gobiernos estatales, el gobierno federal.<\/p>\n<p>Reiter\u00f3 que en las escuelas, los alumnos adem\u00e1s de\u00a0<strong>recibir \u00a0instrucci\u00f3n, conviven con otros ni\u00f1os y adolescentes<\/strong>, e intercambian experiencias que les ayudan a su desarrollo emocional.<\/p>\n<p>Super esencial. Es b\u00e1sica, es fundamental. La verdad, ya no podemos tener a los ni\u00f1os encerrados o dependiendo por entero, por completo, del nintendo. Eso es de veras muy t\u00f3xico\u00bb, afirm\u00f3 L\u00f3pez Obrador.<\/p>\n","protected":false},"excerpt":{"rendered":"<p>&nbsp; El\u00a0retorno a clases en escuelas p\u00fablicas\u00a0a partir del 30 de agosto ser\u00e1 una actividad \u00absuper esencial\u00bb, asegur\u00f3 el presidente\u00a0Andr\u00e9s Manuel L\u00f3pez Obrador. El jueves, en la reuni\u00f3n virtual de la\u00a0Conferencia Nacional de gobernadores\u00a0(Conago) con el subsecretario de salud Hugo Lopez Gatell, el funcionario dijo que se modificar\u00e1 el sentido del sem\u00e1foro epidemiol\u00f3gico para considerar [&hellip;]<\/p>\n","protected":false},"author":2,"featured_media":85481,"comment_status":"closed","ping_status":"closed","sticky":false,"template":"","format":"standard","meta":{"footnotes":""},"categories":[4],"tags":[],"class_list":{"0":"post-85472","1":"post","2":"type-post","3":"status-publish","4":"format-standard","5":"has-post-thumbnail","7":"category-mexico"},"yoast_head":"<!-- This site is optimized with the Yoast SEO plugin v27.4 - https:\/\/yoast.com\/product\/yoast-seo-wordpress\/ -->\n<title>&#039;Super esencial&#039; retornar a clases, asegura L\u00f3pez Obrador - Yucat\u00e1n en corto<\/title>\n<meta name=\"robots\" content=\"index, follow, max-snippet:-1, max-image-preview:large, max-video-preview:-1\" \/>\n<link rel=\"canonical\" href=\"https:\/\/www.yucatanencorto.com\/noticias\/super-esencial-retornar-a-clases-asegura-lopez-obrador\/\" \/>\n<meta property=\"og:locale\" content=\"es_ES\" \/>\n<meta property=\"og:type\" content=\"article\" \/>\n<meta property=\"og:title\" content=\"&#039;Super esencial&#039; retornar a clases, asegura L\u00f3pez Obrador - Yucat\u00e1n en corto\" \/>\n<meta property=\"og:description\" content=\"&nbsp; El\u00a0retorno a clases en escuelas p\u00fablicas\u00a0a partir del 30 de agosto ser\u00e1 una actividad \u00absuper esencial\u00bb, asegur\u00f3 el presidente\u00a0Andr\u00e9s Manuel L\u00f3pez Obrador. El jueves, en la reuni\u00f3n virtual de la\u00a0Conferencia Nacional de gobernadores\u00a0(Conago) con el subsecretario de salud Hugo Lopez Gatell, el funcionario dijo que se modificar\u00e1 el sentido del sem\u00e1foro epidemiol\u00f3gico para considerar [&hellip;]\" \/>\n<meta property=\"og:url\" content=\"https:\/\/www.yucatanencorto.com\/noticias\/super-esencial-retornar-a-clases-asegura-lopez-obrador\/\" \/>\n<meta property=\"og:site_name\" content=\"Yucat\u00e1n en corto\" \/>\n<meta property=\"article:publisher\" content=\"http:\/\/www.facebook.com\/yucatanencorto\" \/>\n<meta property=\"article:published_time\" content=\"2021-08-06T20:02:29+00:00\" \/>\n<meta property=\"article:modified_time\" content=\"2021-08-06T22:27:03+00:00\" \/>\n<meta property=\"og:image\" content=\"https:\/\/www.yucatanencorto.com\/noticias\/wp-content\/uploads\/2021\/08\/amlo-clases.jpg\" \/>\n\t<meta property=\"og:image:width\" content=\"400\" \/>\n\t<meta property=\"og:image:height\" content=\"300\" \/>\n\t<meta property=\"og:image:type\" content=\"image\/jpeg\" \/>\n<meta name=\"author\" content=\"Yucat\u00e1n en Corto FC\" \/>\n<meta name=\"twitter:card\" content=\"summary_large_image\" \/>\n<meta name=\"twitter:creator\" content=\"@yucatanencorto\" \/>\n<meta name=\"twitter:site\" content=\"@yucatanencorto\" \/>\n<meta name=\"twitter:label1\" content=\"Escrito por\" \/>\n\t<meta name=\"twitter:data1\" content=\"Yucat\u00e1n en Corto FC\" \/>\n\t<meta name=\"twitter:label2\" content=\"Tiempo de lectura\" \/>\n\t<meta name=\"twitter:data2\" content=\"2 minutos\" \/>\n<script type=\"application\/ld+json\" class=\"yoast-schema-graph\">{\"@context\":\"https:\\\/\\\/schema.org\",\"@graph\":[{\"@type\":\"Article\",\"@id\":\"https:\\\/\\\/www.yucatanencorto.com\\\/noticias\\\/super-esencial-retornar-a-clases-asegura-lopez-obrador\\\/#article\",\"isPartOf\":{\"@id\":\"https:\\\/\\\/www.yucatanencorto.com\\\/noticias\\\/super-esencial-retornar-a-clases-asegura-lopez-obrador\\\/\"},\"author\":{\"name\":\"Yucat\u00e1n en Corto FC\",\"@id\":\"https:\\\/\\\/www.yucatanencorto.com\\\/noticias\\\/#\\\/schema\\\/person\\\/14f82d355225a1f4075dd84a31f45a72\"},\"headline\":\"&#8216;Super esencial&#8217; retornar a clases, asegura L\u00f3pez Obrador\",\"datePublished\":\"2021-08-06T20:02:29+00:00\",\"dateModified\":\"2021-08-06T22:27:03+00:00\",\"mainEntityOfPage\":{\"@id\":\"https:\\\/\\\/www.yucatanencorto.com\\\/noticias\\\/super-esencial-retornar-a-clases-asegura-lopez-obrador\\\/\"},\"wordCount\":262,\"image\":{\"@id\":\"https:\\\/\\\/www.yucatanencorto.com\\\/noticias\\\/super-esencial-retornar-a-clases-asegura-lopez-obrador\\\/#primaryimage\"},\"thumbnailUrl\":\"https:\\\/\\\/www.yucatanencorto.com\\\/noticias\\\/wp-content\\\/uploads\\\/2021\\\/08\\\/amlo-clases.jpg\",\"articleSection\":[\"M\u00e9xico\"],\"inLanguage\":\"es\"},{\"@type\":\"WebPage\",\"@id\":\"https:\\\/\\\/www.yucatanencorto.com\\\/noticias\\\/super-esencial-retornar-a-clases-asegura-lopez-obrador\\\/\",\"url\":\"https:\\\/\\\/www.yucatanencorto.com\\\/noticias\\\/super-esencial-retornar-a-clases-asegura-lopez-obrador\\\/\",\"name\":\"'Super esencial' retornar a clases, asegura L\u00f3pez Obrador - Yucat\u00e1n en corto\",\"isPartOf\":{\"@id\":\"https:\\\/\\\/www.yucatanencorto.com\\\/noticias\\\/#website\"},\"primaryImageOfPage\":{\"@id\":\"https:\\\/\\\/www.yucatanencorto.com\\\/noticias\\\/super-esencial-retornar-a-clases-asegura-lopez-obrador\\\/#primaryimage\"},\"image\":{\"@id\":\"https:\\\/\\\/www.yucatanencorto.com\\\/noticias\\\/super-esencial-retornar-a-clases-asegura-lopez-obrador\\\/#primaryimage\"},\"thumbnailUrl\":\"https:\\\/\\\/www.yucatanencorto.com\\\/noticias\\\/wp-content\\\/uploads\\\/2021\\\/08\\\/amlo-clases.jpg\",\"datePublished\":\"2021-08-06T20:02:29+00:00\",\"dateModified\":\"2021-08-06T22:27:03+00:00\",\"author\":{\"@id\":\"https:\\\/\\\/www.yucatanencorto.com\\\/noticias\\\/#\\\/schema\\\/person\\\/14f82d355225a1f4075dd84a31f45a72\"},\"breadcrumb\":{\"@id\":\"https:\\\/\\\/www.yucatanencorto.com\\\/noticias\\\/super-esencial-retornar-a-clases-asegura-lopez-obrador\\\/#breadcrumb\"},\"inLanguage\":\"es\",\"potentialAction\":[{\"@type\":\"ReadAction\",\"target\":[\"https:\\\/\\\/www.yucatanencorto.com\\\/noticias\\\/super-esencial-retornar-a-clases-asegura-lopez-obrador\\\/\"]}]},{\"@type\":\"ImageObject\",\"inLanguage\":\"es\",\"@id\":\"https:\\\/\\\/www.yucatanencorto.com\\\/noticias\\\/super-esencial-retornar-a-clases-asegura-lopez-obrador\\\/#primaryimage\",\"url\":\"https:\\\/\\\/www.yucatanencorto.com\\\/noticias\\\/wp-content\\\/uploads\\\/2021\\\/08\\\/amlo-clases.jpg\",\"contentUrl\":\"https:\\\/\\\/www.yucatanencorto.com\\\/noticias\\\/wp-content\\\/uploads\\\/2021\\\/08\\\/amlo-clases.jpg\",\"width\":400,\"height\":300},{\"@type\":\"BreadcrumbList\",\"@id\":\"https:\\\/\\\/www.yucatanencorto.com\\\/noticias\\\/super-esencial-retornar-a-clases-asegura-lopez-obrador\\\/#breadcrumb\",\"itemListElement\":[{\"@type\":\"ListItem\",\"position\":1,\"name\":\"Portada\",\"item\":\"https:\\\/\\\/www.yucatanencorto.com\\\/noticias\\\/\"},{\"@type\":\"ListItem\",\"position\":2,\"name\":\"&#8216;Super esencial&#8217; retornar a clases, asegura L\u00f3pez Obrador\"}]},{\"@type\":\"WebSite\",\"@id\":\"https:\\\/\\\/www.yucatanencorto.com\\\/noticias\\\/#website\",\"url\":\"https:\\\/\\\/www.yucatanencorto.com\\\/noticias\\\/\",\"name\":\"Yucat\u00e1n en corto\",\"description\":\"Noticias\",\"potentialAction\":[{\"@type\":\"SearchAction\",\"target\":{\"@type\":\"EntryPoint\",\"urlTemplate\":\"https:\\\/\\\/www.yucatanencorto.com\\\/noticias\\\/?s={search_term_string}\"},\"query-input\":{\"@type\":\"PropertyValueSpecification\",\"valueRequired\":true,\"valueName\":\"search_term_string\"}}],\"inLanguage\":\"es\"},{\"@type\":\"Person\",\"@id\":\"https:\\\/\\\/www.yucatanencorto.com\\\/noticias\\\/#\\\/schema\\\/person\\\/14f82d355225a1f4075dd84a31f45a72\",\"name\":\"Yucat\u00e1n en Corto FC\",\"image\":{\"@type\":\"ImageObject\",\"inLanguage\":\"es\",\"@id\":\"https:\\\/\\\/secure.gravatar.com\\\/avatar\\\/147d4b30cd728c53c29c49a3f7834dedca33707f4cd259761355846009a88250?s=96&d=mm&r=g\",\"url\":\"https:\\\/\\\/secure.gravatar.com\\\/avatar\\\/147d4b30cd728c53c29c49a3f7834dedca33707f4cd259761355846009a88250?s=96&d=mm&r=g\",\"contentUrl\":\"https:\\\/\\\/secure.gravatar.com\\\/avatar\\\/147d4b30cd728c53c29c49a3f7834dedca33707f4cd259761355846009a88250?s=96&d=mm&r=g\",\"caption\":\"Yucat\u00e1n en Corto FC\"},\"url\":\"https:\\\/\\\/www.yucatanencorto.com\\\/noticias\\\/author\\\/flor\\\/\"}]}<\/script>\n<!-- \/ Yoast SEO plugin. -->","yoast_head_json":{"title":"'Super esencial' retornar a clases, asegura L\u00f3pez Obrador - Yucat\u00e1n en corto","robots":{"index":"index","follow":"follow","max-snippet":"max-snippet:-1","max-image-preview":"max-image-preview:large","max-video-preview":"max-video-preview:-1"},"canonical":"https:\/\/www.yucatanencorto.com\/noticias\/super-esencial-retornar-a-clases-asegura-lopez-obrador\/","og_locale":"es_ES","og_type":"article","og_title":"'Super esencial' retornar a clases, asegura L\u00f3pez Obrador - Yucat\u00e1n en corto","og_description":"&nbsp; El\u00a0retorno a clases en escuelas p\u00fablicas\u00a0a partir del 30 de agosto ser\u00e1 una actividad \u00absuper esencial\u00bb, asegur\u00f3 el presidente\u00a0Andr\u00e9s Manuel L\u00f3pez Obrador. El jueves, en la reuni\u00f3n virtual de la\u00a0Conferencia Nacional de gobernadores\u00a0(Conago) con el subsecretario de salud Hugo Lopez Gatell, el funcionario dijo que se modificar\u00e1 el sentido del sem\u00e1foro epidemiol\u00f3gico para considerar [&hellip;]","og_url":"https:\/\/www.yucatanencorto.com\/noticias\/super-esencial-retornar-a-clases-asegura-lopez-obrador\/","og_site_name":"Yucat\u00e1n en corto","article_publisher":"http:\/\/www.facebook.com\/yucatanencorto","article_published_time":"2021-08-06T20:02:29+00:00","article_modified_time":"2021-08-06T22:27:03+00:00","og_image":[{"width":400,"height":300,"url":"https:\/\/www.yucatanencorto.com\/noticias\/wp-content\/uploads\/2021\/08\/amlo-clases.jpg","type":"image\/jpeg"}],"author":"Yucat\u00e1n en Corto FC","twitter_card":"summary_large_image","twitter_creator":"@yucatanencorto","twitter_site":"@yucatanencorto","twitter_misc":{"Escrito por":"Yucat\u00e1n en Corto FC","Tiempo de lectura":"2 minutos"},"schema":{"@context":"https:\/\/schema.org","@graph":[{"@type":"Article","@id":"https:\/\/www.yucatanencorto.com\/noticias\/super-esencial-retornar-a-clases-asegura-lopez-obrador\/#article","isPartOf":{"@id":"https:\/\/www.yucatanencorto.com\/noticias\/super-esencial-retornar-a-clases-asegura-lopez-obrador\/"},"author":{"name":"Yucat\u00e1n en Corto FC","@id":"https:\/\/www.yucatanencorto.com\/noticias\/#\/schema\/person\/14f82d355225a1f4075dd84a31f45a72"},"headline":"&#8216;Super esencial&#8217; retornar a clases, asegura L\u00f3pez Obrador","datePublished":"2021-08-06T20:02:29+00:00","dateModified":"2021-08-06T22:27:03+00:00","mainEntityOfPage":{"@id":"https:\/\/www.yucatanencorto.com\/noticias\/super-esencial-retornar-a-clases-asegura-lopez-obrador\/"},"wordCount":262,"image":{"@id":"https:\/\/www.yucatanencorto.com\/noticias\/super-esencial-retornar-a-clases-asegura-lopez-obrador\/#primaryimage"},"thumbnailUrl":"https:\/\/www.yucatanencorto.com\/noticias\/wp-content\/uploads\/2021\/08\/amlo-clases.jpg","articleSection":["M\u00e9xico"],"inLanguage":"es"},{"@type":"WebPage","@id":"https:\/\/www.yucatanencorto.com\/noticias\/super-esencial-retornar-a-clases-asegura-lopez-obrador\/","url":"https:\/\/www.yucatanencorto.com\/noticias\/super-esencial-retornar-a-clases-asegura-lopez-obrador\/","name":"'Super esencial' retornar a clases, asegura L\u00f3pez Obrador - Yucat\u00e1n en corto","isPartOf":{"@id":"https:\/\/www.yucatanencorto.com\/noticias\/#website"},"primaryImageOfPage":{"@id":"https:\/\/www.yucatanencorto.com\/noticias\/super-esencial-retornar-a-clases-asegura-lopez-obrador\/#primaryimage"},"image":{"@id":"https:\/\/www.yucatanencorto.com\/noticias\/super-esencial-retornar-a-clases-asegura-lopez-obrador\/#primaryimage"},"thumbnailUrl":"https:\/\/www.yucatanencorto.com\/noticias\/wp-content\/uploads\/2021\/08\/amlo-clases.jpg","datePublished":"2021-08-06T20:02:29+00:00","dateModified":"2021-08-06T22:27:03+00:00","author":{"@id":"https:\/\/www.yucatanencorto.com\/noticias\/#\/schema\/person\/14f82d355225a1f4075dd84a31f45a72"},"breadcrumb":{"@id":"https:\/\/www.yucatanencorto.com\/noticias\/super-esencial-retornar-a-clases-asegura-lopez-obrador\/#breadcrumb"},"inLanguage":"es","potentialAction":[{"@type":"ReadAction","target":["https:\/\/www.yucatanencorto.com\/noticias\/super-esencial-retornar-a-clases-asegura-lopez-obrador\/"]}]},{"@type":"ImageObject","inLanguage":"es","@id":"https:\/\/www.yucatanencorto.com\/noticias\/super-esencial-retornar-a-clases-asegura-lopez-obrador\/#primaryimage","url":"https:\/\/www.yucatanencorto.com\/noticias\/wp-content\/uploads\/2021\/08\/amlo-clases.jpg","contentUrl":"https:\/\/www.yucatanencorto.com\/noticias\/wp-content\/uploads\/2021\/08\/amlo-clases.jpg","width":400,"height":300},{"@type":"BreadcrumbList","@id":"https:\/\/www.yucatanencorto.com\/noticias\/super-esencial-retornar-a-clases-asegura-lopez-obrador\/#breadcrumb","itemListElement":[{"@type":"ListItem","position":1,"name":"Portada","item":"https:\/\/www.yucatanencorto.com\/noticias\/"},{"@type":"ListItem","position":2,"name":"&#8216;Super esencial&#8217; retornar a clases, asegura L\u00f3pez Obrador"}]},{"@type":"WebSite","@id":"https:\/\/www.yucatanencorto.com\/noticias\/#website","url":"https:\/\/www.yucatanencorto.com\/noticias\/","name":"Yucat\u00e1n en corto","description":"Noticias","potentialAction":[{"@type":"SearchAction","target":{"@type":"EntryPoint","urlTemplate":"https:\/\/www.yucatanencorto.com\/noticias\/?s={search_term_string}"},"query-input":{"@type":"PropertyValueSpecification","valueRequired":true,"valueName":"search_term_string"}}],"inLanguage":"es"},{"@type":"Person","@id":"https:\/\/www.yucatanencorto.com\/noticias\/#\/schema\/person\/14f82d355225a1f4075dd84a31f45a72","name":"Yucat\u00e1n en Corto FC","image":{"@type":"ImageObject","inLanguage":"es","@id":"https:\/\/secure.gravatar.com\/avatar\/147d4b30cd728c53c29c49a3f7834dedca33707f4cd259761355846009a88250?s=96&d=mm&r=g","url":"https:\/\/secure.gravatar.com\/avatar\/147d4b30cd728c53c29c49a3f7834dedca33707f4cd259761355846009a88250?s=96&d=mm&r=g","contentUrl":"https:\/\/secure.gravatar.com\/avatar\/147d4b30cd728c53c29c49a3f7834dedca33707f4cd259761355846009a88250?s=96&d=mm&r=g","caption":"Yucat\u00e1n en Corto FC"},"url":"https:\/\/www.yucatanencorto.com\/noticias\/author\/flor\/"}]}},"_links":{"self":[{"href":"https:\/\/www.yucatanencorto.com\/noticias\/wp-json\/wp\/v2\/posts\/85472","targetHints":{"allow":["GET"]}}],"collection":[{"href":"https:\/\/www.yucatanencorto.com\/noticias\/wp-json\/wp\/v2\/posts"}],"about":[{"href":"https:\/\/www.yucatanencorto.com\/noticias\/wp-json\/wp\/v2\/types\/post"}],"author":[{"embeddable":true,"href":"https:\/\/www.yucatanencorto.com\/noticias\/wp-json\/wp\/v2\/users\/2"}],"replies":[{"embeddable":true,"href":"https:\/\/www.yucatanencorto.com\/noticias\/wp-json\/wp\/v2\/comments?post=85472"}],"version-history":[{"count":0,"href":"https:\/\/www.yucatanencorto.com\/noticias\/wp-json\/wp\/v2\/posts\/85472\/revisions"}],"wp:featuredmedia":[{"embeddable":true,"href":"https:\/\/www.yucatanencorto.com\/noticias\/wp-json\/wp\/v2\/media\/85481"}],"wp:attachment":[{"href":"https:\/\/www.yucatanencorto.com\/noticias\/wp-json\/wp\/v2\/media?parent=85472"}],"wp:term":[{"taxonomy":"category","embeddable":true,"href":"https:\/\/www.yucatanencorto.com\/noticias\/wp-json\/wp\/v2\/categories?post=85472"},{"taxonomy":"post_tag","embeddable":true,"href":"https:\/\/www.yucatanencorto.com\/noticias\/wp-json\/wp\/v2\/tags?post=85472"}],"curies":[{"name":"wp","href":"https:\/\/api.w.org\/{rel}","templated":true}]}}