{"id":85476,"date":"2021-08-06T17:19:31","date_gmt":"2021-08-06T22:19:31","guid":{"rendered":"https:\/\/www.yucatanencorto.com\/noticias\/?p=85476"},"modified":"2021-08-06T17:30:52","modified_gmt":"2021-08-06T22:30:52","slug":"con-mayoria-ciudadana-se-instala-el-nuevo-consejo-consultivo-estatal-de-turismo","status":"publish","type":"post","link":"https:\/\/www.yucatanencorto.com\/noticias\/con-mayoria-ciudadana-se-instala-el-nuevo-consejo-consultivo-estatal-de-turismo\/","title":{"rendered":"Con mayor\u00eda ciudadana, se instala el nuevo Consejo Consultivo Estatal de Turismo"},"content":{"rendered":"<p>&nbsp;<\/p>\n<div dir=\"ltr\"><img loading=\"lazy\" decoding=\"async\" class=\"alignnone size-full wp-image-85477\" src=\"https:\/\/www.yucatanencorto.com\/noticias\/wp-content\/uploads\/2021\/08\/vila-anuncia.jpg\" alt=\"\" width=\"750\" height=\"500\" srcset=\"https:\/\/www.yucatanencorto.com\/noticias\/wp-content\/uploads\/2021\/08\/vila-anuncia.jpg 750w, https:\/\/www.yucatanencorto.com\/noticias\/wp-content\/uploads\/2021\/08\/vila-anuncia-696x464.jpg 696w, https:\/\/www.yucatanencorto.com\/noticias\/wp-content\/uploads\/2021\/08\/vila-anuncia-630x420.jpg 630w\" sizes=\"auto, (max-width: 750px) 100vw, 750px\" \/><\/div>\n<div dir=\"ltr\"><\/div>\n<div id=\"m_-2749717841570030469AppleMailSignature\" dir=\"ltr\"><\/div>\n<div dir=\"ltr\"><\/div>\n<div dir=\"ltr\"><\/div>\n<div dir=\"ltr\"><\/div>\n<p>M\u00e9rida, Yucat\u00e1n, 6 de agosto de 2021.- Integrado, por primera vez, en su mayor\u00eda por representantes de la sociedad civil y la iniciativa privada del sector tur\u00edstico, se instal\u00f3 el nuevo Consejo Consultivo Estatal de Turismo (CCET) tras las recientes modificaciones al Reglamento de la Ley para el Fomento y Desarrollo de esa actividad en el estado, con lo que el Gobernador Mauricio Vila Dosal cumple con un compromiso m\u00e1s de campa\u00f1a. Este organismo tiene como principal objetivo impulsar, a trav\u00e9s de un ejercicio de participaci\u00f3n ciudadana y gobernanza, acciones y pol\u00edticas p\u00fablicas que marquen el futuro del turismo en Yucat\u00e1n y contribuyan a la recuperaci\u00f3n de ese sector en la entidad.<\/p>\n<p>En el marco de la primera sesi\u00f3n ordinaria de ese organismo, que fue encabezada por el Gobernador Mauricio Vila Dosal, tambi\u00e9n se suscribi\u00f3 la declaraci\u00f3n para la confirmaci\u00f3n del \u00abFrente Com\u00fan por el Turismo de Yucat\u00e1n\u00bb mediante el cual representantes del sector y el Gobierno del Estado suman esfuerzos para la reactivaci\u00f3n de esta actividad, reconoci\u00e9ndola como un sector esencial y prioritario para el desarrollo del estado.<\/p>\n<p>Al respecto, el director general de Grupo Palace Resorts, Jos\u00e9 Chapur Zahoul, resalt\u00f3 que la convocatoria hecha por el Gobernador Mauricio Vila Dosal es una muestra firme del cumplimiento de su compromiso de campa\u00f1a de que el sector privado sea mayor\u00eda en todos los comit\u00e9s.<\/p>\n<p>En ese sentido, agradeci\u00f3 a Vila Dosal que la iniciativa privada y sociedad civil organizada sean contemplados para crear un grupo de unidad para la recuperaci\u00f3n de la econom\u00eda y el turismo en Yucat\u00e1n, ya que ser\u00e1n quienes est\u00e1n viviendo la complicada situaci\u00f3n quienes podr\u00e1n dar su opini\u00f3n para levantar al sector.<\/p>\n<p>Cumpliendo su compromiso de campa\u00f1a, el Gobernador impuls\u00f3 la reestructuraci\u00f3n del Consejo Consultivo Estatal de Turismo (CCET), que por primera vez en la historia est\u00e1 conformado en su mayor parte por ciudadanos, dado que, de los 13 actores que lo integran, 7 son de la sociedad civil y del sector privado que se relacionan con la actividad tur\u00edstica. En \u00e9l se tomar\u00e1n decisiones para el futuro del turismo en Yucat\u00e1n.<\/p>\n<p>A trav\u00e9s de la Declaraci\u00f3n para la conformaci\u00f3n por el Frente Com\u00fan por el Turismo, los actores de turismo del estado se comprometen a la suma de esfuerzos en torno a 5 objetivos comunes, los cuales son el fortalecimiento del sector, mediante una reestructura eficiente y el posicionamiento del sector tur\u00edstico de Yucat\u00e1n; buscar una reactivaci\u00f3n responsable y segura con perspectiva de seguridad y bioseguridad.<\/p>\n<p>Asimismo, busca promover la mejora de la infraestructura y el incremento de la conectividad; recuperar los mercados y mejorar la experiencia del turista en el sitio garantizando la calidad en el servicio y brindando informaci\u00f3n detallada del destino.<\/p>\n<p>Al dirigir su mensaje, el Gobernador destac\u00f3 que la visi\u00f3n de este Gobierno estatal es contar con amplia participaci\u00f3n ciudadana como eje principal para las pol\u00edticas p\u00fablicas en materia de turismo privilegiando, ante todo, el bien com\u00fan de Yucat\u00e1n y los yucatecos y dejando a un lado los intereses particulares.<\/p>\n<p>Acompa\u00f1ado de la titular de la Secretar\u00eda de Fomento Tur\u00edstico (Sefotur), Michelle Fridman, y el Secretario T\u00e9cnico del Consejo Consultivo Estatal de Turismo, Ra\u00fal Alejandro Paz Noriega, Vila Dosal se\u00f1al\u00f3 que, muestra de ello, desde el inicio de la administraci\u00f3n se instal\u00f3 el Consejo Consultivo del Presupuesto y Gasto P\u00fablico, que tambi\u00e9n fue un compromiso decampa\u00f1a. En ese sentido, apunt\u00f3 que estas pr\u00e1cticas han sido reconocidas, toda vez que buscan que las decisiones que se toman en Yucat\u00e1n sean producto del dialogo, la coordinaci\u00f3n y la participaci\u00f3n de los yucatecos.<\/p>\n<p>El Gobernador indic\u00f3 que la pandemia por el Coronavirus ha generado un impacto muy fuerte en la econom\u00eda del estado, no obstante, de acuerdo al Consejo Nacional de Evaluaci\u00f3n de la Pol\u00edtica de Desarrollo Social (Coneval), Yucat\u00e1n se ha convertido en la entidad del pa\u00eds con el mayor n\u00famero de iniciativas impulsadas para contrarrestar los efectos de la pandemia y respaldar a sus pobladores.<\/p>\n<p>En otro tema, Vila Dosal extern\u00f3 que el d\u00eda de ayer se reuni\u00f3 con el Presidente Andr\u00e9s Manuel L\u00f3pez Obrador en Palacio Nacional, donde estuvieron tratando temas relacionados con los diversos proyectos que se realizan en el estado como el Tren Maya, la ampliaci\u00f3n del Puerto de Altura de Progreso y la reubicaci\u00f3n del Aeropuerto de M\u00e9rida, los cuales son resultados de las gestiones hechas por el Gobernador y representan un gran impulso para el estado y la regi\u00f3n.<\/p>\n<p>Ante ello, el Gobernador pidi\u00f3 el apoyo de los empresarios y la ciudadan\u00eda para valorar los beneficios que este tipo de proyectos representan para la entidad, pues solo as\u00ed Yucat\u00e1n estar\u00e1 siendo contemplado para la llegada de m\u00e1s inversiones, ya que, dada la complicada situaci\u00f3n presupuestal del estado por los recortes por parte de la Federaci\u00f3n, la mejor manera de lograr una recuperaci\u00f3n es sumando esfuerzos entre los 3 niveles de Gobierno, la iniciativa privada y la sociedad.<\/p>\n<p>\u201cLo que les pido es que tengamos altura de visi\u00f3n para que sigan considerando a Yucat\u00e1n en m\u00e1s proyectos que nos traigan beneficios a los yucatecos\u201d, finaliz\u00f3 Vila Dosal.<\/p>\n<p>En el evento, la titular de la Secretar\u00eda de Fomento Tur\u00edstico (Sefotur), Michelle Fridman, destac\u00f3 que esta convocatoria es hist\u00f3rica y significa mucho para la recuperaci\u00f3n de Yucat\u00e1n, ya que los diversos sectores del estado estar\u00e1n anteponiendo los intereses comunes para poder hacer frente a la peor crisis que ha vivido el turismo en la historia moderna.<\/p>\n<p>La funcionaria estatal record\u00f3 que, en Yucat\u00e1n, se pas\u00f3 de un a\u00f1o con cifras muy positivas y mucha prosperidad en la actividad tur\u00edstica en 2019, a uno de los momentos m\u00e1s dif\u00edciles en 2020, derivado de las afectaciones de la pandemia por el Coronavirus.<\/p>\n<p>\u201cSolo se puede hacer frente unidos, por eso nos estamos sumando en pro del turismo, dando muestra de que la suma de esfuerzos es la \u00fanica opci\u00f3n que tenemos para lograr la recuperaci\u00f3n de la industria tur\u00edstica\u201d, afirm\u00f3 la titular de la Sefotur.<\/p>\n<p>En ese marco, tambi\u00e9n se present\u00f3 y aprob\u00f3 por unanimidad una propuesta de reestructura para el segmento de turismo de reuniones y acciones inmediatas a tomar para lograr su recuperaci\u00f3n ante la crisis por la contingencia sanitaria, entre las cuales se encuentran estrategias para hacer m\u00e1s con menos, el fortalecimiento de algunas \u00e1reas y la creaci\u00f3n de una direcci\u00f3n en la Sefotur para la atracci\u00f3n y promoci\u00f3n de eventos.<\/p>\n<p>De acuerdo con el Decreto 398\/2021 por el que se modifica el Reglamento de la Ley para el Fomento y Desarrollo del Turismo en Yucat\u00e1n, se reestructur\u00f3 la integraci\u00f3n del Consejo Consultivo Estatal de Turismo (CCET) ante la necesidad actualizar la organizaci\u00f3n y el funcionamiento del Consejo para propiciar una mejor coordinaci\u00f3n entre los sectores p\u00fablico, privado y social en la materia, y as\u00ed permitir que las propuestas que emanen de este \u00f3rgano colegiado respondan con mayor agilidad y eficiencia a las demandas presentes en los sectores tur\u00edstico y econ\u00f3mico del estado.<\/p>\n<p>En la sesi\u00f3n ordinaria estuvieron presentes Fernando Ponce D\u00edaz, Presidente del Consejo Coordinador Empresarial (CCE) y de la Confederaci\u00f3n Patronal de la Rep\u00fablica Mexicana en Yucat\u00e1n (COPARMEX); Fernando Barbachano Herrero, Director de Mayaland; Emilio D\u00edaz Castellanos, Presidente V\u00eda Montejo, Inmobilia, Grupo Dicas; Iv\u00e1n Rodr\u00edguez Gasque, Presidente de la c\u00e1mara nacional de comercio, servicios y turismo de M\u00e9rida; Juan Jos\u00e9 Mart\u00edn Pacheco, dirigente de la Asociaci\u00f3n Mexicana de Hoteles de Yucat\u00e1n (AMHY); Luis Herrera David, vicepresidente de la C\u00e1mara Nacional de la Industria de Restaurantes y Alimentos Condimentados, Delegaci\u00f3n Yucat\u00e1n (CANIRAC); Arturo Quirarte Dayarse, representante en Yucat\u00e1n del Consejo Nacional Empresarial Tur\u00edstico (CNET); y Eduardo C\u00f3rdova Balbuena, presidente de la C\u00e1mara Nacional del Autotransporte de Pasaje y Turismo (CANAPAT) en Yucat\u00e1n.<\/p>\n<p>De igual manera, Addy del Socorro S\u00e1nchez Rivera, presidenta de la Asociaci\u00f3n de Agencias Promotoras de Turismo de Yucat\u00e1n (AAPROTUY); Manuel Navarrete Correa, presidente del Comit\u00e9 del Pueblo M\u00e1gico de Valladolid; Gonzalo Novelo Luj\u00e1n, presidente Regi\u00f3n Sur de la Asociaci\u00f3n Mexicana de Profesionales de Ferias, Exposiciones, Congresos y Convenciones (AMPROFEC); y Jos\u00e9 Chapur Zahoul, Director General de Grupo Palace Resorts.<\/p>\n<p>Por parte del Gobierno del Estado, tambi\u00e9n asistieron Olga Rosas Moya, Secretaria de Administraci\u00f3n y Finanzas del Estado de Yucat\u00e1n (SAF); Joaqu\u00edn Mier y Ter\u00e1n Puerto, Subsecretario de Planeaci\u00f3n y Proyectos de la Secretar\u00eda de Fomento Econ\u00f3mico y Trabajo del Estado de Yucat\u00e1n (SEFOET); Mauricio D\u00edaz Montalvo, Director del Patronato de las Unidades Culturales y Tur\u00edsticos del Estado de Yucat\u00e1n (CULTUR); y Virginia Arana P\u00e9rez, encargada de la Direcci\u00f3n General del Fideicomiso para el Desarrollo del Turismo de Reuniones (FIDETURE).<\/p>\n","protected":false},"excerpt":{"rendered":"<p>&nbsp; M\u00e9rida, Yucat\u00e1n, 6 de agosto de 2021.- Integrado, por primera vez, en su mayor\u00eda por representantes de la sociedad civil y la iniciativa privada del sector tur\u00edstico, se instal\u00f3 el nuevo Consejo Consultivo Estatal de Turismo (CCET) tras las recientes modificaciones al Reglamento de la Ley para el Fomento y Desarrollo de esa actividad [&hellip;]<\/p>\n","protected":false},"author":2,"featured_media":85477,"comment_status":"closed","ping_status":"closed","sticky":false,"template":"","format":"standard","meta":{"footnotes":""},"categories":[2],"tags":[],"class_list":{"0":"post-85476","1":"post","2":"type-post","3":"status-publish","4":"format-standard","5":"has-post-thumbnail","7":"category-merida"},"yoast_head":"<!-- This site is optimized with the Yoast SEO plugin v27.4 - https:\/\/yoast.com\/product\/yoast-seo-wordpress\/ -->\n<title>Con mayor\u00eda ciudadana, se instala el nuevo Consejo Consultivo Estatal de Turismo - Yucat\u00e1n en corto<\/title>\n<meta name=\"robots\" content=\"index, follow, max-snippet:-1, max-image-preview:large, max-video-preview:-1\" \/>\n<link rel=\"canonical\" href=\"https:\/\/www.yucatanencorto.com\/noticias\/con-mayoria-ciudadana-se-instala-el-nuevo-consejo-consultivo-estatal-de-turismo\/\" \/>\n<meta property=\"og:locale\" content=\"es_ES\" \/>\n<meta property=\"og:type\" content=\"article\" \/>\n<meta property=\"og:title\" content=\"Con mayor\u00eda ciudadana, se instala el nuevo Consejo Consultivo Estatal de Turismo - Yucat\u00e1n en corto\" \/>\n<meta property=\"og:description\" content=\"&nbsp; M\u00e9rida, Yucat\u00e1n, 6 de agosto de 2021.- Integrado, por primera vez, en su mayor\u00eda por representantes de la sociedad civil y la iniciativa privada del sector tur\u00edstico, se instal\u00f3 el nuevo Consejo Consultivo Estatal de Turismo (CCET) tras las recientes modificaciones al Reglamento de la Ley para el Fomento y Desarrollo de esa actividad [&hellip;]\" \/>\n<meta property=\"og:url\" content=\"https:\/\/www.yucatanencorto.com\/noticias\/con-mayoria-ciudadana-se-instala-el-nuevo-consejo-consultivo-estatal-de-turismo\/\" \/>\n<meta property=\"og:site_name\" content=\"Yucat\u00e1n en corto\" \/>\n<meta property=\"article:publisher\" content=\"http:\/\/www.facebook.com\/yucatanencorto\" \/>\n<meta property=\"article:published_time\" content=\"2021-08-06T22:19:31+00:00\" \/>\n<meta property=\"article:modified_time\" content=\"2021-08-06T22:30:52+00:00\" \/>\n<meta property=\"og:image\" content=\"https:\/\/www.yucatanencorto.com\/noticias\/wp-content\/uploads\/2021\/08\/vila-anuncia.jpg\" \/>\n\t<meta property=\"og:image:width\" content=\"750\" \/>\n\t<meta property=\"og:image:height\" content=\"500\" \/>\n\t<meta property=\"og:image:type\" content=\"image\/jpeg\" \/>\n<meta name=\"author\" content=\"Yucat\u00e1n en Corto FC\" \/>\n<meta name=\"twitter:card\" content=\"summary_large_image\" \/>\n<meta name=\"twitter:creator\" content=\"@yucatanencorto\" \/>\n<meta name=\"twitter:site\" content=\"@yucatanencorto\" \/>\n<meta name=\"twitter:label1\" content=\"Escrito por\" \/>\n\t<meta name=\"twitter:data1\" content=\"Yucat\u00e1n en Corto FC\" \/>\n\t<meta name=\"twitter:label2\" content=\"Tiempo de lectura\" \/>\n\t<meta name=\"twitter:data2\" content=\"7 minutos\" \/>\n<script type=\"application\/ld+json\" class=\"yoast-schema-graph\">{\"@context\":\"https:\\\/\\\/schema.org\",\"@graph\":[{\"@type\":\"Article\",\"@id\":\"https:\\\/\\\/www.yucatanencorto.com\\\/noticias\\\/con-mayoria-ciudadana-se-instala-el-nuevo-consejo-consultivo-estatal-de-turismo\\\/#article\",\"isPartOf\":{\"@id\":\"https:\\\/\\\/www.yucatanencorto.com\\\/noticias\\\/con-mayoria-ciudadana-se-instala-el-nuevo-consejo-consultivo-estatal-de-turismo\\\/\"},\"author\":{\"name\":\"Yucat\u00e1n en Corto FC\",\"@id\":\"https:\\\/\\\/www.yucatanencorto.com\\\/noticias\\\/#\\\/schema\\\/person\\\/14f82d355225a1f4075dd84a31f45a72\"},\"headline\":\"Con mayor\u00eda ciudadana, se instala el nuevo Consejo Consultivo Estatal de Turismo\",\"datePublished\":\"2021-08-06T22:19:31+00:00\",\"dateModified\":\"2021-08-06T22:30:52+00:00\",\"mainEntityOfPage\":{\"@id\":\"https:\\\/\\\/www.yucatanencorto.com\\\/noticias\\\/con-mayoria-ciudadana-se-instala-el-nuevo-consejo-consultivo-estatal-de-turismo\\\/\"},\"wordCount\":1567,\"image\":{\"@id\":\"https:\\\/\\\/www.yucatanencorto.com\\\/noticias\\\/con-mayoria-ciudadana-se-instala-el-nuevo-consejo-consultivo-estatal-de-turismo\\\/#primaryimage\"},\"thumbnailUrl\":\"https:\\\/\\\/www.yucatanencorto.com\\\/noticias\\\/wp-content\\\/uploads\\\/2021\\\/08\\\/vila-anuncia.jpg\",\"articleSection\":[\"M\u00e9rida\"],\"inLanguage\":\"es\"},{\"@type\":\"WebPage\",\"@id\":\"https:\\\/\\\/www.yucatanencorto.com\\\/noticias\\\/con-mayoria-ciudadana-se-instala-el-nuevo-consejo-consultivo-estatal-de-turismo\\\/\",\"url\":\"https:\\\/\\\/www.yucatanencorto.com\\\/noticias\\\/con-mayoria-ciudadana-se-instala-el-nuevo-consejo-consultivo-estatal-de-turismo\\\/\",\"name\":\"Con mayor\u00eda ciudadana, se instala el nuevo Consejo Consultivo Estatal de Turismo - Yucat\u00e1n en corto\",\"isPartOf\":{\"@id\":\"https:\\\/\\\/www.yucatanencorto.com\\\/noticias\\\/#website\"},\"primaryImageOfPage\":{\"@id\":\"https:\\\/\\\/www.yucatanencorto.com\\\/noticias\\\/con-mayoria-ciudadana-se-instala-el-nuevo-consejo-consultivo-estatal-de-turismo\\\/#primaryimage\"},\"image\":{\"@id\":\"https:\\\/\\\/www.yucatanencorto.com\\\/noticias\\\/con-mayoria-ciudadana-se-instala-el-nuevo-consejo-consultivo-estatal-de-turismo\\\/#primaryimage\"},\"thumbnailUrl\":\"https:\\\/\\\/www.yucatanencorto.com\\\/noticias\\\/wp-content\\\/uploads\\\/2021\\\/08\\\/vila-anuncia.jpg\",\"datePublished\":\"2021-08-06T22:19:31+00:00\",\"dateModified\":\"2021-08-06T22:30:52+00:00\",\"author\":{\"@id\":\"https:\\\/\\\/www.yucatanencorto.com\\\/noticias\\\/#\\\/schema\\\/person\\\/14f82d355225a1f4075dd84a31f45a72\"},\"breadcrumb\":{\"@id\":\"https:\\\/\\\/www.yucatanencorto.com\\\/noticias\\\/con-mayoria-ciudadana-se-instala-el-nuevo-consejo-consultivo-estatal-de-turismo\\\/#breadcrumb\"},\"inLanguage\":\"es\",\"potentialAction\":[{\"@type\":\"ReadAction\",\"target\":[\"https:\\\/\\\/www.yucatanencorto.com\\\/noticias\\\/con-mayoria-ciudadana-se-instala-el-nuevo-consejo-consultivo-estatal-de-turismo\\\/\"]}]},{\"@type\":\"ImageObject\",\"inLanguage\":\"es\",\"@id\":\"https:\\\/\\\/www.yucatanencorto.com\\\/noticias\\\/con-mayoria-ciudadana-se-instala-el-nuevo-consejo-consultivo-estatal-de-turismo\\\/#primaryimage\",\"url\":\"https:\\\/\\\/www.yucatanencorto.com\\\/noticias\\\/wp-content\\\/uploads\\\/2021\\\/08\\\/vila-anuncia.jpg\",\"contentUrl\":\"https:\\\/\\\/www.yucatanencorto.com\\\/noticias\\\/wp-content\\\/uploads\\\/2021\\\/08\\\/vila-anuncia.jpg\",\"width\":750,\"height\":500},{\"@type\":\"BreadcrumbList\",\"@id\":\"https:\\\/\\\/www.yucatanencorto.com\\\/noticias\\\/con-mayoria-ciudadana-se-instala-el-nuevo-consejo-consultivo-estatal-de-turismo\\\/#breadcrumb\",\"itemListElement\":[{\"@type\":\"ListItem\",\"position\":1,\"name\":\"Portada\",\"item\":\"https:\\\/\\\/www.yucatanencorto.com\\\/noticias\\\/\"},{\"@type\":\"ListItem\",\"position\":2,\"name\":\"Con mayor\u00eda ciudadana, se instala el nuevo Consejo Consultivo Estatal de Turismo\"}]},{\"@type\":\"WebSite\",\"@id\":\"https:\\\/\\\/www.yucatanencorto.com\\\/noticias\\\/#website\",\"url\":\"https:\\\/\\\/www.yucatanencorto.com\\\/noticias\\\/\",\"name\":\"Yucat\u00e1n en corto\",\"description\":\"Noticias\",\"potentialAction\":[{\"@type\":\"SearchAction\",\"target\":{\"@type\":\"EntryPoint\",\"urlTemplate\":\"https:\\\/\\\/www.yucatanencorto.com\\\/noticias\\\/?s={search_term_string}\"},\"query-input\":{\"@type\":\"PropertyValueSpecification\",\"valueRequired\":true,\"valueName\":\"search_term_string\"}}],\"inLanguage\":\"es\"},{\"@type\":\"Person\",\"@id\":\"https:\\\/\\\/www.yucatanencorto.com\\\/noticias\\\/#\\\/schema\\\/person\\\/14f82d355225a1f4075dd84a31f45a72\",\"name\":\"Yucat\u00e1n en Corto FC\",\"image\":{\"@type\":\"ImageObject\",\"inLanguage\":\"es\",\"@id\":\"https:\\\/\\\/secure.gravatar.com\\\/avatar\\\/147d4b30cd728c53c29c49a3f7834dedca33707f4cd259761355846009a88250?s=96&d=mm&r=g\",\"url\":\"https:\\\/\\\/secure.gravatar.com\\\/avatar\\\/147d4b30cd728c53c29c49a3f7834dedca33707f4cd259761355846009a88250?s=96&d=mm&r=g\",\"contentUrl\":\"https:\\\/\\\/secure.gravatar.com\\\/avatar\\\/147d4b30cd728c53c29c49a3f7834dedca33707f4cd259761355846009a88250?s=96&d=mm&r=g\",\"caption\":\"Yucat\u00e1n en Corto FC\"},\"url\":\"https:\\\/\\\/www.yucatanencorto.com\\\/noticias\\\/author\\\/flor\\\/\"}]}<\/script>\n<!-- \/ Yoast SEO plugin. -->","yoast_head_json":{"title":"Con mayor\u00eda ciudadana, se instala el nuevo Consejo Consultivo Estatal de Turismo - Yucat\u00e1n en corto","robots":{"index":"index","follow":"follow","max-snippet":"max-snippet:-1","max-image-preview":"max-image-preview:large","max-video-preview":"max-video-preview:-1"},"canonical":"https:\/\/www.yucatanencorto.com\/noticias\/con-mayoria-ciudadana-se-instala-el-nuevo-consejo-consultivo-estatal-de-turismo\/","og_locale":"es_ES","og_type":"article","og_title":"Con mayor\u00eda ciudadana, se instala el nuevo Consejo Consultivo Estatal de Turismo - Yucat\u00e1n en corto","og_description":"&nbsp; M\u00e9rida, Yucat\u00e1n, 6 de agosto de 2021.- Integrado, por primera vez, en su mayor\u00eda por representantes de la sociedad civil y la iniciativa privada del sector tur\u00edstico, se instal\u00f3 el nuevo Consejo Consultivo Estatal de Turismo (CCET) tras las recientes modificaciones al Reglamento de la Ley para el Fomento y Desarrollo de esa actividad [&hellip;]","og_url":"https:\/\/www.yucatanencorto.com\/noticias\/con-mayoria-ciudadana-se-instala-el-nuevo-consejo-consultivo-estatal-de-turismo\/","og_site_name":"Yucat\u00e1n en corto","article_publisher":"http:\/\/www.facebook.com\/yucatanencorto","article_published_time":"2021-08-06T22:19:31+00:00","article_modified_time":"2021-08-06T22:30:52+00:00","og_image":[{"width":750,"height":500,"url":"https:\/\/www.yucatanencorto.com\/noticias\/wp-content\/uploads\/2021\/08\/vila-anuncia.jpg","type":"image\/jpeg"}],"author":"Yucat\u00e1n en Corto FC","twitter_card":"summary_large_image","twitter_creator":"@yucatanencorto","twitter_site":"@yucatanencorto","twitter_misc":{"Escrito por":"Yucat\u00e1n en Corto FC","Tiempo de lectura":"7 minutos"},"schema":{"@context":"https:\/\/schema.org","@graph":[{"@type":"Article","@id":"https:\/\/www.yucatanencorto.com\/noticias\/con-mayoria-ciudadana-se-instala-el-nuevo-consejo-consultivo-estatal-de-turismo\/#article","isPartOf":{"@id":"https:\/\/www.yucatanencorto.com\/noticias\/con-mayoria-ciudadana-se-instala-el-nuevo-consejo-consultivo-estatal-de-turismo\/"},"author":{"name":"Yucat\u00e1n en Corto FC","@id":"https:\/\/www.yucatanencorto.com\/noticias\/#\/schema\/person\/14f82d355225a1f4075dd84a31f45a72"},"headline":"Con mayor\u00eda ciudadana, se instala el nuevo Consejo Consultivo Estatal de Turismo","datePublished":"2021-08-06T22:19:31+00:00","dateModified":"2021-08-06T22:30:52+00:00","mainEntityOfPage":{"@id":"https:\/\/www.yucatanencorto.com\/noticias\/con-mayoria-ciudadana-se-instala-el-nuevo-consejo-consultivo-estatal-de-turismo\/"},"wordCount":1567,"image":{"@id":"https:\/\/www.yucatanencorto.com\/noticias\/con-mayoria-ciudadana-se-instala-el-nuevo-consejo-consultivo-estatal-de-turismo\/#primaryimage"},"thumbnailUrl":"https:\/\/www.yucatanencorto.com\/noticias\/wp-content\/uploads\/2021\/08\/vila-anuncia.jpg","articleSection":["M\u00e9rida"],"inLanguage":"es"},{"@type":"WebPage","@id":"https:\/\/www.yucatanencorto.com\/noticias\/con-mayoria-ciudadana-se-instala-el-nuevo-consejo-consultivo-estatal-de-turismo\/","url":"https:\/\/www.yucatanencorto.com\/noticias\/con-mayoria-ciudadana-se-instala-el-nuevo-consejo-consultivo-estatal-de-turismo\/","name":"Con mayor\u00eda ciudadana, se instala el nuevo Consejo Consultivo Estatal de Turismo - Yucat\u00e1n en corto","isPartOf":{"@id":"https:\/\/www.yucatanencorto.com\/noticias\/#website"},"primaryImageOfPage":{"@id":"https:\/\/www.yucatanencorto.com\/noticias\/con-mayoria-ciudadana-se-instala-el-nuevo-consejo-consultivo-estatal-de-turismo\/#primaryimage"},"image":{"@id":"https:\/\/www.yucatanencorto.com\/noticias\/con-mayoria-ciudadana-se-instala-el-nuevo-consejo-consultivo-estatal-de-turismo\/#primaryimage"},"thumbnailUrl":"https:\/\/www.yucatanencorto.com\/noticias\/wp-content\/uploads\/2021\/08\/vila-anuncia.jpg","datePublished":"2021-08-06T22:19:31+00:00","dateModified":"2021-08-06T22:30:52+00:00","author":{"@id":"https:\/\/www.yucatanencorto.com\/noticias\/#\/schema\/person\/14f82d355225a1f4075dd84a31f45a72"},"breadcrumb":{"@id":"https:\/\/www.yucatanencorto.com\/noticias\/con-mayoria-ciudadana-se-instala-el-nuevo-consejo-consultivo-estatal-de-turismo\/#breadcrumb"},"inLanguage":"es","potentialAction":[{"@type":"ReadAction","target":["https:\/\/www.yucatanencorto.com\/noticias\/con-mayoria-ciudadana-se-instala-el-nuevo-consejo-consultivo-estatal-de-turismo\/"]}]},{"@type":"ImageObject","inLanguage":"es","@id":"https:\/\/www.yucatanencorto.com\/noticias\/con-mayoria-ciudadana-se-instala-el-nuevo-consejo-consultivo-estatal-de-turismo\/#primaryimage","url":"https:\/\/www.yucatanencorto.com\/noticias\/wp-content\/uploads\/2021\/08\/vila-anuncia.jpg","contentUrl":"https:\/\/www.yucatanencorto.com\/noticias\/wp-content\/uploads\/2021\/08\/vila-anuncia.jpg","width":750,"height":500},{"@type":"BreadcrumbList","@id":"https:\/\/www.yucatanencorto.com\/noticias\/con-mayoria-ciudadana-se-instala-el-nuevo-consejo-consultivo-estatal-de-turismo\/#breadcrumb","itemListElement":[{"@type":"ListItem","position":1,"name":"Portada","item":"https:\/\/www.yucatanencorto.com\/noticias\/"},{"@type":"ListItem","position":2,"name":"Con mayor\u00eda ciudadana, se instala el nuevo Consejo Consultivo Estatal de Turismo"}]},{"@type":"WebSite","@id":"https:\/\/www.yucatanencorto.com\/noticias\/#website","url":"https:\/\/www.yucatanencorto.com\/noticias\/","name":"Yucat\u00e1n en corto","description":"Noticias","potentialAction":[{"@type":"SearchAction","target":{"@type":"EntryPoint","urlTemplate":"https:\/\/www.yucatanencorto.com\/noticias\/?s={search_term_string}"},"query-input":{"@type":"PropertyValueSpecification","valueRequired":true,"valueName":"search_term_string"}}],"inLanguage":"es"},{"@type":"Person","@id":"https:\/\/www.yucatanencorto.com\/noticias\/#\/schema\/person\/14f82d355225a1f4075dd84a31f45a72","name":"Yucat\u00e1n en Corto FC","image":{"@type":"ImageObject","inLanguage":"es","@id":"https:\/\/secure.gravatar.com\/avatar\/147d4b30cd728c53c29c49a3f7834dedca33707f4cd259761355846009a88250?s=96&d=mm&r=g","url":"https:\/\/secure.gravatar.com\/avatar\/147d4b30cd728c53c29c49a3f7834dedca33707f4cd259761355846009a88250?s=96&d=mm&r=g","contentUrl":"https:\/\/secure.gravatar.com\/avatar\/147d4b30cd728c53c29c49a3f7834dedca33707f4cd259761355846009a88250?s=96&d=mm&r=g","caption":"Yucat\u00e1n en Corto FC"},"url":"https:\/\/www.yucatanencorto.com\/noticias\/author\/flor\/"}]}},"_links":{"self":[{"href":"https:\/\/www.yucatanencorto.com\/noticias\/wp-json\/wp\/v2\/posts\/85476","targetHints":{"allow":["GET"]}}],"collection":[{"href":"https:\/\/www.yucatanencorto.com\/noticias\/wp-json\/wp\/v2\/posts"}],"about":[{"href":"https:\/\/www.yucatanencorto.com\/noticias\/wp-json\/wp\/v2\/types\/post"}],"author":[{"embeddable":true,"href":"https:\/\/www.yucatanencorto.com\/noticias\/wp-json\/wp\/v2\/users\/2"}],"replies":[{"embeddable":true,"href":"https:\/\/www.yucatanencorto.com\/noticias\/wp-json\/wp\/v2\/comments?post=85476"}],"version-history":[{"count":0,"href":"https:\/\/www.yucatanencorto.com\/noticias\/wp-json\/wp\/v2\/posts\/85476\/revisions"}],"wp:featuredmedia":[{"embeddable":true,"href":"https:\/\/www.yucatanencorto.com\/noticias\/wp-json\/wp\/v2\/media\/85477"}],"wp:attachment":[{"href":"https:\/\/www.yucatanencorto.com\/noticias\/wp-json\/wp\/v2\/media?parent=85476"}],"wp:term":[{"taxonomy":"category","embeddable":true,"href":"https:\/\/www.yucatanencorto.com\/noticias\/wp-json\/wp\/v2\/categories?post=85476"},{"taxonomy":"post_tag","embeddable":true,"href":"https:\/\/www.yucatanencorto.com\/noticias\/wp-json\/wp\/v2\/tags?post=85476"}],"curies":[{"name":"wp","href":"https:\/\/api.w.org\/{rel}","templated":true}]}}