{"id":85487,"date":"2021-08-06T19:19:48","date_gmt":"2021-08-07T00:19:48","guid":{"rendered":"https:\/\/www.yucatanencorto.com\/noticias\/?p=85487"},"modified":"2021-08-06T19:19:48","modified_gmt":"2021-08-07T00:19:48","slug":"el-ayuntamiento-sigue-potenciando-la-reactivacion-economica-con-el-apoyo-a-pequenos-negocios-de-merida","status":"publish","type":"post","link":"https:\/\/www.yucatanencorto.com\/noticias\/el-ayuntamiento-sigue-potenciando-la-reactivacion-economica-con-el-apoyo-a-pequenos-negocios-de-merida\/","title":{"rendered":"El Ayuntamiento sigue potenciando la reactivaci\u00f3n econ\u00f3mica con el apoyo a peque\u00f1os negocios de M\u00e9rida"},"content":{"rendered":"<p>&nbsp;<\/p>\n<p><img loading=\"lazy\" decoding=\"async\" class=\"alignnone size-full wp-image-85488 alignleft\" src=\"https:\/\/www.yucatanencorto.com\/noticias\/wp-content\/uploads\/2021\/08\/6AGO21-RBC-FOMENTO-PRODUCTIVO-2-scaled.jpeg\" alt=\"\" width=\"768\" height=\"512\" srcset=\"https:\/\/www.yucatanencorto.com\/noticias\/wp-content\/uploads\/2021\/08\/6AGO21-RBC-FOMENTO-PRODUCTIVO-2-scaled.jpeg 768w, https:\/\/www.yucatanencorto.com\/noticias\/wp-content\/uploads\/2021\/08\/6AGO21-RBC-FOMENTO-PRODUCTIVO-2-696x464.jpeg 696w, https:\/\/www.yucatanencorto.com\/noticias\/wp-content\/uploads\/2021\/08\/6AGO21-RBC-FOMENTO-PRODUCTIVO-2-1068x712.jpeg 1068w, https:\/\/www.yucatanencorto.com\/noticias\/wp-content\/uploads\/2021\/08\/6AGO21-RBC-FOMENTO-PRODUCTIVO-2-630x420.jpeg 630w\" sizes=\"auto, (max-width: 768px) 100vw, 768px\" \/><\/p>\n<blockquote>\n<div dir=\"ltr\">\n<p>M\u00e9rida, 6 de agosto de 2021. Con la aplicaci\u00f3n de programas inclusivos, la administraci\u00f3n que encabeza el alcalde Ren\u00e1n Barrera Concha redobla esfuerzos para trabajar de la mano con la ciudadan\u00eda e impulsar el desarrollo y la consolidaci\u00f3n de los peque\u00f1os negocios y el autoempleo en el municipio.<\/p>\n<p>En ese sentido, el Concejal entreg\u00f3 insumos del programa \u201cFomento Productivo\u201d y reafirm\u00f3 su compromiso de seguir impulsando acciones de apoyo que permitan mejorar las condiciones de vida de las familias meridanas.<\/p>\n<p>\u201cNuestro objetivo principal es ayudar a este importante sector de la poblaci\u00f3n a recuperar y mantener su din\u00e1mica econ\u00f3mica, ya que abona a la recuperaci\u00f3n de nuestro municipio al generar fuentes de empleo\u201d, dijo.<\/p>\n<p>Acompa\u00f1ado de Jos\u00e9 Luis Mart\u00ednez Semerena, director de Desarrollo Social y Mar\u00eda Fernanda Reid G\u00f3ngora, subdirectora de Promoci\u00f3n Social, Barrera Concha destac\u00f3 que esta administraci\u00f3n no solo enfoca sus esfuerzos en mantener al municipio con calidad en servicios p\u00fablicos y obras de infraestructura, sino que tambi\u00e9n le apuesta a apoyar a decenas de ciudadanas y ciudadanos que necesitan una ayuda para impulsar o iniciar sus peque\u00f1os negocios.<\/p>\n<p>En el evento, el Presidente Municipal inform\u00f3 que en esta ocasi\u00f3n el programa \u201cFomento Productivo\u201d entreg\u00f3 apoyos a 47 beneficiarios y beneficiarias (25 hombres y 22 mujeres) de colonias y comisar\u00edas de M\u00e9rida. La inversi\u00f3n asciende a la cantidad de $165,502.07.<\/p>\n<p>Los apoyos entregados incluyen m\u00e1quina de coser, tableta, triciclos, roto martillo y kit de herramientas menores, hilos para hamaca, kit de reposter\u00eda, kit de estilista, envases pet, extractor de jugos, estufa industrial, freidora de acero inoxidable, impresora, charolas de aluminio, cortadora de cabello, anaquel met\u00e1lico, cafetera el\u00e9ctrica, horno de convecci\u00f3n y rostizado, olla vaporera, silla para corte, b\u00e1sculas, tonner, lavadoras y estufas con horno.<\/p>\n<p>Lo anterior con el fin de potencializar el trabajo de micronegocios de giros diversos, como modista, recorridos tur\u00edsticos, equipo para tienda de accesorios automotrices, productores ornamentales, zapatero, urdido de hamacas, uniformes y publicidad, repostero, estilista, barber\u00eda, elaboraci\u00f3n de jugos y jarabes naturales, cocina econ\u00f3mica, tatuador, cafeter\u00eda, venta de alimentos, dise\u00f1o gr\u00e1fico, artesano y lavander\u00eda.<\/p>\n<p>En total, el programa de \u201cFomento Productivo\u201d ha entregado en esta administraci\u00f3n del alcalde Ren\u00e1n Barrera 1,148 apoyos a beneficiarios de 126 colonias y 24 comisar\u00edas, de los cuales 262 fueron antes de la pandemia, 691 en durante el 2020 debido a la contingencia y 195 en lo que va del presente a\u00f1o.<\/p>\n<p>La inversi\u00f3n total asciende a 3 millones 709 mil 533.79 pesos.<\/p>\n<p>Dentro de lo entregado en el per\u00edodo 2018-2021 destacan kits de jardiner\u00eda, electricidad, plomer\u00eda, reposter\u00eda, cocina, alba\u00f1iler\u00eda, carpinter\u00eda, estilista, paquetes de insumos para papeler\u00edas, tiendas de abarrotes, adem\u00e1s de triciclos y m\u00e1quinas de coser.<\/p>\n<p>Los giros m\u00e1s recurrentes en la solicitud de apoyos son cocinas econ\u00f3micas, cultoras de belleza, talleres mec\u00e1nicos, lavado de carros, oficios de alba\u00f1iler\u00eda, electricidad, plomer\u00eda, carpinter\u00eda, jardiner\u00eda, papeler\u00edas, tiendas de abarrotes y manualidades.<\/p>\n<\/div>\n<\/blockquote>\n","protected":false},"excerpt":{"rendered":"<p>&nbsp; M\u00e9rida, 6 de agosto de 2021. Con la aplicaci\u00f3n de programas inclusivos, la administraci\u00f3n que encabeza el alcalde Ren\u00e1n Barrera Concha redobla esfuerzos para trabajar de la mano con la ciudadan\u00eda e impulsar el desarrollo y la consolidaci\u00f3n de los peque\u00f1os negocios y el autoempleo en el municipio. En ese sentido, el Concejal entreg\u00f3 [&hellip;]<\/p>\n","protected":false},"author":2,"featured_media":85488,"comment_status":"closed","ping_status":"closed","sticky":false,"template":"","format":"standard","meta":{"footnotes":""},"categories":[2],"tags":[],"class_list":{"0":"post-85487","1":"post","2":"type-post","3":"status-publish","4":"format-standard","5":"has-post-thumbnail","7":"category-merida"},"yoast_head":"<!-- This site is optimized with the Yoast SEO plugin v27.4 - https:\/\/yoast.com\/product\/yoast-seo-wordpress\/ -->\n<title>El Ayuntamiento sigue potenciando la reactivaci\u00f3n econ\u00f3mica con el apoyo a peque\u00f1os negocios de M\u00e9rida - Yucat\u00e1n en corto<\/title>\n<meta name=\"robots\" content=\"index, follow, max-snippet:-1, max-image-preview:large, max-video-preview:-1\" \/>\n<link rel=\"canonical\" href=\"https:\/\/www.yucatanencorto.com\/noticias\/el-ayuntamiento-sigue-potenciando-la-reactivacion-economica-con-el-apoyo-a-pequenos-negocios-de-merida\/\" \/>\n<meta property=\"og:locale\" content=\"es_ES\" \/>\n<meta property=\"og:type\" content=\"article\" \/>\n<meta property=\"og:title\" content=\"El Ayuntamiento sigue potenciando la reactivaci\u00f3n econ\u00f3mica con el apoyo a peque\u00f1os negocios de M\u00e9rida - Yucat\u00e1n en corto\" \/>\n<meta property=\"og:description\" content=\"&nbsp; M\u00e9rida, 6 de agosto de 2021. Con la aplicaci\u00f3n de programas inclusivos, la administraci\u00f3n que encabeza el alcalde Ren\u00e1n Barrera Concha redobla esfuerzos para trabajar de la mano con la ciudadan\u00eda e impulsar el desarrollo y la consolidaci\u00f3n de los peque\u00f1os negocios y el autoempleo en el municipio. En ese sentido, el Concejal entreg\u00f3 [&hellip;]\" \/>\n<meta property=\"og:url\" content=\"https:\/\/www.yucatanencorto.com\/noticias\/el-ayuntamiento-sigue-potenciando-la-reactivacion-economica-con-el-apoyo-a-pequenos-negocios-de-merida\/\" \/>\n<meta property=\"og:site_name\" content=\"Yucat\u00e1n en corto\" \/>\n<meta property=\"article:publisher\" content=\"http:\/\/www.facebook.com\/yucatanencorto\" \/>\n<meta property=\"article:published_time\" content=\"2021-08-07T00:19:48+00:00\" \/>\n<meta property=\"og:image\" content=\"https:\/\/www.yucatanencorto.com\/noticias\/wp-content\/uploads\/2021\/08\/6AGO21-RBC-FOMENTO-PRODUCTIVO-2-scaled.jpeg\" \/>\n\t<meta property=\"og:image:width\" content=\"768\" \/>\n\t<meta property=\"og:image:height\" content=\"512\" \/>\n\t<meta property=\"og:image:type\" content=\"image\/jpeg\" \/>\n<meta name=\"author\" content=\"Yucat\u00e1n en Corto FC\" \/>\n<meta name=\"twitter:card\" content=\"summary_large_image\" \/>\n<meta name=\"twitter:creator\" content=\"@yucatanencorto\" \/>\n<meta name=\"twitter:site\" content=\"@yucatanencorto\" \/>\n<meta name=\"twitter:label1\" content=\"Escrito por\" \/>\n\t<meta name=\"twitter:data1\" content=\"Yucat\u00e1n en Corto FC\" \/>\n\t<meta name=\"twitter:label2\" content=\"Tiempo de lectura\" \/>\n\t<meta name=\"twitter:data2\" content=\"3 minutos\" \/>\n<script type=\"application\/ld+json\" class=\"yoast-schema-graph\">{\"@context\":\"https:\\\/\\\/schema.org\",\"@graph\":[{\"@type\":\"Article\",\"@id\":\"https:\\\/\\\/www.yucatanencorto.com\\\/noticias\\\/el-ayuntamiento-sigue-potenciando-la-reactivacion-economica-con-el-apoyo-a-pequenos-negocios-de-merida\\\/#article\",\"isPartOf\":{\"@id\":\"https:\\\/\\\/www.yucatanencorto.com\\\/noticias\\\/el-ayuntamiento-sigue-potenciando-la-reactivacion-economica-con-el-apoyo-a-pequenos-negocios-de-merida\\\/\"},\"author\":{\"name\":\"Yucat\u00e1n en Corto FC\",\"@id\":\"https:\\\/\\\/www.yucatanencorto.com\\\/noticias\\\/#\\\/schema\\\/person\\\/14f82d355225a1f4075dd84a31f45a72\"},\"headline\":\"El Ayuntamiento sigue potenciando la reactivaci\u00f3n econ\u00f3mica con el apoyo a peque\u00f1os negocios de M\u00e9rida\",\"datePublished\":\"2021-08-07T00:19:48+00:00\",\"mainEntityOfPage\":{\"@id\":\"https:\\\/\\\/www.yucatanencorto.com\\\/noticias\\\/el-ayuntamiento-sigue-potenciando-la-reactivacion-economica-con-el-apoyo-a-pequenos-negocios-de-merida\\\/\"},\"wordCount\":537,\"image\":{\"@id\":\"https:\\\/\\\/www.yucatanencorto.com\\\/noticias\\\/el-ayuntamiento-sigue-potenciando-la-reactivacion-economica-con-el-apoyo-a-pequenos-negocios-de-merida\\\/#primaryimage\"},\"thumbnailUrl\":\"https:\\\/\\\/www.yucatanencorto.com\\\/noticias\\\/wp-content\\\/uploads\\\/2021\\\/08\\\/6AGO21-RBC-FOMENTO-PRODUCTIVO-2-scaled.jpeg\",\"articleSection\":[\"M\u00e9rida\"],\"inLanguage\":\"es\"},{\"@type\":\"WebPage\",\"@id\":\"https:\\\/\\\/www.yucatanencorto.com\\\/noticias\\\/el-ayuntamiento-sigue-potenciando-la-reactivacion-economica-con-el-apoyo-a-pequenos-negocios-de-merida\\\/\",\"url\":\"https:\\\/\\\/www.yucatanencorto.com\\\/noticias\\\/el-ayuntamiento-sigue-potenciando-la-reactivacion-economica-con-el-apoyo-a-pequenos-negocios-de-merida\\\/\",\"name\":\"El Ayuntamiento sigue potenciando la reactivaci\u00f3n econ\u00f3mica con el apoyo a peque\u00f1os negocios de M\u00e9rida - Yucat\u00e1n en corto\",\"isPartOf\":{\"@id\":\"https:\\\/\\\/www.yucatanencorto.com\\\/noticias\\\/#website\"},\"primaryImageOfPage\":{\"@id\":\"https:\\\/\\\/www.yucatanencorto.com\\\/noticias\\\/el-ayuntamiento-sigue-potenciando-la-reactivacion-economica-con-el-apoyo-a-pequenos-negocios-de-merida\\\/#primaryimage\"},\"image\":{\"@id\":\"https:\\\/\\\/www.yucatanencorto.com\\\/noticias\\\/el-ayuntamiento-sigue-potenciando-la-reactivacion-economica-con-el-apoyo-a-pequenos-negocios-de-merida\\\/#primaryimage\"},\"thumbnailUrl\":\"https:\\\/\\\/www.yucatanencorto.com\\\/noticias\\\/wp-content\\\/uploads\\\/2021\\\/08\\\/6AGO21-RBC-FOMENTO-PRODUCTIVO-2-scaled.jpeg\",\"datePublished\":\"2021-08-07T00:19:48+00:00\",\"author\":{\"@id\":\"https:\\\/\\\/www.yucatanencorto.com\\\/noticias\\\/#\\\/schema\\\/person\\\/14f82d355225a1f4075dd84a31f45a72\"},\"breadcrumb\":{\"@id\":\"https:\\\/\\\/www.yucatanencorto.com\\\/noticias\\\/el-ayuntamiento-sigue-potenciando-la-reactivacion-economica-con-el-apoyo-a-pequenos-negocios-de-merida\\\/#breadcrumb\"},\"inLanguage\":\"es\",\"potentialAction\":[{\"@type\":\"ReadAction\",\"target\":[\"https:\\\/\\\/www.yucatanencorto.com\\\/noticias\\\/el-ayuntamiento-sigue-potenciando-la-reactivacion-economica-con-el-apoyo-a-pequenos-negocios-de-merida\\\/\"]}]},{\"@type\":\"ImageObject\",\"inLanguage\":\"es\",\"@id\":\"https:\\\/\\\/www.yucatanencorto.com\\\/noticias\\\/el-ayuntamiento-sigue-potenciando-la-reactivacion-economica-con-el-apoyo-a-pequenos-negocios-de-merida\\\/#primaryimage\",\"url\":\"https:\\\/\\\/www.yucatanencorto.com\\\/noticias\\\/wp-content\\\/uploads\\\/2021\\\/08\\\/6AGO21-RBC-FOMENTO-PRODUCTIVO-2-scaled.jpeg\",\"contentUrl\":\"https:\\\/\\\/www.yucatanencorto.com\\\/noticias\\\/wp-content\\\/uploads\\\/2021\\\/08\\\/6AGO21-RBC-FOMENTO-PRODUCTIVO-2-scaled.jpeg\",\"width\":768,\"height\":512},{\"@type\":\"BreadcrumbList\",\"@id\":\"https:\\\/\\\/www.yucatanencorto.com\\\/noticias\\\/el-ayuntamiento-sigue-potenciando-la-reactivacion-economica-con-el-apoyo-a-pequenos-negocios-de-merida\\\/#breadcrumb\",\"itemListElement\":[{\"@type\":\"ListItem\",\"position\":1,\"name\":\"Portada\",\"item\":\"https:\\\/\\\/www.yucatanencorto.com\\\/noticias\\\/\"},{\"@type\":\"ListItem\",\"position\":2,\"name\":\"El Ayuntamiento sigue potenciando la reactivaci\u00f3n econ\u00f3mica con el apoyo a peque\u00f1os negocios de M\u00e9rida\"}]},{\"@type\":\"WebSite\",\"@id\":\"https:\\\/\\\/www.yucatanencorto.com\\\/noticias\\\/#website\",\"url\":\"https:\\\/\\\/www.yucatanencorto.com\\\/noticias\\\/\",\"name\":\"Yucat\u00e1n en corto\",\"description\":\"Noticias\",\"potentialAction\":[{\"@type\":\"SearchAction\",\"target\":{\"@type\":\"EntryPoint\",\"urlTemplate\":\"https:\\\/\\\/www.yucatanencorto.com\\\/noticias\\\/?s={search_term_string}\"},\"query-input\":{\"@type\":\"PropertyValueSpecification\",\"valueRequired\":true,\"valueName\":\"search_term_string\"}}],\"inLanguage\":\"es\"},{\"@type\":\"Person\",\"@id\":\"https:\\\/\\\/www.yucatanencorto.com\\\/noticias\\\/#\\\/schema\\\/person\\\/14f82d355225a1f4075dd84a31f45a72\",\"name\":\"Yucat\u00e1n en Corto FC\",\"image\":{\"@type\":\"ImageObject\",\"inLanguage\":\"es\",\"@id\":\"https:\\\/\\\/secure.gravatar.com\\\/avatar\\\/147d4b30cd728c53c29c49a3f7834dedca33707f4cd259761355846009a88250?s=96&d=mm&r=g\",\"url\":\"https:\\\/\\\/secure.gravatar.com\\\/avatar\\\/147d4b30cd728c53c29c49a3f7834dedca33707f4cd259761355846009a88250?s=96&d=mm&r=g\",\"contentUrl\":\"https:\\\/\\\/secure.gravatar.com\\\/avatar\\\/147d4b30cd728c53c29c49a3f7834dedca33707f4cd259761355846009a88250?s=96&d=mm&r=g\",\"caption\":\"Yucat\u00e1n en Corto FC\"},\"url\":\"https:\\\/\\\/www.yucatanencorto.com\\\/noticias\\\/author\\\/flor\\\/\"}]}<\/script>\n<!-- \/ Yoast SEO plugin. -->","yoast_head_json":{"title":"El Ayuntamiento sigue potenciando la reactivaci\u00f3n econ\u00f3mica con el apoyo a peque\u00f1os negocios de M\u00e9rida - Yucat\u00e1n en corto","robots":{"index":"index","follow":"follow","max-snippet":"max-snippet:-1","max-image-preview":"max-image-preview:large","max-video-preview":"max-video-preview:-1"},"canonical":"https:\/\/www.yucatanencorto.com\/noticias\/el-ayuntamiento-sigue-potenciando-la-reactivacion-economica-con-el-apoyo-a-pequenos-negocios-de-merida\/","og_locale":"es_ES","og_type":"article","og_title":"El Ayuntamiento sigue potenciando la reactivaci\u00f3n econ\u00f3mica con el apoyo a peque\u00f1os negocios de M\u00e9rida - Yucat\u00e1n en corto","og_description":"&nbsp; M\u00e9rida, 6 de agosto de 2021. Con la aplicaci\u00f3n de programas inclusivos, la administraci\u00f3n que encabeza el alcalde Ren\u00e1n Barrera Concha redobla esfuerzos para trabajar de la mano con la ciudadan\u00eda e impulsar el desarrollo y la consolidaci\u00f3n de los peque\u00f1os negocios y el autoempleo en el municipio. En ese sentido, el Concejal entreg\u00f3 [&hellip;]","og_url":"https:\/\/www.yucatanencorto.com\/noticias\/el-ayuntamiento-sigue-potenciando-la-reactivacion-economica-con-el-apoyo-a-pequenos-negocios-de-merida\/","og_site_name":"Yucat\u00e1n en corto","article_publisher":"http:\/\/www.facebook.com\/yucatanencorto","article_published_time":"2021-08-07T00:19:48+00:00","og_image":[{"width":768,"height":512,"url":"https:\/\/www.yucatanencorto.com\/noticias\/wp-content\/uploads\/2021\/08\/6AGO21-RBC-FOMENTO-PRODUCTIVO-2-scaled.jpeg","type":"image\/jpeg"}],"author":"Yucat\u00e1n en Corto FC","twitter_card":"summary_large_image","twitter_creator":"@yucatanencorto","twitter_site":"@yucatanencorto","twitter_misc":{"Escrito por":"Yucat\u00e1n en Corto FC","Tiempo de lectura":"3 minutos"},"schema":{"@context":"https:\/\/schema.org","@graph":[{"@type":"Article","@id":"https:\/\/www.yucatanencorto.com\/noticias\/el-ayuntamiento-sigue-potenciando-la-reactivacion-economica-con-el-apoyo-a-pequenos-negocios-de-merida\/#article","isPartOf":{"@id":"https:\/\/www.yucatanencorto.com\/noticias\/el-ayuntamiento-sigue-potenciando-la-reactivacion-economica-con-el-apoyo-a-pequenos-negocios-de-merida\/"},"author":{"name":"Yucat\u00e1n en Corto FC","@id":"https:\/\/www.yucatanencorto.com\/noticias\/#\/schema\/person\/14f82d355225a1f4075dd84a31f45a72"},"headline":"El Ayuntamiento sigue potenciando la reactivaci\u00f3n econ\u00f3mica con el apoyo a peque\u00f1os negocios de M\u00e9rida","datePublished":"2021-08-07T00:19:48+00:00","mainEntityOfPage":{"@id":"https:\/\/www.yucatanencorto.com\/noticias\/el-ayuntamiento-sigue-potenciando-la-reactivacion-economica-con-el-apoyo-a-pequenos-negocios-de-merida\/"},"wordCount":537,"image":{"@id":"https:\/\/www.yucatanencorto.com\/noticias\/el-ayuntamiento-sigue-potenciando-la-reactivacion-economica-con-el-apoyo-a-pequenos-negocios-de-merida\/#primaryimage"},"thumbnailUrl":"https:\/\/www.yucatanencorto.com\/noticias\/wp-content\/uploads\/2021\/08\/6AGO21-RBC-FOMENTO-PRODUCTIVO-2-scaled.jpeg","articleSection":["M\u00e9rida"],"inLanguage":"es"},{"@type":"WebPage","@id":"https:\/\/www.yucatanencorto.com\/noticias\/el-ayuntamiento-sigue-potenciando-la-reactivacion-economica-con-el-apoyo-a-pequenos-negocios-de-merida\/","url":"https:\/\/www.yucatanencorto.com\/noticias\/el-ayuntamiento-sigue-potenciando-la-reactivacion-economica-con-el-apoyo-a-pequenos-negocios-de-merida\/","name":"El Ayuntamiento sigue potenciando la reactivaci\u00f3n econ\u00f3mica con el apoyo a peque\u00f1os negocios de M\u00e9rida - Yucat\u00e1n en corto","isPartOf":{"@id":"https:\/\/www.yucatanencorto.com\/noticias\/#website"},"primaryImageOfPage":{"@id":"https:\/\/www.yucatanencorto.com\/noticias\/el-ayuntamiento-sigue-potenciando-la-reactivacion-economica-con-el-apoyo-a-pequenos-negocios-de-merida\/#primaryimage"},"image":{"@id":"https:\/\/www.yucatanencorto.com\/noticias\/el-ayuntamiento-sigue-potenciando-la-reactivacion-economica-con-el-apoyo-a-pequenos-negocios-de-merida\/#primaryimage"},"thumbnailUrl":"https:\/\/www.yucatanencorto.com\/noticias\/wp-content\/uploads\/2021\/08\/6AGO21-RBC-FOMENTO-PRODUCTIVO-2-scaled.jpeg","datePublished":"2021-08-07T00:19:48+00:00","author":{"@id":"https:\/\/www.yucatanencorto.com\/noticias\/#\/schema\/person\/14f82d355225a1f4075dd84a31f45a72"},"breadcrumb":{"@id":"https:\/\/www.yucatanencorto.com\/noticias\/el-ayuntamiento-sigue-potenciando-la-reactivacion-economica-con-el-apoyo-a-pequenos-negocios-de-merida\/#breadcrumb"},"inLanguage":"es","potentialAction":[{"@type":"ReadAction","target":["https:\/\/www.yucatanencorto.com\/noticias\/el-ayuntamiento-sigue-potenciando-la-reactivacion-economica-con-el-apoyo-a-pequenos-negocios-de-merida\/"]}]},{"@type":"ImageObject","inLanguage":"es","@id":"https:\/\/www.yucatanencorto.com\/noticias\/el-ayuntamiento-sigue-potenciando-la-reactivacion-economica-con-el-apoyo-a-pequenos-negocios-de-merida\/#primaryimage","url":"https:\/\/www.yucatanencorto.com\/noticias\/wp-content\/uploads\/2021\/08\/6AGO21-RBC-FOMENTO-PRODUCTIVO-2-scaled.jpeg","contentUrl":"https:\/\/www.yucatanencorto.com\/noticias\/wp-content\/uploads\/2021\/08\/6AGO21-RBC-FOMENTO-PRODUCTIVO-2-scaled.jpeg","width":768,"height":512},{"@type":"BreadcrumbList","@id":"https:\/\/www.yucatanencorto.com\/noticias\/el-ayuntamiento-sigue-potenciando-la-reactivacion-economica-con-el-apoyo-a-pequenos-negocios-de-merida\/#breadcrumb","itemListElement":[{"@type":"ListItem","position":1,"name":"Portada","item":"https:\/\/www.yucatanencorto.com\/noticias\/"},{"@type":"ListItem","position":2,"name":"El Ayuntamiento sigue potenciando la reactivaci\u00f3n econ\u00f3mica con el apoyo a peque\u00f1os negocios de M\u00e9rida"}]},{"@type":"WebSite","@id":"https:\/\/www.yucatanencorto.com\/noticias\/#website","url":"https:\/\/www.yucatanencorto.com\/noticias\/","name":"Yucat\u00e1n en corto","description":"Noticias","potentialAction":[{"@type":"SearchAction","target":{"@type":"EntryPoint","urlTemplate":"https:\/\/www.yucatanencorto.com\/noticias\/?s={search_term_string}"},"query-input":{"@type":"PropertyValueSpecification","valueRequired":true,"valueName":"search_term_string"}}],"inLanguage":"es"},{"@type":"Person","@id":"https:\/\/www.yucatanencorto.com\/noticias\/#\/schema\/person\/14f82d355225a1f4075dd84a31f45a72","name":"Yucat\u00e1n en Corto FC","image":{"@type":"ImageObject","inLanguage":"es","@id":"https:\/\/secure.gravatar.com\/avatar\/147d4b30cd728c53c29c49a3f7834dedca33707f4cd259761355846009a88250?s=96&d=mm&r=g","url":"https:\/\/secure.gravatar.com\/avatar\/147d4b30cd728c53c29c49a3f7834dedca33707f4cd259761355846009a88250?s=96&d=mm&r=g","contentUrl":"https:\/\/secure.gravatar.com\/avatar\/147d4b30cd728c53c29c49a3f7834dedca33707f4cd259761355846009a88250?s=96&d=mm&r=g","caption":"Yucat\u00e1n en Corto FC"},"url":"https:\/\/www.yucatanencorto.com\/noticias\/author\/flor\/"}]}},"_links":{"self":[{"href":"https:\/\/www.yucatanencorto.com\/noticias\/wp-json\/wp\/v2\/posts\/85487","targetHints":{"allow":["GET"]}}],"collection":[{"href":"https:\/\/www.yucatanencorto.com\/noticias\/wp-json\/wp\/v2\/posts"}],"about":[{"href":"https:\/\/www.yucatanencorto.com\/noticias\/wp-json\/wp\/v2\/types\/post"}],"author":[{"embeddable":true,"href":"https:\/\/www.yucatanencorto.com\/noticias\/wp-json\/wp\/v2\/users\/2"}],"replies":[{"embeddable":true,"href":"https:\/\/www.yucatanencorto.com\/noticias\/wp-json\/wp\/v2\/comments?post=85487"}],"version-history":[{"count":0,"href":"https:\/\/www.yucatanencorto.com\/noticias\/wp-json\/wp\/v2\/posts\/85487\/revisions"}],"wp:featuredmedia":[{"embeddable":true,"href":"https:\/\/www.yucatanencorto.com\/noticias\/wp-json\/wp\/v2\/media\/85488"}],"wp:attachment":[{"href":"https:\/\/www.yucatanencorto.com\/noticias\/wp-json\/wp\/v2\/media?parent=85487"}],"wp:term":[{"taxonomy":"category","embeddable":true,"href":"https:\/\/www.yucatanencorto.com\/noticias\/wp-json\/wp\/v2\/categories?post=85487"},{"taxonomy":"post_tag","embeddable":true,"href":"https:\/\/www.yucatanencorto.com\/noticias\/wp-json\/wp\/v2\/tags?post=85487"}],"curies":[{"name":"wp","href":"https:\/\/api.w.org\/{rel}","templated":true}]}}