{"id":85491,"date":"2021-08-06T21:33:31","date_gmt":"2021-08-07T02:33:31","guid":{"rendered":"https:\/\/www.yucatanencorto.com\/noticias\/?p=85491"},"modified":"2021-08-06T21:33:31","modified_gmt":"2021-08-07T02:33:31","slug":"gobierno-del-estado-brinda-apoyo-a-madre-de-joven-de-veracruz-fallecido-en-merida","status":"publish","type":"post","link":"https:\/\/www.yucatanencorto.com\/noticias\/gobierno-del-estado-brinda-apoyo-a-madre-de-joven-de-veracruz-fallecido-en-merida\/","title":{"rendered":"Gobierno del Estado brinda apoyo a madre de joven de Veracruz fallecido en M\u00e9rida"},"content":{"rendered":"<figure id=\"attachment_85492\" aria-describedby=\"caption-attachment-85492\" style=\"width: 576px\" class=\"wp-caption alignnone\"><img loading=\"lazy\" decoding=\"async\" class=\"wp-image-85492 size-full\" src=\"https:\/\/www.yucatanencorto.com\/noticias\/wp-content\/uploads\/2021\/08\/E8Ji44kWEAQlG0H-scaled.jpg\" alt=\"\" width=\"576\" height=\"768\" srcset=\"https:\/\/www.yucatanencorto.com\/noticias\/wp-content\/uploads\/2021\/08\/E8Ji44kWEAQlG0H-scaled.jpg 576w, https:\/\/www.yucatanencorto.com\/noticias\/wp-content\/uploads\/2021\/08\/E8Ji44kWEAQlG0H-768x1024.jpg 768w, https:\/\/www.yucatanencorto.com\/noticias\/wp-content\/uploads\/2021\/08\/E8Ji44kWEAQlG0H-696x928.jpg 696w, https:\/\/www.yucatanencorto.com\/noticias\/wp-content\/uploads\/2021\/08\/E8Ji44kWEAQlG0H-315x420.jpg 315w\" sizes=\"auto, (max-width: 576px) 100vw, 576px\" \/><figcaption id=\"caption-attachment-85492\" class=\"wp-caption-text\">FOTO POR EL USUARIO DE TWITTER: @abneraragont<\/figcaption><\/figure>\n<p>M\u00e9rida, Yucat\u00e1n, 6 de agosto de 2021.- El Gobierno del Estado ha brindado ayuda material y psicol\u00f3gica a Dora R.E., madre del joven J.E.R.E, originario del estado de Veracruz quien falleci\u00f3 en esta ciudad y cuyo caso ya es investigado por las autoridades judiciales.<\/p>\n<p>Desde que se tuvo conocimiento del hecho, el Gobierno estatal, a trav\u00e9s de la Comisi\u00f3n Ejecutiva Estatal de Atenci\u00f3n a V\u00edctimas (Ceeav), ha estado en contacto permanente con la madre del fallecido, quien acept\u00f3 el apoyo y se le brindar\u00e1 ayuda a la familia en lo relacionado al traslado del cuerpo, al tiempo que continuar\u00e1 con las labores de seguimiento correspondiente.<\/p>\n<p>El Gobierno estatal, mediante la Fiscal\u00eda General del Estado (FGE), investiga el hecho que involucra a presuntos polic\u00edas municipales de M\u00e9rida.<\/p>\n<p>El Gobierno del Estado desde que recibi\u00f3 la denuncia de los hechos ha judicializado el caso y ya se llevan a cabo las indagatorias correspondientes para dar con el o los responsables de estos lamentables hechos.<\/p>\n<p>La noche de este viernes, el director Jur\u00eddico de la Secretar\u00eda General de Gobierno (SGG), Gabriel Puc Maldonado, recibi\u00f3 en Palacio de Gobierno a Dora R.E., madre del fallecido, acompa\u00f1ada de un familiar, con el fin de continuar brind\u00e1ndole la orientaci\u00f3n, informarle con detalle de los apoyos y al mismo tiempo ratificar que la denuncia de los hechos es atendida por la instancias correspondientes.<\/p>\n<p>El Gobierno estatal reitera su compromiso con el Estado de Derecho y reafirma que se har\u00e1 justicia, porque en Yucat\u00e1n no hay espacio para la impunidad.<\/p>\n<p><img loading=\"lazy\" decoding=\"async\" class=\"CToWUd\" src=\"https:\/\/ci5.googleusercontent.com\/proxy\/1jf6ZXnL2xP_ulVl09T2l522SWARjudQZEWkJiZvbxgQc_MnzWpUItG-2ID2ghQBF2WCyKTB0qm4apOPapS7B6s6PdNXKnuPayqkk19aahT8zAmaRsff_47k3zCi8g4FBY8clfuyKF1aqw=s0-d-e1-ft#http:\/\/187.141.74.22:8081\/prensa\/lists\/ut.php?u=a32ead888b17fa8b90481e56acfa7a84&amp;m=2081\" alt=\"\" width=\"1\" height=\"1\" border=\"0\" \/><\/p>\n","protected":false},"excerpt":{"rendered":"<p>M\u00e9rida, Yucat\u00e1n, 6 de agosto de 2021.- El Gobierno del Estado ha brindado ayuda material y psicol\u00f3gica a Dora R.E., madre del joven J.E.R.E, originario del estado de Veracruz quien falleci\u00f3 en esta ciudad y cuyo caso ya es investigado por las autoridades judiciales. Desde que se tuvo conocimiento del hecho, el Gobierno estatal, a [&hellip;]<\/p>\n","protected":false},"author":2,"featured_media":85492,"comment_status":"closed","ping_status":"closed","sticky":false,"template":"","format":"standard","meta":{"footnotes":""},"categories":[3],"tags":[],"class_list":{"0":"post-85491","1":"post","2":"type-post","3":"status-publish","4":"format-standard","5":"has-post-thumbnail","7":"category-yucatan"},"yoast_head":"<!-- This site is optimized with the Yoast SEO plugin v27.4 - https:\/\/yoast.com\/product\/yoast-seo-wordpress\/ -->\n<title>Gobierno del Estado brinda apoyo a madre de joven de Veracruz fallecido en M\u00e9rida - Yucat\u00e1n en corto<\/title>\n<meta name=\"robots\" content=\"index, follow, max-snippet:-1, max-image-preview:large, max-video-preview:-1\" \/>\n<link rel=\"canonical\" href=\"https:\/\/www.yucatanencorto.com\/noticias\/gobierno-del-estado-brinda-apoyo-a-madre-de-joven-de-veracruz-fallecido-en-merida\/\" \/>\n<meta property=\"og:locale\" content=\"es_ES\" \/>\n<meta property=\"og:type\" content=\"article\" \/>\n<meta property=\"og:title\" content=\"Gobierno del Estado brinda apoyo a madre de joven de Veracruz fallecido en M\u00e9rida - Yucat\u00e1n en corto\" \/>\n<meta property=\"og:description\" content=\"M\u00e9rida, Yucat\u00e1n, 6 de agosto de 2021.- El Gobierno del Estado ha brindado ayuda material y psicol\u00f3gica a Dora R.E., madre del joven J.E.R.E, originario del estado de Veracruz quien falleci\u00f3 en esta ciudad y cuyo caso ya es investigado por las autoridades judiciales. Desde que se tuvo conocimiento del hecho, el Gobierno estatal, a [&hellip;]\" \/>\n<meta property=\"og:url\" content=\"https:\/\/www.yucatanencorto.com\/noticias\/gobierno-del-estado-brinda-apoyo-a-madre-de-joven-de-veracruz-fallecido-en-merida\/\" \/>\n<meta property=\"og:site_name\" content=\"Yucat\u00e1n en corto\" \/>\n<meta property=\"article:publisher\" content=\"http:\/\/www.facebook.com\/yucatanencorto\" \/>\n<meta property=\"article:published_time\" content=\"2021-08-07T02:33:31+00:00\" \/>\n<meta property=\"og:image\" content=\"https:\/\/www.yucatanencorto.com\/noticias\/wp-content\/uploads\/2021\/08\/E8Ji44kWEAQlG0H-scaled.jpg\" \/>\n\t<meta property=\"og:image:width\" content=\"576\" \/>\n\t<meta property=\"og:image:height\" content=\"768\" \/>\n\t<meta property=\"og:image:type\" content=\"image\/jpeg\" \/>\n<meta name=\"author\" content=\"Yucat\u00e1n en Corto FC\" \/>\n<meta name=\"twitter:card\" content=\"summary_large_image\" \/>\n<meta name=\"twitter:creator\" content=\"@yucatanencorto\" \/>\n<meta name=\"twitter:site\" content=\"@yucatanencorto\" \/>\n<meta name=\"twitter:label1\" content=\"Escrito por\" \/>\n\t<meta name=\"twitter:data1\" content=\"Yucat\u00e1n en Corto FC\" \/>\n\t<meta name=\"twitter:label2\" content=\"Tiempo de lectura\" \/>\n\t<meta name=\"twitter:data2\" content=\"2 minutos\" \/>\n<script type=\"application\/ld+json\" class=\"yoast-schema-graph\">{\"@context\":\"https:\\\/\\\/schema.org\",\"@graph\":[{\"@type\":\"Article\",\"@id\":\"https:\\\/\\\/www.yucatanencorto.com\\\/noticias\\\/gobierno-del-estado-brinda-apoyo-a-madre-de-joven-de-veracruz-fallecido-en-merida\\\/#article\",\"isPartOf\":{\"@id\":\"https:\\\/\\\/www.yucatanencorto.com\\\/noticias\\\/gobierno-del-estado-brinda-apoyo-a-madre-de-joven-de-veracruz-fallecido-en-merida\\\/\"},\"author\":{\"name\":\"Yucat\u00e1n en Corto FC\",\"@id\":\"https:\\\/\\\/www.yucatanencorto.com\\\/noticias\\\/#\\\/schema\\\/person\\\/14f82d355225a1f4075dd84a31f45a72\"},\"headline\":\"Gobierno del Estado brinda apoyo a madre de joven de Veracruz fallecido en M\u00e9rida\",\"datePublished\":\"2021-08-07T02:33:31+00:00\",\"mainEntityOfPage\":{\"@id\":\"https:\\\/\\\/www.yucatanencorto.com\\\/noticias\\\/gobierno-del-estado-brinda-apoyo-a-madre-de-joven-de-veracruz-fallecido-en-merida\\\/\"},\"wordCount\":301,\"image\":{\"@id\":\"https:\\\/\\\/www.yucatanencorto.com\\\/noticias\\\/gobierno-del-estado-brinda-apoyo-a-madre-de-joven-de-veracruz-fallecido-en-merida\\\/#primaryimage\"},\"thumbnailUrl\":\"https:\\\/\\\/www.yucatanencorto.com\\\/noticias\\\/wp-content\\\/uploads\\\/2021\\\/08\\\/E8Ji44kWEAQlG0H-scaled.jpg\",\"articleSection\":[\"Yucat\u00e1n\"],\"inLanguage\":\"es\"},{\"@type\":\"WebPage\",\"@id\":\"https:\\\/\\\/www.yucatanencorto.com\\\/noticias\\\/gobierno-del-estado-brinda-apoyo-a-madre-de-joven-de-veracruz-fallecido-en-merida\\\/\",\"url\":\"https:\\\/\\\/www.yucatanencorto.com\\\/noticias\\\/gobierno-del-estado-brinda-apoyo-a-madre-de-joven-de-veracruz-fallecido-en-merida\\\/\",\"name\":\"Gobierno del Estado brinda apoyo a madre de joven de Veracruz fallecido en M\u00e9rida - Yucat\u00e1n en corto\",\"isPartOf\":{\"@id\":\"https:\\\/\\\/www.yucatanencorto.com\\\/noticias\\\/#website\"},\"primaryImageOfPage\":{\"@id\":\"https:\\\/\\\/www.yucatanencorto.com\\\/noticias\\\/gobierno-del-estado-brinda-apoyo-a-madre-de-joven-de-veracruz-fallecido-en-merida\\\/#primaryimage\"},\"image\":{\"@id\":\"https:\\\/\\\/www.yucatanencorto.com\\\/noticias\\\/gobierno-del-estado-brinda-apoyo-a-madre-de-joven-de-veracruz-fallecido-en-merida\\\/#primaryimage\"},\"thumbnailUrl\":\"https:\\\/\\\/www.yucatanencorto.com\\\/noticias\\\/wp-content\\\/uploads\\\/2021\\\/08\\\/E8Ji44kWEAQlG0H-scaled.jpg\",\"datePublished\":\"2021-08-07T02:33:31+00:00\",\"author\":{\"@id\":\"https:\\\/\\\/www.yucatanencorto.com\\\/noticias\\\/#\\\/schema\\\/person\\\/14f82d355225a1f4075dd84a31f45a72\"},\"breadcrumb\":{\"@id\":\"https:\\\/\\\/www.yucatanencorto.com\\\/noticias\\\/gobierno-del-estado-brinda-apoyo-a-madre-de-joven-de-veracruz-fallecido-en-merida\\\/#breadcrumb\"},\"inLanguage\":\"es\",\"potentialAction\":[{\"@type\":\"ReadAction\",\"target\":[\"https:\\\/\\\/www.yucatanencorto.com\\\/noticias\\\/gobierno-del-estado-brinda-apoyo-a-madre-de-joven-de-veracruz-fallecido-en-merida\\\/\"]}]},{\"@type\":\"ImageObject\",\"inLanguage\":\"es\",\"@id\":\"https:\\\/\\\/www.yucatanencorto.com\\\/noticias\\\/gobierno-del-estado-brinda-apoyo-a-madre-de-joven-de-veracruz-fallecido-en-merida\\\/#primaryimage\",\"url\":\"https:\\\/\\\/www.yucatanencorto.com\\\/noticias\\\/wp-content\\\/uploads\\\/2021\\\/08\\\/E8Ji44kWEAQlG0H-scaled.jpg\",\"contentUrl\":\"https:\\\/\\\/www.yucatanencorto.com\\\/noticias\\\/wp-content\\\/uploads\\\/2021\\\/08\\\/E8Ji44kWEAQlG0H-scaled.jpg\",\"width\":576,\"height\":768},{\"@type\":\"BreadcrumbList\",\"@id\":\"https:\\\/\\\/www.yucatanencorto.com\\\/noticias\\\/gobierno-del-estado-brinda-apoyo-a-madre-de-joven-de-veracruz-fallecido-en-merida\\\/#breadcrumb\",\"itemListElement\":[{\"@type\":\"ListItem\",\"position\":1,\"name\":\"Portada\",\"item\":\"https:\\\/\\\/www.yucatanencorto.com\\\/noticias\\\/\"},{\"@type\":\"ListItem\",\"position\":2,\"name\":\"Gobierno del Estado brinda apoyo a madre de joven de Veracruz fallecido en M\u00e9rida\"}]},{\"@type\":\"WebSite\",\"@id\":\"https:\\\/\\\/www.yucatanencorto.com\\\/noticias\\\/#website\",\"url\":\"https:\\\/\\\/www.yucatanencorto.com\\\/noticias\\\/\",\"name\":\"Yucat\u00e1n en corto\",\"description\":\"Noticias\",\"potentialAction\":[{\"@type\":\"SearchAction\",\"target\":{\"@type\":\"EntryPoint\",\"urlTemplate\":\"https:\\\/\\\/www.yucatanencorto.com\\\/noticias\\\/?s={search_term_string}\"},\"query-input\":{\"@type\":\"PropertyValueSpecification\",\"valueRequired\":true,\"valueName\":\"search_term_string\"}}],\"inLanguage\":\"es\"},{\"@type\":\"Person\",\"@id\":\"https:\\\/\\\/www.yucatanencorto.com\\\/noticias\\\/#\\\/schema\\\/person\\\/14f82d355225a1f4075dd84a31f45a72\",\"name\":\"Yucat\u00e1n en Corto FC\",\"image\":{\"@type\":\"ImageObject\",\"inLanguage\":\"es\",\"@id\":\"https:\\\/\\\/secure.gravatar.com\\\/avatar\\\/147d4b30cd728c53c29c49a3f7834dedca33707f4cd259761355846009a88250?s=96&d=mm&r=g\",\"url\":\"https:\\\/\\\/secure.gravatar.com\\\/avatar\\\/147d4b30cd728c53c29c49a3f7834dedca33707f4cd259761355846009a88250?s=96&d=mm&r=g\",\"contentUrl\":\"https:\\\/\\\/secure.gravatar.com\\\/avatar\\\/147d4b30cd728c53c29c49a3f7834dedca33707f4cd259761355846009a88250?s=96&d=mm&r=g\",\"caption\":\"Yucat\u00e1n en Corto FC\"},\"url\":\"https:\\\/\\\/www.yucatanencorto.com\\\/noticias\\\/author\\\/flor\\\/\"}]}<\/script>\n<!-- \/ Yoast SEO plugin. -->","yoast_head_json":{"title":"Gobierno del Estado brinda apoyo a madre de joven de Veracruz fallecido en M\u00e9rida - Yucat\u00e1n en corto","robots":{"index":"index","follow":"follow","max-snippet":"max-snippet:-1","max-image-preview":"max-image-preview:large","max-video-preview":"max-video-preview:-1"},"canonical":"https:\/\/www.yucatanencorto.com\/noticias\/gobierno-del-estado-brinda-apoyo-a-madre-de-joven-de-veracruz-fallecido-en-merida\/","og_locale":"es_ES","og_type":"article","og_title":"Gobierno del Estado brinda apoyo a madre de joven de Veracruz fallecido en M\u00e9rida - Yucat\u00e1n en corto","og_description":"M\u00e9rida, Yucat\u00e1n, 6 de agosto de 2021.- El Gobierno del Estado ha brindado ayuda material y psicol\u00f3gica a Dora R.E., madre del joven J.E.R.E, originario del estado de Veracruz quien falleci\u00f3 en esta ciudad y cuyo caso ya es investigado por las autoridades judiciales. Desde que se tuvo conocimiento del hecho, el Gobierno estatal, a [&hellip;]","og_url":"https:\/\/www.yucatanencorto.com\/noticias\/gobierno-del-estado-brinda-apoyo-a-madre-de-joven-de-veracruz-fallecido-en-merida\/","og_site_name":"Yucat\u00e1n en corto","article_publisher":"http:\/\/www.facebook.com\/yucatanencorto","article_published_time":"2021-08-07T02:33:31+00:00","og_image":[{"width":576,"height":768,"url":"https:\/\/www.yucatanencorto.com\/noticias\/wp-content\/uploads\/2021\/08\/E8Ji44kWEAQlG0H-scaled.jpg","type":"image\/jpeg"}],"author":"Yucat\u00e1n en Corto FC","twitter_card":"summary_large_image","twitter_creator":"@yucatanencorto","twitter_site":"@yucatanencorto","twitter_misc":{"Escrito por":"Yucat\u00e1n en Corto FC","Tiempo de lectura":"2 minutos"},"schema":{"@context":"https:\/\/schema.org","@graph":[{"@type":"Article","@id":"https:\/\/www.yucatanencorto.com\/noticias\/gobierno-del-estado-brinda-apoyo-a-madre-de-joven-de-veracruz-fallecido-en-merida\/#article","isPartOf":{"@id":"https:\/\/www.yucatanencorto.com\/noticias\/gobierno-del-estado-brinda-apoyo-a-madre-de-joven-de-veracruz-fallecido-en-merida\/"},"author":{"name":"Yucat\u00e1n en Corto FC","@id":"https:\/\/www.yucatanencorto.com\/noticias\/#\/schema\/person\/14f82d355225a1f4075dd84a31f45a72"},"headline":"Gobierno del Estado brinda apoyo a madre de joven de Veracruz fallecido en M\u00e9rida","datePublished":"2021-08-07T02:33:31+00:00","mainEntityOfPage":{"@id":"https:\/\/www.yucatanencorto.com\/noticias\/gobierno-del-estado-brinda-apoyo-a-madre-de-joven-de-veracruz-fallecido-en-merida\/"},"wordCount":301,"image":{"@id":"https:\/\/www.yucatanencorto.com\/noticias\/gobierno-del-estado-brinda-apoyo-a-madre-de-joven-de-veracruz-fallecido-en-merida\/#primaryimage"},"thumbnailUrl":"https:\/\/www.yucatanencorto.com\/noticias\/wp-content\/uploads\/2021\/08\/E8Ji44kWEAQlG0H-scaled.jpg","articleSection":["Yucat\u00e1n"],"inLanguage":"es"},{"@type":"WebPage","@id":"https:\/\/www.yucatanencorto.com\/noticias\/gobierno-del-estado-brinda-apoyo-a-madre-de-joven-de-veracruz-fallecido-en-merida\/","url":"https:\/\/www.yucatanencorto.com\/noticias\/gobierno-del-estado-brinda-apoyo-a-madre-de-joven-de-veracruz-fallecido-en-merida\/","name":"Gobierno del Estado brinda apoyo a madre de joven de Veracruz fallecido en M\u00e9rida - Yucat\u00e1n en corto","isPartOf":{"@id":"https:\/\/www.yucatanencorto.com\/noticias\/#website"},"primaryImageOfPage":{"@id":"https:\/\/www.yucatanencorto.com\/noticias\/gobierno-del-estado-brinda-apoyo-a-madre-de-joven-de-veracruz-fallecido-en-merida\/#primaryimage"},"image":{"@id":"https:\/\/www.yucatanencorto.com\/noticias\/gobierno-del-estado-brinda-apoyo-a-madre-de-joven-de-veracruz-fallecido-en-merida\/#primaryimage"},"thumbnailUrl":"https:\/\/www.yucatanencorto.com\/noticias\/wp-content\/uploads\/2021\/08\/E8Ji44kWEAQlG0H-scaled.jpg","datePublished":"2021-08-07T02:33:31+00:00","author":{"@id":"https:\/\/www.yucatanencorto.com\/noticias\/#\/schema\/person\/14f82d355225a1f4075dd84a31f45a72"},"breadcrumb":{"@id":"https:\/\/www.yucatanencorto.com\/noticias\/gobierno-del-estado-brinda-apoyo-a-madre-de-joven-de-veracruz-fallecido-en-merida\/#breadcrumb"},"inLanguage":"es","potentialAction":[{"@type":"ReadAction","target":["https:\/\/www.yucatanencorto.com\/noticias\/gobierno-del-estado-brinda-apoyo-a-madre-de-joven-de-veracruz-fallecido-en-merida\/"]}]},{"@type":"ImageObject","inLanguage":"es","@id":"https:\/\/www.yucatanencorto.com\/noticias\/gobierno-del-estado-brinda-apoyo-a-madre-de-joven-de-veracruz-fallecido-en-merida\/#primaryimage","url":"https:\/\/www.yucatanencorto.com\/noticias\/wp-content\/uploads\/2021\/08\/E8Ji44kWEAQlG0H-scaled.jpg","contentUrl":"https:\/\/www.yucatanencorto.com\/noticias\/wp-content\/uploads\/2021\/08\/E8Ji44kWEAQlG0H-scaled.jpg","width":576,"height":768},{"@type":"BreadcrumbList","@id":"https:\/\/www.yucatanencorto.com\/noticias\/gobierno-del-estado-brinda-apoyo-a-madre-de-joven-de-veracruz-fallecido-en-merida\/#breadcrumb","itemListElement":[{"@type":"ListItem","position":1,"name":"Portada","item":"https:\/\/www.yucatanencorto.com\/noticias\/"},{"@type":"ListItem","position":2,"name":"Gobierno del Estado brinda apoyo a madre de joven de Veracruz fallecido en M\u00e9rida"}]},{"@type":"WebSite","@id":"https:\/\/www.yucatanencorto.com\/noticias\/#website","url":"https:\/\/www.yucatanencorto.com\/noticias\/","name":"Yucat\u00e1n en corto","description":"Noticias","potentialAction":[{"@type":"SearchAction","target":{"@type":"EntryPoint","urlTemplate":"https:\/\/www.yucatanencorto.com\/noticias\/?s={search_term_string}"},"query-input":{"@type":"PropertyValueSpecification","valueRequired":true,"valueName":"search_term_string"}}],"inLanguage":"es"},{"@type":"Person","@id":"https:\/\/www.yucatanencorto.com\/noticias\/#\/schema\/person\/14f82d355225a1f4075dd84a31f45a72","name":"Yucat\u00e1n en Corto FC","image":{"@type":"ImageObject","inLanguage":"es","@id":"https:\/\/secure.gravatar.com\/avatar\/147d4b30cd728c53c29c49a3f7834dedca33707f4cd259761355846009a88250?s=96&d=mm&r=g","url":"https:\/\/secure.gravatar.com\/avatar\/147d4b30cd728c53c29c49a3f7834dedca33707f4cd259761355846009a88250?s=96&d=mm&r=g","contentUrl":"https:\/\/secure.gravatar.com\/avatar\/147d4b30cd728c53c29c49a3f7834dedca33707f4cd259761355846009a88250?s=96&d=mm&r=g","caption":"Yucat\u00e1n en Corto FC"},"url":"https:\/\/www.yucatanencorto.com\/noticias\/author\/flor\/"}]}},"_links":{"self":[{"href":"https:\/\/www.yucatanencorto.com\/noticias\/wp-json\/wp\/v2\/posts\/85491","targetHints":{"allow":["GET"]}}],"collection":[{"href":"https:\/\/www.yucatanencorto.com\/noticias\/wp-json\/wp\/v2\/posts"}],"about":[{"href":"https:\/\/www.yucatanencorto.com\/noticias\/wp-json\/wp\/v2\/types\/post"}],"author":[{"embeddable":true,"href":"https:\/\/www.yucatanencorto.com\/noticias\/wp-json\/wp\/v2\/users\/2"}],"replies":[{"embeddable":true,"href":"https:\/\/www.yucatanencorto.com\/noticias\/wp-json\/wp\/v2\/comments?post=85491"}],"version-history":[{"count":0,"href":"https:\/\/www.yucatanencorto.com\/noticias\/wp-json\/wp\/v2\/posts\/85491\/revisions"}],"wp:featuredmedia":[{"embeddable":true,"href":"https:\/\/www.yucatanencorto.com\/noticias\/wp-json\/wp\/v2\/media\/85492"}],"wp:attachment":[{"href":"https:\/\/www.yucatanencorto.com\/noticias\/wp-json\/wp\/v2\/media?parent=85491"}],"wp:term":[{"taxonomy":"category","embeddable":true,"href":"https:\/\/www.yucatanencorto.com\/noticias\/wp-json\/wp\/v2\/categories?post=85491"},{"taxonomy":"post_tag","embeddable":true,"href":"https:\/\/www.yucatanencorto.com\/noticias\/wp-json\/wp\/v2\/tags?post=85491"}],"curies":[{"name":"wp","href":"https:\/\/api.w.org\/{rel}","templated":true}]}}