{"id":85496,"date":"2021-08-07T18:10:55","date_gmt":"2021-08-07T23:10:55","guid":{"rendered":"https:\/\/www.yucatanencorto.com\/noticias\/?p=85496"},"modified":"2021-08-07T18:10:55","modified_gmt":"2021-08-07T23:10:55","slug":"el-ayuntamiento-de-merida-avanza-en-las-medidas-para-el-bienestar-animal-en-el-municipio","status":"publish","type":"post","link":"https:\/\/www.yucatanencorto.com\/noticias\/el-ayuntamiento-de-merida-avanza-en-las-medidas-para-el-bienestar-animal-en-el-municipio\/","title":{"rendered":"El Ayuntamiento de M\u00e9rida avanza en las medidas para el bienestar animal en el municipio"},"content":{"rendered":"<p data-removefontsize=\"true\" data-originalcomputedfontsize=\"13.333333015441895\"><img loading=\"lazy\" decoding=\"async\" class=\"alignnone size-full wp-image-85497\" src=\"https:\/\/www.yucatanencorto.com\/noticias\/wp-content\/uploads\/2021\/08\/F80ECFE3-C148-46AE-A0D2-8DD09C28B553-scaled.jpeg\" alt=\"\" width=\"768\" height=\"512\" srcset=\"https:\/\/www.yucatanencorto.com\/noticias\/wp-content\/uploads\/2021\/08\/F80ECFE3-C148-46AE-A0D2-8DD09C28B553-scaled.jpeg 768w, https:\/\/www.yucatanencorto.com\/noticias\/wp-content\/uploads\/2021\/08\/F80ECFE3-C148-46AE-A0D2-8DD09C28B553-696x464.jpeg 696w, https:\/\/www.yucatanencorto.com\/noticias\/wp-content\/uploads\/2021\/08\/F80ECFE3-C148-46AE-A0D2-8DD09C28B553-1068x712.jpeg 1068w, https:\/\/www.yucatanencorto.com\/noticias\/wp-content\/uploads\/2021\/08\/F80ECFE3-C148-46AE-A0D2-8DD09C28B553-630x420.jpeg 630w\" sizes=\"auto, (max-width: 768px) 100vw, 768px\" \/>M\u00e9rida, 7 de agosto de 2021. M\u00e9rida es una ciudad donde a diario se trabaja en pol\u00edticas p\u00fablicas que fomentan una cultura de respeto y convivencia arm\u00f3nica entre todos los seres vivos, con acciones logradas con base en la labor coordinada, abierta e incluyente entre autoridades municipales y sociedad, afirm\u00f3 el alcalde Ren\u00e1n Barrera Concha.<\/p>\n<p data-removefontsize=\"true\" data-originalcomputedfontsize=\"13.333333015441895\">El Presidente Municipal mencion\u00f3 que el Ayuntamiento, a trav\u00e9s de la Unidad de Desarrollo Sustentable, trabaja de la mano con grupos y asociaciones civiles, animalistas y m\u00e9dicos veterinarios de la UADY para impulsar iniciativas que permitan el bienestar animal.<\/p>\n<p data-removefontsize=\"true\" data-originalcomputedfontsize=\"13.333333015441895\">\u201cFortalecer la protecci\u00f3n de los animales, con medidas que contribuyan a mejorar sus condiciones de vida y faciliten su bienestar en el entorno donde habitan es responsabilidad de todos y todas y en ese sentido con el apoyo de la ciudadan\u00eda seguiremos trabajando en acciones que les procuren una mejor calidad de vida\u201d, apunt\u00f3.<\/p>\n<p data-removefontsize=\"true\" data-originalcomputedfontsize=\"13.333333015441895\">En ese contexto, en d\u00edas pasados personal del Centro Municipal de Control Animal, CEMCA, realiz\u00f3 la primera visita de inspecci\u00f3n a los caballos de las calesas en M\u00e9rida con el objetivo de observar y constatar el estado f\u00edsico y de salud que presentan los equinos al momento de realizar sus labores.<\/p>\n<p data-removefontsize=\"true\" data-originalcomputedfontsize=\"13.333333015441895\">Dicha verificaci\u00f3n por parte del Ayuntamiento de M\u00e9rida se estar\u00e1 realizando de forma permanente cada semana, con apoyo del m\u00e9dico veterinario Roberto Echeverr\u00eda Ramos, coordinador del CEMCA.<\/p>\n<p data-removefontsize=\"true\" data-originalcomputedfontsize=\"13.333333015441895\">Cabe destacar que aunado al trabajo que estar\u00e1 realizando el Ayuntamiento, desde hace 5 a\u00f1os la UADY lleva a cabo un programa de revisi\u00f3n de manera coordinada con la Uni\u00f3n de Conductores y Peque\u00f1os Propietarios de Carruajes de Yucat\u00e1n para apoyar en la vigilancia del cuidado de los caballos, lo que ha permitido logar un avance significativo en el estado f\u00edsico y de salud de los equinos que est\u00e1n en las calesas.<\/p>\n<p data-removefontsize=\"true\" data-originalcomputedfontsize=\"13.333333015441895\">El especialista indic\u00f3 que la idea es garantizar de primera mano el bienestar de los caballos que tiran de los carruajes y constatar que no est\u00e1n sufriendo alg\u00fan tipo de maltrato.<\/p>\n<p data-removefontsize=\"true\" data-originalcomputedfontsize=\"13.333333015441895\">Con lo anterior, agreg\u00f3, tambi\u00e9n se garantiza mayor seguridad a los visitantes que ocupen este servicio, considerado entre los atractivos tur\u00edsticos de la ciudad.<\/p>\n<p data-removefontsize=\"true\" data-originalcomputedfontsize=\"13.333333015441895\">Durante la actividad se solicit\u00f3 a los caleseros la Cartilla Sanitaria de Identificaci\u00f3n Equina actualizada, que les proporcion\u00f3 la Facultad de Veterinaria de la UADY, ya que en ella se incluyen los datos del propietario y del caballo, as\u00ed como el n\u00famero de chequeos que ha tenido los cuales no deben exceder los 4 meses.<\/p>\n<p data-removefontsize=\"true\" data-originalcomputedfontsize=\"13.333333015441895\">Igualmente se verific\u00f3 que los equinos cuenten con un peso adecuado, talla, herrajes en buen estado ya sean de metal o caucho, condici\u00f3n f\u00edsica y que el peso que cargan no supere al establecido por las autoridades.<\/p>\n<p data-removefontsize=\"true\" data-originalcomputedfontsize=\"13.333333015441895\">Finalmente, record\u00f3 que los procesos de observaci\u00f3n y chequeo tambi\u00e9n permitir\u00e1n detectar alg\u00fan tipo de malestar en los caballos y notificar inmediatamente a los due\u00f1os para que sean atendidos a la brevedad.<\/p>\n","protected":false},"excerpt":{"rendered":"<p>M\u00e9rida, 7 de agosto de 2021. M\u00e9rida es una ciudad donde a diario se trabaja en pol\u00edticas p\u00fablicas que fomentan una cultura de respeto y convivencia arm\u00f3nica entre todos los seres vivos, con acciones logradas con base en la labor coordinada, abierta e incluyente entre autoridades municipales y sociedad, afirm\u00f3 el alcalde Ren\u00e1n Barrera Concha. [&hellip;]<\/p>\n","protected":false},"author":2,"featured_media":85497,"comment_status":"closed","ping_status":"closed","sticky":false,"template":"","format":"standard","meta":{"footnotes":""},"categories":[2],"tags":[],"class_list":{"0":"post-85496","1":"post","2":"type-post","3":"status-publish","4":"format-standard","5":"has-post-thumbnail","7":"category-merida"},"yoast_head":"<!-- This site is optimized with the Yoast SEO plugin v27.4 - https:\/\/yoast.com\/product\/yoast-seo-wordpress\/ -->\n<title>El Ayuntamiento de M\u00e9rida avanza en las medidas para el bienestar animal en el municipio - Yucat\u00e1n en corto<\/title>\n<meta name=\"robots\" content=\"index, follow, max-snippet:-1, max-image-preview:large, max-video-preview:-1\" \/>\n<link rel=\"canonical\" href=\"https:\/\/www.yucatanencorto.com\/noticias\/el-ayuntamiento-de-merida-avanza-en-las-medidas-para-el-bienestar-animal-en-el-municipio\/\" \/>\n<meta property=\"og:locale\" content=\"es_ES\" \/>\n<meta property=\"og:type\" content=\"article\" \/>\n<meta property=\"og:title\" content=\"El Ayuntamiento de M\u00e9rida avanza en las medidas para el bienestar animal en el municipio - Yucat\u00e1n en corto\" \/>\n<meta property=\"og:description\" content=\"M\u00e9rida, 7 de agosto de 2021. M\u00e9rida es una ciudad donde a diario se trabaja en pol\u00edticas p\u00fablicas que fomentan una cultura de respeto y convivencia arm\u00f3nica entre todos los seres vivos, con acciones logradas con base en la labor coordinada, abierta e incluyente entre autoridades municipales y sociedad, afirm\u00f3 el alcalde Ren\u00e1n Barrera Concha. [&hellip;]\" \/>\n<meta property=\"og:url\" content=\"https:\/\/www.yucatanencorto.com\/noticias\/el-ayuntamiento-de-merida-avanza-en-las-medidas-para-el-bienestar-animal-en-el-municipio\/\" \/>\n<meta property=\"og:site_name\" content=\"Yucat\u00e1n en corto\" \/>\n<meta property=\"article:publisher\" content=\"http:\/\/www.facebook.com\/yucatanencorto\" \/>\n<meta property=\"article:published_time\" content=\"2021-08-07T23:10:55+00:00\" \/>\n<meta property=\"og:image\" content=\"https:\/\/www.yucatanencorto.com\/noticias\/wp-content\/uploads\/2021\/08\/F80ECFE3-C148-46AE-A0D2-8DD09C28B553-scaled.jpeg\" \/>\n\t<meta property=\"og:image:width\" content=\"768\" \/>\n\t<meta property=\"og:image:height\" content=\"512\" \/>\n\t<meta property=\"og:image:type\" content=\"image\/jpeg\" \/>\n<meta name=\"author\" content=\"Yucat\u00e1n en Corto FC\" \/>\n<meta name=\"twitter:card\" content=\"summary_large_image\" \/>\n<meta name=\"twitter:creator\" content=\"@yucatanencorto\" \/>\n<meta name=\"twitter:site\" content=\"@yucatanencorto\" \/>\n<meta name=\"twitter:label1\" content=\"Escrito por\" \/>\n\t<meta name=\"twitter:data1\" content=\"Yucat\u00e1n en Corto FC\" \/>\n\t<meta name=\"twitter:label2\" content=\"Tiempo de lectura\" \/>\n\t<meta name=\"twitter:data2\" content=\"3 minutos\" \/>\n<script type=\"application\/ld+json\" class=\"yoast-schema-graph\">{\"@context\":\"https:\\\/\\\/schema.org\",\"@graph\":[{\"@type\":\"Article\",\"@id\":\"https:\\\/\\\/www.yucatanencorto.com\\\/noticias\\\/el-ayuntamiento-de-merida-avanza-en-las-medidas-para-el-bienestar-animal-en-el-municipio\\\/#article\",\"isPartOf\":{\"@id\":\"https:\\\/\\\/www.yucatanencorto.com\\\/noticias\\\/el-ayuntamiento-de-merida-avanza-en-las-medidas-para-el-bienestar-animal-en-el-municipio\\\/\"},\"author\":{\"name\":\"Yucat\u00e1n en Corto FC\",\"@id\":\"https:\\\/\\\/www.yucatanencorto.com\\\/noticias\\\/#\\\/schema\\\/person\\\/14f82d355225a1f4075dd84a31f45a72\"},\"headline\":\"El Ayuntamiento de M\u00e9rida avanza en las medidas para el bienestar animal en el municipio\",\"datePublished\":\"2021-08-07T23:10:55+00:00\",\"mainEntityOfPage\":{\"@id\":\"https:\\\/\\\/www.yucatanencorto.com\\\/noticias\\\/el-ayuntamiento-de-merida-avanza-en-las-medidas-para-el-bienestar-animal-en-el-municipio\\\/\"},\"wordCount\":527,\"image\":{\"@id\":\"https:\\\/\\\/www.yucatanencorto.com\\\/noticias\\\/el-ayuntamiento-de-merida-avanza-en-las-medidas-para-el-bienestar-animal-en-el-municipio\\\/#primaryimage\"},\"thumbnailUrl\":\"https:\\\/\\\/www.yucatanencorto.com\\\/noticias\\\/wp-content\\\/uploads\\\/2021\\\/08\\\/F80ECFE3-C148-46AE-A0D2-8DD09C28B553-scaled.jpeg\",\"articleSection\":[\"M\u00e9rida\"],\"inLanguage\":\"es\"},{\"@type\":\"WebPage\",\"@id\":\"https:\\\/\\\/www.yucatanencorto.com\\\/noticias\\\/el-ayuntamiento-de-merida-avanza-en-las-medidas-para-el-bienestar-animal-en-el-municipio\\\/\",\"url\":\"https:\\\/\\\/www.yucatanencorto.com\\\/noticias\\\/el-ayuntamiento-de-merida-avanza-en-las-medidas-para-el-bienestar-animal-en-el-municipio\\\/\",\"name\":\"El Ayuntamiento de M\u00e9rida avanza en las medidas para el bienestar animal en el municipio - Yucat\u00e1n en corto\",\"isPartOf\":{\"@id\":\"https:\\\/\\\/www.yucatanencorto.com\\\/noticias\\\/#website\"},\"primaryImageOfPage\":{\"@id\":\"https:\\\/\\\/www.yucatanencorto.com\\\/noticias\\\/el-ayuntamiento-de-merida-avanza-en-las-medidas-para-el-bienestar-animal-en-el-municipio\\\/#primaryimage\"},\"image\":{\"@id\":\"https:\\\/\\\/www.yucatanencorto.com\\\/noticias\\\/el-ayuntamiento-de-merida-avanza-en-las-medidas-para-el-bienestar-animal-en-el-municipio\\\/#primaryimage\"},\"thumbnailUrl\":\"https:\\\/\\\/www.yucatanencorto.com\\\/noticias\\\/wp-content\\\/uploads\\\/2021\\\/08\\\/F80ECFE3-C148-46AE-A0D2-8DD09C28B553-scaled.jpeg\",\"datePublished\":\"2021-08-07T23:10:55+00:00\",\"author\":{\"@id\":\"https:\\\/\\\/www.yucatanencorto.com\\\/noticias\\\/#\\\/schema\\\/person\\\/14f82d355225a1f4075dd84a31f45a72\"},\"breadcrumb\":{\"@id\":\"https:\\\/\\\/www.yucatanencorto.com\\\/noticias\\\/el-ayuntamiento-de-merida-avanza-en-las-medidas-para-el-bienestar-animal-en-el-municipio\\\/#breadcrumb\"},\"inLanguage\":\"es\",\"potentialAction\":[{\"@type\":\"ReadAction\",\"target\":[\"https:\\\/\\\/www.yucatanencorto.com\\\/noticias\\\/el-ayuntamiento-de-merida-avanza-en-las-medidas-para-el-bienestar-animal-en-el-municipio\\\/\"]}]},{\"@type\":\"ImageObject\",\"inLanguage\":\"es\",\"@id\":\"https:\\\/\\\/www.yucatanencorto.com\\\/noticias\\\/el-ayuntamiento-de-merida-avanza-en-las-medidas-para-el-bienestar-animal-en-el-municipio\\\/#primaryimage\",\"url\":\"https:\\\/\\\/www.yucatanencorto.com\\\/noticias\\\/wp-content\\\/uploads\\\/2021\\\/08\\\/F80ECFE3-C148-46AE-A0D2-8DD09C28B553-scaled.jpeg\",\"contentUrl\":\"https:\\\/\\\/www.yucatanencorto.com\\\/noticias\\\/wp-content\\\/uploads\\\/2021\\\/08\\\/F80ECFE3-C148-46AE-A0D2-8DD09C28B553-scaled.jpeg\",\"width\":768,\"height\":512},{\"@type\":\"BreadcrumbList\",\"@id\":\"https:\\\/\\\/www.yucatanencorto.com\\\/noticias\\\/el-ayuntamiento-de-merida-avanza-en-las-medidas-para-el-bienestar-animal-en-el-municipio\\\/#breadcrumb\",\"itemListElement\":[{\"@type\":\"ListItem\",\"position\":1,\"name\":\"Portada\",\"item\":\"https:\\\/\\\/www.yucatanencorto.com\\\/noticias\\\/\"},{\"@type\":\"ListItem\",\"position\":2,\"name\":\"El Ayuntamiento de M\u00e9rida avanza en las medidas para el bienestar animal en el municipio\"}]},{\"@type\":\"WebSite\",\"@id\":\"https:\\\/\\\/www.yucatanencorto.com\\\/noticias\\\/#website\",\"url\":\"https:\\\/\\\/www.yucatanencorto.com\\\/noticias\\\/\",\"name\":\"Yucat\u00e1n en corto\",\"description\":\"Noticias\",\"potentialAction\":[{\"@type\":\"SearchAction\",\"target\":{\"@type\":\"EntryPoint\",\"urlTemplate\":\"https:\\\/\\\/www.yucatanencorto.com\\\/noticias\\\/?s={search_term_string}\"},\"query-input\":{\"@type\":\"PropertyValueSpecification\",\"valueRequired\":true,\"valueName\":\"search_term_string\"}}],\"inLanguage\":\"es\"},{\"@type\":\"Person\",\"@id\":\"https:\\\/\\\/www.yucatanencorto.com\\\/noticias\\\/#\\\/schema\\\/person\\\/14f82d355225a1f4075dd84a31f45a72\",\"name\":\"Yucat\u00e1n en Corto FC\",\"image\":{\"@type\":\"ImageObject\",\"inLanguage\":\"es\",\"@id\":\"https:\\\/\\\/secure.gravatar.com\\\/avatar\\\/147d4b30cd728c53c29c49a3f7834dedca33707f4cd259761355846009a88250?s=96&d=mm&r=g\",\"url\":\"https:\\\/\\\/secure.gravatar.com\\\/avatar\\\/147d4b30cd728c53c29c49a3f7834dedca33707f4cd259761355846009a88250?s=96&d=mm&r=g\",\"contentUrl\":\"https:\\\/\\\/secure.gravatar.com\\\/avatar\\\/147d4b30cd728c53c29c49a3f7834dedca33707f4cd259761355846009a88250?s=96&d=mm&r=g\",\"caption\":\"Yucat\u00e1n en Corto FC\"},\"url\":\"https:\\\/\\\/www.yucatanencorto.com\\\/noticias\\\/author\\\/flor\\\/\"}]}<\/script>\n<!-- \/ Yoast SEO plugin. -->","yoast_head_json":{"title":"El Ayuntamiento de M\u00e9rida avanza en las medidas para el bienestar animal en el municipio - Yucat\u00e1n en corto","robots":{"index":"index","follow":"follow","max-snippet":"max-snippet:-1","max-image-preview":"max-image-preview:large","max-video-preview":"max-video-preview:-1"},"canonical":"https:\/\/www.yucatanencorto.com\/noticias\/el-ayuntamiento-de-merida-avanza-en-las-medidas-para-el-bienestar-animal-en-el-municipio\/","og_locale":"es_ES","og_type":"article","og_title":"El Ayuntamiento de M\u00e9rida avanza en las medidas para el bienestar animal en el municipio - Yucat\u00e1n en corto","og_description":"M\u00e9rida, 7 de agosto de 2021. M\u00e9rida es una ciudad donde a diario se trabaja en pol\u00edticas p\u00fablicas que fomentan una cultura de respeto y convivencia arm\u00f3nica entre todos los seres vivos, con acciones logradas con base en la labor coordinada, abierta e incluyente entre autoridades municipales y sociedad, afirm\u00f3 el alcalde Ren\u00e1n Barrera Concha. [&hellip;]","og_url":"https:\/\/www.yucatanencorto.com\/noticias\/el-ayuntamiento-de-merida-avanza-en-las-medidas-para-el-bienestar-animal-en-el-municipio\/","og_site_name":"Yucat\u00e1n en corto","article_publisher":"http:\/\/www.facebook.com\/yucatanencorto","article_published_time":"2021-08-07T23:10:55+00:00","og_image":[{"width":768,"height":512,"url":"https:\/\/www.yucatanencorto.com\/noticias\/wp-content\/uploads\/2021\/08\/F80ECFE3-C148-46AE-A0D2-8DD09C28B553-scaled.jpeg","type":"image\/jpeg"}],"author":"Yucat\u00e1n en Corto FC","twitter_card":"summary_large_image","twitter_creator":"@yucatanencorto","twitter_site":"@yucatanencorto","twitter_misc":{"Escrito por":"Yucat\u00e1n en Corto FC","Tiempo de lectura":"3 minutos"},"schema":{"@context":"https:\/\/schema.org","@graph":[{"@type":"Article","@id":"https:\/\/www.yucatanencorto.com\/noticias\/el-ayuntamiento-de-merida-avanza-en-las-medidas-para-el-bienestar-animal-en-el-municipio\/#article","isPartOf":{"@id":"https:\/\/www.yucatanencorto.com\/noticias\/el-ayuntamiento-de-merida-avanza-en-las-medidas-para-el-bienestar-animal-en-el-municipio\/"},"author":{"name":"Yucat\u00e1n en Corto FC","@id":"https:\/\/www.yucatanencorto.com\/noticias\/#\/schema\/person\/14f82d355225a1f4075dd84a31f45a72"},"headline":"El Ayuntamiento de M\u00e9rida avanza en las medidas para el bienestar animal en el municipio","datePublished":"2021-08-07T23:10:55+00:00","mainEntityOfPage":{"@id":"https:\/\/www.yucatanencorto.com\/noticias\/el-ayuntamiento-de-merida-avanza-en-las-medidas-para-el-bienestar-animal-en-el-municipio\/"},"wordCount":527,"image":{"@id":"https:\/\/www.yucatanencorto.com\/noticias\/el-ayuntamiento-de-merida-avanza-en-las-medidas-para-el-bienestar-animal-en-el-municipio\/#primaryimage"},"thumbnailUrl":"https:\/\/www.yucatanencorto.com\/noticias\/wp-content\/uploads\/2021\/08\/F80ECFE3-C148-46AE-A0D2-8DD09C28B553-scaled.jpeg","articleSection":["M\u00e9rida"],"inLanguage":"es"},{"@type":"WebPage","@id":"https:\/\/www.yucatanencorto.com\/noticias\/el-ayuntamiento-de-merida-avanza-en-las-medidas-para-el-bienestar-animal-en-el-municipio\/","url":"https:\/\/www.yucatanencorto.com\/noticias\/el-ayuntamiento-de-merida-avanza-en-las-medidas-para-el-bienestar-animal-en-el-municipio\/","name":"El Ayuntamiento de M\u00e9rida avanza en las medidas para el bienestar animal en el municipio - Yucat\u00e1n en corto","isPartOf":{"@id":"https:\/\/www.yucatanencorto.com\/noticias\/#website"},"primaryImageOfPage":{"@id":"https:\/\/www.yucatanencorto.com\/noticias\/el-ayuntamiento-de-merida-avanza-en-las-medidas-para-el-bienestar-animal-en-el-municipio\/#primaryimage"},"image":{"@id":"https:\/\/www.yucatanencorto.com\/noticias\/el-ayuntamiento-de-merida-avanza-en-las-medidas-para-el-bienestar-animal-en-el-municipio\/#primaryimage"},"thumbnailUrl":"https:\/\/www.yucatanencorto.com\/noticias\/wp-content\/uploads\/2021\/08\/F80ECFE3-C148-46AE-A0D2-8DD09C28B553-scaled.jpeg","datePublished":"2021-08-07T23:10:55+00:00","author":{"@id":"https:\/\/www.yucatanencorto.com\/noticias\/#\/schema\/person\/14f82d355225a1f4075dd84a31f45a72"},"breadcrumb":{"@id":"https:\/\/www.yucatanencorto.com\/noticias\/el-ayuntamiento-de-merida-avanza-en-las-medidas-para-el-bienestar-animal-en-el-municipio\/#breadcrumb"},"inLanguage":"es","potentialAction":[{"@type":"ReadAction","target":["https:\/\/www.yucatanencorto.com\/noticias\/el-ayuntamiento-de-merida-avanza-en-las-medidas-para-el-bienestar-animal-en-el-municipio\/"]}]},{"@type":"ImageObject","inLanguage":"es","@id":"https:\/\/www.yucatanencorto.com\/noticias\/el-ayuntamiento-de-merida-avanza-en-las-medidas-para-el-bienestar-animal-en-el-municipio\/#primaryimage","url":"https:\/\/www.yucatanencorto.com\/noticias\/wp-content\/uploads\/2021\/08\/F80ECFE3-C148-46AE-A0D2-8DD09C28B553-scaled.jpeg","contentUrl":"https:\/\/www.yucatanencorto.com\/noticias\/wp-content\/uploads\/2021\/08\/F80ECFE3-C148-46AE-A0D2-8DD09C28B553-scaled.jpeg","width":768,"height":512},{"@type":"BreadcrumbList","@id":"https:\/\/www.yucatanencorto.com\/noticias\/el-ayuntamiento-de-merida-avanza-en-las-medidas-para-el-bienestar-animal-en-el-municipio\/#breadcrumb","itemListElement":[{"@type":"ListItem","position":1,"name":"Portada","item":"https:\/\/www.yucatanencorto.com\/noticias\/"},{"@type":"ListItem","position":2,"name":"El Ayuntamiento de M\u00e9rida avanza en las medidas para el bienestar animal en el municipio"}]},{"@type":"WebSite","@id":"https:\/\/www.yucatanencorto.com\/noticias\/#website","url":"https:\/\/www.yucatanencorto.com\/noticias\/","name":"Yucat\u00e1n en corto","description":"Noticias","potentialAction":[{"@type":"SearchAction","target":{"@type":"EntryPoint","urlTemplate":"https:\/\/www.yucatanencorto.com\/noticias\/?s={search_term_string}"},"query-input":{"@type":"PropertyValueSpecification","valueRequired":true,"valueName":"search_term_string"}}],"inLanguage":"es"},{"@type":"Person","@id":"https:\/\/www.yucatanencorto.com\/noticias\/#\/schema\/person\/14f82d355225a1f4075dd84a31f45a72","name":"Yucat\u00e1n en Corto FC","image":{"@type":"ImageObject","inLanguage":"es","@id":"https:\/\/secure.gravatar.com\/avatar\/147d4b30cd728c53c29c49a3f7834dedca33707f4cd259761355846009a88250?s=96&d=mm&r=g","url":"https:\/\/secure.gravatar.com\/avatar\/147d4b30cd728c53c29c49a3f7834dedca33707f4cd259761355846009a88250?s=96&d=mm&r=g","contentUrl":"https:\/\/secure.gravatar.com\/avatar\/147d4b30cd728c53c29c49a3f7834dedca33707f4cd259761355846009a88250?s=96&d=mm&r=g","caption":"Yucat\u00e1n en Corto FC"},"url":"https:\/\/www.yucatanencorto.com\/noticias\/author\/flor\/"}]}},"_links":{"self":[{"href":"https:\/\/www.yucatanencorto.com\/noticias\/wp-json\/wp\/v2\/posts\/85496","targetHints":{"allow":["GET"]}}],"collection":[{"href":"https:\/\/www.yucatanencorto.com\/noticias\/wp-json\/wp\/v2\/posts"}],"about":[{"href":"https:\/\/www.yucatanencorto.com\/noticias\/wp-json\/wp\/v2\/types\/post"}],"author":[{"embeddable":true,"href":"https:\/\/www.yucatanencorto.com\/noticias\/wp-json\/wp\/v2\/users\/2"}],"replies":[{"embeddable":true,"href":"https:\/\/www.yucatanencorto.com\/noticias\/wp-json\/wp\/v2\/comments?post=85496"}],"version-history":[{"count":0,"href":"https:\/\/www.yucatanencorto.com\/noticias\/wp-json\/wp\/v2\/posts\/85496\/revisions"}],"wp:featuredmedia":[{"embeddable":true,"href":"https:\/\/www.yucatanencorto.com\/noticias\/wp-json\/wp\/v2\/media\/85497"}],"wp:attachment":[{"href":"https:\/\/www.yucatanencorto.com\/noticias\/wp-json\/wp\/v2\/media?parent=85496"}],"wp:term":[{"taxonomy":"category","embeddable":true,"href":"https:\/\/www.yucatanencorto.com\/noticias\/wp-json\/wp\/v2\/categories?post=85496"},{"taxonomy":"post_tag","embeddable":true,"href":"https:\/\/www.yucatanencorto.com\/noticias\/wp-json\/wp\/v2\/tags?post=85496"}],"curies":[{"name":"wp","href":"https:\/\/api.w.org\/{rel}","templated":true}]}}