{"id":85499,"date":"2021-08-07T19:45:58","date_gmt":"2021-08-08T00:45:58","guid":{"rendered":"https:\/\/www.yucatanencorto.com\/noticias\/?p=85499"},"modified":"2021-08-07T19:45:58","modified_gmt":"2021-08-08T00:45:58","slug":"merida-sigue-su-avance-firme-para-consolidarse-como-una-ciudad-inclusiva-afirma-el-alcalde-renan-barrera","status":"publish","type":"post","link":"https:\/\/www.yucatanencorto.com\/noticias\/merida-sigue-su-avance-firme-para-consolidarse-como-una-ciudad-inclusiva-afirma-el-alcalde-renan-barrera\/","title":{"rendered":"M\u00e9rida sigue su avance firme para consolidarse como una ciudad inclusiva, afirma el alcalde Ren\u00e1n Barrera"},"content":{"rendered":"<p style=\"text-align: right;\">\n<p><img loading=\"lazy\" decoding=\"async\" class=\"alignnone size-full wp-image-85500\" src=\"https:\/\/www.yucatanencorto.com\/noticias\/wp-content\/uploads\/2021\/08\/IMG_20210807_194403-scaled.jpg\" alt=\"\" width=\"768\" height=\"575\" srcset=\"https:\/\/www.yucatanencorto.com\/noticias\/wp-content\/uploads\/2021\/08\/IMG_20210807_194403-scaled.jpg 768w, https:\/\/www.yucatanencorto.com\/noticias\/wp-content\/uploads\/2021\/08\/IMG_20210807_194403-696x521.jpg 696w, https:\/\/www.yucatanencorto.com\/noticias\/wp-content\/uploads\/2021\/08\/IMG_20210807_194403-561x420.jpg 561w, https:\/\/www.yucatanencorto.com\/noticias\/wp-content\/uploads\/2021\/08\/IMG_20210807_194403-80x60.jpg 80w, https:\/\/www.yucatanencorto.com\/noticias\/wp-content\/uploads\/2021\/08\/IMG_20210807_194403-265x198.jpg 265w\" sizes=\"auto, (max-width: 768px) 100vw, 768px\" \/><\/p>\n<p>M\u00e9rida s\u00f3lo se consolidar\u00e1 como una ciudad inclusiva si vamos todos en alianza, buscando siempre nuevas oportunidades y estrategias para alcanzar esa meta que nos beneficia a todos como sociedad, indic\u00f3 el alcalde Ren\u00e1n Barrera Concha.<\/p>\n<p>Subray\u00f3 que su administraci\u00f3n se ha distinguido por emprender acciones que fomenten la inclusividad en todos los sectores, buscando que la ciudadan\u00eda se involucre para que los resultados sean de largo alcance.<\/p>\n<p>En ese contexto, el Ayuntamiento de M\u00e9rida, a trav\u00e9s del departamento de Atenci\u00f3n a Personas con Discapacidad del DIF Municipal, imparti\u00f3 el curso de verano de Lengua de Se\u00f1as Mexicanas a ni\u00f1as, ni\u00f1os y adolescentes de 9 a 15 a\u00f1os.<\/p>\n<p>El objetivo del Curso de Lengua Mexicana Nivel B\u00e1sico I fue introducir al conocimiento y uso de ese tipo de comunicaci\u00f3n, sensibilizar sobre las personas con discapacidad auditiva, desarrollar conocimientos sobre el lenguaje incluyente y habilidades de expresi\u00f3n no verbales.<\/p>\n<p>Durante la clausura del curso, varios participantes externaron su benepl\u00e1cito por las acciones de este tipo que promueve el Ayuntamiento y que ayudan a visibilizar condiciones que muchas veces no se dimensionan en su justa medida.<\/p>\n<p>Roberto Antonio Rodr\u00edguez Quintal agradeci\u00f3 al Ayuntamiento por el curso impartido y dijo que todas las personas deber\u00edan aprender la Lengua de Se\u00f1as para convertirnos en una mejor sociedad incluyente.<\/p>\n<p>Luisa Molina Cuchi dijo que fue un regalo aprender esta lengua. Enfatiz\u00f3 la importancia de sensibilizar sobre estos temas, ya que a veces los ni\u00f1os pueden ser muy crueles con las personas que parecen diferentes y no se dan con el rechazo.<\/p>\n<p>\u201cAl iniciar el curso me sent\u00eda nerviosa y con temor y as\u00ed entend\u00ed c\u00f3mo se sienten las personas con discapacidad auditiva cunado no los dejamos hablar con las manos o no los entendemos\u201d, expres\u00f3.<\/p>\n<p>Por su parte, Alejandro Ceballos Cruz, quien tiene discapacidad auditiva y tambi\u00e9n particip\u00f3 en el curso, se dijo contento porque conoci\u00f3 a muchos ni\u00f1os y pudo platicar con ellos, los ayud\u00f3 a aprender y a su vez aprendi\u00f3 m\u00e1s sobre ese tipo de comunicaci\u00f3n.<\/p>\n<p>La presidenta del DIF, Diana Castillo Laviada, agradeci\u00f3 a todas y todos los peque\u00f1os el inter\u00e9s y el tiempo de sus vacaciones que destinaron a aprender la lengua de se\u00f1as.<\/p>\n<p>Exhort\u00f3 a los participantes a seguir aprendiendo y a comprender que este aprendizaje puede contribuir a cambiarle la vida a muchas personas.<\/p>\n<p>Ante la buena respuesta y el inter\u00e9s que gener\u00f3 el curso fue necesario abrir tres grupos, con un total de 80 participantes, de los cuales cinco son sordos y otros hermanos o hijos de personas con discapacidad auditiva.<\/p>\n<p>Entre los temas se abordaron: \u00bfQu\u00e9 es la LSM? El alfabeto dactilol\u00f3gico y pr\u00e1ctica con su nombre y los colores en Lengua de Se\u00f1as Mexicana, la se\u00f1a personal, \u00bfQu\u00e9 es la discapacidad auditiva? Saludos y respuestas en Lengua de Se\u00f1as Mexicana. Practico mi se\u00f1a personal y \u00bfqu\u00e9 es la Comunidad de Personas Sordas? La familia en Lengua de Se\u00f1as Mexicana.<\/p>\n<p>El curso se imparte en cuatro sesiones, dos por semana, con duraci\u00f3n de una hora cada una.<\/p>\n<p>Impartieron el curso la M.E.E. Liliana Ru\u00edz S\u00e1nchez, del Departamento de Atenci\u00f3n a Personas con Discapacidad y Eduardo G\u00f3mez, asesor y ponente sordo, quien tambi\u00e9n forma parte de este departamento.<\/p>\n<p style=\"text-align: left;\">Durante las sesiones se destac\u00f3 la importancia de fomentar desde la infancia el aprendizaje de Lengua de Se\u00f1as Mexicanas, as\u00ed como la manera correcta para dirigirse y comunicarse con la comunidad sorda, sin ser discriminatorios y hacer con ello cambios en la inclusi\u00f3n social.<\/p>\n<p>Con esta actividad, el Ayuntamiento de M\u00e9rida a trav\u00e9s del DIF Municipal, sembr\u00f3 la semilla de la Lengua de Se\u00f1as Mexicanas en cada uno de los corazones de las ni\u00f1as, ni\u00f1os y adolescentes que participaron.<\/p>\n","protected":false},"excerpt":{"rendered":"<p>M\u00e9rida s\u00f3lo se consolidar\u00e1 como una ciudad inclusiva si vamos todos en alianza, buscando siempre nuevas oportunidades y estrategias para alcanzar esa meta que nos beneficia a todos como sociedad, indic\u00f3 el alcalde Ren\u00e1n Barrera Concha. Subray\u00f3 que su administraci\u00f3n se ha distinguido por emprender acciones que fomenten la inclusividad en todos los sectores, buscando [&hellip;]<\/p>\n","protected":false},"author":2,"featured_media":85500,"comment_status":"closed","ping_status":"closed","sticky":false,"template":"","format":"standard","meta":{"footnotes":""},"categories":[2],"tags":[],"class_list":{"0":"post-85499","1":"post","2":"type-post","3":"status-publish","4":"format-standard","5":"has-post-thumbnail","7":"category-merida"},"yoast_head":"<!-- This site is optimized with the Yoast SEO plugin v27.4 - https:\/\/yoast.com\/product\/yoast-seo-wordpress\/ -->\n<title>M\u00e9rida sigue su avance firme para consolidarse como una ciudad inclusiva, afirma el alcalde Ren\u00e1n Barrera - Yucat\u00e1n en corto<\/title>\n<meta name=\"robots\" content=\"index, follow, max-snippet:-1, max-image-preview:large, max-video-preview:-1\" \/>\n<link rel=\"canonical\" href=\"https:\/\/www.yucatanencorto.com\/noticias\/merida-sigue-su-avance-firme-para-consolidarse-como-una-ciudad-inclusiva-afirma-el-alcalde-renan-barrera\/\" \/>\n<meta property=\"og:locale\" content=\"es_ES\" \/>\n<meta property=\"og:type\" content=\"article\" \/>\n<meta property=\"og:title\" content=\"M\u00e9rida sigue su avance firme para consolidarse como una ciudad inclusiva, afirma el alcalde Ren\u00e1n Barrera - Yucat\u00e1n en corto\" \/>\n<meta property=\"og:description\" content=\"M\u00e9rida s\u00f3lo se consolidar\u00e1 como una ciudad inclusiva si vamos todos en alianza, buscando siempre nuevas oportunidades y estrategias para alcanzar esa meta que nos beneficia a todos como sociedad, indic\u00f3 el alcalde Ren\u00e1n Barrera Concha. Subray\u00f3 que su administraci\u00f3n se ha distinguido por emprender acciones que fomenten la inclusividad en todos los sectores, buscando [&hellip;]\" \/>\n<meta property=\"og:url\" content=\"https:\/\/www.yucatanencorto.com\/noticias\/merida-sigue-su-avance-firme-para-consolidarse-como-una-ciudad-inclusiva-afirma-el-alcalde-renan-barrera\/\" \/>\n<meta property=\"og:site_name\" content=\"Yucat\u00e1n en corto\" \/>\n<meta property=\"article:publisher\" content=\"http:\/\/www.facebook.com\/yucatanencorto\" \/>\n<meta property=\"article:published_time\" content=\"2021-08-08T00:45:58+00:00\" \/>\n<meta property=\"og:image\" content=\"https:\/\/www.yucatanencorto.com\/noticias\/wp-content\/uploads\/2021\/08\/IMG_20210807_194403-scaled.jpg\" \/>\n\t<meta property=\"og:image:width\" content=\"768\" \/>\n\t<meta property=\"og:image:height\" content=\"575\" \/>\n\t<meta property=\"og:image:type\" content=\"image\/jpeg\" \/>\n<meta name=\"author\" content=\"Yucat\u00e1n en Corto FC\" \/>\n<meta name=\"twitter:card\" content=\"summary_large_image\" \/>\n<meta name=\"twitter:creator\" content=\"@yucatanencorto\" \/>\n<meta name=\"twitter:site\" content=\"@yucatanencorto\" \/>\n<meta name=\"twitter:label1\" content=\"Escrito por\" \/>\n\t<meta name=\"twitter:data1\" content=\"Yucat\u00e1n en Corto FC\" \/>\n\t<meta name=\"twitter:label2\" content=\"Tiempo de lectura\" \/>\n\t<meta name=\"twitter:data2\" content=\"3 minutos\" \/>\n<script type=\"application\/ld+json\" class=\"yoast-schema-graph\">{\"@context\":\"https:\\\/\\\/schema.org\",\"@graph\":[{\"@type\":\"Article\",\"@id\":\"https:\\\/\\\/www.yucatanencorto.com\\\/noticias\\\/merida-sigue-su-avance-firme-para-consolidarse-como-una-ciudad-inclusiva-afirma-el-alcalde-renan-barrera\\\/#article\",\"isPartOf\":{\"@id\":\"https:\\\/\\\/www.yucatanencorto.com\\\/noticias\\\/merida-sigue-su-avance-firme-para-consolidarse-como-una-ciudad-inclusiva-afirma-el-alcalde-renan-barrera\\\/\"},\"author\":{\"name\":\"Yucat\u00e1n en Corto FC\",\"@id\":\"https:\\\/\\\/www.yucatanencorto.com\\\/noticias\\\/#\\\/schema\\\/person\\\/14f82d355225a1f4075dd84a31f45a72\"},\"headline\":\"M\u00e9rida sigue su avance firme para consolidarse como una ciudad inclusiva, afirma el alcalde Ren\u00e1n Barrera\",\"datePublished\":\"2021-08-08T00:45:58+00:00\",\"mainEntityOfPage\":{\"@id\":\"https:\\\/\\\/www.yucatanencorto.com\\\/noticias\\\/merida-sigue-su-avance-firme-para-consolidarse-como-una-ciudad-inclusiva-afirma-el-alcalde-renan-barrera\\\/\"},\"wordCount\":677,\"image\":{\"@id\":\"https:\\\/\\\/www.yucatanencorto.com\\\/noticias\\\/merida-sigue-su-avance-firme-para-consolidarse-como-una-ciudad-inclusiva-afirma-el-alcalde-renan-barrera\\\/#primaryimage\"},\"thumbnailUrl\":\"https:\\\/\\\/www.yucatanencorto.com\\\/noticias\\\/wp-content\\\/uploads\\\/2021\\\/08\\\/IMG_20210807_194403-scaled.jpg\",\"articleSection\":[\"M\u00e9rida\"],\"inLanguage\":\"es\"},{\"@type\":\"WebPage\",\"@id\":\"https:\\\/\\\/www.yucatanencorto.com\\\/noticias\\\/merida-sigue-su-avance-firme-para-consolidarse-como-una-ciudad-inclusiva-afirma-el-alcalde-renan-barrera\\\/\",\"url\":\"https:\\\/\\\/www.yucatanencorto.com\\\/noticias\\\/merida-sigue-su-avance-firme-para-consolidarse-como-una-ciudad-inclusiva-afirma-el-alcalde-renan-barrera\\\/\",\"name\":\"M\u00e9rida sigue su avance firme para consolidarse como una ciudad inclusiva, afirma el alcalde Ren\u00e1n Barrera - Yucat\u00e1n en corto\",\"isPartOf\":{\"@id\":\"https:\\\/\\\/www.yucatanencorto.com\\\/noticias\\\/#website\"},\"primaryImageOfPage\":{\"@id\":\"https:\\\/\\\/www.yucatanencorto.com\\\/noticias\\\/merida-sigue-su-avance-firme-para-consolidarse-como-una-ciudad-inclusiva-afirma-el-alcalde-renan-barrera\\\/#primaryimage\"},\"image\":{\"@id\":\"https:\\\/\\\/www.yucatanencorto.com\\\/noticias\\\/merida-sigue-su-avance-firme-para-consolidarse-como-una-ciudad-inclusiva-afirma-el-alcalde-renan-barrera\\\/#primaryimage\"},\"thumbnailUrl\":\"https:\\\/\\\/www.yucatanencorto.com\\\/noticias\\\/wp-content\\\/uploads\\\/2021\\\/08\\\/IMG_20210807_194403-scaled.jpg\",\"datePublished\":\"2021-08-08T00:45:58+00:00\",\"author\":{\"@id\":\"https:\\\/\\\/www.yucatanencorto.com\\\/noticias\\\/#\\\/schema\\\/person\\\/14f82d355225a1f4075dd84a31f45a72\"},\"breadcrumb\":{\"@id\":\"https:\\\/\\\/www.yucatanencorto.com\\\/noticias\\\/merida-sigue-su-avance-firme-para-consolidarse-como-una-ciudad-inclusiva-afirma-el-alcalde-renan-barrera\\\/#breadcrumb\"},\"inLanguage\":\"es\",\"potentialAction\":[{\"@type\":\"ReadAction\",\"target\":[\"https:\\\/\\\/www.yucatanencorto.com\\\/noticias\\\/merida-sigue-su-avance-firme-para-consolidarse-como-una-ciudad-inclusiva-afirma-el-alcalde-renan-barrera\\\/\"]}]},{\"@type\":\"ImageObject\",\"inLanguage\":\"es\",\"@id\":\"https:\\\/\\\/www.yucatanencorto.com\\\/noticias\\\/merida-sigue-su-avance-firme-para-consolidarse-como-una-ciudad-inclusiva-afirma-el-alcalde-renan-barrera\\\/#primaryimage\",\"url\":\"https:\\\/\\\/www.yucatanencorto.com\\\/noticias\\\/wp-content\\\/uploads\\\/2021\\\/08\\\/IMG_20210807_194403-scaled.jpg\",\"contentUrl\":\"https:\\\/\\\/www.yucatanencorto.com\\\/noticias\\\/wp-content\\\/uploads\\\/2021\\\/08\\\/IMG_20210807_194403-scaled.jpg\",\"width\":768,\"height\":575},{\"@type\":\"BreadcrumbList\",\"@id\":\"https:\\\/\\\/www.yucatanencorto.com\\\/noticias\\\/merida-sigue-su-avance-firme-para-consolidarse-como-una-ciudad-inclusiva-afirma-el-alcalde-renan-barrera\\\/#breadcrumb\",\"itemListElement\":[{\"@type\":\"ListItem\",\"position\":1,\"name\":\"Portada\",\"item\":\"https:\\\/\\\/www.yucatanencorto.com\\\/noticias\\\/\"},{\"@type\":\"ListItem\",\"position\":2,\"name\":\"M\u00e9rida sigue su avance firme para consolidarse como una ciudad inclusiva, afirma el alcalde Ren\u00e1n Barrera\"}]},{\"@type\":\"WebSite\",\"@id\":\"https:\\\/\\\/www.yucatanencorto.com\\\/noticias\\\/#website\",\"url\":\"https:\\\/\\\/www.yucatanencorto.com\\\/noticias\\\/\",\"name\":\"Yucat\u00e1n en corto\",\"description\":\"Noticias\",\"potentialAction\":[{\"@type\":\"SearchAction\",\"target\":{\"@type\":\"EntryPoint\",\"urlTemplate\":\"https:\\\/\\\/www.yucatanencorto.com\\\/noticias\\\/?s={search_term_string}\"},\"query-input\":{\"@type\":\"PropertyValueSpecification\",\"valueRequired\":true,\"valueName\":\"search_term_string\"}}],\"inLanguage\":\"es\"},{\"@type\":\"Person\",\"@id\":\"https:\\\/\\\/www.yucatanencorto.com\\\/noticias\\\/#\\\/schema\\\/person\\\/14f82d355225a1f4075dd84a31f45a72\",\"name\":\"Yucat\u00e1n en Corto FC\",\"image\":{\"@type\":\"ImageObject\",\"inLanguage\":\"es\",\"@id\":\"https:\\\/\\\/secure.gravatar.com\\\/avatar\\\/147d4b30cd728c53c29c49a3f7834dedca33707f4cd259761355846009a88250?s=96&d=mm&r=g\",\"url\":\"https:\\\/\\\/secure.gravatar.com\\\/avatar\\\/147d4b30cd728c53c29c49a3f7834dedca33707f4cd259761355846009a88250?s=96&d=mm&r=g\",\"contentUrl\":\"https:\\\/\\\/secure.gravatar.com\\\/avatar\\\/147d4b30cd728c53c29c49a3f7834dedca33707f4cd259761355846009a88250?s=96&d=mm&r=g\",\"caption\":\"Yucat\u00e1n en Corto FC\"},\"url\":\"https:\\\/\\\/www.yucatanencorto.com\\\/noticias\\\/author\\\/flor\\\/\"}]}<\/script>\n<!-- \/ Yoast SEO plugin. -->","yoast_head_json":{"title":"M\u00e9rida sigue su avance firme para consolidarse como una ciudad inclusiva, afirma el alcalde Ren\u00e1n Barrera - Yucat\u00e1n en corto","robots":{"index":"index","follow":"follow","max-snippet":"max-snippet:-1","max-image-preview":"max-image-preview:large","max-video-preview":"max-video-preview:-1"},"canonical":"https:\/\/www.yucatanencorto.com\/noticias\/merida-sigue-su-avance-firme-para-consolidarse-como-una-ciudad-inclusiva-afirma-el-alcalde-renan-barrera\/","og_locale":"es_ES","og_type":"article","og_title":"M\u00e9rida sigue su avance firme para consolidarse como una ciudad inclusiva, afirma el alcalde Ren\u00e1n Barrera - Yucat\u00e1n en corto","og_description":"M\u00e9rida s\u00f3lo se consolidar\u00e1 como una ciudad inclusiva si vamos todos en alianza, buscando siempre nuevas oportunidades y estrategias para alcanzar esa meta que nos beneficia a todos como sociedad, indic\u00f3 el alcalde Ren\u00e1n Barrera Concha. Subray\u00f3 que su administraci\u00f3n se ha distinguido por emprender acciones que fomenten la inclusividad en todos los sectores, buscando [&hellip;]","og_url":"https:\/\/www.yucatanencorto.com\/noticias\/merida-sigue-su-avance-firme-para-consolidarse-como-una-ciudad-inclusiva-afirma-el-alcalde-renan-barrera\/","og_site_name":"Yucat\u00e1n en corto","article_publisher":"http:\/\/www.facebook.com\/yucatanencorto","article_published_time":"2021-08-08T00:45:58+00:00","og_image":[{"width":768,"height":575,"url":"https:\/\/www.yucatanencorto.com\/noticias\/wp-content\/uploads\/2021\/08\/IMG_20210807_194403-scaled.jpg","type":"image\/jpeg"}],"author":"Yucat\u00e1n en Corto FC","twitter_card":"summary_large_image","twitter_creator":"@yucatanencorto","twitter_site":"@yucatanencorto","twitter_misc":{"Escrito por":"Yucat\u00e1n en Corto FC","Tiempo de lectura":"3 minutos"},"schema":{"@context":"https:\/\/schema.org","@graph":[{"@type":"Article","@id":"https:\/\/www.yucatanencorto.com\/noticias\/merida-sigue-su-avance-firme-para-consolidarse-como-una-ciudad-inclusiva-afirma-el-alcalde-renan-barrera\/#article","isPartOf":{"@id":"https:\/\/www.yucatanencorto.com\/noticias\/merida-sigue-su-avance-firme-para-consolidarse-como-una-ciudad-inclusiva-afirma-el-alcalde-renan-barrera\/"},"author":{"name":"Yucat\u00e1n en Corto FC","@id":"https:\/\/www.yucatanencorto.com\/noticias\/#\/schema\/person\/14f82d355225a1f4075dd84a31f45a72"},"headline":"M\u00e9rida sigue su avance firme para consolidarse como una ciudad inclusiva, afirma el alcalde Ren\u00e1n Barrera","datePublished":"2021-08-08T00:45:58+00:00","mainEntityOfPage":{"@id":"https:\/\/www.yucatanencorto.com\/noticias\/merida-sigue-su-avance-firme-para-consolidarse-como-una-ciudad-inclusiva-afirma-el-alcalde-renan-barrera\/"},"wordCount":677,"image":{"@id":"https:\/\/www.yucatanencorto.com\/noticias\/merida-sigue-su-avance-firme-para-consolidarse-como-una-ciudad-inclusiva-afirma-el-alcalde-renan-barrera\/#primaryimage"},"thumbnailUrl":"https:\/\/www.yucatanencorto.com\/noticias\/wp-content\/uploads\/2021\/08\/IMG_20210807_194403-scaled.jpg","articleSection":["M\u00e9rida"],"inLanguage":"es"},{"@type":"WebPage","@id":"https:\/\/www.yucatanencorto.com\/noticias\/merida-sigue-su-avance-firme-para-consolidarse-como-una-ciudad-inclusiva-afirma-el-alcalde-renan-barrera\/","url":"https:\/\/www.yucatanencorto.com\/noticias\/merida-sigue-su-avance-firme-para-consolidarse-como-una-ciudad-inclusiva-afirma-el-alcalde-renan-barrera\/","name":"M\u00e9rida sigue su avance firme para consolidarse como una ciudad inclusiva, afirma el alcalde Ren\u00e1n Barrera - Yucat\u00e1n en corto","isPartOf":{"@id":"https:\/\/www.yucatanencorto.com\/noticias\/#website"},"primaryImageOfPage":{"@id":"https:\/\/www.yucatanencorto.com\/noticias\/merida-sigue-su-avance-firme-para-consolidarse-como-una-ciudad-inclusiva-afirma-el-alcalde-renan-barrera\/#primaryimage"},"image":{"@id":"https:\/\/www.yucatanencorto.com\/noticias\/merida-sigue-su-avance-firme-para-consolidarse-como-una-ciudad-inclusiva-afirma-el-alcalde-renan-barrera\/#primaryimage"},"thumbnailUrl":"https:\/\/www.yucatanencorto.com\/noticias\/wp-content\/uploads\/2021\/08\/IMG_20210807_194403-scaled.jpg","datePublished":"2021-08-08T00:45:58+00:00","author":{"@id":"https:\/\/www.yucatanencorto.com\/noticias\/#\/schema\/person\/14f82d355225a1f4075dd84a31f45a72"},"breadcrumb":{"@id":"https:\/\/www.yucatanencorto.com\/noticias\/merida-sigue-su-avance-firme-para-consolidarse-como-una-ciudad-inclusiva-afirma-el-alcalde-renan-barrera\/#breadcrumb"},"inLanguage":"es","potentialAction":[{"@type":"ReadAction","target":["https:\/\/www.yucatanencorto.com\/noticias\/merida-sigue-su-avance-firme-para-consolidarse-como-una-ciudad-inclusiva-afirma-el-alcalde-renan-barrera\/"]}]},{"@type":"ImageObject","inLanguage":"es","@id":"https:\/\/www.yucatanencorto.com\/noticias\/merida-sigue-su-avance-firme-para-consolidarse-como-una-ciudad-inclusiva-afirma-el-alcalde-renan-barrera\/#primaryimage","url":"https:\/\/www.yucatanencorto.com\/noticias\/wp-content\/uploads\/2021\/08\/IMG_20210807_194403-scaled.jpg","contentUrl":"https:\/\/www.yucatanencorto.com\/noticias\/wp-content\/uploads\/2021\/08\/IMG_20210807_194403-scaled.jpg","width":768,"height":575},{"@type":"BreadcrumbList","@id":"https:\/\/www.yucatanencorto.com\/noticias\/merida-sigue-su-avance-firme-para-consolidarse-como-una-ciudad-inclusiva-afirma-el-alcalde-renan-barrera\/#breadcrumb","itemListElement":[{"@type":"ListItem","position":1,"name":"Portada","item":"https:\/\/www.yucatanencorto.com\/noticias\/"},{"@type":"ListItem","position":2,"name":"M\u00e9rida sigue su avance firme para consolidarse como una ciudad inclusiva, afirma el alcalde Ren\u00e1n Barrera"}]},{"@type":"WebSite","@id":"https:\/\/www.yucatanencorto.com\/noticias\/#website","url":"https:\/\/www.yucatanencorto.com\/noticias\/","name":"Yucat\u00e1n en corto","description":"Noticias","potentialAction":[{"@type":"SearchAction","target":{"@type":"EntryPoint","urlTemplate":"https:\/\/www.yucatanencorto.com\/noticias\/?s={search_term_string}"},"query-input":{"@type":"PropertyValueSpecification","valueRequired":true,"valueName":"search_term_string"}}],"inLanguage":"es"},{"@type":"Person","@id":"https:\/\/www.yucatanencorto.com\/noticias\/#\/schema\/person\/14f82d355225a1f4075dd84a31f45a72","name":"Yucat\u00e1n en Corto FC","image":{"@type":"ImageObject","inLanguage":"es","@id":"https:\/\/secure.gravatar.com\/avatar\/147d4b30cd728c53c29c49a3f7834dedca33707f4cd259761355846009a88250?s=96&d=mm&r=g","url":"https:\/\/secure.gravatar.com\/avatar\/147d4b30cd728c53c29c49a3f7834dedca33707f4cd259761355846009a88250?s=96&d=mm&r=g","contentUrl":"https:\/\/secure.gravatar.com\/avatar\/147d4b30cd728c53c29c49a3f7834dedca33707f4cd259761355846009a88250?s=96&d=mm&r=g","caption":"Yucat\u00e1n en Corto FC"},"url":"https:\/\/www.yucatanencorto.com\/noticias\/author\/flor\/"}]}},"_links":{"self":[{"href":"https:\/\/www.yucatanencorto.com\/noticias\/wp-json\/wp\/v2\/posts\/85499","targetHints":{"allow":["GET"]}}],"collection":[{"href":"https:\/\/www.yucatanencorto.com\/noticias\/wp-json\/wp\/v2\/posts"}],"about":[{"href":"https:\/\/www.yucatanencorto.com\/noticias\/wp-json\/wp\/v2\/types\/post"}],"author":[{"embeddable":true,"href":"https:\/\/www.yucatanencorto.com\/noticias\/wp-json\/wp\/v2\/users\/2"}],"replies":[{"embeddable":true,"href":"https:\/\/www.yucatanencorto.com\/noticias\/wp-json\/wp\/v2\/comments?post=85499"}],"version-history":[{"count":0,"href":"https:\/\/www.yucatanencorto.com\/noticias\/wp-json\/wp\/v2\/posts\/85499\/revisions"}],"wp:featuredmedia":[{"embeddable":true,"href":"https:\/\/www.yucatanencorto.com\/noticias\/wp-json\/wp\/v2\/media\/85500"}],"wp:attachment":[{"href":"https:\/\/www.yucatanencorto.com\/noticias\/wp-json\/wp\/v2\/media?parent=85499"}],"wp:term":[{"taxonomy":"category","embeddable":true,"href":"https:\/\/www.yucatanencorto.com\/noticias\/wp-json\/wp\/v2\/categories?post=85499"},{"taxonomy":"post_tag","embeddable":true,"href":"https:\/\/www.yucatanencorto.com\/noticias\/wp-json\/wp\/v2\/tags?post=85499"}],"curies":[{"name":"wp","href":"https:\/\/api.w.org\/{rel}","templated":true}]}}