{"id":85504,"date":"2021-08-07T21:34:00","date_gmt":"2021-08-08T02:34:00","guid":{"rendered":"https:\/\/www.yucatanencorto.com\/noticias\/?p=85504"},"modified":"2021-08-07T21:34:00","modified_gmt":"2021-08-08T02:34:00","slug":"se-ejecuta-orden-de-aprehension-contra-4-presuntos-responsables-de-la-muerte-de-un-joven","status":"publish","type":"post","link":"https:\/\/www.yucatanencorto.com\/noticias\/se-ejecuta-orden-de-aprehension-contra-4-presuntos-responsables-de-la-muerte-de-un-joven\/","title":{"rendered":"Se ejecuta orden de aprehensi\u00f3n contra 4 presuntos responsables de la muerte de un joven"},"content":{"rendered":"<p>&nbsp;<\/p>\n<p><img loading=\"lazy\" decoding=\"async\" class=\"alignnone size-full wp-image-85505 aligncenter\" src=\"https:\/\/www.yucatanencorto.com\/noticias\/wp-content\/uploads\/2021\/08\/IMG_20210807_213422-scaled.jpg\" alt=\"\" width=\"768\" height=\"429\" srcset=\"https:\/\/www.yucatanencorto.com\/noticias\/wp-content\/uploads\/2021\/08\/IMG_20210807_213422-scaled.jpg 768w, https:\/\/www.yucatanencorto.com\/noticias\/wp-content\/uploads\/2021\/08\/IMG_20210807_213422-696x389.jpg 696w, https:\/\/www.yucatanencorto.com\/noticias\/wp-content\/uploads\/2021\/08\/IMG_20210807_213422-752x420.jpg 752w\" sizes=\"auto, (max-width: 768px) 100vw, 768px\" \/><\/p>\n<p>Elementos de la Polic\u00eda Estatal de Investigaci\u00f3n (PEI) de la Secretar\u00eda de Seguridad P\u00fablica (SSP), y de la Fiscal\u00eda General del Estado (FGE), ejecutaron hoy \u00f3rdenes de aprehensi\u00f3n contra cuatro individuos, por su probable participaci\u00f3n en delitos que resultaron en el fallecimiento de un joven.<\/p>\n<p>Los detenidos son J.E.H.H, E.M.R.L., A.G.G.M. y R.G.B.R., todos ellos agentes de la Polic\u00eda Municipal de M\u00e9rida, cuando se cometieron los presuntos hechos.<\/p>\n<p>Tras el conocimiento de la denuncia, la SSP y la FGE se abocaron inmediatamente a la investigaci\u00f3n para reunir los datos de prueba e integrar la carpeta correspondiente con lo cual se obtuvo hoy las \u00f3rdenes de aprehensi\u00f3n giradas por el Juez Primero de Control del Primer Distrito Judicial del Sistema de Justicia Penal Acusatorio y Oral.<\/p>\n<p>Las autoridades estatales contaron en todo momento con la cooperaci\u00f3n del Municipio de M\u00e9rida para el esclarecimiento de los hechos.<\/p>\n","protected":false},"excerpt":{"rendered":"<p>&nbsp; Elementos de la Polic\u00eda Estatal de Investigaci\u00f3n (PEI) de la Secretar\u00eda de Seguridad P\u00fablica (SSP), y de la Fiscal\u00eda General del Estado (FGE), ejecutaron hoy \u00f3rdenes de aprehensi\u00f3n contra cuatro individuos, por su probable participaci\u00f3n en delitos que resultaron en el fallecimiento de un joven. Los detenidos son J.E.H.H, E.M.R.L., A.G.G.M. y R.G.B.R., todos [&hellip;]<\/p>\n","protected":false},"author":2,"featured_media":85505,"comment_status":"closed","ping_status":"closed","sticky":false,"template":"","format":"standard","meta":{"footnotes":""},"categories":[3],"tags":[],"class_list":{"0":"post-85504","1":"post","2":"type-post","3":"status-publish","4":"format-standard","5":"has-post-thumbnail","7":"category-yucatan"},"yoast_head":"<!-- This site is optimized with the Yoast SEO plugin v27.4 - https:\/\/yoast.com\/product\/yoast-seo-wordpress\/ -->\n<title>Se ejecuta orden de aprehensi\u00f3n contra 4 presuntos responsables de la muerte de un joven - Yucat\u00e1n en corto<\/title>\n<meta name=\"robots\" content=\"index, follow, max-snippet:-1, max-image-preview:large, max-video-preview:-1\" \/>\n<link rel=\"canonical\" href=\"https:\/\/www.yucatanencorto.com\/noticias\/se-ejecuta-orden-de-aprehension-contra-4-presuntos-responsables-de-la-muerte-de-un-joven\/\" \/>\n<meta property=\"og:locale\" content=\"es_ES\" \/>\n<meta property=\"og:type\" content=\"article\" \/>\n<meta property=\"og:title\" content=\"Se ejecuta orden de aprehensi\u00f3n contra 4 presuntos responsables de la muerte de un joven - Yucat\u00e1n en corto\" \/>\n<meta property=\"og:description\" content=\"&nbsp; Elementos de la Polic\u00eda Estatal de Investigaci\u00f3n (PEI) de la Secretar\u00eda de Seguridad P\u00fablica (SSP), y de la Fiscal\u00eda General del Estado (FGE), ejecutaron hoy \u00f3rdenes de aprehensi\u00f3n contra cuatro individuos, por su probable participaci\u00f3n en delitos que resultaron en el fallecimiento de un joven. Los detenidos son J.E.H.H, E.M.R.L., A.G.G.M. y R.G.B.R., todos [&hellip;]\" \/>\n<meta property=\"og:url\" content=\"https:\/\/www.yucatanencorto.com\/noticias\/se-ejecuta-orden-de-aprehension-contra-4-presuntos-responsables-de-la-muerte-de-un-joven\/\" \/>\n<meta property=\"og:site_name\" content=\"Yucat\u00e1n en corto\" \/>\n<meta property=\"article:publisher\" content=\"http:\/\/www.facebook.com\/yucatanencorto\" \/>\n<meta property=\"article:published_time\" content=\"2021-08-08T02:34:00+00:00\" \/>\n<meta property=\"og:image\" content=\"https:\/\/www.yucatanencorto.com\/noticias\/wp-content\/uploads\/2021\/08\/IMG_20210807_213422-scaled.jpg\" \/>\n\t<meta property=\"og:image:width\" content=\"768\" \/>\n\t<meta property=\"og:image:height\" content=\"429\" \/>\n\t<meta property=\"og:image:type\" content=\"image\/jpeg\" \/>\n<meta name=\"author\" content=\"Yucat\u00e1n en Corto FC\" \/>\n<meta name=\"twitter:card\" content=\"summary_large_image\" \/>\n<meta name=\"twitter:creator\" content=\"@yucatanencorto\" \/>\n<meta name=\"twitter:site\" content=\"@yucatanencorto\" \/>\n<meta name=\"twitter:label1\" content=\"Escrito por\" \/>\n\t<meta name=\"twitter:data1\" content=\"Yucat\u00e1n en Corto FC\" \/>\n\t<meta name=\"twitter:label2\" content=\"Tiempo de lectura\" \/>\n\t<meta name=\"twitter:data2\" content=\"1 minuto\" \/>\n<script type=\"application\/ld+json\" class=\"yoast-schema-graph\">{\"@context\":\"https:\\\/\\\/schema.org\",\"@graph\":[{\"@type\":\"Article\",\"@id\":\"https:\\\/\\\/www.yucatanencorto.com\\\/noticias\\\/se-ejecuta-orden-de-aprehension-contra-4-presuntos-responsables-de-la-muerte-de-un-joven\\\/#article\",\"isPartOf\":{\"@id\":\"https:\\\/\\\/www.yucatanencorto.com\\\/noticias\\\/se-ejecuta-orden-de-aprehension-contra-4-presuntos-responsables-de-la-muerte-de-un-joven\\\/\"},\"author\":{\"name\":\"Yucat\u00e1n en Corto FC\",\"@id\":\"https:\\\/\\\/www.yucatanencorto.com\\\/noticias\\\/#\\\/schema\\\/person\\\/14f82d355225a1f4075dd84a31f45a72\"},\"headline\":\"Se ejecuta orden de aprehensi\u00f3n contra 4 presuntos responsables de la muerte de un joven\",\"datePublished\":\"2021-08-08T02:34:00+00:00\",\"mainEntityOfPage\":{\"@id\":\"https:\\\/\\\/www.yucatanencorto.com\\\/noticias\\\/se-ejecuta-orden-de-aprehension-contra-4-presuntos-responsables-de-la-muerte-de-un-joven\\\/\"},\"wordCount\":186,\"image\":{\"@id\":\"https:\\\/\\\/www.yucatanencorto.com\\\/noticias\\\/se-ejecuta-orden-de-aprehension-contra-4-presuntos-responsables-de-la-muerte-de-un-joven\\\/#primaryimage\"},\"thumbnailUrl\":\"https:\\\/\\\/www.yucatanencorto.com\\\/noticias\\\/wp-content\\\/uploads\\\/2021\\\/08\\\/IMG_20210807_213422-scaled.jpg\",\"articleSection\":[\"Yucat\u00e1n\"],\"inLanguage\":\"es\"},{\"@type\":\"WebPage\",\"@id\":\"https:\\\/\\\/www.yucatanencorto.com\\\/noticias\\\/se-ejecuta-orden-de-aprehension-contra-4-presuntos-responsables-de-la-muerte-de-un-joven\\\/\",\"url\":\"https:\\\/\\\/www.yucatanencorto.com\\\/noticias\\\/se-ejecuta-orden-de-aprehension-contra-4-presuntos-responsables-de-la-muerte-de-un-joven\\\/\",\"name\":\"Se ejecuta orden de aprehensi\u00f3n contra 4 presuntos responsables de la muerte de un joven - Yucat\u00e1n en corto\",\"isPartOf\":{\"@id\":\"https:\\\/\\\/www.yucatanencorto.com\\\/noticias\\\/#website\"},\"primaryImageOfPage\":{\"@id\":\"https:\\\/\\\/www.yucatanencorto.com\\\/noticias\\\/se-ejecuta-orden-de-aprehension-contra-4-presuntos-responsables-de-la-muerte-de-un-joven\\\/#primaryimage\"},\"image\":{\"@id\":\"https:\\\/\\\/www.yucatanencorto.com\\\/noticias\\\/se-ejecuta-orden-de-aprehension-contra-4-presuntos-responsables-de-la-muerte-de-un-joven\\\/#primaryimage\"},\"thumbnailUrl\":\"https:\\\/\\\/www.yucatanencorto.com\\\/noticias\\\/wp-content\\\/uploads\\\/2021\\\/08\\\/IMG_20210807_213422-scaled.jpg\",\"datePublished\":\"2021-08-08T02:34:00+00:00\",\"author\":{\"@id\":\"https:\\\/\\\/www.yucatanencorto.com\\\/noticias\\\/#\\\/schema\\\/person\\\/14f82d355225a1f4075dd84a31f45a72\"},\"breadcrumb\":{\"@id\":\"https:\\\/\\\/www.yucatanencorto.com\\\/noticias\\\/se-ejecuta-orden-de-aprehension-contra-4-presuntos-responsables-de-la-muerte-de-un-joven\\\/#breadcrumb\"},\"inLanguage\":\"es\",\"potentialAction\":[{\"@type\":\"ReadAction\",\"target\":[\"https:\\\/\\\/www.yucatanencorto.com\\\/noticias\\\/se-ejecuta-orden-de-aprehension-contra-4-presuntos-responsables-de-la-muerte-de-un-joven\\\/\"]}]},{\"@type\":\"ImageObject\",\"inLanguage\":\"es\",\"@id\":\"https:\\\/\\\/www.yucatanencorto.com\\\/noticias\\\/se-ejecuta-orden-de-aprehension-contra-4-presuntos-responsables-de-la-muerte-de-un-joven\\\/#primaryimage\",\"url\":\"https:\\\/\\\/www.yucatanencorto.com\\\/noticias\\\/wp-content\\\/uploads\\\/2021\\\/08\\\/IMG_20210807_213422-scaled.jpg\",\"contentUrl\":\"https:\\\/\\\/www.yucatanencorto.com\\\/noticias\\\/wp-content\\\/uploads\\\/2021\\\/08\\\/IMG_20210807_213422-scaled.jpg\",\"width\":768,\"height\":429},{\"@type\":\"BreadcrumbList\",\"@id\":\"https:\\\/\\\/www.yucatanencorto.com\\\/noticias\\\/se-ejecuta-orden-de-aprehension-contra-4-presuntos-responsables-de-la-muerte-de-un-joven\\\/#breadcrumb\",\"itemListElement\":[{\"@type\":\"ListItem\",\"position\":1,\"name\":\"Portada\",\"item\":\"https:\\\/\\\/www.yucatanencorto.com\\\/noticias\\\/\"},{\"@type\":\"ListItem\",\"position\":2,\"name\":\"Se ejecuta orden de aprehensi\u00f3n contra 4 presuntos responsables de la muerte de un joven\"}]},{\"@type\":\"WebSite\",\"@id\":\"https:\\\/\\\/www.yucatanencorto.com\\\/noticias\\\/#website\",\"url\":\"https:\\\/\\\/www.yucatanencorto.com\\\/noticias\\\/\",\"name\":\"Yucat\u00e1n en corto\",\"description\":\"Noticias\",\"potentialAction\":[{\"@type\":\"SearchAction\",\"target\":{\"@type\":\"EntryPoint\",\"urlTemplate\":\"https:\\\/\\\/www.yucatanencorto.com\\\/noticias\\\/?s={search_term_string}\"},\"query-input\":{\"@type\":\"PropertyValueSpecification\",\"valueRequired\":true,\"valueName\":\"search_term_string\"}}],\"inLanguage\":\"es\"},{\"@type\":\"Person\",\"@id\":\"https:\\\/\\\/www.yucatanencorto.com\\\/noticias\\\/#\\\/schema\\\/person\\\/14f82d355225a1f4075dd84a31f45a72\",\"name\":\"Yucat\u00e1n en Corto FC\",\"image\":{\"@type\":\"ImageObject\",\"inLanguage\":\"es\",\"@id\":\"https:\\\/\\\/secure.gravatar.com\\\/avatar\\\/147d4b30cd728c53c29c49a3f7834dedca33707f4cd259761355846009a88250?s=96&d=mm&r=g\",\"url\":\"https:\\\/\\\/secure.gravatar.com\\\/avatar\\\/147d4b30cd728c53c29c49a3f7834dedca33707f4cd259761355846009a88250?s=96&d=mm&r=g\",\"contentUrl\":\"https:\\\/\\\/secure.gravatar.com\\\/avatar\\\/147d4b30cd728c53c29c49a3f7834dedca33707f4cd259761355846009a88250?s=96&d=mm&r=g\",\"caption\":\"Yucat\u00e1n en Corto FC\"},\"url\":\"https:\\\/\\\/www.yucatanencorto.com\\\/noticias\\\/author\\\/flor\\\/\"}]}<\/script>\n<!-- \/ Yoast SEO plugin. -->","yoast_head_json":{"title":"Se ejecuta orden de aprehensi\u00f3n contra 4 presuntos responsables de la muerte de un joven - Yucat\u00e1n en corto","robots":{"index":"index","follow":"follow","max-snippet":"max-snippet:-1","max-image-preview":"max-image-preview:large","max-video-preview":"max-video-preview:-1"},"canonical":"https:\/\/www.yucatanencorto.com\/noticias\/se-ejecuta-orden-de-aprehension-contra-4-presuntos-responsables-de-la-muerte-de-un-joven\/","og_locale":"es_ES","og_type":"article","og_title":"Se ejecuta orden de aprehensi\u00f3n contra 4 presuntos responsables de la muerte de un joven - Yucat\u00e1n en corto","og_description":"&nbsp; Elementos de la Polic\u00eda Estatal de Investigaci\u00f3n (PEI) de la Secretar\u00eda de Seguridad P\u00fablica (SSP), y de la Fiscal\u00eda General del Estado (FGE), ejecutaron hoy \u00f3rdenes de aprehensi\u00f3n contra cuatro individuos, por su probable participaci\u00f3n en delitos que resultaron en el fallecimiento de un joven. Los detenidos son J.E.H.H, E.M.R.L., A.G.G.M. y R.G.B.R., todos [&hellip;]","og_url":"https:\/\/www.yucatanencorto.com\/noticias\/se-ejecuta-orden-de-aprehension-contra-4-presuntos-responsables-de-la-muerte-de-un-joven\/","og_site_name":"Yucat\u00e1n en corto","article_publisher":"http:\/\/www.facebook.com\/yucatanencorto","article_published_time":"2021-08-08T02:34:00+00:00","og_image":[{"width":768,"height":429,"url":"https:\/\/www.yucatanencorto.com\/noticias\/wp-content\/uploads\/2021\/08\/IMG_20210807_213422-scaled.jpg","type":"image\/jpeg"}],"author":"Yucat\u00e1n en Corto FC","twitter_card":"summary_large_image","twitter_creator":"@yucatanencorto","twitter_site":"@yucatanencorto","twitter_misc":{"Escrito por":"Yucat\u00e1n en Corto FC","Tiempo de lectura":"1 minuto"},"schema":{"@context":"https:\/\/schema.org","@graph":[{"@type":"Article","@id":"https:\/\/www.yucatanencorto.com\/noticias\/se-ejecuta-orden-de-aprehension-contra-4-presuntos-responsables-de-la-muerte-de-un-joven\/#article","isPartOf":{"@id":"https:\/\/www.yucatanencorto.com\/noticias\/se-ejecuta-orden-de-aprehension-contra-4-presuntos-responsables-de-la-muerte-de-un-joven\/"},"author":{"name":"Yucat\u00e1n en Corto FC","@id":"https:\/\/www.yucatanencorto.com\/noticias\/#\/schema\/person\/14f82d355225a1f4075dd84a31f45a72"},"headline":"Se ejecuta orden de aprehensi\u00f3n contra 4 presuntos responsables de la muerte de un joven","datePublished":"2021-08-08T02:34:00+00:00","mainEntityOfPage":{"@id":"https:\/\/www.yucatanencorto.com\/noticias\/se-ejecuta-orden-de-aprehension-contra-4-presuntos-responsables-de-la-muerte-de-un-joven\/"},"wordCount":186,"image":{"@id":"https:\/\/www.yucatanencorto.com\/noticias\/se-ejecuta-orden-de-aprehension-contra-4-presuntos-responsables-de-la-muerte-de-un-joven\/#primaryimage"},"thumbnailUrl":"https:\/\/www.yucatanencorto.com\/noticias\/wp-content\/uploads\/2021\/08\/IMG_20210807_213422-scaled.jpg","articleSection":["Yucat\u00e1n"],"inLanguage":"es"},{"@type":"WebPage","@id":"https:\/\/www.yucatanencorto.com\/noticias\/se-ejecuta-orden-de-aprehension-contra-4-presuntos-responsables-de-la-muerte-de-un-joven\/","url":"https:\/\/www.yucatanencorto.com\/noticias\/se-ejecuta-orden-de-aprehension-contra-4-presuntos-responsables-de-la-muerte-de-un-joven\/","name":"Se ejecuta orden de aprehensi\u00f3n contra 4 presuntos responsables de la muerte de un joven - Yucat\u00e1n en corto","isPartOf":{"@id":"https:\/\/www.yucatanencorto.com\/noticias\/#website"},"primaryImageOfPage":{"@id":"https:\/\/www.yucatanencorto.com\/noticias\/se-ejecuta-orden-de-aprehension-contra-4-presuntos-responsables-de-la-muerte-de-un-joven\/#primaryimage"},"image":{"@id":"https:\/\/www.yucatanencorto.com\/noticias\/se-ejecuta-orden-de-aprehension-contra-4-presuntos-responsables-de-la-muerte-de-un-joven\/#primaryimage"},"thumbnailUrl":"https:\/\/www.yucatanencorto.com\/noticias\/wp-content\/uploads\/2021\/08\/IMG_20210807_213422-scaled.jpg","datePublished":"2021-08-08T02:34:00+00:00","author":{"@id":"https:\/\/www.yucatanencorto.com\/noticias\/#\/schema\/person\/14f82d355225a1f4075dd84a31f45a72"},"breadcrumb":{"@id":"https:\/\/www.yucatanencorto.com\/noticias\/se-ejecuta-orden-de-aprehension-contra-4-presuntos-responsables-de-la-muerte-de-un-joven\/#breadcrumb"},"inLanguage":"es","potentialAction":[{"@type":"ReadAction","target":["https:\/\/www.yucatanencorto.com\/noticias\/se-ejecuta-orden-de-aprehension-contra-4-presuntos-responsables-de-la-muerte-de-un-joven\/"]}]},{"@type":"ImageObject","inLanguage":"es","@id":"https:\/\/www.yucatanencorto.com\/noticias\/se-ejecuta-orden-de-aprehension-contra-4-presuntos-responsables-de-la-muerte-de-un-joven\/#primaryimage","url":"https:\/\/www.yucatanencorto.com\/noticias\/wp-content\/uploads\/2021\/08\/IMG_20210807_213422-scaled.jpg","contentUrl":"https:\/\/www.yucatanencorto.com\/noticias\/wp-content\/uploads\/2021\/08\/IMG_20210807_213422-scaled.jpg","width":768,"height":429},{"@type":"BreadcrumbList","@id":"https:\/\/www.yucatanencorto.com\/noticias\/se-ejecuta-orden-de-aprehension-contra-4-presuntos-responsables-de-la-muerte-de-un-joven\/#breadcrumb","itemListElement":[{"@type":"ListItem","position":1,"name":"Portada","item":"https:\/\/www.yucatanencorto.com\/noticias\/"},{"@type":"ListItem","position":2,"name":"Se ejecuta orden de aprehensi\u00f3n contra 4 presuntos responsables de la muerte de un joven"}]},{"@type":"WebSite","@id":"https:\/\/www.yucatanencorto.com\/noticias\/#website","url":"https:\/\/www.yucatanencorto.com\/noticias\/","name":"Yucat\u00e1n en corto","description":"Noticias","potentialAction":[{"@type":"SearchAction","target":{"@type":"EntryPoint","urlTemplate":"https:\/\/www.yucatanencorto.com\/noticias\/?s={search_term_string}"},"query-input":{"@type":"PropertyValueSpecification","valueRequired":true,"valueName":"search_term_string"}}],"inLanguage":"es"},{"@type":"Person","@id":"https:\/\/www.yucatanencorto.com\/noticias\/#\/schema\/person\/14f82d355225a1f4075dd84a31f45a72","name":"Yucat\u00e1n en Corto FC","image":{"@type":"ImageObject","inLanguage":"es","@id":"https:\/\/secure.gravatar.com\/avatar\/147d4b30cd728c53c29c49a3f7834dedca33707f4cd259761355846009a88250?s=96&d=mm&r=g","url":"https:\/\/secure.gravatar.com\/avatar\/147d4b30cd728c53c29c49a3f7834dedca33707f4cd259761355846009a88250?s=96&d=mm&r=g","contentUrl":"https:\/\/secure.gravatar.com\/avatar\/147d4b30cd728c53c29c49a3f7834dedca33707f4cd259761355846009a88250?s=96&d=mm&r=g","caption":"Yucat\u00e1n en Corto FC"},"url":"https:\/\/www.yucatanencorto.com\/noticias\/author\/flor\/"}]}},"_links":{"self":[{"href":"https:\/\/www.yucatanencorto.com\/noticias\/wp-json\/wp\/v2\/posts\/85504","targetHints":{"allow":["GET"]}}],"collection":[{"href":"https:\/\/www.yucatanencorto.com\/noticias\/wp-json\/wp\/v2\/posts"}],"about":[{"href":"https:\/\/www.yucatanencorto.com\/noticias\/wp-json\/wp\/v2\/types\/post"}],"author":[{"embeddable":true,"href":"https:\/\/www.yucatanencorto.com\/noticias\/wp-json\/wp\/v2\/users\/2"}],"replies":[{"embeddable":true,"href":"https:\/\/www.yucatanencorto.com\/noticias\/wp-json\/wp\/v2\/comments?post=85504"}],"version-history":[{"count":0,"href":"https:\/\/www.yucatanencorto.com\/noticias\/wp-json\/wp\/v2\/posts\/85504\/revisions"}],"wp:featuredmedia":[{"embeddable":true,"href":"https:\/\/www.yucatanencorto.com\/noticias\/wp-json\/wp\/v2\/media\/85505"}],"wp:attachment":[{"href":"https:\/\/www.yucatanencorto.com\/noticias\/wp-json\/wp\/v2\/media?parent=85504"}],"wp:term":[{"taxonomy":"category","embeddable":true,"href":"https:\/\/www.yucatanencorto.com\/noticias\/wp-json\/wp\/v2\/categories?post=85504"},{"taxonomy":"post_tag","embeddable":true,"href":"https:\/\/www.yucatanencorto.com\/noticias\/wp-json\/wp\/v2\/tags?post=85504"}],"curies":[{"name":"wp","href":"https:\/\/api.w.org\/{rel}","templated":true}]}}