{"id":85516,"date":"2021-08-08T20:18:37","date_gmt":"2021-08-09T01:18:37","guid":{"rendered":"https:\/\/www.yucatanencorto.com\/noticias\/?p=85516"},"modified":"2021-08-08T20:18:37","modified_gmt":"2021-08-09T01:18:37","slug":"por-segunda-ocasion-la-iniciativa-yucatan-solidario-es-reconocida-por-la-onu-como-mejores-practicas-para-alcanzar-los-objetivos-de-desarrollo-sostenible","status":"publish","type":"post","link":"https:\/\/www.yucatanencorto.com\/noticias\/por-segunda-ocasion-la-iniciativa-yucatan-solidario-es-reconocida-por-la-onu-como-mejores-practicas-para-alcanzar-los-objetivos-de-desarrollo-sostenible\/","title":{"rendered":"Por segunda ocasi\u00f3n, la iniciativa Yucat\u00e1n Solidario es reconocida por la ONU como mejores pr\u00e1cticas para alcanzar los objetivos de desarrollo sostenible"},"content":{"rendered":"<p><img loading=\"lazy\" decoding=\"async\" class=\"alignnone size-full wp-image-85517\" src=\"https:\/\/www.yucatanencorto.com\/noticias\/wp-content\/uploads\/2021\/08\/IMG_20210808_201703-scaled.jpg\" alt=\"\" width=\"768\" height=\"565\" srcset=\"https:\/\/www.yucatanencorto.com\/noticias\/wp-content\/uploads\/2021\/08\/IMG_20210808_201703-scaled.jpg 768w, https:\/\/www.yucatanencorto.com\/noticias\/wp-content\/uploads\/2021\/08\/IMG_20210808_201703-696x512.jpg 696w, https:\/\/www.yucatanencorto.com\/noticias\/wp-content\/uploads\/2021\/08\/IMG_20210808_201703-571x420.jpg 571w, https:\/\/www.yucatanencorto.com\/noticias\/wp-content\/uploads\/2021\/08\/IMG_20210808_201703-80x60.jpg 80w\" sizes=\"auto, (max-width: 768px) 100vw, 768px\" \/><\/p>\n<p>&nbsp;<\/p>\n<p>Por segundo a\u00f1o, la iniciativa Yucat\u00e1n Solidario, que impulsan el Gobierno de Mauricio Vila Dosal en coordinaci\u00f3n con asociaciones civiles y empresas, fue reconocida por el Departamento de Asuntos Econ\u00f3micos y Sociales de la Organizaci\u00f3n de las Naciones Unidas (UNDESA) como mejores pr\u00e1cticas que est\u00e1n mostrando resultados en el alcance de los Objetivos de Desarrollo Sostenible (ODS) y que puede ser replicadas internacionalmente para el cumplimiento de la Agenda 2030.<\/p>\n<p>Yucat\u00e1n Solidario, junto con otras 3 iniciativas que se realizan en el estado, fueron destacadas por las Naciones Unidas por tener una gran adaptabilidad para ser replicadas y tener un impacto a nivel internacional durante la Segunda Convocatoria Abierta de Buenas Pr\u00e1cticas, Historias de \u00c9xito y Lecciones Aprendidas de los ODS en la Implementaci\u00f3n de la Agenda 2030.<\/p>\n<p>El objetivo de esta convocatoria fue recopilar avances e historias de \u00e9xito inspiradores y varias buenas pr\u00e1cticas se pueden replicar y ampliar para abordar las brechas y limitaciones existentes. Compartir todas estas experiencias locales a escala global es fundamental para apoyar los esfuerzos de recuperaci\u00f3n de la pandemia de COVID-19 y acelerar el progreso hacia la D\u00e9cada de Acci\u00f3n para cumplir los ODS.<\/p>\n<p>Estos reconocimientos destacan que las y los yucatecos han adoptado un papel fundamental en el desarrollo y reconstrucci\u00f3n del estado y que a trav\u00e9s de las iniciativas multiactor como \u201cYucat\u00e1n Solidario\u201d impulsada por el Gobierno del Estado se entrelazaron alianzas con todos los sectores de la sociedad quienes, desde sus trincheras, han luchado como uno solo, sumando sus esfuerzos para hacer frente a la contingencia.<\/p>\n<p>Eso demuestra que las bases s\u00f3lidas y las alianzas forjadas en el marco de la implementaci\u00f3n y localizaci\u00f3n de la Agenda 2030 en el estado han sido de vital importancia para fortalecer estos v\u00ednculos de esperanza y apoyo.<\/p>\n<p>Cabe recordar que, Yucat\u00e1n Solidario fue reconocido el a\u00f1o pasado por las Naciones Unidas con el Premio a la Solidaridad en Acci\u00f3n por ser una de las acciones m\u00e1s destacadas en el mundo para hacer frente a la pandemia del Coronavirus, al reunir los esfuerzos de los diversos sectores sociales y convertir a los yucatecos en los principales actores del desarrollo y reconstrucci\u00f3n del estado.<\/p>\n<p>En esa ocasi\u00f3n, la ONU reconoci\u00f3 la solidaridad y determinaci\u00f3n demostrada por Yucat\u00e1n y los yucatecos para impulsar colectivamente un mundo mejor para todos, al tiempo que fue calificada como una estrategia inspiradora para el mundo ante los tiempos de pandemia.<\/p>\n<p>Estos reconocimientos nos demuestran una vez m\u00e1s que trabajando unidos, Gobierno estatal, municipios y sociedad civil, podemos fortalecer la posici\u00f3n de Yucat\u00e1n a nivel nacional e internacional como un estado comprometido con el Desarrollo Sustentable y que es ejemplo en el alcance y cumplimiento de los ODS y la Agenda 2030.<\/p>\n","protected":false},"excerpt":{"rendered":"<p>&nbsp; Por segundo a\u00f1o, la iniciativa Yucat\u00e1n Solidario, que impulsan el Gobierno de Mauricio Vila Dosal en coordinaci\u00f3n con asociaciones civiles y empresas, fue reconocida por el Departamento de Asuntos Econ\u00f3micos y Sociales de la Organizaci\u00f3n de las Naciones Unidas (UNDESA) como mejores pr\u00e1cticas que est\u00e1n mostrando resultados en el alcance de los Objetivos de [&hellip;]<\/p>\n","protected":false},"author":2,"featured_media":85517,"comment_status":"closed","ping_status":"closed","sticky":false,"template":"","format":"standard","meta":{"footnotes":""},"categories":[2],"tags":[],"class_list":{"0":"post-85516","1":"post","2":"type-post","3":"status-publish","4":"format-standard","5":"has-post-thumbnail","7":"category-merida"},"yoast_head":"<!-- This site is optimized with the Yoast SEO plugin v27.4 - https:\/\/yoast.com\/product\/yoast-seo-wordpress\/ -->\n<title>Por segunda ocasi\u00f3n, la iniciativa Yucat\u00e1n Solidario es reconocida por la ONU como mejores pr\u00e1cticas para alcanzar los objetivos de desarrollo sostenible - Yucat\u00e1n en corto<\/title>\n<meta name=\"robots\" content=\"index, follow, max-snippet:-1, max-image-preview:large, max-video-preview:-1\" \/>\n<link rel=\"canonical\" href=\"https:\/\/www.yucatanencorto.com\/noticias\/por-segunda-ocasion-la-iniciativa-yucatan-solidario-es-reconocida-por-la-onu-como-mejores-practicas-para-alcanzar-los-objetivos-de-desarrollo-sostenible\/\" \/>\n<meta property=\"og:locale\" content=\"es_ES\" \/>\n<meta property=\"og:type\" content=\"article\" \/>\n<meta property=\"og:title\" content=\"Por segunda ocasi\u00f3n, la iniciativa Yucat\u00e1n Solidario es reconocida por la ONU como mejores pr\u00e1cticas para alcanzar los objetivos de desarrollo sostenible - Yucat\u00e1n en corto\" \/>\n<meta property=\"og:description\" content=\"&nbsp; Por segundo a\u00f1o, la iniciativa Yucat\u00e1n Solidario, que impulsan el Gobierno de Mauricio Vila Dosal en coordinaci\u00f3n con asociaciones civiles y empresas, fue reconocida por el Departamento de Asuntos Econ\u00f3micos y Sociales de la Organizaci\u00f3n de las Naciones Unidas (UNDESA) como mejores pr\u00e1cticas que est\u00e1n mostrando resultados en el alcance de los Objetivos de [&hellip;]\" \/>\n<meta property=\"og:url\" content=\"https:\/\/www.yucatanencorto.com\/noticias\/por-segunda-ocasion-la-iniciativa-yucatan-solidario-es-reconocida-por-la-onu-como-mejores-practicas-para-alcanzar-los-objetivos-de-desarrollo-sostenible\/\" \/>\n<meta property=\"og:site_name\" content=\"Yucat\u00e1n en corto\" \/>\n<meta property=\"article:publisher\" content=\"http:\/\/www.facebook.com\/yucatanencorto\" \/>\n<meta property=\"article:published_time\" content=\"2021-08-09T01:18:37+00:00\" \/>\n<meta property=\"og:image\" content=\"https:\/\/www.yucatanencorto.com\/noticias\/wp-content\/uploads\/2021\/08\/IMG_20210808_201703-scaled.jpg\" \/>\n\t<meta property=\"og:image:width\" content=\"768\" \/>\n\t<meta property=\"og:image:height\" content=\"565\" \/>\n\t<meta property=\"og:image:type\" content=\"image\/jpeg\" \/>\n<meta name=\"author\" content=\"Yucat\u00e1n en Corto FC\" \/>\n<meta name=\"twitter:card\" content=\"summary_large_image\" \/>\n<meta name=\"twitter:creator\" content=\"@yucatanencorto\" \/>\n<meta name=\"twitter:site\" content=\"@yucatanencorto\" \/>\n<meta name=\"twitter:label1\" content=\"Escrito por\" \/>\n\t<meta name=\"twitter:data1\" content=\"Yucat\u00e1n en Corto FC\" \/>\n\t<meta name=\"twitter:label2\" content=\"Tiempo de lectura\" \/>\n\t<meta name=\"twitter:data2\" content=\"3 minutos\" \/>\n<script type=\"application\/ld+json\" class=\"yoast-schema-graph\">{\"@context\":\"https:\\\/\\\/schema.org\",\"@graph\":[{\"@type\":\"Article\",\"@id\":\"https:\\\/\\\/www.yucatanencorto.com\\\/noticias\\\/por-segunda-ocasion-la-iniciativa-yucatan-solidario-es-reconocida-por-la-onu-como-mejores-practicas-para-alcanzar-los-objetivos-de-desarrollo-sostenible\\\/#article\",\"isPartOf\":{\"@id\":\"https:\\\/\\\/www.yucatanencorto.com\\\/noticias\\\/por-segunda-ocasion-la-iniciativa-yucatan-solidario-es-reconocida-por-la-onu-como-mejores-practicas-para-alcanzar-los-objetivos-de-desarrollo-sostenible\\\/\"},\"author\":{\"name\":\"Yucat\u00e1n en Corto FC\",\"@id\":\"https:\\\/\\\/www.yucatanencorto.com\\\/noticias\\\/#\\\/schema\\\/person\\\/14f82d355225a1f4075dd84a31f45a72\"},\"headline\":\"Por segunda ocasi\u00f3n, la iniciativa Yucat\u00e1n Solidario es reconocida por la ONU como mejores pr\u00e1cticas para alcanzar los objetivos de desarrollo sostenible\",\"datePublished\":\"2021-08-09T01:18:37+00:00\",\"mainEntityOfPage\":{\"@id\":\"https:\\\/\\\/www.yucatanencorto.com\\\/noticias\\\/por-segunda-ocasion-la-iniciativa-yucatan-solidario-es-reconocida-por-la-onu-como-mejores-practicas-para-alcanzar-los-objetivos-de-desarrollo-sostenible\\\/\"},\"wordCount\":504,\"image\":{\"@id\":\"https:\\\/\\\/www.yucatanencorto.com\\\/noticias\\\/por-segunda-ocasion-la-iniciativa-yucatan-solidario-es-reconocida-por-la-onu-como-mejores-practicas-para-alcanzar-los-objetivos-de-desarrollo-sostenible\\\/#primaryimage\"},\"thumbnailUrl\":\"https:\\\/\\\/www.yucatanencorto.com\\\/noticias\\\/wp-content\\\/uploads\\\/2021\\\/08\\\/IMG_20210808_201703-scaled.jpg\",\"articleSection\":[\"M\u00e9rida\"],\"inLanguage\":\"es\"},{\"@type\":\"WebPage\",\"@id\":\"https:\\\/\\\/www.yucatanencorto.com\\\/noticias\\\/por-segunda-ocasion-la-iniciativa-yucatan-solidario-es-reconocida-por-la-onu-como-mejores-practicas-para-alcanzar-los-objetivos-de-desarrollo-sostenible\\\/\",\"url\":\"https:\\\/\\\/www.yucatanencorto.com\\\/noticias\\\/por-segunda-ocasion-la-iniciativa-yucatan-solidario-es-reconocida-por-la-onu-como-mejores-practicas-para-alcanzar-los-objetivos-de-desarrollo-sostenible\\\/\",\"name\":\"Por segunda ocasi\u00f3n, la iniciativa Yucat\u00e1n Solidario es reconocida por la ONU como mejores pr\u00e1cticas para alcanzar los objetivos de desarrollo sostenible - Yucat\u00e1n en corto\",\"isPartOf\":{\"@id\":\"https:\\\/\\\/www.yucatanencorto.com\\\/noticias\\\/#website\"},\"primaryImageOfPage\":{\"@id\":\"https:\\\/\\\/www.yucatanencorto.com\\\/noticias\\\/por-segunda-ocasion-la-iniciativa-yucatan-solidario-es-reconocida-por-la-onu-como-mejores-practicas-para-alcanzar-los-objetivos-de-desarrollo-sostenible\\\/#primaryimage\"},\"image\":{\"@id\":\"https:\\\/\\\/www.yucatanencorto.com\\\/noticias\\\/por-segunda-ocasion-la-iniciativa-yucatan-solidario-es-reconocida-por-la-onu-como-mejores-practicas-para-alcanzar-los-objetivos-de-desarrollo-sostenible\\\/#primaryimage\"},\"thumbnailUrl\":\"https:\\\/\\\/www.yucatanencorto.com\\\/noticias\\\/wp-content\\\/uploads\\\/2021\\\/08\\\/IMG_20210808_201703-scaled.jpg\",\"datePublished\":\"2021-08-09T01:18:37+00:00\",\"author\":{\"@id\":\"https:\\\/\\\/www.yucatanencorto.com\\\/noticias\\\/#\\\/schema\\\/person\\\/14f82d355225a1f4075dd84a31f45a72\"},\"breadcrumb\":{\"@id\":\"https:\\\/\\\/www.yucatanencorto.com\\\/noticias\\\/por-segunda-ocasion-la-iniciativa-yucatan-solidario-es-reconocida-por-la-onu-como-mejores-practicas-para-alcanzar-los-objetivos-de-desarrollo-sostenible\\\/#breadcrumb\"},\"inLanguage\":\"es\",\"potentialAction\":[{\"@type\":\"ReadAction\",\"target\":[\"https:\\\/\\\/www.yucatanencorto.com\\\/noticias\\\/por-segunda-ocasion-la-iniciativa-yucatan-solidario-es-reconocida-por-la-onu-como-mejores-practicas-para-alcanzar-los-objetivos-de-desarrollo-sostenible\\\/\"]}]},{\"@type\":\"ImageObject\",\"inLanguage\":\"es\",\"@id\":\"https:\\\/\\\/www.yucatanencorto.com\\\/noticias\\\/por-segunda-ocasion-la-iniciativa-yucatan-solidario-es-reconocida-por-la-onu-como-mejores-practicas-para-alcanzar-los-objetivos-de-desarrollo-sostenible\\\/#primaryimage\",\"url\":\"https:\\\/\\\/www.yucatanencorto.com\\\/noticias\\\/wp-content\\\/uploads\\\/2021\\\/08\\\/IMG_20210808_201703-scaled.jpg\",\"contentUrl\":\"https:\\\/\\\/www.yucatanencorto.com\\\/noticias\\\/wp-content\\\/uploads\\\/2021\\\/08\\\/IMG_20210808_201703-scaled.jpg\",\"width\":768,\"height\":565},{\"@type\":\"BreadcrumbList\",\"@id\":\"https:\\\/\\\/www.yucatanencorto.com\\\/noticias\\\/por-segunda-ocasion-la-iniciativa-yucatan-solidario-es-reconocida-por-la-onu-como-mejores-practicas-para-alcanzar-los-objetivos-de-desarrollo-sostenible\\\/#breadcrumb\",\"itemListElement\":[{\"@type\":\"ListItem\",\"position\":1,\"name\":\"Portada\",\"item\":\"https:\\\/\\\/www.yucatanencorto.com\\\/noticias\\\/\"},{\"@type\":\"ListItem\",\"position\":2,\"name\":\"Por segunda ocasi\u00f3n, la iniciativa Yucat\u00e1n Solidario es reconocida por la ONU como mejores pr\u00e1cticas para alcanzar los objetivos de desarrollo sostenible\"}]},{\"@type\":\"WebSite\",\"@id\":\"https:\\\/\\\/www.yucatanencorto.com\\\/noticias\\\/#website\",\"url\":\"https:\\\/\\\/www.yucatanencorto.com\\\/noticias\\\/\",\"name\":\"Yucat\u00e1n en corto\",\"description\":\"Noticias\",\"potentialAction\":[{\"@type\":\"SearchAction\",\"target\":{\"@type\":\"EntryPoint\",\"urlTemplate\":\"https:\\\/\\\/www.yucatanencorto.com\\\/noticias\\\/?s={search_term_string}\"},\"query-input\":{\"@type\":\"PropertyValueSpecification\",\"valueRequired\":true,\"valueName\":\"search_term_string\"}}],\"inLanguage\":\"es\"},{\"@type\":\"Person\",\"@id\":\"https:\\\/\\\/www.yucatanencorto.com\\\/noticias\\\/#\\\/schema\\\/person\\\/14f82d355225a1f4075dd84a31f45a72\",\"name\":\"Yucat\u00e1n en Corto FC\",\"image\":{\"@type\":\"ImageObject\",\"inLanguage\":\"es\",\"@id\":\"https:\\\/\\\/secure.gravatar.com\\\/avatar\\\/147d4b30cd728c53c29c49a3f7834dedca33707f4cd259761355846009a88250?s=96&d=mm&r=g\",\"url\":\"https:\\\/\\\/secure.gravatar.com\\\/avatar\\\/147d4b30cd728c53c29c49a3f7834dedca33707f4cd259761355846009a88250?s=96&d=mm&r=g\",\"contentUrl\":\"https:\\\/\\\/secure.gravatar.com\\\/avatar\\\/147d4b30cd728c53c29c49a3f7834dedca33707f4cd259761355846009a88250?s=96&d=mm&r=g\",\"caption\":\"Yucat\u00e1n en Corto FC\"},\"url\":\"https:\\\/\\\/www.yucatanencorto.com\\\/noticias\\\/author\\\/flor\\\/\"}]}<\/script>\n<!-- \/ Yoast SEO plugin. -->","yoast_head_json":{"title":"Por segunda ocasi\u00f3n, la iniciativa Yucat\u00e1n Solidario es reconocida por la ONU como mejores pr\u00e1cticas para alcanzar los objetivos de desarrollo sostenible - Yucat\u00e1n en corto","robots":{"index":"index","follow":"follow","max-snippet":"max-snippet:-1","max-image-preview":"max-image-preview:large","max-video-preview":"max-video-preview:-1"},"canonical":"https:\/\/www.yucatanencorto.com\/noticias\/por-segunda-ocasion-la-iniciativa-yucatan-solidario-es-reconocida-por-la-onu-como-mejores-practicas-para-alcanzar-los-objetivos-de-desarrollo-sostenible\/","og_locale":"es_ES","og_type":"article","og_title":"Por segunda ocasi\u00f3n, la iniciativa Yucat\u00e1n Solidario es reconocida por la ONU como mejores pr\u00e1cticas para alcanzar los objetivos de desarrollo sostenible - Yucat\u00e1n en corto","og_description":"&nbsp; Por segundo a\u00f1o, la iniciativa Yucat\u00e1n Solidario, que impulsan el Gobierno de Mauricio Vila Dosal en coordinaci\u00f3n con asociaciones civiles y empresas, fue reconocida por el Departamento de Asuntos Econ\u00f3micos y Sociales de la Organizaci\u00f3n de las Naciones Unidas (UNDESA) como mejores pr\u00e1cticas que est\u00e1n mostrando resultados en el alcance de los Objetivos de [&hellip;]","og_url":"https:\/\/www.yucatanencorto.com\/noticias\/por-segunda-ocasion-la-iniciativa-yucatan-solidario-es-reconocida-por-la-onu-como-mejores-practicas-para-alcanzar-los-objetivos-de-desarrollo-sostenible\/","og_site_name":"Yucat\u00e1n en corto","article_publisher":"http:\/\/www.facebook.com\/yucatanencorto","article_published_time":"2021-08-09T01:18:37+00:00","og_image":[{"width":768,"height":565,"url":"https:\/\/www.yucatanencorto.com\/noticias\/wp-content\/uploads\/2021\/08\/IMG_20210808_201703-scaled.jpg","type":"image\/jpeg"}],"author":"Yucat\u00e1n en Corto FC","twitter_card":"summary_large_image","twitter_creator":"@yucatanencorto","twitter_site":"@yucatanencorto","twitter_misc":{"Escrito por":"Yucat\u00e1n en Corto FC","Tiempo de lectura":"3 minutos"},"schema":{"@context":"https:\/\/schema.org","@graph":[{"@type":"Article","@id":"https:\/\/www.yucatanencorto.com\/noticias\/por-segunda-ocasion-la-iniciativa-yucatan-solidario-es-reconocida-por-la-onu-como-mejores-practicas-para-alcanzar-los-objetivos-de-desarrollo-sostenible\/#article","isPartOf":{"@id":"https:\/\/www.yucatanencorto.com\/noticias\/por-segunda-ocasion-la-iniciativa-yucatan-solidario-es-reconocida-por-la-onu-como-mejores-practicas-para-alcanzar-los-objetivos-de-desarrollo-sostenible\/"},"author":{"name":"Yucat\u00e1n en Corto FC","@id":"https:\/\/www.yucatanencorto.com\/noticias\/#\/schema\/person\/14f82d355225a1f4075dd84a31f45a72"},"headline":"Por segunda ocasi\u00f3n, la iniciativa Yucat\u00e1n Solidario es reconocida por la ONU como mejores pr\u00e1cticas para alcanzar los objetivos de desarrollo sostenible","datePublished":"2021-08-09T01:18:37+00:00","mainEntityOfPage":{"@id":"https:\/\/www.yucatanencorto.com\/noticias\/por-segunda-ocasion-la-iniciativa-yucatan-solidario-es-reconocida-por-la-onu-como-mejores-practicas-para-alcanzar-los-objetivos-de-desarrollo-sostenible\/"},"wordCount":504,"image":{"@id":"https:\/\/www.yucatanencorto.com\/noticias\/por-segunda-ocasion-la-iniciativa-yucatan-solidario-es-reconocida-por-la-onu-como-mejores-practicas-para-alcanzar-los-objetivos-de-desarrollo-sostenible\/#primaryimage"},"thumbnailUrl":"https:\/\/www.yucatanencorto.com\/noticias\/wp-content\/uploads\/2021\/08\/IMG_20210808_201703-scaled.jpg","articleSection":["M\u00e9rida"],"inLanguage":"es"},{"@type":"WebPage","@id":"https:\/\/www.yucatanencorto.com\/noticias\/por-segunda-ocasion-la-iniciativa-yucatan-solidario-es-reconocida-por-la-onu-como-mejores-practicas-para-alcanzar-los-objetivos-de-desarrollo-sostenible\/","url":"https:\/\/www.yucatanencorto.com\/noticias\/por-segunda-ocasion-la-iniciativa-yucatan-solidario-es-reconocida-por-la-onu-como-mejores-practicas-para-alcanzar-los-objetivos-de-desarrollo-sostenible\/","name":"Por segunda ocasi\u00f3n, la iniciativa Yucat\u00e1n Solidario es reconocida por la ONU como mejores pr\u00e1cticas para alcanzar los objetivos de desarrollo sostenible - Yucat\u00e1n en corto","isPartOf":{"@id":"https:\/\/www.yucatanencorto.com\/noticias\/#website"},"primaryImageOfPage":{"@id":"https:\/\/www.yucatanencorto.com\/noticias\/por-segunda-ocasion-la-iniciativa-yucatan-solidario-es-reconocida-por-la-onu-como-mejores-practicas-para-alcanzar-los-objetivos-de-desarrollo-sostenible\/#primaryimage"},"image":{"@id":"https:\/\/www.yucatanencorto.com\/noticias\/por-segunda-ocasion-la-iniciativa-yucatan-solidario-es-reconocida-por-la-onu-como-mejores-practicas-para-alcanzar-los-objetivos-de-desarrollo-sostenible\/#primaryimage"},"thumbnailUrl":"https:\/\/www.yucatanencorto.com\/noticias\/wp-content\/uploads\/2021\/08\/IMG_20210808_201703-scaled.jpg","datePublished":"2021-08-09T01:18:37+00:00","author":{"@id":"https:\/\/www.yucatanencorto.com\/noticias\/#\/schema\/person\/14f82d355225a1f4075dd84a31f45a72"},"breadcrumb":{"@id":"https:\/\/www.yucatanencorto.com\/noticias\/por-segunda-ocasion-la-iniciativa-yucatan-solidario-es-reconocida-por-la-onu-como-mejores-practicas-para-alcanzar-los-objetivos-de-desarrollo-sostenible\/#breadcrumb"},"inLanguage":"es","potentialAction":[{"@type":"ReadAction","target":["https:\/\/www.yucatanencorto.com\/noticias\/por-segunda-ocasion-la-iniciativa-yucatan-solidario-es-reconocida-por-la-onu-como-mejores-practicas-para-alcanzar-los-objetivos-de-desarrollo-sostenible\/"]}]},{"@type":"ImageObject","inLanguage":"es","@id":"https:\/\/www.yucatanencorto.com\/noticias\/por-segunda-ocasion-la-iniciativa-yucatan-solidario-es-reconocida-por-la-onu-como-mejores-practicas-para-alcanzar-los-objetivos-de-desarrollo-sostenible\/#primaryimage","url":"https:\/\/www.yucatanencorto.com\/noticias\/wp-content\/uploads\/2021\/08\/IMG_20210808_201703-scaled.jpg","contentUrl":"https:\/\/www.yucatanencorto.com\/noticias\/wp-content\/uploads\/2021\/08\/IMG_20210808_201703-scaled.jpg","width":768,"height":565},{"@type":"BreadcrumbList","@id":"https:\/\/www.yucatanencorto.com\/noticias\/por-segunda-ocasion-la-iniciativa-yucatan-solidario-es-reconocida-por-la-onu-como-mejores-practicas-para-alcanzar-los-objetivos-de-desarrollo-sostenible\/#breadcrumb","itemListElement":[{"@type":"ListItem","position":1,"name":"Portada","item":"https:\/\/www.yucatanencorto.com\/noticias\/"},{"@type":"ListItem","position":2,"name":"Por segunda ocasi\u00f3n, la iniciativa Yucat\u00e1n Solidario es reconocida por la ONU como mejores pr\u00e1cticas para alcanzar los objetivos de desarrollo sostenible"}]},{"@type":"WebSite","@id":"https:\/\/www.yucatanencorto.com\/noticias\/#website","url":"https:\/\/www.yucatanencorto.com\/noticias\/","name":"Yucat\u00e1n en corto","description":"Noticias","potentialAction":[{"@type":"SearchAction","target":{"@type":"EntryPoint","urlTemplate":"https:\/\/www.yucatanencorto.com\/noticias\/?s={search_term_string}"},"query-input":{"@type":"PropertyValueSpecification","valueRequired":true,"valueName":"search_term_string"}}],"inLanguage":"es"},{"@type":"Person","@id":"https:\/\/www.yucatanencorto.com\/noticias\/#\/schema\/person\/14f82d355225a1f4075dd84a31f45a72","name":"Yucat\u00e1n en Corto FC","image":{"@type":"ImageObject","inLanguage":"es","@id":"https:\/\/secure.gravatar.com\/avatar\/147d4b30cd728c53c29c49a3f7834dedca33707f4cd259761355846009a88250?s=96&d=mm&r=g","url":"https:\/\/secure.gravatar.com\/avatar\/147d4b30cd728c53c29c49a3f7834dedca33707f4cd259761355846009a88250?s=96&d=mm&r=g","contentUrl":"https:\/\/secure.gravatar.com\/avatar\/147d4b30cd728c53c29c49a3f7834dedca33707f4cd259761355846009a88250?s=96&d=mm&r=g","caption":"Yucat\u00e1n en Corto FC"},"url":"https:\/\/www.yucatanencorto.com\/noticias\/author\/flor\/"}]}},"_links":{"self":[{"href":"https:\/\/www.yucatanencorto.com\/noticias\/wp-json\/wp\/v2\/posts\/85516","targetHints":{"allow":["GET"]}}],"collection":[{"href":"https:\/\/www.yucatanencorto.com\/noticias\/wp-json\/wp\/v2\/posts"}],"about":[{"href":"https:\/\/www.yucatanencorto.com\/noticias\/wp-json\/wp\/v2\/types\/post"}],"author":[{"embeddable":true,"href":"https:\/\/www.yucatanencorto.com\/noticias\/wp-json\/wp\/v2\/users\/2"}],"replies":[{"embeddable":true,"href":"https:\/\/www.yucatanencorto.com\/noticias\/wp-json\/wp\/v2\/comments?post=85516"}],"version-history":[{"count":0,"href":"https:\/\/www.yucatanencorto.com\/noticias\/wp-json\/wp\/v2\/posts\/85516\/revisions"}],"wp:featuredmedia":[{"embeddable":true,"href":"https:\/\/www.yucatanencorto.com\/noticias\/wp-json\/wp\/v2\/media\/85517"}],"wp:attachment":[{"href":"https:\/\/www.yucatanencorto.com\/noticias\/wp-json\/wp\/v2\/media?parent=85516"}],"wp:term":[{"taxonomy":"category","embeddable":true,"href":"https:\/\/www.yucatanencorto.com\/noticias\/wp-json\/wp\/v2\/categories?post=85516"},{"taxonomy":"post_tag","embeddable":true,"href":"https:\/\/www.yucatanencorto.com\/noticias\/wp-json\/wp\/v2\/tags?post=85516"}],"curies":[{"name":"wp","href":"https:\/\/api.w.org\/{rel}","templated":true}]}}